{"id":9884,"date":"2024-02-29T08:00:00","date_gmt":"2024-02-29T07:00:00","guid":{"rendered":"https:\/\/www.ebroresilience.com\/?p=9884"},"modified":"2024-05-06T10:28:27","modified_gmt":"2024-05-06T08:28:27","slug":"ideas-and-proposals-from-the-territory-life-ebro-resilience-p1-opens-new-avenues-of-participation-on-the-use-of-land-in-el-senorio","status":"publish","type":"post","link":"https:\/\/www.ebroresilience.com\/en\/ideas-and-proposals-from-the-territory-life-ebro-resilience-p1-opens-new-avenues-of-participation-on-the-use-of-land-in-el-senorio\/","title":{"rendered":"Ideas and proposals from the territory: LIFE Ebro Resilience P1 opens new avenues of participation on the use of land in El Se\u00f1or\u00edo"},"content":{"rendered":"\t\t<div data-elementor-type=\"wp-post\" data-elementor-id=\"9884\" class=\"elementor elementor-9884 elementor-9876\" data-elementor-post-type=\"post\">\n\t\t\t\t\t\t<section class=\"elementor-section elementor-top-section elementor-element elementor-element-c51c7c3 elementor-section-boxed elementor-section-height-default elementor-section-height-default\" data-id=\"c51c7c3\" data-element_type=\"section\" data-e-type=\"section\">\n\t\t\t\t\t\t<div class=\"elementor-container elementor-column-gap-default\">\n\t\t\t\t\t<div class=\"elementor-column elementor-col-100 elementor-top-column elementor-element elementor-element-a3916a7\" data-id=\"a3916a7\" data-element_type=\"column\" data-e-type=\"column\">\n\t\t\t<div class=\"elementor-widget-wrap elementor-element-populated\">\n\t\t\t\t\t\t<div class=\"elementor-element elementor-element-19f4e8f elementor-widget elementor-widget-text-editor\" data-id=\"19f4e8f\" data-element_type=\"widget\" data-e-type=\"widget\" data-widget_type=\"text-editor.default\">\n\t\t\t\t<div class=\"elementor-widget-container\">\n\t\t\t\t\t\t\t\t\t<p>The LIFE Ebro Resilience P1 Project maintains its commitment to the participation of the riparian population in flood risk management. On March 6, the public forum &#8220;<strong>Future uses of land in the meander of El Se\u00f1or\u00edo, in Castej\u00f3n, Navarra<\/strong>&#8221; will be held.<\/p>\n<p>The objective is that individuals can submit their proposals for the future use of this meander that, thanks to the flood risk adaptation project, will recover its function as a natural space.<\/p>\n<p>The appointment is on <strong>Wednesday, March 6, at 6:00 p.m. at the Casa de Cultura de Castej\u00f3n, in Navarra (C\/ Juli\u00e1n Gayarre, n\u00ba 4) and the registration is open to all interested parties, and can be made <\/strong> through <a href=\"https:\/\/forms.gle\/SqZE5JFiLdka8rHTA\"><br \/>\n  <strong>THIS LINK.<\/strong><br \/>\n<\/a><\/p>\n<p>LIFE Ebro Resilience P1 maintains its commitment to new ways of social participation and involvement of the riparian population in the resilience of the middle stretch of the Ebro. The ideas provided must comply with the applicable regulations in the area and the spatial planning.<\/p>\n<p>This action  <strong>joins the public day and the visit of the technical and participation teams of LIFE Ebro Resilience P1 at the end of 2023.<\/strong>  to inform the population of the area and all those interested about the morphological adaptation of the meander of El Se\u00f1or\u00edo, activities that were very well received.<\/p>\n<p>In addition, the forum <strong>follows the same line as the one carried out to define land uses in another upstream meander, that of La Roza, in Alfaro, La Rioja<\/strong>, included in the same intervention section as El Se\u00f1or\u00edo. In this case, the morphological adaptation works have already been completed, which have involved the recovery of 22 hectares of river space, and the environmental restoration is well advanced.  <\/p>\n\t\t\t\t\t\t\t\t<\/div>\n\t\t\t\t<\/div>\n\t\t\t\t\t<\/div>\n\t\t<\/div>\n\t\t\t\t\t<\/div>\n\t\t<\/section>\n\t\t\t\t<section class=\"elementor-section elementor-top-section elementor-element elementor-element-8685376 elementor-section-boxed elementor-section-height-default elementor-section-height-default\" data-id=\"8685376\" data-element_type=\"section\" data-e-type=\"section\">\n\t\t\t\t\t\t<div class=\"elementor-container elementor-column-gap-default\">\n\t\t\t\t\t<div class=\"elementor-column elementor-col-100 elementor-top-column elementor-element elementor-element-4c88068\" data-id=\"4c88068\" data-element_type=\"column\" data-e-type=\"column\">\n\t\t\t<div class=\"elementor-widget-wrap elementor-element-populated\">\n\t\t\t\t\t\t<div class=\"elementor-element elementor-element-0f5ce85 elementor-widget elementor-widget-image\" data-id=\"0f5ce85\" data-element_type=\"widget\" data-e-type=\"widget\" data-widget_type=\"image.default\">\n\t\t\t\t<div class=\"elementor-widget-container\">\n\t\t\t\t\t\t\t\t\t\t\t\t\t\t\t<img fetchpriority=\"high\" decoding=\"async\" width=\"768\" height=\"576\" src=\"https:\/\/www.ebroresilience.com\/wp-content\/uploads\/2024\/02\/20240306-jornada-usos-futuros-El-Senorio-Cartel-1219-x-914-cm-768x576.png\" class=\"attachment-medium_large size-medium_large wp-image-9855\" alt=\"\" srcset=\"https:\/\/www.ebroresilience.com\/wp-content\/uploads\/2024\/02\/20240306-jornada-usos-futuros-El-Senorio-Cartel-1219-x-914-cm-768x576.png 768w, https:\/\/www.ebroresilience.com\/wp-content\/uploads\/2024\/02\/20240306-jornada-usos-futuros-El-Senorio-Cartel-1219-x-914-cm-300x225.png 300w, https:\/\/www.ebroresilience.com\/wp-content\/uploads\/2024\/02\/20240306-jornada-usos-futuros-El-Senorio-Cartel-1219-x-914-cm-1024x768.png 1024w, https:\/\/www.ebroresilience.com\/wp-content\/uploads\/2024\/02\/20240306-jornada-usos-futuros-El-Senorio-Cartel-1219-x-914-cm-1536x1152.png 1536w, https:\/\/www.ebroresilience.com\/wp-content\/uploads\/2024\/02\/20240306-jornada-usos-futuros-El-Senorio-Cartel-1219-x-914-cm-2048x1536.png 2048w, https:\/\/www.ebroresilience.com\/wp-content\/uploads\/2024\/02\/20240306-jornada-usos-futuros-El-Senorio-Cartel-1219-x-914-cm-195x146.png 195w, https:\/\/www.ebroresilience.com\/wp-content\/uploads\/2024\/02\/20240306-jornada-usos-futuros-El-Senorio-Cartel-1219-x-914-cm-50x38.png 50w, https:\/\/www.ebroresilience.com\/wp-content\/uploads\/2024\/02\/20240306-jornada-usos-futuros-El-Senorio-Cartel-1219-x-914-cm-100x75.png 100w, https:\/\/www.ebroresilience.com\/wp-content\/uploads\/2024\/02\/20240306-jornada-usos-futuros-El-Senorio-Cartel-1219-x-914-cm-960x720.png 960w\" sizes=\"(max-width:767px) 480px, (max-width:768px) 100vw, 768px\" \/>\t\t\t\t\t\t\t\t\t\t\t\t\t\t\t<\/div>\n\t\t\t\t<\/div>\n\t\t\t\t\t<\/div>\n\t\t<\/div>\n\t\t\t\t\t<\/div>\n\t\t<\/section>\n\t\t\t\t<section class=\"elementor-section elementor-top-section elementor-element elementor-element-ca8e10e elementor-section-boxed elementor-section-height-default elementor-section-height-default\" data-id=\"ca8e10e\" data-element_type=\"section\" data-e-type=\"section\">\n\t\t\t\t\t\t<div class=\"elementor-container elementor-column-gap-default\">\n\t\t\t\t\t<div class=\"elementor-column elementor-col-100 elementor-top-column elementor-element elementor-element-949a877\" data-id=\"949a877\" data-element_type=\"column\" data-e-type=\"column\">\n\t\t\t<div class=\"elementor-widget-wrap elementor-element-populated\">\n\t\t\t\t\t\t\t<\/div>\n\t\t<\/div>\n\t\t\t\t\t<\/div>\n\t\t<\/section>\n\t\t\t\t<section class=\"elementor-section elementor-top-section elementor-element elementor-element-4e7369b elementor-section-boxed elementor-section-height-default elementor-section-height-default\" data-id=\"4e7369b\" data-element_type=\"section\" data-e-type=\"section\">\n\t\t\t\t\t\t<div class=\"elementor-container elementor-column-gap-default\">\n\t\t\t\t\t<div class=\"elementor-column elementor-col-100 elementor-top-column elementor-element elementor-element-59109f8\" data-id=\"59109f8\" data-element_type=\"column\" data-e-type=\"column\">\n\t\t\t<div class=\"elementor-widget-wrap elementor-element-populated\">\n\t\t\t\t\t\t<div class=\"elementor-element elementor-element-2aed224 elementor-widget elementor-widget-text-editor\" data-id=\"2aed224\" data-element_type=\"widget\" data-e-type=\"widget\" data-widget_type=\"text-editor.default\">\n\t\t\t\t<div class=\"elementor-widget-container\">\n\t\t\t\t\t\t\t\t\t<p><strong>El Se\u00f1or\u00edo Project<\/strong><\/p>\n<p>The <strong>objectives<\/strong> del proyecto son <strong>reduce the risk of flooding<\/strong> throughout the entire stretch; <strong>return the meander to its natural functions<\/strong> in terms of the recovery of river dynamics and the evacuation of flows in flood situations, and to prevent deterioration, protect and <strong>improving the state of ecosystems<\/strong> aquatic, terrestrial and wetlands.<\/p>\n<p>To this end:<\/p>\n<ul>\n<li>The existing perimeter dike in the meander will be removed, with a length of 1.3 km.<\/li>\n<\/ul>\n<ul>\n<li>A relief channel will be created, an arm of the river that will improve the river&#8217;s capacity to evacuate flows in the section of the project.<\/li>\n<\/ul>\n<ul>\n<li>The environmental restoration of the meander will be carried out with plantations that promote and accelerate its natural revegetation; exotic plant species will be eliminated; the recovery of habitats for fauna species of interest and the inclusion of elements to bring the population closer to the river will be promoted.<\/li>\n<li>The natural enclaves preserved on the left bank will be connected, forming three ecological corridors that connect them with each other and with the Sotos de Alfaro Nature Reserve, located upstream, and the Ebro River ZEC, located downstream.<\/li>\n<\/ul>\n\t\t\t\t\t\t\t\t<\/div>\n\t\t\t\t<\/div>\n\t\t\t\t\t<\/div>\n\t\t<\/div>\n\t\t\t\t\t<\/div>\n\t\t<\/section>\n\t\t\t\t<section class=\"elementor-section elementor-top-section elementor-element elementor-element-5dc02c6 elementor-section-boxed elementor-section-height-default elementor-section-height-default\" data-id=\"5dc02c6\" data-element_type=\"section\" data-e-type=\"section\">\n\t\t\t\t\t\t<div class=\"elementor-container elementor-column-gap-default\">\n\t\t\t\t\t<div class=\"elementor-column elementor-col-100 elementor-top-column elementor-element elementor-element-3e1fd2a\" data-id=\"3e1fd2a\" data-element_type=\"column\" data-e-type=\"column\">\n\t\t\t<div class=\"elementor-widget-wrap elementor-element-populated\">\n\t\t\t\t\t\t<div class=\"elementor-element elementor-element-b5c536a elementor-widget elementor-widget-image\" data-id=\"b5c536a\" data-element_type=\"widget\" data-e-type=\"widget\" data-widget_type=\"image.default\">\n\t\t\t\t<div class=\"elementor-widget-container\">\n\t\t\t\t\t\t\t\t\t\t\t\t\t\t\t<img decoding=\"async\" width=\"1024\" height=\"572\" src=\"https:\/\/www.ebroresilience.com\/wp-content\/uploads\/2024\/02\/el-senorio-1024x572.png\" class=\"attachment-large size-large wp-image-9880\" alt=\"Plano de actuaci\u00f3n en El Se\u00f1or\u00edo, Castej\u00f3n, Navarra. Creaci\u00f3n de cauce de alivio y reconexi\u00f3n de antiguos brazos de r\u00edo.\" srcset=\"https:\/\/www.ebroresilience.com\/wp-content\/uploads\/2024\/02\/el-senorio-1024x572.png 1024w, https:\/\/www.ebroresilience.com\/wp-content\/uploads\/2024\/02\/el-senorio-300x168.png 300w, https:\/\/www.ebroresilience.com\/wp-content\/uploads\/2024\/02\/el-senorio-768x429.png 768w, https:\/\/www.ebroresilience.com\/wp-content\/uploads\/2024\/02\/el-senorio-260x146.png 260w, https:\/\/www.ebroresilience.com\/wp-content\/uploads\/2024\/02\/el-senorio-50x28.png 50w, https:\/\/www.ebroresilience.com\/wp-content\/uploads\/2024\/02\/el-senorio-134x75.png 134w, https:\/\/www.ebroresilience.com\/wp-content\/uploads\/2024\/02\/el-senorio.png 1104w\" sizes=\"(max-width:767px) 480px, (max-width:1024px) 100vw, 1024px\" \/>\t\t\t\t\t\t\t\t\t\t\t\t\t\t\t<\/div>\n\t\t\t\t<\/div>\n\t\t\t\t\t<\/div>\n\t\t<\/div>\n\t\t\t\t\t<\/div>\n\t\t<\/section>\n\t\t\t\t<section class=\"elementor-section elementor-top-section elementor-element elementor-element-10a92c6 elementor-section-boxed elementor-section-height-default elementor-section-height-default\" data-id=\"10a92c6\" data-element_type=\"section\" data-e-type=\"section\">\n\t\t\t\t\t\t<div class=\"elementor-container elementor-column-gap-default\">\n\t\t\t\t\t<div class=\"elementor-column elementor-col-100 elementor-top-column elementor-element elementor-element-937c5f9\" data-id=\"937c5f9\" data-element_type=\"column\" data-e-type=\"column\">\n\t\t\t<div class=\"elementor-widget-wrap elementor-element-populated\">\n\t\t\t\t\t\t<div class=\"elementor-element elementor-element-7d5ae3c elementor-widget elementor-widget-text-editor\" data-id=\"7d5ae3c\" data-element_type=\"widget\" data-e-type=\"widget\" data-widget_type=\"text-editor.default\">\n\t\t\t\t<div class=\"elementor-widget-container\">\n\t\t\t\t\t\t\t\t\t<p>The El Se\u00f1or\u00edo project is part of the first section of intervention of the LIFE Project, Zone 1, called <a href=\"https:\/\/www.youtube.com\/watch?v=aSLGsZ2ImoY\">&#8220;Combined Section of Actions&#8221;<\/a><strong> between Alfaro, in La Rioja and Castej\u00f3n, in Navarra,<\/strong> which consists of the implementation of a succession of natural water retention measures. These measures include: reconnection of meanders, relief channels, rehabilitation of lost river branches and recovery of river space such as flood plains.<\/p>\n<p>The LIFE Ebro Resilience P1 Project (LIFE20 ENV\/ES\/00327), approved by the European Commission in the LIFE 2020 call, covers three autonomous communities (La Rioja, Navarra and Arag\u00f3n), has a duration of 6 years and a total budget of 13,310,350 \u20ac, with 55% European funding.<\/p>\n<p>This Project is also an example of institutional coordination and cooperation in the intervention section, being its partners the Ministry for Ecological Transition and Demographic Challenge (MITECO), through its companies TRAGSA and TRAGSATEC; Ebro Hydrographic Confederation; Government of La Rioja; Government of Navarra, through Gesti\u00f3n Ambiental de Navarra, S.A. (GAN-NIK); Government of Arag\u00f3n and the Aragonese Water Institute.<\/p>\n\t\t\t\t\t\t\t\t<\/div>\n\t\t\t\t<\/div>\n\t\t\t\t\t<\/div>\n\t\t<\/div>\n\t\t\t\t\t<\/div>\n\t\t<\/section>\n\t\t\t\t<section class=\"elementor-section elementor-top-section elementor-element elementor-element-dba72da elementor-section-boxed elementor-section-height-default elementor-section-height-default\" data-id=\"dba72da\" data-element_type=\"section\" data-e-type=\"section\">\n\t\t\t\t\t\t<div class=\"elementor-container elementor-column-gap-default\">\n\t\t\t\t\t<div class=\"elementor-column elementor-col-100 elementor-top-column elementor-element elementor-element-fc94b41\" data-id=\"fc94b41\" data-element_type=\"column\" data-e-type=\"column\">\n\t\t\t<div class=\"elementor-widget-wrap elementor-element-populated\">\n\t\t\t\t\t\t<div class=\"elementor-element elementor-element-967009e elementor-widget elementor-widget-video\" data-id=\"967009e\" data-element_type=\"widget\" data-e-type=\"widget\" data-settings=\"{&quot;youtube_url&quot;:&quot;https:\\\/\\\/www.youtube.com\\\/watch?v=aSLGsZ2ImoY&amp;t=5s&quot;,&quot;video_type&quot;:&quot;youtube&quot;,&quot;controls&quot;:&quot;yes&quot;}\" data-widget_type=\"video.default\">\n\t\t\t\t<div class=\"elementor-widget-container\">\n\t\t\t\t\t\t\t<div class=\"elementor-wrapper elementor-open-inline\">\n\t\t\t<div class=\"elementor-video\"><\/div>\t\t<\/div>\n\t\t\t\t\t\t<\/div>\n\t\t\t\t<\/div>\n\t\t\t\t\t<\/div>\n\t\t<\/div>\n\t\t\t\t\t<\/div>\n\t\t<\/section>\n\t\t\t\t<\/div>\n\t\t","protected":false},"excerpt":{"rendered":"<p>The Project organizes an open forum on future uses in this meander that will recover its function as a natural space, a public activity that was also carried out to gather proposals in the meander of La Roza, in Alfaro.<\/p>\n","protected":false},"author":5,"featured_media":8448,"comment_status":"closed","ping_status":"closed","sticky":false,"template":"","format":"standard","meta":{"_acf_changed":false,"ngg_post_thumbnail":0,"footnotes":""},"categories":[377,369],"tags":[411,398,381,421,395,394],"class_list":["post-9884","post","type-post","status-publish","format-standard","has-post-thumbnail","hentry","category-life-en","category-news","tag-castejon-en","tag-flood","tag-life-ebro-resilience-p1-en","tag-navarra-en","tag-participation","tag-workshop"],"acf":[],"publishpress_future_action":{"enabled":false,"date":"2026-05-06 20:19:32","action":"change-status","newStatus":"draft","terms":[],"taxonomy":"category","extraData":[]},"publishpress_future_workflow_manual_trigger":{"enabledWorkflows":[]},"_links":{"self":[{"href":"https:\/\/www.ebroresilience.com\/en\/wp-json\/wp\/v2\/posts\/9884","targetHints":{"allow":["GET"]}}],"collection":[{"href":"https:\/\/www.ebroresilience.com\/en\/wp-json\/wp\/v2\/posts"}],"about":[{"href":"https:\/\/www.ebroresilience.com\/en\/wp-json\/wp\/v2\/types\/post"}],"author":[{"embeddable":true,"href":"https:\/\/www.ebroresilience.com\/en\/wp-json\/wp\/v2\/users\/5"}],"replies":[{"embeddable":true,"href":"https:\/\/www.ebroresilience.com\/en\/wp-json\/wp\/v2\/comments?post=9884"}],"version-history":[{"count":2,"href":"https:\/\/www.ebroresilience.com\/en\/wp-json\/wp\/v2\/posts\/9884\/revisions"}],"predecessor-version":[{"id":9886,"href":"https:\/\/www.ebroresilience.com\/en\/wp-json\/wp\/v2\/posts\/9884\/revisions\/9886"}],"wp:featuredmedia":[{"embeddable":true,"href":"https:\/\/www.ebroresilience.com\/en\/wp-json\/wp\/v2\/media\/8448"}],"wp:attachment":[{"href":"https:\/\/www.ebroresilience.com\/en\/wp-json\/wp\/v2\/media?parent=9884"}],"wp:term":[{"taxonomy":"category","embeddable":true,"href":"https:\/\/www.ebroresilience.com\/en\/wp-json\/wp\/v2\/categories?post=9884"},{"taxonomy":"post_tag","embeddable":true,"href":"https:\/\/www.ebroresilience.com\/en\/wp-json\/wp\/v2\/tags?post=9884"}],"curies":[{"name":"wp","href":"https:\/\/api.w.org\/{rel}","templated":true}]}}