{"id":9699,"date":"2024-02-09T11:11:00","date_gmt":"2024-02-09T10:11:00","guid":{"rendered":"https:\/\/www.ebroresilience.com\/?p=9699"},"modified":"2024-02-12T12:02:33","modified_gmt":"2024-02-12T11:02:33","slug":"la-roza-environmental-restoration-underway-last-step-to-complete-the-life-intervention-in-this-meander","status":"publish","type":"post","link":"https:\/\/www.ebroresilience.com\/en\/la-roza-environmental-restoration-underway-last-step-to-complete-the-life-intervention-in-this-meander\/","title":{"rendered":"La Roza environmental restoration underway, last step to complete the LIFE intervention in this meander"},"content":{"rendered":"\t\t<div data-elementor-type=\"wp-post\" data-elementor-id=\"9699\" class=\"elementor elementor-9699 elementor-9669\" data-elementor-post-type=\"post\">\n\t\t\t\t\t\t<section class=\"elementor-section elementor-top-section elementor-element elementor-element-0d390a2 elementor-section-boxed elementor-section-height-default elementor-section-height-default\" data-id=\"0d390a2\" data-element_type=\"section\" data-e-type=\"section\">\n\t\t\t\t\t\t<div class=\"elementor-container elementor-column-gap-default\">\n\t\t\t\t\t<div class=\"elementor-column elementor-col-100 elementor-top-column elementor-element elementor-element-74a6885\" data-id=\"74a6885\" data-element_type=\"column\" data-e-type=\"column\">\n\t\t\t<div class=\"elementor-widget-wrap elementor-element-populated\">\n\t\t\t\t\t\t<div class=\"elementor-element elementor-element-6971560 elementor-widget elementor-widget-text-editor\" data-id=\"6971560\" data-element_type=\"widget\" data-e-type=\"widget\" data-widget_type=\"text-editor.default\">\n\t\t\t\t<div class=\"elementor-widget-container\">\n\t\t\t\t\t\t\t\t\t<p>The LIFE Ebro Resilience P1 project is closer to completing one of its first milestones. The environmental restoration of the meander of La Roza, in Alfaro, La Rioja, is already underway, an intervention that adds to the already completed morphological adaptation of the Ebro in this area and which has made it possible to recover 22 hectares of river space, a nature-based measure to reduce the risk of flooding.<\/p>\n<p>The environmental restoration is the responsibility of the Government of La Rioja, a partner in the LIFE project, while the morphological adaptation has been carried out by the Ebro Hydrographic Confederation, also a partner in Ebro Resilience P1.<\/p>\n<p>A total of 4,650 specimens of species typical of the Ebro riverbank and its groves will be introduced, imitating the natural growth of riparian vegetation and occupying an area of 12 hectares. This will be in addition to the first plantings of cuttings that were carried out on the limits of the new relief channel integrated in the morphological adaptation.<\/p>\n\t\t\t\t\t\t\t\t<\/div>\n\t\t\t\t<\/div>\n\t\t\t\t\t<\/div>\n\t\t<\/div>\n\t\t\t\t\t<\/div>\n\t\t<\/section>\n\t\t\t\t<section class=\"elementor-section elementor-top-section elementor-element elementor-element-c7eb3b0 elementor-section-boxed elementor-section-height-default elementor-section-height-default\" data-id=\"c7eb3b0\" data-element_type=\"section\" data-e-type=\"section\">\n\t\t\t\t\t\t<div class=\"elementor-container elementor-column-gap-default\">\n\t\t\t\t\t<div class=\"elementor-column elementor-col-100 elementor-top-column elementor-element elementor-element-585ea6e\" data-id=\"585ea6e\" data-element_type=\"column\" data-e-type=\"column\">\n\t\t\t<div class=\"elementor-widget-wrap elementor-element-populated\">\n\t\t\t\t\t\t<div class=\"elementor-element elementor-element-2d20a91 elementor-widget elementor-widget-image\" data-id=\"2d20a91\" data-element_type=\"widget\" data-e-type=\"widget\" data-widget_type=\"image.default\">\n\t\t\t\t<div class=\"elementor-widget-container\">\n\t\t\t\t\t\t\t\t\t\t\t\t<figure class=\"wp-caption\">\n\t\t\t\t\t\t\t\t\t\t<img fetchpriority=\"high\" decoding=\"async\" width=\"1024\" height=\"768\" src=\"https:\/\/www.ebroresilience.com\/wp-content\/uploads\/2024\/02\/PLANTACION-LA-ROZA-8-6-DE-FEBRERO-1024x768.jpeg\" class=\"attachment-large size-large wp-image-9680\" alt=\"Plantations carried out during the environmental restoration of the meander of La Roza, Alfaro, La Rioja.\" srcset=\"https:\/\/www.ebroresilience.com\/wp-content\/uploads\/2024\/02\/PLANTACION-LA-ROZA-8-6-DE-FEBRERO-1024x768.jpeg 1024w, https:\/\/www.ebroresilience.com\/wp-content\/uploads\/2024\/02\/PLANTACION-LA-ROZA-8-6-DE-FEBRERO-300x225.jpeg 300w, https:\/\/www.ebroresilience.com\/wp-content\/uploads\/2024\/02\/PLANTACION-LA-ROZA-8-6-DE-FEBRERO-768x576.jpeg 768w, https:\/\/www.ebroresilience.com\/wp-content\/uploads\/2024\/02\/PLANTACION-LA-ROZA-8-6-DE-FEBRERO-1536x1152.jpeg 1536w, https:\/\/www.ebroresilience.com\/wp-content\/uploads\/2024\/02\/PLANTACION-LA-ROZA-8-6-DE-FEBRERO-195x146.jpeg 195w, https:\/\/www.ebroresilience.com\/wp-content\/uploads\/2024\/02\/PLANTACION-LA-ROZA-8-6-DE-FEBRERO-50x38.jpeg 50w, https:\/\/www.ebroresilience.com\/wp-content\/uploads\/2024\/02\/PLANTACION-LA-ROZA-8-6-DE-FEBRERO-100x75.jpeg 100w, https:\/\/www.ebroresilience.com\/wp-content\/uploads\/2024\/02\/PLANTACION-LA-ROZA-8-6-DE-FEBRERO-960x720.jpeg 960w, https:\/\/www.ebroresilience.com\/wp-content\/uploads\/2024\/02\/PLANTACION-LA-ROZA-8-6-DE-FEBRERO.jpeg 2040w\" sizes=\"(max-width:767px) 480px, (max-width:1024px) 100vw, 1024px\" \/>\t\t\t\t\t\t\t\t\t\t\t<figcaption class=\"widget-image-caption wp-caption-text\">Plantations carried out during the environmental restoration of the meander of La Roza, Alfaro, La Rioja.<\/figcaption>\n\t\t\t\t\t\t\t\t\t\t<\/figure>\n\t\t\t\t\t\t\t\t\t<\/div>\n\t\t\t\t<\/div>\n\t\t\t\t\t<\/div>\n\t\t<\/div>\n\t\t\t\t\t<\/div>\n\t\t<\/section>\n\t\t\t\t<section class=\"elementor-section elementor-top-section elementor-element elementor-element-4e573ff elementor-section-boxed elementor-section-height-default elementor-section-height-default\" data-id=\"4e573ff\" data-element_type=\"section\" data-e-type=\"section\">\n\t\t\t\t\t\t<div class=\"elementor-container elementor-column-gap-default\">\n\t\t\t\t\t<div class=\"elementor-column elementor-col-100 elementor-top-column elementor-element elementor-element-07af607\" data-id=\"07af607\" data-element_type=\"column\" data-e-type=\"column\">\n\t\t\t<div class=\"elementor-widget-wrap elementor-element-populated\">\n\t\t\t\t\t\t<div class=\"elementor-element elementor-element-effa4a4 elementor-widget elementor-widget-text-editor\" data-id=\"effa4a4\" data-element_type=\"widget\" data-e-type=\"widget\" data-widget_type=\"text-editor.default\">\n\t\t\t\t<div class=\"elementor-widget-container\">\n\t\t\t\t\t\t\t\t\t<p>Specifically, <strong>1,800 Populus nigra (poplar); 1,250 Populus alba (poplar); 1,390 Fraxinus angustifolia (ash); 140 Salix alba (white willow) and 70 Prunus avium (cherry)<\/strong> will be planted.<\/p>\n<p>The planting will be done by creating three distinct zones. The first, a patch close to the current riverbed, forming a 4-hectare black poplar grove-aspen grove. The second is located on the left bank of the relief channel and is an ash grove and poplar grove of 5.5 hectares. Finally, the area between the relief channel and the new river defense, which has been set back to gain river space, will become a 3-hectare mixed alameda. In addition, it includes the implementation of a vegetation cover on 2 hectares.<\/p>\n\t\t\t\t\t\t\t\t<\/div>\n\t\t\t\t<\/div>\n\t\t\t\t\t<\/div>\n\t\t<\/div>\n\t\t\t\t\t<\/div>\n\t\t<\/section>\n\t\t\t\t<section class=\"elementor-section elementor-top-section elementor-element elementor-element-a5aa22d elementor-section-boxed elementor-section-height-default elementor-section-height-default\" data-id=\"a5aa22d\" data-element_type=\"section\" data-e-type=\"section\">\n\t\t\t\t\t\t<div class=\"elementor-container elementor-column-gap-default\">\n\t\t\t\t\t<div class=\"elementor-column elementor-col-100 elementor-top-column elementor-element elementor-element-2699c31\" data-id=\"2699c31\" data-element_type=\"column\" data-e-type=\"column\">\n\t\t\t<div class=\"elementor-widget-wrap elementor-element-populated\">\n\t\t\t\t\t\t<div class=\"elementor-element elementor-element-8b7e624 elementor-widget elementor-widget-image\" data-id=\"8b7e624\" data-element_type=\"widget\" data-e-type=\"widget\" data-widget_type=\"image.default\">\n\t\t\t\t<div class=\"elementor-widget-container\">\n\t\t\t\t\t\t\t\t\t\t\t\t<figure class=\"wp-caption\">\n\t\t\t\t\t\t\t\t\t\t<img decoding=\"async\" width=\"855\" height=\"603\" src=\"https:\/\/www.ebroresilience.com\/wp-content\/uploads\/2024\/02\/plantaciones-en-La-Roza.png\" class=\"attachment-large size-large wp-image-9678\" alt=\"Zonificaci\u00f3n de las plantaciones en el meandro de La Roza, Alfaro, La Rioja\" srcset=\"https:\/\/www.ebroresilience.com\/wp-content\/uploads\/2024\/02\/plantaciones-en-La-Roza.png 855w, https:\/\/www.ebroresilience.com\/wp-content\/uploads\/2024\/02\/plantaciones-en-La-Roza-300x212.png 300w, https:\/\/www.ebroresilience.com\/wp-content\/uploads\/2024\/02\/plantaciones-en-La-Roza-768x542.png 768w, https:\/\/www.ebroresilience.com\/wp-content\/uploads\/2024\/02\/plantaciones-en-La-Roza-207x146.png 207w, https:\/\/www.ebroresilience.com\/wp-content\/uploads\/2024\/02\/plantaciones-en-La-Roza-50x35.png 50w, https:\/\/www.ebroresilience.com\/wp-content\/uploads\/2024\/02\/plantaciones-en-La-Roza-106x75.png 106w\" sizes=\"(max-width:767px) 480px, (max-width:855px) 100vw, 855px\" \/>\t\t\t\t\t\t\t\t\t\t\t<figcaption class=\"widget-image-caption wp-caption-text\">Zonificaci\u00f3n de las plantaciones en el meandro de La Roza, Alfaro, La Rioja<\/figcaption>\n\t\t\t\t\t\t\t\t\t\t<\/figure>\n\t\t\t\t\t\t\t\t\t<\/div>\n\t\t\t\t<\/div>\n\t\t\t\t\t<\/div>\n\t\t<\/div>\n\t\t\t\t\t<\/div>\n\t\t<\/section>\n\t\t\t\t<section class=\"elementor-section elementor-top-section elementor-element elementor-element-31b22c9 elementor-section-boxed elementor-section-height-default elementor-section-height-default\" data-id=\"31b22c9\" data-element_type=\"section\" data-e-type=\"section\">\n\t\t\t\t\t\t<div class=\"elementor-container elementor-column-gap-default\">\n\t\t\t\t\t<div class=\"elementor-column elementor-col-100 elementor-top-column elementor-element elementor-element-bd575b4\" data-id=\"bd575b4\" data-element_type=\"column\" data-e-type=\"column\">\n\t\t\t<div class=\"elementor-widget-wrap elementor-element-populated\">\n\t\t\t\t\t\t<div class=\"elementor-element elementor-element-4ac7582 elementor-widget elementor-widget-text-editor\" data-id=\"4ac7582\" data-element_type=\"widget\" data-e-type=\"widget\" data-widget_type=\"text-editor.default\">\n\t\t\t\t<div class=\"elementor-widget-container\">\n\t\t\t\t\t\t\t\t\t<p>The intervention of morphological adaptation and environmental restoration of the Ebro in the meander of La Roza has a total budget of 2.2 million euros.<\/p>\n\t\t\t\t\t\t\t\t<\/div>\n\t\t\t\t<\/div>\n\t\t\t\t\t<\/div>\n\t\t<\/div>\n\t\t\t\t\t<\/div>\n\t\t<\/section>\n\t\t\t\t<section class=\"elementor-section elementor-top-section elementor-element elementor-element-d549f7e elementor-section-boxed elementor-section-height-default elementor-section-height-default\" data-id=\"d549f7e\" data-element_type=\"section\" data-e-type=\"section\">\n\t\t\t\t\t\t<div class=\"elementor-container elementor-column-gap-default\">\n\t\t\t\t\t<div class=\"elementor-column elementor-col-100 elementor-top-column elementor-element elementor-element-c7b43ae\" data-id=\"c7b43ae\" data-element_type=\"column\" data-e-type=\"column\">\n\t\t\t<div class=\"elementor-widget-wrap elementor-element-populated\">\n\t\t\t\t\t\t<div class=\"elementor-element elementor-element-67b95bc elementor-widget elementor-widget-text-editor\" data-id=\"67b95bc\" data-element_type=\"widget\" data-e-type=\"widget\" data-widget_type=\"text-editor.default\">\n\t\t\t\t<div class=\"elementor-widget-container\">\n\t\t\t\t\t\t\t\t\t<p><strong>La Roza<\/strong><\/p>\n<p>The intervention is part of the combined section of actions, a series of mitigation measures that together have a general benefit and that includes the project planned in the meander of El Se\u00f1or\u00edo, in Castej\u00f3n, Navarra, and the restoration action in the Soto de Alfaro.<\/p>\n<p>A total of 22 hectares of river plain have been recovered and integrated as a protected area in the Natura 2000 Network, with the removal of 1,343 meters of defensive dikes that constricted the river and the construction of a smaller defense (899 meters) and away from the riverbed, returning this space to the river.<\/p>\n<p>In addition, river dynamics have been improved:<\/p>\n<p>&#8211; A relief channel has been created connecting the river to the La Roza meander.<br \/>&#8211; The drainage capacity of the railroad bridge eyes has been improved.<br \/>&#8211; Invasive flora species have been removed<br \/>&#8211; A new wetland has been generated<\/p>\n<p><strong>LIFE Project<\/strong><\/p>\n<p>The LIFE Ebro Resilience P1 project (LIFE20 ENV\/ES\/00327), approved by the European Commission in the LIFE 2020 call, covers three autonomous communities (La Rioja, Navarra and Arag\u00f3n), has a duration of 6 years and a total budget of 13,310,350 \u20ac, with 55% European funding.<\/p>\n<p>This project is also an example of institutional coordination and cooperation in the intervention section, its partners being the Ministry for Ecological Transition and Demographic Challenge (MITECO), through its companies TRAGSA and TRAGSATEC; the Ebro Hydrographic Confederation; the Government of La Rioja; the Government of Navarra, through Gesti\u00f3n Ambiental de Navarra, S.A. (GAN-NIK); the Government of Arag\u00f3n and the Aragonese Water Institute.<\/p>\n\t\t\t\t\t\t\t\t<\/div>\n\t\t\t\t<\/div>\n\t\t\t\t\t<\/div>\n\t\t<\/div>\n\t\t\t\t\t<\/div>\n\t\t<\/section>\n\t\t\t\t<section class=\"elementor-section elementor-top-section elementor-element elementor-element-524bb77 elementor-section-boxed elementor-section-height-default elementor-section-height-default\" data-id=\"524bb77\" data-element_type=\"section\" data-e-type=\"section\">\n\t\t\t\t\t\t<div class=\"elementor-container elementor-column-gap-default\">\n\t\t\t\t\t<div class=\"elementor-column elementor-col-100 elementor-top-column elementor-element elementor-element-f1944f3\" data-id=\"f1944f3\" data-element_type=\"column\" data-e-type=\"column\">\n\t\t\t<div class=\"elementor-widget-wrap elementor-element-populated\">\n\t\t\t\t\t\t<div class=\"elementor-element elementor-element-b44be2c elementor-widget elementor-widget-image\" data-id=\"b44be2c\" data-element_type=\"widget\" data-e-type=\"widget\" data-widget_type=\"image.default\">\n\t\t\t\t<div class=\"elementor-widget-container\">\n\t\t\t\t\t\t\t\t\t\t\t\t\t\t\t<img decoding=\"async\" width=\"1024\" height=\"767\" src=\"https:\/\/www.ebroresilience.com\/wp-content\/uploads\/2024\/02\/ALFARO_LAROZA_02122023_15-1024x767.jpg\" class=\"attachment-large size-large wp-image-9616\" alt=\"Morphological adaptation of the Ebro river in the meander of La Roza, Alfaro (La Rioja).\" srcset=\"https:\/\/www.ebroresilience.com\/wp-content\/uploads\/2024\/02\/ALFARO_LAROZA_02122023_15-1024x767.jpg 1024w, https:\/\/www.ebroresilience.com\/wp-content\/uploads\/2024\/02\/ALFARO_LAROZA_02122023_15-300x225.jpg 300w, https:\/\/www.ebroresilience.com\/wp-content\/uploads\/2024\/02\/ALFARO_LAROZA_02122023_15-768x576.jpg 768w, https:\/\/www.ebroresilience.com\/wp-content\/uploads\/2024\/02\/ALFARO_LAROZA_02122023_15-1536x1151.jpg 1536w, https:\/\/www.ebroresilience.com\/wp-content\/uploads\/2024\/02\/ALFARO_LAROZA_02122023_15-2048x1535.jpg 2048w, https:\/\/www.ebroresilience.com\/wp-content\/uploads\/2024\/02\/ALFARO_LAROZA_02122023_15-195x146.jpg 195w, https:\/\/www.ebroresilience.com\/wp-content\/uploads\/2024\/02\/ALFARO_LAROZA_02122023_15-50x37.jpg 50w, https:\/\/www.ebroresilience.com\/wp-content\/uploads\/2024\/02\/ALFARO_LAROZA_02122023_15-100x75.jpg 100w, https:\/\/www.ebroresilience.com\/wp-content\/uploads\/2024\/02\/ALFARO_LAROZA_02122023_15-960x720.jpg 960w\" sizes=\"(max-width:767px) 480px, (max-width:1024px) 100vw, 1024px\" \/>\t\t\t\t\t\t\t\t\t\t\t\t\t\t\t<\/div>\n\t\t\t\t<\/div>\n\t\t\t\t\t<\/div>\n\t\t<\/div>\n\t\t\t\t\t<\/div>\n\t\t<\/section>\n\t\t\t\t<\/div>\n\t\t","protected":false},"excerpt":{"rendered":"<p>&#8211; These works are being carried out by the Government of La Rioja and will involve the planting of more than 4,600 specimens of riparian species imitating the natural growth of riparian vegetation.<\/p>\n","protected":false},"author":5,"featured_media":9672,"comment_status":"closed","ping_status":"closed","sticky":false,"template":"","format":"standard","meta":{"_acf_changed":false,"ngg_post_thumbnail":0,"footnotes":""},"categories":[377,369],"tags":[380,387,378,398,452,381,503,435],"class_list":["post-9699","post","type-post","status-publish","format-standard","has-post-thumbnail","hentry","category-life-en","category-news","tag-alfaro-en","tag-ebro-en","tag-ebro-resilience-en","tag-flood","tag-la-roza-en","tag-life-ebro-resilience-p1-en","tag-river-area","tag-river-restoration"],"acf":[],"publishpress_future_action":{"enabled":false,"date":"2026-05-07 04:14:35","action":"change-status","newStatus":"draft","terms":[],"taxonomy":"category","extraData":[]},"publishpress_future_workflow_manual_trigger":{"enabledWorkflows":[]},"_links":{"self":[{"href":"https:\/\/www.ebroresilience.com\/en\/wp-json\/wp\/v2\/posts\/9699","targetHints":{"allow":["GET"]}}],"collection":[{"href":"https:\/\/www.ebroresilience.com\/en\/wp-json\/wp\/v2\/posts"}],"about":[{"href":"https:\/\/www.ebroresilience.com\/en\/wp-json\/wp\/v2\/types\/post"}],"author":[{"embeddable":true,"href":"https:\/\/www.ebroresilience.com\/en\/wp-json\/wp\/v2\/users\/5"}],"replies":[{"embeddable":true,"href":"https:\/\/www.ebroresilience.com\/en\/wp-json\/wp\/v2\/comments?post=9699"}],"version-history":[{"count":2,"href":"https:\/\/www.ebroresilience.com\/en\/wp-json\/wp\/v2\/posts\/9699\/revisions"}],"predecessor-version":[{"id":9701,"href":"https:\/\/www.ebroresilience.com\/en\/wp-json\/wp\/v2\/posts\/9699\/revisions\/9701"}],"wp:featuredmedia":[{"embeddable":true,"href":"https:\/\/www.ebroresilience.com\/en\/wp-json\/wp\/v2\/media\/9672"}],"wp:attachment":[{"href":"https:\/\/www.ebroresilience.com\/en\/wp-json\/wp\/v2\/media?parent=9699"}],"wp:term":[{"taxonomy":"category","embeddable":true,"href":"https:\/\/www.ebroresilience.com\/en\/wp-json\/wp\/v2\/categories?post=9699"},{"taxonomy":"post_tag","embeddable":true,"href":"https:\/\/www.ebroresilience.com\/en\/wp-json\/wp\/v2\/tags?post=9699"}],"curies":[{"name":"wp","href":"https:\/\/api.w.org\/{rel}","templated":true}]}}