{"id":9383,"date":"2024-01-19T08:00:00","date_gmt":"2024-01-19T07:00:00","guid":{"rendered":"https:\/\/www.ebroresilience.com\/?p=9383"},"modified":"2024-01-17T12:40:17","modified_gmt":"2024-01-17T11:40:17","slug":"public-information-on-the-projects-for-el-senorio-navarra-and-phase-1-of-the-osera-de-ebro-fuentes-de-ebro-section-zaragoza-approved","status":"publish","type":"post","link":"https:\/\/www.ebroresilience.com\/en\/public-information-on-the-projects-for-el-senorio-navarra-and-phase-1-of-the-osera-de-ebro-fuentes-de-ebro-section-zaragoza-approved\/","title":{"rendered":"Public information on the projects for El Se\u00f1or\u00edo (Navarra) and phase 1 of the Osera de Ebro-Fuentes de Ebro section (Zaragoza)"},"content":{"rendered":"\t\t<div data-elementor-type=\"wp-post\" data-elementor-id=\"9383\" class=\"elementor elementor-9383 elementor-9374\" data-elementor-post-type=\"post\">\n\t\t\t\t\t\t<section class=\"elementor-section elementor-top-section elementor-element elementor-element-e15e87e elementor-section-boxed elementor-section-height-default elementor-section-height-default\" data-id=\"e15e87e\" data-element_type=\"section\" data-e-type=\"section\">\n\t\t\t\t\t\t<div class=\"elementor-container elementor-column-gap-default\">\n\t\t\t\t\t<div class=\"elementor-column elementor-col-100 elementor-top-column elementor-element elementor-element-13e417c\" data-id=\"13e417c\" data-element_type=\"column\" data-e-type=\"column\">\n\t\t\t<div class=\"elementor-widget-wrap elementor-element-populated\">\n\t\t\t\t\t\t<div class=\"elementor-element elementor-element-223a2d1 elementor-widget elementor-widget-text-editor\" data-id=\"223a2d1\" data-element_type=\"widget\" data-e-type=\"widget\" data-widget_type=\"text-editor.default\">\n\t\t\t\t<div class=\"elementor-widget-container\">\n\t\t\t\t\t\t\t\t\t<div>New advances in key projects of the LIFE Ebro Resilience P1 for 2024, which is expected to be a busy year in its two tranches. The last step has been the approval of the public information files of the projects of El Se\u00f1or\u00edo (in Castej\u00f3n, Navarra) and the improvement of flood resilience &#8211; phase 1 between Osera de Ebro and Fuentes de Ebro, in Zaragoza.  <\/div>\n<div> <\/div>\n<div>The technical proposal in both cases is the result of an exhaustive study of alternatives. In addition, they have been the subject of a participatory process with stakeholders and the riparian population through the LIFE project&#8217;s stable participatory groups, the so-called co-creation groups and also workshops for the general public.  <\/div>\n<div> <\/div>\n<div><strong>El Se\u00f1or\u00edo<\/strong><\/div>\n<div> <\/div>\n<div>The &#8220;Restoration and morphological adaptation of the meander of El Se\u00f1or\u00edo, in Castej\u00f3n, Navarra&#8221; aims to reduce the risk of flooding in the section; restore the meander to its natural functions and protect and improve the state of the ecosystems. To this end:<\/div>\n<div> <\/div>\n<ul>\n<li>River space will be recovered with the removal of 1.3 km of the existing perimeter dike in the meander.<\/li>\n<li>A relief channel will be created, recovering an arm of the Ebro River that will allow the diversion of part of the flows when water levels are high.<\/li>\n<li>The restoration of the meander will be carried out with plantations that promote and accelerate natural revegetation; exotic plant species will be eliminated; the recovery of habitats for fauna species of interest and the inclusion of elements to bring the space closer to the population will be promoted.  <\/li>\n<li>The connection of the natural enclaves preserved on the left bank will be proposed, constituting three ecological corridors that connect them with each other and with the Sotos de Alfaro Nature Reserve, located upstream, and the Ebro River ZEC.  <\/li>\n<\/ul>\n<div> <\/div>\n<div>The intervention is part of the so-called &#8220;Combined section of actions&#8221; of the LIFE Project and is in addition to the action being carried out in the meander of La Roza, in Alfaro, and the action also planned in the Soto de Alfaro (or Soto de Tamarigal), also part of the LIFE Project, and also to the actions carried out through the Ebro Resilience Strategy in the meanders of El Ortigoso, La Nava and El Estajao, in the Ebro River as it passes through the municipalities of Milagro (Navarra) and Alfaro.<\/div>\n\t\t\t\t\t\t\t\t<\/div>\n\t\t\t\t<\/div>\n\t\t\t\t\t<\/div>\n\t\t<\/div>\n\t\t\t\t\t<\/div>\n\t\t<\/section>\n\t\t\t\t<section class=\"elementor-section elementor-top-section elementor-element elementor-element-77b1c88 elementor-section-boxed elementor-section-height-default elementor-section-height-default\" data-id=\"77b1c88\" data-element_type=\"section\" data-e-type=\"section\">\n\t\t\t\t\t\t<div class=\"elementor-container elementor-column-gap-default\">\n\t\t\t\t\t<div class=\"elementor-column elementor-col-100 elementor-top-column elementor-element elementor-element-6e3412b\" data-id=\"6e3412b\" data-element_type=\"column\" data-e-type=\"column\">\n\t\t\t<div class=\"elementor-widget-wrap elementor-element-populated\">\n\t\t\t\t\t\t<div class=\"elementor-element elementor-element-bccc20b elementor-widget elementor-widget-image\" data-id=\"bccc20b\" data-element_type=\"widget\" data-e-type=\"widget\" data-widget_type=\"image.default\">\n\t\t\t\t<div class=\"elementor-widget-container\">\n\t\t\t\t\t\t\t\t\t\t\t\t<figure class=\"wp-caption\">\n\t\t\t\t\t\t\t\t\t\t<img fetchpriority=\"high\" decoding=\"async\" width=\"1024\" height=\"683\" src=\"https:\/\/www.ebroresilience.com\/wp-content\/uploads\/2024\/01\/el-senorio-2-1024x683.jpg\" class=\"attachment-large size-large wp-image-9379\" alt=\"Vista a\u00e9rea del meandro de El Se\u00f1or\u00edo en Castej\u00f3n, Navarra\" srcset=\"https:\/\/www.ebroresilience.com\/wp-content\/uploads\/2024\/01\/el-senorio-2-1024x683.jpg 1024w, https:\/\/www.ebroresilience.com\/wp-content\/uploads\/2024\/01\/el-senorio-2-300x200.jpg 300w, https:\/\/www.ebroresilience.com\/wp-content\/uploads\/2024\/01\/el-senorio-2-768x512.jpg 768w, https:\/\/www.ebroresilience.com\/wp-content\/uploads\/2024\/01\/el-senorio-2-1536x1024.jpg 1536w, https:\/\/www.ebroresilience.com\/wp-content\/uploads\/2024\/01\/el-senorio-2-219x146.jpg 219w, https:\/\/www.ebroresilience.com\/wp-content\/uploads\/2024\/01\/el-senorio-2-50x33.jpg 50w, https:\/\/www.ebroresilience.com\/wp-content\/uploads\/2024\/01\/el-senorio-2-113x75.jpg 113w, https:\/\/www.ebroresilience.com\/wp-content\/uploads\/2024\/01\/el-senorio-2.jpg 1929w\" sizes=\"(max-width:767px) 480px, (max-width:1024px) 100vw, 1024px\" \/>\t\t\t\t\t\t\t\t\t\t\t<figcaption class=\"widget-image-caption wp-caption-text\">Vista a\u00e9rea del meandro de El Se\u00f1or\u00edo en Castej\u00f3n, Navarra<\/figcaption>\n\t\t\t\t\t\t\t\t\t\t<\/figure>\n\t\t\t\t\t\t\t\t\t<\/div>\n\t\t\t\t<\/div>\n\t\t\t\t\t<\/div>\n\t\t<\/div>\n\t\t\t\t\t<\/div>\n\t\t<\/section>\n\t\t\t\t<section class=\"elementor-section elementor-top-section elementor-element elementor-element-72b1a9c elementor-section-boxed elementor-section-height-default elementor-section-height-default\" data-id=\"72b1a9c\" data-element_type=\"section\" data-e-type=\"section\">\n\t\t\t\t\t\t<div class=\"elementor-container elementor-column-gap-default\">\n\t\t\t\t\t<div class=\"elementor-column elementor-col-100 elementor-top-column elementor-element elementor-element-2b461ed\" data-id=\"2b461ed\" data-element_type=\"column\" data-e-type=\"column\">\n\t\t\t<div class=\"elementor-widget-wrap elementor-element-populated\">\n\t\t\t\t\t\t<div class=\"elementor-element elementor-element-b71a05c elementor-widget elementor-widget-text-editor\" data-id=\"b71a05c\" data-element_type=\"widget\" data-e-type=\"widget\" data-widget_type=\"text-editor.default\">\n\t\t\t\t<div class=\"elementor-widget-container\">\n\t\t\t\t\t\t\t\t\t<div>In this section, a succession of natural water retention measures are defined that will generate an overall benefit in the Alfaro (La Rioja)-Castej\u00f3n (Navarra) section. Reconnection of meanders, relief channels, recovery of river branches and recovery of river space as flood plains to recover 45 hectares of river space and improve adaptation and reduce the risk of flooding in 500 hectares of agricultural farms.  <\/div>\n<div> <\/div>\n<div>The morphological adaptation works will be carried out by TRAGSA under the direction of the CHE and the environmental restoration works by the Autonomous Governments of La Rioja, in the case of La Roza, and Navarra, the latter through its public company GAN-NIK, in the case of El Se\u00f1or\u00edo.<\/div>\n<div> <\/div>\n<div><strong>Osera-Fuentes Section<\/strong><\/div>\n<div> <\/div>\n<div>The &#8220;Improvement of resilience to floods in the Ebro river, as it passes through Osera de Ebro and Fuentes de Ebro, in Zaragoza. Phase 1&#8221;, is part of what is called Zone 2 of the LIFE Ebro Resilience P1 Project.<\/div>\n<div> <\/div>\n<div>This first phase, with a budget of 2,946,338.68 \u20ac, consists of a morphological adaptation of the Ebro river in two places, the mejana del Conde and the meander of Aguilar. Its objective: the reduction of the effects of flooding and the improvement of the ecological condition of the riverbed. In order to achieve these objectives, the following interventions have been planned:<\/div>\n<div> <\/div>\n<ul>\n<li>Narrowing of the river channel will be eliminated, recovering its drainage capacity during floods.<\/li>\n<li>Deterioration will be prevented and the condition of present and potentially existing aquatic, terrestrial and wetland ecosystems will be improved, recovering 14 hectares of land as river space, which will be subsequently restored through actions of the LIFE Ebro Resilience P1 Project, and eliminating exotic plant species.<\/li>\n<\/ul>\n<div> <\/div>\n<div>In the Osera de Ebro &#8211; Fuentes de Ebro (Zaragoza) section, a second phase will be added, where one of the most innovative interventions of the LIFE proposal is proposed: the creation of so-called buffer zones for lateral flows.<\/div>\n<div> <\/div>\n<div>These buffer zones will compartmentalize agricultural farms into cells that will be pre-flooded in a controlled manner during flood episodes, generating water buffers that will minimize damage to farms and infrastructure.<\/div>\n\t\t\t\t\t\t\t\t<\/div>\n\t\t\t\t<\/div>\n\t\t\t\t\t<\/div>\n\t\t<\/div>\n\t\t\t\t\t<\/div>\n\t\t<\/section>\n\t\t\t\t<section class=\"elementor-section elementor-top-section elementor-element elementor-element-40b60b2 elementor-section-boxed elementor-section-height-default elementor-section-height-default\" data-id=\"40b60b2\" data-element_type=\"section\" data-e-type=\"section\">\n\t\t\t\t\t\t<div class=\"elementor-container elementor-column-gap-default\">\n\t\t\t\t\t<div class=\"elementor-column elementor-col-100 elementor-top-column elementor-element elementor-element-bbe2909\" data-id=\"bbe2909\" data-element_type=\"column\" data-e-type=\"column\">\n\t\t\t<div class=\"elementor-widget-wrap elementor-element-populated\">\n\t\t\t\t\t\t<div class=\"elementor-element elementor-element-3120299 elementor-widget elementor-widget-video\" data-id=\"3120299\" data-element_type=\"widget\" data-e-type=\"widget\" data-settings=\"{&quot;youtube_url&quot;:&quot;https:\\\/\\\/www.youtube.com\\\/watch?v=w8AVa-rvPO0&quot;,&quot;video_type&quot;:&quot;youtube&quot;,&quot;controls&quot;:&quot;yes&quot;}\" data-widget_type=\"video.default\">\n\t\t\t\t<div class=\"elementor-widget-container\">\n\t\t\t\t\t\t\t<div class=\"elementor-wrapper elementor-open-inline\">\n\t\t\t<div class=\"elementor-video\"><\/div>\t\t<\/div>\n\t\t\t\t\t\t<\/div>\n\t\t\t\t<\/div>\n\t\t\t\t\t<\/div>\n\t\t<\/div>\n\t\t\t\t\t<\/div>\n\t\t<\/section>\n\t\t\t\t<section class=\"elementor-section elementor-top-section elementor-element elementor-element-a379c1f elementor-section-boxed elementor-section-height-default elementor-section-height-default\" data-id=\"a379c1f\" data-element_type=\"section\" data-e-type=\"section\">\n\t\t\t\t\t\t<div class=\"elementor-container elementor-column-gap-default\">\n\t\t\t\t\t<div class=\"elementor-column elementor-col-100 elementor-top-column elementor-element elementor-element-4a39508\" data-id=\"4a39508\" data-element_type=\"column\" data-e-type=\"column\">\n\t\t\t<div class=\"elementor-widget-wrap elementor-element-populated\">\n\t\t\t\t\t\t<div class=\"elementor-element elementor-element-e35ce29 elementor-widget elementor-widget-text-editor\" data-id=\"e35ce29\" data-element_type=\"widget\" data-e-type=\"widget\" data-widget_type=\"text-editor.default\">\n\t\t\t\t<div class=\"elementor-widget-container\">\n\t\t\t\t\t\t\t\t\t<p><strong>LIFE Project<\/strong><\/p>\n<p>The LIFE Ebro Resilience P1 project (LIFE20 ENV\/ES\/00327), approved by the European Commission in the LIFE 2020 call, covers three autonomous communities (La Rioja, Navarra and Arag\u00f3n), has a duration of 6 years and a total budget of 13,310,350 \u20ac, with 55% European funding.<\/p>\n<p>This project is also an example of institutional coordination and cooperation in the intervention section, its partners being the Ministry for Ecological Transition and Demographic Challenge (MITECO), through its companies TRAGSA and TRAGSATEC; the Ebro Hydrographic Confederation; the Government of La Rioja; the Government of Navarra, through Gesti\u00f3n Ambiental de Navarra, S.A. (GAN-NIK); the Government of Arag\u00f3n and the Aragonese Water Institute.<\/p>\n\t\t\t\t\t\t\t\t<\/div>\n\t\t\t\t<\/div>\n\t\t\t\t\t<\/div>\n\t\t<\/div>\n\t\t\t\t\t<\/div>\n\t\t<\/section>\n\t\t\t\t<\/div>\n\t\t","protected":false},"excerpt":{"rendered":"<p>New advances in key projects of the LIFE Ebro Resilience P1 for 2024, which is expected to be a busy year in its two tranches. The last step has been the approval of the public information files of the projects of El Se\u00f1or\u00edo (in Castej\u00f3n, Navarra) and the improvement of flood resilience &#8211; phase 1 between Osera de Ebro and Fuentes de Ebro, in Zaragoza.  <\/p>\n","protected":false},"author":5,"featured_media":9377,"comment_status":"closed","ping_status":"closed","sticky":false,"template":"","format":"standard","meta":{"_acf_changed":false,"ngg_post_thumbnail":0,"footnotes":""},"categories":[377,369],"tags":[380,451,378,399,398,381,379],"class_list":["post-9383","post","type-post","status-publish","format-standard","has-post-thumbnail","hentry","category-life-en","category-news","tag-alfaro-en","tag-buffer-zones","tag-ebro-resilience-en","tag-ebro-springs","tag-flood","tag-life-ebro-resilience-p1-en","tag-restoration"],"acf":[],"publishpress_future_action":{"enabled":false,"date":"2026-05-06 21:34:11","action":"change-status","newStatus":"draft","terms":[],"taxonomy":"category","extraData":[]},"publishpress_future_workflow_manual_trigger":{"enabledWorkflows":[]},"_links":{"self":[{"href":"https:\/\/www.ebroresilience.com\/en\/wp-json\/wp\/v2\/posts\/9383","targetHints":{"allow":["GET"]}}],"collection":[{"href":"https:\/\/www.ebroresilience.com\/en\/wp-json\/wp\/v2\/posts"}],"about":[{"href":"https:\/\/www.ebroresilience.com\/en\/wp-json\/wp\/v2\/types\/post"}],"author":[{"embeddable":true,"href":"https:\/\/www.ebroresilience.com\/en\/wp-json\/wp\/v2\/users\/5"}],"replies":[{"embeddable":true,"href":"https:\/\/www.ebroresilience.com\/en\/wp-json\/wp\/v2\/comments?post=9383"}],"version-history":[{"count":5,"href":"https:\/\/www.ebroresilience.com\/en\/wp-json\/wp\/v2\/posts\/9383\/revisions"}],"predecessor-version":[{"id":9388,"href":"https:\/\/www.ebroresilience.com\/en\/wp-json\/wp\/v2\/posts\/9383\/revisions\/9388"}],"wp:featuredmedia":[{"embeddable":true,"href":"https:\/\/www.ebroresilience.com\/en\/wp-json\/wp\/v2\/media\/9377"}],"wp:attachment":[{"href":"https:\/\/www.ebroresilience.com\/en\/wp-json\/wp\/v2\/media?parent=9383"}],"wp:term":[{"taxonomy":"category","embeddable":true,"href":"https:\/\/www.ebroresilience.com\/en\/wp-json\/wp\/v2\/categories?post=9383"},{"taxonomy":"post_tag","embeddable":true,"href":"https:\/\/www.ebroresilience.com\/en\/wp-json\/wp\/v2\/tags?post=9383"}],"curies":[{"name":"wp","href":"https:\/\/api.w.org\/{rel}","templated":true}]}}