{"id":9338,"date":"2023-12-29T08:00:00","date_gmt":"2023-12-29T07:00:00","guid":{"rendered":"https:\/\/www.ebroresilience.com\/?p=9338"},"modified":"2024-01-19T10:17:13","modified_gmt":"2024-01-19T09:17:13","slug":"2023-life-a-year-works","status":"publish","type":"post","link":"https:\/\/www.ebroresilience.com\/en\/2023-life-a-year-works\/","title":{"rendered":"2023 LIFE: end of the morphological adaptation in La Roza, start of the adaptation of the irrigable area in Fuentes de Ebro and more social involvement"},"content":{"rendered":"\t\t<div data-elementor-type=\"wp-post\" data-elementor-id=\"9338\" class=\"elementor elementor-9338 elementor-9332\" data-elementor-post-type=\"post\">\n\t\t\t\t\t\t<section class=\"elementor-section elementor-top-section elementor-element elementor-element-f224216 elementor-section-boxed elementor-section-height-default elementor-section-height-default\" data-id=\"f224216\" data-element_type=\"section\" data-e-type=\"section\">\n\t\t\t\t\t\t<div class=\"elementor-container elementor-column-gap-default\">\n\t\t\t\t\t<div class=\"elementor-column elementor-col-100 elementor-top-column elementor-element elementor-element-51e53dd\" data-id=\"51e53dd\" data-element_type=\"column\" data-e-type=\"column\">\n\t\t\t<div class=\"elementor-widget-wrap elementor-element-populated\">\n\t\t\t\t\t\t<div class=\"elementor-element elementor-element-a8aab8c elementor-widget elementor-widget-text-editor\" data-id=\"a8aab8c\" data-element_type=\"widget\" data-e-type=\"widget\" data-widget_type=\"text-editor.default\">\n\t\t\t\t<div class=\"elementor-widget-container\">\n\t\t\t\t\t\t\t\t\t<p>The LIFE Ebro Resilience P1 project has experienced an intense year 2023 with significant progress, both in the implementation of adaptation measures to reduce the risk of flooding in the two planned sections (Alfaro, La Rioja &#8211; Castej\u00f3n, Navarra and Osera de Ebro &#8211; Fuentes de Ebro, in Zaragoza), and in the actions of dissemination, communication, social participation and capacity building and exchange of knowledge and experiences in technical forums.<\/p>\n<p>The Resilience proposal is backed and promoted by the partners, since administrative coordination is one of its keys: the Ministry for Ecological Transition and the Demographic Challenge (MITECO), through its companies TRAGSA and TRAGSATEC; the Ebro Hydrographic Confederation; the Government of La Rioja; the Government of Navarra, through Gesti\u00f3n Ambiental de Navarra, S.A. (GAN-NIK); the Government of Arag\u00f3n and the Aragonese Water Institute.<\/p>\n<p>The project was approved by the European Commission with a <strong>budget of 13,310,350<\/strong> \u20ac<strong> and 55% European funding <\/strong>.  <\/p>\n<p><strong>Milestones among adaptation actions  <\/strong><\/p>\n<ol>\n<li>Zone 1 Alfaro, La Rioja- Castej\u00f3n, Navarra:<\/li>\n<\/ol>\n<ul>\n<li>In 2023, the <strong>works for the morphological adaptation of the Ebro in the meander of La Roza, in Alfaro<\/strong>, were completed. This intervention has been carried out by the Confederaci\u00f3n Hidrogr\u00e1fica del Ebro and <strong>has meant the recovery of 22 hectares as a fluvial space<\/strong>. This space has also been included as a protected area in the Natura 2000 Network &#8220;Sotos y Riberas del Ebro&#8221;.<\/li>\n<\/ul>\n<p>This intervention, which inaugurated the works of LIFE Ebro Resilience P1, will be completed with the <strong>environmental restoration of the area<\/strong>, which includes planting by the Government of La Rioja.<\/p>\n<\/p>\n<ul>\n<li>The <strong>project for the reconnection of old river branches in the Soto de Alfaro<\/strong> (Soto de Tamarigal) has been drafted, with the participation of the stakeholders, and will be executed in 2024, regenerating clogged areas of undergrowth.<\/li>\n<\/ul>\n<ul>\n<li>Social participation has been crucial in 2023 in the future of the project to adapt the <strong>meander of El Se\u00f1or\u00edo, in Castej\u00f3n, Navarra, which aims to recover 23 hectares of river space<\/strong> and which will be executed in 2024. This year there have been meetings with the surrounding municipalities (Castej\u00f3n, Valtierra and Cadre\u00edta), public sessions have been held on the proposal and the conclusions of the report of the Historical Heritage Service of the Government of Navarre on the archaeological sites near the intervention area have been presented.<\/li>\n<\/ul>\n<p>All these interventions are integrated in the demonstration part of the Project and are added to other actions of the Ebro Resilience Strategy in the so-called Combined Tranche of Actions.<\/p>\n\t\t\t\t\t\t\t\t<\/div>\n\t\t\t\t<\/div>\n\t\t\t\t\t<\/div>\n\t\t<\/div>\n\t\t\t\t\t<\/div>\n\t\t<\/section>\n\t\t\t\t<section class=\"elementor-section elementor-top-section elementor-element elementor-element-07ccbd1 elementor-section-boxed elementor-section-height-default elementor-section-height-default\" data-id=\"07ccbd1\" data-element_type=\"section\" data-e-type=\"section\">\n\t\t\t\t\t\t<div class=\"elementor-container elementor-column-gap-default\">\n\t\t\t\t\t<div class=\"elementor-column elementor-col-100 elementor-top-column elementor-element elementor-element-bbd3800\" data-id=\"bbd3800\" data-element_type=\"column\" data-e-type=\"column\">\n\t\t\t<div class=\"elementor-widget-wrap elementor-element-populated\">\n\t\t\t\t\t\t<div class=\"elementor-element elementor-element-b90a00e elementor-widget elementor-widget-video\" data-id=\"b90a00e\" data-element_type=\"widget\" data-e-type=\"widget\" data-settings=\"{&quot;youtube_url&quot;:&quot;https:\\\/\\\/www.youtube.com\\\/watch?v=aSLGsZ2ImoY&quot;,&quot;video_type&quot;:&quot;youtube&quot;,&quot;controls&quot;:&quot;yes&quot;}\" data-widget_type=\"video.default\">\n\t\t\t\t<div class=\"elementor-widget-container\">\n\t\t\t\t\t\t\t<div class=\"elementor-wrapper elementor-open-inline\">\n\t\t\t<div class=\"elementor-video\"><\/div>\t\t<\/div>\n\t\t\t\t\t\t<\/div>\n\t\t\t\t<\/div>\n\t\t\t\t\t<\/div>\n\t\t<\/div>\n\t\t\t\t\t<\/div>\n\t\t<\/section>\n\t\t\t\t<section class=\"elementor-section elementor-top-section elementor-element elementor-element-f4242a0 elementor-section-boxed elementor-section-height-default elementor-section-height-default\" data-id=\"f4242a0\" data-element_type=\"section\" data-e-type=\"section\">\n\t\t\t\t\t\t<div class=\"elementor-container elementor-column-gap-default\">\n\t\t\t\t\t<div class=\"elementor-column elementor-col-100 elementor-top-column elementor-element elementor-element-715896a\" data-id=\"715896a\" data-element_type=\"column\" data-e-type=\"column\">\n\t\t\t<div class=\"elementor-widget-wrap elementor-element-populated\">\n\t\t\t\t\t\t<div class=\"elementor-element elementor-element-3441afa elementor-widget elementor-widget-text-editor\" data-id=\"3441afa\" data-element_type=\"widget\" data-e-type=\"widget\" data-widget_type=\"text-editor.default\">\n\t\t\t\t<div class=\"elementor-widget-container\">\n\t\t\t\t\t\t\t\t\t<ol>\n<li>Zone 2 Osera de Ebro &#8211; Fuentes de Ebro, in Zaragoza, a section of pilot adaptation actions aimed at adapting 350 hectares of agricultural land to the risk of flooding and the recovery of 16 hectares of river space:<\/li>\n<\/ol>\n<ul>\n<li>The first works focused on the <strong>adaptation of the irrigation system of the Irrigation Community of the Huerta del Ebro<\/strong> in the meander of Aguilar, reducing its exposure to flooding, have started.<\/li>\n<\/ul>\n<p>This action is being carried out by the Department of Agriculture, Livestock and Food of the Government of Aragon through the public company TRAGSA, with a budget of 1,156,749 euros.<\/p>\n<\/p>\n<ul>\n<li>In addition, in 2023, the two main phases of the project have been advanced: the  <strong>reduction of the constrictions and will recover fluvial space <\/strong>with the recessing of the defense dike, moving them away from the channel in the meander of Aguilar and the mejana del Conde and on the other hand, one of the most innovative interventions of the LIFE proposal:  <strong>the creation of so-called buffer zones for lateral <\/strong><a href=\"https:\/\/www.youtube.com\/watch?v=EKWnxjCugj8&amp;t=1s\"><br \/>\n  <strong>buffer zones for lateral flows.<\/strong><br \/>\n<\/a><\/li>\n<\/ul>\n\t\t\t\t\t\t\t\t<\/div>\n\t\t\t\t<\/div>\n\t\t\t\t\t<\/div>\n\t\t<\/div>\n\t\t\t\t\t<\/div>\n\t\t<\/section>\n\t\t\t\t<section class=\"elementor-section elementor-top-section elementor-element elementor-element-f4f633b elementor-section-boxed elementor-section-height-default elementor-section-height-default\" data-id=\"f4f633b\" data-element_type=\"section\" data-e-type=\"section\">\n\t\t\t\t\t\t<div class=\"elementor-container elementor-column-gap-default\">\n\t\t\t\t\t<div class=\"elementor-column elementor-col-100 elementor-top-column elementor-element elementor-element-1be91cc\" data-id=\"1be91cc\" data-element_type=\"column\" data-e-type=\"column\">\n\t\t\t<div class=\"elementor-widget-wrap elementor-element-populated\">\n\t\t\t\t\t\t<div class=\"elementor-element elementor-element-4fc38b8 elementor-widget elementor-widget-image\" data-id=\"4fc38b8\" data-element_type=\"widget\" data-e-type=\"widget\" data-widget_type=\"image.default\">\n\t\t\t\t<div class=\"elementor-widget-container\">\n\t\t\t\t\t\t\t\t\t\t\t\t\t\t\t<img fetchpriority=\"high\" decoding=\"async\" width=\"1024\" height=\"572\" src=\"https:\/\/www.ebroresilience.com\/wp-content\/uploads\/2023\/01\/tramo-2-1024x572.png\" class=\"attachment-large size-large wp-image-7058\" alt=\"\" srcset=\"https:\/\/www.ebroresilience.com\/wp-content\/uploads\/2023\/01\/tramo-2-1024x572.png 1024w, https:\/\/www.ebroresilience.com\/wp-content\/uploads\/2023\/01\/tramo-2-300x168.png 300w, https:\/\/www.ebroresilience.com\/wp-content\/uploads\/2023\/01\/tramo-2-768x429.png 768w, https:\/\/www.ebroresilience.com\/wp-content\/uploads\/2023\/01\/tramo-2-260x146.png 260w, https:\/\/www.ebroresilience.com\/wp-content\/uploads\/2023\/01\/tramo-2-50x28.png 50w, https:\/\/www.ebroresilience.com\/wp-content\/uploads\/2023\/01\/tramo-2-134x75.png 134w, https:\/\/www.ebroresilience.com\/wp-content\/uploads\/2023\/01\/tramo-2.png 1351w\" sizes=\"(max-width:767px) 480px, (max-width:1024px) 100vw, 1024px\" \/>\t\t\t\t\t\t\t\t\t\t\t\t\t\t\t<\/div>\n\t\t\t\t<\/div>\n\t\t\t\t\t<\/div>\n\t\t<\/div>\n\t\t\t\t\t<\/div>\n\t\t<\/section>\n\t\t\t\t<section class=\"elementor-section elementor-top-section elementor-element elementor-element-30e5f2c elementor-section-boxed elementor-section-height-default elementor-section-height-default\" data-id=\"30e5f2c\" data-element_type=\"section\" data-e-type=\"section\">\n\t\t\t\t\t\t<div class=\"elementor-container elementor-column-gap-default\">\n\t\t\t\t\t<div class=\"elementor-column elementor-col-100 elementor-top-column elementor-element elementor-element-0102cb6\" data-id=\"0102cb6\" data-element_type=\"column\" data-e-type=\"column\">\n\t\t\t<div class=\"elementor-widget-wrap elementor-element-populated\">\n\t\t\t\t\t\t<div class=\"elementor-element elementor-element-5c109f3 elementor-widget elementor-widget-text-editor\" data-id=\"5c109f3\" data-element_type=\"widget\" data-e-type=\"widget\" data-widget_type=\"text-editor.default\">\n\t\t\t\t<div class=\"elementor-widget-container\">\n\t\t\t\t\t\t\t\t\t<p>All the actions implemented have involved the participation and interaction with stakeholders through the project&#8217;s own mechanisms.<\/p>\n<p>An action common to both sections and pioneering for the depth of the analyses, is the application of technology for <strong>hydraulic modeling and for the elaboration of cost-benefit analyses of the interventions <\/strong>.  <\/p>\n<p>In each area, field study techniques have been applied and have also been subject to modeling to recreate the current situation and the effects with the application of different proposals. The cost and sustainability of each solution and the social and environmental benefits are studied.<\/p>\n\t\t\t\t\t\t\t\t<\/div>\n\t\t\t\t<\/div>\n\t\t\t\t\t<\/div>\n\t\t<\/div>\n\t\t\t\t\t<\/div>\n\t\t<\/section>\n\t\t\t\t<section class=\"elementor-section elementor-top-section elementor-element elementor-element-bd4431e elementor-section-boxed elementor-section-height-default elementor-section-height-default\" data-id=\"bd4431e\" data-element_type=\"section\" data-e-type=\"section\">\n\t\t\t\t\t\t<div class=\"elementor-container elementor-column-gap-default\">\n\t\t\t\t\t<div class=\"elementor-column elementor-col-100 elementor-top-column elementor-element elementor-element-69f2252\" data-id=\"69f2252\" data-element_type=\"column\" data-e-type=\"column\">\n\t\t\t<div class=\"elementor-widget-wrap elementor-element-populated\">\n\t\t\t\t\t\t<div class=\"elementor-element elementor-element-d889c94 elementor-widget elementor-widget-video\" data-id=\"d889c94\" data-element_type=\"widget\" data-e-type=\"widget\" data-settings=\"{&quot;youtube_url&quot;:&quot;https:\\\/\\\/www.youtube.com\\\/watch?v=XeE677LBQ7U&amp;t=35s&quot;,&quot;video_type&quot;:&quot;youtube&quot;,&quot;controls&quot;:&quot;yes&quot;}\" data-widget_type=\"video.default\">\n\t\t\t\t<div class=\"elementor-widget-container\">\n\t\t\t\t\t\t\t<div class=\"elementor-wrapper elementor-open-inline\">\n\t\t\t<div class=\"elementor-video\"><\/div>\t\t<\/div>\n\t\t\t\t\t\t<\/div>\n\t\t\t\t<\/div>\n\t\t\t\t\t<\/div>\n\t\t<\/div>\n\t\t\t\t\t<\/div>\n\t\t<\/section>\n\t\t\t\t<section class=\"elementor-section elementor-top-section elementor-element elementor-element-152c02e elementor-section-boxed elementor-section-height-default elementor-section-height-default\" data-id=\"152c02e\" data-element_type=\"section\" data-e-type=\"section\">\n\t\t\t\t\t\t<div class=\"elementor-container elementor-column-gap-default\">\n\t\t\t\t\t<div class=\"elementor-column elementor-col-100 elementor-top-column elementor-element elementor-element-b4a88a0\" data-id=\"b4a88a0\" data-element_type=\"column\" data-e-type=\"column\">\n\t\t\t<div class=\"elementor-widget-wrap elementor-element-populated\">\n\t\t\t\t\t\t<div class=\"elementor-element elementor-element-9359aeb elementor-widget elementor-widget-text-editor\" data-id=\"9359aeb\" data-element_type=\"widget\" data-e-type=\"widget\" data-widget_type=\"text-editor.default\">\n\t\t\t\t<div class=\"elementor-widget-container\">\n\t\t\t\t\t\t\t\t\t<p><strong>Public participation milestones  <\/strong><\/p>\n<p>Another of the main lines of work has been <strong>social participation<\/strong>, <strong>with more than 40 actions<\/strong>, including meetings of stable groups, which monitor interventions and make proposals; public forums and informative conferences.<\/p>\n<p>The LIFE Project is making an important effort to achieve the involvement of the local population, creating spaces for participation that are a milestone in flood risk management, as there are no previous experiences with the same scope, neither in Spain nor in Europe.<\/p>\n<p>In addition to the meetings of the Stable Conflict Transformation Group and the so-called co-creation groups, <strong>public sessions and workshops have been held<\/strong> on the following topics  open to the whole society to visit the intervention areas, such as the one carried out in Soto de Alfaro (or Soto de Tamarigal); to learn about the project of El Se\u00f1or\u00edo, in Castej\u00f3n, or for such a novel action as analyzing the future recreational uses of the space freed in the meander of La Roza.<\/p>\n\t\t\t\t\t\t\t\t<\/div>\n\t\t\t\t<\/div>\n\t\t\t\t\t<\/div>\n\t\t<\/div>\n\t\t\t\t\t<\/div>\n\t\t<\/section>\n\t\t\t\t<section class=\"elementor-section elementor-top-section elementor-element elementor-element-6c3d12a elementor-section-boxed elementor-section-height-default elementor-section-height-default\" data-id=\"6c3d12a\" data-element_type=\"section\" data-e-type=\"section\">\n\t\t\t\t\t\t<div class=\"elementor-container elementor-column-gap-default\">\n\t\t\t\t\t<div class=\"elementor-column elementor-col-33 elementor-top-column elementor-element elementor-element-f91b36f\" data-id=\"f91b36f\" data-element_type=\"column\" data-e-type=\"column\">\n\t\t\t<div class=\"elementor-widget-wrap elementor-element-populated\">\n\t\t\t\t\t\t<div class=\"elementor-element elementor-element-3b17f76 elementor-widget elementor-widget-image\" data-id=\"3b17f76\" data-element_type=\"widget\" data-e-type=\"widget\" data-widget_type=\"image.default\">\n\t\t\t\t<div class=\"elementor-widget-container\">\n\t\t\t\t\t\t\t\t\t\t\t\t\t\t\t<img decoding=\"async\" width=\"1024\" height=\"630\" src=\"https:\/\/www.ebroresilience.com\/wp-content\/uploads\/2023\/10\/Explicacion-de-proyecto-en-el-Soto-1024x630.jpg\" class=\"attachment-large size-large wp-image-8549\" alt=\"Visita al Soto de Tamarigal, Soto de Alfaro (La Rioja)\" srcset=\"https:\/\/www.ebroresilience.com\/wp-content\/uploads\/2023\/10\/Explicacion-de-proyecto-en-el-Soto-1024x630.jpg 1024w, https:\/\/www.ebroresilience.com\/wp-content\/uploads\/2023\/10\/Explicacion-de-proyecto-en-el-Soto-300x185.jpg 300w, https:\/\/www.ebroresilience.com\/wp-content\/uploads\/2023\/10\/Explicacion-de-proyecto-en-el-Soto-768x472.jpg 768w, https:\/\/www.ebroresilience.com\/wp-content\/uploads\/2023\/10\/Explicacion-de-proyecto-en-el-Soto-1536x945.jpg 1536w, https:\/\/www.ebroresilience.com\/wp-content\/uploads\/2023\/10\/Explicacion-de-proyecto-en-el-Soto-2048x1260.jpg 2048w, https:\/\/www.ebroresilience.com\/wp-content\/uploads\/2023\/10\/Explicacion-de-proyecto-en-el-Soto-237x146.jpg 237w, https:\/\/www.ebroresilience.com\/wp-content\/uploads\/2023\/10\/Explicacion-de-proyecto-en-el-Soto-50x31.jpg 50w, https:\/\/www.ebroresilience.com\/wp-content\/uploads\/2023\/10\/Explicacion-de-proyecto-en-el-Soto-122x75.jpg 122w\" sizes=\"(max-width:767px) 480px, (max-width:1024px) 100vw, 1024px\" \/>\t\t\t\t\t\t\t\t\t\t\t\t\t\t\t<\/div>\n\t\t\t\t<\/div>\n\t\t\t\t\t<\/div>\n\t\t<\/div>\n\t\t\t\t<div class=\"elementor-column elementor-col-33 elementor-top-column elementor-element elementor-element-12acb62\" data-id=\"12acb62\" data-element_type=\"column\" data-e-type=\"column\">\n\t\t\t<div class=\"elementor-widget-wrap elementor-element-populated\">\n\t\t\t\t\t\t<div class=\"elementor-element elementor-element-c8269e8 elementor-widget elementor-widget-image\" data-id=\"c8269e8\" data-element_type=\"widget\" data-e-type=\"widget\" data-widget_type=\"image.default\">\n\t\t\t\t<div class=\"elementor-widget-container\">\n\t\t\t\t\t\t\t\t\t\t\t\t\t\t\t<img decoding=\"async\" width=\"1024\" height=\"675\" src=\"https:\/\/www.ebroresilience.com\/wp-content\/uploads\/2023\/09\/JORNADA-EL-SENORIO-07-09-2023_05-1024x675.jpg\" class=\"attachment-large size-large wp-image-8349\" alt=\"Explicaci\u00f3n del proyecto de adecuaci\u00f3n por parte de David Gargantilla, de la Confederaci\u00f3n Hidrogr\u00e1fica del Ebro\" srcset=\"https:\/\/www.ebroresilience.com\/wp-content\/uploads\/2023\/09\/JORNADA-EL-SENORIO-07-09-2023_05-1024x675.jpg 1024w, https:\/\/www.ebroresilience.com\/wp-content\/uploads\/2023\/09\/JORNADA-EL-SENORIO-07-09-2023_05-300x198.jpg 300w, https:\/\/www.ebroresilience.com\/wp-content\/uploads\/2023\/09\/JORNADA-EL-SENORIO-07-09-2023_05-768x506.jpg 768w, https:\/\/www.ebroresilience.com\/wp-content\/uploads\/2023\/09\/JORNADA-EL-SENORIO-07-09-2023_05-1536x1012.jpg 1536w, https:\/\/www.ebroresilience.com\/wp-content\/uploads\/2023\/09\/JORNADA-EL-SENORIO-07-09-2023_05-2048x1350.jpg 2048w, https:\/\/www.ebroresilience.com\/wp-content\/uploads\/2023\/09\/JORNADA-EL-SENORIO-07-09-2023_05-222x146.jpg 222w, https:\/\/www.ebroresilience.com\/wp-content\/uploads\/2023\/09\/JORNADA-EL-SENORIO-07-09-2023_05-50x33.jpg 50w, https:\/\/www.ebroresilience.com\/wp-content\/uploads\/2023\/09\/JORNADA-EL-SENORIO-07-09-2023_05-114x75.jpg 114w\" sizes=\"(max-width:767px) 480px, (max-width:1024px) 100vw, 1024px\" \/>\t\t\t\t\t\t\t\t\t\t\t\t\t\t\t<\/div>\n\t\t\t\t<\/div>\n\t\t\t\t\t<\/div>\n\t\t<\/div>\n\t\t\t\t<div class=\"elementor-column elementor-col-33 elementor-top-column elementor-element elementor-element-7927440\" data-id=\"7927440\" data-element_type=\"column\" data-e-type=\"column\">\n\t\t\t<div class=\"elementor-widget-wrap elementor-element-populated\">\n\t\t\t\t\t\t<div class=\"elementor-element elementor-element-41f2d26 elementor-widget elementor-widget-image\" data-id=\"41f2d26\" data-element_type=\"widget\" data-e-type=\"widget\" data-widget_type=\"image.default\">\n\t\t\t\t<div class=\"elementor-widget-container\">\n\t\t\t\t\t\t\t\t\t\t\t\t\t\t\t<img loading=\"lazy\" decoding=\"async\" width=\"1024\" height=\"576\" src=\"https:\/\/www.ebroresilience.com\/wp-content\/uploads\/2023\/10\/JORNADA-EL-SENORIO-06-10-2023_12-1024x576.jpg\" class=\"attachment-large size-large wp-image-8558\" alt=\"\" srcset=\"https:\/\/www.ebroresilience.com\/wp-content\/uploads\/2023\/10\/JORNADA-EL-SENORIO-06-10-2023_12-1024x576.jpg 1024w, https:\/\/www.ebroresilience.com\/wp-content\/uploads\/2023\/10\/JORNADA-EL-SENORIO-06-10-2023_12-300x169.jpg 300w, https:\/\/www.ebroresilience.com\/wp-content\/uploads\/2023\/10\/JORNADA-EL-SENORIO-06-10-2023_12-768x432.jpg 768w, https:\/\/www.ebroresilience.com\/wp-content\/uploads\/2023\/10\/JORNADA-EL-SENORIO-06-10-2023_12-1536x864.jpg 1536w, https:\/\/www.ebroresilience.com\/wp-content\/uploads\/2023\/10\/JORNADA-EL-SENORIO-06-10-2023_12-2048x1152.jpg 2048w, https:\/\/www.ebroresilience.com\/wp-content\/uploads\/2023\/10\/JORNADA-EL-SENORIO-06-10-2023_12-260x146.jpg 260w, https:\/\/www.ebroresilience.com\/wp-content\/uploads\/2023\/10\/JORNADA-EL-SENORIO-06-10-2023_12-50x28.jpg 50w, https:\/\/www.ebroresilience.com\/wp-content\/uploads\/2023\/10\/JORNADA-EL-SENORIO-06-10-2023_12-133x75.jpg 133w\" sizes=\"(max-width:767px) 480px, (max-width:1024px) 100vw, 1024px\" \/>\t\t\t\t\t\t\t\t\t\t\t\t\t\t\t<\/div>\n\t\t\t\t<\/div>\n\t\t\t\t\t<\/div>\n\t\t<\/div>\n\t\t\t\t\t<\/div>\n\t\t<\/section>\n\t\t\t\t<section class=\"elementor-section elementor-top-section elementor-element elementor-element-5f62876 elementor-section-boxed elementor-section-height-default elementor-section-height-default\" data-id=\"5f62876\" data-element_type=\"section\" data-e-type=\"section\">\n\t\t\t\t\t\t<div class=\"elementor-container elementor-column-gap-default\">\n\t\t\t\t\t<div class=\"elementor-column elementor-col-100 elementor-top-column elementor-element elementor-element-21e4f76\" data-id=\"21e4f76\" data-element_type=\"column\" data-e-type=\"column\">\n\t\t\t<div class=\"elementor-widget-wrap elementor-element-populated\">\n\t\t\t\t\t\t<div class=\"elementor-element elementor-element-f1bdfc8 elementor-widget elementor-widget-text-editor\" data-id=\"f1bdfc8\" data-element_type=\"widget\" data-e-type=\"widget\" data-widget_type=\"text-editor.default\">\n\t\t\t\t<div class=\"elementor-widget-container\">\n\t\t\t\t\t\t\t\t\t<p>This year, through the participation of the groups, the location of the future monitoring posts that will be part of the <strong>virtual platform for monitoring the interventions<\/strong>, a citizen science experience to increase the general knowledge of the river and the actions, has also been defined.<\/p>\n<p>The LIFE Ebro Resilience P1 project also has a <strong>detailed social capacity building plan<\/strong>. A line of action to increase the population&#8217;s knowledge of the river and the phenomenon of floods, for which eight types of informative materials are being prepared and 16 campaigns are planned for different sectors of the population (technicians, educational sector, communicators, primary sector, environmental sector, general public&#8230;).<\/p>\n<p>During these months, work has been carried out on the development of educational and informative materials and meetings have been held with interested sectors: education, media and journalism students. For the latter, the conference &#8220;Information and extreme events&#8221; was held.<\/p>\n<p>In addition to participation and social involvement, there <strong>are<\/strong> also <strong>milestones in the dissemination and communication<\/strong> of the project and its philosophy. LIFE Ebro Resilience P1 has reinforced the contents and new information sections of its reference website <a href=\"http:\/\/www.ebroresilience.com\">www.ebroresilience.com<\/a> with a <a href=\"https:\/\/www.ebroresilience.com\/en\/life-ebro-resilience-p1\/\">specific space for the project<\/a> and has launched an <a href=\"https:\/\/www.ebroresilience.com\/en\/life-ebro-resilience-p1\/\">English version<\/a> of the page.<\/p>\n<p>The aim is to reach different levels of public, the first one being the riparian population of the areas involved, but also the general public from the primary sector, the educational sector, the local and regional administration, technicians, the media&#8230; For this reason, different information channels have been set up, such as a  <a href=\"https:\/\/www.ebroresilience.com\/en\/newsletters\/\">monthly newsletter<\/a>, <a href=\"https:\/\/www.whatsapp.com\/channel\/0029Va8qjE32phHR9Wfgop3t\">WhatsApp<\/a> and <a href=\"https:\/\/t.me\/+hnvXDc5u9UM2ZTQ8\">Telegram<\/a> channels and various social networks, such as <a href=\"https:\/\/twitter.com\/EBROresilience\">X<\/a> (Twitter), <a href=\"https:\/\/www.facebook.com\/LIFEEbroResilienceP1\">Facebook<\/a>, <a href=\"https:\/\/www.linkedin.com\/company\/proyecto-life-ebro-resilience-p1\/\">LinkedIn<\/a>, <a href=\"https:\/\/www.instagram.com\/lifeebroresilience\/\">Instagram<\/a>, <a href=\"https:\/\/www.youtube.com\/@ebroresilience\/\">YouTube<\/a> and a Tik-Tok channel is being prepared that will serve to access the young audience with which the project is also working.  <\/p>\n\t\t\t\t\t\t\t\t<\/div>\n\t\t\t\t<\/div>\n\t\t\t\t\t<\/div>\n\t\t<\/div>\n\t\t\t\t\t<\/div>\n\t\t<\/section>\n\t\t\t\t<section class=\"elementor-section elementor-top-section elementor-element elementor-element-0dd2b17 elementor-section-boxed elementor-section-height-default elementor-section-height-default\" data-id=\"0dd2b17\" data-element_type=\"section\" data-e-type=\"section\">\n\t\t\t\t\t\t<div class=\"elementor-container elementor-column-gap-default\">\n\t\t\t\t\t<div class=\"elementor-column elementor-col-100 elementor-top-column elementor-element elementor-element-2324be7\" data-id=\"2324be7\" data-element_type=\"column\" data-e-type=\"column\">\n\t\t\t<div class=\"elementor-widget-wrap elementor-element-populated\">\n\t\t\t\t\t\t<div class=\"elementor-element elementor-element-b18a71d elementor-widget elementor-widget-text-editor\" data-id=\"b18a71d\" data-element_type=\"widget\" data-e-type=\"widget\" data-widget_type=\"text-editor.default\">\n\t\t\t\t<div class=\"elementor-widget-container\">\n\t\t\t\t\t\t\t\t\t<p><strong>Milestones in knowledge sharing<\/strong><\/p>\n<p>The technical team has actively participated in congresses, conferences and technical sessions, disseminating the proposals of the LIFE Ebro Resilience P1 Project and making contact with other adaptation project work teams.<\/p>\n<p>In addition, he hosted the delegation from the Water Resources Agency of the Government of Poland and the delegation from the Ministry of Water Management and Irrigation and the Ministry of Energy and Dams of South Sudan.<\/p>\n<p><a href=\"https:\/\/www.ebroresilience.com\/en\/national-and-international-contacts-for-life-ebro-resilience-project\/\">Summary of professional exchanges of the project.<\/a><\/p>\n\t\t\t\t\t\t\t\t<\/div>\n\t\t\t\t<\/div>\n\t\t\t\t\t<\/div>\n\t\t<\/div>\n\t\t\t\t\t<\/div>\n\t\t<\/section>\n\t\t\t\t<section class=\"elementor-section elementor-top-section elementor-element elementor-element-08b70fc elementor-section-boxed elementor-section-height-default elementor-section-height-default\" data-id=\"08b70fc\" data-element_type=\"section\" data-e-type=\"section\">\n\t\t\t\t\t\t<div class=\"elementor-container elementor-column-gap-default\">\n\t\t\t\t\t<div class=\"elementor-column elementor-col-100 elementor-top-column elementor-element elementor-element-b2b41a6\" data-id=\"b2b41a6\" data-element_type=\"column\" data-e-type=\"column\">\n\t\t\t<div class=\"elementor-widget-wrap elementor-element-populated\">\n\t\t\t\t\t\t<div class=\"elementor-element elementor-element-452dd22 elementor-widget elementor-widget-image\" data-id=\"452dd22\" data-element_type=\"widget\" data-e-type=\"widget\" data-widget_type=\"image.default\">\n\t\t\t\t<div class=\"elementor-widget-container\">\n\t\t\t\t\t\t\t\t\t\t\t\t\t\t\t<img loading=\"lazy\" decoding=\"async\" width=\"819\" height=\"1024\" src=\"https:\/\/www.ebroresilience.com\/wp-content\/uploads\/2023\/12\/2-819x1024.png\" class=\"attachment-large size-large wp-image-9319\" alt=\"\" srcset=\"https:\/\/www.ebroresilience.com\/wp-content\/uploads\/2023\/12\/2-819x1024.png 819w, https:\/\/www.ebroresilience.com\/wp-content\/uploads\/2023\/12\/2-240x300.png 240w, https:\/\/www.ebroresilience.com\/wp-content\/uploads\/2023\/12\/2-768x960.png 768w, https:\/\/www.ebroresilience.com\/wp-content\/uploads\/2023\/12\/2-117x146.png 117w, https:\/\/www.ebroresilience.com\/wp-content\/uploads\/2023\/12\/2-40x50.png 40w, https:\/\/www.ebroresilience.com\/wp-content\/uploads\/2023\/12\/2-60x75.png 60w, https:\/\/www.ebroresilience.com\/wp-content\/uploads\/2023\/12\/2.png 1080w\" sizes=\"(max-width:767px) 480px, (max-width:819px) 100vw, 819px\" \/>\t\t\t\t\t\t\t\t\t\t\t\t\t\t\t<\/div>\n\t\t\t\t<\/div>\n\t\t\t\t\t<\/div>\n\t\t<\/div>\n\t\t\t\t\t<\/div>\n\t\t<\/section>\n\t\t\t\t<\/div>\n\t\t","protected":false},"excerpt":{"rendered":"<p>The actions have made significant progress with the closing of the main interventions in the town of Alfaro, in La Rioja, and the start of actions in section 2 of the project, in the province of Zaragoza.<\/p>\n","protected":false},"author":5,"featured_media":8427,"comment_status":"closed","ping_status":"closed","sticky":false,"template":"","format":"standard","meta":{"_acf_changed":false,"ngg_post_thumbnail":0,"footnotes":""},"categories":[377,369],"tags":[380,486,485,489,387,399,398,381,490,379,484],"class_list":["post-9338","post","type-post","status-publish","format-standard","has-post-thumbnail","hentry","category-life-en","category-news","tag-alfaro-en","tag-balance-en","tag-cadreita-en","tag-castejon-en-2","tag-ebro-en","tag-ebro-springs","tag-flood","tag-life-ebro-resilience-p1-en","tag-oserade-ebro-en","tag-restoration","tag-valtierra-en"],"acf":[],"publishpress_future_action":{"enabled":false,"date":"2026-05-06 21:34:10","action":"change-status","newStatus":"draft","terms":[],"taxonomy":"category","extraData":[]},"publishpress_future_workflow_manual_trigger":{"enabledWorkflows":[]},"_links":{"self":[{"href":"https:\/\/www.ebroresilience.com\/en\/wp-json\/wp\/v2\/posts\/9338","targetHints":{"allow":["GET"]}}],"collection":[{"href":"https:\/\/www.ebroresilience.com\/en\/wp-json\/wp\/v2\/posts"}],"about":[{"href":"https:\/\/www.ebroresilience.com\/en\/wp-json\/wp\/v2\/types\/post"}],"author":[{"embeddable":true,"href":"https:\/\/www.ebroresilience.com\/en\/wp-json\/wp\/v2\/users\/5"}],"replies":[{"embeddable":true,"href":"https:\/\/www.ebroresilience.com\/en\/wp-json\/wp\/v2\/comments?post=9338"}],"version-history":[{"count":3,"href":"https:\/\/www.ebroresilience.com\/en\/wp-json\/wp\/v2\/posts\/9338\/revisions"}],"predecessor-version":[{"id":9402,"href":"https:\/\/www.ebroresilience.com\/en\/wp-json\/wp\/v2\/posts\/9338\/revisions\/9402"}],"wp:featuredmedia":[{"embeddable":true,"href":"https:\/\/www.ebroresilience.com\/en\/wp-json\/wp\/v2\/media\/8427"}],"wp:attachment":[{"href":"https:\/\/www.ebroresilience.com\/en\/wp-json\/wp\/v2\/media?parent=9338"}],"wp:term":[{"taxonomy":"category","embeddable":true,"href":"https:\/\/www.ebroresilience.com\/en\/wp-json\/wp\/v2\/categories?post=9338"},{"taxonomy":"post_tag","embeddable":true,"href":"https:\/\/www.ebroresilience.com\/en\/wp-json\/wp\/v2\/tags?post=9338"}],"curies":[{"name":"wp","href":"https:\/\/api.w.org\/{rel}","templated":true}]}}