{"id":9295,"date":"2023-12-29T08:00:41","date_gmt":"2023-12-29T07:00:41","guid":{"rendered":"https:\/\/www.ebroresilience.com\/?p=9295"},"modified":"2023-12-22T07:50:50","modified_gmt":"2023-12-22T06:50:50","slug":"public-conferences-and-informative-sessions-ebro-resilience-actions-open-to-the-whole-of-society","status":"publish","type":"post","link":"https:\/\/www.ebroresilience.com\/en\/public-conferences-and-informative-sessions-ebro-resilience-actions-open-to-the-whole-of-society\/","title":{"rendered":"Public conferences and informative sessions: Ebro Resilience actions open to the whole of society"},"content":{"rendered":"\t\t<div data-elementor-type=\"wp-post\" data-elementor-id=\"9295\" class=\"elementor elementor-9295 elementor-8540\" data-elementor-post-type=\"post\">\n\t\t\t\t\t\t<section class=\"elementor-section elementor-top-section elementor-element elementor-element-f634eb1 elementor-section-boxed elementor-section-height-default elementor-section-height-default\" data-id=\"f634eb1\" data-element_type=\"section\" data-e-type=\"section\">\n\t\t\t\t\t\t<div class=\"elementor-container elementor-column-gap-default\">\n\t\t\t\t\t<div class=\"elementor-column elementor-col-100 elementor-top-column elementor-element elementor-element-101da55\" data-id=\"101da55\" data-element_type=\"column\" data-e-type=\"column\">\n\t\t\t<div class=\"elementor-widget-wrap elementor-element-populated\">\n\t\t\t\t\t\t<div class=\"elementor-element elementor-element-7d0a71a elementor-widget elementor-widget-text-editor\" data-id=\"7d0a71a\" data-element_type=\"widget\" data-e-type=\"widget\" data-widget_type=\"text-editor.default\">\n\t\t\t\t<div class=\"elementor-widget-container\">\n\t\t\t\t\t\t\t\t\t<p>A look at our 2023. To present proposals on recreational use in a protected area, to learn more about how the river works in channeled areas, to experience in the field actions to reduce flood risk, among others. This, and above all, to be in contact with the local population, are the objectives of the open days and sessions organized within the scope of the LIFE Ebro Resilience P1 Project.<\/p>\n<p>The Project has stable participation groups, the so-called co-creation groups and small thematic forums, such as the one on conflict transformation, which were formed at the beginning of the Project and in which those who wanted to become more intensely involved, learn about new proposals and establish stable channels of communication and exchange with the partners and participating Administrations collaborate.<\/p>\n<p>Ebro Resilience also includes specific actions with sectors of the population such as education, informants, professionals, the primary sector, etc.<\/p>\n\t\t\t\t\t\t\t\t<\/div>\n\t\t\t\t<\/div>\n\t\t\t\t\t<\/div>\n\t\t<\/div>\n\t\t\t\t\t<\/div>\n\t\t<\/section>\n\t\t\t\t<section class=\"elementor-section elementor-top-section elementor-element elementor-element-3a4106c elementor-section-boxed elementor-section-height-default elementor-section-height-default\" data-id=\"3a4106c\" data-element_type=\"section\" data-e-type=\"section\">\n\t\t\t\t\t\t<div class=\"elementor-container elementor-column-gap-default\">\n\t\t\t\t\t<div class=\"elementor-column elementor-col-50 elementor-top-column elementor-element elementor-element-9b95c25\" data-id=\"9b95c25\" data-element_type=\"column\" data-e-type=\"column\">\n\t\t\t<div class=\"elementor-widget-wrap elementor-element-populated\">\n\t\t\t\t\t\t<div class=\"elementor-element elementor-element-d4ebf10 elementor-widget elementor-widget-image\" data-id=\"d4ebf10\" data-element_type=\"widget\" data-e-type=\"widget\" data-widget_type=\"image.default\">\n\t\t\t\t<div class=\"elementor-widget-container\">\n\t\t\t\t\t\t\t\t\t\t\t\t<figure class=\"wp-caption\">\n\t\t\t\t\t\t\t\t\t\t<img fetchpriority=\"high\" decoding=\"async\" width=\"1024\" height=\"576\" src=\"https:\/\/www.ebroresilience.com\/wp-content\/uploads\/2023\/10\/JORNADA-EL-SENORIO-06-10-2023_10-1024x576.jpg\" class=\"attachment-large size-large wp-image-8545\" alt=\"Detalle de la visita p\u00fablica al meandro de El Se\u00f1or\u00edo en Castej\u00f3n Navarra\" srcset=\"https:\/\/www.ebroresilience.com\/wp-content\/uploads\/2023\/10\/JORNADA-EL-SENORIO-06-10-2023_10-1024x576.jpg 1024w, https:\/\/www.ebroresilience.com\/wp-content\/uploads\/2023\/10\/JORNADA-EL-SENORIO-06-10-2023_10-300x169.jpg 300w, https:\/\/www.ebroresilience.com\/wp-content\/uploads\/2023\/10\/JORNADA-EL-SENORIO-06-10-2023_10-768x432.jpg 768w, https:\/\/www.ebroresilience.com\/wp-content\/uploads\/2023\/10\/JORNADA-EL-SENORIO-06-10-2023_10-1536x864.jpg 1536w, https:\/\/www.ebroresilience.com\/wp-content\/uploads\/2023\/10\/JORNADA-EL-SENORIO-06-10-2023_10-2048x1152.jpg 2048w, https:\/\/www.ebroresilience.com\/wp-content\/uploads\/2023\/10\/JORNADA-EL-SENORIO-06-10-2023_10-260x146.jpg 260w, https:\/\/www.ebroresilience.com\/wp-content\/uploads\/2023\/10\/JORNADA-EL-SENORIO-06-10-2023_10-50x28.jpg 50w, https:\/\/www.ebroresilience.com\/wp-content\/uploads\/2023\/10\/JORNADA-EL-SENORIO-06-10-2023_10-133x75.jpg 133w\" sizes=\"(max-width:767px) 480px, (max-width:1024px) 100vw, 1024px\" \/>\t\t\t\t\t\t\t\t\t\t\t<figcaption class=\"widget-image-caption wp-caption-text\">Detalle de la visita p\u00fablica al meandro de El Se\u00f1or\u00edo en Castej\u00f3n Navarra <\/figcaption>\n\t\t\t\t\t\t\t\t\t\t<\/figure>\n\t\t\t\t\t\t\t\t\t<\/div>\n\t\t\t\t<\/div>\n\t\t\t\t\t<\/div>\n\t\t<\/div>\n\t\t\t\t<div class=\"elementor-column elementor-col-50 elementor-top-column elementor-element elementor-element-c5bab61\" data-id=\"c5bab61\" data-element_type=\"column\" data-e-type=\"column\">\n\t\t\t<div class=\"elementor-widget-wrap elementor-element-populated\">\n\t\t\t\t\t\t<div class=\"elementor-element elementor-element-628c59c elementor-widget elementor-widget-image\" data-id=\"628c59c\" data-element_type=\"widget\" data-e-type=\"widget\" data-widget_type=\"image.default\">\n\t\t\t\t<div class=\"elementor-widget-container\">\n\t\t\t\t\t\t\t\t\t\t\t\t<figure class=\"wp-caption\">\n\t\t\t\t\t\t\t\t\t\t<img decoding=\"async\" width=\"1024\" height=\"768\" src=\"https:\/\/www.ebroresilience.com\/wp-content\/uploads\/2023\/10\/FORO-USOS-FUTUROS-LA-ROZA-1024x768.jpeg\" class=\"attachment-large size-large wp-image-8547\" alt=\"Foro usos futuros terrenos en el meandro de La Roza (Alfaro)\" srcset=\"https:\/\/www.ebroresilience.com\/wp-content\/uploads\/2023\/10\/FORO-USOS-FUTUROS-LA-ROZA-1024x768.jpeg 1024w, https:\/\/www.ebroresilience.com\/wp-content\/uploads\/2023\/10\/FORO-USOS-FUTUROS-LA-ROZA-300x225.jpeg 300w, https:\/\/www.ebroresilience.com\/wp-content\/uploads\/2023\/10\/FORO-USOS-FUTUROS-LA-ROZA-768x576.jpeg 768w, https:\/\/www.ebroresilience.com\/wp-content\/uploads\/2023\/10\/FORO-USOS-FUTUROS-LA-ROZA-1536x1152.jpeg 1536w, https:\/\/www.ebroresilience.com\/wp-content\/uploads\/2023\/10\/FORO-USOS-FUTUROS-LA-ROZA-195x146.jpeg 195w, https:\/\/www.ebroresilience.com\/wp-content\/uploads\/2023\/10\/FORO-USOS-FUTUROS-LA-ROZA-50x38.jpeg 50w, https:\/\/www.ebroresilience.com\/wp-content\/uploads\/2023\/10\/FORO-USOS-FUTUROS-LA-ROZA-100x75.jpeg 100w, https:\/\/www.ebroresilience.com\/wp-content\/uploads\/2023\/10\/FORO-USOS-FUTUROS-LA-ROZA-960x720.jpeg 960w, https:\/\/www.ebroresilience.com\/wp-content\/uploads\/2023\/10\/FORO-USOS-FUTUROS-LA-ROZA.jpeg 2048w\" sizes=\"(max-width:767px) 480px, (max-width:1024px) 100vw, 1024px\" \/>\t\t\t\t\t\t\t\t\t\t\t<figcaption class=\"widget-image-caption wp-caption-text\">Foro usos futuros terrenos en el meandro de La Roza (Alfaro)<\/figcaption>\n\t\t\t\t\t\t\t\t\t\t<\/figure>\n\t\t\t\t\t\t\t\t\t<\/div>\n\t\t\t\t<\/div>\n\t\t\t\t\t<\/div>\n\t\t<\/div>\n\t\t\t\t\t<\/div>\n\t\t<\/section>\n\t\t\t\t<section class=\"elementor-section elementor-top-section elementor-element elementor-element-3345701 elementor-section-boxed elementor-section-height-default elementor-section-height-default\" data-id=\"3345701\" data-element_type=\"section\" data-e-type=\"section\">\n\t\t\t\t\t\t<div class=\"elementor-container elementor-column-gap-default\">\n\t\t\t\t\t<div class=\"elementor-column elementor-col-100 elementor-top-column elementor-element elementor-element-a0887cd\" data-id=\"a0887cd\" data-element_type=\"column\" data-e-type=\"column\">\n\t\t\t<div class=\"elementor-widget-wrap elementor-element-populated\">\n\t\t\t\t\t\t<div class=\"elementor-element elementor-element-b1a8ea4 elementor-widget elementor-widget-text-editor\" data-id=\"b1a8ea4\" data-element_type=\"widget\" data-e-type=\"widget\" data-widget_type=\"text-editor.default\">\n\t\t\t\t<div class=\"elementor-widget-container\">\n\t\t\t\t\t\t\t\t\t<p>But along with these more stable formulas, the LIFE team is committed to continue expanding the audience and their involvement with the performances. For the LIFE Program, public participation and also the work to increase its adaptive capacity and resilience to floods is a priority objective.<\/p>\n<p>This line includes three examples of activities that have been developed in 2023. In spring, the project invited the population of the surrounding areas of Alfaro (La Rioja), Castej\u00f3n, Valtierra, Cadreita (Navarra), etc. to the  <strong>public forum organized to discuss the future recreational uses of the surroundings of the Alfare\u00f1o meander of La Roza.<\/strong>  In addition, in this session, general and specific proposals were collected for a plot of land that was freed and available after the expropriation process and where the ideas provided are already being evaluated. This activity took place at the Centro de Interpretaci\u00f3n de los Sotos de Alfaro.<\/p>\n<p>During the summer, the participants of the different stable participation groups and other interested parties were able to walk with the LIFE team through the meander of the  <strong>Soto de Alfaro or Soto del Tamarigal.<\/strong>  In the field and in a fruitful informative day, the ways of intervention in protected areas such as this one were explained, betting on the reconnection of the river with the riparian groves, through the application of the curage technique. This will restore the ecosystem and also reduce the impact of flooding on the environment.<\/p>\n\t\t\t\t\t\t\t\t<\/div>\n\t\t\t\t<\/div>\n\t\t\t\t\t<\/div>\n\t\t<\/div>\n\t\t\t\t\t<\/div>\n\t\t<\/section>\n\t\t\t\t<section class=\"elementor-section elementor-top-section elementor-element elementor-element-8c97b18 elementor-section-boxed elementor-section-height-default elementor-section-height-default\" data-id=\"8c97b18\" data-element_type=\"section\" data-e-type=\"section\">\n\t\t\t\t\t\t<div class=\"elementor-container elementor-column-gap-default\">\n\t\t\t\t\t<div class=\"elementor-column elementor-col-33 elementor-top-column elementor-element elementor-element-db626b3\" data-id=\"db626b3\" data-element_type=\"column\" data-e-type=\"column\">\n\t\t\t<div class=\"elementor-widget-wrap elementor-element-populated\">\n\t\t\t\t\t\t<div class=\"elementor-element elementor-element-b880a5c elementor-widget elementor-widget-image\" data-id=\"b880a5c\" data-element_type=\"widget\" data-e-type=\"widget\" data-widget_type=\"image.default\">\n\t\t\t\t<div class=\"elementor-widget-container\">\n\t\t\t\t\t\t\t\t\t\t\t\t\t\t\t\t<a href=\"https:\/\/www.ebroresilience.com\/wp-content\/uploads\/2023\/10\/Explicacion-de-proyecto-en-el-Soto-scaled.jpg\" data-elementor-open-lightbox=\"yes\" data-elementor-lightbox-title=\"Explicaci\u00f3n de proyecto en el Soto\" data-elementor-lightbox-description=\"Visita al Soto de Tamarigal, Soto de Alfaro (La Rioja)\" data-e-action-hash=\"#elementor-action%3Aaction%3Dlightbox%26settings%3DeyJpZCI6ODU0OSwidXJsIjoiaHR0cHM6XC9cL3d3dy5lYnJvcmVzaWxpZW5jZS5jb21cL3dwLWNvbnRlbnRcL3VwbG9hZHNcLzIwMjNcLzEwXC9FeHBsaWNhY2lvbi1kZS1wcm95ZWN0by1lbi1lbC1Tb3RvLXNjYWxlZC5qcGcifQ%3D%3D\">\n\t\t\t\t\t\t\t<img decoding=\"async\" width=\"1024\" height=\"630\" src=\"https:\/\/www.ebroresilience.com\/wp-content\/uploads\/2023\/10\/Explicacion-de-proyecto-en-el-Soto-1024x630.jpg\" class=\"attachment-large size-large wp-image-8549\" alt=\"Visita al Soto de Tamarigal, Soto de Alfaro (La Rioja)\" srcset=\"https:\/\/www.ebroresilience.com\/wp-content\/uploads\/2023\/10\/Explicacion-de-proyecto-en-el-Soto-1024x630.jpg 1024w, https:\/\/www.ebroresilience.com\/wp-content\/uploads\/2023\/10\/Explicacion-de-proyecto-en-el-Soto-300x185.jpg 300w, https:\/\/www.ebroresilience.com\/wp-content\/uploads\/2023\/10\/Explicacion-de-proyecto-en-el-Soto-768x472.jpg 768w, https:\/\/www.ebroresilience.com\/wp-content\/uploads\/2023\/10\/Explicacion-de-proyecto-en-el-Soto-1536x945.jpg 1536w, https:\/\/www.ebroresilience.com\/wp-content\/uploads\/2023\/10\/Explicacion-de-proyecto-en-el-Soto-2048x1260.jpg 2048w, https:\/\/www.ebroresilience.com\/wp-content\/uploads\/2023\/10\/Explicacion-de-proyecto-en-el-Soto-237x146.jpg 237w, https:\/\/www.ebroresilience.com\/wp-content\/uploads\/2023\/10\/Explicacion-de-proyecto-en-el-Soto-50x31.jpg 50w, https:\/\/www.ebroresilience.com\/wp-content\/uploads\/2023\/10\/Explicacion-de-proyecto-en-el-Soto-122x75.jpg 122w\" sizes=\"(max-width:767px) 480px, (max-width:1024px) 100vw, 1024px\" \/>\t\t\t\t\t\t\t\t<\/a>\n\t\t\t\t\t\t\t\t\t\t\t\t\t\t\t<\/div>\n\t\t\t\t<\/div>\n\t\t\t\t\t<\/div>\n\t\t<\/div>\n\t\t\t\t<div class=\"elementor-column elementor-col-33 elementor-top-column elementor-element elementor-element-0fbc39f\" data-id=\"0fbc39f\" data-element_type=\"column\" data-e-type=\"column\">\n\t\t\t<div class=\"elementor-widget-wrap elementor-element-populated\">\n\t\t\t\t\t\t<div class=\"elementor-element elementor-element-9cc0d7f elementor-widget elementor-widget-image\" data-id=\"9cc0d7f\" data-element_type=\"widget\" data-e-type=\"widget\" data-widget_type=\"image.default\">\n\t\t\t\t<div class=\"elementor-widget-container\">\n\t\t\t\t\t\t\t\t\t\t\t\t<figure class=\"wp-caption\">\n\t\t\t\t\t\t\t\t\t\t<img loading=\"lazy\" decoding=\"async\" width=\"1024\" height=\"732\" src=\"https:\/\/www.ebroresilience.com\/wp-content\/uploads\/2023\/10\/Conociendo-el-proytecto-1024x732.jpg\" class=\"attachment-large size-large wp-image-8551\" alt=\"\" srcset=\"https:\/\/www.ebroresilience.com\/wp-content\/uploads\/2023\/10\/Conociendo-el-proytecto-1024x732.jpg 1024w, https:\/\/www.ebroresilience.com\/wp-content\/uploads\/2023\/10\/Conociendo-el-proytecto-300x214.jpg 300w, https:\/\/www.ebroresilience.com\/wp-content\/uploads\/2023\/10\/Conociendo-el-proytecto-768x549.jpg 768w, https:\/\/www.ebroresilience.com\/wp-content\/uploads\/2023\/10\/Conociendo-el-proytecto-1536x1098.jpg 1536w, https:\/\/www.ebroresilience.com\/wp-content\/uploads\/2023\/10\/Conociendo-el-proytecto-2048x1464.jpg 2048w, https:\/\/www.ebroresilience.com\/wp-content\/uploads\/2023\/10\/Conociendo-el-proytecto-204x146.jpg 204w, https:\/\/www.ebroresilience.com\/wp-content\/uploads\/2023\/10\/Conociendo-el-proytecto-50x36.jpg 50w, https:\/\/www.ebroresilience.com\/wp-content\/uploads\/2023\/10\/Conociendo-el-proytecto-105x75.jpg 105w\" sizes=\"(max-width:767px) 480px, (max-width:1024px) 100vw, 1024px\" \/>\t\t\t\t\t\t\t\t\t\t\t<figcaption class=\"widget-image-caption wp-caption-text\">Visit to Soto de Alfaro<\/figcaption>\n\t\t\t\t\t\t\t\t\t\t<\/figure>\n\t\t\t\t\t\t\t\t\t<\/div>\n\t\t\t\t<\/div>\n\t\t\t\t\t<\/div>\n\t\t<\/div>\n\t\t\t\t<div class=\"elementor-column elementor-col-33 elementor-top-column elementor-element elementor-element-d1b7033\" data-id=\"d1b7033\" data-element_type=\"column\" data-e-type=\"column\">\n\t\t\t<div class=\"elementor-widget-wrap elementor-element-populated\">\n\t\t\t\t\t\t<div class=\"elementor-element elementor-element-ec5b4ce elementor-widget elementor-widget-image\" data-id=\"ec5b4ce\" data-element_type=\"widget\" data-e-type=\"widget\" data-widget_type=\"image.default\">\n\t\t\t\t<div class=\"elementor-widget-container\">\n\t\t\t\t\t\t\t\t\t\t\t\t\t\t\t<img loading=\"lazy\" decoding=\"async\" width=\"1024\" height=\"688\" src=\"https:\/\/www.ebroresilience.com\/wp-content\/uploads\/2023\/10\/Explicacion-intervencion-1024x688.jpg\" class=\"attachment-large size-large wp-image-8553\" alt=\"\" srcset=\"https:\/\/www.ebroresilience.com\/wp-content\/uploads\/2023\/10\/Explicacion-intervencion-1024x688.jpg 1024w, https:\/\/www.ebroresilience.com\/wp-content\/uploads\/2023\/10\/Explicacion-intervencion-300x202.jpg 300w, https:\/\/www.ebroresilience.com\/wp-content\/uploads\/2023\/10\/Explicacion-intervencion-768x516.jpg 768w, https:\/\/www.ebroresilience.com\/wp-content\/uploads\/2023\/10\/Explicacion-intervencion-1536x1032.jpg 1536w, https:\/\/www.ebroresilience.com\/wp-content\/uploads\/2023\/10\/Explicacion-intervencion-2048x1376.jpg 2048w, https:\/\/www.ebroresilience.com\/wp-content\/uploads\/2023\/10\/Explicacion-intervencion-217x146.jpg 217w, https:\/\/www.ebroresilience.com\/wp-content\/uploads\/2023\/10\/Explicacion-intervencion-50x34.jpg 50w, https:\/\/www.ebroresilience.com\/wp-content\/uploads\/2023\/10\/Explicacion-intervencion-112x75.jpg 112w\" sizes=\"(max-width:767px) 480px, (max-width:1024px) 100vw, 1024px\" \/>\t\t\t\t\t\t\t\t\t\t\t\t\t\t\t<\/div>\n\t\t\t\t<\/div>\n\t\t\t\t\t<\/div>\n\t\t<\/div>\n\t\t\t\t\t<\/div>\n\t\t<\/section>\n\t\t\t\t<section class=\"elementor-section elementor-top-section elementor-element elementor-element-2c22325 elementor-section-boxed elementor-section-height-default elementor-section-height-default\" data-id=\"2c22325\" data-element_type=\"section\" data-e-type=\"section\">\n\t\t\t\t\t\t<div class=\"elementor-container elementor-column-gap-default\">\n\t\t\t\t\t<div class=\"elementor-column elementor-col-100 elementor-top-column elementor-element elementor-element-b6ff9ab\" data-id=\"b6ff9ab\" data-element_type=\"column\" data-e-type=\"column\">\n\t\t\t<div class=\"elementor-widget-wrap elementor-element-populated\">\n\t\t\t\t\t\t<div class=\"elementor-element elementor-element-279fdd1 elementor-widget elementor-widget-text-editor\" data-id=\"279fdd1\" data-element_type=\"widget\" data-e-type=\"widget\" data-widget_type=\"text-editor.default\">\n\t\t\t\t<div class=\"elementor-widget-container\">\n\t\t\t\t\t\t\t\t\t<p>Finally, in autumn, in September and October, two <strong>complementary actions<\/strong> have been developed <strong>to disseminate, explain and publicize the project of morphological adaptation and restoration of the meander of El Se\u00f1or\u00edo, in Castej\u00f3n, Navarra<\/strong>.<\/p>\n<p>First, an informative session was held at the local museum, with a very high participation. This session allowed the population to learn about the technical aspects of the project and to resolve any doubts about it.<\/p>\n\t\t\t\t\t\t\t\t<\/div>\n\t\t\t\t<\/div>\n\t\t\t\t\t<\/div>\n\t\t<\/div>\n\t\t\t\t\t<\/div>\n\t\t<\/section>\n\t\t\t\t<section class=\"elementor-section elementor-top-section elementor-element elementor-element-cf87dff elementor-section-boxed elementor-section-height-default elementor-section-height-default\" data-id=\"cf87dff\" data-element_type=\"section\" data-e-type=\"section\">\n\t\t\t\t\t\t<div class=\"elementor-container elementor-column-gap-default\">\n\t\t\t\t\t<div class=\"elementor-column elementor-col-33 elementor-top-column elementor-element elementor-element-0c2ffd1\" data-id=\"0c2ffd1\" data-element_type=\"column\" data-e-type=\"column\">\n\t\t\t<div class=\"elementor-widget-wrap elementor-element-populated\">\n\t\t\t\t\t\t<div class=\"elementor-element elementor-element-c5e2bbc elementor-widget elementor-widget-image\" data-id=\"c5e2bbc\" data-element_type=\"widget\" data-e-type=\"widget\" data-widget_type=\"image.default\">\n\t\t\t\t<div class=\"elementor-widget-container\">\n\t\t\t\t\t\t\t\t\t\t\t\t\t\t\t<img loading=\"lazy\" decoding=\"async\" width=\"1024\" height=\"675\" src=\"https:\/\/www.ebroresilience.com\/wp-content\/uploads\/2023\/09\/JORNADA-EL-SENORIO-07-09-2023_05-1024x675.jpg\" class=\"attachment-large size-large wp-image-8349\" alt=\"Explicaci\u00f3n del proyecto de adecuaci\u00f3n por parte de David Gargantilla, de la Confederaci\u00f3n Hidrogr\u00e1fica del Ebro\" srcset=\"https:\/\/www.ebroresilience.com\/wp-content\/uploads\/2023\/09\/JORNADA-EL-SENORIO-07-09-2023_05-1024x675.jpg 1024w, https:\/\/www.ebroresilience.com\/wp-content\/uploads\/2023\/09\/JORNADA-EL-SENORIO-07-09-2023_05-300x198.jpg 300w, https:\/\/www.ebroresilience.com\/wp-content\/uploads\/2023\/09\/JORNADA-EL-SENORIO-07-09-2023_05-768x506.jpg 768w, https:\/\/www.ebroresilience.com\/wp-content\/uploads\/2023\/09\/JORNADA-EL-SENORIO-07-09-2023_05-1536x1012.jpg 1536w, https:\/\/www.ebroresilience.com\/wp-content\/uploads\/2023\/09\/JORNADA-EL-SENORIO-07-09-2023_05-2048x1350.jpg 2048w, https:\/\/www.ebroresilience.com\/wp-content\/uploads\/2023\/09\/JORNADA-EL-SENORIO-07-09-2023_05-222x146.jpg 222w, https:\/\/www.ebroresilience.com\/wp-content\/uploads\/2023\/09\/JORNADA-EL-SENORIO-07-09-2023_05-50x33.jpg 50w, https:\/\/www.ebroresilience.com\/wp-content\/uploads\/2023\/09\/JORNADA-EL-SENORIO-07-09-2023_05-114x75.jpg 114w\" sizes=\"(max-width:767px) 480px, (max-width:1024px) 100vw, 1024px\" \/>\t\t\t\t\t\t\t\t\t\t\t\t\t\t\t<\/div>\n\t\t\t\t<\/div>\n\t\t\t\t\t<\/div>\n\t\t<\/div>\n\t\t\t\t<div class=\"elementor-column elementor-col-33 elementor-top-column elementor-element elementor-element-e291db1\" data-id=\"e291db1\" data-element_type=\"column\" data-e-type=\"column\">\n\t\t\t<div class=\"elementor-widget-wrap elementor-element-populated\">\n\t\t\t\t\t\t<div class=\"elementor-element elementor-element-c67e2ec elementor-widget elementor-widget-image\" data-id=\"c67e2ec\" data-element_type=\"widget\" data-e-type=\"widget\" data-widget_type=\"image.default\">\n\t\t\t\t<div class=\"elementor-widget-container\">\n\t\t\t\t\t\t\t\t\t\t\t\t<figure class=\"wp-caption\">\n\t\t\t\t\t\t\t\t\t\t<img loading=\"lazy\" decoding=\"async\" width=\"1024\" height=\"699\" src=\"https:\/\/www.ebroresilience.com\/wp-content\/uploads\/2023\/09\/JORNADA-EL-SENORIO-07-09-2023_07-1024x699.jpg\" class=\"attachment-large size-large wp-image-8353\" alt=\"Exposici\u00f3n del Servicio de Patrimonio en la jornada P\u00fablica de El Se\u00f1or\u00edo\" srcset=\"https:\/\/www.ebroresilience.com\/wp-content\/uploads\/2023\/09\/JORNADA-EL-SENORIO-07-09-2023_07-1024x699.jpg 1024w, https:\/\/www.ebroresilience.com\/wp-content\/uploads\/2023\/09\/JORNADA-EL-SENORIO-07-09-2023_07-300x205.jpg 300w, https:\/\/www.ebroresilience.com\/wp-content\/uploads\/2023\/09\/JORNADA-EL-SENORIO-07-09-2023_07-768x524.jpg 768w, https:\/\/www.ebroresilience.com\/wp-content\/uploads\/2023\/09\/JORNADA-EL-SENORIO-07-09-2023_07-1536x1048.jpg 1536w, https:\/\/www.ebroresilience.com\/wp-content\/uploads\/2023\/09\/JORNADA-EL-SENORIO-07-09-2023_07-2048x1398.jpg 2048w, https:\/\/www.ebroresilience.com\/wp-content\/uploads\/2023\/09\/JORNADA-EL-SENORIO-07-09-2023_07-214x146.jpg 214w, https:\/\/www.ebroresilience.com\/wp-content\/uploads\/2023\/09\/JORNADA-EL-SENORIO-07-09-2023_07-50x34.jpg 50w, https:\/\/www.ebroresilience.com\/wp-content\/uploads\/2023\/09\/JORNADA-EL-SENORIO-07-09-2023_07-110x75.jpg 110w\" sizes=\"(max-width:767px) 480px, (max-width:1024px) 100vw, 1024px\" \/>\t\t\t\t\t\t\t\t\t\t\t<figcaption class=\"widget-image-caption wp-caption-text\">Informative session on the meander of El Se\u00f1or\u00edo<\/figcaption>\n\t\t\t\t\t\t\t\t\t\t<\/figure>\n\t\t\t\t\t\t\t\t\t<\/div>\n\t\t\t\t<\/div>\n\t\t\t\t\t<\/div>\n\t\t<\/div>\n\t\t\t\t<div class=\"elementor-column elementor-col-33 elementor-top-column elementor-element elementor-element-1f7ce9b\" data-id=\"1f7ce9b\" data-element_type=\"column\" data-e-type=\"column\">\n\t\t\t<div class=\"elementor-widget-wrap elementor-element-populated\">\n\t\t\t\t\t\t<div class=\"elementor-element elementor-element-2ae7a80 elementor-widget elementor-widget-image\" data-id=\"2ae7a80\" data-element_type=\"widget\" data-e-type=\"widget\" data-widget_type=\"image.default\">\n\t\t\t\t<div class=\"elementor-widget-container\">\n\t\t\t\t\t\t\t\t\t\t\t\t\t\t\t<img loading=\"lazy\" decoding=\"async\" width=\"1024\" height=\"768\" src=\"https:\/\/www.ebroresilience.com\/wp-content\/uploads\/2023\/09\/IMG20230907175817-1024x768.jpg\" class=\"attachment-large size-large wp-image-8351\" alt=\"Recepci\u00f3n de los participantes a la jornada El Se\u00f1or\u00edo\" srcset=\"https:\/\/www.ebroresilience.com\/wp-content\/uploads\/2023\/09\/IMG20230907175817-1024x768.jpg 1024w, https:\/\/www.ebroresilience.com\/wp-content\/uploads\/2023\/09\/IMG20230907175817-300x225.jpg 300w, https:\/\/www.ebroresilience.com\/wp-content\/uploads\/2023\/09\/IMG20230907175817-768x576.jpg 768w, https:\/\/www.ebroresilience.com\/wp-content\/uploads\/2023\/09\/IMG20230907175817-1536x1152.jpg 1536w, https:\/\/www.ebroresilience.com\/wp-content\/uploads\/2023\/09\/IMG20230907175817-2048x1536.jpg 2048w, https:\/\/www.ebroresilience.com\/wp-content\/uploads\/2023\/09\/IMG20230907175817-195x146.jpg 195w, https:\/\/www.ebroresilience.com\/wp-content\/uploads\/2023\/09\/IMG20230907175817-50x38.jpg 50w, https:\/\/www.ebroresilience.com\/wp-content\/uploads\/2023\/09\/IMG20230907175817-100x75.jpg 100w, https:\/\/www.ebroresilience.com\/wp-content\/uploads\/2023\/09\/IMG20230907175817-960x720.jpg 960w\" sizes=\"(max-width:767px) 480px, (max-width:1024px) 100vw, 1024px\" \/>\t\t\t\t\t\t\t\t\t\t\t\t\t\t\t<\/div>\n\t\t\t\t<\/div>\n\t\t\t\t\t<\/div>\n\t\t<\/div>\n\t\t\t\t\t<\/div>\n\t\t<\/section>\n\t\t\t\t<section class=\"elementor-section elementor-top-section elementor-element elementor-element-3a462d6 elementor-section-boxed elementor-section-height-default elementor-section-height-default\" data-id=\"3a462d6\" data-element_type=\"section\" data-e-type=\"section\">\n\t\t\t\t\t\t<div class=\"elementor-container elementor-column-gap-default\">\n\t\t\t\t\t<div class=\"elementor-column elementor-col-100 elementor-top-column elementor-element elementor-element-8ce5a1b\" data-id=\"8ce5a1b\" data-element_type=\"column\" data-e-type=\"column\">\n\t\t\t<div class=\"elementor-widget-wrap elementor-element-populated\">\n\t\t\t\t\t\t<div class=\"elementor-element elementor-element-c873215 elementor-widget elementor-widget-text-editor\" data-id=\"c873215\" data-element_type=\"widget\" data-e-type=\"widget\" data-widget_type=\"text-editor.default\">\n\t\t\t\t<div class=\"elementor-widget-container\">\n\t\t\t\t\t\t\t\t\t<p><strong>Visiting the meander of El Se\u00f1or\u00edo<\/strong><\/p>\n<p>The last of these proposals was the informative visit in October to the future intervention area in this meander. During the visit, the areas where the river narrows were visited, the proposals were explained in the field, doubts were solved and impressions were gathered.  <\/p>\n<p>The activity had an important participation of all kinds of public that was encouraged to make a walking tour from the Museum of Castej\u00f3n, to several observation points of the meander and the river.<\/p>\n<p>The <strong>objectives<\/strong>  of the El Se\u00f1or\u00edo project are  <strong>reduce the risk of flooding<\/strong> throughout the entire stretch; <strong>return the meander to its natural functions<\/strong> in terms of the recovery of river dynamics and the evacuation of flows in flood situations, and to prevent deterioration, protect and <strong>improving the state of ecosystems<\/strong> aquatic, terrestrial and wetlands.<\/p>\n\t\t\t\t\t\t\t\t<\/div>\n\t\t\t\t<\/div>\n\t\t\t\t\t<\/div>\n\t\t<\/div>\n\t\t\t\t\t<\/div>\n\t\t<\/section>\n\t\t\t\t<section class=\"elementor-section elementor-top-section elementor-element elementor-element-c47b288 elementor-section-full_width elementor-section-content-top elementor-section-height-default elementor-section-height-default\" data-id=\"c47b288\" data-element_type=\"section\" data-e-type=\"section\">\n\t\t\t\t\t\t<div class=\"elementor-container elementor-column-gap-narrow\">\n\t\t\t\t\t<div class=\"elementor-column elementor-col-33 elementor-top-column elementor-element elementor-element-8f380ca\" data-id=\"8f380ca\" data-element_type=\"column\" data-e-type=\"column\">\n\t\t\t<div class=\"elementor-widget-wrap elementor-element-populated\">\n\t\t\t\t\t\t<div class=\"elementor-element elementor-element-c8b55b9 elementor-widget elementor-widget-image\" data-id=\"c8b55b9\" data-element_type=\"widget\" data-e-type=\"widget\" data-widget_type=\"image.default\">\n\t\t\t\t<div class=\"elementor-widget-container\">\n\t\t\t\t\t\t\t\t\t\t\t\t<figure class=\"wp-caption\">\n\t\t\t\t\t\t\t\t\t\t<img loading=\"lazy\" decoding=\"async\" width=\"1024\" height=\"576\" src=\"https:\/\/www.ebroresilience.com\/wp-content\/uploads\/2023\/10\/JORNADA-EL-SENORIO-06-10-2023_05-1024x576.jpg\" class=\"attachment-large size-large wp-image-8556\" alt=\"Visita divulgativa al meandro de El Se\u00f1or\u00edo, Castej\u00f3n, Navarra.\" srcset=\"https:\/\/www.ebroresilience.com\/wp-content\/uploads\/2023\/10\/JORNADA-EL-SENORIO-06-10-2023_05-1024x576.jpg 1024w, https:\/\/www.ebroresilience.com\/wp-content\/uploads\/2023\/10\/JORNADA-EL-SENORIO-06-10-2023_05-300x169.jpg 300w, https:\/\/www.ebroresilience.com\/wp-content\/uploads\/2023\/10\/JORNADA-EL-SENORIO-06-10-2023_05-768x432.jpg 768w, https:\/\/www.ebroresilience.com\/wp-content\/uploads\/2023\/10\/JORNADA-EL-SENORIO-06-10-2023_05-1536x864.jpg 1536w, https:\/\/www.ebroresilience.com\/wp-content\/uploads\/2023\/10\/JORNADA-EL-SENORIO-06-10-2023_05-2048x1152.jpg 2048w, https:\/\/www.ebroresilience.com\/wp-content\/uploads\/2023\/10\/JORNADA-EL-SENORIO-06-10-2023_05-260x146.jpg 260w, https:\/\/www.ebroresilience.com\/wp-content\/uploads\/2023\/10\/JORNADA-EL-SENORIO-06-10-2023_05-50x28.jpg 50w, https:\/\/www.ebroresilience.com\/wp-content\/uploads\/2023\/10\/JORNADA-EL-SENORIO-06-10-2023_05-133x75.jpg 133w\" sizes=\"(max-width:767px) 480px, (max-width:1024px) 100vw, 1024px\" \/>\t\t\t\t\t\t\t\t\t\t\t<figcaption class=\"widget-image-caption wp-caption-text\">Visita divulgativa al meandro de El Se\u00f1or\u00edo, Castej\u00f3n, Navarra.<\/figcaption>\n\t\t\t\t\t\t\t\t\t\t<\/figure>\n\t\t\t\t\t\t\t\t\t<\/div>\n\t\t\t\t<\/div>\n\t\t\t\t\t<\/div>\n\t\t<\/div>\n\t\t\t\t<div class=\"elementor-column elementor-col-33 elementor-top-column elementor-element elementor-element-3f38971\" data-id=\"3f38971\" data-element_type=\"column\" data-e-type=\"column\">\n\t\t\t<div class=\"elementor-widget-wrap elementor-element-populated\">\n\t\t\t\t\t\t<div class=\"elementor-element elementor-element-e9950c7 elementor-widget elementor-widget-image\" data-id=\"e9950c7\" data-element_type=\"widget\" data-e-type=\"widget\" data-widget_type=\"image.default\">\n\t\t\t\t<div class=\"elementor-widget-container\">\n\t\t\t\t\t\t\t\t\t\t\t\t<figure class=\"wp-caption\">\n\t\t\t\t\t\t\t\t\t\t<img loading=\"lazy\" decoding=\"async\" width=\"1024\" height=\"576\" src=\"https:\/\/www.ebroresilience.com\/wp-content\/uploads\/2023\/10\/JORNADA-EL-SENORIO-06-10-2023_12-1024x576.jpg\" class=\"attachment-large size-large wp-image-8558\" alt=\"\" srcset=\"https:\/\/www.ebroresilience.com\/wp-content\/uploads\/2023\/10\/JORNADA-EL-SENORIO-06-10-2023_12-1024x576.jpg 1024w, https:\/\/www.ebroresilience.com\/wp-content\/uploads\/2023\/10\/JORNADA-EL-SENORIO-06-10-2023_12-300x169.jpg 300w, https:\/\/www.ebroresilience.com\/wp-content\/uploads\/2023\/10\/JORNADA-EL-SENORIO-06-10-2023_12-768x432.jpg 768w, https:\/\/www.ebroresilience.com\/wp-content\/uploads\/2023\/10\/JORNADA-EL-SENORIO-06-10-2023_12-1536x864.jpg 1536w, https:\/\/www.ebroresilience.com\/wp-content\/uploads\/2023\/10\/JORNADA-EL-SENORIO-06-10-2023_12-2048x1152.jpg 2048w, https:\/\/www.ebroresilience.com\/wp-content\/uploads\/2023\/10\/JORNADA-EL-SENORIO-06-10-2023_12-260x146.jpg 260w, https:\/\/www.ebroresilience.com\/wp-content\/uploads\/2023\/10\/JORNADA-EL-SENORIO-06-10-2023_12-50x28.jpg 50w, https:\/\/www.ebroresilience.com\/wp-content\/uploads\/2023\/10\/JORNADA-EL-SENORIO-06-10-2023_12-133x75.jpg 133w\" sizes=\"(max-width:767px) 480px, (max-width:1024px) 100vw, 1024px\" \/>\t\t\t\t\t\t\t\t\t\t\t<figcaption class=\"widget-image-caption wp-caption-text\">Informative visit to the meander of El Se\u00f1or\u00edo, Castej\u00f3n, Navarre<\/figcaption>\n\t\t\t\t\t\t\t\t\t\t<\/figure>\n\t\t\t\t\t\t\t\t\t<\/div>\n\t\t\t\t<\/div>\n\t\t\t\t\t<\/div>\n\t\t<\/div>\n\t\t\t\t<div class=\"elementor-column elementor-col-33 elementor-top-column elementor-element elementor-element-65c1d91\" data-id=\"65c1d91\" data-element_type=\"column\" data-e-type=\"column\">\n\t\t\t<div class=\"elementor-widget-wrap elementor-element-populated\">\n\t\t\t\t\t\t<div class=\"elementor-element elementor-element-f474873 elementor-widget elementor-widget-image\" data-id=\"f474873\" data-element_type=\"widget\" data-e-type=\"widget\" data-widget_type=\"image.default\">\n\t\t\t\t<div class=\"elementor-widget-container\">\n\t\t\t\t\t\t\t\t\t\t\t\t\t\t\t<img loading=\"lazy\" decoding=\"async\" width=\"1024\" height=\"576\" src=\"https:\/\/www.ebroresilience.com\/wp-content\/uploads\/2023\/10\/JORNADA-EL-SENORIO-06-10-2023_09-1024x576.jpg\" class=\"attachment-large size-large wp-image-8560\" alt=\"\" srcset=\"https:\/\/www.ebroresilience.com\/wp-content\/uploads\/2023\/10\/JORNADA-EL-SENORIO-06-10-2023_09-1024x576.jpg 1024w, https:\/\/www.ebroresilience.com\/wp-content\/uploads\/2023\/10\/JORNADA-EL-SENORIO-06-10-2023_09-300x169.jpg 300w, https:\/\/www.ebroresilience.com\/wp-content\/uploads\/2023\/10\/JORNADA-EL-SENORIO-06-10-2023_09-768x432.jpg 768w, https:\/\/www.ebroresilience.com\/wp-content\/uploads\/2023\/10\/JORNADA-EL-SENORIO-06-10-2023_09-1536x864.jpg 1536w, https:\/\/www.ebroresilience.com\/wp-content\/uploads\/2023\/10\/JORNADA-EL-SENORIO-06-10-2023_09-2048x1152.jpg 2048w, https:\/\/www.ebroresilience.com\/wp-content\/uploads\/2023\/10\/JORNADA-EL-SENORIO-06-10-2023_09-260x146.jpg 260w, https:\/\/www.ebroresilience.com\/wp-content\/uploads\/2023\/10\/JORNADA-EL-SENORIO-06-10-2023_09-50x28.jpg 50w, https:\/\/www.ebroresilience.com\/wp-content\/uploads\/2023\/10\/JORNADA-EL-SENORIO-06-10-2023_09-133x75.jpg 133w\" sizes=\"(max-width:767px) 480px, (max-width:1024px) 100vw, 1024px\" \/>\t\t\t\t\t\t\t\t\t\t\t\t\t\t\t<\/div>\n\t\t\t\t<\/div>\n\t\t\t\t\t<\/div>\n\t\t<\/div>\n\t\t\t\t\t<\/div>\n\t\t<\/section>\n\t\t\t\t<section class=\"elementor-section elementor-top-section elementor-element elementor-element-9c32527 elementor-section-boxed elementor-section-height-default elementor-section-height-default\" data-id=\"9c32527\" data-element_type=\"section\" data-e-type=\"section\">\n\t\t\t\t\t\t<div class=\"elementor-container elementor-column-gap-default\">\n\t\t\t\t\t<div class=\"elementor-column elementor-col-100 elementor-top-column elementor-element elementor-element-ffc691c\" data-id=\"ffc691c\" data-element_type=\"column\" data-e-type=\"column\">\n\t\t\t<div class=\"elementor-widget-wrap elementor-element-populated\">\n\t\t\t\t\t\t<div class=\"elementor-element elementor-element-fe877ff elementor-widget elementor-widget-text-editor\" data-id=\"fe877ff\" data-element_type=\"widget\" data-e-type=\"widget\" data-widget_type=\"text-editor.default\">\n\t\t\t\t<div class=\"elementor-widget-container\">\n\t\t\t\t\t\t\t\t\t<p><strong>LIFE Project<\/strong><\/p>\n<p>The LIFE Ebro Resilience P1 Project (LIFE20 ENV\/ES\/00327), approved by the European Commission in the LIFE 2020 call, covers three autonomous communities (La Rioja, Navarra and Arag\u00f3n), has a duration of 6 years and a total budget of 13,310,350 \u20ac, with 55% European funding.<\/p>\n<p>This Project is also an example of institutional coordination and cooperation in the intervention section, being its partners the Ministry for Ecological Transition and Demographic Challenge (MITECO), through its companies TRAGSA and TRAGSATEC; Ebro Hydrographic Confederation; Government of La Rioja; Government of Navarra, through Gesti\u00f3n Ambiental de Navarra, S.A. (GAN-NIK); Government of Arag\u00f3n and the Aragonese Water Institute.<\/p>\n\t\t\t\t\t\t\t\t<\/div>\n\t\t\t\t<\/div>\n\t\t\t\t\t<\/div>\n\t\t<\/div>\n\t\t\t\t\t<\/div>\n\t\t<\/section>\n\t\t\t\t<\/div>\n\t\t","protected":false},"excerpt":{"rendered":"<p>In addition to the stable participation groups that have been running for over a year and the activities for different sectors included in the capacity building plan, the project has launched these months the first actions of assistance and open participation, expanding the public and involvement with the LIFE proposals.  <\/p>\n","protected":false},"author":5,"featured_media":8543,"comment_status":"closed","ping_status":"closed","sticky":false,"template":"","format":"standard","meta":{"_acf_changed":false,"ngg_post_thumbnail":0,"footnotes":""},"categories":[377,369],"tags":[380,478,411,476,456,398,477,381,395,379],"class_list":["post-9295","post","type-post","status-publish","format-standard","has-post-thumbnail","hentry","category-life-en","category-news","tag-alfaro-en","tag-capacity-building","tag-castejon-en","tag-conference","tag-disclosure","tag-flood","tag-groves","tag-life-ebro-resilience-p1-en","tag-participation","tag-restoration"],"acf":[],"publishpress_future_action":{"enabled":false,"date":"2026-05-06 20:06:23","action":"change-status","newStatus":"draft","terms":[],"taxonomy":"category","extraData":[]},"publishpress_future_workflow_manual_trigger":{"enabledWorkflows":[]},"_links":{"self":[{"href":"https:\/\/www.ebroresilience.com\/en\/wp-json\/wp\/v2\/posts\/9295","targetHints":{"allow":["GET"]}}],"collection":[{"href":"https:\/\/www.ebroresilience.com\/en\/wp-json\/wp\/v2\/posts"}],"about":[{"href":"https:\/\/www.ebroresilience.com\/en\/wp-json\/wp\/v2\/types\/post"}],"author":[{"embeddable":true,"href":"https:\/\/www.ebroresilience.com\/en\/wp-json\/wp\/v2\/users\/5"}],"replies":[{"embeddable":true,"href":"https:\/\/www.ebroresilience.com\/en\/wp-json\/wp\/v2\/comments?post=9295"}],"version-history":[{"count":2,"href":"https:\/\/www.ebroresilience.com\/en\/wp-json\/wp\/v2\/posts\/9295\/revisions"}],"predecessor-version":[{"id":9299,"href":"https:\/\/www.ebroresilience.com\/en\/wp-json\/wp\/v2\/posts\/9295\/revisions\/9299"}],"wp:featuredmedia":[{"embeddable":true,"href":"https:\/\/www.ebroresilience.com\/en\/wp-json\/wp\/v2\/media\/8543"}],"wp:attachment":[{"href":"https:\/\/www.ebroresilience.com\/en\/wp-json\/wp\/v2\/media?parent=9295"}],"wp:term":[{"taxonomy":"category","embeddable":true,"href":"https:\/\/www.ebroresilience.com\/en\/wp-json\/wp\/v2\/categories?post=9295"},{"taxonomy":"post_tag","embeddable":true,"href":"https:\/\/www.ebroresilience.com\/en\/wp-json\/wp\/v2\/tags?post=9295"}],"curies":[{"name":"wp","href":"https:\/\/api.w.org\/{rel}","templated":true}]}}