{"id":9014,"date":"2023-11-23T07:47:00","date_gmt":"2023-11-23T06:47:00","guid":{"rendered":"https:\/\/www.ebroresilience.com\/?p=9014"},"modified":"2023-11-30T08:52:22","modified_gmt":"2023-11-30T07:52:22","slug":"ebro-resilience-participation-actions-botin-foundation-award-for-sustainable-management","status":"publish","type":"post","link":"https:\/\/www.ebroresilience.com\/en\/ebro-resilience-participation-actions-botin-foundation-award-for-sustainable-management\/","title":{"rendered":"Ebro Resilience participation actions, Bot\u00edn Foundation award for sustainable management"},"content":{"rendered":"\t\t<div data-elementor-type=\"wp-post\" data-elementor-id=\"9014\" class=\"elementor elementor-9014 elementor-8999\" data-elementor-post-type=\"post\">\n\t\t\t\t\t\t<section class=\"elementor-section elementor-top-section elementor-element elementor-element-83be832 elementor-section-boxed elementor-section-height-default elementor-section-height-default\" data-id=\"83be832\" data-element_type=\"section\" data-e-type=\"section\">\n\t\t\t\t\t\t<div class=\"elementor-container elementor-column-gap-default\">\n\t\t\t\t\t<div class=\"elementor-column elementor-col-100 elementor-top-column elementor-element elementor-element-d64450a\" data-id=\"d64450a\" data-element_type=\"column\" data-e-type=\"column\">\n\t\t\t<div class=\"elementor-widget-wrap elementor-element-populated\">\n\t\t\t\t\t\t<div class=\"elementor-element elementor-element-5fd550e elementor-widget elementor-widget-text-editor\" data-id=\"5fd550e\" data-element_type=\"widget\" data-e-type=\"widget\" data-widget_type=\"text-editor.default\">\n\t\t\t\t<div class=\"elementor-widget-container\">\n\t\t\t\t\t\t\t\t\t<p>The Ebro Resilience Strategy is in luck. The Bot\u00edn Foundation recently announced the winners of its awards for Sustainable Management and the Strategy&#8217;s participation proposals have been recognized in this edition.<\/p>\n<p>Specifically, it has been awarded in modality C of this call that seeks initiatives or projects aimed at promoting the involvement of citizens to move towards a joint vision or the resolution of conflicts and problems related to water and its management.<\/p>\n<p>The prize, exequo with the project &#8220;El Salto tiene Porvenir&#8221;, has been awarded to the Strategy with its head of Participation, Alba Ballester Ciur\u00f3 at the head.<\/p>\n<p>Each year, the<a href=\"https:\/\/fundacionbotin.org\/programas\/observatorio-del-agua\/premios-al-talento-joven\/\" target=\"_blank\" rel=\"noopener\"> Water Observatory<\/a> announces at least three awards for innovation and the dissemination of ideas, projects and technologies with proven results for sustainable water management.<\/p>\n\t\t\t\t\t\t\t\t<\/div>\n\t\t\t\t<\/div>\n\t\t\t\t\t<\/div>\n\t\t<\/div>\n\t\t\t\t\t<\/div>\n\t\t<\/section>\n\t\t\t\t<section class=\"elementor-section elementor-top-section elementor-element elementor-element-fcc1ead elementor-section-boxed elementor-section-height-default elementor-section-height-default\" data-id=\"fcc1ead\" data-element_type=\"section\" data-e-type=\"section\">\n\t\t\t\t\t\t<div class=\"elementor-container elementor-column-gap-default\">\n\t\t\t\t\t<div class=\"elementor-column elementor-col-100 elementor-top-column elementor-element elementor-element-8568c11\" data-id=\"8568c11\" data-element_type=\"column\" data-e-type=\"column\">\n\t\t\t<div class=\"elementor-widget-wrap elementor-element-populated\">\n\t\t\t\t\t\t<div class=\"elementor-element elementor-element-1edaaf2 elementor-widget elementor-widget-image\" data-id=\"1edaaf2\" data-element_type=\"widget\" data-e-type=\"widget\" data-widget_type=\"image.default\">\n\t\t\t\t<div class=\"elementor-widget-container\">\n\t\t\t\t\t\t\t\t\t\t\t\t\t\t\t\t<a href=\"https:\/\/fundacionbotin.org\/programas\/observatorio-del-agua\/premios-al-talento-joven\/\" target=\"_blank\">\n\t\t\t\t\t\t\t<img fetchpriority=\"high\" decoding=\"async\" width=\"1024\" height=\"205\" src=\"https:\/\/www.ebroresilience.com\/wp-content\/uploads\/2023\/11\/Diseno-sin-titulo-53-1024x205.png\" class=\"attachment-large size-large wp-image-9004\" alt=\"\" srcset=\"https:\/\/www.ebroresilience.com\/wp-content\/uploads\/2023\/11\/Diseno-sin-titulo-53-1024x205.png 1024w, https:\/\/www.ebroresilience.com\/wp-content\/uploads\/2023\/11\/Diseno-sin-titulo-53-300x60.png 300w, https:\/\/www.ebroresilience.com\/wp-content\/uploads\/2023\/11\/Diseno-sin-titulo-53-768x154.png 768w, https:\/\/www.ebroresilience.com\/wp-content\/uploads\/2023\/11\/Diseno-sin-titulo-53-1536x307.png 1536w, https:\/\/www.ebroresilience.com\/wp-content\/uploads\/2023\/11\/Diseno-sin-titulo-53-260x52.png 260w, https:\/\/www.ebroresilience.com\/wp-content\/uploads\/2023\/11\/Diseno-sin-titulo-53-50x10.png 50w, https:\/\/www.ebroresilience.com\/wp-content\/uploads\/2023\/11\/Diseno-sin-titulo-53-150x30.png 150w, https:\/\/www.ebroresilience.com\/wp-content\/uploads\/2023\/11\/Diseno-sin-titulo-53.png 2000w\" sizes=\"(max-width:767px) 480px, (max-width:1024px) 100vw, 1024px\" \/>\t\t\t\t\t\t\t\t<\/a>\n\t\t\t\t\t\t\t\t\t\t\t\t\t\t\t<\/div>\n\t\t\t\t<\/div>\n\t\t\t\t\t<\/div>\n\t\t<\/div>\n\t\t\t\t\t<\/div>\n\t\t<\/section>\n\t\t\t\t<section class=\"elementor-section elementor-top-section elementor-element elementor-element-49b605c elementor-section-boxed elementor-section-height-default elementor-section-height-default\" data-id=\"49b605c\" data-element_type=\"section\" data-e-type=\"section\">\n\t\t\t\t\t\t<div class=\"elementor-container elementor-column-gap-default\">\n\t\t\t\t\t<div class=\"elementor-column elementor-col-100 elementor-top-column elementor-element elementor-element-61b66f3\" data-id=\"61b66f3\" data-element_type=\"column\" data-e-type=\"column\">\n\t\t\t<div class=\"elementor-widget-wrap elementor-element-populated\">\n\t\t\t\t\t\t<div class=\"elementor-element elementor-element-f8080aa elementor-widget elementor-widget-text-editor\" data-id=\"f8080aa\" data-element_type=\"widget\" data-e-type=\"widget\" data-widget_type=\"text-editor.default\">\n\t\t\t\t<div class=\"elementor-widget-container\">\n\t\t\t\t\t\t\t\t\t<\/p>\n<p><strong>The importance of participation<\/strong><\/p>\n<p>Public participation is one of the pillars of the Ebro Resilience Strategy and the LIFE Ebro Resilience P1 Project that is integrated in it.<\/p>\n<p>This participation allows:<\/p>\n<ul>\n<li>Inform the population affected by the flood risk about the lines of action and the specific measures proposed in the framework of the project.<\/li>\n<li>Improve and agree on the actions to be carried out within the framework of the project, according to the contributions of the inhabitants of the river territory.<\/li>\n<li>Capacity building of stakeholders and the general public to reduce their vulnerability to flood risk.<\/li>\n<\/ul>\n<p>The LIFE Project has stable participation groups, the so-called co-creation groups and small thematic forums, such as the one on conflict transformation, which were formed at the beginning of the project and in which collaborate those who wanted to become more intensely involved, learn about new proposals and establish stable communication and exchange channels with partners and participating Administrations.<\/p>\n<p>Ebro Resilience also includes specific actions with sectors of the population such as education, informants, professionals, the primary sector, etc.<\/p>\n\t\t\t\t\t\t\t\t<\/div>\n\t\t\t\t<\/div>\n\t\t\t\t\t<\/div>\n\t\t<\/div>\n\t\t\t\t\t<\/div>\n\t\t<\/section>\n\t\t\t\t<section class=\"elementor-section elementor-top-section elementor-element elementor-element-8e57ebc elementor-section-boxed elementor-section-height-default elementor-section-height-default\" data-id=\"8e57ebc\" data-element_type=\"section\" data-e-type=\"section\">\n\t\t\t\t\t\t<div class=\"elementor-container elementor-column-gap-default\">\n\t\t\t\t\t<div class=\"elementor-column elementor-col-100 elementor-top-column elementor-element elementor-element-f0aae4d\" data-id=\"f0aae4d\" data-element_type=\"column\" data-e-type=\"column\">\n\t\t\t<div class=\"elementor-widget-wrap elementor-element-populated\">\n\t\t\t\t\t\t<div class=\"elementor-element elementor-element-11bc785 elementor-widget elementor-widget-text-editor\" data-id=\"11bc785\" data-element_type=\"widget\" data-e-type=\"widget\" data-widget_type=\"text-editor.default\">\n\t\t\t\t<div class=\"elementor-widget-container\">\n\t\t\t\t\t\t\t\t\t<p>Resources on Ebro Resilience participation:<\/p>\n<ul>\n<li><a href=\"https:\/\/www.ebroresilience.com\/en\/participate\/\" target=\"_blank\" rel=\"noopener\">WEB participation space<\/a><\/li>\n<li><a href=\"https:\/\/www.ebroresilience.com\/wp-content\/uploads\/2022\/10\/20220929_Plan-participacion.pdf\" target=\"_blank\" rel=\"noopener\">Public Participation Plan for the LIFE Ebro Resilience P1 Project  <\/a><\/li>\n<li><a href=\"https:\/\/bit.ly\/plan_fortalecimiento_capacidades\" target=\"_blank\" rel=\"noopener\">Social Capacity-Building Plan of LIFE Ebro Resilience P1 Project <\/a><\/li>\n<\/ul>\n\t\t\t\t\t\t\t\t<\/div>\n\t\t\t\t<\/div>\n\t\t\t\t\t<\/div>\n\t\t<\/div>\n\t\t\t\t\t<\/div>\n\t\t<\/section>\n\t\t\t\t<section class=\"elementor-section elementor-top-section elementor-element elementor-element-f0e3d03 elementor-section-boxed elementor-section-height-default elementor-section-height-default\" data-id=\"f0e3d03\" data-element_type=\"section\" data-e-type=\"section\">\n\t\t\t\t\t\t<div class=\"elementor-container elementor-column-gap-default\">\n\t\t\t\t\t<div class=\"elementor-column elementor-col-25 elementor-top-column elementor-element elementor-element-5dcea65\" data-id=\"5dcea65\" data-element_type=\"column\" data-e-type=\"column\">\n\t\t\t<div class=\"elementor-widget-wrap elementor-element-populated\">\n\t\t\t\t\t\t<div class=\"elementor-element elementor-element-5688306 elementor-widget elementor-widget-image\" data-id=\"5688306\" data-element_type=\"widget\" data-e-type=\"widget\" data-widget_type=\"image.default\">\n\t\t\t\t<div class=\"elementor-widget-container\">\n\t\t\t\t\t\t\t\t\t\t\t\t\t\t\t<img decoding=\"async\" width=\"1024\" height=\"576\" src=\"https:\/\/www.ebroresilience.com\/wp-content\/uploads\/2023\/10\/JORNADA-EL-SENORIO-06-10-2023_10-1024x576.jpg\" class=\"attachment-large size-large wp-image-8545\" alt=\"Detalle de la visita p\u00fablica al meandro de El Se\u00f1or\u00edo en Castej\u00f3n Navarra\" srcset=\"https:\/\/www.ebroresilience.com\/wp-content\/uploads\/2023\/10\/JORNADA-EL-SENORIO-06-10-2023_10-1024x576.jpg 1024w, https:\/\/www.ebroresilience.com\/wp-content\/uploads\/2023\/10\/JORNADA-EL-SENORIO-06-10-2023_10-300x169.jpg 300w, https:\/\/www.ebroresilience.com\/wp-content\/uploads\/2023\/10\/JORNADA-EL-SENORIO-06-10-2023_10-768x432.jpg 768w, https:\/\/www.ebroresilience.com\/wp-content\/uploads\/2023\/10\/JORNADA-EL-SENORIO-06-10-2023_10-1536x864.jpg 1536w, https:\/\/www.ebroresilience.com\/wp-content\/uploads\/2023\/10\/JORNADA-EL-SENORIO-06-10-2023_10-2048x1152.jpg 2048w, https:\/\/www.ebroresilience.com\/wp-content\/uploads\/2023\/10\/JORNADA-EL-SENORIO-06-10-2023_10-260x146.jpg 260w, https:\/\/www.ebroresilience.com\/wp-content\/uploads\/2023\/10\/JORNADA-EL-SENORIO-06-10-2023_10-50x28.jpg 50w, https:\/\/www.ebroresilience.com\/wp-content\/uploads\/2023\/10\/JORNADA-EL-SENORIO-06-10-2023_10-133x75.jpg 133w\" sizes=\"(max-width:767px) 480px, (max-width:1024px) 100vw, 1024px\" \/>\t\t\t\t\t\t\t\t\t\t\t\t\t\t\t<\/div>\n\t\t\t\t<\/div>\n\t\t\t\t\t<\/div>\n\t\t<\/div>\n\t\t\t\t<div class=\"elementor-column elementor-col-25 elementor-top-column elementor-element elementor-element-2e9f88f\" data-id=\"2e9f88f\" data-element_type=\"column\" data-e-type=\"column\">\n\t\t\t<div class=\"elementor-widget-wrap elementor-element-populated\">\n\t\t\t\t\t\t<div class=\"elementor-element elementor-element-f035006 elementor-widget elementor-widget-image\" data-id=\"f035006\" data-element_type=\"widget\" data-e-type=\"widget\" data-widget_type=\"image.default\">\n\t\t\t\t<div class=\"elementor-widget-container\">\n\t\t\t\t\t\t\t\t\t\t\t\t\t\t\t<img decoding=\"async\" width=\"1024\" height=\"473\" src=\"https:\/\/www.ebroresilience.com\/wp-content\/uploads\/2023\/04\/20230418_180551-1024x473.jpg\" class=\"attachment-large size-large wp-image-7210\" alt=\"\" srcset=\"https:\/\/www.ebroresilience.com\/wp-content\/uploads\/2023\/04\/20230418_180551-1024x473.jpg 1024w, https:\/\/www.ebroresilience.com\/wp-content\/uploads\/2023\/04\/20230418_180551-300x139.jpg 300w, https:\/\/www.ebroresilience.com\/wp-content\/uploads\/2023\/04\/20230418_180551-768x355.jpg 768w, https:\/\/www.ebroresilience.com\/wp-content\/uploads\/2023\/04\/20230418_180551-1536x709.jpg 1536w, https:\/\/www.ebroresilience.com\/wp-content\/uploads\/2023\/04\/20230418_180551-2048x946.jpg 2048w, https:\/\/www.ebroresilience.com\/wp-content\/uploads\/2023\/04\/20230418_180551-260x120.jpg 260w, https:\/\/www.ebroresilience.com\/wp-content\/uploads\/2023\/04\/20230418_180551-50x23.jpg 50w, https:\/\/www.ebroresilience.com\/wp-content\/uploads\/2023\/04\/20230418_180551-150x69.jpg 150w\" sizes=\"(max-width:767px) 480px, (max-width:1024px) 100vw, 1024px\" \/>\t\t\t\t\t\t\t\t\t\t\t\t\t\t\t<\/div>\n\t\t\t\t<\/div>\n\t\t\t\t\t<\/div>\n\t\t<\/div>\n\t\t\t\t<div class=\"elementor-column elementor-col-25 elementor-top-column elementor-element elementor-element-f0873a7\" data-id=\"f0873a7\" data-element_type=\"column\" data-e-type=\"column\">\n\t\t\t<div class=\"elementor-widget-wrap elementor-element-populated\">\n\t\t\t\t\t\t<div class=\"elementor-element elementor-element-0fc3e5e elementor-widget elementor-widget-image\" data-id=\"0fc3e5e\" data-element_type=\"widget\" data-e-type=\"widget\" data-widget_type=\"image.default\">\n\t\t\t\t<div class=\"elementor-widget-container\">\n\t\t\t\t\t\t\t\t\t\t\t\t\t\t\t<img loading=\"lazy\" decoding=\"async\" width=\"1024\" height=\"512\" src=\"https:\/\/www.ebroresilience.com\/wp-content\/uploads\/2023\/06\/PLATAFORMA-6-1024x512.png\" class=\"attachment-large size-large wp-image-7614\" alt=\"Encuentro online de grupos de co-creaci\u00f3n\" srcset=\"https:\/\/www.ebroresilience.com\/wp-content\/uploads\/2023\/06\/PLATAFORMA-6-1024x512.png 1024w, https:\/\/www.ebroresilience.com\/wp-content\/uploads\/2023\/06\/PLATAFORMA-6-300x150.png 300w, https:\/\/www.ebroresilience.com\/wp-content\/uploads\/2023\/06\/PLATAFORMA-6-768x384.png 768w, https:\/\/www.ebroresilience.com\/wp-content\/uploads\/2023\/06\/PLATAFORMA-6-260x130.png 260w, https:\/\/www.ebroresilience.com\/wp-content\/uploads\/2023\/06\/PLATAFORMA-6-50x25.png 50w, https:\/\/www.ebroresilience.com\/wp-content\/uploads\/2023\/06\/PLATAFORMA-6-150x75.png 150w, https:\/\/www.ebroresilience.com\/wp-content\/uploads\/2023\/06\/PLATAFORMA-6.png 1145w\" sizes=\"(max-width:767px) 480px, (max-width:1024px) 100vw, 1024px\" \/>\t\t\t\t\t\t\t\t\t\t\t\t\t\t\t<\/div>\n\t\t\t\t<\/div>\n\t\t\t\t\t<\/div>\n\t\t<\/div>\n\t\t\t\t<div class=\"elementor-column elementor-col-25 elementor-top-column elementor-element elementor-element-24bbdad\" data-id=\"24bbdad\" data-element_type=\"column\" data-e-type=\"column\">\n\t\t\t<div class=\"elementor-widget-wrap elementor-element-populated\">\n\t\t\t\t\t\t<div class=\"elementor-element elementor-element-97d9012 elementor-widget elementor-widget-image\" data-id=\"97d9012\" data-element_type=\"widget\" data-e-type=\"widget\" data-widget_type=\"image.default\">\n\t\t\t\t<div class=\"elementor-widget-container\">\n\t\t\t\t\t\t\t\t\t\t\t\t\t\t\t<img loading=\"lazy\" decoding=\"async\" width=\"1024\" height=\"768\" src=\"https:\/\/www.ebroresilience.com\/wp-content\/uploads\/2023\/02\/grupo-de-co-creacion-con-materiales-2-1024x768.jpeg\" class=\"attachment-large size-large wp-image-7142\" alt=\"\" srcset=\"https:\/\/www.ebroresilience.com\/wp-content\/uploads\/2023\/02\/grupo-de-co-creacion-con-materiales-2-1024x768.jpeg 1024w, https:\/\/www.ebroresilience.com\/wp-content\/uploads\/2023\/02\/grupo-de-co-creacion-con-materiales-2-300x225.jpeg 300w, https:\/\/www.ebroresilience.com\/wp-content\/uploads\/2023\/02\/grupo-de-co-creacion-con-materiales-2-768x576.jpeg 768w, https:\/\/www.ebroresilience.com\/wp-content\/uploads\/2023\/02\/grupo-de-co-creacion-con-materiales-2-1536x1152.jpeg 1536w, https:\/\/www.ebroresilience.com\/wp-content\/uploads\/2023\/02\/grupo-de-co-creacion-con-materiales-2-195x146.jpeg 195w, https:\/\/www.ebroresilience.com\/wp-content\/uploads\/2023\/02\/grupo-de-co-creacion-con-materiales-2-50x38.jpeg 50w, https:\/\/www.ebroresilience.com\/wp-content\/uploads\/2023\/02\/grupo-de-co-creacion-con-materiales-2-100x75.jpeg 100w, https:\/\/www.ebroresilience.com\/wp-content\/uploads\/2023\/02\/grupo-de-co-creacion-con-materiales-2-960x720.jpeg 960w, https:\/\/www.ebroresilience.com\/wp-content\/uploads\/2023\/02\/grupo-de-co-creacion-con-materiales-2.jpeg 2000w\" sizes=\"(max-width:767px) 480px, (max-width:1024px) 100vw, 1024px\" \/>\t\t\t\t\t\t\t\t\t\t\t\t\t\t\t<\/div>\n\t\t\t\t<\/div>\n\t\t\t\t\t<\/div>\n\t\t<\/div>\n\t\t\t\t\t<\/div>\n\t\t<\/section>\n\t\t\t\t<\/div>\n\t\t","protected":false},"excerpt":{"rendered":"<p>We continue to congratulate ourselves with the Ebro Resilience strategy and the new actions for adaptation to floods. Its participatory proposal, with our colleague Alba Ballester at the head, has been recognized for its actions to involve the population and the search for conflict resolution.  <\/p>\n","protected":false},"author":5,"featured_media":8551,"comment_status":"closed","ping_status":"closed","sticky":false,"template":"","format":"standard","meta":{"_acf_changed":false,"ngg_post_thumbnail":0,"footnotes":""},"categories":[377,369],"tags":[441,387,22,381,311],"class_list":["post-9014","post","type-post","status-publish","format-standard","has-post-thumbnail","hentry","category-life-en","category-news","tag-awards","tag-ebro-en","tag-ebro-resilience","tag-life-ebro-resilience-p1-en","tag-participacion-2"],"acf":[],"publishpress_future_action":{"enabled":false,"date":"2026-05-07 19:40:21","action":"change-status","newStatus":"draft","terms":[],"taxonomy":"category","extraData":[]},"publishpress_future_workflow_manual_trigger":{"enabledWorkflows":[]},"_links":{"self":[{"href":"https:\/\/www.ebroresilience.com\/en\/wp-json\/wp\/v2\/posts\/9014","targetHints":{"allow":["GET"]}}],"collection":[{"href":"https:\/\/www.ebroresilience.com\/en\/wp-json\/wp\/v2\/posts"}],"about":[{"href":"https:\/\/www.ebroresilience.com\/en\/wp-json\/wp\/v2\/types\/post"}],"author":[{"embeddable":true,"href":"https:\/\/www.ebroresilience.com\/en\/wp-json\/wp\/v2\/users\/5"}],"replies":[{"embeddable":true,"href":"https:\/\/www.ebroresilience.com\/en\/wp-json\/wp\/v2\/comments?post=9014"}],"version-history":[{"count":4,"href":"https:\/\/www.ebroresilience.com\/en\/wp-json\/wp\/v2\/posts\/9014\/revisions"}],"predecessor-version":[{"id":9018,"href":"https:\/\/www.ebroresilience.com\/en\/wp-json\/wp\/v2\/posts\/9014\/revisions\/9018"}],"wp:featuredmedia":[{"embeddable":true,"href":"https:\/\/www.ebroresilience.com\/en\/wp-json\/wp\/v2\/media\/8551"}],"wp:attachment":[{"href":"https:\/\/www.ebroresilience.com\/en\/wp-json\/wp\/v2\/media?parent=9014"}],"wp:term":[{"taxonomy":"category","embeddable":true,"href":"https:\/\/www.ebroresilience.com\/en\/wp-json\/wp\/v2\/categories?post=9014"},{"taxonomy":"post_tag","embeddable":true,"href":"https:\/\/www.ebroresilience.com\/en\/wp-json\/wp\/v2\/tags?post=9014"}],"curies":[{"name":"wp","href":"https:\/\/api.w.org\/{rel}","templated":true}]}}