{"id":8985,"date":"2023-11-17T07:00:00","date_gmt":"2023-11-17T06:00:00","guid":{"rendered":"https:\/\/www.ebroresilience.com\/?p=8985"},"modified":"2023-11-22T13:46:11","modified_gmt":"2023-11-22T12:46:11","slug":"concludes-the-morphological-adaptation-of-the-ebro-in-the-meander-of-la-roza","status":"publish","type":"post","link":"https:\/\/www.ebroresilience.com\/en\/concludes-the-morphological-adaptation-of-the-ebro-in-the-meander-of-la-roza\/","title":{"rendered":"Concludes the morphological adaptation of the Ebro in the meander of La Roza"},"content":{"rendered":"\t\t<div data-elementor-type=\"wp-post\" data-elementor-id=\"8985\" class=\"elementor elementor-8985 elementor-8972\" data-elementor-post-type=\"post\">\n\t\t\t\t\t\t<section class=\"elementor-section elementor-top-section elementor-element elementor-element-6fca4b8 elementor-section-boxed elementor-section-height-default elementor-section-height-default\" data-id=\"6fca4b8\" data-element_type=\"section\" data-e-type=\"section\">\n\t\t\t\t\t\t<div class=\"elementor-container elementor-column-gap-default\">\n\t\t\t\t\t<div class=\"elementor-column elementor-col-100 elementor-top-column elementor-element elementor-element-a1cae8b\" data-id=\"a1cae8b\" data-element_type=\"column\" data-e-type=\"column\">\n\t\t\t<div class=\"elementor-widget-wrap elementor-element-populated\">\n\t\t\t\t\t\t<div class=\"elementor-element elementor-element-5f19a84 elementor-widget elementor-widget-text-editor\" data-id=\"5f19a84\" data-element_type=\"widget\" data-e-type=\"widget\" data-widget_type=\"text-editor.default\">\n\t\t\t\t<div class=\"elementor-widget-container\">\n\t\t\t\t\t\t\t\t\t<p>After a year of work, the phase of morphological adaptation of the Ebro River in the meander of La Roza, Alfaro, La Rioja, has been completed.<\/p>\n<p>This action, which has been carried out by the Ebro Hydrographic Confederation, one of the LIFE partners, constitutes the bulk of the work of the project to mitigate the risk of flooding in this section, in the absence of environmental restoration to be carried out by the Government of La Rioja.<\/p>\n<p>The intervention is part of the combined section of actions, a series of mitigation measures that together have a general benefit and which includes the project planned in the meander of El Se\u00f1or\u00edo, in Castej\u00f3n, Navarra.<\/p>\n<p>A total of 22 hectares of river plain have been recovered:<\/p>\n<ul>\n<li>Removing 1,343 meters of defensive dikes that constricted the river and building a smaller defense (899 meters) and away from the riverbed, returning this space to the river.<\/li>\n<\/ul>\n<p>River dynamics have been improved:<\/p>\n<ul>\n<li>A relief channel has been created connecting the river to the La Roza meander.<\/li>\n<li>The drainage capacity of the railroad bridge eyes has been improved.<\/li>\n<li>Invasive flora species have been removed<\/li>\n<li>A new wetland has been generated<\/li>\n<\/ul>\n<p>The total investment of the intervention, including the forthcoming environmental restoration, is 2.2 million euros, with the support of the European Union&#8217;s LIFE financial instrument.<\/p>\n\t\t\t\t\t\t\t\t<\/div>\n\t\t\t\t<\/div>\n\t\t\t\t\t<\/div>\n\t\t<\/div>\n\t\t\t\t\t<\/div>\n\t\t<\/section>\n\t\t\t\t<section class=\"elementor-section elementor-top-section elementor-element elementor-element-3f0945f elementor-section-boxed elementor-section-height-default elementor-section-height-default\" data-id=\"3f0945f\" data-element_type=\"section\" data-e-type=\"section\">\n\t\t\t\t\t\t<div class=\"elementor-container elementor-column-gap-default\">\n\t\t\t\t\t<div class=\"elementor-column elementor-col-33 elementor-top-column elementor-element elementor-element-b72f6e9\" data-id=\"b72f6e9\" data-element_type=\"column\" data-e-type=\"column\">\n\t\t\t<div class=\"elementor-widget-wrap elementor-element-populated\">\n\t\t\t\t\t\t<div class=\"elementor-element elementor-element-117bfc7 elementor-widget elementor-widget-image\" data-id=\"117bfc7\" data-element_type=\"widget\" data-e-type=\"widget\" data-widget_type=\"image.default\">\n\t\t\t\t<div class=\"elementor-widget-container\">\n\t\t\t\t\t\t\t\t\t\t\t\t\t\t\t<img fetchpriority=\"high\" decoding=\"async\" width=\"1024\" height=\"576\" src=\"https:\/\/www.ebroresilience.com\/wp-content\/uploads\/2023\/11\/8-1024x576.png\" class=\"attachment-large size-large wp-image-8979\" alt=\"\" srcset=\"https:\/\/www.ebroresilience.com\/wp-content\/uploads\/2023\/11\/8-1024x576.png 1024w, https:\/\/www.ebroresilience.com\/wp-content\/uploads\/2023\/11\/8-300x169.png 300w, https:\/\/www.ebroresilience.com\/wp-content\/uploads\/2023\/11\/8-768x432.png 768w, https:\/\/www.ebroresilience.com\/wp-content\/uploads\/2023\/11\/8-1536x864.png 1536w, https:\/\/www.ebroresilience.com\/wp-content\/uploads\/2023\/11\/8-260x146.png 260w, https:\/\/www.ebroresilience.com\/wp-content\/uploads\/2023\/11\/8-50x28.png 50w, https:\/\/www.ebroresilience.com\/wp-content\/uploads\/2023\/11\/8-133x75.png 133w, https:\/\/www.ebroresilience.com\/wp-content\/uploads\/2023\/11\/8.png 1600w\" sizes=\"(max-width:767px) 480px, (max-width:1024px) 100vw, 1024px\" \/>\t\t\t\t\t\t\t\t\t\t\t\t\t\t\t<\/div>\n\t\t\t\t<\/div>\n\t\t\t\t\t<\/div>\n\t\t<\/div>\n\t\t\t\t<div class=\"elementor-column elementor-col-33 elementor-top-column elementor-element elementor-element-6dbbf06\" data-id=\"6dbbf06\" data-element_type=\"column\" data-e-type=\"column\">\n\t\t\t<div class=\"elementor-widget-wrap elementor-element-populated\">\n\t\t\t\t\t\t<div class=\"elementor-element elementor-element-5406957 elementor-widget elementor-widget-image\" data-id=\"5406957\" data-element_type=\"widget\" data-e-type=\"widget\" data-widget_type=\"image.default\">\n\t\t\t\t<div class=\"elementor-widget-container\">\n\t\t\t\t\t\t\t\t\t\t\t\t\t\t\t<img decoding=\"async\" width=\"1024\" height=\"576\" src=\"https:\/\/www.ebroresilience.com\/wp-content\/uploads\/2023\/11\/5-1024x576.png\" class=\"attachment-large size-large wp-image-8977\" alt=\"\" srcset=\"https:\/\/www.ebroresilience.com\/wp-content\/uploads\/2023\/11\/5-1024x576.png 1024w, https:\/\/www.ebroresilience.com\/wp-content\/uploads\/2023\/11\/5-300x169.png 300w, https:\/\/www.ebroresilience.com\/wp-content\/uploads\/2023\/11\/5-768x432.png 768w, https:\/\/www.ebroresilience.com\/wp-content\/uploads\/2023\/11\/5-1536x864.png 1536w, https:\/\/www.ebroresilience.com\/wp-content\/uploads\/2023\/11\/5-260x146.png 260w, https:\/\/www.ebroresilience.com\/wp-content\/uploads\/2023\/11\/5-50x28.png 50w, https:\/\/www.ebroresilience.com\/wp-content\/uploads\/2023\/11\/5-133x75.png 133w, https:\/\/www.ebroresilience.com\/wp-content\/uploads\/2023\/11\/5.png 1600w\" sizes=\"(max-width:767px) 480px, (max-width:1024px) 100vw, 1024px\" \/>\t\t\t\t\t\t\t\t\t\t\t\t\t\t\t<\/div>\n\t\t\t\t<\/div>\n\t\t\t\t\t<\/div>\n\t\t<\/div>\n\t\t\t\t<div class=\"elementor-column elementor-col-33 elementor-top-column elementor-element elementor-element-a50b5c8\" data-id=\"a50b5c8\" data-element_type=\"column\" data-e-type=\"column\">\n\t\t\t<div class=\"elementor-widget-wrap elementor-element-populated\">\n\t\t\t\t\t\t<div class=\"elementor-element elementor-element-ebd6808 elementor-widget elementor-widget-image\" data-id=\"ebd6808\" data-element_type=\"widget\" data-e-type=\"widget\" data-widget_type=\"image.default\">\n\t\t\t\t<div class=\"elementor-widget-container\">\n\t\t\t\t\t\t\t\t\t\t\t\t\t\t\t<img decoding=\"async\" width=\"1024\" height=\"576\" src=\"https:\/\/www.ebroresilience.com\/wp-content\/uploads\/2023\/11\/9-1024x576.png\" class=\"attachment-large size-large wp-image-8981\" alt=\"Imagen del meandro de La Roza, en Alfaro, con vista del nuevo humedal creado.\" srcset=\"https:\/\/www.ebroresilience.com\/wp-content\/uploads\/2023\/11\/9-1024x576.png 1024w, https:\/\/www.ebroresilience.com\/wp-content\/uploads\/2023\/11\/9-300x169.png 300w, https:\/\/www.ebroresilience.com\/wp-content\/uploads\/2023\/11\/9-768x432.png 768w, https:\/\/www.ebroresilience.com\/wp-content\/uploads\/2023\/11\/9-1536x864.png 1536w, https:\/\/www.ebroresilience.com\/wp-content\/uploads\/2023\/11\/9-260x146.png 260w, https:\/\/www.ebroresilience.com\/wp-content\/uploads\/2023\/11\/9-50x28.png 50w, https:\/\/www.ebroresilience.com\/wp-content\/uploads\/2023\/11\/9-133x75.png 133w, https:\/\/www.ebroresilience.com\/wp-content\/uploads\/2023\/11\/9.png 1600w\" sizes=\"(max-width:767px) 480px, (max-width:1024px) 100vw, 1024px\" \/>\t\t\t\t\t\t\t\t\t\t\t\t\t\t\t<\/div>\n\t\t\t\t<\/div>\n\t\t\t\t\t<\/div>\n\t\t<\/div>\n\t\t\t\t\t<\/div>\n\t\t<\/section>\n\t\t\t\t<section class=\"elementor-section elementor-top-section elementor-element elementor-element-d432546 elementor-section-boxed elementor-section-height-default elementor-section-height-default\" data-id=\"d432546\" data-element_type=\"section\" data-e-type=\"section\">\n\t\t\t\t\t\t<div class=\"elementor-container elementor-column-gap-default\">\n\t\t\t\t\t<div class=\"elementor-column elementor-col-100 elementor-top-column elementor-element elementor-element-3f09a10\" data-id=\"3f09a10\" data-element_type=\"column\" data-e-type=\"column\">\n\t\t\t<div class=\"elementor-widget-wrap elementor-element-populated\">\n\t\t\t\t\t\t<div class=\"elementor-element elementor-element-1ba122c elementor-widget elementor-widget-video\" data-id=\"1ba122c\" data-element_type=\"widget\" data-e-type=\"widget\" data-settings=\"{&quot;youtube_url&quot;:&quot;https:\\\/\\\/youtu.be\\\/k9219xjXP-U&quot;,&quot;video_type&quot;:&quot;youtube&quot;,&quot;controls&quot;:&quot;yes&quot;}\" data-widget_type=\"video.default\">\n\t\t\t\t<div class=\"elementor-widget-container\">\n\t\t\t\t\t\t\t<div class=\"elementor-wrapper elementor-open-inline\">\n\t\t\t<div class=\"elementor-video\"><\/div>\t\t<\/div>\n\t\t\t\t\t\t<\/div>\n\t\t\t\t<\/div>\n\t\t\t\t\t<\/div>\n\t\t<\/div>\n\t\t\t\t\t<\/div>\n\t\t<\/section>\n\t\t\t\t<\/div>\n\t\t","protected":false},"excerpt":{"rendered":"<p>After a year of work, this phase of the intervention in Alfaro (La Rioja) by the CHE has concluded and all that remains is the river restoration to be carried out by the Government of La Rioja.<\/p>\n","protected":false},"author":5,"featured_media":8974,"comment_status":"closed","ping_status":"closed","sticky":false,"template":"","format":"standard","meta":{"_acf_changed":false,"ngg_post_thumbnail":0,"footnotes":""},"categories":[377,369],"tags":[380,388,387,378,398,452,381,379],"class_list":["post-8985","post","type-post","status-publish","format-standard","has-post-thumbnail","hentry","category-life-en","category-news","tag-alfaro-en","tag-che-en","tag-ebro-en","tag-ebro-resilience-en","tag-flood","tag-la-roza-en","tag-life-ebro-resilience-p1-en","tag-restoration"],"acf":[],"publishpress_future_action":{"enabled":false,"date":"2026-05-06 20:08:26","action":"change-status","newStatus":"draft","terms":[],"taxonomy":"category","extraData":[]},"publishpress_future_workflow_manual_trigger":{"enabledWorkflows":[]},"_links":{"self":[{"href":"https:\/\/www.ebroresilience.com\/en\/wp-json\/wp\/v2\/posts\/8985","targetHints":{"allow":["GET"]}}],"collection":[{"href":"https:\/\/www.ebroresilience.com\/en\/wp-json\/wp\/v2\/posts"}],"about":[{"href":"https:\/\/www.ebroresilience.com\/en\/wp-json\/wp\/v2\/types\/post"}],"author":[{"embeddable":true,"href":"https:\/\/www.ebroresilience.com\/en\/wp-json\/wp\/v2\/users\/5"}],"replies":[{"embeddable":true,"href":"https:\/\/www.ebroresilience.com\/en\/wp-json\/wp\/v2\/comments?post=8985"}],"version-history":[{"count":4,"href":"https:\/\/www.ebroresilience.com\/en\/wp-json\/wp\/v2\/posts\/8985\/revisions"}],"predecessor-version":[{"id":8989,"href":"https:\/\/www.ebroresilience.com\/en\/wp-json\/wp\/v2\/posts\/8985\/revisions\/8989"}],"wp:featuredmedia":[{"embeddable":true,"href":"https:\/\/www.ebroresilience.com\/en\/wp-json\/wp\/v2\/media\/8974"}],"wp:attachment":[{"href":"https:\/\/www.ebroresilience.com\/en\/wp-json\/wp\/v2\/media?parent=8985"}],"wp:term":[{"taxonomy":"category","embeddable":true,"href":"https:\/\/www.ebroresilience.com\/en\/wp-json\/wp\/v2\/categories?post=8985"},{"taxonomy":"post_tag","embeddable":true,"href":"https:\/\/www.ebroresilience.com\/en\/wp-json\/wp\/v2\/tags?post=8985"}],"curies":[{"name":"wp","href":"https:\/\/api.w.org\/{rel}","templated":true}]}}