{"id":8789,"date":"2023-10-30T12:08:51","date_gmt":"2023-10-30T11:08:51","guid":{"rendered":"https:\/\/www.ebroresilience.com\/we-participated-in-the-conference-for-journalists-information-in-the-face-of-extreme-events\/"},"modified":"2023-10-30T12:16:03","modified_gmt":"2023-10-30T11:16:03","slug":"we-participated-in-the-conference-for-journalists-information-in-the-face-of-extreme-events","status":"publish","type":"post","link":"https:\/\/www.ebroresilience.com\/en\/we-participated-in-the-conference-for-journalists-information-in-the-face-of-extreme-events\/","title":{"rendered":"We participated in the conference for journalists &#8220;Information in the face of extreme events&#8221;."},"content":{"rendered":"\t\t<div data-elementor-type=\"wp-post\" data-elementor-id=\"8789\" class=\"elementor elementor-8789 elementor-8771\" data-elementor-post-type=\"post\">\n\t\t\t\t\t\t<section class=\"elementor-section elementor-top-section elementor-element elementor-element-58506fc elementor-section-boxed elementor-section-height-default elementor-section-height-default\" data-id=\"58506fc\" data-element_type=\"section\" data-e-type=\"section\">\n\t\t\t\t\t\t<div class=\"elementor-container elementor-column-gap-default\">\n\t\t\t\t\t<div class=\"elementor-column elementor-col-100 elementor-top-column elementor-element elementor-element-4068bf8\" data-id=\"4068bf8\" data-element_type=\"column\" data-e-type=\"column\">\n\t\t\t<div class=\"elementor-widget-wrap elementor-element-populated\">\n\t\t\t\t\t\t<div class=\"elementor-element elementor-element-87ea8ac elementor-widget elementor-widget-text-editor\" data-id=\"87ea8ac\" data-element_type=\"widget\" data-e-type=\"widget\" data-widget_type=\"text-editor.default\">\n\t\t\t\t<div class=\"elementor-widget-container\">\n\t\t\t\t\t\t\t\t\t<p>The LIFE Ebro Resilience P1 project team participated last October 25 in the training day &#8220;Information in the face of extreme hydrological phenomena&#8221;, aimed at journalism students and active journalists in Aragon. There we explained the Project, its objectives and actions and made available to the participants data and documentation on floods in the Ebro basin.<\/p>\n<p>Journalists, current and future, well trained, knowledgeable about sources and tools, are crucial to increase the population&#8217;s knowledge of these phenomena. They are key to strengthening social capacities and, ultimately, to help prevent, prepare for and protect against floods and droughts.<\/p>\n<p>This conference is part of the dissemination program of the Flood Risk Management Plan of the Ebro Demarcation (PGRIEbro) and was organized by the Ebro Hydrographic Confederation (CHE), with the collaboration of LIFE Ebro Resilience P1, San Jorge University, the University of Zaragoza and the Professional Association of Journalists of Aragon, which provided its press center for the event.<\/p>\n\t\t\t\t\t\t\t\t<\/div>\n\t\t\t\t<\/div>\n\t\t\t\t\t<\/div>\n\t\t<\/div>\n\t\t\t\t\t<\/div>\n\t\t<\/section>\n\t\t\t\t<section class=\"elementor-section elementor-top-section elementor-element elementor-element-d7e776c elementor-section-boxed elementor-section-height-default elementor-section-height-default\" data-id=\"d7e776c\" data-element_type=\"section\" data-e-type=\"section\">\n\t\t\t\t\t\t<div class=\"elementor-container elementor-column-gap-default\">\n\t\t\t\t\t<div class=\"elementor-column elementor-col-33 elementor-top-column elementor-element elementor-element-798f31f\" data-id=\"798f31f\" data-element_type=\"column\" data-e-type=\"column\">\n\t\t\t<div class=\"elementor-widget-wrap elementor-element-populated\">\n\t\t\t\t\t\t<div class=\"elementor-element elementor-element-521e3d4 elementor-widget elementor-widget-image\" data-id=\"521e3d4\" data-element_type=\"widget\" data-e-type=\"widget\" data-widget_type=\"image.default\">\n\t\t\t\t<div class=\"elementor-widget-container\">\n\t\t\t\t\t\t\t\t\t\t\t\t\t\t\t<img fetchpriority=\"high\" decoding=\"async\" width=\"768\" height=\"1024\" src=\"https:\/\/www.ebroresilience.com\/wp-content\/uploads\/2023\/10\/WhatsApp-Image-2023-10-25-at-20.19.00-768x1024.jpeg\" class=\"attachment-large size-large wp-image-8781\" alt=\"\" srcset=\"https:\/\/www.ebroresilience.com\/wp-content\/uploads\/2023\/10\/WhatsApp-Image-2023-10-25-at-20.19.00-768x1024.jpeg 768w, https:\/\/www.ebroresilience.com\/wp-content\/uploads\/2023\/10\/WhatsApp-Image-2023-10-25-at-20.19.00-225x300.jpeg 225w, https:\/\/www.ebroresilience.com\/wp-content\/uploads\/2023\/10\/WhatsApp-Image-2023-10-25-at-20.19.00-1152x1536.jpeg 1152w, https:\/\/www.ebroresilience.com\/wp-content\/uploads\/2023\/10\/WhatsApp-Image-2023-10-25-at-20.19.00-110x146.jpeg 110w, https:\/\/www.ebroresilience.com\/wp-content\/uploads\/2023\/10\/WhatsApp-Image-2023-10-25-at-20.19.00-38x50.jpeg 38w, https:\/\/www.ebroresilience.com\/wp-content\/uploads\/2023\/10\/WhatsApp-Image-2023-10-25-at-20.19.00-56x75.jpeg 56w, https:\/\/www.ebroresilience.com\/wp-content\/uploads\/2023\/10\/WhatsApp-Image-2023-10-25-at-20.19.00.jpeg 1200w\" sizes=\"(max-width:767px) 480px, (max-width:768px) 100vw, 768px\" \/>\t\t\t\t\t\t\t\t\t\t\t\t\t\t\t<\/div>\n\t\t\t\t<\/div>\n\t\t\t\t\t<\/div>\n\t\t<\/div>\n\t\t\t\t<div class=\"elementor-column elementor-col-33 elementor-top-column elementor-element elementor-element-9f01e29\" data-id=\"9f01e29\" data-element_type=\"column\" data-e-type=\"column\">\n\t\t\t<div class=\"elementor-widget-wrap elementor-element-populated\">\n\t\t\t\t\t\t<div class=\"elementor-element elementor-element-5995097 elementor-widget elementor-widget-image\" data-id=\"5995097\" data-element_type=\"widget\" data-e-type=\"widget\" data-widget_type=\"image.default\">\n\t\t\t\t<div class=\"elementor-widget-container\">\n\t\t\t\t\t\t\t\t\t\t\t\t\t\t\t<img decoding=\"async\" width=\"1024\" height=\"768\" src=\"https:\/\/www.ebroresilience.com\/wp-content\/uploads\/2023\/10\/WhatsApp-Image-2023-10-25-at-14.29.10-1024x768.jpeg\" class=\"attachment-large size-large wp-image-8779\" alt=\"\" srcset=\"https:\/\/www.ebroresilience.com\/wp-content\/uploads\/2023\/10\/WhatsApp-Image-2023-10-25-at-14.29.10-1024x768.jpeg 1024w, https:\/\/www.ebroresilience.com\/wp-content\/uploads\/2023\/10\/WhatsApp-Image-2023-10-25-at-14.29.10-300x225.jpeg 300w, https:\/\/www.ebroresilience.com\/wp-content\/uploads\/2023\/10\/WhatsApp-Image-2023-10-25-at-14.29.10-768x576.jpeg 768w, https:\/\/www.ebroresilience.com\/wp-content\/uploads\/2023\/10\/WhatsApp-Image-2023-10-25-at-14.29.10-1536x1152.jpeg 1536w, https:\/\/www.ebroresilience.com\/wp-content\/uploads\/2023\/10\/WhatsApp-Image-2023-10-25-at-14.29.10-195x146.jpeg 195w, https:\/\/www.ebroresilience.com\/wp-content\/uploads\/2023\/10\/WhatsApp-Image-2023-10-25-at-14.29.10-50x38.jpeg 50w, https:\/\/www.ebroresilience.com\/wp-content\/uploads\/2023\/10\/WhatsApp-Image-2023-10-25-at-14.29.10-100x75.jpeg 100w, https:\/\/www.ebroresilience.com\/wp-content\/uploads\/2023\/10\/WhatsApp-Image-2023-10-25-at-14.29.10-960x720.jpeg 960w, https:\/\/www.ebroresilience.com\/wp-content\/uploads\/2023\/10\/WhatsApp-Image-2023-10-25-at-14.29.10.jpeg 1600w\" sizes=\"(max-width:767px) 480px, (max-width:1024px) 100vw, 1024px\" \/>\t\t\t\t\t\t\t\t\t\t\t\t\t\t\t<\/div>\n\t\t\t\t<\/div>\n\t\t\t\t\t<\/div>\n\t\t<\/div>\n\t\t\t\t<div class=\"elementor-column elementor-col-33 elementor-top-column elementor-element elementor-element-fe00374\" data-id=\"fe00374\" data-element_type=\"column\" data-e-type=\"column\">\n\t\t\t<div class=\"elementor-widget-wrap elementor-element-populated\">\n\t\t\t\t\t\t<div class=\"elementor-element elementor-element-28eca37 elementor-widget elementor-widget-image\" data-id=\"28eca37\" data-element_type=\"widget\" data-e-type=\"widget\" data-widget_type=\"image.default\">\n\t\t\t\t<div class=\"elementor-widget-container\">\n\t\t\t\t\t\t\t\t\t\t\t\t\t\t\t<img decoding=\"async\" width=\"1024\" height=\"767\" src=\"https:\/\/www.ebroresilience.com\/wp-content\/uploads\/2023\/10\/WhatsApp-Image-2023-10-25-at-10.13.13-1024x767.jpeg\" class=\"attachment-large size-large wp-image-8777\" alt=\"\" srcset=\"https:\/\/www.ebroresilience.com\/wp-content\/uploads\/2023\/10\/WhatsApp-Image-2023-10-25-at-10.13.13-1024x767.jpeg 1024w, https:\/\/www.ebroresilience.com\/wp-content\/uploads\/2023\/10\/WhatsApp-Image-2023-10-25-at-10.13.13-300x225.jpeg 300w, https:\/\/www.ebroresilience.com\/wp-content\/uploads\/2023\/10\/WhatsApp-Image-2023-10-25-at-10.13.13-768x575.jpeg 768w, https:\/\/www.ebroresilience.com\/wp-content\/uploads\/2023\/10\/WhatsApp-Image-2023-10-25-at-10.13.13-1536x1150.jpeg 1536w, https:\/\/www.ebroresilience.com\/wp-content\/uploads\/2023\/10\/WhatsApp-Image-2023-10-25-at-10.13.13-195x146.jpeg 195w, https:\/\/www.ebroresilience.com\/wp-content\/uploads\/2023\/10\/WhatsApp-Image-2023-10-25-at-10.13.13-50x37.jpeg 50w, https:\/\/www.ebroresilience.com\/wp-content\/uploads\/2023\/10\/WhatsApp-Image-2023-10-25-at-10.13.13-100x75.jpeg 100w, https:\/\/www.ebroresilience.com\/wp-content\/uploads\/2023\/10\/WhatsApp-Image-2023-10-25-at-10.13.13-960x720.jpeg 960w, https:\/\/www.ebroresilience.com\/wp-content\/uploads\/2023\/10\/WhatsApp-Image-2023-10-25-at-10.13.13.jpeg 2048w\" sizes=\"(max-width:767px) 480px, (max-width:1024px) 100vw, 1024px\" \/>\t\t\t\t\t\t\t\t\t\t\t\t\t\t\t<\/div>\n\t\t\t\t<\/div>\n\t\t\t\t\t<\/div>\n\t\t<\/div>\n\t\t\t\t\t<\/div>\n\t\t<\/section>\n\t\t\t\t<section class=\"elementor-section elementor-top-section elementor-element elementor-element-06e0fb7 elementor-section-boxed elementor-section-height-default elementor-section-height-default\" data-id=\"06e0fb7\" data-element_type=\"section\" data-e-type=\"section\">\n\t\t\t\t\t\t<div class=\"elementor-container elementor-column-gap-default\">\n\t\t\t\t\t<div class=\"elementor-column elementor-col-100 elementor-top-column elementor-element elementor-element-466f0ca\" data-id=\"466f0ca\" data-element_type=\"column\" data-e-type=\"column\">\n\t\t\t<div class=\"elementor-widget-wrap elementor-element-populated\">\n\t\t\t\t\t\t<div class=\"elementor-element elementor-element-37ae27b elementor-widget elementor-widget-text-editor\" data-id=\"37ae27b\" data-element_type=\"widget\" data-e-type=\"widget\" data-widget_type=\"text-editor.default\">\n\t\t\t\t<div class=\"elementor-widget-container\">\n\t\t\t\t\t\t\t\t\t<p><strong>Content  <\/strong><\/p>\n<p>In this session, the director of the Degree in Journalism at the University of San Jorge, Jos\u00e9 Juan Ver\u00f3n, the journalist of TRAGSATEC and responsible for communication in the Ebro Resilience Project, Mar\u00eda Mohedano and the data journalist of Diario.es Vict\u00f2ria Oliveres, discussed good journalistic practices when reporting on extreme events, talked about sources of information and the social responsibility of journalists when dealing with information that can safeguard the lives of people.<\/p>\n<p>On the other hand, in a more technical block, participated the head of Hydrology of the CHE and director of PGRIEbro, Mar\u00eda Luisa Moreno; the technical coordinator of the LIFE Ebro Resilience P1 project and CHE technician, David Gargantilla and the person in charge of the participation plan and conflict transformation actions of the LIFE Project, Alba Ballester.  <\/p>\n<p>The day ended with a visit to the control center of the Automatic Hydrological Information System of the CHE, the SAIHEbro, where it was possible to learn about the operation of the hydrological monitoring network and the modeling that is performed for the development of hydrological forecasts in the Ebro basin.<\/p><\/p>\n\t\t\t\t\t\t\t\t<\/div>\n\t\t\t\t<\/div>\n\t\t\t\t\t<\/div>\n\t\t<\/div>\n\t\t\t\t\t<\/div>\n\t\t<\/section>\n\t\t\t\t<section class=\"elementor-section elementor-top-section elementor-element elementor-element-c2045c0 elementor-section-boxed elementor-section-height-default elementor-section-height-default\" data-id=\"c2045c0\" data-element_type=\"section\" data-e-type=\"section\">\n\t\t\t\t\t\t<div class=\"elementor-container elementor-column-gap-default\">\n\t\t\t\t\t<div class=\"elementor-column elementor-col-100 elementor-top-column elementor-element elementor-element-b6ffcb4\" data-id=\"b6ffcb4\" data-element_type=\"column\" data-e-type=\"column\">\n\t\t\t<div class=\"elementor-widget-wrap elementor-element-populated\">\n\t\t\t\t\t\t<div class=\"elementor-element elementor-element-f9f2667 elementor-widget elementor-widget-image\" data-id=\"f9f2667\" data-element_type=\"widget\" data-e-type=\"widget\" data-widget_type=\"image.default\">\n\t\t\t\t<div class=\"elementor-widget-container\">\n\t\t\t\t\t\t\t\t\t\t\t\t\t\t\t<img loading=\"lazy\" decoding=\"async\" width=\"1024\" height=\"768\" src=\"https:\/\/www.ebroresilience.com\/wp-content\/uploads\/2023\/10\/WhatsApp-Image-2023-10-25-at-14.55.01-1024x768.jpeg\" class=\"attachment-large size-large wp-image-8783\" alt=\"\" srcset=\"https:\/\/www.ebroresilience.com\/wp-content\/uploads\/2023\/10\/WhatsApp-Image-2023-10-25-at-14.55.01-1024x768.jpeg 1024w, https:\/\/www.ebroresilience.com\/wp-content\/uploads\/2023\/10\/WhatsApp-Image-2023-10-25-at-14.55.01-300x225.jpeg 300w, https:\/\/www.ebroresilience.com\/wp-content\/uploads\/2023\/10\/WhatsApp-Image-2023-10-25-at-14.55.01-768x576.jpeg 768w, https:\/\/www.ebroresilience.com\/wp-content\/uploads\/2023\/10\/WhatsApp-Image-2023-10-25-at-14.55.01-1536x1152.jpeg 1536w, https:\/\/www.ebroresilience.com\/wp-content\/uploads\/2023\/10\/WhatsApp-Image-2023-10-25-at-14.55.01-195x146.jpeg 195w, https:\/\/www.ebroresilience.com\/wp-content\/uploads\/2023\/10\/WhatsApp-Image-2023-10-25-at-14.55.01-50x38.jpeg 50w, https:\/\/www.ebroresilience.com\/wp-content\/uploads\/2023\/10\/WhatsApp-Image-2023-10-25-at-14.55.01-100x75.jpeg 100w, https:\/\/www.ebroresilience.com\/wp-content\/uploads\/2023\/10\/WhatsApp-Image-2023-10-25-at-14.55.01-960x720.jpeg 960w, https:\/\/www.ebroresilience.com\/wp-content\/uploads\/2023\/10\/WhatsApp-Image-2023-10-25-at-14.55.01.jpeg 1600w\" sizes=\"(max-width:767px) 480px, (max-width:1024px) 100vw, 1024px\" \/>\t\t\t\t\t\t\t\t\t\t\t\t\t\t\t<\/div>\n\t\t\t\t<\/div>\n\t\t\t\t\t<\/div>\n\t\t<\/div>\n\t\t\t\t\t<\/div>\n\t\t<\/section>\n\t\t\t\t<\/div>\n\t\t","protected":false},"excerpt":{"rendered":"<p>The LIFE Ebro Resilience P1 Project collaborated in the organization of this session aimed at journalists and journalism students, one of the main sectors to prepare the population for flood risk, to increase their knowledge of this phenomenon and to explain and inform about adaptation actions.<\/p>\n","protected":false},"author":5,"featured_media":8774,"comment_status":"closed","ping_status":"closed","sticky":false,"template":"","format":"standard","meta":{"_acf_changed":false,"ngg_post_thumbnail":0,"footnotes":""},"categories":[377,369],"tags":[456,387,398,457,381,395,458,394],"class_list":["post-8789","post","type-post","status-publish","format-standard","has-post-thumbnail","hentry","category-life-en","category-news","tag-disclosure","tag-ebro-en","tag-flood","tag-journalism","tag-life-ebro-resilience-p1-en","tag-participation","tag-social-training","tag-workshop"],"acf":[],"publishpress_future_action":{"enabled":false,"date":"2026-05-06 20:07:35","action":"change-status","newStatus":"draft","terms":[],"taxonomy":"category","extraData":[]},"publishpress_future_workflow_manual_trigger":{"enabledWorkflows":[]},"_links":{"self":[{"href":"https:\/\/www.ebroresilience.com\/en\/wp-json\/wp\/v2\/posts\/8789","targetHints":{"allow":["GET"]}}],"collection":[{"href":"https:\/\/www.ebroresilience.com\/en\/wp-json\/wp\/v2\/posts"}],"about":[{"href":"https:\/\/www.ebroresilience.com\/en\/wp-json\/wp\/v2\/types\/post"}],"author":[{"embeddable":true,"href":"https:\/\/www.ebroresilience.com\/en\/wp-json\/wp\/v2\/users\/5"}],"replies":[{"embeddable":true,"href":"https:\/\/www.ebroresilience.com\/en\/wp-json\/wp\/v2\/comments?post=8789"}],"version-history":[{"count":2,"href":"https:\/\/www.ebroresilience.com\/en\/wp-json\/wp\/v2\/posts\/8789\/revisions"}],"predecessor-version":[{"id":8791,"href":"https:\/\/www.ebroresilience.com\/en\/wp-json\/wp\/v2\/posts\/8789\/revisions\/8791"}],"wp:featuredmedia":[{"embeddable":true,"href":"https:\/\/www.ebroresilience.com\/en\/wp-json\/wp\/v2\/media\/8774"}],"wp:attachment":[{"href":"https:\/\/www.ebroresilience.com\/en\/wp-json\/wp\/v2\/media?parent=8789"}],"wp:term":[{"taxonomy":"category","embeddable":true,"href":"https:\/\/www.ebroresilience.com\/en\/wp-json\/wp\/v2\/categories?post=8789"},{"taxonomy":"post_tag","embeddable":true,"href":"https:\/\/www.ebroresilience.com\/en\/wp-json\/wp\/v2\/tags?post=8789"}],"curies":[{"name":"wp","href":"https:\/\/api.w.org\/{rel}","templated":true}]}}