{"id":8670,"date":"2023-10-26T13:00:00","date_gmt":"2023-10-26T11:00:00","guid":{"rendered":"https:\/\/www.ebroresilience.com\/?p=8670"},"modified":"2023-10-26T14:45:54","modified_gmt":"2023-10-26T12:45:54","slug":"ebro-resilience-an-innovative-example-for-a-delegation-of-the-polish-water-resources-agency","status":"publish","type":"post","link":"https:\/\/www.ebroresilience.com\/en\/ebro-resilience-an-innovative-example-for-a-delegation-of-the-polish-water-resources-agency\/","title":{"rendered":"Ebro Resilience, an innovative example for a delegation of the Polish Water Resources Agency"},"content":{"rendered":"\t\t<div data-elementor-type=\"wp-post\" data-elementor-id=\"8670\" class=\"elementor elementor-8670 elementor-8533\" data-elementor-post-type=\"post\">\n\t\t\t\t\t\t<section class=\"elementor-section elementor-top-section elementor-element elementor-element-34034a4 elementor-section-boxed elementor-section-height-default elementor-section-height-default\" data-id=\"34034a4\" data-element_type=\"section\" data-e-type=\"section\">\n\t\t\t\t\t\t<div class=\"elementor-container elementor-column-gap-default\">\n\t\t\t\t\t<div class=\"elementor-column elementor-col-100 elementor-top-column elementor-element elementor-element-0af6cc0\" data-id=\"0af6cc0\" data-element_type=\"column\" data-e-type=\"column\">\n\t\t\t<div class=\"elementor-widget-wrap elementor-element-populated\">\n\t\t\t\t\t\t<div class=\"elementor-element elementor-element-62181d0 elementor-widget elementor-widget-text-editor\" data-id=\"62181d0\" data-element_type=\"widget\" data-e-type=\"widget\" data-widget_type=\"text-editor.default\">\n\t\t\t\t<div class=\"elementor-widget-container\">\n\t\t\t\t\t\t\t\t\t<p>LIFE Ebro Resilience P1 expands its network of exchanges and works to establish new contacts to promote the replication of flood risk mitigation measures, one of the objectives set by the European Union&#8217;s LIFE Program for this Project.<\/p>\n<p>This was the case during the official visit of a delegation of Polish government officials, all of whom are representatives of  <strong><em>The State Water Holding Polish Waters<\/em><\/strong>The event, which took place on October 24 and 25 in the Ebro basin, was organized by the state agency responsible for the management of all water resources.<\/p>\n<p>The visit was requested from Poland, when they learned about Ebro Resilience and the actions already underway. It is part of the actions of the &#8220;<strong>Odra-Vistula Basin Flood Management Project&#8221;, in Poland,  <\/strong>which is financed by the World Bank and the European Union and for which innovative actions are being analyzed, such as those defined by LIFE Ebro Resilience P1 with green infrastructures and the application of bioengineering.<\/p>\n\t\t\t\t\t\t\t\t<\/div>\n\t\t\t\t<\/div>\n\t\t\t\t\t<\/div>\n\t\t<\/div>\n\t\t\t\t\t<\/div>\n\t\t<\/section>\n\t\t\t\t<section class=\"elementor-section elementor-top-section elementor-element elementor-element-98d32df elementor-section-boxed elementor-section-height-default elementor-section-height-default\" data-id=\"98d32df\" data-element_type=\"section\" data-e-type=\"section\">\n\t\t\t\t\t\t<div class=\"elementor-container elementor-column-gap-default\">\n\t\t\t\t\t<div class=\"elementor-column elementor-col-33 elementor-top-column elementor-element elementor-element-3ae7d75\" data-id=\"3ae7d75\" data-element_type=\"column\" data-e-type=\"column\">\n\t\t\t<div class=\"elementor-widget-wrap elementor-element-populated\">\n\t\t\t\t\t\t<div class=\"elementor-element elementor-element-81670ec elementor-widget elementor-widget-image\" data-id=\"81670ec\" data-element_type=\"widget\" data-e-type=\"widget\" data-widget_type=\"image.default\">\n\t\t\t\t<div class=\"elementor-widget-container\">\n\t\t\t\t\t\t\t\t\t\t\t\t<figure class=\"wp-caption\">\n\t\t\t\t\t\t\t\t\t\t<img fetchpriority=\"high\" decoding=\"async\" width=\"1024\" height=\"768\" src=\"https:\/\/www.ebroresilience.com\/wp-content\/uploads\/2023\/10\/WhatsApp-Image-2023-10-24-at-10.02.27-1024x768.jpeg\" class=\"attachment-large size-large wp-image-8635\" alt=\"Visita delegaci\u00f3n Gobierno de Polonia. Meandro de El Se\u00f1or\u00edo, Castej\u00f3n, Navarra\" srcset=\"https:\/\/www.ebroresilience.com\/wp-content\/uploads\/2023\/10\/WhatsApp-Image-2023-10-24-at-10.02.27-1024x768.jpeg 1024w, https:\/\/www.ebroresilience.com\/wp-content\/uploads\/2023\/10\/WhatsApp-Image-2023-10-24-at-10.02.27-300x225.jpeg 300w, https:\/\/www.ebroresilience.com\/wp-content\/uploads\/2023\/10\/WhatsApp-Image-2023-10-24-at-10.02.27-768x576.jpeg 768w, https:\/\/www.ebroresilience.com\/wp-content\/uploads\/2023\/10\/WhatsApp-Image-2023-10-24-at-10.02.27-1536x1152.jpeg 1536w, https:\/\/www.ebroresilience.com\/wp-content\/uploads\/2023\/10\/WhatsApp-Image-2023-10-24-at-10.02.27-195x146.jpeg 195w, https:\/\/www.ebroresilience.com\/wp-content\/uploads\/2023\/10\/WhatsApp-Image-2023-10-24-at-10.02.27-50x38.jpeg 50w, https:\/\/www.ebroresilience.com\/wp-content\/uploads\/2023\/10\/WhatsApp-Image-2023-10-24-at-10.02.27-100x75.jpeg 100w, https:\/\/www.ebroresilience.com\/wp-content\/uploads\/2023\/10\/WhatsApp-Image-2023-10-24-at-10.02.27-960x720.jpeg 960w, https:\/\/www.ebroresilience.com\/wp-content\/uploads\/2023\/10\/WhatsApp-Image-2023-10-24-at-10.02.27.jpeg 2048w\" sizes=\"(max-width:767px) 480px, (max-width:1024px) 100vw, 1024px\" \/>\t\t\t\t\t\t\t\t\t\t\t<figcaption class=\"widget-image-caption wp-caption-text\">Visita delegaci\u00f3n Gobierno de Polonia. Meandro de El Se\u00f1or\u00edo, Castej\u00f3n, Navarra<\/figcaption>\n\t\t\t\t\t\t\t\t\t\t<\/figure>\n\t\t\t\t\t\t\t\t\t<\/div>\n\t\t\t\t<\/div>\n\t\t\t\t\t<\/div>\n\t\t<\/div>\n\t\t\t\t<div class=\"elementor-column elementor-col-33 elementor-top-column elementor-element elementor-element-8d154ff\" data-id=\"8d154ff\" data-element_type=\"column\" data-e-type=\"column\">\n\t\t\t<div class=\"elementor-widget-wrap elementor-element-populated\">\n\t\t\t\t\t\t<div class=\"elementor-element elementor-element-1984d6e elementor-widget elementor-widget-image\" data-id=\"1984d6e\" data-element_type=\"widget\" data-e-type=\"widget\" data-widget_type=\"image.default\">\n\t\t\t\t<div class=\"elementor-widget-container\">\n\t\t\t\t\t\t\t\t\t\t\t\t<figure class=\"wp-caption\">\n\t\t\t\t\t\t\t\t\t\t<img decoding=\"async\" width=\"1024\" height=\"1024\" src=\"https:\/\/www.ebroresilience.com\/wp-content\/uploads\/2023\/10\/LA-ROZA-1024x1024.jpeg\" class=\"attachment-large size-large wp-image-8637\" alt=\"Visita delegaci\u00f3n Gobierno de Polonia. Meandro de La Roza, Alfaro, La Rioja.\" srcset=\"https:\/\/www.ebroresilience.com\/wp-content\/uploads\/2023\/10\/LA-ROZA-1024x1024.jpeg 1024w, https:\/\/www.ebroresilience.com\/wp-content\/uploads\/2023\/10\/LA-ROZA-300x300.jpeg 300w, https:\/\/www.ebroresilience.com\/wp-content\/uploads\/2023\/10\/LA-ROZA-150x150.jpeg 150w, https:\/\/www.ebroresilience.com\/wp-content\/uploads\/2023\/10\/LA-ROZA-768x768.jpeg 768w, https:\/\/www.ebroresilience.com\/wp-content\/uploads\/2023\/10\/LA-ROZA-1536x1536.jpeg 1536w, https:\/\/www.ebroresilience.com\/wp-content\/uploads\/2023\/10\/LA-ROZA-146x146.jpeg 146w, https:\/\/www.ebroresilience.com\/wp-content\/uploads\/2023\/10\/LA-ROZA-50x50.jpeg 50w, https:\/\/www.ebroresilience.com\/wp-content\/uploads\/2023\/10\/LA-ROZA-75x75.jpeg 75w, https:\/\/www.ebroresilience.com\/wp-content\/uploads\/2023\/10\/LA-ROZA-85x85.jpeg 85w, https:\/\/www.ebroresilience.com\/wp-content\/uploads\/2023\/10\/LA-ROZA-80x80.jpeg 80w, https:\/\/www.ebroresilience.com\/wp-content\/uploads\/2023\/10\/LA-ROZA.jpeg 2048w\" sizes=\"(max-width:767px) 480px, (max-width:1024px) 100vw, 1024px\" \/>\t\t\t\t\t\t\t\t\t\t\t<figcaption class=\"widget-image-caption wp-caption-text\">Visita delegaci\u00f3n Gobierno de Polonia. Meandro de La Roza, Alfaro, La Rioja.<\/figcaption>\n\t\t\t\t\t\t\t\t\t\t<\/figure>\n\t\t\t\t\t\t\t\t\t<\/div>\n\t\t\t\t<\/div>\n\t\t\t\t\t<\/div>\n\t\t<\/div>\n\t\t\t\t<div class=\"elementor-column elementor-col-33 elementor-top-column elementor-element elementor-element-1c00292\" data-id=\"1c00292\" data-element_type=\"column\" data-e-type=\"column\">\n\t\t\t<div class=\"elementor-widget-wrap elementor-element-populated\">\n\t\t\t\t\t\t<div class=\"elementor-element elementor-element-9524a95 elementor-widget elementor-widget-image\" data-id=\"9524a95\" data-element_type=\"widget\" data-e-type=\"widget\" data-widget_type=\"image.default\">\n\t\t\t\t<div class=\"elementor-widget-container\">\n\t\t\t\t\t\t\t\t\t\t\t\t<figure class=\"wp-caption\">\n\t\t\t\t\t\t\t\t\t\t<img decoding=\"async\" width=\"1024\" height=\"768\" src=\"https:\/\/www.ebroresilience.com\/wp-content\/uploads\/2023\/10\/WhatsApp-Image-2023-10-24-at-12.34.33-1024x768.jpeg\" class=\"attachment-large size-large wp-image-8639\" alt=\"Visita delegaci\u00f3n Gobierno de Polonia. Paraje de La Nava. Alfaro, La Rioja.\" srcset=\"https:\/\/www.ebroresilience.com\/wp-content\/uploads\/2023\/10\/WhatsApp-Image-2023-10-24-at-12.34.33-1024x768.jpeg 1024w, https:\/\/www.ebroresilience.com\/wp-content\/uploads\/2023\/10\/WhatsApp-Image-2023-10-24-at-12.34.33-300x225.jpeg 300w, https:\/\/www.ebroresilience.com\/wp-content\/uploads\/2023\/10\/WhatsApp-Image-2023-10-24-at-12.34.33-768x576.jpeg 768w, https:\/\/www.ebroresilience.com\/wp-content\/uploads\/2023\/10\/WhatsApp-Image-2023-10-24-at-12.34.33-1536x1152.jpeg 1536w, https:\/\/www.ebroresilience.com\/wp-content\/uploads\/2023\/10\/WhatsApp-Image-2023-10-24-at-12.34.33-195x146.jpeg 195w, https:\/\/www.ebroresilience.com\/wp-content\/uploads\/2023\/10\/WhatsApp-Image-2023-10-24-at-12.34.33-50x38.jpeg 50w, https:\/\/www.ebroresilience.com\/wp-content\/uploads\/2023\/10\/WhatsApp-Image-2023-10-24-at-12.34.33-100x75.jpeg 100w, https:\/\/www.ebroresilience.com\/wp-content\/uploads\/2023\/10\/WhatsApp-Image-2023-10-24-at-12.34.33-960x720.jpeg 960w, https:\/\/www.ebroresilience.com\/wp-content\/uploads\/2023\/10\/WhatsApp-Image-2023-10-24-at-12.34.33.jpeg 2000w\" sizes=\"(max-width:767px) 480px, (max-width:1024px) 100vw, 1024px\" \/>\t\t\t\t\t\t\t\t\t\t\t<figcaption class=\"widget-image-caption wp-caption-text\">Visita delegaci\u00f3n Gobierno de Polonia. Paraje de La Nava. Alfaro, La Rioja.<\/figcaption>\n\t\t\t\t\t\t\t\t\t\t<\/figure>\n\t\t\t\t\t\t\t\t\t<\/div>\n\t\t\t\t<\/div>\n\t\t\t\t\t<\/div>\n\t\t<\/div>\n\t\t\t\t\t<\/div>\n\t\t<\/section>\n\t\t\t\t<section class=\"elementor-section elementor-top-section elementor-element elementor-element-6dfb076 elementor-section-boxed elementor-section-height-default elementor-section-height-default\" data-id=\"6dfb076\" data-element_type=\"section\" data-e-type=\"section\">\n\t\t\t\t\t\t<div class=\"elementor-container elementor-column-gap-default\">\n\t\t\t\t\t<div class=\"elementor-column elementor-col-100 elementor-top-column elementor-element elementor-element-f3049f0\" data-id=\"f3049f0\" data-element_type=\"column\" data-e-type=\"column\">\n\t\t\t<div class=\"elementor-widget-wrap elementor-element-populated\">\n\t\t\t\t\t\t<div class=\"elementor-element elementor-element-99618ac elementor-widget elementor-widget-text-editor\" data-id=\"99618ac\" data-element_type=\"widget\" data-e-type=\"widget\" data-widget_type=\"text-editor.default\">\n\t\t\t\t<div class=\"elementor-widget-container\">\n\t\t\t\t\t\t\t\t\t<p>The LIFE project team offered a guided tour of the meander of La Roza, in Alfaro, La Rioja, integrated in intervention zone 1 (Alfaro, La Rioja &#8211; Castej\u00f3n, Navarra), where 22 hectares of fluvial space have been recovered through a defense setback; a relief channel has been created and a fluvial restoration will soon be carried out by installing riparian forest vegetation. The El Se\u00f1or\u00edo meander (Navarra) was also visited, where a morphological adaptation action is planned to be carried out that will be added to that of Alfaro in the combined section of actions.<\/p><p>The program of the visit was completed with a tour of other interventions of the Ebro Resilience Strategy and actions of the Ebro Hydrographic Confederation carried out after the extraordinary flood episodes of 2015 and 2018 and that have served as an example for the Ebro Resilience philosophy. In addition, the basin organization made a presentation on the Flood Risk Management Plan of the Ebro Demarcation and the operation of the Automatic Hydrological Information System (SAIH).<\/p><p>For its part, the Polish delegation presented the progress of its Odra-Vistula flood management project, allowing for a technical exchange on the proposals.<\/p>\t\t\t\t\t\t\t\t<\/div>\n\t\t\t\t<\/div>\n\t\t\t\t\t<\/div>\n\t\t<\/div>\n\t\t\t\t\t<\/div>\n\t\t<\/section>\n\t\t\t\t<section class=\"elementor-section elementor-top-section elementor-element elementor-element-62daaad elementor-section-boxed elementor-section-height-default elementor-section-height-default\" data-id=\"62daaad\" data-element_type=\"section\" data-e-type=\"section\">\n\t\t\t\t\t\t<div class=\"elementor-container elementor-column-gap-default\">\n\t\t\t\t\t<div class=\"elementor-column elementor-col-50 elementor-top-column elementor-element elementor-element-856b2b3\" data-id=\"856b2b3\" data-element_type=\"column\" data-e-type=\"column\">\n\t\t\t<div class=\"elementor-widget-wrap elementor-element-populated\">\n\t\t\t\t\t\t<div class=\"elementor-element elementor-element-ac0a742 elementor-widget elementor-widget-image\" data-id=\"ac0a742\" data-element_type=\"widget\" data-e-type=\"widget\" data-widget_type=\"image.default\">\n\t\t\t\t<div class=\"elementor-widget-container\">\n\t\t\t\t\t\t\t\t\t\t\t\t\t\t\t<img loading=\"lazy\" decoding=\"async\" width=\"1024\" height=\"1024\" src=\"https:\/\/www.ebroresilience.com\/wp-content\/uploads\/2023\/10\/WhatsApp-Image-2023-10-24-at-10.02.26-1024x1024.jpeg\" class=\"attachment-large size-large wp-image-8645\" alt=\"\" srcset=\"https:\/\/www.ebroresilience.com\/wp-content\/uploads\/2023\/10\/WhatsApp-Image-2023-10-24-at-10.02.26-1024x1024.jpeg 1024w, https:\/\/www.ebroresilience.com\/wp-content\/uploads\/2023\/10\/WhatsApp-Image-2023-10-24-at-10.02.26-300x300.jpeg 300w, https:\/\/www.ebroresilience.com\/wp-content\/uploads\/2023\/10\/WhatsApp-Image-2023-10-24-at-10.02.26-150x150.jpeg 150w, https:\/\/www.ebroresilience.com\/wp-content\/uploads\/2023\/10\/WhatsApp-Image-2023-10-24-at-10.02.26-768x768.jpeg 768w, https:\/\/www.ebroresilience.com\/wp-content\/uploads\/2023\/10\/WhatsApp-Image-2023-10-24-at-10.02.26-1536x1536.jpeg 1536w, https:\/\/www.ebroresilience.com\/wp-content\/uploads\/2023\/10\/WhatsApp-Image-2023-10-24-at-10.02.26-146x146.jpeg 146w, https:\/\/www.ebroresilience.com\/wp-content\/uploads\/2023\/10\/WhatsApp-Image-2023-10-24-at-10.02.26-50x50.jpeg 50w, https:\/\/www.ebroresilience.com\/wp-content\/uploads\/2023\/10\/WhatsApp-Image-2023-10-24-at-10.02.26-75x75.jpeg 75w, https:\/\/www.ebroresilience.com\/wp-content\/uploads\/2023\/10\/WhatsApp-Image-2023-10-24-at-10.02.26-85x85.jpeg 85w, https:\/\/www.ebroresilience.com\/wp-content\/uploads\/2023\/10\/WhatsApp-Image-2023-10-24-at-10.02.26-80x80.jpeg 80w, https:\/\/www.ebroresilience.com\/wp-content\/uploads\/2023\/10\/WhatsApp-Image-2023-10-24-at-10.02.26.jpeg 2048w\" sizes=\"(max-width:767px) 480px, (max-width:1024px) 100vw, 1024px\" \/>\t\t\t\t\t\t\t\t\t\t\t\t\t\t\t<\/div>\n\t\t\t\t<\/div>\n\t\t\t\t\t<\/div>\n\t\t<\/div>\n\t\t\t\t<div class=\"elementor-column elementor-col-50 elementor-top-column elementor-element elementor-element-366aaeb\" data-id=\"366aaeb\" data-element_type=\"column\" data-e-type=\"column\">\n\t\t\t<div class=\"elementor-widget-wrap elementor-element-populated\">\n\t\t\t\t\t\t<div class=\"elementor-element elementor-element-b468c74 elementor-widget elementor-widget-image\" data-id=\"b468c74\" data-element_type=\"widget\" data-e-type=\"widget\" data-widget_type=\"image.default\">\n\t\t\t\t<div class=\"elementor-widget-container\">\n\t\t\t\t\t\t\t\t\t\t\t\t\t\t\t<img loading=\"lazy\" decoding=\"async\" width=\"1024\" height=\"768\" src=\"https:\/\/www.ebroresilience.com\/wp-content\/uploads\/2023\/10\/LA-NAVA-4-1024x768.jpeg\" class=\"attachment-large size-large wp-image-8647\" alt=\"\" srcset=\"https:\/\/www.ebroresilience.com\/wp-content\/uploads\/2023\/10\/LA-NAVA-4-1024x768.jpeg 1024w, https:\/\/www.ebroresilience.com\/wp-content\/uploads\/2023\/10\/LA-NAVA-4-300x225.jpeg 300w, https:\/\/www.ebroresilience.com\/wp-content\/uploads\/2023\/10\/LA-NAVA-4-768x576.jpeg 768w, https:\/\/www.ebroresilience.com\/wp-content\/uploads\/2023\/10\/LA-NAVA-4-1536x1152.jpeg 1536w, https:\/\/www.ebroresilience.com\/wp-content\/uploads\/2023\/10\/LA-NAVA-4-195x146.jpeg 195w, https:\/\/www.ebroresilience.com\/wp-content\/uploads\/2023\/10\/LA-NAVA-4-50x38.jpeg 50w, https:\/\/www.ebroresilience.com\/wp-content\/uploads\/2023\/10\/LA-NAVA-4-100x75.jpeg 100w, https:\/\/www.ebroresilience.com\/wp-content\/uploads\/2023\/10\/LA-NAVA-4-960x720.jpeg 960w, https:\/\/www.ebroresilience.com\/wp-content\/uploads\/2023\/10\/LA-NAVA-4.jpeg 2000w\" sizes=\"(max-width:767px) 480px, (max-width:1024px) 100vw, 1024px\" \/>\t\t\t\t\t\t\t\t\t\t\t\t\t\t\t<\/div>\n\t\t\t\t<\/div>\n\t\t\t\t\t<\/div>\n\t\t<\/div>\n\t\t\t\t\t<\/div>\n\t\t<\/section>\n\t\t\t\t<section class=\"elementor-section elementor-top-section elementor-element elementor-element-e94070b elementor-section-boxed elementor-section-height-default elementor-section-height-default\" data-id=\"e94070b\" data-element_type=\"section\" data-e-type=\"section\">\n\t\t\t\t\t\t<div class=\"elementor-container elementor-column-gap-default\">\n\t\t\t\t\t<div class=\"elementor-column elementor-col-100 elementor-top-column elementor-element elementor-element-2277280\" data-id=\"2277280\" data-element_type=\"column\" data-e-type=\"column\">\n\t\t\t<div class=\"elementor-widget-wrap elementor-element-populated\">\n\t\t\t\t\t\t<div class=\"elementor-element elementor-element-68dd66f elementor-widget elementor-widget-text-editor\" data-id=\"68dd66f\" data-element_type=\"widget\" data-e-type=\"widget\" data-widget_type=\"text-editor.default\">\n\t\t\t\t<div class=\"elementor-widget-container\">\n\t\t\t\t\t\t\t\t\t<p>The LIFE Ebro Resilience P1 project (LIFE20 ENV\/ES\/00327), approved by the European Commission in the LIFE2020 call, will be carried out in three autonomous communities (La Rioja, Navarra and Arag\u00f3n), with a duration of 6 years and a total budget of 13,310,350 \u20ac, with 55% of European funding.<\/p>\n<p>This project is also an example of institutional coordination and cooperation in the intervention section, its partners being the Ministry for Ecological Transition and Demographic Challenge (MITECO), through its companies TRAGSA and TRAGSATEC; the Ebro Hydrographic Confederation; the Government of La Rioja; the Government of Navarra, through Gesti\u00f3n Ambiental de Navarra, S.A. (GAN-NIK); the Government of Arag\u00f3n and the Aragonese Water Institute.<\/p>\n\t\t\t\t\t\t\t\t<\/div>\n\t\t\t\t<\/div>\n\t\t\t\t\t<\/div>\n\t\t<\/div>\n\t\t\t\t\t<\/div>\n\t\t<\/section>\n\t\t\t\t<section class=\"elementor-section elementor-top-section elementor-element elementor-element-418aaad elementor-section-boxed elementor-section-height-default elementor-section-height-default\" data-id=\"418aaad\" data-element_type=\"section\" data-e-type=\"section\">\n\t\t\t\t\t\t<div class=\"elementor-container elementor-column-gap-default\">\n\t\t\t\t\t<div class=\"elementor-column elementor-col-100 elementor-top-column elementor-element elementor-element-781f6a3\" data-id=\"781f6a3\" data-element_type=\"column\" data-e-type=\"column\">\n\t\t\t<div class=\"elementor-widget-wrap elementor-element-populated\">\n\t\t\t\t\t\t<div class=\"elementor-element elementor-element-b5014c7 elementor-widget elementor-widget-image\" data-id=\"b5014c7\" data-element_type=\"widget\" data-e-type=\"widget\" data-widget_type=\"image.default\">\n\t\t\t\t<div class=\"elementor-widget-container\">\n\t\t\t\t\t\t\t\t\t\t\t\t\t\t\t<img loading=\"lazy\" decoding=\"async\" width=\"1024\" height=\"1024\" src=\"https:\/\/www.ebroresilience.com\/wp-content\/uploads\/2023\/10\/WhatsApp-Image-2023-10-24-at-18.53.26-1024x1024.jpeg\" class=\"attachment-large size-large wp-image-8749\" alt=\"\" srcset=\"https:\/\/www.ebroresilience.com\/wp-content\/uploads\/2023\/10\/WhatsApp-Image-2023-10-24-at-18.53.26-1024x1024.jpeg 1024w, https:\/\/www.ebroresilience.com\/wp-content\/uploads\/2023\/10\/WhatsApp-Image-2023-10-24-at-18.53.26-300x300.jpeg 300w, https:\/\/www.ebroresilience.com\/wp-content\/uploads\/2023\/10\/WhatsApp-Image-2023-10-24-at-18.53.26-150x150.jpeg 150w, https:\/\/www.ebroresilience.com\/wp-content\/uploads\/2023\/10\/WhatsApp-Image-2023-10-24-at-18.53.26-768x768.jpeg 768w, https:\/\/www.ebroresilience.com\/wp-content\/uploads\/2023\/10\/WhatsApp-Image-2023-10-24-at-18.53.26-1536x1536.jpeg 1536w, https:\/\/www.ebroresilience.com\/wp-content\/uploads\/2023\/10\/WhatsApp-Image-2023-10-24-at-18.53.26-146x146.jpeg 146w, https:\/\/www.ebroresilience.com\/wp-content\/uploads\/2023\/10\/WhatsApp-Image-2023-10-24-at-18.53.26-50x50.jpeg 50w, https:\/\/www.ebroresilience.com\/wp-content\/uploads\/2023\/10\/WhatsApp-Image-2023-10-24-at-18.53.26-75x75.jpeg 75w, https:\/\/www.ebroresilience.com\/wp-content\/uploads\/2023\/10\/WhatsApp-Image-2023-10-24-at-18.53.26-85x85.jpeg 85w, https:\/\/www.ebroresilience.com\/wp-content\/uploads\/2023\/10\/WhatsApp-Image-2023-10-24-at-18.53.26-80x80.jpeg 80w, https:\/\/www.ebroresilience.com\/wp-content\/uploads\/2023\/10\/WhatsApp-Image-2023-10-24-at-18.53.26.jpeg 2048w\" sizes=\"(max-width:767px) 480px, (max-width:1024px) 100vw, 1024px\" \/>\t\t\t\t\t\t\t\t\t\t\t\t\t\t\t<\/div>\n\t\t\t\t<\/div>\n\t\t\t\t\t<\/div>\n\t\t<\/div>\n\t\t\t\t\t<\/div>\n\t\t<\/section>\n\t\t\t\t<\/div>\n\t\t","protected":false},"excerpt":{"rendered":"<p>The LIFE Project exchanges know-how with the &#8220;Odra-Vistula Flood Management Project&#8221;, financed by the World Bank and the European Union.<\/p>\n","protected":false},"author":5,"featured_media":8633,"comment_status":"closed","ping_status":"closed","sticky":false,"template":"","format":"standard","meta":{"_acf_changed":false,"ngg_post_thumbnail":0,"footnotes":""},"categories":[327,369],"tags":[209,389],"class_list":["post-8670","post","type-post","status-publish","format-standard","has-post-thumbnail","hentry","category-life","category-news","tag-la-roza","tag-networking-en"],"acf":[],"publishpress_future_action":{"enabled":false,"date":"2026-05-06 21:20:03","action":"change-status","newStatus":"draft","terms":[],"taxonomy":"category","extraData":[]},"publishpress_future_workflow_manual_trigger":{"enabledWorkflows":[]},"_links":{"self":[{"href":"https:\/\/www.ebroresilience.com\/en\/wp-json\/wp\/v2\/posts\/8670","targetHints":{"allow":["GET"]}}],"collection":[{"href":"https:\/\/www.ebroresilience.com\/en\/wp-json\/wp\/v2\/posts"}],"about":[{"href":"https:\/\/www.ebroresilience.com\/en\/wp-json\/wp\/v2\/types\/post"}],"author":[{"embeddable":true,"href":"https:\/\/www.ebroresilience.com\/en\/wp-json\/wp\/v2\/users\/5"}],"replies":[{"embeddable":true,"href":"https:\/\/www.ebroresilience.com\/en\/wp-json\/wp\/v2\/comments?post=8670"}],"version-history":[{"count":9,"href":"https:\/\/www.ebroresilience.com\/en\/wp-json\/wp\/v2\/posts\/8670\/revisions"}],"predecessor-version":[{"id":8770,"href":"https:\/\/www.ebroresilience.com\/en\/wp-json\/wp\/v2\/posts\/8670\/revisions\/8770"}],"wp:featuredmedia":[{"embeddable":true,"href":"https:\/\/www.ebroresilience.com\/en\/wp-json\/wp\/v2\/media\/8633"}],"wp:attachment":[{"href":"https:\/\/www.ebroresilience.com\/en\/wp-json\/wp\/v2\/media?parent=8670"}],"wp:term":[{"taxonomy":"category","embeddable":true,"href":"https:\/\/www.ebroresilience.com\/en\/wp-json\/wp\/v2\/categories?post=8670"},{"taxonomy":"post_tag","embeddable":true,"href":"https:\/\/www.ebroresilience.com\/en\/wp-json\/wp\/v2\/tags?post=8670"}],"curies":[{"name":"wp","href":"https:\/\/api.w.org\/{rel}","templated":true}]}}