{"id":8436,"date":"2023-09-20T07:48:35","date_gmt":"2023-09-20T05:48:35","guid":{"rendered":"https:\/\/www.ebroresilience.com\/two-years-of-the-life-ebro-resilience-p1-project-progress-and-proposals-for-participation\/"},"modified":"2023-09-20T09:33:18","modified_gmt":"2023-09-20T07:33:18","slug":"two-years-of-the-life-ebro-resilience-p1-project-progress-and-proposals-for-participation","status":"publish","type":"post","link":"https:\/\/www.ebroresilience.com\/en\/two-years-of-the-life-ebro-resilience-p1-project-progress-and-proposals-for-participation\/","title":{"rendered":"Two years of the LIFE Ebro Resilience P1 Project: progress and proposals for participation"},"content":{"rendered":"\t\t<div data-elementor-type=\"wp-post\" data-elementor-id=\"8436\" class=\"elementor elementor-8436 elementor-8400\" data-elementor-post-type=\"post\">\n\t\t\t\t\t\t<section class=\"elementor-section elementor-top-section elementor-element elementor-element-76f63fe elementor-section-boxed elementor-section-height-default elementor-section-height-default\" data-id=\"76f63fe\" data-element_type=\"section\" data-e-type=\"section\">\n\t\t\t\t\t\t<div class=\"elementor-container elementor-column-gap-default\">\n\t\t\t\t\t<div class=\"elementor-column elementor-col-100 elementor-top-column elementor-element elementor-element-b5478ca\" data-id=\"b5478ca\" data-element_type=\"column\" data-e-type=\"column\">\n\t\t\t<div class=\"elementor-widget-wrap elementor-element-populated\">\n\t\t\t\t\t\t<div class=\"elementor-element elementor-element-9edf8b7 elementor-widget elementor-widget-text-editor\" data-id=\"9edf8b7\" data-element_type=\"widget\" data-e-type=\"widget\" data-widget_type=\"text-editor.default\">\n\t\t\t\t<div class=\"elementor-widget-container\">\n\t\t\t\t\t\t\t\t\t<p>The LIFE Ebro Resilience P1 Project has reached two years of work, being the last months the most intense, after overcoming the phase of preparatory work and definition of teams. Its area of intervention is the middle stretch of the Ebro, specifically in the Alfaro-Castej\u00f3n, between La Rioja and Navarra, and Osera de Ebro &#8211; Fuentes de Ebro, in Zaragoza. Its keys, through innovative interventions that are adapted to the specific problems of each area, are:<\/p>\n<ul>\n<li>Reduce the effects of flooding by 60%, increasing the river space in the action sections by 10% with the elimination of 1.8 km of flood plains and the recessing of an additional 3.9 km.<\/li>\n<li>Improve the ecological state of the Ebro River in the intervention areas, recovering 60 hectares of river areas, including 3 meanders, and 20 hectares of riparian forest.<\/li>\n<li>Involve the local population (22,873 inhabitants) in the project.<\/li>\n<\/ul>\n<p>On Tuesday, September 19, the meetings of the project&#8217;s working groups were held in Zaragoza. The technical team with participants from the Project partners reviewed in three meetings the progress of the mitigation actions, the nature and biodiversity proposals and the work in the area of participation, capacity building and communication.&nbsp;<\/p>\n<p><\/p>\t\t\t\t\t\t\t\t<\/div>\n\t\t\t\t<\/div>\n\t\t\t\t\t<\/div>\n\t\t<\/div>\n\t\t\t\t\t<\/div>\n\t\t<\/section>\n\t\t\t\t<section class=\"elementor-section elementor-top-section elementor-element elementor-element-714e085 elementor-section-boxed elementor-section-height-default elementor-section-height-default\" data-id=\"714e085\" data-element_type=\"section\" data-e-type=\"section\">\n\t\t\t\t\t\t<div class=\"elementor-container elementor-column-gap-default\">\n\t\t\t\t\t<div class=\"elementor-column elementor-col-100 elementor-top-column elementor-element elementor-element-061927a\" data-id=\"061927a\" data-element_type=\"column\" data-e-type=\"column\">\n\t\t\t<div class=\"elementor-widget-wrap elementor-element-populated\">\n\t\t\t\t\t\t<div class=\"elementor-element elementor-element-8055f23 elementor-widget elementor-widget-image\" data-id=\"8055f23\" data-element_type=\"widget\" data-e-type=\"widget\" data-widget_type=\"image.default\">\n\t\t\t\t<div class=\"elementor-widget-container\">\n\t\t\t\t\t\t\t\t\t\t\t\t<figure class=\"wp-caption\">\n\t\t\t\t\t\t\t\t\t\t<img fetchpriority=\"high\" decoding=\"async\" width=\"1024\" height=\"768\" src=\"https:\/\/www.ebroresilience.com\/wp-content\/uploads\/2023\/09\/WhatsApp-Image-2023-09-20-at-08.16.22-1024x768.jpeg\" class=\"attachment-large size-large wp-image-8431\" alt=\"Reuni\u00f3n del grupo de trabajo 1 del Proyecto LIFE\" srcset=\"https:\/\/www.ebroresilience.com\/wp-content\/uploads\/2023\/09\/WhatsApp-Image-2023-09-20-at-08.16.22-1024x768.jpeg 1024w, https:\/\/www.ebroresilience.com\/wp-content\/uploads\/2023\/09\/WhatsApp-Image-2023-09-20-at-08.16.22-300x225.jpeg 300w, https:\/\/www.ebroresilience.com\/wp-content\/uploads\/2023\/09\/WhatsApp-Image-2023-09-20-at-08.16.22-768x576.jpeg 768w, https:\/\/www.ebroresilience.com\/wp-content\/uploads\/2023\/09\/WhatsApp-Image-2023-09-20-at-08.16.22-1536x1152.jpeg 1536w, https:\/\/www.ebroresilience.com\/wp-content\/uploads\/2023\/09\/WhatsApp-Image-2023-09-20-at-08.16.22-195x146.jpeg 195w, https:\/\/www.ebroresilience.com\/wp-content\/uploads\/2023\/09\/WhatsApp-Image-2023-09-20-at-08.16.22-50x38.jpeg 50w, https:\/\/www.ebroresilience.com\/wp-content\/uploads\/2023\/09\/WhatsApp-Image-2023-09-20-at-08.16.22-100x75.jpeg 100w, https:\/\/www.ebroresilience.com\/wp-content\/uploads\/2023\/09\/WhatsApp-Image-2023-09-20-at-08.16.22-960x720.jpeg 960w, https:\/\/www.ebroresilience.com\/wp-content\/uploads\/2023\/09\/WhatsApp-Image-2023-09-20-at-08.16.22.jpeg 1600w\" sizes=\"(max-width:767px) 480px, (max-width:1024px) 100vw, 1024px\" \/>\t\t\t\t\t\t\t\t\t\t\t<figcaption class=\"widget-image-caption wp-caption-text\">Reuni\u00f3n del grupo 1 de trabajo t\u00e9cnico del Proyecto LIFE Ebro Resilience P1 <\/figcaption>\n\t\t\t\t\t\t\t\t\t\t<\/figure>\n\t\t\t\t\t\t\t\t\t<\/div>\n\t\t\t\t<\/div>\n\t\t\t\t\t<\/div>\n\t\t<\/div>\n\t\t\t\t\t<\/div>\n\t\t<\/section>\n\t\t\t\t<section class=\"elementor-section elementor-top-section elementor-element elementor-element-c3b937d elementor-section-boxed elementor-section-height-default elementor-section-height-default\" data-id=\"c3b937d\" data-element_type=\"section\" data-e-type=\"section\">\n\t\t\t\t\t\t<div class=\"elementor-container elementor-column-gap-default\">\n\t\t\t\t\t<div class=\"elementor-column elementor-col-100 elementor-top-column elementor-element elementor-element-ad4c01c\" data-id=\"ad4c01c\" data-element_type=\"column\" data-e-type=\"column\">\n\t\t\t<div class=\"elementor-widget-wrap elementor-element-populated\">\n\t\t\t\t\t\t<div class=\"elementor-element elementor-element-718d2b1 elementor-widget elementor-widget-text-editor\" data-id=\"718d2b1\" data-element_type=\"widget\" data-e-type=\"widget\" data-widget_type=\"text-editor.default\">\n\t\t\t\t<div class=\"elementor-widget-container\">\n\t\t\t\t\t\t\t\t\t<p>Already <strong>in execution <\/strong> works in the riverbed to mitigate the risk of flooding in the so-called Zone 1 (Alfaro in La Rioja &#8211; Castej\u00f3n in Navarra), specifically in La Roza, Alfaro, where 22 hectares of river space have been added to the Natura 2000 Network as a protected area.<\/p>\n<p>In addition, <strong>the projects<\/strong> for the meander of El Se\u00f1or\u00edo (also in Zone 1, in the municipality of Castej\u00f3n) and the meander of Aguilar, which defines Phase 1 of the works in Zone 2 (Osera de Ebro &#8211; Fuentes de Ebro, in Zaragoza), have been <strong>drafted<\/strong>. For its part, a third project is being defined with the participation groups to reconnect old branches of the river in the Sotos de Alfaro to improve river dynamics.<\/p>\n\t\t\t\t\t\t\t\t<\/div>\n\t\t\t\t<\/div>\n\t\t\t\t\t<\/div>\n\t\t<\/div>\n\t\t\t\t\t<\/div>\n\t\t<\/section>\n\t\t\t\t<section class=\"elementor-section elementor-top-section elementor-element elementor-element-4f634e0 elementor-section-boxed elementor-section-height-default elementor-section-height-default\" data-id=\"4f634e0\" data-element_type=\"section\" data-e-type=\"section\">\n\t\t\t\t\t\t<div class=\"elementor-container elementor-column-gap-default\">\n\t\t\t\t\t<div class=\"elementor-column elementor-col-100 elementor-top-column elementor-element elementor-element-8979b5d\" data-id=\"8979b5d\" data-element_type=\"column\" data-e-type=\"column\">\n\t\t\t<div class=\"elementor-widget-wrap elementor-element-populated\">\n\t\t\t\t\t\t<div class=\"elementor-element elementor-element-76acdba elementor-widget elementor-widget-image\" data-id=\"76acdba\" data-element_type=\"widget\" data-e-type=\"widget\" data-widget_type=\"image.default\">\n\t\t\t\t<div class=\"elementor-widget-container\">\n\t\t\t\t\t\t\t\t\t\t\t\t<figure class=\"wp-caption\">\n\t\t\t\t\t\t\t\t\t\t<img decoding=\"async\" width=\"1024\" height=\"569\" src=\"https:\/\/www.ebroresilience.com\/wp-content\/uploads\/2023\/09\/SOTO-ALFARO-LAROZA_30-08-2023_01-1024x569.jpg\" class=\"attachment-large size-large wp-image-8408\" alt=\"Vista a\u00e9rea de la adecuaci\u00f3n morfol\u00f3gica del meandro de La Roza en Alfaro\" srcset=\"https:\/\/www.ebroresilience.com\/wp-content\/uploads\/2023\/09\/SOTO-ALFARO-LAROZA_30-08-2023_01-1024x569.jpg 1024w, https:\/\/www.ebroresilience.com\/wp-content\/uploads\/2023\/09\/SOTO-ALFARO-LAROZA_30-08-2023_01-300x167.jpg 300w, https:\/\/www.ebroresilience.com\/wp-content\/uploads\/2023\/09\/SOTO-ALFARO-LAROZA_30-08-2023_01-768x427.jpg 768w, https:\/\/www.ebroresilience.com\/wp-content\/uploads\/2023\/09\/SOTO-ALFARO-LAROZA_30-08-2023_01-1536x854.jpg 1536w, https:\/\/www.ebroresilience.com\/wp-content\/uploads\/2023\/09\/SOTO-ALFARO-LAROZA_30-08-2023_01-2048x1139.jpg 2048w, https:\/\/www.ebroresilience.com\/wp-content\/uploads\/2023\/09\/SOTO-ALFARO-LAROZA_30-08-2023_01-50x28.jpg 50w, https:\/\/www.ebroresilience.com\/wp-content\/uploads\/2023\/09\/SOTO-ALFARO-LAROZA_30-08-2023_01-135x75.jpg 135w\" sizes=\"(max-width:767px) 480px, (max-width:1024px) 100vw, 1024px\" \/>\t\t\t\t\t\t\t\t\t\t\t<figcaption class=\"widget-image-caption wp-caption-text\">Meandro de La Roza, en Alfaro.<\/figcaption>\n\t\t\t\t\t\t\t\t\t\t<\/figure>\n\t\t\t\t\t\t\t\t\t<\/div>\n\t\t\t\t<\/div>\n\t\t\t\t\t<\/div>\n\t\t<\/div>\n\t\t\t\t\t<\/div>\n\t\t<\/section>\n\t\t\t\t<section class=\"elementor-section elementor-top-section elementor-element elementor-element-9b58883 elementor-section-boxed elementor-section-height-default elementor-section-height-default\" data-id=\"9b58883\" data-element_type=\"section\" data-e-type=\"section\">\n\t\t\t\t\t\t<div class=\"elementor-container elementor-column-gap-default\">\n\t\t\t\t\t<div class=\"elementor-column elementor-col-100 elementor-top-column elementor-element elementor-element-12f1dc5\" data-id=\"12f1dc5\" data-element_type=\"column\" data-e-type=\"column\">\n\t\t\t<div class=\"elementor-widget-wrap elementor-element-populated\">\n\t\t\t\t\t\t<div class=\"elementor-element elementor-element-9913479 elementor-widget elementor-widget-text-editor\" data-id=\"9913479\" data-element_type=\"widget\" data-e-type=\"widget\" data-widget_type=\"text-editor.default\">\n\t\t\t\t<div class=\"elementor-widget-container\">\n\t\t\t\t\t\t\t\t\t<p>Another of the main lines of work has been <strong>social participation<\/strong>, <strong>with more than 40 actions<\/strong>, including meetings of stable groups, which monitor interventions and make proposals; public forums and informative conferences.<\/p>\n<p>The LIFE Ebro Resilience P1 Project was approved by the European Commission for the Autonomous Communities of La Rioja, Navarra and Arag\u00f3n, with a <strong>budget of <\/strong><strong>13,310,350 \u20ac and 55% European funding <\/strong>.  <\/p>\n<p>The Project stands out for the coordination between the Administrations, which are part of the beneficiaries and partners: the Ministry for Ecological Transition and Demographic Challenge (MITECO), through its companies TRAGSA and TRAGSATEC; Ebro Hydrographic Confederation; Government of La Rioja; Government of Navarra, through Gesti\u00f3n Ambiental de Navarra, S.A. (GAN-NIK); Government of Aragon and the Aragonese Water Institute.<\/p>\n\t\t\t\t\t\t\t\t<\/div>\n\t\t\t\t<\/div>\n\t\t\t\t\t<\/div>\n\t\t<\/div>\n\t\t\t\t\t<\/div>\n\t\t<\/section>\n\t\t\t\t<section class=\"elementor-section elementor-top-section elementor-element elementor-element-2f5dd86 elementor-section-boxed elementor-section-height-default elementor-section-height-default\" data-id=\"2f5dd86\" data-element_type=\"section\" data-e-type=\"section\">\n\t\t\t\t\t\t<div class=\"elementor-container elementor-column-gap-default\">\n\t\t\t\t\t<div class=\"elementor-column elementor-col-25 elementor-top-column elementor-element elementor-element-3dc76b0\" data-id=\"3dc76b0\" data-element_type=\"column\" data-e-type=\"column\">\n\t\t\t<div class=\"elementor-widget-wrap elementor-element-populated\">\n\t\t\t\t\t\t<div class=\"elementor-element elementor-element-b24cbff elementor-widget elementor-widget-image\" data-id=\"b24cbff\" data-element_type=\"widget\" data-e-type=\"widget\" data-widget_type=\"image.default\">\n\t\t\t\t<div class=\"elementor-widget-container\">\n\t\t\t\t\t\t\t\t\t\t\t\t<figure class=\"wp-caption\">\n\t\t\t\t\t\t\t\t\t\t<img decoding=\"async\" width=\"1024\" height=\"604\" src=\"https:\/\/www.ebroresilience.com\/wp-content\/uploads\/2023\/09\/Explicacion-en-el-Soto-2-1024x604.jpg\" class=\"attachment-large size-large wp-image-8410\" alt=\"Visita de los grupos de co-creaci\u00f3n al Soto de Tamarigal en Alfaro\" srcset=\"https:\/\/www.ebroresilience.com\/wp-content\/uploads\/2023\/09\/Explicacion-en-el-Soto-2-1024x604.jpg 1024w, https:\/\/www.ebroresilience.com\/wp-content\/uploads\/2023\/09\/Explicacion-en-el-Soto-2-300x177.jpg 300w, https:\/\/www.ebroresilience.com\/wp-content\/uploads\/2023\/09\/Explicacion-en-el-Soto-2-768x453.jpg 768w, https:\/\/www.ebroresilience.com\/wp-content\/uploads\/2023\/09\/Explicacion-en-el-Soto-2-1536x906.jpg 1536w, https:\/\/www.ebroresilience.com\/wp-content\/uploads\/2023\/09\/Explicacion-en-el-Soto-2-2048x1208.jpg 2048w, https:\/\/www.ebroresilience.com\/wp-content\/uploads\/2023\/09\/Explicacion-en-el-Soto-2-248x146.jpg 248w, https:\/\/www.ebroresilience.com\/wp-content\/uploads\/2023\/09\/Explicacion-en-el-Soto-2-50x29.jpg 50w, https:\/\/www.ebroresilience.com\/wp-content\/uploads\/2023\/09\/Explicacion-en-el-Soto-2-127x75.jpg 127w\" sizes=\"(max-width:767px) 480px, (max-width:1024px) 100vw, 1024px\" \/>\t\t\t\t\t\t\t\t\t\t\t<figcaption class=\"widget-image-caption wp-caption-text\">Visita de los grupos de co-creaci\u00f3n al Soto de Tamarigal en Alfaro<\/figcaption>\n\t\t\t\t\t\t\t\t\t\t<\/figure>\n\t\t\t\t\t\t\t\t\t<\/div>\n\t\t\t\t<\/div>\n\t\t\t\t\t<\/div>\n\t\t<\/div>\n\t\t\t\t<div class=\"elementor-column elementor-col-25 elementor-top-column elementor-element elementor-element-417dca3\" data-id=\"417dca3\" data-element_type=\"column\" data-e-type=\"column\">\n\t\t\t<div class=\"elementor-widget-wrap elementor-element-populated\">\n\t\t\t\t\t\t<div class=\"elementor-element elementor-element-598cb5f elementor-widget elementor-widget-image\" data-id=\"598cb5f\" data-element_type=\"widget\" data-e-type=\"widget\" data-widget_type=\"image.default\">\n\t\t\t\t<div class=\"elementor-widget-container\">\n\t\t\t\t\t\t\t\t\t\t\t\t<figure class=\"wp-caption\">\n\t\t\t\t\t\t\t\t\t\t<img loading=\"lazy\" decoding=\"async\" width=\"1024\" height=\"473\" src=\"https:\/\/www.ebroresilience.com\/wp-content\/uploads\/2023\/09\/WhatsApp-Image-2023-06-01-at-15.18.53-1-1024x473.jpeg\" class=\"attachment-large size-large wp-image-8412\" alt=\"Grupo de co-creaci\u00f3n 1 de la Zona 2 (Osera de Ebro - Fuentes de Ebro, Zaragoza)\" srcset=\"https:\/\/www.ebroresilience.com\/wp-content\/uploads\/2023\/09\/WhatsApp-Image-2023-06-01-at-15.18.53-1-1024x473.jpeg 1024w, https:\/\/www.ebroresilience.com\/wp-content\/uploads\/2023\/09\/WhatsApp-Image-2023-06-01-at-15.18.53-1-300x138.jpeg 300w, https:\/\/www.ebroresilience.com\/wp-content\/uploads\/2023\/09\/WhatsApp-Image-2023-06-01-at-15.18.53-1-768x354.jpeg 768w, https:\/\/www.ebroresilience.com\/wp-content\/uploads\/2023\/09\/WhatsApp-Image-2023-06-01-at-15.18.53-1-1536x709.jpeg 1536w, https:\/\/www.ebroresilience.com\/wp-content\/uploads\/2023\/09\/WhatsApp-Image-2023-06-01-at-15.18.53-1-260x120.jpeg 260w, https:\/\/www.ebroresilience.com\/wp-content\/uploads\/2023\/09\/WhatsApp-Image-2023-06-01-at-15.18.53-1-50x23.jpeg 50w, https:\/\/www.ebroresilience.com\/wp-content\/uploads\/2023\/09\/WhatsApp-Image-2023-06-01-at-15.18.53-1-150x69.jpeg 150w, https:\/\/www.ebroresilience.com\/wp-content\/uploads\/2023\/09\/WhatsApp-Image-2023-06-01-at-15.18.53-1.jpeg 1599w\" sizes=\"(max-width:767px) 480px, (max-width:1024px) 100vw, 1024px\" \/>\t\t\t\t\t\t\t\t\t\t\t<figcaption class=\"widget-image-caption wp-caption-text\">Grupo de co-creaci\u00f3n 1 de la Zona 2 (Osera de Ebro - Fuentes de Ebro, Zaragoza)<\/figcaption>\n\t\t\t\t\t\t\t\t\t\t<\/figure>\n\t\t\t\t\t\t\t\t\t<\/div>\n\t\t\t\t<\/div>\n\t\t\t\t\t<\/div>\n\t\t<\/div>\n\t\t\t\t<div class=\"elementor-column elementor-col-25 elementor-top-column elementor-element elementor-element-adc3b95\" data-id=\"adc3b95\" data-element_type=\"column\" data-e-type=\"column\">\n\t\t\t<div class=\"elementor-widget-wrap elementor-element-populated\">\n\t\t\t\t\t\t<div class=\"elementor-element elementor-element-11055e0 elementor-widget elementor-widget-image\" data-id=\"11055e0\" data-element_type=\"widget\" data-e-type=\"widget\" data-widget_type=\"image.default\">\n\t\t\t\t<div class=\"elementor-widget-container\">\n\t\t\t\t\t\t\t\t\t\t\t\t<figure class=\"wp-caption\">\n\t\t\t\t\t\t\t\t\t\t<img loading=\"lazy\" decoding=\"async\" width=\"1024\" height=\"675\" src=\"https:\/\/www.ebroresilience.com\/wp-content\/uploads\/2023\/09\/JORNADA-EL-SENORIO-07-09-2023_05-1024x675.jpg\" class=\"attachment-large size-large wp-image-8349\" alt=\"Explicaci\u00f3n del proyecto de adecuaci\u00f3n por parte de David Gargantilla, de la Confederaci\u00f3n Hidrogr\u00e1fica del Ebro\" srcset=\"https:\/\/www.ebroresilience.com\/wp-content\/uploads\/2023\/09\/JORNADA-EL-SENORIO-07-09-2023_05-1024x675.jpg 1024w, https:\/\/www.ebroresilience.com\/wp-content\/uploads\/2023\/09\/JORNADA-EL-SENORIO-07-09-2023_05-300x198.jpg 300w, https:\/\/www.ebroresilience.com\/wp-content\/uploads\/2023\/09\/JORNADA-EL-SENORIO-07-09-2023_05-768x506.jpg 768w, https:\/\/www.ebroresilience.com\/wp-content\/uploads\/2023\/09\/JORNADA-EL-SENORIO-07-09-2023_05-1536x1012.jpg 1536w, https:\/\/www.ebroresilience.com\/wp-content\/uploads\/2023\/09\/JORNADA-EL-SENORIO-07-09-2023_05-2048x1350.jpg 2048w, https:\/\/www.ebroresilience.com\/wp-content\/uploads\/2023\/09\/JORNADA-EL-SENORIO-07-09-2023_05-222x146.jpg 222w, https:\/\/www.ebroresilience.com\/wp-content\/uploads\/2023\/09\/JORNADA-EL-SENORIO-07-09-2023_05-50x33.jpg 50w, https:\/\/www.ebroresilience.com\/wp-content\/uploads\/2023\/09\/JORNADA-EL-SENORIO-07-09-2023_05-114x75.jpg 114w\" sizes=\"(max-width:767px) 480px, (max-width:1024px) 100vw, 1024px\" \/>\t\t\t\t\t\t\t\t\t\t\t<figcaption class=\"widget-image-caption wp-caption-text\">Public meeting on the adaptation of the meander of El Se\u00f1or\u00edo (Castej\u00f3n)<\/figcaption>\n\t\t\t\t\t\t\t\t\t\t<\/figure>\n\t\t\t\t\t\t\t\t\t<\/div>\n\t\t\t\t<\/div>\n\t\t\t\t\t<\/div>\n\t\t<\/div>\n\t\t\t\t<div class=\"elementor-column elementor-col-25 elementor-top-column elementor-element elementor-element-d6dd80e\" data-id=\"d6dd80e\" data-element_type=\"column\" data-e-type=\"column\">\n\t\t\t<div class=\"elementor-widget-wrap elementor-element-populated\">\n\t\t\t\t\t\t<div class=\"elementor-element elementor-element-34fe6c1 elementor-widget elementor-widget-image\" data-id=\"34fe6c1\" data-element_type=\"widget\" data-e-type=\"widget\" data-widget_type=\"image.default\">\n\t\t\t\t<div class=\"elementor-widget-container\">\n\t\t\t\t\t\t\t\t\t\t\t\t<figure class=\"wp-caption\">\n\t\t\t\t\t\t\t\t\t\t<img loading=\"lazy\" decoding=\"async\" width=\"1024\" height=\"576\" src=\"https:\/\/www.ebroresilience.com\/wp-content\/uploads\/2023\/09\/DSC00445-1024x576.jpg\" class=\"attachment-large size-large wp-image-8414\" alt=\"Visita de campo a zonas de intervenci\u00f3n en Fuentes de Ebro (Zaragoza)\" srcset=\"https:\/\/www.ebroresilience.com\/wp-content\/uploads\/2023\/09\/DSC00445-1024x576.jpg 1024w, https:\/\/www.ebroresilience.com\/wp-content\/uploads\/2023\/09\/DSC00445-300x169.jpg 300w, https:\/\/www.ebroresilience.com\/wp-content\/uploads\/2023\/09\/DSC00445-768x432.jpg 768w, https:\/\/www.ebroresilience.com\/wp-content\/uploads\/2023\/09\/DSC00445-1536x864.jpg 1536w, https:\/\/www.ebroresilience.com\/wp-content\/uploads\/2023\/09\/DSC00445-2048x1152.jpg 2048w, https:\/\/www.ebroresilience.com\/wp-content\/uploads\/2023\/09\/DSC00445-260x146.jpg 260w, https:\/\/www.ebroresilience.com\/wp-content\/uploads\/2023\/09\/DSC00445-50x28.jpg 50w, https:\/\/www.ebroresilience.com\/wp-content\/uploads\/2023\/09\/DSC00445-133x75.jpg 133w\" sizes=\"(max-width:767px) 480px, (max-width:1024px) 100vw, 1024px\" \/>\t\t\t\t\t\t\t\t\t\t\t<figcaption class=\"widget-image-caption wp-caption-text\">Visita de campo a zonas de intervenci\u00f3n en Fuentes de Ebro (Zaragoza)<\/figcaption>\n\t\t\t\t\t\t\t\t\t\t<\/figure>\n\t\t\t\t\t\t\t\t\t<\/div>\n\t\t\t\t<\/div>\n\t\t\t\t\t<\/div>\n\t\t<\/div>\n\t\t\t\t\t<\/div>\n\t\t<\/section>\n\t\t\t\t<section class=\"elementor-section elementor-top-section elementor-element elementor-element-e94f012 elementor-section-boxed elementor-section-height-default elementor-section-height-default\" data-id=\"e94f012\" data-element_type=\"section\" data-e-type=\"section\">\n\t\t\t\t\t\t<div class=\"elementor-container elementor-column-gap-default\">\n\t\t\t\t\t<div class=\"elementor-column elementor-col-100 elementor-top-column elementor-element elementor-element-af95858\" data-id=\"af95858\" data-element_type=\"column\" data-e-type=\"column\">\n\t\t\t<div class=\"elementor-widget-wrap elementor-element-populated\">\n\t\t\t\t\t\t<div class=\"elementor-element elementor-element-f403589 elementor-widget elementor-widget-text-editor\" data-id=\"f403589\" data-element_type=\"widget\" data-e-type=\"widget\" data-widget_type=\"text-editor.default\">\n\t\t\t\t<div class=\"elementor-widget-container\">\n\t\t\t\t\t\t\t\t\t<p><strong>La Roza<\/strong><\/p>\n<p>The works for the morphological adaptation of the meander of La Roza, in Alfaro, are a continuation of the type of interventions proposed in the Ebro Resilience Strategy. They were started in October 2022 and the defensive embankment has been set back, the drainage capacity of the railroad bridge eyes has been improved and the water circulation branches in the undergrowth behind the bridge have been reopened.<\/p>\n<p>In addition, the <strong>22 hectares recovered for the flood plain have been added to the Red Natura 2000 protected area &#8220;Sotos y Riberas del Ebro&#8221;,<\/strong> fulfilling the objective of improving the ecological status.<\/p>\n<p>A relief channel has also been built, an additional arm for the river that will operate at high water and facilitate the flow of water through the meander during floods.  <\/p>\n\t\t\t\t\t\t\t\t<\/div>\n\t\t\t\t<\/div>\n\t\t\t\t\t<\/div>\n\t\t<\/div>\n\t\t\t\t\t<\/div>\n\t\t<\/section>\n\t\t\t\t<section class=\"elementor-section elementor-top-section elementor-element elementor-element-f934844 elementor-section-boxed elementor-section-height-default elementor-section-height-default\" data-id=\"f934844\" data-element_type=\"section\" data-e-type=\"section\">\n\t\t\t\t\t\t<div class=\"elementor-container elementor-column-gap-default\">\n\t\t\t\t\t<div class=\"elementor-column elementor-col-100 elementor-top-column elementor-element elementor-element-9e43bc3\" data-id=\"9e43bc3\" data-element_type=\"column\" data-e-type=\"column\">\n\t\t\t<div class=\"elementor-widget-wrap elementor-element-populated\">\n\t\t\t\t\t\t<div class=\"elementor-element elementor-element-9a1ad14 elementor-widget elementor-widget-image\" data-id=\"9a1ad14\" data-element_type=\"widget\" data-e-type=\"widget\" data-widget_type=\"image.default\">\n\t\t\t\t<div class=\"elementor-widget-container\">\n\t\t\t\t\t\t\t\t\t\t\t\t<figure class=\"wp-caption\">\n\t\t\t\t\t\t\t\t\t\t<img loading=\"lazy\" decoding=\"async\" width=\"1024\" height=\"470\" src=\"https:\/\/www.ebroresilience.com\/wp-content\/uploads\/2023\/07\/LA-ROZA-SOTO_23-06-2023_12-1024x470.jpg\" class=\"attachment-large size-large wp-image-7960\" alt=\"\" srcset=\"https:\/\/www.ebroresilience.com\/wp-content\/uploads\/2023\/07\/LA-ROZA-SOTO_23-06-2023_12-1024x470.jpg 1024w, https:\/\/www.ebroresilience.com\/wp-content\/uploads\/2023\/07\/LA-ROZA-SOTO_23-06-2023_12-300x138.jpg 300w, https:\/\/www.ebroresilience.com\/wp-content\/uploads\/2023\/07\/LA-ROZA-SOTO_23-06-2023_12-768x352.jpg 768w, https:\/\/www.ebroresilience.com\/wp-content\/uploads\/2023\/07\/LA-ROZA-SOTO_23-06-2023_12-1536x705.jpg 1536w, https:\/\/www.ebroresilience.com\/wp-content\/uploads\/2023\/07\/LA-ROZA-SOTO_23-06-2023_12-2048x940.jpg 2048w, https:\/\/www.ebroresilience.com\/wp-content\/uploads\/2023\/07\/LA-ROZA-SOTO_23-06-2023_12-260x119.jpg 260w, https:\/\/www.ebroresilience.com\/wp-content\/uploads\/2023\/07\/LA-ROZA-SOTO_23-06-2023_12-50x23.jpg 50w, https:\/\/www.ebroresilience.com\/wp-content\/uploads\/2023\/07\/LA-ROZA-SOTO_23-06-2023_12-150x69.jpg 150w\" sizes=\"(max-width:767px) 480px, (max-width:1024px) 100vw, 1024px\" \/>\t\t\t\t\t\t\t\t\t\t\t<figcaption class=\"widget-image-caption wp-caption-text\">Meander of La Roza and Soto de Alfaro  <\/figcaption>\n\t\t\t\t\t\t\t\t\t\t<\/figure>\n\t\t\t\t\t\t\t\t\t<\/div>\n\t\t\t\t<\/div>\n\t\t\t\t\t<\/div>\n\t\t<\/div>\n\t\t\t\t\t<\/div>\n\t\t<\/section>\n\t\t\t\t<section class=\"elementor-section elementor-top-section elementor-element elementor-element-47389fa elementor-section-boxed elementor-section-height-default elementor-section-height-default\" data-id=\"47389fa\" data-element_type=\"section\" data-e-type=\"section\">\n\t\t\t\t\t\t<div class=\"elementor-container elementor-column-gap-default\">\n\t\t\t\t\t<div class=\"elementor-column elementor-col-100 elementor-top-column elementor-element elementor-element-0705e45\" data-id=\"0705e45\" data-element_type=\"column\" data-e-type=\"column\">\n\t\t\t<div class=\"elementor-widget-wrap elementor-element-populated\">\n\t\t\t\t\t\t<div class=\"elementor-element elementor-element-f74cd6a elementor-widget elementor-widget-text-editor\" data-id=\"f74cd6a\" data-element_type=\"widget\" data-e-type=\"widget\" data-widget_type=\"text-editor.default\">\n\t\t\t\t<div class=\"elementor-widget-container\">\n\t\t\t\t\t\t\t\t\t<p><strong>More projects  <\/strong><\/p>\n<p>Zone 1 of the Project between Alfaro and Castej\u00f3n is integrated in the &#8220;Combined section of actions&#8221;, a succession of natural water retention measures (mainly with the recovery of fluvial space). This section also includes the project for the <strong>restoration and morphological adaptation of the meander of El Se\u00f1or\u00edo, in Castej\u00f3n, Navarra<\/strong>. This project has passed its Public Information phase and its definition has counted, through different forums, with the participation of stakeholders of the territory.<\/p>\n<p>In addition, in this combined section, an action is located for the <strong>reconnection of old river branches in the Sotos de Alfaro area, in the Soto del Tamarigal,<\/strong> which is currently being drafted and is expected to be defined with contributions from the members of the specific participation groups.<\/p>\n<p>In addition, the Public Information of the project \u201cMejora de la resiliencia ante inundaciones en el r\u00edo Ebro, a su paso por Osera de Ebro y Fuentes de Ebro, en Zaragoza. Fase 1&#8243; will soon be completed.<strong>Improvement of flood resilience in the Ebro River, as it passes through Osera de Ebro and Fuentes de Ebro, in Zaragoza. Phase 1&#8243;<\/strong>in Zone 2 of the LIFE Ebro Resilience Project. The objective: to reduce the river&#8217;s narrowing and increase its drainage capacity.<\/p>\t\t\t\t\t\t\t\t<\/div>\n\t\t\t\t<\/div>\n\t\t\t\t\t<\/div>\n\t\t<\/div>\n\t\t\t\t\t<\/div>\n\t\t<\/section>\n\t\t\t\t<section class=\"elementor-section elementor-top-section elementor-element elementor-element-fbc7d88 elementor-section-boxed elementor-section-height-default elementor-section-height-default\" data-id=\"fbc7d88\" data-element_type=\"section\" data-e-type=\"section\">\n\t\t\t\t\t\t<div class=\"elementor-container elementor-column-gap-default\">\n\t\t\t\t\t<div class=\"elementor-column elementor-col-33 elementor-top-column elementor-element elementor-element-de174d2\" data-id=\"de174d2\" data-element_type=\"column\" data-e-type=\"column\">\n\t\t\t<div class=\"elementor-widget-wrap elementor-element-populated\">\n\t\t\t\t\t\t<div class=\"elementor-element elementor-element-acfdcbf elementor-widget elementor-widget-image\" data-id=\"acfdcbf\" data-element_type=\"widget\" data-e-type=\"widget\" data-widget_type=\"image.default\">\n\t\t\t\t<div class=\"elementor-widget-container\">\n\t\t\t\t\t\t\t\t\t\t\t\t<figure class=\"wp-caption\">\n\t\t\t\t\t\t\t\t\t\t<img loading=\"lazy\" decoding=\"async\" width=\"1024\" height=\"576\" src=\"https:\/\/www.ebroresilience.com\/wp-content\/uploads\/2023\/09\/Diseno-sin-titulo-28-1024x576.png\" class=\"attachment-large size-large wp-image-8422\" alt=\"Esquema del tramo combinado de actuaciones, adecuaci\u00f3n morfol\u00f3gica entre Alfaro y Castej\u00f3n\" srcset=\"https:\/\/www.ebroresilience.com\/wp-content\/uploads\/2023\/09\/Diseno-sin-titulo-28-1024x576.png 1024w, https:\/\/www.ebroresilience.com\/wp-content\/uploads\/2023\/09\/Diseno-sin-titulo-28-300x169.png 300w, https:\/\/www.ebroresilience.com\/wp-content\/uploads\/2023\/09\/Diseno-sin-titulo-28-768x432.png 768w, https:\/\/www.ebroresilience.com\/wp-content\/uploads\/2023\/09\/Diseno-sin-titulo-28-1536x864.png 1536w, https:\/\/www.ebroresilience.com\/wp-content\/uploads\/2023\/09\/Diseno-sin-titulo-28-260x146.png 260w, https:\/\/www.ebroresilience.com\/wp-content\/uploads\/2023\/09\/Diseno-sin-titulo-28-50x28.png 50w, https:\/\/www.ebroresilience.com\/wp-content\/uploads\/2023\/09\/Diseno-sin-titulo-28-133x75.png 133w, https:\/\/www.ebroresilience.com\/wp-content\/uploads\/2023\/09\/Diseno-sin-titulo-28.png 1600w\" sizes=\"(max-width:767px) 480px, (max-width:1024px) 100vw, 1024px\" \/>\t\t\t\t\t\t\t\t\t\t\t<figcaption class=\"widget-image-caption wp-caption-text\">Esquema del tramo combinado de actuaciones, adecuaci\u00f3n morfol\u00f3gica entre Alfaro y Castej\u00f3n<\/figcaption>\n\t\t\t\t\t\t\t\t\t\t<\/figure>\n\t\t\t\t\t\t\t\t\t<\/div>\n\t\t\t\t<\/div>\n\t\t\t\t\t<\/div>\n\t\t<\/div>\n\t\t\t\t<div class=\"elementor-column elementor-col-33 elementor-top-column elementor-element elementor-element-e99a0e3\" data-id=\"e99a0e3\" data-element_type=\"column\" data-e-type=\"column\">\n\t\t\t<div class=\"elementor-widget-wrap elementor-element-populated\">\n\t\t\t\t\t\t<div class=\"elementor-element elementor-element-bf01f95 elementor-widget elementor-widget-image\" data-id=\"bf01f95\" data-element_type=\"widget\" data-e-type=\"widget\" data-widget_type=\"image.default\">\n\t\t\t\t<div class=\"elementor-widget-container\">\n\t\t\t\t\t\t\t\t\t\t\t\t<figure class=\"wp-caption\">\n\t\t\t\t\t\t\t\t\t\t<img loading=\"lazy\" decoding=\"async\" width=\"1024\" height=\"768\" src=\"https:\/\/www.ebroresilience.com\/wp-content\/uploads\/2023\/01\/CARRUSEL03-1024x768.jpeg\" class=\"attachment-large size-large wp-image-7052\" alt=\"\" srcset=\"https:\/\/www.ebroresilience.com\/wp-content\/uploads\/2023\/01\/CARRUSEL03-1024x768.jpeg 1024w, https:\/\/www.ebroresilience.com\/wp-content\/uploads\/2023\/01\/CARRUSEL03-300x225.jpeg 300w, https:\/\/www.ebroresilience.com\/wp-content\/uploads\/2023\/01\/CARRUSEL03-768x576.jpeg 768w, https:\/\/www.ebroresilience.com\/wp-content\/uploads\/2023\/01\/CARRUSEL03-1536x1152.jpeg 1536w, https:\/\/www.ebroresilience.com\/wp-content\/uploads\/2023\/01\/CARRUSEL03-195x146.jpeg 195w, https:\/\/www.ebroresilience.com\/wp-content\/uploads\/2023\/01\/CARRUSEL03-50x38.jpeg 50w, https:\/\/www.ebroresilience.com\/wp-content\/uploads\/2023\/01\/CARRUSEL03-100x75.jpeg 100w, https:\/\/www.ebroresilience.com\/wp-content\/uploads\/2023\/01\/CARRUSEL03-960x720.jpeg 960w, https:\/\/www.ebroresilience.com\/wp-content\/uploads\/2023\/01\/CARRUSEL03.jpeg 2048w\" sizes=\"(max-width:767px) 480px, (max-width:1024px) 100vw, 1024px\" \/>\t\t\t\t\t\t\t\t\t\t\t<figcaption class=\"widget-image-caption wp-caption-text\">Tour of the Alfaro groves  <\/figcaption>\n\t\t\t\t\t\t\t\t\t\t<\/figure>\n\t\t\t\t\t\t\t\t\t<\/div>\n\t\t\t\t<\/div>\n\t\t\t\t\t<\/div>\n\t\t<\/div>\n\t\t\t\t<div class=\"elementor-column elementor-col-33 elementor-top-column elementor-element elementor-element-09bae58\" data-id=\"09bae58\" data-element_type=\"column\" data-e-type=\"column\">\n\t\t\t<div class=\"elementor-widget-wrap elementor-element-populated\">\n\t\t\t\t\t\t<div class=\"elementor-element elementor-element-767086a elementor-widget elementor-widget-image\" data-id=\"767086a\" data-element_type=\"widget\" data-e-type=\"widget\" data-widget_type=\"image.default\">\n\t\t\t\t<div class=\"elementor-widget-container\">\n\t\t\t\t\t\t\t\t\t\t\t\t<figure class=\"wp-caption\">\n\t\t\t\t\t\t\t\t\t\t<img loading=\"lazy\" decoding=\"async\" width=\"1024\" height=\"576\" src=\"https:\/\/www.ebroresilience.com\/wp-content\/uploads\/2023\/08\/Retranqueo-mota-Aguilar_infografias-1024x576.jpg\" class=\"attachment-large size-large wp-image-8285\" alt=\"Infograf\u00eda del proyecto de retranqueo de la mota del meandro de Aguilar (Fuentes de Ebro, Zaragoza) para ampliar el espacio fluvial. Fase 1 del proyecto de adecuaci\u00f3n de la zona 2 LIFE Ebro Resilience P1\" srcset=\"https:\/\/www.ebroresilience.com\/wp-content\/uploads\/2023\/08\/Retranqueo-mota-Aguilar_infografias-1024x576.jpg 1024w, https:\/\/www.ebroresilience.com\/wp-content\/uploads\/2023\/08\/Retranqueo-mota-Aguilar_infografias-300x169.jpg 300w, https:\/\/www.ebroresilience.com\/wp-content\/uploads\/2023\/08\/Retranqueo-mota-Aguilar_infografias-768x432.jpg 768w, https:\/\/www.ebroresilience.com\/wp-content\/uploads\/2023\/08\/Retranqueo-mota-Aguilar_infografias-1536x864.jpg 1536w, https:\/\/www.ebroresilience.com\/wp-content\/uploads\/2023\/08\/Retranqueo-mota-Aguilar_infografias-2048x1152.jpg 2048w, https:\/\/www.ebroresilience.com\/wp-content\/uploads\/2023\/08\/Retranqueo-mota-Aguilar_infografias-260x146.jpg 260w, https:\/\/www.ebroresilience.com\/wp-content\/uploads\/2023\/08\/Retranqueo-mota-Aguilar_infografias-50x28.jpg 50w, https:\/\/www.ebroresilience.com\/wp-content\/uploads\/2023\/08\/Retranqueo-mota-Aguilar_infografias-133x75.jpg 133w\" sizes=\"(max-width:767px) 480px, (max-width:1024px) 100vw, 1024px\" \/>\t\t\t\t\t\t\t\t\t\t\t<figcaption class=\"widget-image-caption wp-caption-text\">Infograf\u00eda del proyecto de retranqueo de la mota del meandro de Aguilar (Fuentes de Ebro, Zaragoza) para ampliar el espacio fluvial. <\/figcaption>\n\t\t\t\t\t\t\t\t\t\t<\/figure>\n\t\t\t\t\t\t\t\t\t<\/div>\n\t\t\t\t<\/div>\n\t\t\t\t\t<\/div>\n\t\t<\/div>\n\t\t\t\t\t<\/div>\n\t\t<\/section>\n\t\t\t\t<section class=\"elementor-section elementor-top-section elementor-element elementor-element-e5488d3 elementor-section-boxed elementor-section-height-default elementor-section-height-default\" data-id=\"e5488d3\" data-element_type=\"section\" data-e-type=\"section\">\n\t\t\t\t\t\t<div class=\"elementor-container elementor-column-gap-default\">\n\t\t\t\t\t<div class=\"elementor-column elementor-col-100 elementor-top-column elementor-element elementor-element-c7956da\" data-id=\"c7956da\" data-element_type=\"column\" data-e-type=\"column\">\n\t\t\t<div class=\"elementor-widget-wrap elementor-element-populated\">\n\t\t\t\t\t\t<div class=\"elementor-element elementor-element-23f49b2 elementor-widget elementor-widget-text-editor\" data-id=\"23f49b2\" data-element_type=\"widget\" data-e-type=\"widget\" data-widget_type=\"text-editor.default\">\n\t\t\t\t<div class=\"elementor-widget-container\">\n\t\t\t\t\t\t\t\t\t<p><strong>Participation and training of the population  <\/strong><\/p>\n<p>The LIFE Project is making an important effort to achieve the involvement of the local population, creating spaces for participation that <strong>are a milestone in flood risk management, as there are no previous experiences with the same scope, neither in Spain nor in Europe<\/strong>.<\/p>\n<p>One of the pilot actions is the creation of the <strong>Stable Conflict Mediation Group<\/strong>. In order to improve social awareness and understanding of the different dimensions of flood risk management, a stable group of 25 stakeholders from the middle reaches of the Ebro River has been formed to seek dialogue on flood-related conflicts.<\/p>\n<p>Another avenue explored by the Project is the <strong>so-called co-creation groups<\/strong>.The project has a total of six in the area of action (three for the Alfaro-Castej\u00f3n section and three for the Zaragoza area), bringing together the technical representatives of the partners and local stakeholders in a forum that allows for continuous participation and greater impact when analyzing the proposals.<\/p>\n<p>The proposal for the <strong>creation of a virtual platform for monitoring the interventions<\/strong>, a citizen science experience to increase the general knowledge of the river and of the LIFE actions, is in the development phase.<\/p>\n<p>In addition to all this, there will be public conferences and forums that aim to reach a greater number of riverside inhabitants and to disseminate information about the aspects of the Project.<\/p>\n<p>To date, 10 informative sessions, 27 meetings of the co-creation groups, 3 deliberative forums and 3 meetings of the stable mediation group have been held.<\/p>\n<p>Finally, the LIFE Ebro Resilience P1 project has a detailed capacity building plan. A line of action to increase the population&#8217;s knowledge of the river and the phenomenon of floods, for which eight types of informative materials are being prepared and 16 campaigns are planned for different sectors of the population (technicians, educational sector, communicators, primary sector, environmental sector, general public&#8230;).<\/p>\n\t\t\t\t\t\t\t\t<\/div>\n\t\t\t\t<\/div>\n\t\t\t\t\t<\/div>\n\t\t<\/div>\n\t\t\t\t\t<\/div>\n\t\t<\/section>\n\t\t\t\t<section class=\"elementor-section elementor-top-section elementor-element elementor-element-2518688 elementor-section-boxed elementor-section-height-default elementor-section-height-default\" data-id=\"2518688\" data-element_type=\"section\" data-e-type=\"section\">\n\t\t\t\t\t\t<div class=\"elementor-container elementor-column-gap-default\">\n\t\t\t\t\t<div class=\"elementor-column elementor-col-50 elementor-top-column elementor-element elementor-element-bc5e34c\" data-id=\"bc5e34c\" data-element_type=\"column\" data-e-type=\"column\">\n\t\t\t<div class=\"elementor-widget-wrap elementor-element-populated\">\n\t\t\t\t\t\t<div class=\"elementor-element elementor-element-f8f7ee7 elementor-widget elementor-widget-image\" data-id=\"f8f7ee7\" data-element_type=\"widget\" data-e-type=\"widget\" data-widget_type=\"image.default\">\n\t\t\t\t<div class=\"elementor-widget-container\">\n\t\t\t\t\t\t\t\t\t\t\t\t\t\t\t<img loading=\"lazy\" decoding=\"async\" width=\"1024\" height=\"684\" src=\"https:\/\/www.ebroresilience.com\/wp-content\/uploads\/2023\/09\/paseo-por-el-Soto-2-1024x684.jpg\" class=\"attachment-large size-large wp-image-8418\" alt=\"\" srcset=\"https:\/\/www.ebroresilience.com\/wp-content\/uploads\/2023\/09\/paseo-por-el-Soto-2-1024x684.jpg 1024w, https:\/\/www.ebroresilience.com\/wp-content\/uploads\/2023\/09\/paseo-por-el-Soto-2-300x200.jpg 300w, https:\/\/www.ebroresilience.com\/wp-content\/uploads\/2023\/09\/paseo-por-el-Soto-2-768x513.jpg 768w, https:\/\/www.ebroresilience.com\/wp-content\/uploads\/2023\/09\/paseo-por-el-Soto-2-1536x1026.jpg 1536w, https:\/\/www.ebroresilience.com\/wp-content\/uploads\/2023\/09\/paseo-por-el-Soto-2-2048x1368.jpg 2048w, https:\/\/www.ebroresilience.com\/wp-content\/uploads\/2023\/09\/paseo-por-el-Soto-2-219x146.jpg 219w, https:\/\/www.ebroresilience.com\/wp-content\/uploads\/2023\/09\/paseo-por-el-Soto-2-50x33.jpg 50w, https:\/\/www.ebroresilience.com\/wp-content\/uploads\/2023\/09\/paseo-por-el-Soto-2-112x75.jpg 112w\" sizes=\"(max-width:767px) 480px, (max-width:1024px) 100vw, 1024px\" \/>\t\t\t\t\t\t\t\t\t\t\t\t\t\t\t<\/div>\n\t\t\t\t<\/div>\n\t\t\t\t\t<\/div>\n\t\t<\/div>\n\t\t\t\t<div class=\"elementor-column elementor-col-50 elementor-top-column elementor-element elementor-element-350b6a5\" data-id=\"350b6a5\" data-element_type=\"column\" data-e-type=\"column\">\n\t\t\t<div class=\"elementor-widget-wrap elementor-element-populated\">\n\t\t\t\t\t\t<div class=\"elementor-element elementor-element-c1e9570 elementor-widget elementor-widget-image\" data-id=\"c1e9570\" data-element_type=\"widget\" data-e-type=\"widget\" data-widget_type=\"image.default\">\n\t\t\t\t<div class=\"elementor-widget-container\">\n\t\t\t\t\t\t\t\t\t\t\t\t\t\t\t<img loading=\"lazy\" decoding=\"async\" width=\"1024\" height=\"768\" src=\"https:\/\/www.ebroresilience.com\/wp-content\/uploads\/2023\/02\/WhatsApp-Image-2023-02-08-at-17.27.17-1024x768.jpeg\" class=\"attachment-large size-large wp-image-7141\" alt=\"\" srcset=\"https:\/\/www.ebroresilience.com\/wp-content\/uploads\/2023\/02\/WhatsApp-Image-2023-02-08-at-17.27.17-1024x768.jpeg 1024w, https:\/\/www.ebroresilience.com\/wp-content\/uploads\/2023\/02\/WhatsApp-Image-2023-02-08-at-17.27.17-300x225.jpeg 300w, https:\/\/www.ebroresilience.com\/wp-content\/uploads\/2023\/02\/WhatsApp-Image-2023-02-08-at-17.27.17-768x576.jpeg 768w, https:\/\/www.ebroresilience.com\/wp-content\/uploads\/2023\/02\/WhatsApp-Image-2023-02-08-at-17.27.17-1536x1152.jpeg 1536w, https:\/\/www.ebroresilience.com\/wp-content\/uploads\/2023\/02\/WhatsApp-Image-2023-02-08-at-17.27.17-195x146.jpeg 195w, https:\/\/www.ebroresilience.com\/wp-content\/uploads\/2023\/02\/WhatsApp-Image-2023-02-08-at-17.27.17-50x38.jpeg 50w, https:\/\/www.ebroresilience.com\/wp-content\/uploads\/2023\/02\/WhatsApp-Image-2023-02-08-at-17.27.17-100x75.jpeg 100w, https:\/\/www.ebroresilience.com\/wp-content\/uploads\/2023\/02\/WhatsApp-Image-2023-02-08-at-17.27.17-960x720.jpeg 960w, https:\/\/www.ebroresilience.com\/wp-content\/uploads\/2023\/02\/WhatsApp-Image-2023-02-08-at-17.27.17.jpeg 2048w\" sizes=\"(max-width:767px) 480px, (max-width:1024px) 100vw, 1024px\" \/>\t\t\t\t\t\t\t\t\t\t\t\t\t\t\t<\/div>\n\t\t\t\t<\/div>\n\t\t\t\t\t<\/div>\n\t\t<\/div>\n\t\t\t\t\t<\/div>\n\t\t<\/section>\n\t\t\t\t<\/div>\n\t\t","protected":false},"excerpt":{"rendered":"<p>During this time the meander of La Roza, in Alfaro, has been recovered as a river space and has generated a new protected area in La Rioja and more than 40 participatory actions have been carried out, most of them related to new forms of involvement of the population that represent a milestone at European level.<\/p>\n","protected":false},"author":5,"featured_media":8427,"comment_status":"closed","ping_status":"closed","sticky":false,"template":"","format":"standard","meta":{"_acf_changed":false,"ngg_post_thumbnail":0,"footnotes":""},"categories":[377,369],"tags":[380,411,387,378,399,398,381,410,395,379],"class_list":["post-8436","post","type-post","status-publish","format-standard","has-post-thumbnail","hentry","category-life-en","category-news","tag-alfaro-en","tag-castejon-en","tag-ebro-en","tag-ebro-resilience-en","tag-ebro-springs","tag-flood","tag-life-ebro-resilience-p1-en","tag-osera-de-ebro-en","tag-participation","tag-restoration"],"acf":[],"publishpress_future_action":{"enabled":false,"date":"2026-05-07 05:24:03","action":"change-status","newStatus":"draft","terms":[],"taxonomy":"category","extraData":[]},"publishpress_future_workflow_manual_trigger":{"enabledWorkflows":[]},"_links":{"self":[{"href":"https:\/\/www.ebroresilience.com\/en\/wp-json\/wp\/v2\/posts\/8436","targetHints":{"allow":["GET"]}}],"collection":[{"href":"https:\/\/www.ebroresilience.com\/en\/wp-json\/wp\/v2\/posts"}],"about":[{"href":"https:\/\/www.ebroresilience.com\/en\/wp-json\/wp\/v2\/types\/post"}],"author":[{"embeddable":true,"href":"https:\/\/www.ebroresilience.com\/en\/wp-json\/wp\/v2\/users\/5"}],"replies":[{"embeddable":true,"href":"https:\/\/www.ebroresilience.com\/en\/wp-json\/wp\/v2\/comments?post=8436"}],"version-history":[{"count":5,"href":"https:\/\/www.ebroresilience.com\/en\/wp-json\/wp\/v2\/posts\/8436\/revisions"}],"predecessor-version":[{"id":8444,"href":"https:\/\/www.ebroresilience.com\/en\/wp-json\/wp\/v2\/posts\/8436\/revisions\/8444"}],"wp:featuredmedia":[{"embeddable":true,"href":"https:\/\/www.ebroresilience.com\/en\/wp-json\/wp\/v2\/media\/8427"}],"wp:attachment":[{"href":"https:\/\/www.ebroresilience.com\/en\/wp-json\/wp\/v2\/media?parent=8436"}],"wp:term":[{"taxonomy":"category","embeddable":true,"href":"https:\/\/www.ebroresilience.com\/en\/wp-json\/wp\/v2\/categories?post=8436"},{"taxonomy":"post_tag","embeddable":true,"href":"https:\/\/www.ebroresilience.com\/en\/wp-json\/wp\/v2\/tags?post=8436"}],"curies":[{"name":"wp","href":"https:\/\/api.w.org\/{rel}","templated":true}]}}