{"id":8364,"date":"2023-09-08T11:58:36","date_gmt":"2023-09-08T09:58:36","guid":{"rendered":"https:\/\/www.ebroresilience.com\/the-conference-on-the-adaptation-of-the-meander-of-el-senorio-castejon-attracts-a-large-number-of-riverside-visitors\/"},"modified":"2023-09-08T12:28:17","modified_gmt":"2023-09-08T10:28:17","slug":"the-conference-on-the-adaptation-of-the-meander-of-el-senorio-castejon-attracts-a-large-number-of-riverside-visitors","status":"publish","type":"post","link":"https:\/\/www.ebroresilience.com\/en\/the-conference-on-the-adaptation-of-the-meander-of-el-senorio-castejon-attracts-a-large-number-of-riverside-visitors\/","title":{"rendered":"The conference on the adaptation of the meander of El Se\u00f1or\u00edo (Castej\u00f3n) attracts a large number of riverside visitors"},"content":{"rendered":"\t\t<div data-elementor-type=\"wp-post\" data-elementor-id=\"8364\" class=\"elementor elementor-8364 elementor-8338\" data-elementor-post-type=\"post\">\n\t\t\t\t\t\t<section class=\"elementor-section elementor-top-section elementor-element elementor-element-2f23c90 elementor-section-boxed elementor-section-height-default elementor-section-height-default\" data-id=\"2f23c90\" data-element_type=\"section\" data-e-type=\"section\">\n\t\t\t\t\t\t<div class=\"elementor-container elementor-column-gap-default\">\n\t\t\t\t\t<div class=\"elementor-column elementor-col-100 elementor-top-column elementor-element elementor-element-c45304c\" data-id=\"c45304c\" data-element_type=\"column\" data-e-type=\"column\">\n\t\t\t<div class=\"elementor-widget-wrap elementor-element-populated\">\n\t\t\t\t\t\t<div class=\"elementor-element elementor-element-fab252c elementor-widget elementor-widget-text-editor\" data-id=\"fab252c\" data-element_type=\"widget\" data-e-type=\"widget\" data-widget_type=\"text-editor.default\">\n\t\t\t\t<div class=\"elementor-widget-container\">\n\t\t\t\t\t\t\t\t\t<p>The LIFE Ebro Resilience P1 Project maintains its commitment to participation in interventions to reduce flood risk. In this line, yesterday an informative session was held, open to the general public and with the collaboration of local entities, dedicated to the morphological adaptation and environmental restoration of the meander of El Se\u00f1or\u00edo, in Castej\u00f3n, Navarra. The conference was held at the Museum of Castej\u00f3n and soon there will be an informative visit to the meander.<\/p>\n<p>The attendees learned in depth about the planned works, both the works to mitigate the risk of flooding and the environmental restoration, the studies carried out, the proposals for participation and the objectives of the LIFE Project. The session included ample time to listen to opinions, resolve doubts and queries.<\/p>\n\t\t\t\t\t\t\t\t<\/div>\n\t\t\t\t<\/div>\n\t\t\t\t\t<\/div>\n\t\t<\/div>\n\t\t\t\t\t<\/div>\n\t\t<\/section>\n\t\t\t\t<section class=\"elementor-section elementor-top-section elementor-element elementor-element-feb5ac6 elementor-section-boxed elementor-section-height-default elementor-section-height-default\" data-id=\"feb5ac6\" data-element_type=\"section\" data-e-type=\"section\">\n\t\t\t\t\t\t<div class=\"elementor-container elementor-column-gap-default\">\n\t\t\t\t\t<div class=\"elementor-column elementor-col-50 elementor-top-column elementor-element elementor-element-e904af1\" data-id=\"e904af1\" data-element_type=\"column\" data-e-type=\"column\">\n\t\t\t<div class=\"elementor-widget-wrap elementor-element-populated\">\n\t\t\t\t\t\t<div class=\"elementor-element elementor-element-fb091cd elementor-widget elementor-widget-image\" data-id=\"fb091cd\" data-element_type=\"widget\" data-e-type=\"widget\" data-widget_type=\"image.default\">\n\t\t\t\t<div class=\"elementor-widget-container\">\n\t\t\t\t\t\t\t\t\t\t\t\t\t\t\t<img fetchpriority=\"high\" decoding=\"async\" width=\"1024\" height=\"675\" src=\"https:\/\/www.ebroresilience.com\/wp-content\/uploads\/2023\/09\/JORNADA-EL-SENORIO-07-09-2023_05-1024x675.jpg\" class=\"attachment-large size-large wp-image-8349\" alt=\"Explicaci\u00f3n del proyecto de adecuaci\u00f3n por parte de David Gargantilla, de la Confederaci\u00f3n Hidrogr\u00e1fica del Ebro\" srcset=\"https:\/\/www.ebroresilience.com\/wp-content\/uploads\/2023\/09\/JORNADA-EL-SENORIO-07-09-2023_05-1024x675.jpg 1024w, https:\/\/www.ebroresilience.com\/wp-content\/uploads\/2023\/09\/JORNADA-EL-SENORIO-07-09-2023_05-300x198.jpg 300w, https:\/\/www.ebroresilience.com\/wp-content\/uploads\/2023\/09\/JORNADA-EL-SENORIO-07-09-2023_05-768x506.jpg 768w, https:\/\/www.ebroresilience.com\/wp-content\/uploads\/2023\/09\/JORNADA-EL-SENORIO-07-09-2023_05-1536x1012.jpg 1536w, https:\/\/www.ebroresilience.com\/wp-content\/uploads\/2023\/09\/JORNADA-EL-SENORIO-07-09-2023_05-2048x1350.jpg 2048w, https:\/\/www.ebroresilience.com\/wp-content\/uploads\/2023\/09\/JORNADA-EL-SENORIO-07-09-2023_05-222x146.jpg 222w, https:\/\/www.ebroresilience.com\/wp-content\/uploads\/2023\/09\/JORNADA-EL-SENORIO-07-09-2023_05-50x33.jpg 50w, https:\/\/www.ebroresilience.com\/wp-content\/uploads\/2023\/09\/JORNADA-EL-SENORIO-07-09-2023_05-114x75.jpg 114w\" sizes=\"(max-width:767px) 480px, (max-width:1024px) 100vw, 1024px\" \/>\t\t\t\t\t\t\t\t\t\t\t\t\t\t\t<\/div>\n\t\t\t\t<\/div>\n\t\t\t\t\t<\/div>\n\t\t<\/div>\n\t\t\t\t<div class=\"elementor-column elementor-col-50 elementor-top-column elementor-element elementor-element-d3983e5\" data-id=\"d3983e5\" data-element_type=\"column\" data-e-type=\"column\">\n\t\t\t<div class=\"elementor-widget-wrap elementor-element-populated\">\n\t\t\t\t\t\t<div class=\"elementor-element elementor-element-c900b32 elementor-widget elementor-widget-image\" data-id=\"c900b32\" data-element_type=\"widget\" data-e-type=\"widget\" data-widget_type=\"image.default\">\n\t\t\t\t<div class=\"elementor-widget-container\">\n\t\t\t\t\t\t\t\t\t\t\t\t\t\t\t<img decoding=\"async\" width=\"1024\" height=\"768\" src=\"https:\/\/www.ebroresilience.com\/wp-content\/uploads\/2023\/09\/IMG20230907175817-1024x768.jpg\" class=\"attachment-large size-large wp-image-8351\" alt=\"Recepci\u00f3n de los participantes a la jornada El Se\u00f1or\u00edo\" srcset=\"https:\/\/www.ebroresilience.com\/wp-content\/uploads\/2023\/09\/IMG20230907175817-1024x768.jpg 1024w, https:\/\/www.ebroresilience.com\/wp-content\/uploads\/2023\/09\/IMG20230907175817-300x225.jpg 300w, https:\/\/www.ebroresilience.com\/wp-content\/uploads\/2023\/09\/IMG20230907175817-768x576.jpg 768w, https:\/\/www.ebroresilience.com\/wp-content\/uploads\/2023\/09\/IMG20230907175817-1536x1152.jpg 1536w, https:\/\/www.ebroresilience.com\/wp-content\/uploads\/2023\/09\/IMG20230907175817-2048x1536.jpg 2048w, https:\/\/www.ebroresilience.com\/wp-content\/uploads\/2023\/09\/IMG20230907175817-195x146.jpg 195w, https:\/\/www.ebroresilience.com\/wp-content\/uploads\/2023\/09\/IMG20230907175817-50x38.jpg 50w, https:\/\/www.ebroresilience.com\/wp-content\/uploads\/2023\/09\/IMG20230907175817-100x75.jpg 100w, https:\/\/www.ebroresilience.com\/wp-content\/uploads\/2023\/09\/IMG20230907175817-960x720.jpg 960w\" sizes=\"(max-width:767px) 480px, (max-width:1024px) 100vw, 1024px\" \/>\t\t\t\t\t\t\t\t\t\t\t\t\t\t\t<\/div>\n\t\t\t\t<\/div>\n\t\t\t\t\t<\/div>\n\t\t<\/div>\n\t\t\t\t\t<\/div>\n\t\t<\/section>\n\t\t\t\t<section class=\"elementor-section elementor-top-section elementor-element elementor-element-814016f elementor-section-boxed elementor-section-height-default elementor-section-height-default\" data-id=\"814016f\" data-element_type=\"section\" data-e-type=\"section\">\n\t\t\t\t\t\t<div class=\"elementor-container elementor-column-gap-default\">\n\t\t\t\t\t<div class=\"elementor-column elementor-col-100 elementor-top-column elementor-element elementor-element-e16e40f\" data-id=\"e16e40f\" data-element_type=\"column\" data-e-type=\"column\">\n\t\t\t<div class=\"elementor-widget-wrap elementor-element-populated\">\n\t\t\t\t\t\t<div class=\"elementor-element elementor-element-a3af405 elementor-widget elementor-widget-text-editor\" data-id=\"a3af405\" data-element_type=\"widget\" data-e-type=\"widget\" data-widget_type=\"text-editor.default\">\n\t\t\t\t<div class=\"elementor-widget-container\">\n\t\t\t\t\t\t\t\t\t<p>Together with the technicians of the LIFE Project from different partner Administrations (Ministry for Ecological Transition and Demographic Challenge, Ebro Hydrographic Confederation, Government of Navarra, Environmental Management of Navarra, S.A. and the public company TRAGSA), the Historical Heritage Service of the Government of Navarra also participated, explaining the keys to the favorable report issued by this Department.<\/p>\n<p>The consultation to the Service arose as a consequence of an allegation presented during the period of public information on the proximity to the intervention area of the archaeological sites of &#8220;El Montecillo&#8221; and &#8220;El Cerro del Castillo&#8221;, located in the elevated land next to the meander and in which Heritage considers that no effects are foreseen.<\/p>\n<p>The content of the report was previously explained to the Town Councils in a meeting and visit held on August 7, with the participation of representatives of the new Town Councils of the area of influence of the project, Castej\u00f3n, Cadreita and Valtierra, who showed great interest in the proposal.<\/p>\n\t\t\t\t\t\t\t\t<\/div>\n\t\t\t\t<\/div>\n\t\t\t\t\t<\/div>\n\t\t<\/div>\n\t\t\t\t\t<\/div>\n\t\t<\/section>\n\t\t\t\t<section class=\"elementor-section elementor-top-section elementor-element elementor-element-44e683b elementor-section-boxed elementor-section-height-default elementor-section-height-default\" data-id=\"44e683b\" data-element_type=\"section\" data-e-type=\"section\">\n\t\t\t\t\t\t<div class=\"elementor-container elementor-column-gap-default\">\n\t\t\t\t\t<div class=\"elementor-column elementor-col-100 elementor-top-column elementor-element elementor-element-0f6d01a\" data-id=\"0f6d01a\" data-element_type=\"column\" data-e-type=\"column\">\n\t\t\t<div class=\"elementor-widget-wrap elementor-element-populated\">\n\t\t\t\t\t\t<div class=\"elementor-element elementor-element-4998f5b elementor-widget elementor-widget-image\" data-id=\"4998f5b\" data-element_type=\"widget\" data-e-type=\"widget\" data-widget_type=\"image.default\">\n\t\t\t\t<div class=\"elementor-widget-container\">\n\t\t\t\t\t\t\t\t\t\t\t\t\t\t\t<img decoding=\"async\" width=\"768\" height=\"524\" src=\"https:\/\/www.ebroresilience.com\/wp-content\/uploads\/2023\/09\/JORNADA-EL-SENORIO-07-09-2023_07-768x524.jpg\" class=\"attachment-medium_large size-medium_large wp-image-8353\" alt=\"Exposici\u00f3n del Servicio de Patrimonio en la jornada P\u00fablica de El Se\u00f1or\u00edo\" srcset=\"https:\/\/www.ebroresilience.com\/wp-content\/uploads\/2023\/09\/JORNADA-EL-SENORIO-07-09-2023_07-768x524.jpg 768w, https:\/\/www.ebroresilience.com\/wp-content\/uploads\/2023\/09\/JORNADA-EL-SENORIO-07-09-2023_07-300x205.jpg 300w, https:\/\/www.ebroresilience.com\/wp-content\/uploads\/2023\/09\/JORNADA-EL-SENORIO-07-09-2023_07-1024x699.jpg 1024w, https:\/\/www.ebroresilience.com\/wp-content\/uploads\/2023\/09\/JORNADA-EL-SENORIO-07-09-2023_07-1536x1048.jpg 1536w, https:\/\/www.ebroresilience.com\/wp-content\/uploads\/2023\/09\/JORNADA-EL-SENORIO-07-09-2023_07-2048x1398.jpg 2048w, https:\/\/www.ebroresilience.com\/wp-content\/uploads\/2023\/09\/JORNADA-EL-SENORIO-07-09-2023_07-214x146.jpg 214w, https:\/\/www.ebroresilience.com\/wp-content\/uploads\/2023\/09\/JORNADA-EL-SENORIO-07-09-2023_07-50x34.jpg 50w, https:\/\/www.ebroresilience.com\/wp-content\/uploads\/2023\/09\/JORNADA-EL-SENORIO-07-09-2023_07-110x75.jpg 110w\" sizes=\"(max-width:767px) 480px, (max-width:768px) 100vw, 768px\" \/>\t\t\t\t\t\t\t\t\t\t\t\t\t\t\t<\/div>\n\t\t\t\t<\/div>\n\t\t\t\t\t<\/div>\n\t\t<\/div>\n\t\t\t\t\t<\/div>\n\t\t<\/section>\n\t\t\t\t<section class=\"elementor-section elementor-top-section elementor-element elementor-element-3db3a61 elementor-section-boxed elementor-section-height-default elementor-section-height-default\" data-id=\"3db3a61\" data-element_type=\"section\" data-e-type=\"section\">\n\t\t\t\t\t\t<div class=\"elementor-container elementor-column-gap-default\">\n\t\t\t\t\t<div class=\"elementor-column elementor-col-100 elementor-top-column elementor-element elementor-element-e3d86af\" data-id=\"e3d86af\" data-element_type=\"column\" data-e-type=\"column\">\n\t\t\t<div class=\"elementor-widget-wrap elementor-element-populated\">\n\t\t\t\t\t\t<div class=\"elementor-element elementor-element-44ba78b elementor-widget elementor-widget-text-editor\" data-id=\"44ba78b\" data-element_type=\"widget\" data-e-type=\"widget\" data-widget_type=\"text-editor.default\">\n\t\t\t\t<div class=\"elementor-widget-container\">\n\t\t\t\t\t\t\t\t\t<p><strong>Information during the process<\/strong><\/p>\n<p>The intervention has a budget of \u20ac1.8 million and is part of Zone 1 of the LIFE Project, with the aim of mitigating the risk of flooding in the section of the Ebro River between Alfaro (La Rioja) and Castej\u00f3n (Navarra).<\/p>\n<p>Throughout the process of drafting the project and defining the intervention, informative actions have been carried out with local administrations and interested parties (associations, individuals, etc.) through the stable participation groups with which Ebro Resilience works, the so-called co-creation groups.<\/p>\n<p><strong>El Se\u00f1or\u00edo Project<\/strong><\/p>\n<p>The objectives of the project are to reduce the risk of flooding along the entire stretch; restore the meander to its natural functions in terms of the recovery of fluvial dynamics and the evacuation of flows in flood situations; and prevent deterioration, protect and improve the state of aquatic, terrestrial and wetland ecosystems.<\/p>\n<p>To this end:<\/p>\n<p>&#8211; The<strong> existing perimeter dike in the meander will be removed<\/strong>, with a length of 1.3 km.<br \/>&#8211; <strong>A relief channel will be created, an<\/strong> arm of the river that will operate at high water and will divert part of the flows in circulation during floods directly to the AP-15 bridge.<br \/>&#8211; The <strong>restoration of the meander<\/strong> will be carried out with plantations that promote and accelerate natural revegetation; exotic plant species will be eliminated; the recovery of habitats for fauna species of interest and the inclusion of elements to bring the population closer to the river will be promoted.<br \/>&#8211; The <strong>natural enclaves<\/strong> preserved on the left bank will be <strong>connected<\/strong>, forming three ecological corridors that connect them with each other and with the Sotos de Alfaro Nature Reserve, located upstream, and the Ebro River ZEC, located downstream.<\/p>\n<p>This restoration is part of the so-called &#8220;Combined section of actions&#8221; of the LIFE Project, which defines a series of natural water retention measures that will generate an overall benefit with respect to flood risk and the environmental condition of the riverbed in the section of the Ebro River that runs between Alfaro (La Rioja) and Castej\u00f3n (Navarra). These measures include: reconnection of meanders, relief channels, rehabilitation of lost river branches and recovery of river space such as flood plains.<\/p>\n<p>El Se\u00f1or\u00edo will be added to the work in progress on the La Roza meander in Alfaro, also included in the LIFE Project, and to the actions in the meanders of El Ortigoso, La Nava and El Estajao, also on the Ebro River as it passes through the municipalities of Milagro (Navarra) and Alfaro, carried out in accordance with the criteria of the LIFE Project.  <strong>Ebro Resilience Strategy<\/strong>.<\/p><\/p>\n\t\t\t\t\t\t\t\t<\/div>\n\t\t\t\t<\/div>\n\t\t\t\t\t<\/div>\n\t\t<\/div>\n\t\t\t\t\t<\/div>\n\t\t<\/section>\n\t\t\t\t<section class=\"elementor-section elementor-top-section elementor-element elementor-element-cc58711 elementor-section-boxed elementor-section-height-default elementor-section-height-default\" data-id=\"cc58711\" data-element_type=\"section\" data-e-type=\"section\">\n\t\t\t\t\t\t<div class=\"elementor-container elementor-column-gap-default\">\n\t\t\t\t\t<div class=\"elementor-column elementor-col-100 elementor-top-column elementor-element elementor-element-614ccd1\" data-id=\"614ccd1\" data-element_type=\"column\" data-e-type=\"column\">\n\t\t\t<div class=\"elementor-widget-wrap elementor-element-populated\">\n\t\t\t\t\t\t<div class=\"elementor-element elementor-element-aa12788 elementor-widget elementor-widget-image\" data-id=\"aa12788\" data-element_type=\"widget\" data-e-type=\"widget\" data-widget_type=\"image.default\">\n\t\t\t\t<div class=\"elementor-widget-container\">\n\t\t\t\t\t\t\t\t\t\t\t\t\t\t\t<img loading=\"lazy\" decoding=\"async\" width=\"1024\" height=\"576\" src=\"https:\/\/www.ebroresilience.com\/wp-content\/uploads\/2023\/09\/Tramo-combinado-de-actuaciones-Alfaro-La-Rioja-Castejon-Navarra-1-1024x576.png\" class=\"attachment-large size-large wp-image-8355\" alt=\"Tramo combinado de actuaciones del Proyecto LIFE EBRO RESILIENCE P1\" srcset=\"https:\/\/www.ebroresilience.com\/wp-content\/uploads\/2023\/09\/Tramo-combinado-de-actuaciones-Alfaro-La-Rioja-Castejon-Navarra-1-1024x576.png 1024w, https:\/\/www.ebroresilience.com\/wp-content\/uploads\/2023\/09\/Tramo-combinado-de-actuaciones-Alfaro-La-Rioja-Castejon-Navarra-1-300x169.png 300w, https:\/\/www.ebroresilience.com\/wp-content\/uploads\/2023\/09\/Tramo-combinado-de-actuaciones-Alfaro-La-Rioja-Castejon-Navarra-1-768x432.png 768w, https:\/\/www.ebroresilience.com\/wp-content\/uploads\/2023\/09\/Tramo-combinado-de-actuaciones-Alfaro-La-Rioja-Castejon-Navarra-1-1536x864.png 1536w, https:\/\/www.ebroresilience.com\/wp-content\/uploads\/2023\/09\/Tramo-combinado-de-actuaciones-Alfaro-La-Rioja-Castejon-Navarra-1-260x146.png 260w, https:\/\/www.ebroresilience.com\/wp-content\/uploads\/2023\/09\/Tramo-combinado-de-actuaciones-Alfaro-La-Rioja-Castejon-Navarra-1-50x28.png 50w, https:\/\/www.ebroresilience.com\/wp-content\/uploads\/2023\/09\/Tramo-combinado-de-actuaciones-Alfaro-La-Rioja-Castejon-Navarra-1-133x75.png 133w, https:\/\/www.ebroresilience.com\/wp-content\/uploads\/2023\/09\/Tramo-combinado-de-actuaciones-Alfaro-La-Rioja-Castejon-Navarra-1.png 1600w\" sizes=\"(max-width:767px) 480px, (max-width:1024px) 100vw, 1024px\" \/>\t\t\t\t\t\t\t\t\t\t\t\t\t\t\t<\/div>\n\t\t\t\t<\/div>\n\t\t\t\t\t<\/div>\n\t\t<\/div>\n\t\t\t\t\t<\/div>\n\t\t<\/section>\n\t\t\t\t<section class=\"elementor-section elementor-top-section elementor-element elementor-element-57f9d74 elementor-section-boxed elementor-section-height-default elementor-section-height-default\" data-id=\"57f9d74\" data-element_type=\"section\" data-e-type=\"section\">\n\t\t\t\t\t\t<div class=\"elementor-container elementor-column-gap-default\">\n\t\t\t\t\t<div class=\"elementor-column elementor-col-100 elementor-top-column elementor-element elementor-element-6af3ee1\" data-id=\"6af3ee1\" data-element_type=\"column\" data-e-type=\"column\">\n\t\t\t<div class=\"elementor-widget-wrap elementor-element-populated\">\n\t\t\t\t\t\t<div class=\"elementor-element elementor-element-b176132 elementor-widget elementor-widget-text-editor\" data-id=\"b176132\" data-element_type=\"widget\" data-e-type=\"widget\" data-widget_type=\"text-editor.default\">\n\t\t\t\t<div class=\"elementor-widget-container\">\n\t\t\t\t\t\t\t\t\t<p>In the combined section of actions, the morphological adaptation works will be carried out by the CHE and the environmental restoration works by the Autonomous Governments of La Rioja, in the case of La Roza, and Navarra, the latter through its public company GAN-NIK, in the case of El Se\u00f1or\u00edo.<\/p>\n<p><strong>LIFE Project<\/strong><\/p>\n<p>The LIFE Ebro Resilience P1 Project (LIFE20 ENV\/ES\/00327), approved by the European Commission in the LIFE 2020 call, covers three autonomous communities (La Rioja, Navarra and Arag\u00f3n), has a duration of 6 years and a total budget of 13,310,350 \u20ac, with 55% European funding.<\/p>\n<p>This Project is also an example of institutional coordination and cooperation in the intervention section, being its partners the Ministry for Ecological Transition and Demographic Challenge (MITECO), through its companies TRAGSA and TRAGSATEC; Ebro Hydrographic Confederation; Government of La Rioja; Government of Navarra, through Gesti\u00f3n Ambiental de Navarra, S.A. (GAN-NIK); Government of Arag\u00f3n and the Aragonese Water Institute.<\/p>\n\t\t\t\t\t\t\t\t<\/div>\n\t\t\t\t<\/div>\n\t\t\t\t\t<\/div>\n\t\t<\/div>\n\t\t\t\t\t<\/div>\n\t\t<\/section>\n\t\t\t\t<\/div>\n\t\t","protected":false},"excerpt":{"rendered":"<p>Stakeholders were able to learn in detail about the planned intervention to reduce the risk of flooding, future environmental restoration and participatory actions.<\/p>\n","protected":false},"author":5,"featured_media":8347,"comment_status":"closed","ping_status":"closed","sticky":false,"template":"","format":"standard","meta":{"_acf_changed":false,"ngg_post_thumbnail":0,"footnotes":""},"categories":[377,369],"tags":[411,436,398,381,438,395,437,379,435],"class_list":["post-8364","post","type-post","status-publish","format-standard","has-post-thumbnail","hentry","category-life-en","category-news","tag-castejon-en","tag-el-senorio-en","tag-flood","tag-life-ebro-resilience-p1-en","tag-meander","tag-participation","tag-public-day","tag-restoration","tag-river-restoration"],"acf":[],"publishpress_future_action":{"enabled":false,"date":"2026-05-07 04:43:06","action":"change-status","newStatus":"draft","terms":[],"taxonomy":"category","extraData":[]},"publishpress_future_workflow_manual_trigger":{"enabledWorkflows":[]},"_links":{"self":[{"href":"https:\/\/www.ebroresilience.com\/en\/wp-json\/wp\/v2\/posts\/8364","targetHints":{"allow":["GET"]}}],"collection":[{"href":"https:\/\/www.ebroresilience.com\/en\/wp-json\/wp\/v2\/posts"}],"about":[{"href":"https:\/\/www.ebroresilience.com\/en\/wp-json\/wp\/v2\/types\/post"}],"author":[{"embeddable":true,"href":"https:\/\/www.ebroresilience.com\/en\/wp-json\/wp\/v2\/users\/5"}],"replies":[{"embeddable":true,"href":"https:\/\/www.ebroresilience.com\/en\/wp-json\/wp\/v2\/comments?post=8364"}],"version-history":[{"count":2,"href":"https:\/\/www.ebroresilience.com\/en\/wp-json\/wp\/v2\/posts\/8364\/revisions"}],"predecessor-version":[{"id":8366,"href":"https:\/\/www.ebroresilience.com\/en\/wp-json\/wp\/v2\/posts\/8364\/revisions\/8366"}],"wp:featuredmedia":[{"embeddable":true,"href":"https:\/\/www.ebroresilience.com\/en\/wp-json\/wp\/v2\/media\/8347"}],"wp:attachment":[{"href":"https:\/\/www.ebroresilience.com\/en\/wp-json\/wp\/v2\/media?parent=8364"}],"wp:term":[{"taxonomy":"category","embeddable":true,"href":"https:\/\/www.ebroresilience.com\/en\/wp-json\/wp\/v2\/categories?post=8364"},{"taxonomy":"post_tag","embeddable":true,"href":"https:\/\/www.ebroresilience.com\/en\/wp-json\/wp\/v2\/tags?post=8364"}],"curies":[{"name":"wp","href":"https:\/\/api.w.org\/{rel}","templated":true}]}}