{"id":8252,"date":"2023-08-10T15:24:26","date_gmt":"2023-08-10T13:24:26","guid":{"rendered":"https:\/\/www.ebroresilience.com\/life-team-holds-a-meeting-with-mayors-of-the-area-on-the-el-senorio-meander-navarra\/"},"modified":"2023-08-22T14:37:47","modified_gmt":"2023-08-22T12:37:47","slug":"life-team-holds-a-meeting-with-mayors-of-the-area-on-the-el-senorio-meander-navarra","status":"publish","type":"post","link":"https:\/\/www.ebroresilience.com\/en\/life-team-holds-a-meeting-with-mayors-of-the-area-on-the-el-senorio-meander-navarra\/","title":{"rendered":"LIFE team holds a meeting with mayors of the area on the El Se\u00f1or\u00edo meander (Navarra)"},"content":{"rendered":"\t\t<div data-elementor-type=\"wp-post\" data-elementor-id=\"8252\" class=\"elementor elementor-8252 elementor-7920\" data-elementor-post-type=\"post\">\n\t\t\t\t\t\t<section class=\"elementor-section elementor-top-section elementor-element elementor-element-7149a92 elementor-section-boxed elementor-section-height-default elementor-section-height-default\" data-id=\"7149a92\" data-element_type=\"section\" data-e-type=\"section\">\n\t\t\t\t\t\t<div class=\"elementor-container elementor-column-gap-default\">\n\t\t\t\t\t<div class=\"elementor-column elementor-col-100 elementor-top-column elementor-element elementor-element-9c9cd5c\" data-id=\"9c9cd5c\" data-element_type=\"column\" data-e-type=\"column\">\n\t\t\t<div class=\"elementor-widget-wrap elementor-element-populated\">\n\t\t\t\t\t\t<div class=\"elementor-element elementor-element-844e8cf elementor-widget elementor-widget-text-editor\" data-id=\"844e8cf\" data-element_type=\"widget\" data-e-type=\"widget\" data-widget_type=\"text-editor.default\">\n\t\t\t\t<div class=\"elementor-widget-container\">\n\t\t\t\t\t\t\t\t\t<p>The LIFE Ebro Resilience P1 Project maintains its commitment to participation in interventions to reduce flood risk. On Monday, August 7, technicians of the Hydrographic Confederation of the Ebro and Environmental Management of Navarre (GAN-NIK) held an informative meeting with representatives of the Town Councils of Valtierra, Cadreita and Castej\u00f3n, which was represented by its mayoress Noelia Guerra, to inform about the status of the processing of the works of the morphological adaptation and environmental restoration of the meander of El Se\u00f1or\u00edo, in Castej\u00f3n, Navarre.<\/p>\n<p>This intervention, with a budget of <b>\u20ac1.8 million<\/b>, is part of Zone 1 of the LIFE Project, which designs actions to mitigate the risk of flooding in the Alfaro (La Rioja) &#8211; Castej\u00f3n (Navarra) section.<\/p>\n<p>In addition to this meeting with the representatives of the Consistories, a public information day has been organized for the first week of September, which will include a visit to the intervention area. The organizational details of this event, as well as the registration forms, will be available to the public in the participation section of our website.<\/p>\n\t\t\t\t\t\t\t\t<\/div>\n\t\t\t\t<\/div>\n\t\t\t\t\t<\/div>\n\t\t<\/div>\n\t\t\t\t\t<\/div>\n\t\t<\/section>\n\t\t\t\t<section class=\"elementor-section elementor-top-section elementor-element elementor-element-c761711 elementor-section-boxed elementor-section-height-default elementor-section-height-default\" data-id=\"c761711\" data-element_type=\"section\" data-e-type=\"section\">\n\t\t\t\t\t\t<div class=\"elementor-container elementor-column-gap-default\">\n\t\t\t\t\t<div class=\"elementor-column elementor-col-100 elementor-top-column elementor-element elementor-element-32904a9\" data-id=\"32904a9\" data-element_type=\"column\" data-e-type=\"column\">\n\t\t\t<div class=\"elementor-widget-wrap elementor-element-populated\">\n\t\t\t\t\t\t<div class=\"elementor-element elementor-element-4e15779 elementor-widget elementor-widget-image\" data-id=\"4e15779\" data-element_type=\"widget\" data-e-type=\"widget\" data-widget_type=\"image.default\">\n\t\t\t\t<div class=\"elementor-widget-container\">\n\t\t\t\t\t\t\t\t\t\t\t\t<figure class=\"wp-caption\">\n\t\t\t\t\t\t\t\t\t\t<img fetchpriority=\"high\" decoding=\"async\" width=\"1024\" height=\"576\" src=\"https:\/\/www.ebroresilience.com\/wp-content\/uploads\/2023\/08\/MAX_0949-1024x576.jpg\" class=\"attachment-large size-large wp-image-8002\" alt=\"\" srcset=\"https:\/\/www.ebroresilience.com\/wp-content\/uploads\/2023\/08\/MAX_0949-1024x576.jpg 1024w, https:\/\/www.ebroresilience.com\/wp-content\/uploads\/2023\/08\/MAX_0949-300x169.jpg 300w, https:\/\/www.ebroresilience.com\/wp-content\/uploads\/2023\/08\/MAX_0949-768x432.jpg 768w, https:\/\/www.ebroresilience.com\/wp-content\/uploads\/2023\/08\/MAX_0949-1536x863.jpg 1536w, https:\/\/www.ebroresilience.com\/wp-content\/uploads\/2023\/08\/MAX_0949-2048x1151.jpg 2048w, https:\/\/www.ebroresilience.com\/wp-content\/uploads\/2023\/08\/MAX_0949-260x146.jpg 260w, https:\/\/www.ebroresilience.com\/wp-content\/uploads\/2023\/08\/MAX_0949-50x28.jpg 50w, https:\/\/www.ebroresilience.com\/wp-content\/uploads\/2023\/08\/MAX_0949-133x75.jpg 133w\" sizes=\"(max-width:767px) 480px, (max-width:1024px) 100vw, 1024px\" \/>\t\t\t\t\t\t\t\t\t\t\t<figcaption class=\"widget-image-caption wp-caption-text\">Meander of El Se\u00f1or\u00edo<\/figcaption>\n\t\t\t\t\t\t\t\t\t\t<\/figure>\n\t\t\t\t\t\t\t\t\t<\/div>\n\t\t\t\t<\/div>\n\t\t\t\t<div class=\"elementor-element elementor-element-300b8c8 elementor-widget elementor-widget-text-editor\" data-id=\"300b8c8\" data-element_type=\"widget\" data-e-type=\"widget\" data-widget_type=\"text-editor.default\">\n\t\t\t\t<div class=\"elementor-widget-container\">\n\t\t\t\t\t\t\t\t\t<p>The project that defines the intervention has been exposed to interested parties and the general public for a month, so that they could make comments, observations, suggestions or allegations to the proposed actions.<\/p>\n<p>During the public information period, an allegation was received warning of the possibility that the projected works could affect the archaeological sites of &#8220;El Montecillo&#8221; and &#8220;El Cerro del Castillo&#8221;, located on the elevated land next to the meander. After submitting all available information to the Department of Culture and Sports of the Government of Navarra, <b>the Historical Heritage Service has issued a favorable report on the actions defined in the project, indicating that no impact on the sites is foreseen<\/b>.<\/p>\n<p>The <strong>objectives<\/strong> del proyecto son <strong>reduce the risk of flooding<\/strong> throughout the entire stretch; <strong>return the meander to its natural functions<\/strong> in terms of the recovery of river dynamics and the evacuation of flows in flood situations, and to prevent deterioration, protect and <strong>improving the state of ecosystems<\/strong> aquatic, terrestrial and wetlands.<\/p>\n<p>To this end:<\/p>\n<ul>\n<li>River space will be recovered with the removal of 1.3 km of the existing perimeter dike in the meander.<\/li>\n<\/ul>\n<ul>\n<li>A relief channel will be created, an additional branch to the Ebro River, which will divert part of the flows in circulation during floods.<\/li>\n<\/ul>\n<ul>\n<li>The meander will be restored with plantations that promote and accelerate natural revegetation; exotic plant species will be eliminated; the recovery of habitats for fauna species of interest and the inclusion of elements to bring the space closer to the population will be promoted. <\/li>\n<\/ul>\n<ul>\n<li>The natural enclaves preserved on the left bank will be connected, forming three ecological corridors that connect them with each other and with the Sotos de Alfaro Nature Reserve, located upstream, and the Ebro River ZEC, located downstream. <\/li>\n<\/ul>\n<p>This restoration is part of the so-called &#8220;Combined section of actions&#8221; of the LIFE Project, which defines a series of natural water retention measures that will generate an overall benefit with respect to flood risk and the environmental condition of the riverbed in the section of the Ebro River that runs between Alfaro (La Rioja) and Castej\u00f3n (Navarra). These measures include: reconnection of meanders, relief channels, rehabilitation of lost river branches and recovery of river space such as flood plains. <\/p>\n<p>El Se\u00f1or\u00edo will be added to the work in progress in the meander of La Roza, in Alfaro, a work also included in the LIFE Project, and to the actions in the meanders of El Ortigoso, La Nava and El Estajao, also in the Ebro River as it passes through the municipalities of Milagro (Navarra) and Alfaro, carried out in accordance with the criteria of the Ebro Resilience Strategy.<\/p>\n<p>In the combined section of actions, the morphological adaptation works will be carried out by the CHE and the environmental restoration works by the Autonomous Governments of La Rioja, in the case of La Roza, and Navarra, the latter through its public company GAN-NIK, in the case of El Se\u00f1or\u00edo.<\/p>\n\t\t\t\t\t\t\t\t<\/div>\n\t\t\t\t<\/div>\n\t\t\t\t\t<\/div>\n\t\t<\/div>\n\t\t\t\t\t<\/div>\n\t\t<\/section>\n\t\t\t\t<section class=\"elementor-section elementor-top-section elementor-element elementor-element-6710dc4 elementor-section-boxed elementor-section-height-default elementor-section-height-default\" data-id=\"6710dc4\" data-element_type=\"section\" data-e-type=\"section\">\n\t\t\t\t\t\t<div class=\"elementor-container elementor-column-gap-default\">\n\t\t\t\t\t<div class=\"elementor-column elementor-col-100 elementor-top-column elementor-element elementor-element-774ff9d\" data-id=\"774ff9d\" data-element_type=\"column\" data-e-type=\"column\">\n\t\t\t<div class=\"elementor-widget-wrap elementor-element-populated\">\n\t\t\t\t\t\t<div class=\"elementor-element elementor-element-d616ae6 elementor-widget elementor-widget-image\" data-id=\"d616ae6\" data-element_type=\"widget\" data-e-type=\"widget\" data-widget_type=\"image.default\">\n\t\t\t\t<div class=\"elementor-widget-container\">\n\t\t\t\t\t\t\t\t\t\t\t\t<figure class=\"wp-caption\">\n\t\t\t\t\t\t\t\t\t\t<img decoding=\"async\" width=\"1024\" height=\"576\" src=\"https:\/\/www.ebroresilience.com\/wp-content\/uploads\/2023\/08\/Lodosa-Channel-3-1024x576.png\" class=\"attachment-large size-large wp-image-8260\" alt=\"Combined tranche of actions\" srcset=\"https:\/\/www.ebroresilience.com\/wp-content\/uploads\/2023\/08\/Lodosa-Channel-3-1024x576.png 1024w, https:\/\/www.ebroresilience.com\/wp-content\/uploads\/2023\/08\/Lodosa-Channel-3-300x169.png 300w, https:\/\/www.ebroresilience.com\/wp-content\/uploads\/2023\/08\/Lodosa-Channel-3-768x432.png 768w, https:\/\/www.ebroresilience.com\/wp-content\/uploads\/2023\/08\/Lodosa-Channel-3-1536x864.png 1536w, https:\/\/www.ebroresilience.com\/wp-content\/uploads\/2023\/08\/Lodosa-Channel-3-260x146.png 260w, https:\/\/www.ebroresilience.com\/wp-content\/uploads\/2023\/08\/Lodosa-Channel-3-50x28.png 50w, https:\/\/www.ebroresilience.com\/wp-content\/uploads\/2023\/08\/Lodosa-Channel-3-133x75.png 133w, https:\/\/www.ebroresilience.com\/wp-content\/uploads\/2023\/08\/Lodosa-Channel-3.png 1920w\" sizes=\"(max-width:767px) 480px, (max-width:1024px) 100vw, 1024px\" \/>\t\t\t\t\t\t\t\t\t\t\t<figcaption class=\"widget-image-caption wp-caption-text\">Combined tranche of actions<\/figcaption>\n\t\t\t\t\t\t\t\t\t\t<\/figure>\n\t\t\t\t\t\t\t\t\t<\/div>\n\t\t\t\t<\/div>\n\t\t\t\t\t<\/div>\n\t\t<\/div>\n\t\t\t\t\t<\/div>\n\t\t<\/section>\n\t\t\t\t<section class=\"elementor-section elementor-top-section elementor-element elementor-element-760fd82 elementor-section-boxed elementor-section-height-default elementor-section-height-default\" data-id=\"760fd82\" data-element_type=\"section\" data-e-type=\"section\">\n\t\t\t\t\t\t<div class=\"elementor-container elementor-column-gap-default\">\n\t\t\t\t\t<div class=\"elementor-column elementor-col-100 elementor-top-column elementor-element elementor-element-552eb05\" data-id=\"552eb05\" data-element_type=\"column\" data-e-type=\"column\">\n\t\t\t<div class=\"elementor-widget-wrap elementor-element-populated\">\n\t\t\t\t\t\t<div class=\"elementor-element elementor-element-793b200 elementor-widget elementor-widget-text-editor\" data-id=\"793b200\" data-element_type=\"widget\" data-e-type=\"widget\" data-widget_type=\"text-editor.default\">\n\t\t\t\t<div class=\"elementor-widget-container\">\n\t\t\t\t\t\t\t\t\t<p><strong>LIFE Project<\/strong><\/p>\n<\/p>\n<p>The LIFE Ebro Resilience P1 Project (LIFE20 ENV\/ES\/00327), approved by the European Commission in the LIFE 2020 call, covers three autonomous communities (La Rioja, Navarra and Arag\u00f3n), has a duration of 6 years and a total budget of 13,310,350 \u20ac, with 55% European funding.<\/p>\n<p>This Project is also an example of institutional coordination and cooperation in the intervention section, being its partners the Ministry for Ecological Transition and Demographic Challenge (MITECO), through its companies TRAGSA and TRAGSATEC; the Ebro Hydrographic Confederation; the Government of La Rioja; the Government of Navarra, through Gesti\u00f3n Ambiental de Navarra, S.A. (GAN-NIK); the Government of Arag\u00f3n and the Aragonese Water Institute.<\/p>\n\t\t\t\t\t\t\t\t<\/div>\n\t\t\t\t<\/div>\n\t\t\t\t\t<\/div>\n\t\t<\/div>\n\t\t\t\t\t<\/div>\n\t\t<\/section>\n\t\t\t\t<\/div>\n\t\t","protected":false},"excerpt":{"rendered":"<p>In addition to this meeting with the representatives of the city councils, a public information day has been organized for the first week of September, which will include a visit to the intervention area.<\/p>\n","protected":false},"author":5,"featured_media":8007,"comment_status":"closed","ping_status":"closed","sticky":false,"template":"","format":"standard","meta":{"_acf_changed":false,"ngg_post_thumbnail":0,"footnotes":""},"categories":[377,369],"tags":[411,388,387,381,395,379],"class_list":["post-8252","post","type-post","status-publish","format-standard","has-post-thumbnail","hentry","category-life-en","category-news","tag-castejon-en","tag-che-en","tag-ebro-en","tag-life-ebro-resilience-p1-en","tag-participation","tag-restoration"],"acf":[],"publishpress_future_action":{"enabled":false,"date":"2026-05-07 01:42:58","action":"change-status","newStatus":"draft","terms":[],"taxonomy":"category","extraData":[]},"publishpress_future_workflow_manual_trigger":{"enabledWorkflows":[]},"_links":{"self":[{"href":"https:\/\/www.ebroresilience.com\/en\/wp-json\/wp\/v2\/posts\/8252","targetHints":{"allow":["GET"]}}],"collection":[{"href":"https:\/\/www.ebroresilience.com\/en\/wp-json\/wp\/v2\/posts"}],"about":[{"href":"https:\/\/www.ebroresilience.com\/en\/wp-json\/wp\/v2\/types\/post"}],"author":[{"embeddable":true,"href":"https:\/\/www.ebroresilience.com\/en\/wp-json\/wp\/v2\/users\/5"}],"replies":[{"embeddable":true,"href":"https:\/\/www.ebroresilience.com\/en\/wp-json\/wp\/v2\/comments?post=8252"}],"version-history":[{"count":8,"href":"https:\/\/www.ebroresilience.com\/en\/wp-json\/wp\/v2\/posts\/8252\/revisions"}],"predecessor-version":[{"id":8265,"href":"https:\/\/www.ebroresilience.com\/en\/wp-json\/wp\/v2\/posts\/8252\/revisions\/8265"}],"wp:featuredmedia":[{"embeddable":true,"href":"https:\/\/www.ebroresilience.com\/en\/wp-json\/wp\/v2\/media\/8007"}],"wp:attachment":[{"href":"https:\/\/www.ebroresilience.com\/en\/wp-json\/wp\/v2\/media?parent=8252"}],"wp:term":[{"taxonomy":"category","embeddable":true,"href":"https:\/\/www.ebroresilience.com\/en\/wp-json\/wp\/v2\/categories?post=8252"},{"taxonomy":"post_tag","embeddable":true,"href":"https:\/\/www.ebroresilience.com\/en\/wp-json\/wp\/v2\/tags?post=8252"}],"curies":[{"name":"wp","href":"https:\/\/api.w.org\/{rel}","templated":true}]}}