{"id":16409,"date":"2026-04-30T13:01:21","date_gmt":"2026-04-30T11:01:21","guid":{"rendered":"https:\/\/www.ebroresilience.com\/ebro-resilience-authorities-committee-renews-institutional-commitment-and-promotes-a-new-phase-of-the-life-project\/"},"modified":"2026-04-30T17:20:59","modified_gmt":"2026-04-30T15:20:59","slug":"ebro-resilience-authorities-committee-renews-institutional-commitment-and-promotes-a-new-phase-of-the-life-project","status":"publish","type":"post","link":"https:\/\/www.ebroresilience.com\/en\/ebro-resilience-authorities-committee-renews-institutional-commitment-and-promotes-a-new-phase-of-the-life-project\/","title":{"rendered":"Ebro Resilience Authorities Committee renews institutional commitment and promotes a new phase of the LIFE project"},"content":{"rendered":"\t\t<div data-elementor-type=\"wp-post\" data-elementor-id=\"16409\" class=\"elementor elementor-16409 elementor-16400\" data-elementor-post-type=\"post\">\n\t\t\t\t\t\t<section class=\"elementor-section elementor-top-section elementor-element elementor-element-1021e98 elementor-section-boxed elementor-section-height-default elementor-section-height-default\" data-id=\"1021e98\" data-element_type=\"section\" data-e-type=\"section\">\n\t\t\t\t\t\t<div class=\"elementor-container elementor-column-gap-default\">\n\t\t\t\t\t<div class=\"elementor-column elementor-col-100 elementor-top-column elementor-element elementor-element-59f0d0d\" data-id=\"59f0d0d\" data-element_type=\"column\" data-e-type=\"column\">\n\t\t\t<div class=\"elementor-widget-wrap elementor-element-populated\">\n\t\t\t\t\t\t<div class=\"elementor-element elementor-element-ba7592f elementor-widget elementor-widget-text-editor\" data-id=\"ba7592f\" data-element_type=\"widget\" data-e-type=\"widget\" data-widget_type=\"text-editor.default\">\n\t\t\t\t<div class=\"elementor-widget-container\">\n\t\t\t\t\t\t\t\t\t<p>The Committee of Authorities of the Ebro Resilience Strategy met this morning in the historic enclave of El Bocal, in Fontellas, Navarra, to renew the commitment of the institutions to the objectives to reduce the risk of flooding that were agreed at the birth of this Strategy in the middle stretch of the Ebro River. This body is made up of the Ministry for Ecological Transition and the Demographic Challenge (MITECO), the Ebro Hydrographic Confederation (CHE) and the Governments of Navarre, La Rioja and Aragon. <\/p><p>The meeting concluded with the proposal to jointly participate in a new call of the LIFE Program of the European Commission, with the same objective, that the population and economic activities coexist with an Ebro in a good state of conservation without the inevitable floods causing significant damage.<\/p><p>The meeting was attended by institutional representatives of the partners: MITECO&#8217;s Director General of Water, M\u00aa Dolores Pascual; the President of the CHE, Carlos Arrazola; the Minister of Agriculture, Livestock, Rural World and Environment of the Government of La Rioja, Noem\u00ed Manzano; the Director General of Environment of the Government of Navarra, Ana Breta\u00f1a ; the director of the Aragonese Water Institute, Luis Esta\u00fan, accompanied by the general director of Natural Environment and Landscape of the Government of La Rioja, Jos\u00e9 Ignacio S\u00e1enz de Urturi; the general secretary of the Aragonese Water Institute, Pilar Royo and the Water Commissioner of the CHE, Miriam Pardos.<\/p><p>They were joined by the Ebro Resilience technical team, who work in a continuous and coordinated manner.<\/p><p>This new proposal, called LIFE Ebro Resilience 2P, seeks to consolidate the inter-administrative collaboration model that has positioned the Ebro basin as a European benchmark in resilience and adaptation to the phenomenon of floods.<\/p>\t\t\t\t\t\t\t\t<\/div>\n\t\t\t\t<\/div>\n\t\t\t\t\t<\/div>\n\t\t<\/div>\n\t\t\t\t\t<\/div>\n\t\t<\/section>\n\t\t\t\t<section class=\"elementor-section elementor-top-section elementor-element elementor-element-e0255ab elementor-section-boxed elementor-section-height-default elementor-section-height-default\" data-id=\"e0255ab\" data-element_type=\"section\" data-e-type=\"section\">\n\t\t\t\t\t\t<div class=\"elementor-container elementor-column-gap-default\">\n\t\t\t\t\t<div class=\"elementor-column elementor-col-100 elementor-top-column elementor-element elementor-element-fe17c36\" data-id=\"fe17c36\" data-element_type=\"column\" data-e-type=\"column\">\n\t\t\t<div class=\"elementor-widget-wrap elementor-element-populated\">\n\t\t\t\t\t\t<div class=\"elementor-element elementor-element-e48e8e5 elementor-widget elementor-widget-image\" data-id=\"e48e8e5\" data-element_type=\"widget\" data-e-type=\"widget\" data-widget_type=\"image.default\">\n\t\t\t\t<div class=\"elementor-widget-container\">\n\t\t\t\t\t\t\t\t\t\t\t\t\t\t\t<img fetchpriority=\"high\" decoding=\"async\" width=\"768\" height=\"432\" src=\"https:\/\/www.ebroresilience.com\/wp-content\/uploads\/2026\/04\/WhatsApp-Image-2026-04-29-at-13.31.29-768x432.jpeg\" class=\"attachment-medium_large size-medium_large wp-image-16412\" alt=\"Authorities Committee at the Bocal\" srcset=\"https:\/\/www.ebroresilience.com\/wp-content\/uploads\/2026\/04\/WhatsApp-Image-2026-04-29-at-13.31.29-768x432.jpeg 768w, https:\/\/www.ebroresilience.com\/wp-content\/uploads\/2026\/04\/WhatsApp-Image-2026-04-29-at-13.31.29-300x169.jpeg 300w, https:\/\/www.ebroresilience.com\/wp-content\/uploads\/2026\/04\/WhatsApp-Image-2026-04-29-at-13.31.29-1024x576.jpeg 1024w, https:\/\/www.ebroresilience.com\/wp-content\/uploads\/2026\/04\/WhatsApp-Image-2026-04-29-at-13.31.29-1536x864.jpeg 1536w, https:\/\/www.ebroresilience.com\/wp-content\/uploads\/2026\/04\/WhatsApp-Image-2026-04-29-at-13.31.29-133x75.jpeg 133w, https:\/\/www.ebroresilience.com\/wp-content\/uploads\/2026\/04\/WhatsApp-Image-2026-04-29-at-13.31.29-480x270.jpeg 480w, https:\/\/www.ebroresilience.com\/wp-content\/uploads\/2026\/04\/WhatsApp-Image-2026-04-29-at-13.31.29.jpeg 1600w\" sizes=\"(max-width:767px) 480px, (max-width:768px) 100vw, 768px\" \/>\t\t\t\t\t\t\t\t\t\t\t\t\t\t\t<\/div>\n\t\t\t\t<\/div>\n\t\t\t\t\t<\/div>\n\t\t<\/div>\n\t\t\t\t\t<\/div>\n\t\t<\/section>\n\t\t\t\t<section class=\"elementor-section elementor-top-section elementor-element elementor-element-dda406f elementor-section-boxed elementor-section-height-default elementor-section-height-default\" data-id=\"dda406f\" data-element_type=\"section\" data-e-type=\"section\">\n\t\t\t\t\t\t<div class=\"elementor-container elementor-column-gap-default\">\n\t\t\t\t\t<div class=\"elementor-column elementor-col-100 elementor-top-column elementor-element elementor-element-b6de90b\" data-id=\"b6de90b\" data-element_type=\"column\" data-e-type=\"column\">\n\t\t\t<div class=\"elementor-widget-wrap elementor-element-populated\">\n\t\t\t\t\t\t<div class=\"elementor-element elementor-element-c620dc4 elementor-widget elementor-widget-text-editor\" data-id=\"c620dc4\" data-element_type=\"widget\" data-e-type=\"widget\" data-widget_type=\"text-editor.default\">\n\t\t\t\t<div class=\"elementor-widget-container\">\n\t\t\t\t\t\t\t\t\t<p><strong>Beginnings <\/strong><br>The Ebro Resilience Strategy was born in 2018 in the spirit of all administrations working together as part of the solution following the severe floods suffered in the middle stretch in 2015 and 2018. It was conceived as a collaborative mechanism to implement the measures of the Flood Risk Management Plan (PGRI) in a 325-kilometer stretch between Logro\u00f1o and La Zaida in a coordinated manner. <\/p><p>In 2020, the current LIFE Ebro Resilience P1 was approved, a project endowed with 13.3 million euros and 55% financing from the European Union, which acts in pilot areas of the three Autonomous Communities to reduce the risk of flooding with Nature-Based Solutions, recovery of river space and innovative proposals to make the socioeconomic activities of the section compatible.<\/p><p>This project has formed a technical team with the project partners, MITECO, through the CHE and the public companies TRAGSA and TRAGSATEC; the governments of La Rioja; Navarra, through Orekan &#8211; Environmental Management of Navarra and Arag\u00f3n, together with the Aragonese Water Institute.<\/p><p>The progress achieved to date demonstrates the effectiveness of the implementation of a coordinated succession of measures after a detailed technical study of the problems of each section and always developing in parallel participatory processes with the population.  <br>In total, 113 hectares of river space have been recovered and 3 km of defenses have been removed or set back.<\/p>\t\t\t\t\t\t\t\t<\/div>\n\t\t\t\t<\/div>\n\t\t\t\t\t<\/div>\n\t\t<\/div>\n\t\t\t\t\t<\/div>\n\t\t<\/section>\n\t\t\t\t<section class=\"elementor-section elementor-top-section elementor-element elementor-element-2d7230b elementor-section-boxed elementor-section-height-default elementor-section-height-default\" data-id=\"2d7230b\" data-element_type=\"section\" data-e-type=\"section\">\n\t\t\t\t\t\t<div class=\"elementor-container elementor-column-gap-default\">\n\t\t\t\t\t<div class=\"elementor-column elementor-col-100 elementor-top-column elementor-element elementor-element-81aa1b9\" data-id=\"81aa1b9\" data-element_type=\"column\" data-e-type=\"column\">\n\t\t\t<div class=\"elementor-widget-wrap elementor-element-populated\">\n\t\t\t\t\t\t<div class=\"elementor-element elementor-element-f80437d elementor-widget elementor-widget-image\" data-id=\"f80437d\" data-element_type=\"widget\" data-e-type=\"widget\" data-widget_type=\"image.default\">\n\t\t\t\t<div class=\"elementor-widget-container\">\n\t\t\t\t\t\t\t\t\t\t\t\t\t\t\t<img decoding=\"async\" width=\"768\" height=\"512\" src=\"https:\/\/www.ebroresilience.com\/wp-content\/uploads\/2026\/04\/WhatsApp-Image-2026-04-29-at-13.31.21-768x512.jpeg\" class=\"attachment-medium_large size-medium_large wp-image-16411\" alt=\"\" srcset=\"https:\/\/www.ebroresilience.com\/wp-content\/uploads\/2026\/04\/WhatsApp-Image-2026-04-29-at-13.31.21-768x512.jpeg 768w, https:\/\/www.ebroresilience.com\/wp-content\/uploads\/2026\/04\/WhatsApp-Image-2026-04-29-at-13.31.21-300x200.jpeg 300w, https:\/\/www.ebroresilience.com\/wp-content\/uploads\/2026\/04\/WhatsApp-Image-2026-04-29-at-13.31.21-1024x683.jpeg 1024w, https:\/\/www.ebroresilience.com\/wp-content\/uploads\/2026\/04\/WhatsApp-Image-2026-04-29-at-13.31.21-1536x1024.jpeg 1536w, https:\/\/www.ebroresilience.com\/wp-content\/uploads\/2026\/04\/WhatsApp-Image-2026-04-29-at-13.31.21-112x75.jpeg 112w, https:\/\/www.ebroresilience.com\/wp-content\/uploads\/2026\/04\/WhatsApp-Image-2026-04-29-at-13.31.21-480x320.jpeg 480w, https:\/\/www.ebroresilience.com\/wp-content\/uploads\/2026\/04\/WhatsApp-Image-2026-04-29-at-13.31.21.jpeg 1600w\" sizes=\"(max-width:767px) 480px, (max-width:768px) 100vw, 768px\" \/>\t\t\t\t\t\t\t\t\t\t\t\t\t\t\t<\/div>\n\t\t\t\t<\/div>\n\t\t\t\t\t<\/div>\n\t\t<\/div>\n\t\t\t\t\t<\/div>\n\t\t<\/section>\n\t\t\t\t<section class=\"elementor-section elementor-top-section elementor-element elementor-element-c04eb8f elementor-section-boxed elementor-section-height-default elementor-section-height-default\" data-id=\"c04eb8f\" data-element_type=\"section\" data-e-type=\"section\">\n\t\t\t\t\t\t<div class=\"elementor-container elementor-column-gap-default\">\n\t\t\t\t\t<div class=\"elementor-column elementor-col-100 elementor-top-column elementor-element elementor-element-84115d3\" data-id=\"84115d3\" data-element_type=\"column\" data-e-type=\"column\">\n\t\t\t<div class=\"elementor-widget-wrap elementor-element-populated\">\n\t\t\t\t\t\t<div class=\"elementor-element elementor-element-eb385d4 elementor-widget elementor-widget-text-editor\" data-id=\"eb385d4\" data-element_type=\"widget\" data-e-type=\"widget\" data-widget_type=\"text-editor.default\">\n\t\t\t\t<div class=\"elementor-widget-container\">\n\t\t\t\t\t\t\t\t\t<p><a style=\"letter-spacing: 0px;\" href=\"https:\/\/www.ebroresilience.com\/en\/progress-life-ebro-resilience-p1\/\" target=\"_blank\" rel=\"noopener\"><strong>Actions completed<\/strong> <\/a><span style=\"letter-spacing: 0px;\">through the LIFE Ebro Resilience P1 Project:<\/span><\/p><div>\n<ul>\n<li><span style=\"letter-spacing: 0px;\">La Roza (Alfaro, La Rioja): Morphological adaptation and restoration of 22 hectares through the removal of 1,343 m of dikes and the creation of an 800 m relief channel.<\/span><\/li>\n<li><span style=\"letter-spacing: 0px;\">Soto de Alfaro (Alfaro, La Rioja): Reopening of old river branches on 60 hectares, allowing the soto to be flooded with flows of 800 m\u00b3\/s (previously 1,200 m\u00b3\/s), improving its irrigation and lamination.<\/span><\/li>\n<li><span style=\"letter-spacing: 0px;\">Mejana del Conde and Meandro de Aguilar (Zaragoza): Retrenchment of longitudinal protections recovering 23 hectares of fluvial space.<\/span><\/li>\n<li><span style=\"letter-spacing: 0px;\">Huerta del Ebro (Fuentes de Ebro, Zaragoza): Burying of 2.3 km of irrigation pipeline to prevent flood damage.<\/span><\/li>\n<\/ul>\n<p><span style=\"letter-spacing: 0px;\">Consolidated actions through the <a href=\"https:\/\/www.ebroresilience.com\/en\/detailed-studies\/\" target=\"_blank\" rel=\"noopener\"><strong>Ebro Resilience Strategy<\/strong><\/a>:<\/span><\/p><p><\/p><ul><li><span style=\"letter-spacing: 0px;\">Paraje de La Nava (Alfaro, La Rioja): Retrenchment of 1,376 m of motes and creation of a 40-hectare wetland, a priority habitat for the European mink.<\/span><\/li><li><span style=\"letter-spacing: 0px;\">El Estajao (Alfaro, La Rioja): Excavation of a relief channel and construction of an innovative living wall (Krainer) to protect the water supply on 21 hectares.<\/span><\/li><li><span style=\"letter-spacing: 0px;\">El Ortigoso &#8211; Phase 1 (Milagro, Navarra): Removal of 1,790 m of defenses and recovery of two lost branches at the Ebro-Arag\u00f3n confluence.<\/span><\/li><li><span style=\"letter-spacing: 0px;\">Sections 7 and 9 (Arag\u00f3n): Works to protect urban centers in Alcal\u00e1 de Ebro, Remolinos, Torres de Berrell\u00e9n and Sobradiel from 25-year return floods.<\/span><\/li><\/ul><\/div>\t\t\t\t\t\t\t\t<\/div>\n\t\t\t\t<\/div>\n\t\t\t\t\t<\/div>\n\t\t<\/div>\n\t\t\t\t\t<\/div>\n\t\t<\/section>\n\t\t\t\t<section class=\"elementor-section elementor-top-section elementor-element elementor-element-4124f20 elementor-section-boxed elementor-section-height-default elementor-section-height-default\" data-id=\"4124f20\" data-element_type=\"section\" data-e-type=\"section\">\n\t\t\t\t\t\t<div class=\"elementor-container elementor-column-gap-default\">\n\t\t\t\t\t<div class=\"elementor-column elementor-col-100 elementor-top-column elementor-element elementor-element-09c0804\" data-id=\"09c0804\" data-element_type=\"column\" data-e-type=\"column\">\n\t\t\t<div class=\"elementor-widget-wrap elementor-element-populated\">\n\t\t\t\t\t\t<div class=\"elementor-element elementor-element-c5cad77 elementor-widget elementor-widget-image\" data-id=\"c5cad77\" data-element_type=\"widget\" data-e-type=\"widget\" data-widget_type=\"image.default\">\n\t\t\t\t<div class=\"elementor-widget-container\">\n\t\t\t\t\t\t\t\t\t\t\t\t\t\t\t<img decoding=\"async\" width=\"768\" height=\"575\" src=\"https:\/\/www.ebroresilience.com\/wp-content\/uploads\/2026\/04\/zona-amortiguacion-reducida-768x575.jpg\" class=\"attachment-medium_large size-medium_large wp-image-16378\" alt=\"Lateral Flow Buffer Zones in ZONE 2\" srcset=\"https:\/\/www.ebroresilience.com\/wp-content\/uploads\/2026\/04\/zona-amortiguacion-reducida-768x575.jpg 768w, https:\/\/www.ebroresilience.com\/wp-content\/uploads\/2026\/04\/zona-amortiguacion-reducida-300x225.jpg 300w, https:\/\/www.ebroresilience.com\/wp-content\/uploads\/2026\/04\/zona-amortiguacion-reducida-1024x767.jpg 1024w, https:\/\/www.ebroresilience.com\/wp-content\/uploads\/2026\/04\/zona-amortiguacion-reducida-1536x1150.jpg 1536w, https:\/\/www.ebroresilience.com\/wp-content\/uploads\/2026\/04\/zona-amortiguacion-reducida-2048x1534.jpg 2048w, https:\/\/www.ebroresilience.com\/wp-content\/uploads\/2026\/04\/zona-amortiguacion-reducida-100x75.jpg 100w, https:\/\/www.ebroresilience.com\/wp-content\/uploads\/2026\/04\/zona-amortiguacion-reducida-960x720.jpg 960w, https:\/\/www.ebroresilience.com\/wp-content\/uploads\/2026\/04\/zona-amortiguacion-reducida-480x359.jpg 480w\" sizes=\"(max-width:767px) 480px, (max-width:768px) 100vw, 768px\" \/>\t\t\t\t\t\t\t\t\t\t\t\t\t\t\t<\/div>\n\t\t\t\t<\/div>\n\t\t\t\t\t<\/div>\n\t\t<\/div>\n\t\t\t\t\t<\/div>\n\t\t<\/section>\n\t\t\t\t<section class=\"elementor-section elementor-top-section elementor-element elementor-element-f59fa80 elementor-section-boxed elementor-section-height-default elementor-section-height-default\" data-id=\"f59fa80\" data-element_type=\"section\" data-e-type=\"section\">\n\t\t\t\t\t\t<div class=\"elementor-container elementor-column-gap-default\">\n\t\t\t\t\t<div class=\"elementor-column elementor-col-100 elementor-top-column elementor-element elementor-element-2852667\" data-id=\"2852667\" data-element_type=\"column\" data-e-type=\"column\">\n\t\t\t<div class=\"elementor-widget-wrap elementor-element-populated\">\n\t\t\t\t\t\t<div class=\"elementor-element elementor-element-dad9fbd elementor-widget elementor-widget-text-editor\" data-id=\"dad9fbd\" data-element_type=\"widget\" data-e-type=\"widget\" data-widget_type=\"text-editor.default\">\n\t\t\t\t<div class=\"elementor-widget-container\">\n\t\t\t\t\t\t\t\t\t<p><strong>Participation<\/strong><br>In addition to a key role of the Local Entities, with the mayors of the localities of the middle stretch at the head, the public participation of the whole society has been at all times a fundamental axis present since the beginning of the Strategy in 2018. Above all, the LIFE Ebro Resilience P1 Project has been a boost to this participation through innovative approaches, which have even been highlighted by the European Commission and more than 3,200 people have been involved in the decision-making processes. <\/p><p>In addition, social capacity building is promoted, opening access to technical knowledge to the entire population to encourage self-protection and co-responsibility. The population becomes an active agent that understands flooding as an inevitable natural phenomenon with which it is necessary to coexist. More than 10,000 people have already gone through the activities proposed through the LIFE Ebro Resilience P1 Project, which has worked in depth with all the sectors involved, highlighting its approach to education in the intervention areas.  <\/p><p><strong>Nature-Based Solutions <\/strong><br>The project has been recognized as a national success story by being included in the E:SBN catalog (Systematization of Nature-Based Solutions in Spain). Its innovative nature has led the European Commission to highlight its progress and the coordination between partners as a model to be replicated in other rivers in Spain and Europe. <\/p>\t\t\t\t\t\t\t\t<\/div>\n\t\t\t\t<\/div>\n\t\t\t\t\t<\/div>\n\t\t<\/div>\n\t\t\t\t\t<\/div>\n\t\t<\/section>\n\t\t\t\t<\/div>\n\t\t","protected":false},"excerpt":{"rendered":"<p>The partner administrations, MITECO, CHE and the Governments of La Rioja, Navarra and Arag\u00f3n have agreed to jointly compete for a new call of the LIFE Program of the European Union (LIFE Ebro Resilience 2P) to continue reducing the risk of flooding in the middle stretch of the Ebro.<\/p>\n","protected":false},"author":5,"featured_media":16422,"comment_status":"closed","ping_status":"closed","sticky":false,"template":"","format":"standard","meta":{"_acf_changed":false,"ngg_post_thumbnail":0,"footnotes":""},"categories":[369],"tags":[719,387,378,381,607],"class_list":["post-16409","post","type-post","status-publish","format-standard","has-post-thumbnail","hentry","category-news","tag-administrative-coordination","tag-ebro-en","tag-ebro-resilience-en","tag-life-ebro-resilience-p1-en","tag-restauracion-en"],"acf":[],"publishpress_future_action":{"enabled":false,"date":"2026-05-07 17:39:21","action":"change-status","newStatus":"draft","terms":[],"taxonomy":"category","extraData":[]},"publishpress_future_workflow_manual_trigger":{"enabledWorkflows":[]},"_links":{"self":[{"href":"https:\/\/www.ebroresilience.com\/en\/wp-json\/wp\/v2\/posts\/16409","targetHints":{"allow":["GET"]}}],"collection":[{"href":"https:\/\/www.ebroresilience.com\/en\/wp-json\/wp\/v2\/posts"}],"about":[{"href":"https:\/\/www.ebroresilience.com\/en\/wp-json\/wp\/v2\/types\/post"}],"author":[{"embeddable":true,"href":"https:\/\/www.ebroresilience.com\/en\/wp-json\/wp\/v2\/users\/5"}],"replies":[{"embeddable":true,"href":"https:\/\/www.ebroresilience.com\/en\/wp-json\/wp\/v2\/comments?post=16409"}],"version-history":[{"count":2,"href":"https:\/\/www.ebroresilience.com\/en\/wp-json\/wp\/v2\/posts\/16409\/revisions"}],"predecessor-version":[{"id":16417,"href":"https:\/\/www.ebroresilience.com\/en\/wp-json\/wp\/v2\/posts\/16409\/revisions\/16417"}],"wp:featuredmedia":[{"embeddable":true,"href":"https:\/\/www.ebroresilience.com\/en\/wp-json\/wp\/v2\/media\/16422"}],"wp:attachment":[{"href":"https:\/\/www.ebroresilience.com\/en\/wp-json\/wp\/v2\/media?parent=16409"}],"wp:term":[{"taxonomy":"category","embeddable":true,"href":"https:\/\/www.ebroresilience.com\/en\/wp-json\/wp\/v2\/categories?post=16409"},{"taxonomy":"post_tag","embeddable":true,"href":"https:\/\/www.ebroresilience.com\/en\/wp-json\/wp\/v2\/tags?post=16409"}],"curies":[{"name":"wp","href":"https:\/\/api.w.org\/{rel}","templated":true}]}}