{"id":15754,"date":"2026-01-23T07:00:00","date_gmt":"2026-01-23T06:00:00","guid":{"rendered":"https:\/\/www.ebroresilience.com\/checking-compliance-with-objectives-work-on-monitoring-ecological-status\/"},"modified":"2026-01-26T09:33:57","modified_gmt":"2026-01-26T08:33:57","slug":"checking-compliance-with-objectives-work-on-monitoring-ecological-status","status":"publish","type":"post","link":"https:\/\/www.ebroresilience.com\/en\/checking-compliance-with-objectives-work-on-monitoring-ecological-status\/","title":{"rendered":"Checking compliance with objectives: work on monitoring ecological status"},"content":{"rendered":"\t\t<div data-elementor-type=\"wp-post\" data-elementor-id=\"15754\" class=\"elementor elementor-15754 elementor-15737\" data-elementor-post-type=\"post\">\n\t\t\t\t\t\t<section class=\"elementor-section elementor-top-section elementor-element elementor-element-2f76a85 elementor-section-boxed elementor-section-height-default elementor-section-height-default\" data-id=\"2f76a85\" data-element_type=\"section\" data-e-type=\"section\">\n\t\t\t\t\t\t<div class=\"elementor-container elementor-column-gap-default\">\n\t\t\t\t\t<div class=\"elementor-column elementor-col-100 elementor-top-column elementor-element elementor-element-494bf73\" data-id=\"494bf73\" data-element_type=\"column\" data-e-type=\"column\">\n\t\t\t<div class=\"elementor-widget-wrap elementor-element-populated\">\n\t\t\t\t\t\t<div class=\"elementor-element elementor-element-828ff1e elementor-widget elementor-widget-text-editor\" data-id=\"828ff1e\" data-element_type=\"widget\" data-e-type=\"widget\" data-widget_type=\"text-editor.default\">\n\t\t\t\t<div class=\"elementor-widget-container\">\n\t\t\t\t\t\t\t\t\t<p>Through action <strong>C1 Environmental Monitoring<\/strong>, the project carries out a technical, continuous and rigorous follow-up to check whether the interventions are meeting the planned objectives. To this end, it periodically carries out data collection campaigns, evaluation of indicators and status analysis. <\/p><p>In addition, if deviations from the expected results are observed, these actions facilitate the implementation of corrective actions.<\/p><p>To define the pre-intervention status of the action areas, a data collection was carried out in February 2023, which has made it possible to determine the starting point.<\/p><p>Monitoring consists of analyzing how the river and its ecosystems respond to the measures applied: morphological restoration, creation of wetlands, setting back of defenses, improvement of riparian vegetation and other actions in which <strong>Nature-Based Solutions (NBS)<\/strong> are applied. The aim is to help populations and ecosystems to coexist more safely and sustainably with floods. <\/p>\t\t\t\t\t\t\t\t<\/div>\n\t\t\t\t<\/div>\n\t\t\t\t\t<\/div>\n\t\t<\/div>\n\t\t\t\t\t<\/div>\n\t\t<\/section>\n\t\t\t\t<section class=\"elementor-section elementor-top-section elementor-element elementor-element-fbaf41f elementor-section-boxed elementor-section-height-default elementor-section-height-default\" data-id=\"fbaf41f\" data-element_type=\"section\" data-e-type=\"section\">\n\t\t\t\t\t\t<div class=\"elementor-container elementor-column-gap-default\">\n\t\t\t\t\t<div class=\"elementor-column elementor-col-100 elementor-top-column elementor-element elementor-element-b5438a6\" data-id=\"b5438a6\" data-element_type=\"column\" data-e-type=\"column\">\n\t\t\t<div class=\"elementor-widget-wrap elementor-element-populated\">\n\t\t\t\t\t\t<div class=\"elementor-element elementor-element-d8d6520 elementor-widget elementor-widget-image\" data-id=\"d8d6520\" data-element_type=\"widget\" data-e-type=\"widget\" data-widget_type=\"image.default\">\n\t\t\t\t<div class=\"elementor-widget-container\">\n\t\t\t\t\t\t\t\t\t\t\t\t\t\t\t<img fetchpriority=\"high\" decoding=\"async\" width=\"768\" height=\"576\" src=\"https:\/\/www.ebroresilience.com\/wp-content\/uploads\/2026\/01\/WhatsApp-Image-2025-12-10-at-11.41.38-768x576.jpeg\" class=\"attachment-medium_large size-medium_large wp-image-15757\" alt=\"Field work Monitoring of ecological status\" srcset=\"https:\/\/www.ebroresilience.com\/wp-content\/uploads\/2026\/01\/WhatsApp-Image-2025-12-10-at-11.41.38-768x576.jpeg 768w, https:\/\/www.ebroresilience.com\/wp-content\/uploads\/2026\/01\/WhatsApp-Image-2025-12-10-at-11.41.38-300x225.jpeg 300w, https:\/\/www.ebroresilience.com\/wp-content\/uploads\/2026\/01\/WhatsApp-Image-2025-12-10-at-11.41.38-1024x768.jpeg 1024w, https:\/\/www.ebroresilience.com\/wp-content\/uploads\/2026\/01\/WhatsApp-Image-2025-12-10-at-11.41.38-1536x1152.jpeg 1536w, https:\/\/www.ebroresilience.com\/wp-content\/uploads\/2026\/01\/WhatsApp-Image-2025-12-10-at-11.41.38-100x75.jpeg 100w, https:\/\/www.ebroresilience.com\/wp-content\/uploads\/2026\/01\/WhatsApp-Image-2025-12-10-at-11.41.38-960x720.jpeg 960w, https:\/\/www.ebroresilience.com\/wp-content\/uploads\/2026\/01\/WhatsApp-Image-2025-12-10-at-11.41.38-480x360.jpeg 480w, https:\/\/www.ebroresilience.com\/wp-content\/uploads\/2026\/01\/WhatsApp-Image-2025-12-10-at-11.41.38.jpeg 1600w\" sizes=\"(max-width:767px) 480px, (max-width:768px) 100vw, 768px\" \/>\t\t\t\t\t\t\t\t\t\t\t\t\t\t\t<\/div>\n\t\t\t\t<\/div>\n\t\t\t\t\t<\/div>\n\t\t<\/div>\n\t\t\t\t\t<\/div>\n\t\t<\/section>\n\t\t\t\t<section class=\"elementor-section elementor-top-section elementor-element elementor-element-475692c elementor-section-boxed elementor-section-height-default elementor-section-height-default\" data-id=\"475692c\" data-element_type=\"section\" data-e-type=\"section\">\n\t\t\t\t\t\t<div class=\"elementor-container elementor-column-gap-default\">\n\t\t\t\t\t<div class=\"elementor-column elementor-col-100 elementor-top-column elementor-element elementor-element-b387a8b\" data-id=\"b387a8b\" data-element_type=\"column\" data-e-type=\"column\">\n\t\t\t<div class=\"elementor-widget-wrap elementor-element-populated\">\n\t\t\t\t\t\t<div class=\"elementor-element elementor-element-9b9a1f4 elementor-widget elementor-widget-text-editor\" data-id=\"9b9a1f4\" data-element_type=\"widget\" data-e-type=\"widget\" data-widget_type=\"text-editor.default\">\n\t\t\t\t<div class=\"elementor-widget-container\">\n\t\t\t\t\t\t\t\t\t<p>This action evaluates the impact of the measures through <strong>hydrological, ecological and morphological indicators<\/strong>.<\/p><ul><li><strong>Hydrological:<\/strong> flows, water levels and flow velocity during flood episodes.<\/li><li><strong>Ecological:<\/strong> presence of key species, elimination of exotic species, condition of riparian vegetation, ecosystem connectivity.<\/li><li><strong>Morphological:<\/strong> sedimentation, channel width, fluvial dynamics and evolution of new fluvial spaces.<\/li><\/ul><p>Among the interventions evaluated were:<\/p><ul><li><strong>Morphological adaptation of the Ebro riverbed:<\/strong> reopening of old branches, recovery of fluvial space by eliminating and recessing defenses, construction of relief channels.<\/li><li><strong>Environmental restoration of disturbed areas: <\/strong>renaturalization and reforestation, elimination of exotic plant species, creation of new wetlands, improvement of biodiversity by increasing and diversifying habitats.<\/li><\/ul>\t\t\t\t\t\t\t\t<\/div>\n\t\t\t\t<\/div>\n\t\t\t\t\t<\/div>\n\t\t<\/div>\n\t\t\t\t\t<\/div>\n\t\t<\/section>\n\t\t\t\t<section class=\"elementor-section elementor-top-section elementor-element elementor-element-8dc5a89 elementor-section-boxed elementor-section-height-default elementor-section-height-default\" data-id=\"8dc5a89\" data-element_type=\"section\" data-e-type=\"section\">\n\t\t\t\t\t\t<div class=\"elementor-container elementor-column-gap-default\">\n\t\t\t\t\t<div class=\"elementor-column elementor-col-100 elementor-top-column elementor-element elementor-element-fc9b7e9\" data-id=\"fc9b7e9\" data-element_type=\"column\" data-e-type=\"column\">\n\t\t\t<div class=\"elementor-widget-wrap elementor-element-populated\">\n\t\t\t\t\t\t<div class=\"elementor-element elementor-element-6516a6d elementor-widget elementor-widget-image\" data-id=\"6516a6d\" data-element_type=\"widget\" data-e-type=\"widget\" data-widget_type=\"image.default\">\n\t\t\t\t<div class=\"elementor-widget-container\">\n\t\t\t\t\t\t\t\t\t\t\t\t\t\t\t<img decoding=\"async\" width=\"768\" height=\"330\" src=\"https:\/\/www.ebroresilience.com\/wp-content\/uploads\/2025\/01\/soto-de-Alfaro-brazos-recuperados-768x330.jpg\" class=\"attachment-medium_large size-medium_large wp-image-13143\" alt=\"Soto de Alfaro arms recovered to improve the functionality of the meander. Image during the floods of December 2024.\" srcset=\"https:\/\/www.ebroresilience.com\/wp-content\/uploads\/2025\/01\/soto-de-Alfaro-brazos-recuperados-768x330.jpg 768w, https:\/\/www.ebroresilience.com\/wp-content\/uploads\/2025\/01\/soto-de-Alfaro-brazos-recuperados-300x129.jpg 300w, https:\/\/www.ebroresilience.com\/wp-content\/uploads\/2025\/01\/soto-de-Alfaro-brazos-recuperados-1024x441.jpg 1024w, https:\/\/www.ebroresilience.com\/wp-content\/uploads\/2025\/01\/soto-de-Alfaro-brazos-recuperados-1536x661.jpg 1536w, https:\/\/www.ebroresilience.com\/wp-content\/uploads\/2025\/01\/soto-de-Alfaro-brazos-recuperados-2048x881.jpg 2048w, https:\/\/www.ebroresilience.com\/wp-content\/uploads\/2025\/01\/soto-de-Alfaro-brazos-recuperados-150x65.jpg 150w, https:\/\/www.ebroresilience.com\/wp-content\/uploads\/2025\/01\/soto-de-Alfaro-brazos-recuperados-480x206.jpg 480w\" sizes=\"(max-width:767px) 480px, (max-width:768px) 100vw, 768px\" \/>\t\t\t\t\t\t\t\t\t\t\t\t\t\t\t<\/div>\n\t\t\t\t<\/div>\n\t\t\t\t\t<\/div>\n\t\t<\/div>\n\t\t\t\t\t<\/div>\n\t\t<\/section>\n\t\t\t\t<section class=\"elementor-section elementor-top-section elementor-element elementor-element-99ad557 elementor-section-boxed elementor-section-height-default elementor-section-height-default\" data-id=\"99ad557\" data-element_type=\"section\" data-e-type=\"section\">\n\t\t\t\t\t\t<div class=\"elementor-container elementor-column-gap-default\">\n\t\t\t\t\t<div class=\"elementor-column elementor-col-100 elementor-top-column elementor-element elementor-element-540bcb3\" data-id=\"540bcb3\" data-element_type=\"column\" data-e-type=\"column\">\n\t\t\t<div class=\"elementor-widget-wrap elementor-element-populated\">\n\t\t\t\t\t\t<div class=\"elementor-element elementor-element-7d8e1d5 elementor-widget elementor-widget-text-editor\" data-id=\"7d8e1d5\" data-element_type=\"widget\" data-e-type=\"widget\" data-widget_type=\"text-editor.default\">\n\t\t\t\t<div class=\"elementor-widget-container\">\n\t\t\t\t\t\t\t\t\t<p>Tools such as GIS mapping, hydraulic models and field data collection are used for this purpose.<\/p><p><strong>Field work carried out in December 2025<\/strong><\/p><p>After the initial data collection, ecological monitoring is carried out every six months. During the past month of December, visits were made and data were collected in different areas of the project, which are currently being analyzed. The monitoring team went to zone 1 of the Project, to the meanders of La Roza and Soto de Alfaro in Alfaro, La Rioja, and to the meander of El Se\u00f1or\u00edo in Castej\u00f3n, Navarra. Data were also taken in Zone 2, in the mejana del Conde and the meander of Aguilar, in the Osera de Ebro &#8211; Fuentes de Ebro section (Zaragoza).   <\/p>\t\t\t\t\t\t\t\t<\/div>\n\t\t\t\t<\/div>\n\t\t\t\t\t<\/div>\n\t\t<\/div>\n\t\t\t\t\t<\/div>\n\t\t<\/section>\n\t\t\t\t<section class=\"elementor-section elementor-top-section elementor-element elementor-element-1b196f7 elementor-section-boxed elementor-section-height-default elementor-section-height-default\" data-id=\"1b196f7\" data-element_type=\"section\" data-e-type=\"section\">\n\t\t\t\t\t\t<div class=\"elementor-container elementor-column-gap-default\">\n\t\t\t\t\t<div class=\"elementor-column elementor-col-100 elementor-top-column elementor-element elementor-element-033f0c1\" data-id=\"033f0c1\" data-element_type=\"column\" data-e-type=\"column\">\n\t\t\t<div class=\"elementor-widget-wrap elementor-element-populated\">\n\t\t\t\t\t\t<div class=\"elementor-element elementor-element-83b6c51 elementor-widget elementor-widget-image\" data-id=\"83b6c51\" data-element_type=\"widget\" data-e-type=\"widget\" data-widget_type=\"image.default\">\n\t\t\t\t<div class=\"elementor-widget-container\">\n\t\t\t\t\t\t\t\t\t\t\t\t\t\t\t<img decoding=\"async\" width=\"768\" height=\"1024\" src=\"https:\/\/www.ebroresilience.com\/wp-content\/uploads\/2026\/01\/WhatsApp-Image-2025-12-10-at-11.35.41-768x1024.jpeg\" class=\"attachment-medium_large size-medium_large wp-image-15756\" alt=\"Monitoring of ecological status\" srcset=\"https:\/\/www.ebroresilience.com\/wp-content\/uploads\/2026\/01\/WhatsApp-Image-2025-12-10-at-11.35.41-768x1024.jpeg 768w, https:\/\/www.ebroresilience.com\/wp-content\/uploads\/2026\/01\/WhatsApp-Image-2025-12-10-at-11.35.41-225x300.jpeg 225w, https:\/\/www.ebroresilience.com\/wp-content\/uploads\/2026\/01\/WhatsApp-Image-2025-12-10-at-11.35.41-1152x1536.jpeg 1152w, https:\/\/www.ebroresilience.com\/wp-content\/uploads\/2026\/01\/WhatsApp-Image-2025-12-10-at-11.35.41-56x75.jpeg 56w, https:\/\/www.ebroresilience.com\/wp-content\/uploads\/2026\/01\/WhatsApp-Image-2025-12-10-at-11.35.41-480x640.jpeg 480w, https:\/\/www.ebroresilience.com\/wp-content\/uploads\/2026\/01\/WhatsApp-Image-2025-12-10-at-11.35.41.jpeg 1200w\" sizes=\"(max-width:767px) 480px, (max-width:768px) 100vw, 768px\" \/>\t\t\t\t\t\t\t\t\t\t\t\t\t\t\t<\/div>\n\t\t\t\t<\/div>\n\t\t\t\t\t<\/div>\n\t\t<\/div>\n\t\t\t\t\t<\/div>\n\t\t<\/section>\n\t\t\t\t<section class=\"elementor-section elementor-top-section elementor-element elementor-element-8e4ec60 elementor-section-boxed elementor-section-height-default elementor-section-height-default\" data-id=\"8e4ec60\" data-element_type=\"section\" data-e-type=\"section\">\n\t\t\t\t\t\t<div class=\"elementor-container elementor-column-gap-default\">\n\t\t\t\t\t<div class=\"elementor-column elementor-col-100 elementor-top-column elementor-element elementor-element-9bc2793\" data-id=\"9bc2793\" data-element_type=\"column\" data-e-type=\"column\">\n\t\t\t<div class=\"elementor-widget-wrap elementor-element-populated\">\n\t\t\t\t\t\t<div class=\"elementor-element elementor-element-c5175df elementor-widget elementor-widget-text-editor\" data-id=\"c5175df\" data-element_type=\"widget\" data-e-type=\"widget\" data-widget_type=\"text-editor.default\">\n\t\t\t\t<div class=\"elementor-widget-container\">\n\t\t\t\t\t\t\t\t\t<p><strong>Towards a more resilient and healthier Ebro<\/strong><\/p><p>The expected results of this monitoring process include:<\/p><ul><li><strong>Increased resilience of the territory:<\/strong> reduction of the impact of floods on the population and economic activities.<\/li><li><strong>Improvement of the ecological state of the river:<\/strong> recovery of habitats, increased biodiversity and greater river connectivity.<\/li><li><strong>Sustainable management adapted to climate change:<\/strong> consolidation of models based on Nature-Based Solutions.<\/li><\/ul>\t\t\t\t\t\t\t\t<\/div>\n\t\t\t\t<\/div>\n\t\t\t\t\t<\/div>\n\t\t<\/div>\n\t\t\t\t\t<\/div>\n\t\t<\/section>\n\t\t\t\t<section class=\"elementor-section elementor-top-section elementor-element elementor-element-5102e27 elementor-section-boxed elementor-section-height-default elementor-section-height-default\" data-id=\"5102e27\" data-element_type=\"section\" data-e-type=\"section\">\n\t\t\t\t\t\t<div class=\"elementor-container elementor-column-gap-default\">\n\t\t\t\t\t<div class=\"elementor-column elementor-col-100 elementor-top-column elementor-element elementor-element-f48f18a\" data-id=\"f48f18a\" data-element_type=\"column\" data-e-type=\"column\">\n\t\t\t<div class=\"elementor-widget-wrap elementor-element-populated\">\n\t\t\t\t\t\t<div class=\"elementor-element elementor-element-bf86b70 elementor-widget elementor-widget-image\" data-id=\"bf86b70\" data-element_type=\"widget\" data-e-type=\"widget\" data-widget_type=\"image.default\">\n\t\t\t\t<div class=\"elementor-widget-container\">\n\t\t\t\t\t\t\t\t\t\t\t\t\t\t\t<img loading=\"lazy\" decoding=\"async\" width=\"768\" height=\"575\" src=\"https:\/\/www.ebroresilience.com\/wp-content\/uploads\/2026\/01\/TR12-AGUILAR-28-11-2025_19-768x575.jpg\" class=\"attachment-medium_large size-medium_large wp-image-15726\" alt=\"New wetland in Soto de Aguilar (Osera de Ebro - Fuentes de Ebro). November 2025\" srcset=\"https:\/\/www.ebroresilience.com\/wp-content\/uploads\/2026\/01\/TR12-AGUILAR-28-11-2025_19-768x575.jpg 768w, https:\/\/www.ebroresilience.com\/wp-content\/uploads\/2026\/01\/TR12-AGUILAR-28-11-2025_19-300x225.jpg 300w, https:\/\/www.ebroresilience.com\/wp-content\/uploads\/2026\/01\/TR12-AGUILAR-28-11-2025_19-1024x767.jpg 1024w, https:\/\/www.ebroresilience.com\/wp-content\/uploads\/2026\/01\/TR12-AGUILAR-28-11-2025_19-1536x1150.jpg 1536w, https:\/\/www.ebroresilience.com\/wp-content\/uploads\/2026\/01\/TR12-AGUILAR-28-11-2025_19-2048x1534.jpg 2048w, https:\/\/www.ebroresilience.com\/wp-content\/uploads\/2026\/01\/TR12-AGUILAR-28-11-2025_19-100x75.jpg 100w, https:\/\/www.ebroresilience.com\/wp-content\/uploads\/2026\/01\/TR12-AGUILAR-28-11-2025_19-960x720.jpg 960w, https:\/\/www.ebroresilience.com\/wp-content\/uploads\/2026\/01\/TR12-AGUILAR-28-11-2025_19-480x359.jpg 480w\" sizes=\"(max-width:767px) 480px, (max-width:768px) 100vw, 768px\" \/>\t\t\t\t\t\t\t\t\t\t\t\t\t\t\t<\/div>\n\t\t\t\t<\/div>\n\t\t\t\t\t<\/div>\n\t\t<\/div>\n\t\t\t\t\t<\/div>\n\t\t<\/section>\n\t\t\t\t<section class=\"elementor-section elementor-top-section elementor-element elementor-element-2883e81 elementor-section-boxed elementor-section-height-default elementor-section-height-default\" data-id=\"2883e81\" data-element_type=\"section\" data-e-type=\"section\">\n\t\t\t\t\t\t<div class=\"elementor-container elementor-column-gap-default\">\n\t\t\t\t\t<div class=\"elementor-column elementor-col-100 elementor-top-column elementor-element elementor-element-dd46b97\" data-id=\"dd46b97\" data-element_type=\"column\" data-e-type=\"column\">\n\t\t\t<div class=\"elementor-widget-wrap elementor-element-populated\">\n\t\t\t\t\t\t<div class=\"elementor-element elementor-element-4e860ff elementor-widget elementor-widget-text-editor\" data-id=\"4e860ff\" data-element_type=\"widget\" data-e-type=\"widget\" data-widget_type=\"text-editor.default\">\n\t\t\t\t<div class=\"elementor-widget-container\">\n\t\t\t\t\t\t\t\t\t<p><strong>LIFE Project  <\/strong><\/p><p>The LIFE Ebro Resilience P1 Project (LIFE20 ENV\/ES\/00327), <strong>approved by the European Commission in the LIFE 2020 call<\/strong>, covers three autonomous communities (La Rioja, Navarra and Arag\u00f3n), has a duration of 6 years and a total budget of 13,310,350 \u20ac, with 55% European funding.<\/p><p>This project is also an example of institutional coordination and cooperation in the intervention section, being its partners the Ministry for Ecological Transition and Demographic Challenge (MITECO), through its companies TRAGSA and TRAGSATEC; Ebro Hydrographic Confederation; Government of La Rioja; Government of Navarra, through Orekan &#8211; Environmental Management of Navarra; Government of Aragon and the Aragonese Water Institute.<\/p>\t\t\t\t\t\t\t\t<\/div>\n\t\t\t\t<\/div>\n\t\t\t\t\t<\/div>\n\t\t<\/div>\n\t\t\t\t\t<\/div>\n\t\t<\/section>\n\t\t\t\t<\/div>\n\t\t","protected":false},"excerpt":{"rendered":"<p>Through action C1 Environmental Monitoring, the project carries out a technical, continuous and rigorous follow-up to check whether the interventions are meeting the planned objectives. To this end, it periodically carries out data collection campaigns, evaluation of indicators and status<span class=\"excerpt-hellip\"> [\u2026]<\/span><\/p>\n","protected":false},"author":5,"featured_media":15755,"comment_status":"closed","ping_status":"closed","sticky":false,"template":"","format":"standard","meta":{"_acf_changed":false,"ngg_post_thumbnail":0,"footnotes":""},"categories":[377,369],"tags":[387,378,398,381,607],"class_list":["post-15754","post","type-post","status-publish","format-standard","has-post-thumbnail","hentry","category-life-en","category-news","tag-ebro-en","tag-ebro-resilience-en","tag-flood","tag-life-ebro-resilience-p1-en","tag-restauracion-en"],"acf":[],"publishpress_future_action":{"enabled":false,"date":"2026-05-06 22:47:02","action":"change-status","newStatus":"draft","terms":[],"taxonomy":"category","extraData":[]},"publishpress_future_workflow_manual_trigger":{"enabledWorkflows":[]},"_links":{"self":[{"href":"https:\/\/www.ebroresilience.com\/en\/wp-json\/wp\/v2\/posts\/15754","targetHints":{"allow":["GET"]}}],"collection":[{"href":"https:\/\/www.ebroresilience.com\/en\/wp-json\/wp\/v2\/posts"}],"about":[{"href":"https:\/\/www.ebroresilience.com\/en\/wp-json\/wp\/v2\/types\/post"}],"author":[{"embeddable":true,"href":"https:\/\/www.ebroresilience.com\/en\/wp-json\/wp\/v2\/users\/5"}],"replies":[{"embeddable":true,"href":"https:\/\/www.ebroresilience.com\/en\/wp-json\/wp\/v2\/comments?post=15754"}],"version-history":[{"count":3,"href":"https:\/\/www.ebroresilience.com\/en\/wp-json\/wp\/v2\/posts\/15754\/revisions"}],"predecessor-version":[{"id":15766,"href":"https:\/\/www.ebroresilience.com\/en\/wp-json\/wp\/v2\/posts\/15754\/revisions\/15766"}],"wp:featuredmedia":[{"embeddable":true,"href":"https:\/\/www.ebroresilience.com\/en\/wp-json\/wp\/v2\/media\/15755"}],"wp:attachment":[{"href":"https:\/\/www.ebroresilience.com\/en\/wp-json\/wp\/v2\/media?parent=15754"}],"wp:term":[{"taxonomy":"category","embeddable":true,"href":"https:\/\/www.ebroresilience.com\/en\/wp-json\/wp\/v2\/categories?post=15754"},{"taxonomy":"post_tag","embeddable":true,"href":"https:\/\/www.ebroresilience.com\/en\/wp-json\/wp\/v2\/tags?post=15754"}],"curies":[{"name":"wp","href":"https:\/\/api.w.org\/{rel}","templated":true}]}}