{"id":15722,"date":"2026-01-16T10:59:42","date_gmt":"2026-01-16T09:59:42","guid":{"rendered":"https:\/\/www.ebroresilience.com\/12500-native-specimens-to-renaturalize-the-recovered-fluvial-space-between-osera-de-ebro-and-fuentes-de-ebro\/"},"modified":"2026-01-26T14:35:55","modified_gmt":"2026-01-26T13:35:55","slug":"12500-native-specimens-to-renaturalize-the-recovered-fluvial-space-between-osera-de-ebro-and-fuentes-de-ebro","status":"publish","type":"post","link":"https:\/\/www.ebroresilience.com\/en\/12500-native-specimens-to-renaturalize-the-recovered-fluvial-space-between-osera-de-ebro-and-fuentes-de-ebro\/","title":{"rendered":"12,500 native specimens to renaturalize the recovered fluvial space between Osera de Ebro and Fuentes de Ebro."},"content":{"rendered":"\t\t<div data-elementor-type=\"wp-post\" data-elementor-id=\"15722\" class=\"elementor elementor-15722 elementor-15702\" data-elementor-post-type=\"post\">\n\t\t\t\t\t\t<section class=\"elementor-section elementor-top-section elementor-element elementor-element-0fc5500 elementor-section-boxed elementor-section-height-default elementor-section-height-default\" data-id=\"0fc5500\" data-element_type=\"section\" data-e-type=\"section\">\n\t\t\t\t\t\t<div class=\"elementor-container elementor-column-gap-default\">\n\t\t\t\t\t<div class=\"elementor-column elementor-col-100 elementor-top-column elementor-element elementor-element-cd17568\" data-id=\"cd17568\" data-element_type=\"column\" data-e-type=\"column\">\n\t\t\t<div class=\"elementor-widget-wrap elementor-element-populated\">\n\t\t\t\t\t\t<div class=\"elementor-element elementor-element-c14afd6 elementor-widget elementor-widget-text-editor\" data-id=\"c14afd6\" data-element_type=\"widget\" data-e-type=\"widget\" data-widget_type=\"text-editor.default\">\n\t\t\t\t<div class=\"elementor-widget-container\">\n\t\t\t\t\t\t\t\t\t<p>Another step forward in the actions for adaptation to flood risk promoted by the LIFE Ebro Resilience P1 Project. Zone 2, section Osera de Ebro &#8211; Fuentes de Ebro (Zaragoza), already has an environmental restoration project to support the renaturalization of the recovered fluvial space after removing the defenses that generated narrowings in the mejana del Conde and the meander of Aguilar. <\/p>\t\t\t\t\t\t\t\t<\/div>\n\t\t\t\t<\/div>\n\t\t\t\t\t<\/div>\n\t\t<\/div>\n\t\t\t\t\t<\/div>\n\t\t<\/section>\n\t\t\t\t<section class=\"elementor-section elementor-top-section elementor-element elementor-element-a1b2f2f elementor-section-boxed elementor-section-height-default elementor-section-height-default\" data-id=\"a1b2f2f\" data-element_type=\"section\" data-e-type=\"section\">\n\t\t\t\t\t\t<div class=\"elementor-container elementor-column-gap-default\">\n\t\t\t\t\t<div class=\"elementor-column elementor-col-100 elementor-top-column elementor-element elementor-element-e3e571a\" data-id=\"e3e571a\" data-element_type=\"column\" data-e-type=\"column\">\n\t\t\t<div class=\"elementor-widget-wrap elementor-element-populated\">\n\t\t\t\t\t\t<div class=\"elementor-element elementor-element-3825d6b elementor-widget elementor-widget-image\" data-id=\"3825d6b\" data-element_type=\"widget\" data-e-type=\"widget\" data-widget_type=\"image.default\">\n\t\t\t\t<div class=\"elementor-widget-container\">\n\t\t\t\t\t\t\t\t\t\t\t\t<figure class=\"wp-caption\">\n\t\t\t\t\t\t\t\t\t\t<img fetchpriority=\"high\" decoding=\"async\" width=\"768\" height=\"575\" src=\"https:\/\/www.ebroresilience.com\/wp-content\/uploads\/2026\/01\/TR12-EL-CONDE-28-11-2025_22-768x575.jpg\" class=\"attachment-medium_large size-medium_large wp-image-15724\" alt=\"Mejana del Conde. November 2025. Osera de Ebro - Fuentes de Ebro (Zaragoza). Retracing of defense.\" srcset=\"https:\/\/www.ebroresilience.com\/wp-content\/uploads\/2026\/01\/TR12-EL-CONDE-28-11-2025_22-768x575.jpg 768w, https:\/\/www.ebroresilience.com\/wp-content\/uploads\/2026\/01\/TR12-EL-CONDE-28-11-2025_22-300x225.jpg 300w, https:\/\/www.ebroresilience.com\/wp-content\/uploads\/2026\/01\/TR12-EL-CONDE-28-11-2025_22-1024x767.jpg 1024w, https:\/\/www.ebroresilience.com\/wp-content\/uploads\/2026\/01\/TR12-EL-CONDE-28-11-2025_22-1536x1150.jpg 1536w, https:\/\/www.ebroresilience.com\/wp-content\/uploads\/2026\/01\/TR12-EL-CONDE-28-11-2025_22-2048x1534.jpg 2048w, https:\/\/www.ebroresilience.com\/wp-content\/uploads\/2026\/01\/TR12-EL-CONDE-28-11-2025_22-100x75.jpg 100w, https:\/\/www.ebroresilience.com\/wp-content\/uploads\/2026\/01\/TR12-EL-CONDE-28-11-2025_22-960x720.jpg 960w, https:\/\/www.ebroresilience.com\/wp-content\/uploads\/2026\/01\/TR12-EL-CONDE-28-11-2025_22-480x359.jpg 480w\" sizes=\"(max-width:767px) 480px, (max-width:768px) 100vw, 768px\" \/>\t\t\t\t\t\t\t\t\t\t\t<figcaption class=\"widget-image-caption wp-caption-text\">Mejana del Conde. November 2025. Osera de Ebro - Fuentes de Ebro (Zaragoza). Retracing of defense.   <\/figcaption>\n\t\t\t\t\t\t\t\t\t\t<\/figure>\n\t\t\t\t\t\t\t\t\t<\/div>\n\t\t\t\t<\/div>\n\t\t\t\t\t<\/div>\n\t\t<\/div>\n\t\t\t\t\t<\/div>\n\t\t<\/section>\n\t\t\t\t<section class=\"elementor-section elementor-top-section elementor-element elementor-element-a85b795 elementor-section-boxed elementor-section-height-default elementor-section-height-default\" data-id=\"a85b795\" data-element_type=\"section\" data-e-type=\"section\">\n\t\t\t\t\t\t<div class=\"elementor-container elementor-column-gap-default\">\n\t\t\t\t\t<div class=\"elementor-column elementor-col-100 elementor-top-column elementor-element elementor-element-d0ebf3e\" data-id=\"d0ebf3e\" data-element_type=\"column\" data-e-type=\"column\">\n\t\t\t<div class=\"elementor-widget-wrap elementor-element-populated\">\n\t\t\t\t\t\t<div class=\"elementor-element elementor-element-c2fa00f elementor-widget elementor-widget-image\" data-id=\"c2fa00f\" data-element_type=\"widget\" data-e-type=\"widget\" data-widget_type=\"image.default\">\n\t\t\t\t<div class=\"elementor-widget-container\">\n\t\t\t\t\t\t\t\t\t\t\t\t<figure class=\"wp-caption\">\n\t\t\t\t\t\t\t\t\t\t<img decoding=\"async\" width=\"768\" height=\"282\" src=\"https:\/\/www.ebroresilience.com\/wp-content\/uploads\/2026\/01\/TR12-AGUILAR-28-11-2025_49-768x282.jpg\" class=\"attachment-medium_large size-medium_large wp-image-15725\" alt=\"Meander of Aguilar. November 2025. Osera de Ebro - Fuentes de Ebro (Zaragoza). Retrenchment of defenses.\" srcset=\"https:\/\/www.ebroresilience.com\/wp-content\/uploads\/2026\/01\/TR12-AGUILAR-28-11-2025_49-768x282.jpg 768w, https:\/\/www.ebroresilience.com\/wp-content\/uploads\/2026\/01\/TR12-AGUILAR-28-11-2025_49-300x110.jpg 300w, https:\/\/www.ebroresilience.com\/wp-content\/uploads\/2026\/01\/TR12-AGUILAR-28-11-2025_49-1024x376.jpg 1024w, https:\/\/www.ebroresilience.com\/wp-content\/uploads\/2026\/01\/TR12-AGUILAR-28-11-2025_49-1536x564.jpg 1536w, https:\/\/www.ebroresilience.com\/wp-content\/uploads\/2026\/01\/TR12-AGUILAR-28-11-2025_49-2048x752.jpg 2048w, https:\/\/www.ebroresilience.com\/wp-content\/uploads\/2026\/01\/TR12-AGUILAR-28-11-2025_49-150x55.jpg 150w, https:\/\/www.ebroresilience.com\/wp-content\/uploads\/2026\/01\/TR12-AGUILAR-28-11-2025_49-480x176.jpg 480w\" sizes=\"(max-width:767px) 480px, (max-width:768px) 100vw, 768px\" \/>\t\t\t\t\t\t\t\t\t\t\t<figcaption class=\"widget-image-caption wp-caption-text\">Meander of Aguilar. November 2025. Osera de Ebro - Fuentes de Ebro (Zaragoza). Retrenchment of defenses.   <\/figcaption>\n\t\t\t\t\t\t\t\t\t\t<\/figure>\n\t\t\t\t\t\t\t\t\t<\/div>\n\t\t\t\t<\/div>\n\t\t\t\t\t<\/div>\n\t\t<\/div>\n\t\t\t\t\t<\/div>\n\t\t<\/section>\n\t\t\t\t<section class=\"elementor-section elementor-top-section elementor-element elementor-element-6dc61c9 elementor-section-boxed elementor-section-height-default elementor-section-height-default\" data-id=\"6dc61c9\" data-element_type=\"section\" data-e-type=\"section\">\n\t\t\t\t\t\t<div class=\"elementor-container elementor-column-gap-default\">\n\t\t\t\t\t<div class=\"elementor-column elementor-col-100 elementor-top-column elementor-element elementor-element-f16fa66\" data-id=\"f16fa66\" data-element_type=\"column\" data-e-type=\"column\">\n\t\t\t<div class=\"elementor-widget-wrap elementor-element-populated\">\n\t\t\t\t\t\t<div class=\"elementor-element elementor-element-841f35a elementor-widget elementor-widget-text-editor\" data-id=\"841f35a\" data-element_type=\"widget\" data-e-type=\"widget\" data-widget_type=\"text-editor.default\">\n\t\t\t\t<div class=\"elementor-widget-container\">\n\t\t\t\t\t\t\t\t\t<p style=\"text-align: justify;\">The Government of Aragon, through the Directorate General of Forest Management of the Department of Environment and Tourism, has defined the environmental restoration project for the recovery of habitats in the 23 hectares that have been added to the river at these two points after the recessing of defenses executed by the Hydrographic Confederation of the Ebro.<\/p><p style=\"text-align: justify;\">The key action is the planting of 12,500 native specimens in vegetation mosaics, which will favor the regeneration of the undergrowth and the natural expansion of the riparian forest. They will be distributed in different revegetation modules adapted to the conditions of the terrain and the dynamics of the river. <\/p><p style=\"text-align: justify;\">This intervention is in addition to the previous step of the restoration that has been carried out during the regrading works, the new wetland of 1.4 hectares in the Meandro de Aguilar that will contribute to the improvement of biodiversity and the natural capacity of water and sediment storage.<\/p>\t\t\t\t\t\t\t\t<\/div>\n\t\t\t\t<\/div>\n\t\t\t\t\t<\/div>\n\t\t<\/div>\n\t\t\t\t\t<\/div>\n\t\t<\/section>\n\t\t\t\t<section class=\"elementor-section elementor-top-section elementor-element elementor-element-188c0bc elementor-section-boxed elementor-section-height-default elementor-section-height-default\" data-id=\"188c0bc\" data-element_type=\"section\" data-e-type=\"section\">\n\t\t\t\t\t\t<div class=\"elementor-container elementor-column-gap-default\">\n\t\t\t\t\t<div class=\"elementor-column elementor-col-100 elementor-top-column elementor-element elementor-element-1457667\" data-id=\"1457667\" data-element_type=\"column\" data-e-type=\"column\">\n\t\t\t<div class=\"elementor-widget-wrap elementor-element-populated\">\n\t\t\t\t\t\t<div class=\"elementor-element elementor-element-a3aedc7 elementor-widget elementor-widget-image\" data-id=\"a3aedc7\" data-element_type=\"widget\" data-e-type=\"widget\" data-widget_type=\"image.default\">\n\t\t\t\t<div class=\"elementor-widget-container\">\n\t\t\t\t\t\t\t\t\t\t\t\t<figure class=\"wp-caption\">\n\t\t\t\t\t\t\t\t\t\t<img decoding=\"async\" width=\"1024\" height=\"767\" src=\"https:\/\/www.ebroresilience.com\/wp-content\/uploads\/2026\/01\/TR12-AGUILAR-28-11-2025_19-1024x767.jpg\" class=\"attachment-large size-large wp-image-15726\" alt=\"New wetland in Soto de Aguilar (Osera de Ebro - Fuentes de Ebro). November 2025\" srcset=\"https:\/\/www.ebroresilience.com\/wp-content\/uploads\/2026\/01\/TR12-AGUILAR-28-11-2025_19-1024x767.jpg 1024w, https:\/\/www.ebroresilience.com\/wp-content\/uploads\/2026\/01\/TR12-AGUILAR-28-11-2025_19-300x225.jpg 300w, https:\/\/www.ebroresilience.com\/wp-content\/uploads\/2026\/01\/TR12-AGUILAR-28-11-2025_19-768x575.jpg 768w, https:\/\/www.ebroresilience.com\/wp-content\/uploads\/2026\/01\/TR12-AGUILAR-28-11-2025_19-1536x1150.jpg 1536w, https:\/\/www.ebroresilience.com\/wp-content\/uploads\/2026\/01\/TR12-AGUILAR-28-11-2025_19-2048x1534.jpg 2048w, https:\/\/www.ebroresilience.com\/wp-content\/uploads\/2026\/01\/TR12-AGUILAR-28-11-2025_19-100x75.jpg 100w, https:\/\/www.ebroresilience.com\/wp-content\/uploads\/2026\/01\/TR12-AGUILAR-28-11-2025_19-960x720.jpg 960w, https:\/\/www.ebroresilience.com\/wp-content\/uploads\/2026\/01\/TR12-AGUILAR-28-11-2025_19-480x359.jpg 480w\" sizes=\"(max-width:767px) 480px, (max-width:1024px) 100vw, 1024px\" \/>\t\t\t\t\t\t\t\t\t\t\t<figcaption class=\"widget-image-caption wp-caption-text\">New wetland in Soto de Aguilar (Osera de Ebro - Fuentes de Ebro). November 2025. <\/figcaption>\n\t\t\t\t\t\t\t\t\t\t<\/figure>\n\t\t\t\t\t\t\t\t\t<\/div>\n\t\t\t\t<\/div>\n\t\t\t\t\t<\/div>\n\t\t<\/div>\n\t\t\t\t\t<\/div>\n\t\t<\/section>\n\t\t\t\t<section class=\"elementor-section elementor-top-section elementor-element elementor-element-07b451e elementor-section-boxed elementor-section-height-default elementor-section-height-default\" data-id=\"07b451e\" data-element_type=\"section\" data-e-type=\"section\">\n\t\t\t\t\t\t<div class=\"elementor-container elementor-column-gap-default\">\n\t\t\t\t\t<div class=\"elementor-column elementor-col-100 elementor-top-column elementor-element elementor-element-94cd6ca\" data-id=\"94cd6ca\" data-element_type=\"column\" data-e-type=\"column\">\n\t\t\t<div class=\"elementor-widget-wrap elementor-element-populated\">\n\t\t\t\t\t\t<div class=\"elementor-element elementor-element-f340b94 elementor-widget elementor-widget-text-editor\" data-id=\"f340b94\" data-element_type=\"widget\" data-e-type=\"widget\" data-widget_type=\"text-editor.default\">\n\t\t\t\t<div class=\"elementor-widget-container\">\n\t\t\t\t\t\t\t\t\t<p><strong>Native species and riparian habitats<\/strong><\/p><p>Restoration will be based on species characteristic of the riparian forests and thickets of the middle Ebro. The tree species include black poplar<em>(Populus nigra)<\/em>, narrow-leaved ash<em>(Fraxinus angustifolia<\/em>), white willow<em>(Salix alba<\/em>), elm<em>(Ulmus minor<\/em>) and walnut<em>(Juglans regia<\/em>). In the shrub and bush stratum, tamarisk<em>(Tamarix gallica<\/em>), hawthorn<em>(Crataegus monogyna<\/em>), rose bushes and blackberries<em>(Rosa spp. <\/em>and <em>Rubus ulmifolius<\/em>), broom <em>(Retama sphaerocarpa)<\/em> and blackthorn<em>(Rhamnus lycioides)<\/em>, among other species typical of Mediterranean riparian vegetation, will be planted.  <\/p><p>Among these plantations, elm trees stand out, since they will be clones resistant to graphiosis (a disease that seriously attacks this species, supplied by the Ministry of Ecological Transition and Demographic Challenge) and poplars<em>(populus<\/em>), as cuttings from the mother stock field of the Centro de Investigaciones T\u00e9cnol\u00f3gicas Agrarias del Gobierno de Arag\u00f3n will be used, with the capacity to produce a variety of clones of native origin from groves and riverbanks very close to the work area, thus guaranteeing the genetic compatibility of the specimens.<\/p><p>These plantations will expand, improve and create new riparian habitats, from willow and poplar groves to tamarisk and shrublands linked to fast-flowing rivers, reinforcing the ecological connectivity of the river corridor and the functionality of the Natura 2000 Network in this section.<\/p>\t\t\t\t\t\t\t\t<\/div>\n\t\t\t\t<\/div>\n\t\t\t\t\t<\/div>\n\t\t<\/div>\n\t\t\t\t\t<\/div>\n\t\t<\/section>\n\t\t\t\t<section class=\"elementor-section elementor-top-section elementor-element elementor-element-fff7ca8 elementor-section-boxed elementor-section-height-default elementor-section-height-default\" data-id=\"fff7ca8\" data-element_type=\"section\" data-e-type=\"section\">\n\t\t\t\t\t\t<div class=\"elementor-container elementor-column-gap-default\">\n\t\t\t\t\t<div class=\"elementor-column elementor-col-100 elementor-top-column elementor-element elementor-element-31cd98a\" data-id=\"31cd98a\" data-element_type=\"column\" data-e-type=\"column\">\n\t\t\t<div class=\"elementor-widget-wrap elementor-element-populated\">\n\t\t\t\t\t\t<div class=\"elementor-element elementor-element-09db325 elementor-widget elementor-widget-image\" data-id=\"09db325\" data-element_type=\"widget\" data-e-type=\"widget\" data-widget_type=\"image.default\">\n\t\t\t\t<div class=\"elementor-widget-container\">\n\t\t\t\t\t\t\t\t\t\t\t\t\t\t\t<img loading=\"lazy\" decoding=\"async\" width=\"768\" height=\"266\" src=\"https:\/\/www.ebroresilience.com\/wp-content\/uploads\/2026\/01\/plantaciones--768x266.png\" class=\"attachment-medium_large size-medium_large wp-image-15729\" alt=\"Profile of the plantations for environmental restoration in the meander of Aguilar. Osera de Ebro - Fuentes de Ebro (Zaragoza)\" srcset=\"https:\/\/www.ebroresilience.com\/wp-content\/uploads\/2026\/01\/plantaciones--768x266.png 768w, https:\/\/www.ebroresilience.com\/wp-content\/uploads\/2026\/01\/plantaciones--300x104.png 300w, https:\/\/www.ebroresilience.com\/wp-content\/uploads\/2026\/01\/plantaciones--1024x355.png 1024w, https:\/\/www.ebroresilience.com\/wp-content\/uploads\/2026\/01\/plantaciones--150x52.png 150w, https:\/\/www.ebroresilience.com\/wp-content\/uploads\/2026\/01\/plantaciones--480x166.png 480w, https:\/\/www.ebroresilience.com\/wp-content\/uploads\/2026\/01\/plantaciones-.png 1241w\" sizes=\"(max-width:767px) 480px, (max-width:768px) 100vw, 768px\" \/>\t\t\t\t\t\t\t\t\t\t\t\t\t\t\t<\/div>\n\t\t\t\t<\/div>\n\t\t\t\t\t<\/div>\n\t\t<\/div>\n\t\t\t\t\t<\/div>\n\t\t<\/section>\n\t\t\t\t<section class=\"elementor-section elementor-top-section elementor-element elementor-element-817904c elementor-section-boxed elementor-section-height-default elementor-section-height-default\" data-id=\"817904c\" data-element_type=\"section\" data-e-type=\"section\">\n\t\t\t\t\t\t<div class=\"elementor-container elementor-column-gap-default\">\n\t\t\t\t\t<div class=\"elementor-column elementor-col-100 elementor-top-column elementor-element elementor-element-dd963b7\" data-id=\"dd963b7\" data-element_type=\"column\" data-e-type=\"column\">\n\t\t\t<div class=\"elementor-widget-wrap elementor-element-populated\">\n\t\t\t\t\t\t<div class=\"elementor-element elementor-element-a5e5232 elementor-widget elementor-widget-text-editor\" data-id=\"a5e5232\" data-element_type=\"widget\" data-e-type=\"widget\" data-widget_type=\"text-editor.default\">\n\t\t\t\t<div class=\"elementor-widget-container\">\n\t\t\t\t\t\t\t\t\t<p><strong>Participation and co-creation with the territory<\/strong><\/p><p>The design of this restoration has been shared in the co-creation groups of LIFE Ebro Resilience P1, working spaces that bring together local people, representatives of the territory and technical staff of the partner entities. In the last meeting of the nature and biodiversity group of the Osera-Fuentes section, held in the town hall of Fuentes de Ebro on December 2, the new steps of the environmental restoration were presented and contributions were collected to continue adjusting the actions to the needs of the environment. <\/p><p>This process of real participation and continuous exchange allows decisions about the river space to be made in a transparent manner, sharing technical information and explaining how restoration measures contribute to both nature conservation and flood protection.<\/p>\t\t\t\t\t\t\t\t<\/div>\n\t\t\t\t<\/div>\n\t\t\t\t\t<\/div>\n\t\t<\/div>\n\t\t\t\t\t<\/div>\n\t\t<\/section>\n\t\t\t\t<section class=\"elementor-section elementor-top-section elementor-element elementor-element-3ca3c68 elementor-section-boxed elementor-section-height-default elementor-section-height-default\" data-id=\"3ca3c68\" data-element_type=\"section\" data-e-type=\"section\">\n\t\t\t\t\t\t<div class=\"elementor-container elementor-column-gap-default\">\n\t\t\t\t\t<div class=\"elementor-column elementor-col-100 elementor-top-column elementor-element elementor-element-a65f4ab\" data-id=\"a65f4ab\" data-element_type=\"column\" data-e-type=\"column\">\n\t\t\t<div class=\"elementor-widget-wrap elementor-element-populated\">\n\t\t\t\t\t\t<div class=\"elementor-element elementor-element-e5b3c18 elementor-widget elementor-widget-image\" data-id=\"e5b3c18\" data-element_type=\"widget\" data-e-type=\"widget\" data-widget_type=\"image.default\">\n\t\t\t\t<div class=\"elementor-widget-container\">\n\t\t\t\t\t\t\t\t\t\t\t\t<figure class=\"wp-caption\">\n\t\t\t\t\t\t\t\t\t\t<img loading=\"lazy\" decoding=\"async\" width=\"768\" height=\"491\" src=\"https:\/\/www.ebroresilience.com\/wp-content\/uploads\/2026\/01\/WhatsApp-Image-2025-12-02-at-14.15.13-e1768470251310-768x491.jpeg\" class=\"attachment-medium_large size-medium_large wp-image-15730\" alt=\"Co-creation group (participation between technicians and stakeholders) in which the environmental restoration project of the Osera de Ebro - Fuentes de Ebro section (Zaragoza) was discussed.\" srcset=\"https:\/\/www.ebroresilience.com\/wp-content\/uploads\/2026\/01\/WhatsApp-Image-2025-12-02-at-14.15.13-e1768470251310-768x491.jpeg 768w, https:\/\/www.ebroresilience.com\/wp-content\/uploads\/2026\/01\/WhatsApp-Image-2025-12-02-at-14.15.13-e1768470251310-300x192.jpeg 300w, https:\/\/www.ebroresilience.com\/wp-content\/uploads\/2026\/01\/WhatsApp-Image-2025-12-02-at-14.15.13-e1768470251310-1024x655.jpeg 1024w, https:\/\/www.ebroresilience.com\/wp-content\/uploads\/2026\/01\/WhatsApp-Image-2025-12-02-at-14.15.13-e1768470251310-117x75.jpeg 117w, https:\/\/www.ebroresilience.com\/wp-content\/uploads\/2026\/01\/WhatsApp-Image-2025-12-02-at-14.15.13-e1768470251310-480x307.jpeg 480w, https:\/\/www.ebroresilience.com\/wp-content\/uploads\/2026\/01\/WhatsApp-Image-2025-12-02-at-14.15.13-e1768470251310.jpeg 1480w\" sizes=\"(max-width:767px) 480px, (max-width:768px) 100vw, 768px\" \/>\t\t\t\t\t\t\t\t\t\t\t<figcaption class=\"widget-image-caption wp-caption-text\">Co-creation group (participation between technicians and stakeholders) in which the environmental restoration project of the Osera de Ebro - Fuentes de Ebro section (Zaragoza) was discussed.<\/figcaption>\n\t\t\t\t\t\t\t\t\t\t<\/figure>\n\t\t\t\t\t\t\t\t\t<\/div>\n\t\t\t\t<\/div>\n\t\t\t\t\t<\/div>\n\t\t<\/div>\n\t\t\t\t\t<\/div>\n\t\t<\/section>\n\t\t\t\t<section class=\"elementor-section elementor-top-section elementor-element elementor-element-62c38ab elementor-section-boxed elementor-section-height-default elementor-section-height-default\" data-id=\"62c38ab\" data-element_type=\"section\" data-e-type=\"section\">\n\t\t\t\t\t\t<div class=\"elementor-container elementor-column-gap-default\">\n\t\t\t\t\t<div class=\"elementor-column elementor-col-100 elementor-top-column elementor-element elementor-element-9a05538\" data-id=\"9a05538\" data-element_type=\"column\" data-e-type=\"column\">\n\t\t\t<div class=\"elementor-widget-wrap elementor-element-populated\">\n\t\t\t\t\t\t<div class=\"elementor-element elementor-element-9c3a470 elementor-widget elementor-widget-text-editor\" data-id=\"9c3a470\" data-element_type=\"widget\" data-e-type=\"widget\" data-widget_type=\"text-editor.default\">\n\t\t\t\t<div class=\"elementor-widget-container\">\n\t\t\t\t\t\t\t\t\t<p><strong>Interventions in progress<\/strong><\/p><p>In 2025, the Ebro added 23 hectares to its natural flood plain by solving the narrowing of the river at two points, Mejana del Conde and Meandro de Aguilar in the Osera de Ebro &#8211; Fuentes de Ebro section (Zaragoza).<\/p><p>The setting back of longitudinal protections (motes), moving them away from the river, has been one of the main actions of Phase 1 of the &#8220;Improving resilience to floods in the Ebro&#8221; intervention of the LIFE Ebro Resilience P1 Project, with a budget of 3 million euros, which has been implemented by the Ebro Hydrographic Confederation (CHE), through the public company TRAGSA (both partners of the Project).<\/p><p>As in all Ebro Resilience interventions, the participation of the interested sectors, especially in this case that of the farmers, led by the Irrigation Community of the Huerta del Ebro, as well as the consensus with the City Councils of Osera de Ebro and Fuentes de Ebro, have been crucial for the development of the adaptation proposal promoted by the LIFE financial instrument of the European Commission.<\/p><p>In parallel to this intervention, the execution of PHASE 2 is also progressing, which focuses on one of the reference and pioneering interventions of the LIFE Ebro Resilience P1 Project: the creation of the Lateral Flow Buffer Zones (LFZ) that aim to reduce the risk of flooding in the agricultural area on the right bank of the Ebro in this section.<\/p><p>This involves the creation of a succession of 14 concatenated temporary flood zones that will function as &#8220;water cushions&#8221; during extraordinary floods.<\/p><p>It applies the concept of adaptation and seeks to give space to the river when it needs it in order to avoid greater impacts. The ZAFLs compartmentalize the arable area, an 11.30 km long area of 630 hectares, into cells that will be pre-flooded in a controlled manner during episodes of Ebro flooding. The water thus passes over water and, as it does not impact on rigid elements and surfaces, damage and erosion are reduced.  <\/p><p><br>&#8211; They allow faster recovery after a flood by reducing erosion and allowing water to drain away after the event.<br>&#8211; Lower costs by reducing damage to land and infrastructure during major flood events.<\/p>\t\t\t\t\t\t\t\t<\/div>\n\t\t\t\t<\/div>\n\t\t\t\t\t<\/div>\n\t\t<\/div>\n\t\t\t\t\t<\/div>\n\t\t<\/section>\n\t\t\t\t<section class=\"elementor-section elementor-top-section elementor-element elementor-element-9c48f4b elementor-section-boxed elementor-section-height-default elementor-section-height-default\" data-id=\"9c48f4b\" data-element_type=\"section\" data-e-type=\"section\">\n\t\t\t\t\t\t<div class=\"elementor-container elementor-column-gap-default\">\n\t\t\t\t\t<div class=\"elementor-column elementor-col-100 elementor-top-column elementor-element elementor-element-5906632\" data-id=\"5906632\" data-element_type=\"column\" data-e-type=\"column\">\n\t\t\t<div class=\"elementor-widget-wrap elementor-element-populated\">\n\t\t\t\t\t\t<div class=\"elementor-element elementor-element-346000c elementor-widget elementor-widget-image\" data-id=\"346000c\" data-element_type=\"widget\" data-e-type=\"widget\" data-widget_type=\"image.default\">\n\t\t\t\t<div class=\"elementor-widget-container\">\n\t\t\t\t\t\t\t\t\t\t\t\t<figure class=\"wp-caption\">\n\t\t\t\t\t\t\t\t\t\t<img loading=\"lazy\" decoding=\"async\" width=\"768\" height=\"575\" src=\"https:\/\/www.ebroresilience.com\/wp-content\/uploads\/2026\/01\/TR12-EL-CONDE-28-11-2025_18-768x575.jpg\" class=\"attachment-medium_large size-medium_large wp-image-15732\" alt=\"Adaptation of Lateral Flow Buffer Zones in the Mejana del Conde.\" srcset=\"https:\/\/www.ebroresilience.com\/wp-content\/uploads\/2026\/01\/TR12-EL-CONDE-28-11-2025_18-768x575.jpg 768w, https:\/\/www.ebroresilience.com\/wp-content\/uploads\/2026\/01\/TR12-EL-CONDE-28-11-2025_18-300x225.jpg 300w, https:\/\/www.ebroresilience.com\/wp-content\/uploads\/2026\/01\/TR12-EL-CONDE-28-11-2025_18-1024x767.jpg 1024w, https:\/\/www.ebroresilience.com\/wp-content\/uploads\/2026\/01\/TR12-EL-CONDE-28-11-2025_18-1536x1150.jpg 1536w, https:\/\/www.ebroresilience.com\/wp-content\/uploads\/2026\/01\/TR12-EL-CONDE-28-11-2025_18-2048x1534.jpg 2048w, https:\/\/www.ebroresilience.com\/wp-content\/uploads\/2026\/01\/TR12-EL-CONDE-28-11-2025_18-100x75.jpg 100w, https:\/\/www.ebroresilience.com\/wp-content\/uploads\/2026\/01\/TR12-EL-CONDE-28-11-2025_18-960x720.jpg 960w, https:\/\/www.ebroresilience.com\/wp-content\/uploads\/2026\/01\/TR12-EL-CONDE-28-11-2025_18-480x359.jpg 480w\" sizes=\"(max-width:767px) 480px, (max-width:768px) 100vw, 768px\" \/>\t\t\t\t\t\t\t\t\t\t\t<figcaption class=\"widget-image-caption wp-caption-text\">Adaptation of Lateral Flow Buffer Zones in the Mejana del Conde.  <\/figcaption>\n\t\t\t\t\t\t\t\t\t\t<\/figure>\n\t\t\t\t\t\t\t\t\t<\/div>\n\t\t\t\t<\/div>\n\t\t\t\t\t<\/div>\n\t\t<\/div>\n\t\t\t\t\t<\/div>\n\t\t<\/section>\n\t\t\t\t<section class=\"elementor-section elementor-top-section elementor-element elementor-element-3fd7792 elementor-section-boxed elementor-section-height-default elementor-section-height-default\" data-id=\"3fd7792\" data-element_type=\"section\" data-e-type=\"section\">\n\t\t\t\t\t\t<div class=\"elementor-container elementor-column-gap-default\">\n\t\t\t\t\t<div class=\"elementor-column elementor-col-100 elementor-top-column elementor-element elementor-element-3486e20\" data-id=\"3486e20\" data-element_type=\"column\" data-e-type=\"column\">\n\t\t\t<div class=\"elementor-widget-wrap elementor-element-populated\">\n\t\t\t\t\t\t<div class=\"elementor-element elementor-element-32d8052 elementor-widget elementor-widget-text-editor\" data-id=\"32d8052\" data-element_type=\"widget\" data-e-type=\"widget\" data-widget_type=\"text-editor.default\">\n\t\t\t\t<div class=\"elementor-widget-container\">\n\t\t\t\t\t\t\t\t\t<p><strong>LIFE Project  <\/strong><\/p><p>The LIFE Ebro Resilience P1 Project (LIFE20 ENV\/ES\/00327), <strong>approved by the European Commission in the LIFE 2020 call<\/strong>, covers three autonomous communities (La Rioja, Navarra and Arag\u00f3n), has a duration of 6 years and a total budget of 13,310,350 \u20ac, with 55% European funding.<\/p><p>This project is also an example of institutional coordination and cooperation in the intervention section, being its partners the Ministry for Ecological Transition and Demographic Challenge (MITECO), through its companies TRAGSA and TRAGSATEC; Ebro Hydrographic Confederation; Government of La Rioja; Government of Navarra, through Orekan &#8211; Environmental Management of Navarra; Government of Aragon and the Aragonese Water Institute.<\/p>\t\t\t\t\t\t\t\t<\/div>\n\t\t\t\t<\/div>\n\t\t\t\t\t<\/div>\n\t\t<\/div>\n\t\t\t\t\t<\/div>\n\t\t<\/section>\n\t\t\t\t<\/div>\n\t\t","protected":false},"excerpt":{"rendered":"<p>This is the main action of the environmental restoration project planned in zone 2 of LIFE Ebro Resilience P1, in the province of Zaragoza, and is in addition to the new wetland created in the Meandro de Aguilar.  <\/p>\n","protected":false},"author":5,"featured_media":15723,"comment_status":"closed","ping_status":"closed","sticky":false,"template":"","format":"standard","meta":{"_acf_changed":false,"ngg_post_thumbnail":0,"footnotes":""},"categories":[377,369],"tags":[387,399,381,410,607],"class_list":["post-15722","post","type-post","status-publish","format-standard","has-post-thumbnail","hentry","category-life-en","category-news","tag-ebro-en","tag-ebro-springs","tag-life-ebro-resilience-p1-en","tag-osera-de-ebro-en","tag-restauracion-en"],"acf":[],"publishpress_future_action":{"enabled":false,"date":"2026-05-07 00:09:03","action":"change-status","newStatus":"draft","terms":[],"taxonomy":"category","extraData":[]},"publishpress_future_workflow_manual_trigger":{"enabledWorkflows":[]},"_links":{"self":[{"href":"https:\/\/www.ebroresilience.com\/en\/wp-json\/wp\/v2\/posts\/15722","targetHints":{"allow":["GET"]}}],"collection":[{"href":"https:\/\/www.ebroresilience.com\/en\/wp-json\/wp\/v2\/posts"}],"about":[{"href":"https:\/\/www.ebroresilience.com\/en\/wp-json\/wp\/v2\/types\/post"}],"author":[{"embeddable":true,"href":"https:\/\/www.ebroresilience.com\/en\/wp-json\/wp\/v2\/users\/5"}],"replies":[{"embeddable":true,"href":"https:\/\/www.ebroresilience.com\/en\/wp-json\/wp\/v2\/comments?post=15722"}],"version-history":[{"count":3,"href":"https:\/\/www.ebroresilience.com\/en\/wp-json\/wp\/v2\/posts\/15722\/revisions"}],"predecessor-version":[{"id":15774,"href":"https:\/\/www.ebroresilience.com\/en\/wp-json\/wp\/v2\/posts\/15722\/revisions\/15774"}],"wp:featuredmedia":[{"embeddable":true,"href":"https:\/\/www.ebroresilience.com\/en\/wp-json\/wp\/v2\/media\/15723"}],"wp:attachment":[{"href":"https:\/\/www.ebroresilience.com\/en\/wp-json\/wp\/v2\/media?parent=15722"}],"wp:term":[{"taxonomy":"category","embeddable":true,"href":"https:\/\/www.ebroresilience.com\/en\/wp-json\/wp\/v2\/categories?post=15722"},{"taxonomy":"post_tag","embeddable":true,"href":"https:\/\/www.ebroresilience.com\/en\/wp-json\/wp\/v2\/tags?post=15722"}],"curies":[{"name":"wp","href":"https:\/\/api.w.org\/{rel}","templated":true}]}}