{"id":15630,"date":"2025-12-29T08:00:00","date_gmt":"2025-12-29T07:00:00","guid":{"rendered":"https:\/\/www.ebroresilience.com\/?p=15630"},"modified":"2026-01-14T08:09:15","modified_gmt":"2026-01-14T07:09:15","slug":"ebro-resilience-2025-strategy-first-assessment-of-the-impact-of-interventions-flood-adaptation-grants-and-new-proposals-for-action","status":"publish","type":"post","link":"https:\/\/www.ebroresilience.com\/en\/ebro-resilience-2025-strategy-first-assessment-of-the-impact-of-interventions-flood-adaptation-grants-and-new-proposals-for-action\/","title":{"rendered":"Ebro Resilience 2025 Strategy: first assessment of the impact of interventions and new proposals"},"content":{"rendered":"\t\t<div data-elementor-type=\"wp-post\" data-elementor-id=\"15630\" class=\"elementor elementor-15630 elementor-15610\" data-elementor-post-type=\"post\">\n\t\t\t\t\t\t<section class=\"elementor-section elementor-top-section elementor-element elementor-element-3b463d3 elementor-section-boxed elementor-section-height-default elementor-section-height-default\" data-id=\"3b463d3\" data-element_type=\"section\" data-e-type=\"section\">\n\t\t\t\t\t\t<div class=\"elementor-container elementor-column-gap-default\">\n\t\t\t\t\t<div class=\"elementor-column elementor-col-100 elementor-top-column elementor-element elementor-element-8eb4472\" data-id=\"8eb4472\" data-element_type=\"column\" data-e-type=\"column\">\n\t\t\t<div class=\"elementor-widget-wrap elementor-element-populated\">\n\t\t\t\t\t\t<div class=\"elementor-element elementor-element-e6f1f61 elementor-widget elementor-widget-text-editor\" data-id=\"e6f1f61\" data-element_type=\"widget\" data-e-type=\"widget\" data-widget_type=\"text-editor.default\">\n\t\t\t\t<div class=\"elementor-widget-container\">\n\t\t\t\t\t\t\t\t\t<p>The Ebro Resilience Strategy has experienced a year of consolidation and tangible progress in 2025, demonstrating the effectiveness of inter-administrative collaboration to manage flood risk in the middle stretch of the Ebro, with a commitment to public participation in the definition and implementation of actions.<\/p><p>The mission is to promote actions that reduce the impact of floods in the sections at greatest risk, while simultaneously improving the state of the bodies of water and river habitats. The future vision seeks that economic activities and population centers coexist with an Ebro in a good state of conservation, avoiding significant damage due to unavoidable floods. <\/p><p>The Ebro Resilience Strategy is a framework for collaboration between the Ministry for Ecological Transition and the Demographic Challenge, the Ebro Hydrographic Confederation and the governments of La Rioja, Navarre and Aragon, as well as other stakeholders, to work in solidarity and coordination in flood risk management in the middle stretch of the Ebro, forming a subprogram of the Flood Risk Management Plan (PGRI) of the Ebro Hydrographic Demarcation.<\/p><p>Also integrated in the Strategy is the LIFE Ebro Resilience P1 Project, which, through the financial instrument of the European Commission&#8217;s LIFE Program, has <a href=\"https:\/\/www.ebroresilience.com\/en\/2025-a-year-of-progress-in-actions-for-adaptation-to-flood-risk-and-external-reconnaissance\/\">also made significant progress in the Alfaro (La Rioja) &#8211; Castej\u00f3n (Navarra) and Osera de Ebro &#8211; Fuentes de Ebro (Zaragoza) intervention sections.<\/a><\/p>\t\t\t\t\t\t\t\t<\/div>\n\t\t\t\t<\/div>\n\t\t\t\t\t<\/div>\n\t\t<\/div>\n\t\t\t\t\t<\/div>\n\t\t<\/section>\n\t\t\t\t<section class=\"elementor-section elementor-top-section elementor-element elementor-element-57ba963 elementor-section-boxed elementor-section-height-default elementor-section-height-default\" data-id=\"57ba963\" data-element_type=\"section\" data-e-type=\"section\">\n\t\t\t\t\t\t<div class=\"elementor-container elementor-column-gap-default\">\n\t\t\t\t\t<div class=\"elementor-column elementor-col-100 elementor-top-column elementor-element elementor-element-314d9a6\" data-id=\"314d9a6\" data-element_type=\"column\" data-e-type=\"column\">\n\t\t\t<div class=\"elementor-widget-wrap elementor-element-populated\">\n\t\t\t\t\t\t<div class=\"elementor-element elementor-element-1ec714b elementor-widget elementor-widget-image\" data-id=\"1ec714b\" data-element_type=\"widget\" data-e-type=\"widget\" data-widget_type=\"image.default\">\n\t\t\t\t<div class=\"elementor-widget-container\">\n\t\t\t\t\t\t\t\t\t\t\t\t<figure class=\"wp-caption\">\n\t\t\t\t\t\t\t\t\t\t<img fetchpriority=\"high\" decoding=\"async\" width=\"768\" height=\"711\" src=\"https:\/\/www.ebroresilience.com\/wp-content\/uploads\/2025\/12\/sobradiel-scaled-e1766128148410-768x711.jpg\" class=\"attachment-medium_large size-medium_large wp-image-15632\" alt=\"Institutional photo visit of works to section 9 of the Ebro Resilience Strategy February 2025\" srcset=\"https:\/\/www.ebroresilience.com\/wp-content\/uploads\/2025\/12\/sobradiel-scaled-e1766128148410-768x711.jpg 768w, https:\/\/www.ebroresilience.com\/wp-content\/uploads\/2025\/12\/sobradiel-scaled-e1766128148410-300x278.jpg 300w, https:\/\/www.ebroresilience.com\/wp-content\/uploads\/2025\/12\/sobradiel-scaled-e1766128148410-1024x948.jpg 1024w, https:\/\/www.ebroresilience.com\/wp-content\/uploads\/2025\/12\/sobradiel-scaled-e1766128148410-1536x1422.jpg 1536w, https:\/\/www.ebroresilience.com\/wp-content\/uploads\/2025\/12\/sobradiel-scaled-e1766128148410-81x75.jpg 81w, https:\/\/www.ebroresilience.com\/wp-content\/uploads\/2025\/12\/sobradiel-scaled-e1766128148410-480x445.jpg 480w, https:\/\/www.ebroresilience.com\/wp-content\/uploads\/2025\/12\/sobradiel-scaled-e1766128148410.jpg 1732w\" sizes=\"(max-width:767px) 480px, (max-width:768px) 100vw, 768px\" \/>\t\t\t\t\t\t\t\t\t\t\t<figcaption class=\"widget-image-caption wp-caption-text\">Institutional photo visit of works to section 9 of the Ebro Resilience Strategy February 2025<\/figcaption>\n\t\t\t\t\t\t\t\t\t\t<\/figure>\n\t\t\t\t\t\t\t\t\t<\/div>\n\t\t\t\t<\/div>\n\t\t\t\t\t<\/div>\n\t\t<\/div>\n\t\t\t\t\t<\/div>\n\t\t<\/section>\n\t\t\t\t<section class=\"elementor-section elementor-top-section elementor-element elementor-element-91b5a96 elementor-section-boxed elementor-section-height-default elementor-section-height-default\" data-id=\"91b5a96\" data-element_type=\"section\" data-e-type=\"section\">\n\t\t\t\t\t\t<div class=\"elementor-container elementor-column-gap-default\">\n\t\t\t\t\t<div class=\"elementor-column elementor-col-100 elementor-top-column elementor-element elementor-element-b1dd75d\" data-id=\"b1dd75d\" data-element_type=\"column\" data-e-type=\"column\">\n\t\t\t<div class=\"elementor-widget-wrap elementor-element-populated\">\n\t\t\t\t\t\t<div class=\"elementor-element elementor-element-82a54e5 elementor-widget elementor-widget-text-editor\" data-id=\"82a54e5\" data-element_type=\"widget\" data-e-type=\"widget\" data-widget_type=\"text-editor.default\">\n\t\t\t\t<div class=\"elementor-widget-container\">\n\t\t\t\t\t\t\t\t\t<p><strong>Flood risk adaptation grants<\/strong><\/p><p>A fundamental pillar of the Strategy is the active involvement of the Autonomous Communities and in 2025 they have been very present through the call for important lines of aid through NextGeneration funds of the European Union that are integrated in the Recovery, Transformation and Resilience Plan.<\/p><ul><li><strong>The Government of La Rioja <\/strong>announced the <strong>second call for<\/strong> aid, with an economic allocation of <strong>1,015,244 euros<\/strong>, financed through Next Generation funds. The eligible measures were aimed at the acquisition and installation of equipment, environmental recovery works, actions in agricultural and livestock farms, and protection and adaptation of buildings and facilities in 18 riverside municipalities. <\/li><li><strong>The Government of Navarra<\/strong> organized information sessions in June to present its <strong>third call for subsidies<\/strong>, aimed at adaptation to flood risk in the middle stretch of the Ebro and its main tributaries. This call, which opened in July, amounted to <strong>306,323 euros<\/strong>, extendable by a further 150,000 euros, for individuals, legal entities, private entities and communities of owners for adaptation. The two previous campaigns (2023 and 2024) already benefited 73 individuals or legal entities with 804,590 euros.  <\/li><li><strong>For its part, the Government of Aragon, <\/strong>through the Aragonese Water Institute (IAA), opened a new call for grants on November 25, 2025, aimed at <strong>local entities in Aragon<\/strong> with a total budget of <strong>600,000 \u20ac<\/strong>. The call contemplates two main lines: <strong>Drafting and approval of municipal action plans (<\/strong> up to \u20ac6,000 per municipality, 100% funded) and <strong>Preventive actions of danger<\/strong> in municipal land (up to \u20ac50,000 per application, 80% funded). The IAA has a consolidated track record, having previously managed 8 calls for proposals that benefited 119 Aragonese municipalities.  <\/li><\/ul>\t\t\t\t\t\t\t\t<\/div>\n\t\t\t\t<\/div>\n\t\t\t\t\t<\/div>\n\t\t<\/div>\n\t\t\t\t\t<\/div>\n\t\t<\/section>\n\t\t\t\t<section class=\"elementor-section elementor-top-section elementor-element elementor-element-8305d9c elementor-section-boxed elementor-section-height-default elementor-section-height-default\" data-id=\"8305d9c\" data-element_type=\"section\" data-e-type=\"section\">\n\t\t\t\t\t\t<div class=\"elementor-container elementor-column-gap-default\">\n\t\t\t\t\t<div class=\"elementor-column elementor-col-100 elementor-top-column elementor-element elementor-element-6a0374a\" data-id=\"6a0374a\" data-element_type=\"column\" data-e-type=\"column\">\n\t\t\t<div class=\"elementor-widget-wrap elementor-element-populated\">\n\t\t\t\t\t\t<div class=\"elementor-element elementor-element-750cee3 elementor-widget elementor-widget-image\" data-id=\"750cee3\" data-element_type=\"widget\" data-e-type=\"widget\" data-widget_type=\"image.default\">\n\t\t\t\t<div class=\"elementor-widget-container\">\n\t\t\t\t\t\t\t\t\t\t\t\t\t\t\t<img decoding=\"async\" width=\"768\" height=\"512\" src=\"https:\/\/www.ebroresilience.com\/wp-content\/uploads\/2023\/01\/image-768x512.png\" class=\"attachment-medium_large size-medium_large wp-image-7031\" alt=\"\" srcset=\"https:\/\/www.ebroresilience.com\/wp-content\/uploads\/2023\/01\/image-768x512.png 768w, https:\/\/www.ebroresilience.com\/wp-content\/uploads\/2023\/01\/image-300x200.png 300w, https:\/\/www.ebroresilience.com\/wp-content\/uploads\/2023\/01\/image-219x146.png 219w, https:\/\/www.ebroresilience.com\/wp-content\/uploads\/2023\/01\/image-50x33.png 50w, https:\/\/www.ebroresilience.com\/wp-content\/uploads\/2023\/01\/image-112x75.png 112w, https:\/\/www.ebroresilience.com\/wp-content\/uploads\/2023\/01\/image.png 1024w\" sizes=\"(max-width:767px) 480px, (max-width:768px) 100vw, 768px\" \/>\t\t\t\t\t\t\t\t\t\t\t\t\t\t\t<\/div>\n\t\t\t\t<\/div>\n\t\t\t\t\t<\/div>\n\t\t<\/div>\n\t\t\t\t\t<\/div>\n\t\t<\/section>\n\t\t\t\t<section class=\"elementor-section elementor-top-section elementor-element elementor-element-a7dde74 elementor-section-boxed elementor-section-height-default elementor-section-height-default\" data-id=\"a7dde74\" data-element_type=\"section\" data-e-type=\"section\">\n\t\t\t\t\t\t<div class=\"elementor-container elementor-column-gap-default\">\n\t\t\t\t\t<div class=\"elementor-column elementor-col-100 elementor-top-column elementor-element elementor-element-1056cd4\" data-id=\"1056cd4\" data-element_type=\"column\" data-e-type=\"column\">\n\t\t\t<div class=\"elementor-widget-wrap elementor-element-populated\">\n\t\t\t\t\t\t<div class=\"elementor-element elementor-element-87971df elementor-widget elementor-widget-text-editor\" data-id=\"87971df\" data-element_type=\"widget\" data-e-type=\"widget\" data-widget_type=\"text-editor.default\">\n\t\t\t\t<div class=\"elementor-widget-container\">\n\t\t\t\t\t\t\t\t\t<p><strong>Restoration and Adaptation  <\/strong><\/p><p>The Strategy has made significant progress in the execution of works designed to protect urban centers and recover river space:<\/p><ul><li><strong>Positive Results in the Milagro-Alfaro Section:<\/strong> a public meeting held in Alfaro in October 2025 confirmed that the interventions executed in the so-called &#8220;Combined Actions Section&#8221; (Milagro-Alfaro) are meeting their objectives. After the comparative technical analysis with the flood episode of February 2024, it was concluded that <strong>the expected benefits in flood risk reduction have been achieved or exceeded<\/strong> in the section as a whole. In this area, the recovery of close to <strong>100 hectares as river space<\/strong> has been highlighted.  <\/li><li><strong>Actions in Milagro (Navarra):<\/strong> the Ebro Hydrographic Confederation (CHE) has concluded this year the processing of <strong>Phase 2 of the project in &#8220;El Ortigoso&#8221; (Milagro)<\/strong>, which will start in the first quarter of 2026 to correct the narrowing of the riverbed and increase its drainage capacity. This phase, which is in addition to the intervention carried out to recover 6.4 hectares as river space, includes the <strong>removal of a 1,838-meter defense dike<\/strong> and the construction of a new 1,098-meter recessed defense, thus increasing the river&#8217;s mobility space. <\/li><li><strong>Interventions in Arag\u00f3n: <\/strong>The Government of Arag\u00f3n has completed the execution of Sections 7 (Alcal\u00e1 de Ebro-Remolinos-Luceni) and 9 (Torres de Berrell\u00e9n-Sobradiel) in the province of Zaragoza, through the intervention of the Aragonese Water Institute. With a total budget of <strong>4.6 million euros<\/strong>, the actions are focused on the elimination of old defenses and the construction of new safety dikes and restoration measures. These interventions seek to increase the protection of urban centers against 25-year return period floods.  <\/li><li><strong>New studies and promotion of participation:<\/strong> the Strategy continues to advance in the phase of studies and deliberative workshops with the population. During 2025, alternative actions have been presented to reduce the risk of flooding in key sections such as <strong>Azagra (Navarra)<\/strong> (Section 3B) and the <strong>Utebo-Zaragoza Section<\/strong> (Section 10), fulfilling the objective of protecting urban areas from floods with a 25-year return period. <\/li><\/ul>\t\t\t\t\t\t\t\t<\/div>\n\t\t\t\t<\/div>\n\t\t\t\t\t<\/div>\n\t\t<\/div>\n\t\t\t\t\t<\/div>\n\t\t<\/section>\n\t\t\t\t<section class=\"elementor-section elementor-top-section elementor-element elementor-element-1813990 elementor-section-boxed elementor-section-height-default elementor-section-height-default\" data-id=\"1813990\" data-element_type=\"section\" data-e-type=\"section\">\n\t\t\t\t\t\t<div class=\"elementor-container elementor-column-gap-default\">\n\t\t\t\t\t<div class=\"elementor-column elementor-col-33 elementor-top-column elementor-element elementor-element-da8241b\" data-id=\"da8241b\" data-element_type=\"column\" data-e-type=\"column\">\n\t\t\t<div class=\"elementor-widget-wrap elementor-element-populated\">\n\t\t\t\t\t\t<div class=\"elementor-element elementor-element-585df47 elementor-widget elementor-widget-image\" data-id=\"585df47\" data-element_type=\"widget\" data-e-type=\"widget\" data-widget_type=\"image.default\">\n\t\t\t\t<div class=\"elementor-widget-container\">\n\t\t\t\t\t\t\t\t\t\t\t\t<figure class=\"wp-caption\">\n\t\t\t\t\t\t\t\t\t\t<img decoding=\"async\" width=\"1024\" height=\"682\" src=\"https:\/\/www.ebroresilience.com\/wp-content\/uploads\/2025\/10\/Diseno-sin-titulo-2-1024x682.png\" class=\"attachment-large size-large wp-image-15258\" alt=\"Conference to analyze the measures implemented between Milagro and Alfaro Ebro Resilience\" srcset=\"https:\/\/www.ebroresilience.com\/wp-content\/uploads\/2025\/10\/Diseno-sin-titulo-2-1024x682.png 1024w, https:\/\/www.ebroresilience.com\/wp-content\/uploads\/2025\/10\/Diseno-sin-titulo-2-300x200.png 300w, https:\/\/www.ebroresilience.com\/wp-content\/uploads\/2025\/10\/Diseno-sin-titulo-2-768x512.png 768w, https:\/\/www.ebroresilience.com\/wp-content\/uploads\/2025\/10\/Diseno-sin-titulo-2-1536x1024.png 1536w, https:\/\/www.ebroresilience.com\/wp-content\/uploads\/2025\/10\/Diseno-sin-titulo-2-113x75.png 113w, https:\/\/www.ebroresilience.com\/wp-content\/uploads\/2025\/10\/Diseno-sin-titulo-2-480x320.png 480w, https:\/\/www.ebroresilience.com\/wp-content\/uploads\/2025\/10\/Diseno-sin-titulo-2.png 1772w\" sizes=\"(max-width:767px) 480px, (max-width:1024px) 100vw, 1024px\" \/>\t\t\t\t\t\t\t\t\t\t\t<figcaption class=\"widget-image-caption wp-caption-text\">Conference to analyze the measures implemented between Milagro and Alfaro Ebro Resilience<\/figcaption>\n\t\t\t\t\t\t\t\t\t\t<\/figure>\n\t\t\t\t\t\t\t\t\t<\/div>\n\t\t\t\t<\/div>\n\t\t\t\t\t<\/div>\n\t\t<\/div>\n\t\t\t\t<div class=\"elementor-column elementor-col-33 elementor-top-column elementor-element elementor-element-559aeb4\" data-id=\"559aeb4\" data-element_type=\"column\" data-e-type=\"column\">\n\t\t\t<div class=\"elementor-widget-wrap elementor-element-populated\">\n\t\t\t\t\t\t<div class=\"elementor-element elementor-element-39335c0 elementor-widget elementor-widget-image\" data-id=\"39335c0\" data-element_type=\"widget\" data-e-type=\"widget\" data-widget_type=\"image.default\">\n\t\t\t\t<div class=\"elementor-widget-container\">\n\t\t\t\t\t\t\t\t\t\t\t\t<figure class=\"wp-caption\">\n\t\t\t\t\t\t\t\t\t\t<img loading=\"lazy\" decoding=\"async\" width=\"1024\" height=\"575\" src=\"https:\/\/www.ebroresilience.com\/wp-content\/uploads\/2025\/02\/ORTIGOSOF2_08062021-1024x575.jpg\" class=\"attachment-large size-large wp-image-13465\" alt=\"Paraje &quot;El Ortigoso&quot;.\" srcset=\"https:\/\/www.ebroresilience.com\/wp-content\/uploads\/2025\/02\/ORTIGOSOF2_08062021-1024x575.jpg 1024w, https:\/\/www.ebroresilience.com\/wp-content\/uploads\/2025\/02\/ORTIGOSOF2_08062021-300x169.jpg 300w, https:\/\/www.ebroresilience.com\/wp-content\/uploads\/2025\/02\/ORTIGOSOF2_08062021-768x432.jpg 768w, https:\/\/www.ebroresilience.com\/wp-content\/uploads\/2025\/02\/ORTIGOSOF2_08062021-1536x863.jpg 1536w, https:\/\/www.ebroresilience.com\/wp-content\/uploads\/2025\/02\/ORTIGOSOF2_08062021-2048x1151.jpg 2048w, https:\/\/www.ebroresilience.com\/wp-content\/uploads\/2025\/02\/ORTIGOSOF2_08062021-133x75.jpg 133w, https:\/\/www.ebroresilience.com\/wp-content\/uploads\/2025\/02\/ORTIGOSOF2_08062021-480x270.jpg 480w\" sizes=\"(max-width:767px) 480px, (max-width:1024px) 100vw, 1024px\" \/>\t\t\t\t\t\t\t\t\t\t\t<figcaption class=\"widget-image-caption wp-caption-text\">Paraje de El Ortigoso<\/figcaption>\n\t\t\t\t\t\t\t\t\t\t<\/figure>\n\t\t\t\t\t\t\t\t\t<\/div>\n\t\t\t\t<\/div>\n\t\t\t\t\t<\/div>\n\t\t<\/div>\n\t\t\t\t<div class=\"elementor-column elementor-col-33 elementor-top-column elementor-element elementor-element-e98929f\" data-id=\"e98929f\" data-element_type=\"column\" data-e-type=\"column\">\n\t\t\t<div class=\"elementor-widget-wrap elementor-element-populated\">\n\t\t\t\t\t\t<div class=\"elementor-element elementor-element-b2e41e5 elementor-widget elementor-widget-image\" data-id=\"b2e41e5\" data-element_type=\"widget\" data-e-type=\"widget\" data-widget_type=\"image.default\">\n\t\t\t\t<div class=\"elementor-widget-container\">\n\t\t\t\t\t\t\t\t\t\t\t\t<figure class=\"wp-caption\">\n\t\t\t\t\t\t\t\t\t\t<img loading=\"lazy\" decoding=\"async\" width=\"1024\" height=\"571\" src=\"https:\/\/www.ebroresilience.com\/wp-content\/uploads\/2025\/12\/tramo-7-1024x571.jpg\" class=\"attachment-large size-large wp-image-15633\" alt=\"Alcal\u00e1 de Ebro - Remolinos Section\" srcset=\"https:\/\/www.ebroresilience.com\/wp-content\/uploads\/2025\/12\/tramo-7-1024x571.jpg 1024w, https:\/\/www.ebroresilience.com\/wp-content\/uploads\/2025\/12\/tramo-7-300x167.jpg 300w, https:\/\/www.ebroresilience.com\/wp-content\/uploads\/2025\/12\/tramo-7-768x428.jpg 768w, https:\/\/www.ebroresilience.com\/wp-content\/uploads\/2025\/12\/tramo-7-1536x856.jpg 1536w, https:\/\/www.ebroresilience.com\/wp-content\/uploads\/2025\/12\/tramo-7-2048x1142.jpg 2048w, https:\/\/www.ebroresilience.com\/wp-content\/uploads\/2025\/12\/tramo-7-135x75.jpg 135w, https:\/\/www.ebroresilience.com\/wp-content\/uploads\/2025\/12\/tramo-7-480x268.jpg 480w\" sizes=\"(max-width:767px) 480px, (max-width:1024px) 100vw, 1024px\" \/>\t\t\t\t\t\t\t\t\t\t\t<figcaption class=\"widget-image-caption wp-caption-text\">Intervention in the Alcal\u00e1 de Ebro - Remolinos section.<\/figcaption>\n\t\t\t\t\t\t\t\t\t\t<\/figure>\n\t\t\t\t\t\t\t\t\t<\/div>\n\t\t\t\t<\/div>\n\t\t\t\t\t<\/div>\n\t\t<\/div>\n\t\t\t\t\t<\/div>\n\t\t<\/section>\n\t\t\t\t<section class=\"elementor-section elementor-top-section elementor-element elementor-element-d42cc9e elementor-section-boxed elementor-section-height-default elementor-section-height-default\" data-id=\"d42cc9e\" data-element_type=\"section\" data-e-type=\"section\">\n\t\t\t\t\t\t<div class=\"elementor-container elementor-column-gap-default\">\n\t\t\t\t\t<div class=\"elementor-column elementor-col-33 elementor-top-column elementor-element elementor-element-b5f33ad\" data-id=\"b5f33ad\" data-element_type=\"column\" data-e-type=\"column\">\n\t\t\t<div class=\"elementor-widget-wrap elementor-element-populated\">\n\t\t\t\t\t\t<div class=\"elementor-element elementor-element-6c1e4a4 elementor-widget elementor-widget-image\" data-id=\"6c1e4a4\" data-element_type=\"widget\" data-e-type=\"widget\" data-widget_type=\"image.default\">\n\t\t\t\t<div class=\"elementor-widget-container\">\n\t\t\t\t\t\t\t\t\t\t\t\t<figure class=\"wp-caption\">\n\t\t\t\t\t\t\t\t\t\t<img loading=\"lazy\" decoding=\"async\" width=\"1024\" height=\"547\" src=\"https:\/\/www.ebroresilience.com\/wp-content\/uploads\/2025\/12\/TORRES-atardecer_01-1024x547.jpg\" class=\"attachment-large size-large wp-image-15634\" alt=\"Torres de Berrel\u00e9n - Sobradiel Section\" srcset=\"https:\/\/www.ebroresilience.com\/wp-content\/uploads\/2025\/12\/TORRES-atardecer_01-1024x547.jpg 1024w, https:\/\/www.ebroresilience.com\/wp-content\/uploads\/2025\/12\/TORRES-atardecer_01-300x160.jpg 300w, https:\/\/www.ebroresilience.com\/wp-content\/uploads\/2025\/12\/TORRES-atardecer_01-768x411.jpg 768w, https:\/\/www.ebroresilience.com\/wp-content\/uploads\/2025\/12\/TORRES-atardecer_01-1536x821.jpg 1536w, https:\/\/www.ebroresilience.com\/wp-content\/uploads\/2025\/12\/TORRES-atardecer_01-2048x1095.jpg 2048w, https:\/\/www.ebroresilience.com\/wp-content\/uploads\/2025\/12\/TORRES-atardecer_01-140x75.jpg 140w, https:\/\/www.ebroresilience.com\/wp-content\/uploads\/2025\/12\/TORRES-atardecer_01-480x257.jpg 480w\" sizes=\"(max-width:767px) 480px, (max-width:1024px) 100vw, 1024px\" \/>\t\t\t\t\t\t\t\t\t\t\t<figcaption class=\"widget-image-caption wp-caption-text\">Torres de Berrel\u00e9n - Sobradiel Section<\/figcaption>\n\t\t\t\t\t\t\t\t\t\t<\/figure>\n\t\t\t\t\t\t\t\t\t<\/div>\n\t\t\t\t<\/div>\n\t\t\t\t\t<\/div>\n\t\t<\/div>\n\t\t\t\t<div class=\"elementor-column elementor-col-33 elementor-top-column elementor-element elementor-element-b11e1e0\" data-id=\"b11e1e0\" data-element_type=\"column\" data-e-type=\"column\">\n\t\t\t<div class=\"elementor-widget-wrap elementor-element-populated\">\n\t\t\t\t\t\t<div class=\"elementor-element elementor-element-7893505 elementor-widget elementor-widget-image\" data-id=\"7893505\" data-element_type=\"widget\" data-e-type=\"widget\" data-widget_type=\"image.default\">\n\t\t\t\t<div class=\"elementor-widget-container\">\n\t\t\t\t\t\t\t\t\t\t\t\t<figure class=\"wp-caption\">\n\t\t\t\t\t\t\t\t\t\t<img loading=\"lazy\" decoding=\"async\" width=\"1024\" height=\"576\" src=\"https:\/\/www.ebroresilience.com\/wp-content\/uploads\/2025\/04\/Azagra-general-sala-1024x576.jpeg\" class=\"attachment-large size-large wp-image-13885\" alt=\"Azagra assistance\" srcset=\"https:\/\/www.ebroresilience.com\/wp-content\/uploads\/2025\/04\/Azagra-general-sala-1024x576.jpeg 1024w, https:\/\/www.ebroresilience.com\/wp-content\/uploads\/2025\/04\/Azagra-general-sala-300x169.jpeg 300w, https:\/\/www.ebroresilience.com\/wp-content\/uploads\/2025\/04\/Azagra-general-sala-768x432.jpeg 768w, https:\/\/www.ebroresilience.com\/wp-content\/uploads\/2025\/04\/Azagra-general-sala-1536x864.jpeg 1536w, https:\/\/www.ebroresilience.com\/wp-content\/uploads\/2025\/04\/Azagra-general-sala-133x75.jpeg 133w, https:\/\/www.ebroresilience.com\/wp-content\/uploads\/2025\/04\/Azagra-general-sala-480x270.jpeg 480w, https:\/\/www.ebroresilience.com\/wp-content\/uploads\/2025\/04\/Azagra-general-sala.jpeg 2016w\" sizes=\"(max-width:767px) 480px, (max-width:1024px) 100vw, 1024px\" \/>\t\t\t\t\t\t\t\t\t\t\t<figcaption class=\"widget-image-caption wp-caption-text\">Meeting to present the technical alternative in Azagra (Navarre)<\/figcaption>\n\t\t\t\t\t\t\t\t\t\t<\/figure>\n\t\t\t\t\t\t\t\t\t<\/div>\n\t\t\t\t<\/div>\n\t\t\t\t\t<\/div>\n\t\t<\/div>\n\t\t\t\t<div class=\"elementor-column elementor-col-33 elementor-top-column elementor-element elementor-element-7a2c74f\" data-id=\"7a2c74f\" data-element_type=\"column\" data-e-type=\"column\">\n\t\t\t<div class=\"elementor-widget-wrap elementor-element-populated\">\n\t\t\t\t\t\t<div class=\"elementor-element elementor-element-ecc567d elementor-widget elementor-widget-image\" data-id=\"ecc567d\" data-element_type=\"widget\" data-e-type=\"widget\" data-widget_type=\"image.default\">\n\t\t\t\t<div class=\"elementor-widget-container\">\n\t\t\t\t\t\t\t\t\t\t\t\t<figure class=\"wp-caption\">\n\t\t\t\t\t\t\t\t\t\t<img loading=\"lazy\" decoding=\"async\" width=\"1024\" height=\"533\" src=\"https:\/\/www.ebroresilience.com\/wp-content\/uploads\/2025\/12\/Jornada-tramo-Utebo-Zaragoza-e1766129658214-1024x533.jpeg\" class=\"attachment-large size-large wp-image-15635\" alt=\"Utebo-Zaragoza section day\" srcset=\"https:\/\/www.ebroresilience.com\/wp-content\/uploads\/2025\/12\/Jornada-tramo-Utebo-Zaragoza-e1766129658214-1024x533.jpeg 1024w, https:\/\/www.ebroresilience.com\/wp-content\/uploads\/2025\/12\/Jornada-tramo-Utebo-Zaragoza-e1766129658214-300x156.jpeg 300w, https:\/\/www.ebroresilience.com\/wp-content\/uploads\/2025\/12\/Jornada-tramo-Utebo-Zaragoza-e1766129658214-768x400.jpeg 768w, https:\/\/www.ebroresilience.com\/wp-content\/uploads\/2025\/12\/Jornada-tramo-Utebo-Zaragoza-e1766129658214-1536x799.jpeg 1536w, https:\/\/www.ebroresilience.com\/wp-content\/uploads\/2025\/12\/Jornada-tramo-Utebo-Zaragoza-e1766129658214-144x75.jpeg 144w, https:\/\/www.ebroresilience.com\/wp-content\/uploads\/2025\/12\/Jornada-tramo-Utebo-Zaragoza-e1766129658214-480x250.jpeg 480w, https:\/\/www.ebroresilience.com\/wp-content\/uploads\/2025\/12\/Jornada-tramo-Utebo-Zaragoza-e1766129658214.jpeg 1710w\" sizes=\"(max-width:767px) 480px, (max-width:1024px) 100vw, 1024px\" \/>\t\t\t\t\t\t\t\t\t\t\t<figcaption class=\"widget-image-caption wp-caption-text\">Utebo-Zaragoza section day<\/figcaption>\n\t\t\t\t\t\t\t\t\t\t<\/figure>\n\t\t\t\t\t\t\t\t\t<\/div>\n\t\t\t\t<\/div>\n\t\t\t\t\t<\/div>\n\t\t<\/div>\n\t\t\t\t\t<\/div>\n\t\t<\/section>\n\t\t\t\t<section class=\"elementor-section elementor-top-section elementor-element elementor-element-75382fb elementor-section-boxed elementor-section-height-default elementor-section-height-default\" data-id=\"75382fb\" data-element_type=\"section\" data-e-type=\"section\">\n\t\t\t\t\t\t<div class=\"elementor-container elementor-column-gap-default\">\n\t\t\t\t\t<div class=\"elementor-column elementor-col-100 elementor-top-column elementor-element elementor-element-177c954\" data-id=\"177c954\" data-element_type=\"column\" data-e-type=\"column\">\n\t\t\t<div class=\"elementor-widget-wrap elementor-element-populated\">\n\t\t\t\t\t\t<div class=\"elementor-element elementor-element-97d334d elementor-widget elementor-widget-text-editor\" data-id=\"97d334d\" data-element_type=\"widget\" data-e-type=\"widget\" data-widget_type=\"text-editor.default\">\n\t\t\t\t<div class=\"elementor-widget-container\">\n\t\t\t\t\t\t\t\t\t<p><strong>LIFE Ebro Resilience P1<\/strong><\/p><p>The LIFE Ebro Resilience P1 Project, which operates between 2021 and 2027 with a budget of 13,310,350 \u20ac, is also part of the Ebro Resilience Strategy and has experienced a year of crucial progress in its infrastructure and participation interventions. In 2025, the environmental restoration of the meander of La Roza (Alfaro, La Rioja) and the recovery of old river branches in Soto de Alfaro stood out. In addition, the implementation of the <strong>Lateral Flow Buffer Zones (LFZ)<\/strong> began in the Osera de Ebro &#8211; Fuentes de Ebro section, one of the most innovative proposals of the project. The project was recognized for its approach to flood risk management by being awarded the GREEN LIGHT Award in its WATER category.   <\/p><p>More information on the<a href=\"https:\/\/www.ebroresilience.com\/en\/2025-a-year-of-progress-in-actions-for-adaptation-to-flood-risk-and-external-reconnaissance\/\"> progress in 2025 of the LIFE Ebro Resilience P1 Project.<\/a><\/p>\t\t\t\t\t\t\t\t<\/div>\n\t\t\t\t<\/div>\n\t\t\t\t\t<\/div>\n\t\t<\/div>\n\t\t\t\t\t<\/div>\n\t\t<\/section>\n\t\t\t\t<\/div>\n\t\t","protected":false},"excerpt":{"rendered":"<p>This year there have been new developments in the actions of all partners, among them, the end of interventions in the Sobradiel &#8211; Torres de Berrell\u00e9n and Alcal\u00e1 de Ebro- Remolinos &#8211; Luceni sections, both in Zaragoza; the progress in the project of phase 2 of El Ortigoso (Milagro, Navarra) and the presentation of the alternative studies of the Azagra (Navarra) and Utebo-Zaragoza sections.  <\/p>\n","protected":false},"author":5,"featured_media":15631,"comment_status":"closed","ping_status":"closed","sticky":false,"template":"","format":"standard","meta":{"_acf_changed":false,"ngg_post_thumbnail":0,"footnotes":""},"categories":[369],"tags":[696,378,398,697,533,607,534,538],"class_list":["post-15630","post","type-post","status-publish","format-standard","has-post-thumbnail","hentry","category-news","tag-alcala-de-ebro","tag-ebro-resilience-en","tag-flood","tag-luceni","tag-remolinos-en","tag-restauracion-en","tag-sobradiel-en","tag-torres-de-berrellen-en"],"acf":[],"publishpress_future_action":{"enabled":false,"date":"2026-05-07 01:31:41","action":"change-status","newStatus":"draft","terms":[],"taxonomy":"category","extraData":[]},"publishpress_future_workflow_manual_trigger":{"enabledWorkflows":[]},"_links":{"self":[{"href":"https:\/\/www.ebroresilience.com\/en\/wp-json\/wp\/v2\/posts\/15630","targetHints":{"allow":["GET"]}}],"collection":[{"href":"https:\/\/www.ebroresilience.com\/en\/wp-json\/wp\/v2\/posts"}],"about":[{"href":"https:\/\/www.ebroresilience.com\/en\/wp-json\/wp\/v2\/types\/post"}],"author":[{"embeddable":true,"href":"https:\/\/www.ebroresilience.com\/en\/wp-json\/wp\/v2\/users\/5"}],"replies":[{"embeddable":true,"href":"https:\/\/www.ebroresilience.com\/en\/wp-json\/wp\/v2\/comments?post=15630"}],"version-history":[{"count":5,"href":"https:\/\/www.ebroresilience.com\/en\/wp-json\/wp\/v2\/posts\/15630\/revisions"}],"predecessor-version":[{"id":15682,"href":"https:\/\/www.ebroresilience.com\/en\/wp-json\/wp\/v2\/posts\/15630\/revisions\/15682"}],"wp:featuredmedia":[{"embeddable":true,"href":"https:\/\/www.ebroresilience.com\/en\/wp-json\/wp\/v2\/media\/15631"}],"wp:attachment":[{"href":"https:\/\/www.ebroresilience.com\/en\/wp-json\/wp\/v2\/media?parent=15630"}],"wp:term":[{"taxonomy":"category","embeddable":true,"href":"https:\/\/www.ebroresilience.com\/en\/wp-json\/wp\/v2\/categories?post=15630"},{"taxonomy":"post_tag","embeddable":true,"href":"https:\/\/www.ebroresilience.com\/en\/wp-json\/wp\/v2\/tags?post=15630"}],"curies":[{"name":"wp","href":"https:\/\/api.w.org\/{rel}","templated":true}]}}