{"id":15491,"date":"2025-11-28T07:00:00","date_gmt":"2025-11-28T06:00:00","guid":{"rendered":"https:\/\/www.ebroresilience.com\/audiovisual-bathymetries-ebro-resilience-studying-the-river-bed-in-its-middle-section\/"},"modified":"2025-11-28T19:09:17","modified_gmt":"2025-11-28T18:09:17","slug":"audiovisual-bathymetries-ebro-resilience-studying-the-river-bed-in-its-middle-section","status":"publish","type":"post","link":"https:\/\/www.ebroresilience.com\/en\/audiovisual-bathymetries-ebro-resilience-studying-the-river-bed-in-its-middle-section\/","title":{"rendered":"Audiovisual Bathymetries Ebro Resilience: studying the river bed in its middle section."},"content":{"rendered":"\t\t<div data-elementor-type=\"wp-post\" data-elementor-id=\"15491\" class=\"elementor elementor-15491 elementor-15466\" data-elementor-post-type=\"post\">\n\t\t\t\t\t\t<section class=\"elementor-section elementor-top-section elementor-element elementor-element-8bfff2c elementor-section-boxed elementor-section-height-default elementor-section-height-default\" data-id=\"8bfff2c\" data-element_type=\"section\" data-e-type=\"section\">\n\t\t\t\t\t\t<div class=\"elementor-container elementor-column-gap-default\">\n\t\t\t\t\t<div class=\"elementor-column elementor-col-100 elementor-top-column elementor-element elementor-element-77f77db\" data-id=\"77f77db\" data-element_type=\"column\" data-e-type=\"column\">\n\t\t\t<div class=\"elementor-widget-wrap elementor-element-populated\">\n\t\t\t\t\t\t<div class=\"elementor-element elementor-element-59085fe elementor-widget elementor-widget-text-editor\" data-id=\"59085fe\" data-element_type=\"widget\" data-e-type=\"widget\" data-widget_type=\"text-editor.default\">\n\t\t\t\t<div class=\"elementor-widget-container\">\n\t\t\t\t\t\t\t\t\t<p>A new audiovisual document of the LIFE Ebro Resilience P1 Project aims to explain in depth the process of carrying out bathymetries to obtain a mapping of the Ebro bed in its middle section.<\/p><p>The <em>Ebro Resilience <\/em>Strategy is developing a bathymetry campaign that will provide objective data on the submerged relief under the waters along some 260 km of river between Logro\u00f1o and La Zaida (Zaragoza), deepening scientific knowledge of the rivers and providing a <strong>rigorous tool for decision making<\/strong> to reduce flood risk.<\/p>\t\t\t\t\t\t\t\t<\/div>\n\t\t\t\t<\/div>\n\t\t\t\t\t<\/div>\n\t\t<\/div>\n\t\t\t\t\t<\/div>\n\t\t<\/section>\n\t\t\t\t<section class=\"elementor-section elementor-top-section elementor-element elementor-element-02de239 elementor-section-boxed elementor-section-height-default elementor-section-height-default\" data-id=\"02de239\" data-element_type=\"section\" data-e-type=\"section\">\n\t\t\t\t\t\t<div class=\"elementor-container elementor-column-gap-default\">\n\t\t\t\t\t<div class=\"elementor-column elementor-col-100 elementor-top-column elementor-element elementor-element-8357091\" data-id=\"8357091\" data-element_type=\"column\" data-e-type=\"column\">\n\t\t\t<div class=\"elementor-widget-wrap elementor-element-populated\">\n\t\t\t\t\t\t<div class=\"elementor-element elementor-element-0f4b711 elementor-widget elementor-widget-image\" data-id=\"0f4b711\" data-element_type=\"widget\" data-e-type=\"widget\" data-widget_type=\"image.default\">\n\t\t\t\t<div class=\"elementor-widget-container\">\n\t\t\t\t\t\t\t\t\t\t\t\t\t\t\t<img fetchpriority=\"high\" decoding=\"async\" width=\"768\" height=\"428\" src=\"https:\/\/www.ebroresilience.com\/wp-content\/uploads\/2025\/11\/BATIMETRIAS-2-768x428.png\" class=\"attachment-medium_large size-medium_large wp-image-15471\" alt=\"Batimetr\u00edas en el tramo medio del Ebro.\" srcset=\"https:\/\/www.ebroresilience.com\/wp-content\/uploads\/2025\/11\/BATIMETRIAS-2-768x428.png 768w, https:\/\/www.ebroresilience.com\/wp-content\/uploads\/2025\/11\/BATIMETRIAS-2-300x167.png 300w, https:\/\/www.ebroresilience.com\/wp-content\/uploads\/2025\/11\/BATIMETRIAS-2-1024x570.png 1024w, https:\/\/www.ebroresilience.com\/wp-content\/uploads\/2025\/11\/BATIMETRIAS-2-1536x855.png 1536w, https:\/\/www.ebroresilience.com\/wp-content\/uploads\/2025\/11\/BATIMETRIAS-2-135x75.png 135w, https:\/\/www.ebroresilience.com\/wp-content\/uploads\/2025\/11\/BATIMETRIAS-2-480x267.png 480w, https:\/\/www.ebroresilience.com\/wp-content\/uploads\/2025\/11\/BATIMETRIAS-2.png 1659w\" sizes=\"(max-width:767px) 480px, (max-width:768px) 100vw, 768px\" \/>\t\t\t\t\t\t\t\t\t\t\t\t\t\t\t<\/div>\n\t\t\t\t<\/div>\n\t\t\t\t\t<\/div>\n\t\t<\/div>\n\t\t\t\t\t<\/div>\n\t\t<\/section>\n\t\t\t\t<section class=\"elementor-section elementor-top-section elementor-element elementor-element-a50337f elementor-section-boxed elementor-section-height-default elementor-section-height-default\" data-id=\"a50337f\" data-element_type=\"section\" data-e-type=\"section\">\n\t\t\t\t\t\t<div class=\"elementor-container elementor-column-gap-default\">\n\t\t\t\t\t<div class=\"elementor-column elementor-col-100 elementor-top-column elementor-element elementor-element-34d123f\" data-id=\"34d123f\" data-element_type=\"column\" data-e-type=\"column\">\n\t\t\t<div class=\"elementor-widget-wrap elementor-element-populated\">\n\t\t\t\t\t\t<div class=\"elementor-element elementor-element-463d1c1 elementor-widget elementor-widget-text-editor\" data-id=\"463d1c1\" data-element_type=\"widget\" data-e-type=\"widget\" data-widget_type=\"text-editor.default\">\n\t\t\t\t<div class=\"elementor-widget-container\">\n\t\t\t\t\t\t\t\t\t<p>This campaign will make it possible to <strong>compare the current results with the data obtained between 2019 and 2021,<\/strong> in the first bathymetry carried out for the entire middle stretch of the Ebro through <em>Ebro Resilience<\/em>. Until this first campaign, only specific or short bathymetries had been carried out in the Ebro for the design of infrastructures such as bridges or dams, so <strong>there was no specific and verifiable data<\/strong> on the behavior of the river and sediment mobility after flood episodes. <\/p><p>The conclusions drawn from these initial data were crucial for the design of the detailed studies with the combined solutions in <a href=\"https:\/\/urldefense.com\/v3\/__https:\/secure-web.cisco.com\/1NBwW0ttQIEG6tiMP94IN8i0u32TL6Qs8sXlACS8J6g3cW0o0Fe_0dP7S_aRXyuL9f7F-7H790apf5HYqWkAcVeJbeaokMNhFOdS012yYqxs2bp0zmxjFKKw4B03Ouq4ckqExQDDAY8V7PdYyBe4T2uOY3X7TtEB-FA27meEJEOlw8VZ8Hk-eqZf_PUr4aBREl-Ar4-djyMpIt22zZC2BVw\/https*3A*2F*2Fwww.ebroresilience.com*2Favance-de-la-estrategia*2Festudios-de-detalle*2F__;JSUlJSUl!!BgLsOpJl!ouLx3fD-GC0cycwnBQQWwlCWXmcRbru9zSxye19h3augToIiJHGNEe7drHPWBDk0wGIwm55A2GPfmPh0LeBX686Z%24\">each of the 18 sections into which the middle Ebro has been subdivided<\/a>.<\/p><p>In the time between the two field works there have been two episodes of extraordinary floods (December 2021, February 2024), so that the comparison can provide <strong>an objective view of the result of the dynamics of the river<\/strong>, its tendency to sedimentation or erosion.<\/p>\t\t\t\t\t\t\t\t<\/div>\n\t\t\t\t<\/div>\n\t\t\t\t\t<\/div>\n\t\t<\/div>\n\t\t\t\t\t<\/div>\n\t\t<\/section>\n\t\t\t\t<section class=\"elementor-section elementor-top-section elementor-element elementor-element-fa82ec9 elementor-section-boxed elementor-section-height-default elementor-section-height-default\" data-id=\"fa82ec9\" data-element_type=\"section\" data-e-type=\"section\">\n\t\t\t\t\t\t<div class=\"elementor-container elementor-column-gap-default\">\n\t\t\t\t\t<div class=\"elementor-column elementor-col-100 elementor-top-column elementor-element elementor-element-05bd126\" data-id=\"05bd126\" data-element_type=\"column\" data-e-type=\"column\">\n\t\t\t<div class=\"elementor-widget-wrap elementor-element-populated\">\n\t\t\t\t\t\t<div class=\"elementor-element elementor-element-32c05c8 elementor-widget elementor-widget-image\" data-id=\"32c05c8\" data-element_type=\"widget\" data-e-type=\"widget\" data-widget_type=\"image.default\">\n\t\t\t\t<div class=\"elementor-widget-container\">\n\t\t\t\t\t\t\t\t\t\t\t\t\t\t\t<img decoding=\"async\" width=\"768\" height=\"422\" src=\"https:\/\/www.ebroresilience.com\/wp-content\/uploads\/2025\/11\/BAIMETRIAS-2020-768x422.png\" class=\"attachment-medium_large size-medium_large wp-image-15473\" alt=\"Batimetr\u00edas del a\u00f1o 2020 en el tramo medio del Ebro.\" srcset=\"https:\/\/www.ebroresilience.com\/wp-content\/uploads\/2025\/11\/BAIMETRIAS-2020-768x422.png 768w, https:\/\/www.ebroresilience.com\/wp-content\/uploads\/2025\/11\/BAIMETRIAS-2020-300x165.png 300w, https:\/\/www.ebroresilience.com\/wp-content\/uploads\/2025\/11\/BAIMETRIAS-2020-1024x562.png 1024w, https:\/\/www.ebroresilience.com\/wp-content\/uploads\/2025\/11\/BAIMETRIAS-2020-1536x844.png 1536w, https:\/\/www.ebroresilience.com\/wp-content\/uploads\/2025\/11\/BAIMETRIAS-2020-137x75.png 137w, https:\/\/www.ebroresilience.com\/wp-content\/uploads\/2025\/11\/BAIMETRIAS-2020-480x264.png 480w, https:\/\/www.ebroresilience.com\/wp-content\/uploads\/2025\/11\/BAIMETRIAS-2020.png 1655w\" sizes=\"(max-width:767px) 480px, (max-width:768px) 100vw, 768px\" \/>\t\t\t\t\t\t\t\t\t\t\t\t\t\t\t<\/div>\n\t\t\t\t<\/div>\n\t\t\t\t\t<\/div>\n\t\t<\/div>\n\t\t\t\t\t<\/div>\n\t\t<\/section>\n\t\t\t\t<section class=\"elementor-section elementor-top-section elementor-element elementor-element-5f9ea5c elementor-section-boxed elementor-section-height-default elementor-section-height-default\" data-id=\"5f9ea5c\" data-element_type=\"section\" data-e-type=\"section\">\n\t\t\t\t\t\t<div class=\"elementor-container elementor-column-gap-default\">\n\t\t\t\t\t<div class=\"elementor-column elementor-col-100 elementor-top-column elementor-element elementor-element-26a349a\" data-id=\"26a349a\" data-element_type=\"column\" data-e-type=\"column\">\n\t\t\t<div class=\"elementor-widget-wrap elementor-element-populated\">\n\t\t\t\t\t\t<div class=\"elementor-element elementor-element-e5f950e elementor-widget elementor-widget-text-editor\" data-id=\"e5f950e\" data-element_type=\"widget\" data-e-type=\"widget\" data-widget_type=\"text-editor.default\">\n\t\t\t\t<div class=\"elementor-widget-container\">\n\t\t\t\t\t\t\t\t\t<p><strong>The bathymetries of the Ebro generate confidence in the definition of solutions for each area, they<\/strong> are a qualitative leap in the knowledge of the river. Thanks to them, objective information is obtained and repeated over time, which provides transparency and scientific rigor, improves hydraulic simulations and allows progress towards a sustainable management of the riverbed and the reduction of risks for the populations. <\/p>\t\t\t\t\t\t\t\t<\/div>\n\t\t\t\t<\/div>\n\t\t\t\t\t<\/div>\n\t\t<\/div>\n\t\t\t\t\t<\/div>\n\t\t<\/section>\n\t\t\t\t<section class=\"elementor-section elementor-top-section elementor-element elementor-element-af8b975 elementor-section-boxed elementor-section-height-default elementor-section-height-default\" data-id=\"af8b975\" data-element_type=\"section\" data-e-type=\"section\">\n\t\t\t\t\t\t<div class=\"elementor-container elementor-column-gap-default\">\n\t\t\t\t\t<div class=\"elementor-column elementor-col-100 elementor-top-column elementor-element elementor-element-3c517fe\" data-id=\"3c517fe\" data-element_type=\"column\" data-e-type=\"column\">\n\t\t\t<div class=\"elementor-widget-wrap elementor-element-populated\">\n\t\t\t\t\t\t<div class=\"elementor-element elementor-element-ba8b757 elementor-widget elementor-widget-image\" data-id=\"ba8b757\" data-element_type=\"widget\" data-e-type=\"widget\" data-widget_type=\"image.default\">\n\t\t\t\t<div class=\"elementor-widget-container\">\n\t\t\t\t\t\t\t\t\t\t\t\t\t\t\t<img decoding=\"async\" width=\"768\" height=\"425\" src=\"https:\/\/www.ebroresilience.com\/wp-content\/uploads\/2025\/11\/BATIMETRIAS-3-768x425.png\" class=\"attachment-medium_large size-medium_large wp-image-15475\" alt=\"Batimetr\u00edas. Modelizaci\u00f3n hidr\u00e1ulica.\" srcset=\"https:\/\/www.ebroresilience.com\/wp-content\/uploads\/2025\/11\/BATIMETRIAS-3-768x425.png 768w, https:\/\/www.ebroresilience.com\/wp-content\/uploads\/2025\/11\/BATIMETRIAS-3-300x166.png 300w, https:\/\/www.ebroresilience.com\/wp-content\/uploads\/2025\/11\/BATIMETRIAS-3-1024x567.png 1024w, https:\/\/www.ebroresilience.com\/wp-content\/uploads\/2025\/11\/BATIMETRIAS-3-1536x850.png 1536w, https:\/\/www.ebroresilience.com\/wp-content\/uploads\/2025\/11\/BATIMETRIAS-3-135x75.png 135w, https:\/\/www.ebroresilience.com\/wp-content\/uploads\/2025\/11\/BATIMETRIAS-3-480x266.png 480w, https:\/\/www.ebroresilience.com\/wp-content\/uploads\/2025\/11\/BATIMETRIAS-3.png 1635w\" sizes=\"(max-width:767px) 480px, (max-width:768px) 100vw, 768px\" \/>\t\t\t\t\t\t\t\t\t\t\t\t\t\t\t<\/div>\n\t\t\t\t<\/div>\n\t\t\t\t\t<\/div>\n\t\t<\/div>\n\t\t\t\t\t<\/div>\n\t\t<\/section>\n\t\t\t\t<section class=\"elementor-section elementor-top-section elementor-element elementor-element-a9a9919 elementor-section-boxed elementor-section-height-default elementor-section-height-default\" data-id=\"a9a9919\" data-element_type=\"section\" data-e-type=\"section\">\n\t\t\t\t\t\t<div class=\"elementor-container elementor-column-gap-default\">\n\t\t\t\t\t<div class=\"elementor-column elementor-col-100 elementor-top-column elementor-element elementor-element-efb593d\" data-id=\"efb593d\" data-element_type=\"column\" data-e-type=\"column\">\n\t\t\t<div class=\"elementor-widget-wrap elementor-element-populated\">\n\t\t\t\t\t\t<div class=\"elementor-element elementor-element-2ee7e9f elementor-widget elementor-widget-text-editor\" data-id=\"2ee7e9f\" data-element_type=\"widget\" data-e-type=\"widget\" data-widget_type=\"text-editor.default\">\n\t\t\t\t<div class=\"elementor-widget-container\">\n\t\t\t\t\t\t\t\t\t<p><strong>How it is done<\/strong><\/p><p>LIDAR surveying, using lasers, does not work underwater, so sonar (echo sounder) is used for this work. The sonar emits sound pulses that bounce off the bottom and allow the depth to be calculated. <\/p><p>Data from the <strong>bathymetric sounder<\/strong> and a <strong>centimeter-accurate GPS<\/strong> are combined and processed in a program that generates 3D models of the bottom.<\/p>\t\t\t\t\t\t\t\t<\/div>\n\t\t\t\t<\/div>\n\t\t\t\t\t<\/div>\n\t\t<\/div>\n\t\t\t\t\t<\/div>\n\t\t<\/section>\n\t\t\t\t<section class=\"elementor-section elementor-top-section elementor-element elementor-element-29892a0 elementor-section-boxed elementor-section-height-default elementor-section-height-default\" data-id=\"29892a0\" data-element_type=\"section\" data-e-type=\"section\">\n\t\t\t\t\t\t<div class=\"elementor-container elementor-column-gap-default\">\n\t\t\t\t\t<div class=\"elementor-column elementor-col-100 elementor-top-column elementor-element elementor-element-e51cd89\" data-id=\"e51cd89\" data-element_type=\"column\" data-e-type=\"column\">\n\t\t\t<div class=\"elementor-widget-wrap elementor-element-populated\">\n\t\t\t\t\t\t<div class=\"elementor-element elementor-element-2a7e2e0 elementor-widget elementor-widget-video\" data-id=\"2a7e2e0\" data-element_type=\"widget\" data-e-type=\"widget\" data-settings=\"{&quot;youtube_url&quot;:&quot;https:\\\/\\\/www.youtube.com\\\/watch?v=uVYv4Akk8d8&amp;t=14s&quot;,&quot;video_type&quot;:&quot;youtube&quot;,&quot;controls&quot;:&quot;yes&quot;}\" data-widget_type=\"video.default\">\n\t\t\t\t<div class=\"elementor-widget-container\">\n\t\t\t\t\t\t\t<div class=\"elementor-wrapper elementor-open-inline\">\n\t\t\t<div class=\"elementor-video\"><\/div>\t\t<\/div>\n\t\t\t\t\t\t<\/div>\n\t\t\t\t<\/div>\n\t\t\t\t\t<\/div>\n\t\t<\/div>\n\t\t\t\t\t<\/div>\n\t\t<\/section>\n\t\t\t\t<section class=\"elementor-section elementor-top-section elementor-element elementor-element-fc4c244 elementor-section-boxed elementor-section-height-default elementor-section-height-default\" data-id=\"fc4c244\" data-element_type=\"section\" data-e-type=\"section\">\n\t\t\t\t\t\t<div class=\"elementor-container elementor-column-gap-default\">\n\t\t\t\t\t<div class=\"elementor-column elementor-col-100 elementor-top-column elementor-element elementor-element-4809507\" data-id=\"4809507\" data-element_type=\"column\" data-e-type=\"column\">\n\t\t\t<div class=\"elementor-widget-wrap elementor-element-populated\">\n\t\t\t\t\t\t<div class=\"elementor-element elementor-element-7a5a276 elementor-widget elementor-widget-text-editor\" data-id=\"7a5a276\" data-element_type=\"widget\" data-e-type=\"widget\" data-widget_type=\"text-editor.default\">\n\t\t\t\t<div class=\"elementor-widget-container\">\n\t\t\t\t\t\t\t\t\t<p><strong>LIFE Project  <\/strong><\/p><p>The LIFE Ebro Resilience P1 Project (LIFE20 ENV\/ES\/00327), approved by the European Commission in the LIFE 2020 call, covers three autonomous communities (La Rioja, Navarra and Arag\u00f3n), has a duration of 6 years and a total budget of 13,310,350 \u20ac, with 55% European funding.<\/p>\t\t\t\t\t\t\t\t<\/div>\n\t\t\t\t<\/div>\n\t\t\t\t\t<\/div>\n\t\t<\/div>\n\t\t\t\t\t<\/div>\n\t\t<\/section>\n\t\t\t\t<\/div>\n\t\t","protected":false},"excerpt":{"rendered":"<p>A mapping of the submerged relief of the middle Ebro, between Logro\u00f1o and La Zaida, is being carried out during 2025, which will allow a comparison with the one carried out between 2019-2021 and draw conclusions with objective data on sedimentation, deposition and erosion.  <\/p>\n","protected":false},"author":5,"featured_media":15468,"comment_status":"closed","ping_status":"closed","sticky":false,"template":"","format":"standard","meta":{"_acf_changed":false,"ngg_post_thumbnail":0,"footnotes":""},"categories":[377,369],"tags":[692,388,387,378,398,381,607,691],"class_list":["post-15491","post","type-post","status-publish","format-standard","has-post-thumbnail","hentry","category-life-en","category-news","tag-bathymetry","tag-che-en","tag-ebro-en","tag-ebro-resilience-en","tag-flood","tag-life-ebro-resilience-p1-en","tag-restauracion-en","tag-technology"],"acf":[],"publishpress_future_action":{"enabled":false,"date":"2026-05-07 19:51:23","action":"change-status","newStatus":"draft","terms":[],"taxonomy":"category","extraData":[]},"publishpress_future_workflow_manual_trigger":{"enabledWorkflows":[]},"_links":{"self":[{"href":"https:\/\/www.ebroresilience.com\/en\/wp-json\/wp\/v2\/posts\/15491","targetHints":{"allow":["GET"]}}],"collection":[{"href":"https:\/\/www.ebroresilience.com\/en\/wp-json\/wp\/v2\/posts"}],"about":[{"href":"https:\/\/www.ebroresilience.com\/en\/wp-json\/wp\/v2\/types\/post"}],"author":[{"embeddable":true,"href":"https:\/\/www.ebroresilience.com\/en\/wp-json\/wp\/v2\/users\/5"}],"replies":[{"embeddable":true,"href":"https:\/\/www.ebroresilience.com\/en\/wp-json\/wp\/v2\/comments?post=15491"}],"version-history":[{"count":2,"href":"https:\/\/www.ebroresilience.com\/en\/wp-json\/wp\/v2\/posts\/15491\/revisions"}],"predecessor-version":[{"id":15496,"href":"https:\/\/www.ebroresilience.com\/en\/wp-json\/wp\/v2\/posts\/15491\/revisions\/15496"}],"wp:featuredmedia":[{"embeddable":true,"href":"https:\/\/www.ebroresilience.com\/en\/wp-json\/wp\/v2\/media\/15468"}],"wp:attachment":[{"href":"https:\/\/www.ebroresilience.com\/en\/wp-json\/wp\/v2\/media?parent=15491"}],"wp:term":[{"taxonomy":"category","embeddable":true,"href":"https:\/\/www.ebroresilience.com\/en\/wp-json\/wp\/v2\/categories?post=15491"},{"taxonomy":"post_tag","embeddable":true,"href":"https:\/\/www.ebroresilience.com\/en\/wp-json\/wp\/v2\/tags?post=15491"}],"curies":[{"name":"wp","href":"https:\/\/api.w.org\/{rel}","templated":true}]}}