{"id":15284,"date":"2025-10-31T13:34:24","date_gmt":"2025-10-31T12:34:24","guid":{"rendered":"https:\/\/www.ebroresilience.com\/the-ebro-resilience-actions-between-milagro-and-alfaro-generate-benefits-for-the-entire-stretch-of-the-river\/"},"modified":"2025-11-03T08:59:47","modified_gmt":"2025-11-03T07:59:47","slug":"the-ebro-resilience-actions-between-milagro-and-alfaro-generate-benefits-for-the-entire-stretch-of-the-river","status":"publish","type":"post","link":"https:\/\/www.ebroresilience.com\/en\/the-ebro-resilience-actions-between-milagro-and-alfaro-generate-benefits-for-the-entire-stretch-of-the-river\/","title":{"rendered":"The Ebro Resilience actions between Milagro and Alfaro generate benefits for the entire stretch of the river"},"content":{"rendered":"\t\t<div data-elementor-type=\"wp-post\" data-elementor-id=\"15284\" class=\"elementor elementor-15284 elementor-15247\" data-elementor-post-type=\"post\">\n\t\t\t\t\t\t<section class=\"elementor-section elementor-top-section elementor-element elementor-element-c8f3389 elementor-section-boxed elementor-section-height-default elementor-section-height-default\" data-id=\"c8f3389\" data-element_type=\"section\" data-e-type=\"section\">\n\t\t\t\t\t\t<div class=\"elementor-container elementor-column-gap-default\">\n\t\t\t\t\t<div class=\"elementor-column elementor-col-100 elementor-top-column elementor-element elementor-element-c367dd4\" data-id=\"c367dd4\" data-element_type=\"column\" data-e-type=\"column\">\n\t\t\t<div class=\"elementor-widget-wrap elementor-element-populated\">\n\t\t\t\t\t\t<div class=\"elementor-element elementor-element-37049ed elementor-widget elementor-widget-text-editor\" data-id=\"37049ed\" data-element_type=\"widget\" data-e-type=\"widget\" data-widget_type=\"text-editor.default\">\n\t\t\t\t<div class=\"elementor-widget-container\">\n\t\t\t\t\t\t\t\t\t<p>The Ebro Resilience Strategy addressed two key issues at a public session held in Alfaro (La Rioja) on October 30: citizen participation through an activity report to the riparian society, and the technical monitoring of its actions.<\/p><p>In the Plenary Hall of the Alfaro Town Hall, with the welcome of its mayoress, Yolanda Preciado, this conference was open to the population of the intervention areas of the Milagro (Navarra) and Alfaro section, as well as its surroundings. Organized by the Ebro Hydrographic Confederation and the Government of La Rioja, in collaboration with the Consistory of Alfaro, it was also attended by technicians from Orekan &#8211; Environmental Management of Navarra, representing the Government of Navarra, also a participant in the Ebro Resilience Strategy. <\/p><p>The activity was divided into two parts: a space to explain the interventions carried out so far and the effects that are being observed both from the hydrological point of view and from that of environmental recovery, and another dedicated to citizen participation.<\/p>\t\t\t\t\t\t\t\t<\/div>\n\t\t\t\t<\/div>\n\t\t\t\t\t<\/div>\n\t\t<\/div>\n\t\t\t\t\t<\/div>\n\t\t<\/section>\n\t\t\t\t<section class=\"elementor-section elementor-top-section elementor-element elementor-element-0c2eac2 elementor-section-boxed elementor-section-height-default elementor-section-height-default\" data-id=\"0c2eac2\" data-element_type=\"section\" data-e-type=\"section\">\n\t\t\t\t\t\t<div class=\"elementor-container elementor-column-gap-default\">\n\t\t\t\t\t<div class=\"elementor-column elementor-col-50 elementor-top-column elementor-element elementor-element-f170610\" data-id=\"f170610\" data-element_type=\"column\" data-e-type=\"column\">\n\t\t\t<div class=\"elementor-widget-wrap elementor-element-populated\">\n\t\t\t\t\t\t<div class=\"elementor-element elementor-element-1538754 elementor-widget elementor-widget-image\" data-id=\"1538754\" data-element_type=\"widget\" data-e-type=\"widget\" data-widget_type=\"image.default\">\n\t\t\t\t<div class=\"elementor-widget-container\">\n\t\t\t\t\t\t\t\t\t\t\t\t\t\t\t<img fetchpriority=\"high\" decoding=\"async\" width=\"1024\" height=\"768\" src=\"https:\/\/www.ebroresilience.com\/wp-content\/uploads\/2025\/10\/participacion-1024x768.jpeg\" class=\"attachment-large size-large wp-image-15256\" alt=\"Jornada an\u00e1lisis de las medidas puestas en marcha entre Milagro y Alfaro Ebro Resilience\" srcset=\"https:\/\/www.ebroresilience.com\/wp-content\/uploads\/2025\/10\/participacion-1024x768.jpeg 1024w, https:\/\/www.ebroresilience.com\/wp-content\/uploads\/2025\/10\/participacion-300x225.jpeg 300w, https:\/\/www.ebroresilience.com\/wp-content\/uploads\/2025\/10\/participacion-768x576.jpeg 768w, https:\/\/www.ebroresilience.com\/wp-content\/uploads\/2025\/10\/participacion-1536x1152.jpeg 1536w, https:\/\/www.ebroresilience.com\/wp-content\/uploads\/2025\/10\/participacion-100x75.jpeg 100w, https:\/\/www.ebroresilience.com\/wp-content\/uploads\/2025\/10\/participacion-960x720.jpeg 960w, https:\/\/www.ebroresilience.com\/wp-content\/uploads\/2025\/10\/participacion-480x360.jpeg 480w, https:\/\/www.ebroresilience.com\/wp-content\/uploads\/2025\/10\/participacion.jpeg 1600w\" sizes=\"(max-width:767px) 480px, (max-width:1024px) 100vw, 1024px\" \/>\t\t\t\t\t\t\t\t\t\t\t\t\t\t\t<\/div>\n\t\t\t\t<\/div>\n\t\t\t\t\t<\/div>\n\t\t<\/div>\n\t\t\t\t<div class=\"elementor-column elementor-col-50 elementor-top-column elementor-element elementor-element-65ab4cc\" data-id=\"65ab4cc\" data-element_type=\"column\" data-e-type=\"column\">\n\t\t\t<div class=\"elementor-widget-wrap elementor-element-populated\">\n\t\t\t\t\t\t<div class=\"elementor-element elementor-element-83792b4 elementor-widget elementor-widget-image\" data-id=\"83792b4\" data-element_type=\"widget\" data-e-type=\"widget\" data-widget_type=\"image.default\">\n\t\t\t\t<div class=\"elementor-widget-container\">\n\t\t\t\t\t\t\t\t\t\t\t\t\t\t\t<img decoding=\"async\" width=\"1024\" height=\"682\" src=\"https:\/\/www.ebroresilience.com\/wp-content\/uploads\/2025\/10\/Diseno-sin-titulo-2-1024x682.png\" class=\"attachment-large size-large wp-image-15258\" alt=\"Conference to analyze the measures implemented between Milagro and Alfaro Ebro Resilience\" srcset=\"https:\/\/www.ebroresilience.com\/wp-content\/uploads\/2025\/10\/Diseno-sin-titulo-2-1024x682.png 1024w, https:\/\/www.ebroresilience.com\/wp-content\/uploads\/2025\/10\/Diseno-sin-titulo-2-300x200.png 300w, https:\/\/www.ebroresilience.com\/wp-content\/uploads\/2025\/10\/Diseno-sin-titulo-2-768x512.png 768w, https:\/\/www.ebroresilience.com\/wp-content\/uploads\/2025\/10\/Diseno-sin-titulo-2-1536x1024.png 1536w, https:\/\/www.ebroresilience.com\/wp-content\/uploads\/2025\/10\/Diseno-sin-titulo-2-113x75.png 113w, https:\/\/www.ebroresilience.com\/wp-content\/uploads\/2025\/10\/Diseno-sin-titulo-2-480x320.png 480w, https:\/\/www.ebroresilience.com\/wp-content\/uploads\/2025\/10\/Diseno-sin-titulo-2.png 1772w\" sizes=\"(max-width:767px) 480px, (max-width:1024px) 100vw, 1024px\" \/>\t\t\t\t\t\t\t\t\t\t\t\t\t\t\t<\/div>\n\t\t\t\t<\/div>\n\t\t\t\t\t<\/div>\n\t\t<\/div>\n\t\t\t\t\t<\/div>\n\t\t<\/section>\n\t\t\t\t<section class=\"elementor-section elementor-top-section elementor-element elementor-element-72a3785 elementor-section-boxed elementor-section-height-default elementor-section-height-default\" data-id=\"72a3785\" data-element_type=\"section\" data-e-type=\"section\">\n\t\t\t\t\t\t<div class=\"elementor-container elementor-column-gap-default\">\n\t\t\t\t\t<div class=\"elementor-column elementor-col-100 elementor-top-column elementor-element elementor-element-5224e2e\" data-id=\"5224e2e\" data-element_type=\"column\" data-e-type=\"column\">\n\t\t\t<div class=\"elementor-widget-wrap elementor-element-populated\">\n\t\t\t\t\t\t<div class=\"elementor-element elementor-element-73092bc elementor-widget elementor-widget-text-editor\" data-id=\"73092bc\" data-element_type=\"widget\" data-e-type=\"widget\" data-widget_type=\"text-editor.default\">\n\t\t\t\t<div class=\"elementor-widget-container\">\n\t\t\t\t\t\t\t\t\t<p><strong>Exhibition of performances<\/strong><\/p><p>The Ebro Resilience Strategy aims to reduce flood damage in the middle stretch of the Ebro River (between Logro\u00f1o and La Zaida) and in the lower reaches of its tributaries. The intervention area that includes the Milagro-Alfaro section is called the &#8220;Combined Actions Section&#8221; and consists of a series of natural water retention measures to adapt the section to the flood risk, thus reducing the impact. <\/p><p>These interventions are conceived jointly, generating local benefits, but also, and above all, a positive impact on the entire stretch in terms of flood risk reduction.<\/p><p>This section extends from Milagro to Castej\u00f3n (Navarra) and includes interventions already carried out through the Strategy (Ortigoso site in Milagro, La Nava site and El Estajao meander in Alfaro); actions carried out through the LIFE Ebro Resilience P1 Project, with participation of up to 55% of the European Union financial instrument (meander of La Roza and Soto de Alfaro, in Alfaro); and actions also planned through this LIFE project (adaptation of the meander of El Se\u00f1or\u00edo, in Castej\u00f3n).<\/p>\t\t\t\t\t\t\t\t<\/div>\n\t\t\t\t<\/div>\n\t\t\t\t\t<\/div>\n\t\t<\/div>\n\t\t\t\t\t<\/div>\n\t\t<\/section>\n\t\t\t\t<section class=\"elementor-section elementor-top-section elementor-element elementor-element-dbc92ac elementor-section-boxed elementor-section-height-default elementor-section-height-default\" data-id=\"dbc92ac\" data-element_type=\"section\" data-e-type=\"section\">\n\t\t\t\t\t\t<div class=\"elementor-container elementor-column-gap-default\">\n\t\t\t\t\t<div class=\"elementor-column elementor-col-100 elementor-top-column elementor-element elementor-element-32fc906\" data-id=\"32fc906\" data-element_type=\"column\" data-e-type=\"column\">\n\t\t\t<div class=\"elementor-widget-wrap elementor-element-populated\">\n\t\t\t\t\t\t<div class=\"elementor-element elementor-element-eb0305b elementor-widget elementor-widget-image\" data-id=\"eb0305b\" data-element_type=\"widget\" data-e-type=\"widget\" data-widget_type=\"image.default\">\n\t\t\t\t<div class=\"elementor-widget-container\">\n\t\t\t\t\t\t\t\t\t\t\t\t<figure class=\"wp-caption\">\n\t\t\t\t\t\t\t\t\t\t<img decoding=\"async\" width=\"768\" height=\"432\" src=\"https:\/\/www.ebroresilience.com\/wp-content\/uploads\/2024\/01\/TRAMO-COMBINADO-DE-ACTUACIONES-PARA-REDES-SOCIALES-768x432.png\" class=\"attachment-medium_large size-medium_large wp-image-9405\" alt=\"Plano del tramo combinado de actuaciones del Proyecto LIFE Ebro Resilience P1 entre Alfaro (La Rioja) y Castej\u00f3n (Navarra). Sucesi\u00f3n de medidas naturales de evacuaci\u00f3n de agua.\" srcset=\"https:\/\/www.ebroresilience.com\/wp-content\/uploads\/2024\/01\/TRAMO-COMBINADO-DE-ACTUACIONES-PARA-REDES-SOCIALES-768x432.png 768w, https:\/\/www.ebroresilience.com\/wp-content\/uploads\/2024\/01\/TRAMO-COMBINADO-DE-ACTUACIONES-PARA-REDES-SOCIALES-300x169.png 300w, https:\/\/www.ebroresilience.com\/wp-content\/uploads\/2024\/01\/TRAMO-COMBINADO-DE-ACTUACIONES-PARA-REDES-SOCIALES-1024x576.png 1024w, https:\/\/www.ebroresilience.com\/wp-content\/uploads\/2024\/01\/TRAMO-COMBINADO-DE-ACTUACIONES-PARA-REDES-SOCIALES-260x146.png 260w, https:\/\/www.ebroresilience.com\/wp-content\/uploads\/2024\/01\/TRAMO-COMBINADO-DE-ACTUACIONES-PARA-REDES-SOCIALES-50x28.png 50w, https:\/\/www.ebroresilience.com\/wp-content\/uploads\/2024\/01\/TRAMO-COMBINADO-DE-ACTUACIONES-PARA-REDES-SOCIALES-133x75.png 133w, https:\/\/www.ebroresilience.com\/wp-content\/uploads\/2024\/01\/TRAMO-COMBINADO-DE-ACTUACIONES-PARA-REDES-SOCIALES.png 1270w\" sizes=\"(max-width:767px) 480px, (max-width:768px) 100vw, 768px\" \/>\t\t\t\t\t\t\t\t\t\t\t<figcaption class=\"widget-image-caption wp-caption-text\">El tramo combinado de actuaci\u00f3n del Proyecto LIFE con intervenciones entre Alfaro (La Rioja) y Castej\u00f3n (Navarra)<\/figcaption>\n\t\t\t\t\t\t\t\t\t\t<\/figure>\n\t\t\t\t\t\t\t\t\t<\/div>\n\t\t\t\t<\/div>\n\t\t\t\t\t<\/div>\n\t\t<\/div>\n\t\t\t\t\t<\/div>\n\t\t<\/section>\n\t\t\t\t<section class=\"elementor-section elementor-top-section elementor-element elementor-element-d982309 elementor-section-boxed elementor-section-height-default elementor-section-height-default\" data-id=\"d982309\" data-element_type=\"section\" data-e-type=\"section\">\n\t\t\t\t\t\t<div class=\"elementor-container elementor-column-gap-default\">\n\t\t\t\t\t<div class=\"elementor-column elementor-col-100 elementor-top-column elementor-element elementor-element-f5cff4f\" data-id=\"f5cff4f\" data-element_type=\"column\" data-e-type=\"column\">\n\t\t\t<div class=\"elementor-widget-wrap elementor-element-populated\">\n\t\t\t\t\t\t<div class=\"elementor-element elementor-element-abd42cf elementor-widget elementor-widget-video\" data-id=\"abd42cf\" data-element_type=\"widget\" data-e-type=\"widget\" data-settings=\"{&quot;youtube_url&quot;:&quot;https:\\\/\\\/www.youtube.com\\\/watch?v=aSLGsZ2ImoY&amp;t=6s&quot;,&quot;video_type&quot;:&quot;youtube&quot;,&quot;controls&quot;:&quot;yes&quot;}\" data-widget_type=\"video.default\">\n\t\t\t\t<div class=\"elementor-widget-container\">\n\t\t\t\t\t\t\t<div class=\"elementor-wrapper elementor-open-inline\">\n\t\t\t<div class=\"elementor-video\"><\/div>\t\t<\/div>\n\t\t\t\t\t\t<\/div>\n\t\t\t\t<\/div>\n\t\t\t\t\t<\/div>\n\t\t<\/div>\n\t\t\t\t\t<\/div>\n\t\t<\/section>\n\t\t\t\t<section class=\"elementor-section elementor-top-section elementor-element elementor-element-df965ae elementor-section-boxed elementor-section-height-default elementor-section-height-default\" data-id=\"df965ae\" data-element_type=\"section\" data-e-type=\"section\">\n\t\t\t\t\t\t<div class=\"elementor-container elementor-column-gap-default\">\n\t\t\t\t\t<div class=\"elementor-column elementor-col-100 elementor-top-column elementor-element elementor-element-842289e\" data-id=\"842289e\" data-element_type=\"column\" data-e-type=\"column\">\n\t\t\t<div class=\"elementor-widget-wrap elementor-element-populated\">\n\t\t\t\t\t\t<div class=\"elementor-element elementor-element-0dfadf7 elementor-widget elementor-widget-text-editor\" data-id=\"0dfadf7\" data-element_type=\"widget\" data-e-type=\"widget\" data-widget_type=\"text-editor.default\">\n\t\t\t\t<div class=\"elementor-widget-container\">\n\t\t\t\t\t\t\t\t\t<p><strong>Benefits<\/strong><\/p><p>In the absence of a longer term analysis, with data from a greater number of flood episodes, the comparison between the studies prior to the actions and the real effect of the flood episode of the Ebro River in February 2024 (with works already executed) concludes that the interventions are meeting their objectives in terms of adaptation and flood risk reduction.<\/p><p>In the presentation on the hydrological aspects, presented by the Ebro Hydrographic Confederation, maps of each of the intervened areas were shown with the actual situation reached (water level during the maximum flows of that episode in 2024), compared with the hydrological modeling carried out before the works by means of computer programs. In all cases, and also for the section as a whole, the expected benefits have been achieved or even more favorable flood situations than those initially estimated. <\/p><p>The positive effect on the section is expected to increase with the execution of the second phase of the works in El Ortigoso (Milagro) and with the intervention for the recovery of the river space in the meander of El Se\u00f1or\u00edo, in Castej\u00f3n (Navarra).<\/p>\t\t\t\t\t\t\t\t<\/div>\n\t\t\t\t<\/div>\n\t\t\t\t\t<\/div>\n\t\t<\/div>\n\t\t\t\t\t<\/div>\n\t\t<\/section>\n\t\t\t\t<section class=\"elementor-section elementor-top-section elementor-element elementor-element-54ace95 elementor-section-boxed elementor-section-height-default elementor-section-height-default\" data-id=\"54ace95\" data-element_type=\"section\" data-e-type=\"section\">\n\t\t\t\t\t\t<div class=\"elementor-container elementor-column-gap-default\">\n\t\t\t\t\t<div class=\"elementor-column elementor-col-100 elementor-top-column elementor-element elementor-element-690af92\" data-id=\"690af92\" data-element_type=\"column\" data-e-type=\"column\">\n\t\t\t<div class=\"elementor-widget-wrap elementor-element-populated\">\n\t\t\t\t\t\t<div class=\"elementor-element elementor-element-a3df1b2 elementor-widget elementor-widget-image\" data-id=\"a3df1b2\" data-element_type=\"widget\" data-e-type=\"widget\" data-widget_type=\"image.default\">\n\t\t\t\t<div class=\"elementor-widget-container\">\n\t\t\t\t\t\t\t\t\t\t\t\t\t\t\t<img loading=\"lazy\" decoding=\"async\" width=\"768\" height=\"576\" src=\"https:\/\/www.ebroresilience.com\/wp-content\/uploads\/2025\/10\/general-sala-2-768x576.jpeg\" class=\"attachment-medium_large size-medium_large wp-image-15262\" alt=\"Exposici\u00f3n de datos hidrol\u00f3gicos Jornada an\u00e1lisis de las medidas puestas en marcha entre Milagro y Alfaro Ebro Resilience\" srcset=\"https:\/\/www.ebroresilience.com\/wp-content\/uploads\/2025\/10\/general-sala-2-768x576.jpeg 768w, https:\/\/www.ebroresilience.com\/wp-content\/uploads\/2025\/10\/general-sala-2-300x225.jpeg 300w, https:\/\/www.ebroresilience.com\/wp-content\/uploads\/2025\/10\/general-sala-2-1024x768.jpeg 1024w, https:\/\/www.ebroresilience.com\/wp-content\/uploads\/2025\/10\/general-sala-2-1536x1152.jpeg 1536w, https:\/\/www.ebroresilience.com\/wp-content\/uploads\/2025\/10\/general-sala-2-100x75.jpeg 100w, https:\/\/www.ebroresilience.com\/wp-content\/uploads\/2025\/10\/general-sala-2-960x720.jpeg 960w, https:\/\/www.ebroresilience.com\/wp-content\/uploads\/2025\/10\/general-sala-2-480x360.jpeg 480w, https:\/\/www.ebroresilience.com\/wp-content\/uploads\/2025\/10\/general-sala-2.jpeg 1600w\" sizes=\"(max-width:767px) 480px, (max-width:768px) 100vw, 768px\" \/>\t\t\t\t\t\t\t\t\t\t\t\t\t\t\t<\/div>\n\t\t\t\t<\/div>\n\t\t\t\t\t<\/div>\n\t\t<\/div>\n\t\t\t\t\t<\/div>\n\t\t<\/section>\n\t\t\t\t<section class=\"elementor-section elementor-top-section elementor-element elementor-element-210e139 elementor-section-boxed elementor-section-height-default elementor-section-height-default\" data-id=\"210e139\" data-element_type=\"section\" data-e-type=\"section\">\n\t\t\t\t\t\t<div class=\"elementor-container elementor-column-gap-default\">\n\t\t\t\t\t<div class=\"elementor-column elementor-col-100 elementor-top-column elementor-element elementor-element-590ab97\" data-id=\"590ab97\" data-element_type=\"column\" data-e-type=\"column\">\n\t\t\t<div class=\"elementor-widget-wrap elementor-element-populated\">\n\t\t\t\t\t\t<div class=\"elementor-element elementor-element-0b8c85a elementor-widget elementor-widget-text-editor\" data-id=\"0b8c85a\" data-element_type=\"widget\" data-e-type=\"widget\" data-widget_type=\"text-editor.default\">\n\t\t\t\t<div class=\"elementor-widget-container\">\n\t\t\t\t\t\t\t\t\t<p>As for the benefits of environmental restoration, presented by the Government of La Rioja, the value of the recovery of nearly 100 hectares as river space in all the areas intervened was highlighted. Although the technical evaluation can be carried out with greater precision as the areas reconnected to the riverbank copses are developed, the presence of the European mink, one of the most endangered mammals, has already been verified in some of the recovered areas. <\/p><p>Another highlight was the coordinated work between the Administrations, which collaborate closely to make these interventions a reality, as well as the support and involvement of the City Councils, exemplified in this session by the Consistory of Alfaro.<\/p><p>The Ebro Resilience Strategy aims to be a framework for collaboration between the different Administrations and other actors, to work in a supportive and coordinated manner in the management of flood risk in the middle stretch of the Ebro River. It is part of the subprogram of the Flood Risk Management Plan of the Ebro River Basin District, and is made up of the Ministry for Ecological Transition and the Demographic Challenge, the Ebro River Basin Authority and the Autonomous Communities of La Rioja, Arag\u00f3n and Navarra. <\/p>\t\t\t\t\t\t\t\t<\/div>\n\t\t\t\t<\/div>\n\t\t\t\t\t<\/div>\n\t\t<\/div>\n\t\t\t\t\t<\/div>\n\t\t<\/section>\n\t\t\t\t<section class=\"elementor-section elementor-top-section elementor-element elementor-element-28477bc elementor-section-boxed elementor-section-height-default elementor-section-height-default\" data-id=\"28477bc\" data-element_type=\"section\" data-e-type=\"section\">\n\t\t\t\t\t\t<div class=\"elementor-container elementor-column-gap-default\">\n\t\t\t\t\t<div class=\"elementor-column elementor-col-100 elementor-top-column elementor-element elementor-element-4a420b8\" data-id=\"4a420b8\" data-element_type=\"column\" data-e-type=\"column\">\n\t\t\t<div class=\"elementor-widget-wrap elementor-element-populated\">\n\t\t\t\t\t\t<div class=\"elementor-element elementor-element-c8f68ef elementor-widget elementor-widget-image\" data-id=\"c8f68ef\" data-element_type=\"widget\" data-e-type=\"widget\" data-widget_type=\"image.default\">\n\t\t\t\t<div class=\"elementor-widget-container\">\n\t\t\t\t\t\t\t\t\t\t\t\t\t\t\t<img loading=\"lazy\" decoding=\"async\" width=\"768\" height=\"576\" src=\"https:\/\/www.ebroresilience.com\/wp-content\/uploads\/2025\/10\/WhatsApp-Image-2025-10-30-at-18.56.29-768x576.jpeg\" class=\"attachment-medium_large size-medium_large wp-image-15264\" alt=\"Exposici\u00f3n de datos restauraci\u00f3n ambiental. Jornada an\u00e1lisis de las medidas puestas en marcha entre Milagro y Alfaro Ebro Resilience\" srcset=\"https:\/\/www.ebroresilience.com\/wp-content\/uploads\/2025\/10\/WhatsApp-Image-2025-10-30-at-18.56.29-768x576.jpeg 768w, https:\/\/www.ebroresilience.com\/wp-content\/uploads\/2025\/10\/WhatsApp-Image-2025-10-30-at-18.56.29-300x225.jpeg 300w, https:\/\/www.ebroresilience.com\/wp-content\/uploads\/2025\/10\/WhatsApp-Image-2025-10-30-at-18.56.29-1024x768.jpeg 1024w, https:\/\/www.ebroresilience.com\/wp-content\/uploads\/2025\/10\/WhatsApp-Image-2025-10-30-at-18.56.29-1536x1152.jpeg 1536w, https:\/\/www.ebroresilience.com\/wp-content\/uploads\/2025\/10\/WhatsApp-Image-2025-10-30-at-18.56.29-100x75.jpeg 100w, https:\/\/www.ebroresilience.com\/wp-content\/uploads\/2025\/10\/WhatsApp-Image-2025-10-30-at-18.56.29-960x720.jpeg 960w, https:\/\/www.ebroresilience.com\/wp-content\/uploads\/2025\/10\/WhatsApp-Image-2025-10-30-at-18.56.29-480x360.jpeg 480w, https:\/\/www.ebroresilience.com\/wp-content\/uploads\/2025\/10\/WhatsApp-Image-2025-10-30-at-18.56.29.jpeg 1600w\" sizes=\"(max-width:767px) 480px, (max-width:768px) 100vw, 768px\" \/>\t\t\t\t\t\t\t\t\t\t\t\t\t\t\t<\/div>\n\t\t\t\t<\/div>\n\t\t\t\t\t<\/div>\n\t\t<\/div>\n\t\t\t\t\t<\/div>\n\t\t<\/section>\n\t\t\t\t<section class=\"elementor-section elementor-top-section elementor-element elementor-element-7bc6054 elementor-section-boxed elementor-section-height-default elementor-section-height-default\" data-id=\"7bc6054\" data-element_type=\"section\" data-e-type=\"section\">\n\t\t\t\t\t\t<div class=\"elementor-container elementor-column-gap-default\">\n\t\t\t\t\t<div class=\"elementor-column elementor-col-100 elementor-top-column elementor-element elementor-element-845201b\" data-id=\"845201b\" data-element_type=\"column\" data-e-type=\"column\">\n\t\t\t<div class=\"elementor-widget-wrap elementor-element-populated\">\n\t\t\t\t\t\t<div class=\"elementor-element elementor-element-82f0755 elementor-widget elementor-widget-text-editor\" data-id=\"82f0755\" data-element_type=\"widget\" data-e-type=\"widget\" data-widget_type=\"text-editor.default\">\n\t\t\t\t<div class=\"elementor-widget-container\">\n\t\t\t\t\t\t\t\t\t<p><strong>Participation<\/strong><\/p><p>The second and most extensive part of the session was dedicated to the analysis with the attendees. After resolving doubts and queries on specific aspects, an evaluation was made of the knowledge of the interventions and the perception of their effects.<br>The assessment of the works was positive, as was the perception of their benefits in the event of floods. <\/p><p>The participants expressed the need to continue working to disseminate information on these projects to the population and to support interventions that bring citizens closer to the river, so that it becomes part of their free time and daily life.<\/p>\t\t\t\t\t\t\t\t<\/div>\n\t\t\t\t<\/div>\n\t\t\t\t\t<\/div>\n\t\t<\/div>\n\t\t\t\t\t<\/div>\n\t\t<\/section>\n\t\t\t\t<section class=\"elementor-section elementor-top-section elementor-element elementor-element-aa9d0c1 elementor-section-boxed elementor-section-height-default elementor-section-height-default\" data-id=\"aa9d0c1\" data-element_type=\"section\" data-e-type=\"section\">\n\t\t\t\t\t\t<div class=\"elementor-container elementor-column-gap-default\">\n\t\t\t\t\t<div class=\"elementor-column elementor-col-100 elementor-top-column elementor-element elementor-element-2fc9c21\" data-id=\"2fc9c21\" data-element_type=\"column\" data-e-type=\"column\">\n\t\t\t<div class=\"elementor-widget-wrap elementor-element-populated\">\n\t\t\t\t\t\t<div class=\"elementor-element elementor-element-d9eece8 elementor-widget elementor-widget-image\" data-id=\"d9eece8\" data-element_type=\"widget\" data-e-type=\"widget\" data-widget_type=\"image.default\">\n\t\t\t\t<div class=\"elementor-widget-container\">\n\t\t\t\t\t\t\t\t\t\t\t\t\t\t\t<img loading=\"lazy\" decoding=\"async\" width=\"768\" height=\"432\" src=\"https:\/\/www.ebroresilience.com\/wp-content\/uploads\/2025\/10\/participacion-1-768x432.jpg\" class=\"attachment-medium_large size-medium_large wp-image-15271\" alt=\"\" srcset=\"https:\/\/www.ebroresilience.com\/wp-content\/uploads\/2025\/10\/participacion-1-768x432.jpg 768w, https:\/\/www.ebroresilience.com\/wp-content\/uploads\/2025\/10\/participacion-1-300x169.jpg 300w, https:\/\/www.ebroresilience.com\/wp-content\/uploads\/2025\/10\/participacion-1-1024x576.jpg 1024w, https:\/\/www.ebroresilience.com\/wp-content\/uploads\/2025\/10\/participacion-1-1536x865.jpg 1536w, https:\/\/www.ebroresilience.com\/wp-content\/uploads\/2025\/10\/participacion-1-2048x1153.jpg 2048w, https:\/\/www.ebroresilience.com\/wp-content\/uploads\/2025\/10\/participacion-1-133x75.jpg 133w, https:\/\/www.ebroresilience.com\/wp-content\/uploads\/2025\/10\/participacion-1-480x270.jpg 480w\" sizes=\"(max-width:767px) 480px, (max-width:768px) 100vw, 768px\" \/>\t\t\t\t\t\t\t\t\t\t\t\t\t\t\t<\/div>\n\t\t\t\t<\/div>\n\t\t\t\t\t<\/div>\n\t\t<\/div>\n\t\t\t\t\t<\/div>\n\t\t<\/section>\n\t\t\t\t<\/div>\n\t\t","protected":false},"excerpt":{"rendered":"<p>The Strategy organized a public session in the Cosistorio alfare\u00f1o to report on the status of the actions and to know the perception of the inhabitants of the section regarding the works and the risk of flooding.<\/p>\n","protected":false},"author":5,"featured_media":15276,"comment_status":"closed","ping_status":"closed","sticky":false,"template":"","format":"standard","meta":{"_acf_changed":false,"ngg_post_thumbnail":0,"footnotes":""},"categories":[369],"tags":[380,378,398,423,395,607],"class_list":["post-15284","post","type-post","status-publish","format-standard","has-post-thumbnail","hentry","category-news","tag-alfaro-en","tag-ebro-resilience-en","tag-flood","tag-miracle","tag-participation","tag-restauracion-en"],"acf":[],"publishpress_future_action":{"enabled":false,"date":"2026-05-07 03:07:29","action":"change-status","newStatus":"draft","terms":[],"taxonomy":"category","extraData":[]},"publishpress_future_workflow_manual_trigger":{"enabledWorkflows":[]},"_links":{"self":[{"href":"https:\/\/www.ebroresilience.com\/en\/wp-json\/wp\/v2\/posts\/15284","targetHints":{"allow":["GET"]}}],"collection":[{"href":"https:\/\/www.ebroresilience.com\/en\/wp-json\/wp\/v2\/posts"}],"about":[{"href":"https:\/\/www.ebroresilience.com\/en\/wp-json\/wp\/v2\/types\/post"}],"author":[{"embeddable":true,"href":"https:\/\/www.ebroresilience.com\/en\/wp-json\/wp\/v2\/users\/5"}],"replies":[{"embeddable":true,"href":"https:\/\/www.ebroresilience.com\/en\/wp-json\/wp\/v2\/comments?post=15284"}],"version-history":[{"count":1,"href":"https:\/\/www.ebroresilience.com\/en\/wp-json\/wp\/v2\/posts\/15284\/revisions"}],"predecessor-version":[{"id":15285,"href":"https:\/\/www.ebroresilience.com\/en\/wp-json\/wp\/v2\/posts\/15284\/revisions\/15285"}],"wp:featuredmedia":[{"embeddable":true,"href":"https:\/\/www.ebroresilience.com\/en\/wp-json\/wp\/v2\/media\/15276"}],"wp:attachment":[{"href":"https:\/\/www.ebroresilience.com\/en\/wp-json\/wp\/v2\/media?parent=15284"}],"wp:term":[{"taxonomy":"category","embeddable":true,"href":"https:\/\/www.ebroresilience.com\/en\/wp-json\/wp\/v2\/categories?post=15284"},{"taxonomy":"post_tag","embeddable":true,"href":"https:\/\/www.ebroresilience.com\/en\/wp-json\/wp\/v2\/tags?post=15284"}],"curies":[{"name":"wp","href":"https:\/\/api.w.org\/{rel}","templated":true}]}}