{"id":15168,"date":"2025-10-21T12:27:29","date_gmt":"2025-10-21T10:27:29","guid":{"rendered":"https:\/\/www.ebroresilience.com\/public-conference-how-are-the-first-ebro-resilience-actions-between-milagro-and-alfaro-working-out\/"},"modified":"2025-10-21T14:41:44","modified_gmt":"2025-10-21T12:41:44","slug":"public-conference-how-are-the-first-ebro-resilience-actions-between-milagro-and-alfaro-working-out","status":"publish","type":"post","link":"https:\/\/www.ebroresilience.com\/en\/public-conference-how-are-the-first-ebro-resilience-actions-between-milagro-and-alfaro-working-out\/","title":{"rendered":"Public conference How are the first Ebro Resilience actions between Milagro and Alfaro working out?"},"content":{"rendered":"\t\t<div data-elementor-type=\"wp-post\" data-elementor-id=\"15168\" class=\"elementor elementor-15168 elementor-15147\" data-elementor-post-type=\"post\">\n\t\t\t\t\t\t<section class=\"elementor-section elementor-top-section elementor-element elementor-element-78baf92 elementor-section-boxed elementor-section-height-default elementor-section-height-default\" data-id=\"78baf92\" data-element_type=\"section\" data-e-type=\"section\">\n\t\t\t\t\t\t<div class=\"elementor-container elementor-column-gap-default\">\n\t\t\t\t\t<div class=\"elementor-column elementor-col-100 elementor-top-column elementor-element elementor-element-242f20e\" data-id=\"242f20e\" data-element_type=\"column\" data-e-type=\"column\">\n\t\t\t<div class=\"elementor-widget-wrap elementor-element-populated\">\n\t\t\t\t\t\t<div class=\"elementor-element elementor-element-8deb5b0 elementor-widget elementor-widget-text-editor\" data-id=\"8deb5b0\" data-element_type=\"widget\" data-e-type=\"widget\" data-widget_type=\"text-editor.default\">\n\t\t\t\t<div class=\"elementor-widget-container\">\n\t\t\t\t\t\t\t\t\t<p>To analyze together with the population, with the neighbors of the towns along the Ebro. This is the aim of the conference &#8220;How are the first Ebro Resilience actions between Milagro (Navarra) and Alfaro (La Rioja) working?&#8221; organized by the Strategy next Thursday,<strong> October 30<\/strong> in the Plenary Hall of the <strong>Alfaro Town Hall between 17:30 and 20:00 hours.<\/strong> <\/p><p>This action, a new commitment to public participation and exchange with the territory <strong>, will include an exhibition on the actions<\/strong> carried out and planned and on the results, but above all it emphasizes the resolution of doubts and the <strong>space for dialogue<\/strong> on the social perception of the interventions, the expectations of the population and the experiences of the attendees with respect to the actions.<\/p>\t\t\t\t\t\t\t\t<\/div>\n\t\t\t\t<\/div>\n\t\t\t\t\t<\/div>\n\t\t<\/div>\n\t\t\t\t\t<\/div>\n\t\t<\/section>\n\t\t\t\t<section class=\"elementor-section elementor-top-section elementor-element elementor-element-7df8f58 elementor-section-boxed elementor-section-height-default elementor-section-height-default\" data-id=\"7df8f58\" data-element_type=\"section\" data-e-type=\"section\">\n\t\t\t\t\t\t<div class=\"elementor-container elementor-column-gap-default\">\n\t\t\t\t\t<div class=\"elementor-column elementor-col-100 elementor-top-column elementor-element elementor-element-8f1af3f\" data-id=\"8f1af3f\" data-element_type=\"column\" data-e-type=\"column\">\n\t\t\t<div class=\"elementor-widget-wrap elementor-element-populated\">\n\t\t\t\t\t\t<div class=\"elementor-element elementor-element-4f332c1 elementor-align-center elementor-widget elementor-widget-button\" data-id=\"4f332c1\" data-element_type=\"widget\" data-e-type=\"widget\" data-widget_type=\"button.default\">\n\t\t\t\t<div class=\"elementor-widget-container\">\n\t\t\t\t\t\t\t\t\t<div class=\"elementor-button-wrapper\">\n\t\t\t\t\t<a class=\"elementor-button elementor-button-link elementor-size-sm\" href=\"https:\/\/www.ebroresilience.com\/actualidad\/jornada-divulgativa-actuaciones-tramo-milagro-alfaro\/\">\n\t\t\t\t\t\t<span class=\"elementor-button-content-wrapper\">\n\t\t\t\t\t\t\t\t\t<span class=\"elementor-button-text\">Program and registration<\/span>\n\t\t\t\t\t<\/span>\n\t\t\t\t\t<\/a>\n\t\t\t\t<\/div>\n\t\t\t\t\t\t\t\t<\/div>\n\t\t\t\t<\/div>\n\t\t\t\t\t<\/div>\n\t\t<\/div>\n\t\t\t\t\t<\/div>\n\t\t<\/section>\n\t\t\t\t<section class=\"elementor-section elementor-top-section elementor-element elementor-element-d8a60c0 elementor-section-boxed elementor-section-height-default elementor-section-height-default\" data-id=\"d8a60c0\" data-element_type=\"section\" data-e-type=\"section\">\n\t\t\t\t\t\t<div class=\"elementor-container elementor-column-gap-default\">\n\t\t\t\t\t<div class=\"elementor-column elementor-col-100 elementor-top-column elementor-element elementor-element-6cc1bf9\" data-id=\"6cc1bf9\" data-element_type=\"column\" data-e-type=\"column\">\n\t\t\t<div class=\"elementor-widget-wrap elementor-element-populated\">\n\t\t\t\t\t\t<div class=\"elementor-element elementor-element-62b80ae elementor-widget elementor-widget-spacer\" data-id=\"62b80ae\" data-element_type=\"widget\" data-e-type=\"widget\" data-widget_type=\"spacer.default\">\n\t\t\t\t<div class=\"elementor-widget-container\">\n\t\t\t\t\t\t\t<div class=\"elementor-spacer\">\n\t\t\t<div class=\"elementor-spacer-inner\"><\/div>\n\t\t<\/div>\n\t\t\t\t\t\t<\/div>\n\t\t\t\t<\/div>\n\t\t\t\t\t<\/div>\n\t\t<\/div>\n\t\t\t\t\t<\/div>\n\t\t<\/section>\n\t\t\t\t<section class=\"elementor-section elementor-top-section elementor-element elementor-element-9e75e34 elementor-section-boxed elementor-section-height-default elementor-section-height-default\" data-id=\"9e75e34\" data-element_type=\"section\" data-e-type=\"section\">\n\t\t\t\t\t\t<div class=\"elementor-container elementor-column-gap-default\">\n\t\t\t\t\t<div class=\"elementor-column elementor-col-100 elementor-top-column elementor-element elementor-element-a62a124\" data-id=\"a62a124\" data-element_type=\"column\" data-e-type=\"column\">\n\t\t\t<div class=\"elementor-widget-wrap elementor-element-populated\">\n\t\t\t\t\t\t<div class=\"elementor-element elementor-element-614689d elementor-widget elementor-widget-image\" data-id=\"614689d\" data-element_type=\"widget\" data-e-type=\"widget\" data-widget_type=\"image.default\">\n\t\t\t\t<div class=\"elementor-widget-container\">\n\t\t\t\t\t\t\t\t\t\t\t\t\t\t\t<img fetchpriority=\"high\" decoding=\"async\" width=\"768\" height=\"1097\" src=\"https:\/\/www.ebroresilience.com\/wp-content\/uploads\/2025\/10\/20251030_jornada-devolucion-resultados-tramo-0-768x1097.png\" class=\"attachment-medium_large size-medium_large wp-image-15139\" alt=\"\" srcset=\"https:\/\/www.ebroresilience.com\/wp-content\/uploads\/2025\/10\/20251030_jornada-devolucion-resultados-tramo-0-768x1097.png 768w, https:\/\/www.ebroresilience.com\/wp-content\/uploads\/2025\/10\/20251030_jornada-devolucion-resultados-tramo-0-210x300.png 210w, https:\/\/www.ebroresilience.com\/wp-content\/uploads\/2025\/10\/20251030_jornada-devolucion-resultados-tramo-0-717x1024.png 717w, https:\/\/www.ebroresilience.com\/wp-content\/uploads\/2025\/10\/20251030_jornada-devolucion-resultados-tramo-0-1075x1536.png 1075w, https:\/\/www.ebroresilience.com\/wp-content\/uploads\/2025\/10\/20251030_jornada-devolucion-resultados-tramo-0-1434x2048.png 1434w, https:\/\/www.ebroresilience.com\/wp-content\/uploads\/2025\/10\/20251030_jornada-devolucion-resultados-tramo-0-53x75.png 53w, https:\/\/www.ebroresilience.com\/wp-content\/uploads\/2025\/10\/20251030_jornada-devolucion-resultados-tramo-0-480x686.png 480w, https:\/\/www.ebroresilience.com\/wp-content\/uploads\/2025\/10\/20251030_jornada-devolucion-resultados-tramo-0-scaled.png 1792w\" sizes=\"(max-width:767px) 480px, (max-width:768px) 100vw, 768px\" \/>\t\t\t\t\t\t\t\t\t\t\t\t\t\t\t<\/div>\n\t\t\t\t<\/div>\n\t\t\t\t\t<\/div>\n\t\t<\/div>\n\t\t\t\t\t<\/div>\n\t\t<\/section>\n\t\t\t\t<section class=\"elementor-section elementor-top-section elementor-element elementor-element-936bf9e elementor-section-boxed elementor-section-height-default elementor-section-height-default\" data-id=\"936bf9e\" data-element_type=\"section\" data-e-type=\"section\">\n\t\t\t\t\t\t<div class=\"elementor-container elementor-column-gap-default\">\n\t\t\t\t\t<div class=\"elementor-column elementor-col-100 elementor-top-column elementor-element elementor-element-39d69ba\" data-id=\"39d69ba\" data-element_type=\"column\" data-e-type=\"column\">\n\t\t\t<div class=\"elementor-widget-wrap elementor-element-populated\">\n\t\t\t\t\t\t<div class=\"elementor-element elementor-element-a63562a elementor-widget elementor-widget-spacer\" data-id=\"a63562a\" data-element_type=\"widget\" data-e-type=\"widget\" data-widget_type=\"spacer.default\">\n\t\t\t\t<div class=\"elementor-widget-container\">\n\t\t\t\t\t\t\t<div class=\"elementor-spacer\">\n\t\t\t<div class=\"elementor-spacer-inner\"><\/div>\n\t\t<\/div>\n\t\t\t\t\t\t<\/div>\n\t\t\t\t<\/div>\n\t\t\t\t\t<\/div>\n\t\t<\/div>\n\t\t\t\t\t<\/div>\n\t\t<\/section>\n\t\t\t\t<section class=\"elementor-section elementor-top-section elementor-element elementor-element-dbcdccf elementor-section-boxed elementor-section-height-default elementor-section-height-default\" data-id=\"dbcdccf\" data-element_type=\"section\" data-e-type=\"section\">\n\t\t\t\t\t\t<div class=\"elementor-container elementor-column-gap-default\">\n\t\t\t\t\t<div class=\"elementor-column elementor-col-100 elementor-top-column elementor-element elementor-element-d7b9a9a\" data-id=\"d7b9a9a\" data-element_type=\"column\" data-e-type=\"column\">\n\t\t\t<div class=\"elementor-widget-wrap elementor-element-populated\">\n\t\t\t\t\t\t<div class=\"elementor-element elementor-element-48d5527 elementor-widget elementor-widget-text-editor\" data-id=\"48d5527\" data-element_type=\"widget\" data-e-type=\"widget\" data-widget_type=\"text-editor.default\">\n\t\t\t\t<div class=\"elementor-widget-container\">\n\t\t\t\t\t\t\t\t\t<p>The <a href=\"https:\/\/ebroresilience.com\/ebro-resilience\/la-estrategia\/\"><strong>Ebro Resilience Strategy<\/strong><\/a> aims to reduce flood damage in the middle stretch of the Ebro River (between Logro\u00f1o and La Zaida) and the lower stretches of its tributaries. Since 2020, detailed studies and simulations of different alternatives for flood risk mitigation in the most affected sections have been developed. <\/p><p>Following the studies, deliberative workshops are being held in the different sections, with stakeholders and the general public, on the alternatives and management of future uses in those areas where actions are proposed. Following the workshops, actions have begun to be implemented in different sections of the river. <\/p><p>The nearest riverside towns in this stretch of the Ebro River are Rinc\u00f3n de Soto and Alfaro (La Rioja) and Milagro, Valtierra, Cadre\u00edta and Castej\u00f3n (Navarra).  <\/p><p>The intervention area covered by the conference is called the <em>Combined Actions Section<\/em> within the Ebro Resilience Strategy <em>,<\/em> a series of <strong>natural water retention measures to adapt the section to the risk of flooding, thus reducing the effects. <\/strong> <\/p><p>The key to these actions is that they generate local benefits, but, in addition, they are considered to offer an overall benefit with respect to flood risk.<\/p>\t\t\t\t\t\t\t\t<\/div>\n\t\t\t\t<\/div>\n\t\t\t\t\t<\/div>\n\t\t<\/div>\n\t\t\t\t\t<\/div>\n\t\t<\/section>\n\t\t\t\t<section class=\"elementor-section elementor-top-section elementor-element elementor-element-61d4315 elementor-section-boxed elementor-section-height-default elementor-section-height-default\" data-id=\"61d4315\" data-element_type=\"section\" data-e-type=\"section\">\n\t\t\t\t\t\t<div class=\"elementor-container elementor-column-gap-default\">\n\t\t\t\t\t<div class=\"elementor-column elementor-col-100 elementor-top-column elementor-element elementor-element-7305275\" data-id=\"7305275\" data-element_type=\"column\" data-e-type=\"column\">\n\t\t\t<div class=\"elementor-widget-wrap elementor-element-populated\">\n\t\t\t\t\t\t<div class=\"elementor-element elementor-element-7127cb3 elementor-widget elementor-widget-spacer\" data-id=\"7127cb3\" data-element_type=\"widget\" data-e-type=\"widget\" data-widget_type=\"spacer.default\">\n\t\t\t\t<div class=\"elementor-widget-container\">\n\t\t\t\t\t\t\t<div class=\"elementor-spacer\">\n\t\t\t<div class=\"elementor-spacer-inner\"><\/div>\n\t\t<\/div>\n\t\t\t\t\t\t<\/div>\n\t\t\t\t<\/div>\n\t\t\t\t\t<\/div>\n\t\t<\/div>\n\t\t\t\t\t<\/div>\n\t\t<\/section>\n\t\t\t\t<section class=\"elementor-section elementor-top-section elementor-element elementor-element-8be465c elementor-section-boxed elementor-section-height-default elementor-section-height-default\" data-id=\"8be465c\" data-element_type=\"section\" data-e-type=\"section\">\n\t\t\t\t\t\t<div class=\"elementor-container elementor-column-gap-default\">\n\t\t\t\t\t<div class=\"elementor-column elementor-col-100 elementor-top-column elementor-element elementor-element-a93f5b4\" data-id=\"a93f5b4\" data-element_type=\"column\" data-e-type=\"column\">\n\t\t\t<div class=\"elementor-widget-wrap elementor-element-populated\">\n\t\t\t\t\t\t<div class=\"elementor-element elementor-element-6517bab elementor-widget elementor-widget-text-editor\" data-id=\"6517bab\" data-element_type=\"widget\" data-e-type=\"widget\" data-widget_type=\"text-editor.default\">\n\t\t\t\t<div class=\"elementor-widget-container\">\n\t\t\t\t\t\t\t\t\t<p><strong>What is the Combined Actions Tranche?<\/strong><\/p>\t\t\t\t\t\t\t\t<\/div>\n\t\t\t\t<\/div>\n\t\t\t\t\t<\/div>\n\t\t<\/div>\n\t\t\t\t\t<\/div>\n\t\t<\/section>\n\t\t\t\t<section class=\"elementor-section elementor-top-section elementor-element elementor-element-031501e elementor-section-boxed elementor-section-height-default elementor-section-height-default\" data-id=\"031501e\" data-element_type=\"section\" data-e-type=\"section\">\n\t\t\t\t\t\t<div class=\"elementor-container elementor-column-gap-default\">\n\t\t\t\t\t<div class=\"elementor-column elementor-col-100 elementor-top-column elementor-element elementor-element-d02adaf\" data-id=\"d02adaf\" data-element_type=\"column\" data-e-type=\"column\">\n\t\t\t<div class=\"elementor-widget-wrap elementor-element-populated\">\n\t\t\t\t\t\t<div class=\"elementor-element elementor-element-1520c23 elementor-widget elementor-widget-video\" data-id=\"1520c23\" data-element_type=\"widget\" data-e-type=\"widget\" data-settings=\"{&quot;youtube_url&quot;:&quot;https:\\\/\\\/www.youtube.com\\\/watch?v=aSLGsZ2ImoY&amp;t=6s&quot;,&quot;video_type&quot;:&quot;youtube&quot;,&quot;controls&quot;:&quot;yes&quot;}\" data-widget_type=\"video.default\">\n\t\t\t\t<div class=\"elementor-widget-container\">\n\t\t\t\t\t\t\t<div class=\"elementor-wrapper elementor-open-inline\">\n\t\t\t<div class=\"elementor-video\"><\/div>\t\t<\/div>\n\t\t\t\t\t\t<\/div>\n\t\t\t\t<\/div>\n\t\t\t\t\t<\/div>\n\t\t<\/div>\n\t\t\t\t\t<\/div>\n\t\t<\/section>\n\t\t\t\t<section class=\"elementor-section elementor-top-section elementor-element elementor-element-f97ca12 elementor-section-boxed elementor-section-height-default elementor-section-height-default\" data-id=\"f97ca12\" data-element_type=\"section\" data-e-type=\"section\">\n\t\t\t\t\t\t<div class=\"elementor-container elementor-column-gap-default\">\n\t\t\t\t\t<div class=\"elementor-column elementor-col-100 elementor-top-column elementor-element elementor-element-a3b78b4\" data-id=\"a3b78b4\" data-element_type=\"column\" data-e-type=\"column\">\n\t\t\t<div class=\"elementor-widget-wrap elementor-element-populated\">\n\t\t\t\t\t\t<div class=\"elementor-element elementor-element-30d9d71 elementor-widget elementor-widget-spacer\" data-id=\"30d9d71\" data-element_type=\"widget\" data-e-type=\"widget\" data-widget_type=\"spacer.default\">\n\t\t\t\t<div class=\"elementor-widget-container\">\n\t\t\t\t\t\t\t<div class=\"elementor-spacer\">\n\t\t\t<div class=\"elementor-spacer-inner\"><\/div>\n\t\t<\/div>\n\t\t\t\t\t\t<\/div>\n\t\t\t\t<\/div>\n\t\t\t\t\t<\/div>\n\t\t<\/div>\n\t\t\t\t\t<\/div>\n\t\t<\/section>\n\t\t\t\t<section class=\"elementor-section elementor-top-section elementor-element elementor-element-1bcb290 elementor-section-boxed elementor-section-height-default elementor-section-height-default\" data-id=\"1bcb290\" data-element_type=\"section\" data-e-type=\"section\">\n\t\t\t\t\t\t<div class=\"elementor-container elementor-column-gap-default\">\n\t\t\t\t\t<div class=\"elementor-column elementor-col-100 elementor-top-column elementor-element elementor-element-b7e587a\" data-id=\"b7e587a\" data-element_type=\"column\" data-e-type=\"column\">\n\t\t\t<div class=\"elementor-widget-wrap elementor-element-populated\">\n\t\t\t\t\t\t<div class=\"elementor-element elementor-element-8084701 elementor-widget elementor-widget-text-editor\" data-id=\"8084701\" data-element_type=\"widget\" data-e-type=\"widget\" data-widget_type=\"text-editor.default\">\n\t\t\t\t<div class=\"elementor-widget-container\">\n\t\t\t\t\t\t\t\t\t<p>This section extends from Milagro to Castej\u00f3n (Navarra), and includes interventions already carried out through the Strategy (Ortigoso site in Milagro, La Nava site and El Estajao meander, in Alfaro); actions already carried out through the LIFE Ebro Resilience P1 Project with participation of up to 55% of the European Union financial instrument (meander of La Roza and Soto de Alfaro, in Alfaro) and actions also planned through this LIFE project (adaptation of the meander of El Se\u00f1or\u00edo, in Castej\u00f3n).<\/p>\t\t\t\t\t\t\t\t<\/div>\n\t\t\t\t<\/div>\n\t\t\t\t\t<\/div>\n\t\t<\/div>\n\t\t\t\t\t<\/div>\n\t\t<\/section>\n\t\t\t\t<section class=\"elementor-section elementor-top-section elementor-element elementor-element-887dd2c elementor-section-boxed elementor-section-height-default elementor-section-height-default\" data-id=\"887dd2c\" data-element_type=\"section\" data-e-type=\"section\">\n\t\t\t\t\t\t<div class=\"elementor-container elementor-column-gap-default\">\n\t\t\t\t\t<div class=\"elementor-column elementor-col-100 elementor-top-column elementor-element elementor-element-76d5b78\" data-id=\"76d5b78\" data-element_type=\"column\" data-e-type=\"column\">\n\t\t\t<div class=\"elementor-widget-wrap elementor-element-populated\">\n\t\t\t\t\t\t<div class=\"elementor-element elementor-element-72e1705 elementor-widget elementor-widget-spacer\" data-id=\"72e1705\" data-element_type=\"widget\" data-e-type=\"widget\" data-widget_type=\"spacer.default\">\n\t\t\t\t<div class=\"elementor-widget-container\">\n\t\t\t\t\t\t\t<div class=\"elementor-spacer\">\n\t\t\t<div class=\"elementor-spacer-inner\"><\/div>\n\t\t<\/div>\n\t\t\t\t\t\t<\/div>\n\t\t\t\t<\/div>\n\t\t\t\t\t<\/div>\n\t\t<\/div>\n\t\t\t\t\t<\/div>\n\t\t<\/section>\n\t\t\t\t<section class=\"elementor-section elementor-top-section elementor-element elementor-element-477afc4 elementor-section-boxed elementor-section-height-default elementor-section-height-default\" data-id=\"477afc4\" data-element_type=\"section\" data-e-type=\"section\">\n\t\t\t\t\t\t<div class=\"elementor-container elementor-column-gap-default\">\n\t\t\t\t\t<div class=\"elementor-column elementor-col-100 elementor-top-column elementor-element elementor-element-f461a17\" data-id=\"f461a17\" data-element_type=\"column\" data-e-type=\"column\">\n\t\t\t<div class=\"elementor-widget-wrap elementor-element-populated\">\n\t\t\t\t\t\t<div class=\"elementor-element elementor-element-ba5cf3e elementor-widget elementor-widget-text-editor\" data-id=\"ba5cf3e\" data-element_type=\"widget\" data-e-type=\"widget\" data-widget_type=\"text-editor.default\">\n\t\t\t\t<div class=\"elementor-widget-container\">\n\t\t\t\t\t\t\t\t\t<p><strong>What is the Combined Actions Tranche?<\/strong><\/p>\t\t\t\t\t\t\t\t<\/div>\n\t\t\t\t<\/div>\n\t\t\t\t\t<\/div>\n\t\t<\/div>\n\t\t\t\t\t<\/div>\n\t\t<\/section>\n\t\t\t\t<section class=\"elementor-section elementor-top-section elementor-element elementor-element-967cc47 elementor-section-boxed elementor-section-height-default elementor-section-height-default\" data-id=\"967cc47\" data-element_type=\"section\" data-e-type=\"section\">\n\t\t\t\t\t\t<div class=\"elementor-container elementor-column-gap-default\">\n\t\t\t\t\t<div class=\"elementor-column elementor-col-100 elementor-top-column elementor-element elementor-element-e0f392d\" data-id=\"e0f392d\" data-element_type=\"column\" data-e-type=\"column\">\n\t\t\t<div class=\"elementor-widget-wrap elementor-element-populated\">\n\t\t\t\t\t\t<div class=\"elementor-element elementor-element-5f7cee1 elementor-widget elementor-widget-image\" data-id=\"5f7cee1\" data-element_type=\"widget\" data-e-type=\"widget\" data-widget_type=\"image.default\">\n\t\t\t\t<div class=\"elementor-widget-container\">\n\t\t\t\t\t\t\t\t\t\t\t\t\t\t\t\t<a href=\"https:\/\/view.genially.com\/659e7351af8d4b001407e1bd\/interactive-image-tramo-combinado\" target=\"_blank\">\n\t\t\t\t\t\t\t<img decoding=\"async\" width=\"1024\" height=\"570\" src=\"https:\/\/www.ebroresilience.com\/wp-content\/uploads\/2024\/01\/INFOGRAFIA-TRAMO-COMBINADO-1024x570.png\" class=\"attachment-large size-large wp-image-9526\" alt=\"\" srcset=\"https:\/\/www.ebroresilience.com\/wp-content\/uploads\/2024\/01\/INFOGRAFIA-TRAMO-COMBINADO-1024x570.png 1024w, https:\/\/www.ebroresilience.com\/wp-content\/uploads\/2024\/01\/INFOGRAFIA-TRAMO-COMBINADO-300x167.png 300w, https:\/\/www.ebroresilience.com\/wp-content\/uploads\/2024\/01\/INFOGRAFIA-TRAMO-COMBINADO-768x427.png 768w, https:\/\/www.ebroresilience.com\/wp-content\/uploads\/2024\/01\/INFOGRAFIA-TRAMO-COMBINADO-260x146.png 260w, https:\/\/www.ebroresilience.com\/wp-content\/uploads\/2024\/01\/INFOGRAFIA-TRAMO-COMBINADO-50x28.png 50w, https:\/\/www.ebroresilience.com\/wp-content\/uploads\/2024\/01\/INFOGRAFIA-TRAMO-COMBINADO-135x75.png 135w, https:\/\/www.ebroresilience.com\/wp-content\/uploads\/2024\/01\/INFOGRAFIA-TRAMO-COMBINADO.png 1260w\" sizes=\"(max-width:767px) 480px, (max-width:1024px) 100vw, 1024px\" \/>\t\t\t\t\t\t\t\t<\/a>\n\t\t\t\t\t\t\t\t\t\t\t\t\t\t\t<\/div>\n\t\t\t\t<\/div>\n\t\t\t\t\t<\/div>\n\t\t<\/div>\n\t\t\t\t\t<\/div>\n\t\t<\/section>\n\t\t\t\t<section class=\"elementor-section elementor-top-section elementor-element elementor-element-0e2e3c5 elementor-section-boxed elementor-section-height-default elementor-section-height-default\" data-id=\"0e2e3c5\" data-element_type=\"section\" data-e-type=\"section\">\n\t\t\t\t\t\t<div class=\"elementor-container elementor-column-gap-default\">\n\t\t\t\t\t<div class=\"elementor-column elementor-col-100 elementor-top-column elementor-element elementor-element-c413530\" data-id=\"c413530\" data-element_type=\"column\" data-e-type=\"column\">\n\t\t\t<div class=\"elementor-widget-wrap elementor-element-populated\">\n\t\t\t\t\t\t<div class=\"elementor-element elementor-element-22be2b4 elementor-widget elementor-widget-spacer\" data-id=\"22be2b4\" data-element_type=\"widget\" data-e-type=\"widget\" data-widget_type=\"spacer.default\">\n\t\t\t\t<div class=\"elementor-widget-container\">\n\t\t\t\t\t\t\t<div class=\"elementor-spacer\">\n\t\t\t<div class=\"elementor-spacer-inner\"><\/div>\n\t\t<\/div>\n\t\t\t\t\t\t<\/div>\n\t\t\t\t<\/div>\n\t\t\t\t\t<\/div>\n\t\t<\/div>\n\t\t\t\t\t<\/div>\n\t\t<\/section>\n\t\t\t\t<section class=\"elementor-section elementor-top-section elementor-element elementor-element-fe2f440 elementor-section-boxed elementor-section-height-default elementor-section-height-default\" data-id=\"fe2f440\" data-element_type=\"section\" data-e-type=\"section\">\n\t\t\t\t\t\t<div class=\"elementor-container elementor-column-gap-default\">\n\t\t\t\t\t<div class=\"elementor-column elementor-col-20 elementor-top-column elementor-element elementor-element-dec2076\" data-id=\"dec2076\" data-element_type=\"column\" data-e-type=\"column\">\n\t\t\t<div class=\"elementor-widget-wrap elementor-element-populated\">\n\t\t\t\t\t\t<div class=\"elementor-element elementor-element-433e4bd elementor-widget elementor-widget-image\" data-id=\"433e4bd\" data-element_type=\"widget\" data-e-type=\"widget\" data-widget_type=\"image.default\">\n\t\t\t\t<div class=\"elementor-widget-container\">\n\t\t\t\t\t\t\t\t\t\t\t\t<figure class=\"wp-caption\">\n\t\t\t\t\t\t\t\t\t\t<img decoding=\"async\" width=\"1024\" height=\"767\" src=\"https:\/\/www.ebroresilience.com\/wp-content\/uploads\/2024\/03\/ORTIGOSO_20240227101248_0067_D-1024x767.jpg\" class=\"attachment-large size-large wp-image-10184\" alt=\"Paraje de El Ortigoso, en Milagro, Navarra\" srcset=\"https:\/\/www.ebroresilience.com\/wp-content\/uploads\/2024\/03\/ORTIGOSO_20240227101248_0067_D-1024x767.jpg 1024w, https:\/\/www.ebroresilience.com\/wp-content\/uploads\/2024\/03\/ORTIGOSO_20240227101248_0067_D-300x225.jpg 300w, https:\/\/www.ebroresilience.com\/wp-content\/uploads\/2024\/03\/ORTIGOSO_20240227101248_0067_D-768x575.jpg 768w, https:\/\/www.ebroresilience.com\/wp-content\/uploads\/2024\/03\/ORTIGOSO_20240227101248_0067_D-1536x1150.jpg 1536w, https:\/\/www.ebroresilience.com\/wp-content\/uploads\/2024\/03\/ORTIGOSO_20240227101248_0067_D-2048x1534.jpg 2048w, https:\/\/www.ebroresilience.com\/wp-content\/uploads\/2024\/03\/ORTIGOSO_20240227101248_0067_D-195x146.jpg 195w, https:\/\/www.ebroresilience.com\/wp-content\/uploads\/2024\/03\/ORTIGOSO_20240227101248_0067_D-50x37.jpg 50w, https:\/\/www.ebroresilience.com\/wp-content\/uploads\/2024\/03\/ORTIGOSO_20240227101248_0067_D-100x75.jpg 100w, https:\/\/www.ebroresilience.com\/wp-content\/uploads\/2024\/03\/ORTIGOSO_20240227101248_0067_D-960x720.jpg 960w\" sizes=\"(max-width:767px) 480px, (max-width:1024px) 100vw, 1024px\" \/>\t\t\t\t\t\t\t\t\t\t\t<figcaption class=\"widget-image-caption wp-caption-text\">default<\/figcaption>\n\t\t\t\t\t\t\t\t\t\t<\/figure>\n\t\t\t\t\t\t\t\t\t<\/div>\n\t\t\t\t<\/div>\n\t\t\t\t\t<\/div>\n\t\t<\/div>\n\t\t\t\t<div class=\"elementor-column elementor-col-20 elementor-top-column elementor-element elementor-element-ddf6318\" data-id=\"ddf6318\" data-element_type=\"column\" data-e-type=\"column\">\n\t\t\t<div class=\"elementor-widget-wrap elementor-element-populated\">\n\t\t\t\t\t\t<div class=\"elementor-element elementor-element-3719c70 elementor-widget elementor-widget-image\" data-id=\"3719c70\" data-element_type=\"widget\" data-e-type=\"widget\" data-widget_type=\"image.default\">\n\t\t\t\t<div class=\"elementor-widget-container\">\n\t\t\t\t\t\t\t\t\t\t\t\t<figure class=\"wp-caption\">\n\t\t\t\t\t\t\t\t\t\t<img loading=\"lazy\" decoding=\"async\" width=\"1024\" height=\"768\" src=\"https:\/\/www.ebroresilience.com\/wp-content\/uploads\/2024\/05\/ESTAJAO-VERDE_05042023_03-1024x768.jpg\" class=\"attachment-large size-large wp-image-10966\" alt=\"\" srcset=\"https:\/\/www.ebroresilience.com\/wp-content\/uploads\/2024\/05\/ESTAJAO-VERDE_05042023_03-1024x768.jpg 1024w, https:\/\/www.ebroresilience.com\/wp-content\/uploads\/2024\/05\/ESTAJAO-VERDE_05042023_03-300x225.jpg 300w, https:\/\/www.ebroresilience.com\/wp-content\/uploads\/2024\/05\/ESTAJAO-VERDE_05042023_03-768x576.jpg 768w, https:\/\/www.ebroresilience.com\/wp-content\/uploads\/2024\/05\/ESTAJAO-VERDE_05042023_03-1536x1152.jpg 1536w, https:\/\/www.ebroresilience.com\/wp-content\/uploads\/2024\/05\/ESTAJAO-VERDE_05042023_03-2048x1536.jpg 2048w, https:\/\/www.ebroresilience.com\/wp-content\/uploads\/2024\/05\/ESTAJAO-VERDE_05042023_03-195x146.jpg 195w, https:\/\/www.ebroresilience.com\/wp-content\/uploads\/2024\/05\/ESTAJAO-VERDE_05042023_03-50x38.jpg 50w, https:\/\/www.ebroresilience.com\/wp-content\/uploads\/2024\/05\/ESTAJAO-VERDE_05042023_03-100x75.jpg 100w, https:\/\/www.ebroresilience.com\/wp-content\/uploads\/2024\/05\/ESTAJAO-VERDE_05042023_03-960x720.jpg 960w\" sizes=\"(max-width:767px) 480px, (max-width:1024px) 100vw, 1024px\" \/>\t\t\t\t\t\t\t\t\t\t\t<figcaption class=\"widget-image-caption wp-caption-text\">El Estajao, Alfaro, La Rioja, Spain<\/figcaption>\n\t\t\t\t\t\t\t\t\t\t<\/figure>\n\t\t\t\t\t\t\t\t\t<\/div>\n\t\t\t\t<\/div>\n\t\t\t\t\t<\/div>\n\t\t<\/div>\n\t\t\t\t<div class=\"elementor-column elementor-col-20 elementor-top-column elementor-element elementor-element-37d75e5\" data-id=\"37d75e5\" data-element_type=\"column\" data-e-type=\"column\">\n\t\t\t<div class=\"elementor-widget-wrap elementor-element-populated\">\n\t\t\t\t\t\t<div class=\"elementor-element elementor-element-ccd0305 elementor-widget elementor-widget-image\" data-id=\"ccd0305\" data-element_type=\"widget\" data-e-type=\"widget\" data-widget_type=\"image.default\">\n\t\t\t\t<div class=\"elementor-widget-container\">\n\t\t\t\t\t\t\t\t\t\t\t\t<figure class=\"wp-caption\">\n\t\t\t\t\t\t\t\t\t\t<img loading=\"lazy\" decoding=\"async\" width=\"1024\" height=\"767\" src=\"https:\/\/www.ebroresilience.com\/wp-content\/uploads\/2024\/03\/LANAVA20240227101425_0077_D-1024x767.jpg\" class=\"attachment-large size-large wp-image-10186\" alt=\"La Nava, en Alfaro, Navarra, espacio recuperado como fluvial\" srcset=\"https:\/\/www.ebroresilience.com\/wp-content\/uploads\/2024\/03\/LANAVA20240227101425_0077_D-1024x767.jpg 1024w, https:\/\/www.ebroresilience.com\/wp-content\/uploads\/2024\/03\/LANAVA20240227101425_0077_D-300x225.jpg 300w, https:\/\/www.ebroresilience.com\/wp-content\/uploads\/2024\/03\/LANAVA20240227101425_0077_D-768x576.jpg 768w, https:\/\/www.ebroresilience.com\/wp-content\/uploads\/2024\/03\/LANAVA20240227101425_0077_D-1536x1151.jpg 1536w, https:\/\/www.ebroresilience.com\/wp-content\/uploads\/2024\/03\/LANAVA20240227101425_0077_D-2048x1535.jpg 2048w, https:\/\/www.ebroresilience.com\/wp-content\/uploads\/2024\/03\/LANAVA20240227101425_0077_D-195x146.jpg 195w, https:\/\/www.ebroresilience.com\/wp-content\/uploads\/2024\/03\/LANAVA20240227101425_0077_D-50x37.jpg 50w, https:\/\/www.ebroresilience.com\/wp-content\/uploads\/2024\/03\/LANAVA20240227101425_0077_D-100x75.jpg 100w, https:\/\/www.ebroresilience.com\/wp-content\/uploads\/2024\/03\/LANAVA20240227101425_0077_D-960x720.jpg 960w\" sizes=\"(max-width:767px) 480px, (max-width:1024px) 100vw, 1024px\" \/>\t\t\t\t\t\t\t\t\t\t\t<figcaption class=\"widget-image-caption wp-caption-text\">default<\/figcaption>\n\t\t\t\t\t\t\t\t\t\t<\/figure>\n\t\t\t\t\t\t\t\t\t<\/div>\n\t\t\t\t<\/div>\n\t\t\t\t\t<\/div>\n\t\t<\/div>\n\t\t\t\t<div class=\"elementor-column elementor-col-20 elementor-top-column elementor-element elementor-element-c5ca0cf\" data-id=\"c5ca0cf\" data-element_type=\"column\" data-e-type=\"column\">\n\t\t\t<div class=\"elementor-widget-wrap elementor-element-populated\">\n\t\t\t\t\t\t<div class=\"elementor-element elementor-element-2e968c5 elementor-widget elementor-widget-image\" data-id=\"2e968c5\" data-element_type=\"widget\" data-e-type=\"widget\" data-widget_type=\"image.default\">\n\t\t\t\t<div class=\"elementor-widget-container\">\n\t\t\t\t\t\t\t\t\t\t\t\t<figure class=\"wp-caption\">\n\t\t\t\t\t\t\t\t\t\t<img loading=\"lazy\" decoding=\"async\" width=\"1024\" height=\"853\" src=\"https:\/\/www.ebroresilience.com\/wp-content\/uploads\/2025\/02\/4-1-1024x853.png\" class=\"attachment-large size-large wp-image-13311\" alt=\"Meander of La Roza\" srcset=\"https:\/\/www.ebroresilience.com\/wp-content\/uploads\/2025\/02\/4-1-1024x853.png 1024w, https:\/\/www.ebroresilience.com\/wp-content\/uploads\/2025\/02\/4-1-300x250.png 300w, https:\/\/www.ebroresilience.com\/wp-content\/uploads\/2025\/02\/4-1-768x640.png 768w, https:\/\/www.ebroresilience.com\/wp-content\/uploads\/2025\/02\/4-1-90x75.png 90w, https:\/\/www.ebroresilience.com\/wp-content\/uploads\/2025\/02\/4-1-480x400.png 480w, https:\/\/www.ebroresilience.com\/wp-content\/uploads\/2025\/02\/4-1.png 1417w\" sizes=\"(max-width:767px) 480px, (max-width:1024px) 100vw, 1024px\" \/>\t\t\t\t\t\t\t\t\t\t\t<figcaption class=\"widget-image-caption wp-caption-text\">Meander of La Roza<\/figcaption>\n\t\t\t\t\t\t\t\t\t\t<\/figure>\n\t\t\t\t\t\t\t\t\t<\/div>\n\t\t\t\t<\/div>\n\t\t\t\t\t<\/div>\n\t\t<\/div>\n\t\t\t\t<div class=\"elementor-column elementor-col-20 elementor-top-column elementor-element elementor-element-6e8d2a2\" data-id=\"6e8d2a2\" data-element_type=\"column\" data-e-type=\"column\">\n\t\t\t<div class=\"elementor-widget-wrap elementor-element-populated\">\n\t\t\t\t\t\t<div class=\"elementor-element elementor-element-24289d6 elementor-widget elementor-widget-image\" data-id=\"24289d6\" data-element_type=\"widget\" data-e-type=\"widget\" data-widget_type=\"image.default\">\n\t\t\t\t<div class=\"elementor-widget-container\">\n\t\t\t\t\t\t\t\t\t\t\t\t<figure class=\"wp-caption\">\n\t\t\t\t\t\t\t\t\t\t<img loading=\"lazy\" decoding=\"async\" width=\"1024\" height=\"414\" src=\"https:\/\/www.ebroresilience.com\/wp-content\/uploads\/2025\/01\/soto-de-Alfaro-brazos-recuperados-2-1024x414.jpg\" class=\"attachment-large size-large wp-image-13140\" alt=\"Recuperaci\u00f3n de brazos de r\u00edo en el Soto de Alfaro, imagen durante las crecidas de diciembre en 2024.\" srcset=\"https:\/\/www.ebroresilience.com\/wp-content\/uploads\/2025\/01\/soto-de-Alfaro-brazos-recuperados-2-1024x414.jpg 1024w, https:\/\/www.ebroresilience.com\/wp-content\/uploads\/2025\/01\/soto-de-Alfaro-brazos-recuperados-2-300x121.jpg 300w, https:\/\/www.ebroresilience.com\/wp-content\/uploads\/2025\/01\/soto-de-Alfaro-brazos-recuperados-2-768x311.jpg 768w, https:\/\/www.ebroresilience.com\/wp-content\/uploads\/2025\/01\/soto-de-Alfaro-brazos-recuperados-2-1536x621.jpg 1536w, https:\/\/www.ebroresilience.com\/wp-content\/uploads\/2025\/01\/soto-de-Alfaro-brazos-recuperados-2-2048x829.jpg 2048w, https:\/\/www.ebroresilience.com\/wp-content\/uploads\/2025\/01\/soto-de-Alfaro-brazos-recuperados-2-150x61.jpg 150w, https:\/\/www.ebroresilience.com\/wp-content\/uploads\/2025\/01\/soto-de-Alfaro-brazos-recuperados-2-480x194.jpg 480w\" sizes=\"(max-width:767px) 480px, (max-width:1024px) 100vw, 1024px\" \/>\t\t\t\t\t\t\t\t\t\t\t<figcaption class=\"widget-image-caption wp-caption-text\">Recovery of river branches at Soto de Alfaro<\/figcaption>\n\t\t\t\t\t\t\t\t\t\t<\/figure>\n\t\t\t\t\t\t\t\t\t<\/div>\n\t\t\t\t<\/div>\n\t\t\t\t\t<\/div>\n\t\t<\/div>\n\t\t\t\t\t<\/div>\n\t\t<\/section>\n\t\t\t\t<section class=\"elementor-section elementor-top-section elementor-element elementor-element-4d1b42b elementor-section-boxed elementor-section-height-default elementor-section-height-default\" data-id=\"4d1b42b\" data-element_type=\"section\" data-e-type=\"section\">\n\t\t\t\t\t\t<div class=\"elementor-container elementor-column-gap-default\">\n\t\t\t\t\t<div class=\"elementor-column elementor-col-100 elementor-top-column elementor-element elementor-element-3ba96a8\" data-id=\"3ba96a8\" data-element_type=\"column\" data-e-type=\"column\">\n\t\t\t<div class=\"elementor-widget-wrap elementor-element-populated\">\n\t\t\t\t\t\t<div class=\"elementor-element elementor-element-39f5ba2 elementor-widget elementor-widget-spacer\" data-id=\"39f5ba2\" data-element_type=\"widget\" data-e-type=\"widget\" data-widget_type=\"spacer.default\">\n\t\t\t\t<div class=\"elementor-widget-container\">\n\t\t\t\t\t\t\t<div class=\"elementor-spacer\">\n\t\t\t<div class=\"elementor-spacer-inner\"><\/div>\n\t\t<\/div>\n\t\t\t\t\t\t<\/div>\n\t\t\t\t<\/div>\n\t\t\t\t\t<\/div>\n\t\t<\/div>\n\t\t\t\t\t<\/div>\n\t\t<\/section>\n\t\t\t\t<section class=\"elementor-section elementor-top-section elementor-element elementor-element-a9579d7 elementor-section-boxed elementor-section-height-default elementor-section-height-default\" data-id=\"a9579d7\" data-element_type=\"section\" data-e-type=\"section\">\n\t\t\t\t\t\t<div class=\"elementor-container elementor-column-gap-default\">\n\t\t\t\t\t<div class=\"elementor-column elementor-col-100 elementor-top-column elementor-element elementor-element-de04296\" data-id=\"de04296\" data-element_type=\"column\" data-e-type=\"column\">\n\t\t\t<div class=\"elementor-widget-wrap elementor-element-populated\">\n\t\t\t\t\t\t<div class=\"elementor-element elementor-element-49bf812 elementor-widget elementor-widget-text-editor\" data-id=\"49bf812\" data-element_type=\"widget\" data-e-type=\"widget\" data-widget_type=\"text-editor.default\">\n\t\t\t\t<div class=\"elementor-widget-container\">\n\t\t\t\t\t\t\t\t\t<p>The Ebro Resilience Strategy aims to be a framework for collaboration between the different Administrations, as well as other stakeholders, to work in solidarity and coordination in flood risk management in the middle stretch of the Ebro River, forming a sub-program of the Flood Risk Management Plan of the Ebro River Basin District. It is made up of the Ministry of Ecological Transition and Demographic Challenge, the Ebro River Basin Authority and the Autonomous Communities of La Rioja, Arag\u00f3n and Navarra.<\/p>\t\t\t\t\t\t\t\t<\/div>\n\t\t\t\t<\/div>\n\t\t\t\t\t<\/div>\n\t\t<\/div>\n\t\t\t\t\t<\/div>\n\t\t<\/section>\n\t\t\t\t<\/div>\n\t\t","protected":false},"excerpt":{"rendered":"<p>On October 30, the Strategy is organizing a session for the presentation of results to analyze, together with the riparian population, the effect of the interventions implemented and to know which ones are missing to complete the so-called combined actions section, a set of actions that offer a global benefit against flood risk.  <\/p>\n","protected":false},"author":5,"featured_media":15160,"comment_status":"closed","ping_status":"closed","sticky":false,"template":"","format":"standard","meta":{"_acf_changed":false,"ngg_post_thumbnail":0,"footnotes":""},"categories":[369],"tags":[380,666,411,387,378,398,423,395,607,484],"class_list":["post-15168","post","type-post","status-publish","format-standard","has-post-thumbnail","hentry","category-news","tag-alfaro-en","tag-cadreita-en-2","tag-castejon-en","tag-ebro-en","tag-ebro-resilience-en","tag-flood","tag-miracle","tag-participation","tag-restauracion-en","tag-valtierra-en"],"acf":[],"publishpress_future_action":{"enabled":false,"date":"2026-05-07 05:40:16","action":"change-status","newStatus":"draft","terms":[],"taxonomy":"category","extraData":[]},"publishpress_future_workflow_manual_trigger":{"enabledWorkflows":[]},"_links":{"self":[{"href":"https:\/\/www.ebroresilience.com\/en\/wp-json\/wp\/v2\/posts\/15168","targetHints":{"allow":["GET"]}}],"collection":[{"href":"https:\/\/www.ebroresilience.com\/en\/wp-json\/wp\/v2\/posts"}],"about":[{"href":"https:\/\/www.ebroresilience.com\/en\/wp-json\/wp\/v2\/types\/post"}],"author":[{"embeddable":true,"href":"https:\/\/www.ebroresilience.com\/en\/wp-json\/wp\/v2\/users\/5"}],"replies":[{"embeddable":true,"href":"https:\/\/www.ebroresilience.com\/en\/wp-json\/wp\/v2\/comments?post=15168"}],"version-history":[{"count":3,"href":"https:\/\/www.ebroresilience.com\/en\/wp-json\/wp\/v2\/posts\/15168\/revisions"}],"predecessor-version":[{"id":15171,"href":"https:\/\/www.ebroresilience.com\/en\/wp-json\/wp\/v2\/posts\/15168\/revisions\/15171"}],"wp:featuredmedia":[{"embeddable":true,"href":"https:\/\/www.ebroresilience.com\/en\/wp-json\/wp\/v2\/media\/15160"}],"wp:attachment":[{"href":"https:\/\/www.ebroresilience.com\/en\/wp-json\/wp\/v2\/media?parent=15168"}],"wp:term":[{"taxonomy":"category","embeddable":true,"href":"https:\/\/www.ebroresilience.com\/en\/wp-json\/wp\/v2\/categories?post=15168"},{"taxonomy":"post_tag","embeddable":true,"href":"https:\/\/www.ebroresilience.com\/en\/wp-json\/wp\/v2\/tags?post=15168"}],"curies":[{"name":"wp","href":"https:\/\/api.w.org\/{rel}","templated":true}]}}