{"id":15100,"date":"2025-10-10T09:57:16","date_gmt":"2025-10-10T07:57:16","guid":{"rendered":"https:\/\/www.ebroresilience.com\/an-october-of-activities-in-fuentes-de-ebro-photos-route-and-more-to-get-closer-to-the-river\/"},"modified":"2025-10-10T10:25:33","modified_gmt":"2025-10-10T08:25:33","slug":"an-october-of-activities-in-fuentes-de-ebro-photos-route-and-more-to-get-closer-to-the-river","status":"publish","type":"post","link":"https:\/\/www.ebroresilience.com\/en\/an-october-of-activities-in-fuentes-de-ebro-photos-route-and-more-to-get-closer-to-the-river\/","title":{"rendered":"An October of activities in Fuentes de Ebro: photos, route and more to get closer to the river"},"content":{"rendered":"\t\t<div data-elementor-type=\"wp-post\" data-elementor-id=\"15100\" class=\"elementor elementor-15100 elementor-15081\" data-elementor-post-type=\"post\">\n\t\t\t\t\t\t<section class=\"elementor-section elementor-top-section elementor-element elementor-element-471a67f elementor-section-boxed elementor-section-height-default elementor-section-height-default\" data-id=\"471a67f\" data-element_type=\"section\" data-e-type=\"section\">\n\t\t\t\t\t\t<div class=\"elementor-container elementor-column-gap-default\">\n\t\t\t\t\t<div class=\"elementor-column elementor-col-100 elementor-top-column elementor-element elementor-element-d468bff\" data-id=\"d468bff\" data-element_type=\"column\" data-e-type=\"column\">\n\t\t\t<div class=\"elementor-widget-wrap elementor-element-populated\">\n\t\t\t\t\t\t<div class=\"elementor-element elementor-element-e5a7e74 elementor-widget elementor-widget-text-editor\" data-id=\"e5a7e74\" data-element_type=\"widget\" data-e-type=\"widget\" data-widget_type=\"text-editor.default\">\n\t\t\t\t<div class=\"elementor-widget-container\">\n\t\t\t\t\t\t\t\t\t<p>The exhibition <em>Cuando el r\u00edo recupera su espacio (When the river recovers its space)<\/em> is hosted this October at the Centro P\u00fablico de Educaci\u00f3n de Personas Adultas (CPEPA) of Fuentes de Ebro (Zaragoza), a living space in the town. Around the photographic exhibition, other activities have been scheduled, a guided tour for students of the center and a guided tour for the entire population. <\/p><p>The collection of photographs aims to bring the concept of adaptation to floods closer to the territory and to explain in a graphic way the interventions that the LIFE Ebro Resilience P1 Project and the Ebro Resilience Strategy are carrying out in their municipalities.<\/p><p>In the case of Fuentes de Ebro, a town included in zone 2 of the LIFE Project, in the Osera de Ebro &#8211; Fuentes de Ebro section, very important actions are being carried out which, as a whole, <a href=\"https:\/\/www.ebroresilience.com\/en\/the-ebro-recovers-23-hectares-as-a-fluvial-space-and-adds-a-new-wetland-in-the-osera-de-ebro-fuentes-de-ebro-section-zaragoza\/\">seek to improve the resilience of agricultural areas to flooding<\/a>.<\/p><p>Specifically, the reduction of narrowings in the river, moving away longitudinal protections of the riverbed and recovering fluvial space in the mejana del Conde and the meander of Aguilar and also, the creation of <a href=\"https:\/\/www.youtube.com\/watch?v=EKWnxjCugj8\">lateral flow buffer zones<\/a>.<\/p>\t\t\t\t\t\t\t\t<\/div>\n\t\t\t\t<\/div>\n\t\t\t\t\t<\/div>\n\t\t<\/div>\n\t\t\t\t\t<\/div>\n\t\t<\/section>\n\t\t\t\t<section class=\"elementor-section elementor-top-section elementor-element elementor-element-8bf1c8c elementor-section-boxed elementor-section-height-default elementor-section-height-default\" data-id=\"8bf1c8c\" data-element_type=\"section\" data-e-type=\"section\">\n\t\t\t\t\t\t<div class=\"elementor-container elementor-column-gap-default\">\n\t\t\t\t\t<div class=\"elementor-column elementor-col-100 elementor-top-column elementor-element elementor-element-7e70510\" data-id=\"7e70510\" data-element_type=\"column\" data-e-type=\"column\">\n\t\t\t<div class=\"elementor-widget-wrap elementor-element-populated\">\n\t\t\t\t\t\t<div class=\"elementor-element elementor-element-8685676 elementor-widget elementor-widget-text-editor\" data-id=\"8685676\" data-element_type=\"widget\" data-e-type=\"widget\" data-widget_type=\"text-editor.default\">\n\t\t\t\t<div class=\"elementor-widget-container\">\n\t\t\t\t\t\t\t\t\t<p><strong>October 6 to 31  <\/strong><\/p><p><strong>CPEPA Fuentes de Ebro. P\u00ba de la Justicia <\/strong><\/p><p><strong>Visits from Monday to Friday from 15:00 to 21:00 hrs.  <\/strong><\/p>\t\t\t\t\t\t\t\t<\/div>\n\t\t\t\t<\/div>\n\t\t\t\t\t<\/div>\n\t\t<\/div>\n\t\t\t\t\t<\/div>\n\t\t<\/section>\n\t\t\t\t<section class=\"elementor-section elementor-top-section elementor-element elementor-element-73c79d7 elementor-section-boxed elementor-section-height-default elementor-section-height-default\" data-id=\"73c79d7\" data-element_type=\"section\" data-e-type=\"section\">\n\t\t\t\t\t\t<div class=\"elementor-container elementor-column-gap-default\">\n\t\t\t\t\t<div class=\"elementor-column elementor-col-100 elementor-top-column elementor-element elementor-element-0a87c36\" data-id=\"0a87c36\" data-element_type=\"column\" data-e-type=\"column\">\n\t\t\t<div class=\"elementor-widget-wrap elementor-element-populated\">\n\t\t\t\t\t\t<div class=\"elementor-element elementor-element-a562eec elementor-widget elementor-widget-image\" data-id=\"a562eec\" data-element_type=\"widget\" data-e-type=\"widget\" data-widget_type=\"image.default\">\n\t\t\t\t<div class=\"elementor-widget-container\">\n\t\t\t\t\t\t\t\t\t\t\t\t\t\t\t<img fetchpriority=\"high\" decoding=\"async\" width=\"768\" height=\"1097\" src=\"https:\/\/www.ebroresilience.com\/wp-content\/uploads\/2025\/10\/CARTELERIA-EXPOSICION-CUANDO-EL-RIO-CUENTA-CUENTOS-1-768x1097.png\" class=\"attachment-medium_large size-medium_large wp-image-15107\" alt=\"Cartel exposici\u00f3n cuando el r\u00edo recupera su espacio en Fuentes de Ebro\" srcset=\"https:\/\/www.ebroresilience.com\/wp-content\/uploads\/2025\/10\/CARTELERIA-EXPOSICION-CUANDO-EL-RIO-CUENTA-CUENTOS-1-768x1097.png 768w, https:\/\/www.ebroresilience.com\/wp-content\/uploads\/2025\/10\/CARTELERIA-EXPOSICION-CUANDO-EL-RIO-CUENTA-CUENTOS-1-210x300.png 210w, https:\/\/www.ebroresilience.com\/wp-content\/uploads\/2025\/10\/CARTELERIA-EXPOSICION-CUANDO-EL-RIO-CUENTA-CUENTOS-1-717x1024.png 717w, https:\/\/www.ebroresilience.com\/wp-content\/uploads\/2025\/10\/CARTELERIA-EXPOSICION-CUANDO-EL-RIO-CUENTA-CUENTOS-1-1075x1536.png 1075w, https:\/\/www.ebroresilience.com\/wp-content\/uploads\/2025\/10\/CARTELERIA-EXPOSICION-CUANDO-EL-RIO-CUENTA-CUENTOS-1-1434x2048.png 1434w, https:\/\/www.ebroresilience.com\/wp-content\/uploads\/2025\/10\/CARTELERIA-EXPOSICION-CUANDO-EL-RIO-CUENTA-CUENTOS-1-53x75.png 53w, https:\/\/www.ebroresilience.com\/wp-content\/uploads\/2025\/10\/CARTELERIA-EXPOSICION-CUANDO-EL-RIO-CUENTA-CUENTOS-1-480x686.png 480w, https:\/\/www.ebroresilience.com\/wp-content\/uploads\/2025\/10\/CARTELERIA-EXPOSICION-CUANDO-EL-RIO-CUENTA-CUENTOS-1-scaled.png 1792w\" sizes=\"(max-width:767px) 480px, (max-width:768px) 100vw, 768px\" \/>\t\t\t\t\t\t\t\t\t\t\t\t\t\t\t<\/div>\n\t\t\t\t<\/div>\n\t\t\t\t\t<\/div>\n\t\t<\/div>\n\t\t\t\t\t<\/div>\n\t\t<\/section>\n\t\t\t\t<section class=\"elementor-section elementor-top-section elementor-element elementor-element-7fe1ee9 elementor-section-boxed elementor-section-height-default elementor-section-height-default\" data-id=\"7fe1ee9\" data-element_type=\"section\" data-e-type=\"section\">\n\t\t\t\t\t\t<div class=\"elementor-container elementor-column-gap-default\">\n\t\t\t\t\t<div class=\"elementor-column elementor-col-100 elementor-top-column elementor-element elementor-element-ff9129a\" data-id=\"ff9129a\" data-element_type=\"column\" data-e-type=\"column\">\n\t\t\t<div class=\"elementor-widget-wrap elementor-element-populated\">\n\t\t\t\t\t\t<div class=\"elementor-element elementor-element-80ec3ee elementor-widget elementor-widget-text-editor\" data-id=\"80ec3ee\" data-element_type=\"widget\" data-e-type=\"widget\" data-widget_type=\"text-editor.default\">\n\t\t\t\t<div class=\"elementor-widget-container\">\n\t\t\t\t\t\t\t\t\t<p><strong>Content<\/strong><\/p><p>The exhibition <strong>\n  <em>When the river recovers its space<\/em>\n<\/strong> has already visited the Water and Environment Documentation Center of the City Council of Zaragoza, the Interpretation Center of La Alfranca and the Interpretation Center of the Sotos de Alfaro and its Storks.<\/p><p>The exhibition is adapted to the spaces it visits both in size and in the order of its blocks. Through <a href=\"https:\/\/www.ebroresilience.com\/recursos\/galeria-2\/nggallery\/album\/exposicion-fotografica-cuando-el-rio-recupera-su-espacio\">a<\/a> <a href=\"https:\/\/www.ebroresilience.com\/recursos\/galeria-2\/nggallery\/album\/exposicion-fotografica-cuando-el-rio-recupera-su-espacio\" target=\"_blank\" rel=\"noopener\">series of snapshots,<\/a> provided by the Ebro Hydrographic Confederation for the LIFE Ebro Resilience P1 and information panels, five thematic areas related to the actions of the Project are visited: <\/p><ul><li>Meanders that become part of the river again.<\/li><li>Remaining a riparian: adaptation is possible<\/li><li>Types of intervention<\/li><li>Restoring ecosystems and fighting against floods<\/li><li>Real and effective participation<\/li><\/ul>\t\t\t\t\t\t\t\t<\/div>\n\t\t\t\t<\/div>\n\t\t\t\t\t<\/div>\n\t\t<\/div>\n\t\t\t\t\t<\/div>\n\t\t<\/section>\n\t\t\t\t<section class=\"elementor-section elementor-top-section elementor-element elementor-element-c080042 elementor-section-boxed elementor-section-height-default elementor-section-height-default\" data-id=\"c080042\" data-element_type=\"section\" data-e-type=\"section\">\n\t\t\t\t\t\t<div class=\"elementor-container elementor-column-gap-default\">\n\t\t\t\t\t<div class=\"elementor-column elementor-col-100 elementor-top-column elementor-element elementor-element-effe83c\" data-id=\"effe83c\" data-element_type=\"column\" data-e-type=\"column\">\n\t\t\t<div class=\"elementor-widget-wrap elementor-element-populated\">\n\t\t\t\t\t\t<div class=\"elementor-element elementor-element-6081585 elementor-widget elementor-widget-text-editor\" data-id=\"6081585\" data-element_type=\"widget\" data-e-type=\"widget\" data-widget_type=\"text-editor.default\">\n\t\t\t\t<div class=\"elementor-widget-container\">\n\t\t\t\t\t\t\t\t\t<p><strong>Guided tour and interpretative route<\/strong><\/p><p>With the excuse of this exhibition, Fuentes de Ebro will be the center of other activities that will allow the exchange of more knowledge about the Ebro River and the phenomenon of floods.<\/p><p>On <strong>October 18<\/strong> there will be a guided tour of the Aguilar meander. A proposal open to the entire population that will allow direct observation of the interventions underway to expand the river space and reduce flood damage. <\/p>\t\t\t\t\t\t\t\t<\/div>\n\t\t\t\t<\/div>\n\t\t\t\t\t<\/div>\n\t\t<\/div>\n\t\t\t\t\t<\/div>\n\t\t<\/section>\n\t\t\t\t<section class=\"elementor-section elementor-top-section elementor-element elementor-element-43515c9 elementor-section-boxed elementor-section-height-default elementor-section-height-default\" data-id=\"43515c9\" data-element_type=\"section\" data-e-type=\"section\">\n\t\t\t\t\t\t<div class=\"elementor-container elementor-column-gap-default\">\n\t\t\t\t\t<div class=\"elementor-column elementor-col-100 elementor-top-column elementor-element elementor-element-2bff01d\" data-id=\"2bff01d\" data-element_type=\"column\" data-e-type=\"column\">\n\t\t\t<div class=\"elementor-widget-wrap elementor-element-populated\">\n\t\t\t\t\t\t<div class=\"elementor-element elementor-element-0abf130 elementor-widget elementor-widget-image\" data-id=\"0abf130\" data-element_type=\"widget\" data-e-type=\"widget\" data-widget_type=\"image.default\">\n\t\t\t\t<div class=\"elementor-widget-container\">\n\t\t\t\t\t\t\t\t\t\t\t\t\t\t\t<img decoding=\"async\" width=\"768\" height=\"1024\" src=\"https:\/\/www.ebroresilience.com\/wp-content\/uploads\/2025\/10\/RUTA-FUENTES-DE-EBRO-768x1024.png\" class=\"attachment-medium_large size-medium_large wp-image-15093\" alt=\"\" srcset=\"https:\/\/www.ebroresilience.com\/wp-content\/uploads\/2025\/10\/RUTA-FUENTES-DE-EBRO-768x1024.png 768w, https:\/\/www.ebroresilience.com\/wp-content\/uploads\/2025\/10\/RUTA-FUENTES-DE-EBRO-225x300.png 225w, https:\/\/www.ebroresilience.com\/wp-content\/uploads\/2025\/10\/RUTA-FUENTES-DE-EBRO-56x75.png 56w, https:\/\/www.ebroresilience.com\/wp-content\/uploads\/2025\/10\/RUTA-FUENTES-DE-EBRO-480x640.png 480w, https:\/\/www.ebroresilience.com\/wp-content\/uploads\/2025\/10\/RUTA-FUENTES-DE-EBRO.png 1037w\" sizes=\"(max-width:767px) 480px, (max-width:768px) 100vw, 768px\" \/>\t\t\t\t\t\t\t\t\t\t\t\t\t\t\t<\/div>\n\t\t\t\t<\/div>\n\t\t\t\t\t<\/div>\n\t\t<\/div>\n\t\t\t\t\t<\/div>\n\t\t<\/section>\n\t\t\t\t<section class=\"elementor-section elementor-top-section elementor-element elementor-element-19044a9 elementor-section-boxed elementor-section-height-default elementor-section-height-default\" data-id=\"19044a9\" data-element_type=\"section\" data-e-type=\"section\">\n\t\t\t\t\t\t<div class=\"elementor-container elementor-column-gap-default\">\n\t\t\t\t\t<div class=\"elementor-column elementor-col-100 elementor-top-column elementor-element elementor-element-ac3d079\" data-id=\"ac3d079\" data-element_type=\"column\" data-e-type=\"column\">\n\t\t\t<div class=\"elementor-widget-wrap elementor-element-populated\">\n\t\t\t\t\t\t<div class=\"elementor-element elementor-element-ab800bb elementor-widget elementor-widget-text-editor\" data-id=\"ab800bb\" data-element_type=\"widget\" data-e-type=\"widget\" data-widget_type=\"text-editor.default\">\n\t\t\t\t<div class=\"elementor-widget-container\">\n\t\t\t\t\t\t\t\t\t<p>In addition, the concept of lateral flow buffer zones and temporary flood areas, one of the most innovative proposals of the LIFE Ebro Resilience P1 project, will be explained.<\/p><p>On <strong>October 23,<\/strong> CPEPA students will be able to enjoy a session and guided tour of the exhibition. A proposal framed within the actions of Participation and Strengthening of Social Capacities of the LIFE Ebro Resilience P1 Project. <\/p>\t\t\t\t\t\t\t\t<\/div>\n\t\t\t\t<\/div>\n\t\t\t\t\t<\/div>\n\t\t<\/div>\n\t\t\t\t\t<\/div>\n\t\t<\/section>\n\t\t\t\t<section class=\"elementor-section elementor-top-section elementor-element elementor-element-a1aad39 elementor-section-boxed elementor-section-height-default elementor-section-height-default\" data-id=\"a1aad39\" data-element_type=\"section\" data-e-type=\"section\">\n\t\t\t\t\t\t<div class=\"elementor-container elementor-column-gap-default\">\n\t\t\t\t\t<div class=\"elementor-column elementor-col-50 elementor-top-column elementor-element elementor-element-24bc298\" data-id=\"24bc298\" data-element_type=\"column\" data-e-type=\"column\">\n\t\t\t<div class=\"elementor-widget-wrap elementor-element-populated\">\n\t\t\t\t\t\t<div class=\"elementor-element elementor-element-3a89482 elementor-widget elementor-widget-image\" data-id=\"3a89482\" data-element_type=\"widget\" data-e-type=\"widget\" data-widget_type=\"image.default\">\n\t\t\t\t<div class=\"elementor-widget-container\">\n\t\t\t\t\t\t\t\t\t\t\t\t<figure class=\"wp-caption\">\n\t\t\t\t\t\t\t\t\t\t<img decoding=\"async\" width=\"1024\" height=\"462\" src=\"https:\/\/www.ebroresilience.com\/wp-content\/uploads\/2025\/06\/IMG20250620112954-1024x462.jpg\" class=\"attachment-large size-large wp-image-14460\" alt=\"Taller educadores ambientales de La Rioja y Zaragoza en el espacio de La Alfranca. Visita a la exposici\u00f3n cuando el r\u00edo recupera su espacio.\" srcset=\"https:\/\/www.ebroresilience.com\/wp-content\/uploads\/2025\/06\/IMG20250620112954-1024x462.jpg 1024w, https:\/\/www.ebroresilience.com\/wp-content\/uploads\/2025\/06\/IMG20250620112954-300x135.jpg 300w, https:\/\/www.ebroresilience.com\/wp-content\/uploads\/2025\/06\/IMG20250620112954-768x346.jpg 768w, https:\/\/www.ebroresilience.com\/wp-content\/uploads\/2025\/06\/IMG20250620112954-1536x693.jpg 1536w, https:\/\/www.ebroresilience.com\/wp-content\/uploads\/2025\/06\/IMG20250620112954-2048x924.jpg 2048w, https:\/\/www.ebroresilience.com\/wp-content\/uploads\/2025\/06\/IMG20250620112954-150x68.jpg 150w, https:\/\/www.ebroresilience.com\/wp-content\/uploads\/2025\/06\/IMG20250620112954-480x216.jpg 480w\" sizes=\"(max-width:767px) 480px, (max-width:1024px) 100vw, 1024px\" \/>\t\t\t\t\t\t\t\t\t\t\t<figcaption class=\"widget-image-caption wp-caption-text\">Taller educadores ambientales de La Rioja y Zaragoza en el espacio de La Alfranca. Visita a la exposici\u00f3n cuando el r\u00edo recupera su espacio.<\/figcaption>\n\t\t\t\t\t\t\t\t\t\t<\/figure>\n\t\t\t\t\t\t\t\t\t<\/div>\n\t\t\t\t<\/div>\n\t\t\t\t\t<\/div>\n\t\t<\/div>\n\t\t\t\t<div class=\"elementor-column elementor-col-50 elementor-top-column elementor-element elementor-element-cbd0e6c\" data-id=\"cbd0e6c\" data-element_type=\"column\" data-e-type=\"column\">\n\t\t\t<div class=\"elementor-widget-wrap elementor-element-populated\">\n\t\t\t\t\t\t<div class=\"elementor-element elementor-element-568760a elementor-widget elementor-widget-image\" data-id=\"568760a\" data-element_type=\"widget\" data-e-type=\"widget\" data-widget_type=\"image.default\">\n\t\t\t\t<div class=\"elementor-widget-container\">\n\t\t\t\t\t\t\t\t\t\t\t\t<figure class=\"wp-caption\">\n\t\t\t\t\t\t\t\t\t\t<img loading=\"lazy\" decoding=\"async\" width=\"1024\" height=\"771\" src=\"https:\/\/www.ebroresilience.com\/wp-content\/uploads\/2025\/02\/IMG20250220202036-1024x771.jpg\" class=\"attachment-large size-large wp-image-13513\" alt=\"Exhibition When the river recovers its space: guided visit for communicators on February 20\" srcset=\"https:\/\/www.ebroresilience.com\/wp-content\/uploads\/2025\/02\/IMG20250220202036-1024x771.jpg 1024w, https:\/\/www.ebroresilience.com\/wp-content\/uploads\/2025\/02\/IMG20250220202036-300x226.jpg 300w, https:\/\/www.ebroresilience.com\/wp-content\/uploads\/2025\/02\/IMG20250220202036-768x578.jpg 768w, https:\/\/www.ebroresilience.com\/wp-content\/uploads\/2025\/02\/IMG20250220202036-1536x1157.jpg 1536w, https:\/\/www.ebroresilience.com\/wp-content\/uploads\/2025\/02\/IMG20250220202036-2048x1542.jpg 2048w, https:\/\/www.ebroresilience.com\/wp-content\/uploads\/2025\/02\/IMG20250220202036-100x75.jpg 100w, https:\/\/www.ebroresilience.com\/wp-content\/uploads\/2025\/02\/IMG20250220202036-480x361.jpg 480w\" sizes=\"(max-width:767px) 480px, (max-width:1024px) 100vw, 1024px\" \/>\t\t\t\t\t\t\t\t\t\t\t<figcaption class=\"widget-image-caption wp-caption-text\">Exhibition When the river recovers its space: guided visit for communicators on February 20<\/figcaption>\n\t\t\t\t\t\t\t\t\t\t<\/figure>\n\t\t\t\t\t\t\t\t\t<\/div>\n\t\t\t\t<\/div>\n\t\t\t\t\t<\/div>\n\t\t<\/div>\n\t\t\t\t\t<\/div>\n\t\t<\/section>\n\t\t\t\t<section class=\"elementor-section elementor-top-section elementor-element elementor-element-17ebf8c elementor-section-boxed elementor-section-height-default elementor-section-height-default\" data-id=\"17ebf8c\" data-element_type=\"section\" data-e-type=\"section\">\n\t\t\t\t\t\t<div class=\"elementor-container elementor-column-gap-default\">\n\t\t\t\t\t<div class=\"elementor-column elementor-col-100 elementor-top-column elementor-element elementor-element-3bdc1f9\" data-id=\"3bdc1f9\" data-element_type=\"column\" data-e-type=\"column\">\n\t\t\t<div class=\"elementor-widget-wrap elementor-element-populated\">\n\t\t\t\t\t\t<div class=\"elementor-element elementor-element-c64824e elementor-widget elementor-widget-text-editor\" data-id=\"c64824e\" data-element_type=\"widget\" data-e-type=\"widget\" data-widget_type=\"text-editor.default\">\n\t\t\t\t<div class=\"elementor-widget-container\">\n\t\t\t\t\t\t\t\t\t<p><strong>LIFE Project<\/strong><\/p><p> <\/p><p>The LIFE Ebro Resilience P1 Project (LIFE20 ENV\/ES\/00327), <strong>approved by the European Commission in the LIFE 2020 call<\/strong>, covers three autonomous communities (La Rioja, Navarra and Arag\u00f3n), has a duration of 6 years and a total budget of 13,310,350 \u20ac, with 55% European funding.<\/p><p>This project is also an example of institutional coordination and cooperation in the intervention section, its partners being the Ministry for Ecological Transition and Demographic Challenge (MITECO), through its companies TRAGSA and TRAGSATEC; the Ebro Hydrographic Confederation; the Government of La Rioja; the Government of Navarra, through Gesti\u00f3n Ambiental de Navarra, S.A. (GAN-NIK); the Government of Arag\u00f3n and the Aragonese Water Institute.<\/p>\t\t\t\t\t\t\t\t<\/div>\n\t\t\t\t<\/div>\n\t\t\t\t\t<\/div>\n\t\t<\/div>\n\t\t\t\t\t<\/div>\n\t\t<\/section>\n\t\t\t\t<\/div>\n\t\t","protected":false},"excerpt":{"rendered":"<p>The exhibition Cuando el r\u00edo recupera su espacio (When the river recovers its space) opened this month at the Centro P\u00fablico de Educaci\u00f3n de Personas Adultas of the town and a guided tour has been organized for its students and an interpretative route through the Meandro de Aguilar, open to the entire population.  <\/p>\n","protected":false},"author":5,"featured_media":15083,"comment_status":"closed","ping_status":"closed","sticky":false,"template":"","format":"standard","meta":{"_acf_changed":false,"ngg_post_thumbnail":0,"footnotes":""},"categories":[377,369],"tags":[378,399,381,395,464],"class_list":["post-15100","post","type-post","status-publish","format-standard","has-post-thumbnail","hentry","category-life-en","category-news","tag-ebro-resilience-en","tag-ebro-springs","tag-life-ebro-resilience-p1-en","tag-participation","tag-social-skills"],"acf":[],"publishpress_future_action":{"enabled":false,"date":"2026-05-07 01:42:50","action":"change-status","newStatus":"draft","terms":[],"taxonomy":"category","extraData":[]},"publishpress_future_workflow_manual_trigger":{"enabledWorkflows":[]},"_links":{"self":[{"href":"https:\/\/www.ebroresilience.com\/en\/wp-json\/wp\/v2\/posts\/15100","targetHints":{"allow":["GET"]}}],"collection":[{"href":"https:\/\/www.ebroresilience.com\/en\/wp-json\/wp\/v2\/posts"}],"about":[{"href":"https:\/\/www.ebroresilience.com\/en\/wp-json\/wp\/v2\/types\/post"}],"author":[{"embeddable":true,"href":"https:\/\/www.ebroresilience.com\/en\/wp-json\/wp\/v2\/users\/5"}],"replies":[{"embeddable":true,"href":"https:\/\/www.ebroresilience.com\/en\/wp-json\/wp\/v2\/comments?post=15100"}],"version-history":[{"count":4,"href":"https:\/\/www.ebroresilience.com\/en\/wp-json\/wp\/v2\/posts\/15100\/revisions"}],"predecessor-version":[{"id":15119,"href":"https:\/\/www.ebroresilience.com\/en\/wp-json\/wp\/v2\/posts\/15100\/revisions\/15119"}],"wp:featuredmedia":[{"embeddable":true,"href":"https:\/\/www.ebroresilience.com\/en\/wp-json\/wp\/v2\/media\/15083"}],"wp:attachment":[{"href":"https:\/\/www.ebroresilience.com\/en\/wp-json\/wp\/v2\/media?parent=15100"}],"wp:term":[{"taxonomy":"category","embeddable":true,"href":"https:\/\/www.ebroresilience.com\/en\/wp-json\/wp\/v2\/categories?post=15100"},{"taxonomy":"post_tag","embeddable":true,"href":"https:\/\/www.ebroresilience.com\/en\/wp-json\/wp\/v2\/tags?post=15100"}],"curies":[{"name":"wp","href":"https:\/\/api.w.org\/{rel}","templated":true}]}}