{"id":15003,"date":"2025-10-01T16:35:20","date_gmt":"2025-10-01T14:35:20","guid":{"rendered":"https:\/\/www.ebroresilience.com\/european-commission-highlights-the-progress-of-life-ebro-resilience-p1-and-the-coordination-of-its-partners\/"},"modified":"2025-10-01T17:09:50","modified_gmt":"2025-10-01T15:09:50","slug":"european-commission-highlights-the-progress-of-life-ebro-resilience-p1-and-the-coordination-of-its-partners","status":"publish","type":"post","link":"https:\/\/www.ebroresilience.com\/en\/european-commission-highlights-the-progress-of-life-ebro-resilience-p1-and-the-coordination-of-its-partners\/","title":{"rendered":"European Commission highlights the progress of LIFE Ebro Resilience P1 and the coordination of its partners"},"content":{"rendered":"\t\t<div data-elementor-type=\"wp-post\" data-elementor-id=\"15003\" class=\"elementor elementor-15003 elementor-14898\" data-elementor-post-type=\"post\">\n\t\t\t\t\t\t<section class=\"elementor-section elementor-top-section elementor-element elementor-element-62d6b14 elementor-section-boxed elementor-section-height-default elementor-section-height-default\" data-id=\"62d6b14\" data-element_type=\"section\" data-e-type=\"section\">\n\t\t\t\t\t\t<div class=\"elementor-container elementor-column-gap-default\">\n\t\t\t\t\t<div class=\"elementor-column elementor-col-100 elementor-top-column elementor-element elementor-element-6479aa2\" data-id=\"6479aa2\" data-element_type=\"column\" data-e-type=\"column\">\n\t\t\t<div class=\"elementor-widget-wrap elementor-element-populated\">\n\t\t\t\t\t\t<div class=\"elementor-element elementor-element-27a4530 elementor-widget elementor-widget-text-editor\" data-id=\"27a4530\" data-element_type=\"widget\" data-e-type=\"widget\" data-widget_type=\"text-editor.default\">\n\t\t\t\t<div class=\"elementor-widget-container\">\n\t\t\t\t\t\t\t\t\t<p>The European Union has shown its interest in the actions for the reduction of flood risk and adaptation to this extreme phenomenon being carried out by the LIFE Ebro Resilience P1 in the middle stretch of the Ebro, with significant progress in the planned work. This was conveyed by the <strong>representative of the European Climate, Infrastructure and Environment Agency (CINEA) of the European Commission, Federico de Filippi<\/strong>, who attended the coordination and monitoring meetings of the technical team and, together with various institutional representatives, visited the intervention areas of the Project between September 30 and October 1. <\/p><p>Together with Borja Dom\u00ednguez, monitor of ELMEN EEIG, the consultancy that carries out the periodic evaluations of all the projects of the LIFE Program, they have checked <strong>the compliance with the indicators and the execution of the works<\/strong>. They also wanted to know in depth other experiences beyond the field work, such as the commitment to <strong>real public participation and coordination<\/strong> between the public administrations partners of the project. <\/p>\t\t\t\t\t\t\t\t<\/div>\n\t\t\t\t<\/div>\n\t\t\t\t\t<\/div>\n\t\t<\/div>\n\t\t\t\t\t<\/div>\n\t\t<\/section>\n\t\t\t\t<section class=\"elementor-section elementor-top-section elementor-element elementor-element-b8f3fb8 elementor-section-boxed elementor-section-height-default elementor-section-height-default\" data-id=\"b8f3fb8\" data-element_type=\"section\" data-e-type=\"section\">\n\t\t\t\t\t\t<div class=\"elementor-container elementor-column-gap-default\">\n\t\t\t\t\t<div class=\"elementor-column elementor-col-50 elementor-top-column elementor-element elementor-element-c304b7f\" data-id=\"c304b7f\" data-element_type=\"column\" data-e-type=\"column\">\n\t\t\t<div class=\"elementor-widget-wrap elementor-element-populated\">\n\t\t\t\t\t\t<div class=\"elementor-element elementor-element-32ab68c elementor-widget elementor-widget-image\" data-id=\"32ab68c\" data-element_type=\"widget\" data-e-type=\"widget\" data-widget_type=\"image.default\">\n\t\t\t\t<div class=\"elementor-widget-container\">\n\t\t\t\t\t\t\t\t\t\t\t\t<figure class=\"wp-caption\">\n\t\t\t\t\t\t\t\t\t\t<img fetchpriority=\"high\" decoding=\"async\" width=\"1024\" height=\"768\" src=\"https:\/\/www.ebroresilience.com\/wp-content\/uploads\/2025\/10\/WhatsApp-Image-2025-10-01-at-13.17.55-1024x768.jpeg\" class=\"attachment-large size-large wp-image-14997\" alt=\"Visita de obra Zonas de amortiguaci\u00f3n de Flujo Lateral en Fuente de Ebro con Federico de Filippi.\" srcset=\"https:\/\/www.ebroresilience.com\/wp-content\/uploads\/2025\/10\/WhatsApp-Image-2025-10-01-at-13.17.55-1024x768.jpeg 1024w, https:\/\/www.ebroresilience.com\/wp-content\/uploads\/2025\/10\/WhatsApp-Image-2025-10-01-at-13.17.55-300x225.jpeg 300w, https:\/\/www.ebroresilience.com\/wp-content\/uploads\/2025\/10\/WhatsApp-Image-2025-10-01-at-13.17.55-768x576.jpeg 768w, https:\/\/www.ebroresilience.com\/wp-content\/uploads\/2025\/10\/WhatsApp-Image-2025-10-01-at-13.17.55-1536x1152.jpeg 1536w, https:\/\/www.ebroresilience.com\/wp-content\/uploads\/2025\/10\/WhatsApp-Image-2025-10-01-at-13.17.55-100x75.jpeg 100w, https:\/\/www.ebroresilience.com\/wp-content\/uploads\/2025\/10\/WhatsApp-Image-2025-10-01-at-13.17.55-960x720.jpeg 960w, https:\/\/www.ebroresilience.com\/wp-content\/uploads\/2025\/10\/WhatsApp-Image-2025-10-01-at-13.17.55-480x360.jpeg 480w, https:\/\/www.ebroresilience.com\/wp-content\/uploads\/2025\/10\/WhatsApp-Image-2025-10-01-at-13.17.55.jpeg 1600w\" sizes=\"(max-width:767px) 480px, (max-width:1024px) 100vw, 1024px\" \/>\t\t\t\t\t\t\t\t\t\t\t<figcaption class=\"widget-image-caption wp-caption-text\">Visit to the Lateral Flow Buffer Zones, Fuentes de Ebro (Zaragoza, Spain)<\/figcaption>\n\t\t\t\t\t\t\t\t\t\t<\/figure>\n\t\t\t\t\t\t\t\t\t<\/div>\n\t\t\t\t<\/div>\n\t\t\t\t\t<\/div>\n\t\t<\/div>\n\t\t\t\t<div class=\"elementor-column elementor-col-50 elementor-top-column elementor-element elementor-element-c64e893\" data-id=\"c64e893\" data-element_type=\"column\" data-e-type=\"column\">\n\t\t\t<div class=\"elementor-widget-wrap elementor-element-populated\">\n\t\t\t\t\t\t<div class=\"elementor-element elementor-element-f22064e elementor-widget elementor-widget-image\" data-id=\"f22064e\" data-element_type=\"widget\" data-e-type=\"widget\" data-widget_type=\"image.default\">\n\t\t\t\t<div class=\"elementor-widget-container\">\n\t\t\t\t\t\t\t\t\t\t\t\t<figure class=\"wp-caption\">\n\t\t\t\t\t\t\t\t\t\t<img decoding=\"async\" width=\"768\" height=\"1024\" src=\"https:\/\/www.ebroresilience.com\/wp-content\/uploads\/2025\/10\/WhatsApp-Image-2025-10-01-at-16.40.04-768x1024.jpeg\" class=\"attachment-medium_large size-medium_large wp-image-14999\" alt=\"Visita Federico de Filippi al meandro de La Roza, en Alfaro.\" srcset=\"https:\/\/www.ebroresilience.com\/wp-content\/uploads\/2025\/10\/WhatsApp-Image-2025-10-01-at-16.40.04-768x1024.jpeg 768w, https:\/\/www.ebroresilience.com\/wp-content\/uploads\/2025\/10\/WhatsApp-Image-2025-10-01-at-16.40.04-225x300.jpeg 225w, https:\/\/www.ebroresilience.com\/wp-content\/uploads\/2025\/10\/WhatsApp-Image-2025-10-01-at-16.40.04-1152x1536.jpeg 1152w, https:\/\/www.ebroresilience.com\/wp-content\/uploads\/2025\/10\/WhatsApp-Image-2025-10-01-at-16.40.04-56x75.jpeg 56w, https:\/\/www.ebroresilience.com\/wp-content\/uploads\/2025\/10\/WhatsApp-Image-2025-10-01-at-16.40.04-480x640.jpeg 480w, https:\/\/www.ebroresilience.com\/wp-content\/uploads\/2025\/10\/WhatsApp-Image-2025-10-01-at-16.40.04.jpeg 1200w\" sizes=\"(max-width:767px) 480px, (max-width:768px) 100vw, 768px\" \/>\t\t\t\t\t\t\t\t\t\t\t<figcaption class=\"widget-image-caption wp-caption-text\">Visit to the meander of La Roza, in Alfaro (La Rioja)<\/figcaption>\n\t\t\t\t\t\t\t\t\t\t<\/figure>\n\t\t\t\t\t\t\t\t\t<\/div>\n\t\t\t\t<\/div>\n\t\t\t\t\t<\/div>\n\t\t<\/div>\n\t\t\t\t\t<\/div>\n\t\t<\/section>\n\t\t\t\t<section class=\"elementor-section elementor-top-section elementor-element elementor-element-cdc3bf1 elementor-section-boxed elementor-section-height-default elementor-section-height-default\" data-id=\"cdc3bf1\" data-element_type=\"section\" data-e-type=\"section\">\n\t\t\t\t\t\t<div class=\"elementor-container elementor-column-gap-default\">\n\t\t\t\t\t<div class=\"elementor-column elementor-col-100 elementor-top-column elementor-element elementor-element-3bbc17e\" data-id=\"3bbc17e\" data-element_type=\"column\" data-e-type=\"column\">\n\t\t\t<div class=\"elementor-widget-wrap elementor-element-populated\">\n\t\t\t\t\t\t<div class=\"elementor-element elementor-element-d5cbf67 elementor-widget elementor-widget-text-editor\" data-id=\"d5cbf67\" data-element_type=\"widget\" data-e-type=\"widget\" data-widget_type=\"text-editor.default\">\n\t\t\t\t<div class=\"elementor-widget-container\">\n\t\t\t\t\t\t\t\t\t<p>These two issues, together with <strong>innovative technical proposals, such as the adaptation of agricultural areas to river floods by applying the pre-flooding<\/strong> of land (the Lateral Flow Buffer Zones in Osera de Ebro and Fuentes de Ebro), have made the <strong>LIFE Ebro Resilience P1 Project a reference for the LIFE Program<\/strong> and the object of replication of these measures in other riverbeds, both in other rivers of the Ebro basin and in other Spanish and European basins.<\/p><p>Among the main advances <strong>\n  <a href=\"https:\/\/www.ebroresilience.com\/en\/progress-life-ebro-resilience-p1\/\">advances<\/a>\n<\/strong> advances:<\/p><ul><li>The <strong>conclusion of the morphological adaptation and environmental restoration works in the meander of La Roza, in Alfaro<\/strong>, with the recovery of 22 hectares of fluvial space, enlarging the flood plain and the <strong>recovery of old branches of the Ebro river in the Soto de Alfaro<\/strong>, which has meant reconnecting 60 hectares in this meander.<\/li><\/ul>\t\t\t\t\t\t\t\t<\/div>\n\t\t\t\t<\/div>\n\t\t\t\t\t<\/div>\n\t\t<\/div>\n\t\t\t\t\t<\/div>\n\t\t<\/section>\n\t\t\t\t<section class=\"elementor-section elementor-top-section elementor-element elementor-element-f343f64 elementor-section-boxed elementor-section-height-default elementor-section-height-default\" data-id=\"f343f64\" data-element_type=\"section\" data-e-type=\"section\">\n\t\t\t\t\t\t<div class=\"elementor-container elementor-column-gap-default\">\n\t\t\t\t\t<div class=\"elementor-column elementor-col-50 elementor-top-column elementor-element elementor-element-52e2a32\" data-id=\"52e2a32\" data-element_type=\"column\" data-e-type=\"column\">\n\t\t\t<div class=\"elementor-widget-wrap elementor-element-populated\">\n\t\t\t\t\t\t<div class=\"elementor-element elementor-element-b215b97 elementor-widget elementor-widget-image\" data-id=\"b215b97\" data-element_type=\"widget\" data-e-type=\"widget\" data-widget_type=\"image.default\">\n\t\t\t\t<div class=\"elementor-widget-container\">\n\t\t\t\t\t\t\t\t\t\t\t\t<figure class=\"wp-caption\">\n\t\t\t\t\t\t\t\t\t\t<img decoding=\"async\" width=\"1024\" height=\"853\" src=\"https:\/\/www.ebroresilience.com\/wp-content\/uploads\/2025\/02\/4-1-1024x853.png\" class=\"attachment-large size-large wp-image-13311\" alt=\"Meander of La Roza\" srcset=\"https:\/\/www.ebroresilience.com\/wp-content\/uploads\/2025\/02\/4-1-1024x853.png 1024w, https:\/\/www.ebroresilience.com\/wp-content\/uploads\/2025\/02\/4-1-300x250.png 300w, https:\/\/www.ebroresilience.com\/wp-content\/uploads\/2025\/02\/4-1-768x640.png 768w, https:\/\/www.ebroresilience.com\/wp-content\/uploads\/2025\/02\/4-1-90x75.png 90w, https:\/\/www.ebroresilience.com\/wp-content\/uploads\/2025\/02\/4-1-480x400.png 480w, https:\/\/www.ebroresilience.com\/wp-content\/uploads\/2025\/02\/4-1.png 1417w\" sizes=\"(max-width:767px) 480px, (max-width:1024px) 100vw, 1024px\" \/>\t\t\t\t\t\t\t\t\t\t\t<figcaption class=\"widget-image-caption wp-caption-text\">Meander of La Roza<\/figcaption>\n\t\t\t\t\t\t\t\t\t\t<\/figure>\n\t\t\t\t\t\t\t\t\t<\/div>\n\t\t\t\t<\/div>\n\t\t\t\t\t<\/div>\n\t\t<\/div>\n\t\t\t\t<div class=\"elementor-column elementor-col-50 elementor-top-column elementor-element elementor-element-3cc9bc5\" data-id=\"3cc9bc5\" data-element_type=\"column\" data-e-type=\"column\">\n\t\t\t<div class=\"elementor-widget-wrap elementor-element-populated\">\n\t\t\t\t\t\t<div class=\"elementor-element elementor-element-7ede8a6 elementor-widget elementor-widget-image\" data-id=\"7ede8a6\" data-element_type=\"widget\" data-e-type=\"widget\" data-widget_type=\"image.default\">\n\t\t\t\t<div class=\"elementor-widget-container\">\n\t\t\t\t\t\t\t\t\t\t\t\t<figure class=\"wp-caption\">\n\t\t\t\t\t\t\t\t\t\t<img loading=\"lazy\" decoding=\"async\" width=\"1024\" height=\"853\" src=\"https:\/\/www.ebroresilience.com\/wp-content\/uploads\/2025\/02\/5-1024x853.png\" class=\"attachment-large size-large wp-image-13223\" alt=\"Reapertura de brazos de r\u00edo\" srcset=\"https:\/\/www.ebroresilience.com\/wp-content\/uploads\/2025\/02\/5-1024x853.png 1024w, https:\/\/www.ebroresilience.com\/wp-content\/uploads\/2025\/02\/5-300x250.png 300w, https:\/\/www.ebroresilience.com\/wp-content\/uploads\/2025\/02\/5-768x640.png 768w, https:\/\/www.ebroresilience.com\/wp-content\/uploads\/2025\/02\/5-90x75.png 90w, https:\/\/www.ebroresilience.com\/wp-content\/uploads\/2025\/02\/5-480x400.png 480w, https:\/\/www.ebroresilience.com\/wp-content\/uploads\/2025\/02\/5.png 1417w\" sizes=\"(max-width:767px) 480px, (max-width:1024px) 100vw, 1024px\" \/>\t\t\t\t\t\t\t\t\t\t\t<figcaption class=\"widget-image-caption wp-caption-text\">Reopening of arms of the Soto de Alfaro river<\/figcaption>\n\t\t\t\t\t\t\t\t\t\t<\/figure>\n\t\t\t\t\t\t\t\t\t<\/div>\n\t\t\t\t<\/div>\n\t\t\t\t\t<\/div>\n\t\t<\/div>\n\t\t\t\t\t<\/div>\n\t\t<\/section>\n\t\t\t\t<section class=\"elementor-section elementor-top-section elementor-element elementor-element-fbcddc7 elementor-section-boxed elementor-section-height-default elementor-section-height-default\" data-id=\"fbcddc7\" data-element_type=\"section\" data-e-type=\"section\">\n\t\t\t\t\t\t<div class=\"elementor-container elementor-column-gap-default\">\n\t\t\t\t\t<div class=\"elementor-column elementor-col-100 elementor-top-column elementor-element elementor-element-4e37ab4\" data-id=\"4e37ab4\" data-element_type=\"column\" data-e-type=\"column\">\n\t\t\t<div class=\"elementor-widget-wrap elementor-element-populated\">\n\t\t\t\t\t\t<div class=\"elementor-element elementor-element-90991fb elementor-widget elementor-widget-text-editor\" data-id=\"90991fb\" data-element_type=\"widget\" data-e-type=\"widget\" data-widget_type=\"text-editor.default\">\n\t\t\t\t<div class=\"elementor-widget-container\">\n\t\t\t\t\t\t\t\t\t<ul><li>The <strong>conclusion this month of the works to recover river space, up to 23 hectares<\/strong>, through the removal and distancing from the river of the protections that narrowed the channel <strong>in the mejana del Conde and the meander of Aguilar<\/strong> (Osera de Ebro &#8211; Fuentes de Ebro). At the same time, work is being carried out to create a <strong>succession of flood zones to reduce the effects of flooding in this agricultural area, <\/strong>called Lateral Flow Buffer Zones<strong>.<\/strong> <\/li><\/ul>\t\t\t\t\t\t\t\t<\/div>\n\t\t\t\t<\/div>\n\t\t\t\t\t<\/div>\n\t\t<\/div>\n\t\t\t\t\t<\/div>\n\t\t<\/section>\n\t\t\t\t<section class=\"elementor-section elementor-top-section elementor-element elementor-element-d1d149d elementor-section-boxed elementor-section-height-default elementor-section-height-default\" data-id=\"d1d149d\" data-element_type=\"section\" data-e-type=\"section\">\n\t\t\t\t\t\t<div class=\"elementor-container elementor-column-gap-default\">\n\t\t\t\t\t<div class=\"elementor-column elementor-col-100 elementor-top-column elementor-element elementor-element-d6b5084\" data-id=\"d6b5084\" data-element_type=\"column\" data-e-type=\"column\">\n\t\t\t<div class=\"elementor-widget-wrap elementor-element-populated\">\n\t\t\t\t\t\t<div class=\"elementor-element elementor-element-29ab301 elementor-widget elementor-widget-image\" data-id=\"29ab301\" data-element_type=\"widget\" data-e-type=\"widget\" data-widget_type=\"image.default\">\n\t\t\t\t<div class=\"elementor-widget-container\">\n\t\t\t\t\t\t\t\t\t\t\t\t<figure class=\"wp-caption\">\n\t\t\t\t\t\t\t\t\t\t<img loading=\"lazy\" decoding=\"async\" width=\"1024\" height=\"228\" src=\"https:\/\/www.ebroresilience.com\/wp-content\/uploads\/2025\/09\/Retranqueo-defensa-en-Meandro-de-Aguilar_-04-09-2025-1024x228.jpg\" class=\"attachment-large size-large wp-image-14901\" alt=\"Retrenchment of defense in Meandro de Aguilar\" srcset=\"https:\/\/www.ebroresilience.com\/wp-content\/uploads\/2025\/09\/Retranqueo-defensa-en-Meandro-de-Aguilar_-04-09-2025-1024x228.jpg 1024w, https:\/\/www.ebroresilience.com\/wp-content\/uploads\/2025\/09\/Retranqueo-defensa-en-Meandro-de-Aguilar_-04-09-2025-300x67.jpg 300w, https:\/\/www.ebroresilience.com\/wp-content\/uploads\/2025\/09\/Retranqueo-defensa-en-Meandro-de-Aguilar_-04-09-2025-768x171.jpg 768w, https:\/\/www.ebroresilience.com\/wp-content\/uploads\/2025\/09\/Retranqueo-defensa-en-Meandro-de-Aguilar_-04-09-2025-1536x342.jpg 1536w, https:\/\/www.ebroresilience.com\/wp-content\/uploads\/2025\/09\/Retranqueo-defensa-en-Meandro-de-Aguilar_-04-09-2025-2048x455.jpg 2048w, https:\/\/www.ebroresilience.com\/wp-content\/uploads\/2025\/09\/Retranqueo-defensa-en-Meandro-de-Aguilar_-04-09-2025-150x33.jpg 150w, https:\/\/www.ebroresilience.com\/wp-content\/uploads\/2025\/09\/Retranqueo-defensa-en-Meandro-de-Aguilar_-04-09-2025-480x107.jpg 480w\" sizes=\"(max-width:767px) 480px, (max-width:1024px) 100vw, 1024px\" \/>\t\t\t\t\t\t\t\t\t\t\t<figcaption class=\"widget-image-caption wp-caption-text\">Retrenchment of defense in Meandro de Aguilar<\/figcaption>\n\t\t\t\t\t\t\t\t\t\t<\/figure>\n\t\t\t\t\t\t\t\t\t<\/div>\n\t\t\t\t<\/div>\n\t\t\t\t\t<\/div>\n\t\t<\/div>\n\t\t\t\t\t<\/div>\n\t\t<\/section>\n\t\t\t\t<section class=\"elementor-section elementor-top-section elementor-element elementor-element-312068b elementor-section-boxed elementor-section-height-default elementor-section-height-default\" data-id=\"312068b\" data-element_type=\"section\" data-e-type=\"section\">\n\t\t\t\t\t\t<div class=\"elementor-container elementor-column-gap-default\">\n\t\t\t\t\t<div class=\"elementor-column elementor-col-100 elementor-top-column elementor-element elementor-element-573f5d7\" data-id=\"573f5d7\" data-element_type=\"column\" data-e-type=\"column\">\n\t\t\t<div class=\"elementor-widget-wrap elementor-element-populated\">\n\t\t\t\t\t\t<div class=\"elementor-element elementor-element-b3b997b elementor-widget elementor-widget-text-editor\" data-id=\"b3b997b\" data-element_type=\"widget\" data-e-type=\"widget\" data-widget_type=\"text-editor.default\">\n\t\t\t\t<div class=\"elementor-widget-container\">\n\t\t\t\t\t\t\t\t\t<p>All actions <strong>have been carried out with the participation, through different forums<\/strong>, of stakeholders and the local population, generating the greatest possible consensus on the interventions and responding transparently to the demand for technical information.<\/p><p>The <strong>European Commission&#8217;s LIFE Program contributes 55% of the 13.3 million euros of the Project <\/strong>and is thus the driving force behind all the interventions of the LIFE Ebro Resilience P1 during the period 2021-2027, integrated in turn in the Ebro Resilience Strategy, which provides for interventions to reduce the risk of flooding in the entire middle stretch of the Ebro.<\/p><p>LIFE Ebro Resilience P1 has as partners the Ministry for Ecological Transition and Demographic Challenge (MITECO), through the Ebro Hydrographic Confederation (CHE) and the public companies TRAGSA and TRAGSATEC; the governments of La Rioja, Navarra, through Orekan- Environmental Management of Navarra and Aragon and the Aragonese Water Institute.<\/p>\t\t\t\t\t\t\t\t<\/div>\n\t\t\t\t<\/div>\n\t\t\t\t\t<\/div>\n\t\t<\/div>\n\t\t\t\t\t<\/div>\n\t\t<\/section>\n\t\t\t\t<section class=\"elementor-section elementor-top-section elementor-element elementor-element-fadc5bd elementor-section-boxed elementor-section-height-default elementor-section-height-default\" data-id=\"fadc5bd\" data-element_type=\"section\" data-e-type=\"section\">\n\t\t\t\t\t\t<div class=\"elementor-container elementor-column-gap-default\">\n\t\t\t\t\t<div class=\"elementor-column elementor-col-100 elementor-top-column elementor-element elementor-element-35b98e6\" data-id=\"35b98e6\" data-element_type=\"column\" data-e-type=\"column\">\n\t\t\t<div class=\"elementor-widget-wrap elementor-element-populated\">\n\t\t\t\t\t\t<div class=\"elementor-element elementor-element-407e8bf elementor-widget elementor-widget-image\" data-id=\"407e8bf\" data-element_type=\"widget\" data-e-type=\"widget\" data-widget_type=\"image.default\">\n\t\t\t\t<div class=\"elementor-widget-container\">\n\t\t\t\t\t\t\t\t\t\t\t\t\t\t\t<img loading=\"lazy\" decoding=\"async\" width=\"768\" height=\"576\" src=\"https:\/\/www.ebroresilience.com\/wp-content\/uploads\/2025\/10\/WhatsApp-Image-2025-10-01-at-12.26.06-768x576.jpeg\" class=\"attachment-medium_large size-medium_large wp-image-14993\" alt=\"Visita de Federico de Filippi. Foto de familia con bandera con humedal en Fuentes de Ebro. 2\" srcset=\"https:\/\/www.ebroresilience.com\/wp-content\/uploads\/2025\/10\/WhatsApp-Image-2025-10-01-at-12.26.06-768x576.jpeg 768w, https:\/\/www.ebroresilience.com\/wp-content\/uploads\/2025\/10\/WhatsApp-Image-2025-10-01-at-12.26.06-300x225.jpeg 300w, https:\/\/www.ebroresilience.com\/wp-content\/uploads\/2025\/10\/WhatsApp-Image-2025-10-01-at-12.26.06-1024x768.jpeg 1024w, https:\/\/www.ebroresilience.com\/wp-content\/uploads\/2025\/10\/WhatsApp-Image-2025-10-01-at-12.26.06-1536x1152.jpeg 1536w, https:\/\/www.ebroresilience.com\/wp-content\/uploads\/2025\/10\/WhatsApp-Image-2025-10-01-at-12.26.06-100x75.jpeg 100w, https:\/\/www.ebroresilience.com\/wp-content\/uploads\/2025\/10\/WhatsApp-Image-2025-10-01-at-12.26.06-960x720.jpeg 960w, https:\/\/www.ebroresilience.com\/wp-content\/uploads\/2025\/10\/WhatsApp-Image-2025-10-01-at-12.26.06-480x360.jpeg 480w, https:\/\/www.ebroresilience.com\/wp-content\/uploads\/2025\/10\/WhatsApp-Image-2025-10-01-at-12.26.06.jpeg 2000w\" sizes=\"(max-width:767px) 480px, (max-width:768px) 100vw, 768px\" \/>\t\t\t\t\t\t\t\t\t\t\t\t\t\t\t<\/div>\n\t\t\t\t<\/div>\n\t\t\t\t\t<\/div>\n\t\t<\/div>\n\t\t\t\t\t<\/div>\n\t\t<\/section>\n\t\t\t\t<section class=\"elementor-section elementor-top-section elementor-element elementor-element-27d1b27 elementor-section-boxed elementor-section-height-default elementor-section-height-default\" data-id=\"27d1b27\" data-element_type=\"section\" data-e-type=\"section\">\n\t\t\t\t\t\t<div class=\"elementor-container elementor-column-gap-default\">\n\t\t\t\t\t<div class=\"elementor-column elementor-col-100 elementor-top-column elementor-element elementor-element-16568fe\" data-id=\"16568fe\" data-element_type=\"column\" data-e-type=\"column\">\n\t\t\t<div class=\"elementor-widget-wrap elementor-element-populated\">\n\t\t\t\t\t\t<div class=\"elementor-element elementor-element-0924735 elementor-widget elementor-widget-text-editor\" data-id=\"0924735\" data-element_type=\"widget\" data-e-type=\"widget\" data-widget_type=\"text-editor.default\">\n\t\t\t\t<div class=\"elementor-widget-container\">\n\t\t\t\t\t\t\t\t\t<p><strong><u>Alfaro<\/u><\/strong><\/p><p>On Tuesday, <strong>September 30,<\/strong> De Filippi participated in the meeting of the technical working groups held at the Alfaro City Hall, with a review of the Project&#8217;s actions, administrative procedures and fulfillment of objectives.<\/p><p>In the afternoon he visited some of the interventions of the so-called Zone 1 of the Project. In the <strong>meander of La Roza and in the meander of El Soto de Alfaro<\/strong>, he verified <strong>the positive effects of the actions carried out <\/strong>between the CHE and the Government of La Rioja, with the support of the City Council, in a commitment to administrative coordination. <\/p><p>There he was accompanied by the <strong>Director General of Natural Environment and Landscape of the Government of La Rioja, Ignacio Saenz de Urturi; the Deputy Deputy Director of <\/strong><strong>Water Protection and Risk Management<\/strong><strong> of MITECO, Monica Aparicio and the Mayor, Yolanda Preciado,<\/strong> along with the technical team of LIFE Ebro Resilience P1 with partners from the Communities of La Rioja, Navarra and Aragon.<\/p>\t\t\t\t\t\t\t\t<\/div>\n\t\t\t\t<\/div>\n\t\t\t\t\t<\/div>\n\t\t<\/div>\n\t\t\t\t\t<\/div>\n\t\t<\/section>\n\t\t\t\t<section class=\"elementor-section elementor-top-section elementor-element elementor-element-81e51c1 elementor-section-boxed elementor-section-height-default elementor-section-height-default\" data-id=\"81e51c1\" data-element_type=\"section\" data-e-type=\"section\">\n\t\t\t\t\t\t<div class=\"elementor-container elementor-column-gap-default\">\n\t\t\t\t\t<div class=\"elementor-column elementor-col-100 elementor-top-column elementor-element elementor-element-2169317\" data-id=\"2169317\" data-element_type=\"column\" data-e-type=\"column\">\n\t\t\t<div class=\"elementor-widget-wrap elementor-element-populated\">\n\t\t\t\t\t\t<div class=\"elementor-element elementor-element-ce4f85c elementor-widget elementor-widget-image\" data-id=\"ce4f85c\" data-element_type=\"widget\" data-e-type=\"widget\" data-widget_type=\"image.default\">\n\t\t\t\t<div class=\"elementor-widget-container\">\n\t\t\t\t\t\t\t\t\t\t\t\t\t\t\t<img loading=\"lazy\" decoding=\"async\" width=\"768\" height=\"432\" src=\"https:\/\/www.ebroresilience.com\/wp-content\/uploads\/2025\/10\/WhatsApp-Image-2025-09-30-at-16.54.36-768x432.jpeg\" class=\"attachment-medium_large size-medium_large wp-image-14995\" alt=\"Visita institucional con Federico de Filippi al meandro de Alfaro (La Rioja)\" srcset=\"https:\/\/www.ebroresilience.com\/wp-content\/uploads\/2025\/10\/WhatsApp-Image-2025-09-30-at-16.54.36-768x432.jpeg 768w, https:\/\/www.ebroresilience.com\/wp-content\/uploads\/2025\/10\/WhatsApp-Image-2025-09-30-at-16.54.36-300x169.jpeg 300w, https:\/\/www.ebroresilience.com\/wp-content\/uploads\/2025\/10\/WhatsApp-Image-2025-09-30-at-16.54.36-1024x576.jpeg 1024w, https:\/\/www.ebroresilience.com\/wp-content\/uploads\/2025\/10\/WhatsApp-Image-2025-09-30-at-16.54.36-1536x864.jpeg 1536w, https:\/\/www.ebroresilience.com\/wp-content\/uploads\/2025\/10\/WhatsApp-Image-2025-09-30-at-16.54.36-133x75.jpeg 133w, https:\/\/www.ebroresilience.com\/wp-content\/uploads\/2025\/10\/WhatsApp-Image-2025-09-30-at-16.54.36-480x270.jpeg 480w, https:\/\/www.ebroresilience.com\/wp-content\/uploads\/2025\/10\/WhatsApp-Image-2025-09-30-at-16.54.36.jpeg 2040w\" sizes=\"(max-width:767px) 480px, (max-width:768px) 100vw, 768px\" \/>\t\t\t\t\t\t\t\t\t\t\t\t\t\t\t<\/div>\n\t\t\t\t<\/div>\n\t\t\t\t\t<\/div>\n\t\t<\/div>\n\t\t\t\t\t<\/div>\n\t\t<\/section>\n\t\t\t\t<section class=\"elementor-section elementor-top-section elementor-element elementor-element-9d286b2 elementor-section-boxed elementor-section-height-default elementor-section-height-default\" data-id=\"9d286b2\" data-element_type=\"section\" data-e-type=\"section\">\n\t\t\t\t\t\t<div class=\"elementor-container elementor-column-gap-default\">\n\t\t\t\t\t<div class=\"elementor-column elementor-col-100 elementor-top-column elementor-element elementor-element-b55f642\" data-id=\"b55f642\" data-element_type=\"column\" data-e-type=\"column\">\n\t\t\t<div class=\"elementor-widget-wrap elementor-element-populated\">\n\t\t\t\t\t\t<div class=\"elementor-element elementor-element-f6a3a4d elementor-widget elementor-widget-text-editor\" data-id=\"f6a3a4d\" data-element_type=\"widget\" data-e-type=\"widget\" data-widget_type=\"text-editor.default\">\n\t\t\t\t<div class=\"elementor-widget-container\">\n\t\t\t\t\t\t\t\t\t<p><strong>Nature-based solutions for flood risk adaptation<\/strong> are being implemented in this area. The Alfaro actions, together with those also planned by the LIFE Project in the Se\u00f1or\u00edo meander, in Castej\u00f3n (Navarra), and the interventions previously carried out through the Ebro Resilience Strategy in the Ortigoso site (Navarra) and the meanders of La Nava and El Estajao, also in Alfaro, make up the <strong>\n  <em>Section of combined actions<\/em>\n<\/strong>The combined actions<em>: <\/em>actions carried out successively that together amplify their improvement effects in the reduction of flood risk for the whole stretch. <\/p>\t\t\t\t\t\t\t\t<\/div>\n\t\t\t\t<\/div>\n\t\t\t\t\t<\/div>\n\t\t<\/div>\n\t\t\t\t\t<\/div>\n\t\t<\/section>\n\t\t\t\t<section class=\"elementor-section elementor-top-section elementor-element elementor-element-80a9ed2 elementor-section-boxed elementor-section-height-default elementor-section-height-default\" data-id=\"80a9ed2\" data-element_type=\"section\" data-e-type=\"section\">\n\t\t\t\t\t\t<div class=\"elementor-container elementor-column-gap-default\">\n\t\t\t\t\t<div class=\"elementor-column elementor-col-100 elementor-top-column elementor-element elementor-element-fc9b89b\" data-id=\"fc9b89b\" data-element_type=\"column\" data-e-type=\"column\">\n\t\t\t<div class=\"elementor-widget-wrap elementor-element-populated\">\n\t\t\t\t\t\t<div class=\"elementor-element elementor-element-c172d32 elementor-widget elementor-widget-image\" data-id=\"c172d32\" data-element_type=\"widget\" data-e-type=\"widget\" data-widget_type=\"image.default\">\n\t\t\t\t<div class=\"elementor-widget-container\">\n\t\t\t\t\t\t\t\t\t\t\t\t\t\t\t<img loading=\"lazy\" decoding=\"async\" width=\"768\" height=\"432\" src=\"https:\/\/www.ebroresilience.com\/wp-content\/uploads\/2023\/09\/Diseno-sin-titulo-28-768x432.png\" class=\"attachment-medium_large size-medium_large wp-image-8422\" alt=\"Esquema del tramo combinado de actuaciones, adecuaci\u00f3n morfol\u00f3gica entre Alfaro y Castej\u00f3n\" srcset=\"https:\/\/www.ebroresilience.com\/wp-content\/uploads\/2023\/09\/Diseno-sin-titulo-28-768x432.png 768w, https:\/\/www.ebroresilience.com\/wp-content\/uploads\/2023\/09\/Diseno-sin-titulo-28-300x169.png 300w, https:\/\/www.ebroresilience.com\/wp-content\/uploads\/2023\/09\/Diseno-sin-titulo-28-1024x576.png 1024w, https:\/\/www.ebroresilience.com\/wp-content\/uploads\/2023\/09\/Diseno-sin-titulo-28-1536x864.png 1536w, https:\/\/www.ebroresilience.com\/wp-content\/uploads\/2023\/09\/Diseno-sin-titulo-28-260x146.png 260w, https:\/\/www.ebroresilience.com\/wp-content\/uploads\/2023\/09\/Diseno-sin-titulo-28-50x28.png 50w, https:\/\/www.ebroresilience.com\/wp-content\/uploads\/2023\/09\/Diseno-sin-titulo-28-133x75.png 133w, https:\/\/www.ebroresilience.com\/wp-content\/uploads\/2023\/09\/Diseno-sin-titulo-28.png 1600w\" sizes=\"(max-width:767px) 480px, (max-width:768px) 100vw, 768px\" \/>\t\t\t\t\t\t\t\t\t\t\t\t\t\t\t<\/div>\n\t\t\t\t<\/div>\n\t\t\t\t\t<\/div>\n\t\t<\/div>\n\t\t\t\t\t<\/div>\n\t\t<\/section>\n\t\t\t\t<section class=\"elementor-section elementor-top-section elementor-element elementor-element-bd26de5 elementor-section-boxed elementor-section-height-default elementor-section-height-default\" data-id=\"bd26de5\" data-element_type=\"section\" data-e-type=\"section\">\n\t\t\t\t\t\t<div class=\"elementor-container elementor-column-gap-default\">\n\t\t\t\t\t<div class=\"elementor-column elementor-col-100 elementor-top-column elementor-element elementor-element-b644599\" data-id=\"b644599\" data-element_type=\"column\" data-e-type=\"column\">\n\t\t\t<div class=\"elementor-widget-wrap elementor-element-populated\">\n\t\t\t\t\t\t<div class=\"elementor-element elementor-element-d6323ac elementor-widget elementor-widget-text-editor\" data-id=\"d6323ac\" data-element_type=\"widget\" data-e-type=\"widget\" data-widget_type=\"text-editor.default\">\n\t\t\t\t<div class=\"elementor-widget-container\">\n\t\t\t\t\t\t\t\t\t<ol><li>At <a href=\"https:\/\/www.youtube.com\/watch?v=FJBC3caT2OY&amp;t=484s\">\n  <strong>La Roza<\/strong>\n<\/a>the morphological adaptation has been carried out by the Ebro Hydrographic Confederation, while the environmental restoration has been carried out by the Government of La Rioja. Benefits: 22 hectares of river plain have been recovered, which have also been integrated as a protected area in the <strong>Natura 2000 Network,<\/strong> with the removal of 1,343 meters of dykes that generated narrowing and the construction of a smaller defense (899 meters) and away from the riverbed, returning this space to the river. <\/li><\/ol>\t\t\t\t\t\t\t\t<\/div>\n\t\t\t\t<\/div>\n\t\t\t\t\t<\/div>\n\t\t<\/div>\n\t\t\t\t\t<\/div>\n\t\t<\/section>\n\t\t\t\t<section class=\"elementor-section elementor-top-section elementor-element elementor-element-ec9d6e7 elementor-section-boxed elementor-section-height-default elementor-section-height-default\" data-id=\"ec9d6e7\" data-element_type=\"section\" data-e-type=\"section\">\n\t\t\t\t\t\t<div class=\"elementor-container elementor-column-gap-default\">\n\t\t\t\t\t<div class=\"elementor-column elementor-col-100 elementor-top-column elementor-element elementor-element-7b6c6ff\" data-id=\"7b6c6ff\" data-element_type=\"column\" data-e-type=\"column\">\n\t\t\t<div class=\"elementor-widget-wrap elementor-element-populated\">\n\t\t\t\t\t\t<div class=\"elementor-element elementor-element-7fed6cd elementor-widget elementor-widget-text-editor\" data-id=\"7fed6cd\" data-element_type=\"widget\" data-e-type=\"widget\" data-widget_type=\"text-editor.default\">\n\t\t\t\t<div class=\"elementor-widget-container\">\n\t\t\t\t\t\t\t\t\t<p>In addition, river dynamics have been improved:<\/p><ul><li>A relief channel has been created connecting the river to the La Roza meander.<\/li><li>The drainage capacity of the railroad bridge eyes has been improved.<\/li><li>Invasive flora species have been removed<\/li><li>A new wetland has been generated<\/li><\/ul>\t\t\t\t\t\t\t\t<\/div>\n\t\t\t\t<\/div>\n\t\t\t\t\t<\/div>\n\t\t<\/div>\n\t\t\t\t\t<\/div>\n\t\t<\/section>\n\t\t\t\t<section class=\"elementor-section elementor-top-section elementor-element elementor-element-8286247 elementor-section-boxed elementor-section-height-default elementor-section-height-default\" data-id=\"8286247\" data-element_type=\"section\" data-e-type=\"section\">\n\t\t\t\t\t\t<div class=\"elementor-container elementor-column-gap-default\">\n\t\t\t\t\t<div class=\"elementor-column elementor-col-100 elementor-top-column elementor-element elementor-element-0c7bccd\" data-id=\"0c7bccd\" data-element_type=\"column\" data-e-type=\"column\">\n\t\t\t<div class=\"elementor-widget-wrap elementor-element-populated\">\n\t\t\t\t\t\t<div class=\"elementor-element elementor-element-acd5a56 elementor-widget elementor-widget-image\" data-id=\"acd5a56\" data-element_type=\"widget\" data-e-type=\"widget\" data-widget_type=\"image.default\">\n\t\t\t\t<div class=\"elementor-widget-container\">\n\t\t\t\t\t\t\t\t\t\t\t\t<figure class=\"wp-caption\">\n\t\t\t\t\t\t\t\t\t\t<img loading=\"lazy\" decoding=\"async\" width=\"768\" height=\"341\" src=\"https:\/\/www.ebroresilience.com\/wp-content\/uploads\/2024\/07\/LA-ROZA-LADEJA_20240228120755_0162_D-Panoramica-768x341.jpg\" class=\"attachment-medium_large size-medium_large wp-image-11856\" alt=\"Panor\u00e1mica La Roza\" srcset=\"https:\/\/www.ebroresilience.com\/wp-content\/uploads\/2024\/07\/LA-ROZA-LADEJA_20240228120755_0162_D-Panoramica-768x341.jpg 768w, https:\/\/www.ebroresilience.com\/wp-content\/uploads\/2024\/07\/LA-ROZA-LADEJA_20240228120755_0162_D-Panoramica-300x133.jpg 300w, https:\/\/www.ebroresilience.com\/wp-content\/uploads\/2024\/07\/LA-ROZA-LADEJA_20240228120755_0162_D-Panoramica-1024x455.jpg 1024w, https:\/\/www.ebroresilience.com\/wp-content\/uploads\/2024\/07\/LA-ROZA-LADEJA_20240228120755_0162_D-Panoramica-1536x682.jpg 1536w, https:\/\/www.ebroresilience.com\/wp-content\/uploads\/2024\/07\/LA-ROZA-LADEJA_20240228120755_0162_D-Panoramica-2048x910.jpg 2048w, https:\/\/www.ebroresilience.com\/wp-content\/uploads\/2024\/07\/LA-ROZA-LADEJA_20240228120755_0162_D-Panoramica-260x116.jpg 260w, https:\/\/www.ebroresilience.com\/wp-content\/uploads\/2024\/07\/LA-ROZA-LADEJA_20240228120755_0162_D-Panoramica-50x22.jpg 50w, https:\/\/www.ebroresilience.com\/wp-content\/uploads\/2024\/07\/LA-ROZA-LADEJA_20240228120755_0162_D-Panoramica-150x67.jpg 150w\" sizes=\"(max-width:767px) 480px, (max-width:768px) 100vw, 768px\" \/>\t\t\t\t\t\t\t\t\t\t\t<figcaption class=\"widget-image-caption wp-caption-text\">La Roza (Alfaro). Floods of 2024, all the eyes of the bridge allow the passage of flows.   <\/figcaption>\n\t\t\t\t\t\t\t\t\t\t<\/figure>\n\t\t\t\t\t\t\t\t\t<\/div>\n\t\t\t\t<\/div>\n\t\t\t\t\t<\/div>\n\t\t<\/div>\n\t\t\t\t\t<\/div>\n\t\t<\/section>\n\t\t\t\t<section class=\"elementor-section elementor-top-section elementor-element elementor-element-91d380c elementor-section-boxed elementor-section-height-default elementor-section-height-default\" data-id=\"91d380c\" data-element_type=\"section\" data-e-type=\"section\">\n\t\t\t\t\t\t<div class=\"elementor-container elementor-column-gap-default\">\n\t\t\t\t\t<div class=\"elementor-column elementor-col-100 elementor-top-column elementor-element elementor-element-711799e\" data-id=\"711799e\" data-element_type=\"column\" data-e-type=\"column\">\n\t\t\t<div class=\"elementor-widget-wrap elementor-element-populated\">\n\t\t\t\t\t\t<div class=\"elementor-element elementor-element-0e4e5f6 elementor-widget elementor-widget-text-editor\" data-id=\"0e4e5f6\" data-element_type=\"widget\" data-e-type=\"widget\" data-widget_type=\"text-editor.default\">\n\t\t\t\t<div class=\"elementor-widget-container\">\n\t\t\t\t\t\t\t\t\t<p>2. In the <a href=\"https:\/\/www.youtube.com\/watch?v=dPDF9nIZ5Ek&amp;t=23s\">\n  <strong>Soto de Alfaro<\/strong>\n<\/a>the lost branches of the river have been reopened. The recovered branches, in a space of 60 hectares, <g id=\"gid_2\">act as irrigation channels of the soto: they allow the Ebro flows to enter this meander with floods of 800 <g id=\"gid_3\">m3\/s<\/g> and not with the 1,200 <g id=\"gid_4\">m3\/s<\/g> <\/g>that were necessary before the intervention. In this way, the effect of floodplain lamination in floods is increased by eliminating the current narrowing of the channel section and, additionally, the effects of erosion of the riverbed are reduced in the section of the Ebro River that is currently under construction.  <\/p>\t\t\t\t\t\t\t\t<\/div>\n\t\t\t\t<\/div>\n\t\t\t\t\t<\/div>\n\t\t<\/div>\n\t\t\t\t\t<\/div>\n\t\t<\/section>\n\t\t\t\t<section class=\"elementor-section elementor-top-section elementor-element elementor-element-14d691c elementor-section-boxed elementor-section-height-default elementor-section-height-default\" data-id=\"14d691c\" data-element_type=\"section\" data-e-type=\"section\">\n\t\t\t\t\t\t<div class=\"elementor-container elementor-column-gap-default\">\n\t\t\t\t\t<div class=\"elementor-column elementor-col-100 elementor-top-column elementor-element elementor-element-f4a331a\" data-id=\"f4a331a\" data-element_type=\"column\" data-e-type=\"column\">\n\t\t\t<div class=\"elementor-widget-wrap elementor-element-populated\">\n\t\t\t\t\t\t<div class=\"elementor-element elementor-element-270feee elementor-widget elementor-widget-image\" data-id=\"270feee\" data-element_type=\"widget\" data-e-type=\"widget\" data-widget_type=\"image.default\">\n\t\t\t\t<div class=\"elementor-widget-container\">\n\t\t\t\t\t\t\t\t\t\t\t\t<figure class=\"wp-caption\">\n\t\t\t\t\t\t\t\t\t\t<img loading=\"lazy\" decoding=\"async\" width=\"768\" height=\"311\" src=\"https:\/\/www.ebroresilience.com\/wp-content\/uploads\/2025\/01\/soto-de-Alfaro-brazos-recuperados-2-768x311.jpg\" class=\"attachment-medium_large size-medium_large wp-image-13140\" alt=\"Recuperaci\u00f3n de brazos de r\u00edo en el Soto de Alfaro, imagen durante las crecidas de diciembre en 2024.\" srcset=\"https:\/\/www.ebroresilience.com\/wp-content\/uploads\/2025\/01\/soto-de-Alfaro-brazos-recuperados-2-768x311.jpg 768w, https:\/\/www.ebroresilience.com\/wp-content\/uploads\/2025\/01\/soto-de-Alfaro-brazos-recuperados-2-300x121.jpg 300w, https:\/\/www.ebroresilience.com\/wp-content\/uploads\/2025\/01\/soto-de-Alfaro-brazos-recuperados-2-1024x414.jpg 1024w, https:\/\/www.ebroresilience.com\/wp-content\/uploads\/2025\/01\/soto-de-Alfaro-brazos-recuperados-2-1536x621.jpg 1536w, https:\/\/www.ebroresilience.com\/wp-content\/uploads\/2025\/01\/soto-de-Alfaro-brazos-recuperados-2-2048x829.jpg 2048w, https:\/\/www.ebroresilience.com\/wp-content\/uploads\/2025\/01\/soto-de-Alfaro-brazos-recuperados-2-150x61.jpg 150w, https:\/\/www.ebroresilience.com\/wp-content\/uploads\/2025\/01\/soto-de-Alfaro-brazos-recuperados-2-480x194.jpg 480w\" sizes=\"(max-width:767px) 480px, (max-width:768px) 100vw, 768px\" \/>\t\t\t\t\t\t\t\t\t\t\t<figcaption class=\"widget-image-caption wp-caption-text\">Recuperaci\u00f3n de brazos de r\u00edo en el Soto de Alfaro, imagen durante las crecidas de diciembre en 2024.<\/figcaption>\n\t\t\t\t\t\t\t\t\t\t<\/figure>\n\t\t\t\t\t\t\t\t\t<\/div>\n\t\t\t\t<\/div>\n\t\t\t\t\t<\/div>\n\t\t<\/div>\n\t\t\t\t\t<\/div>\n\t\t<\/section>\n\t\t\t\t<section class=\"elementor-section elementor-top-section elementor-element elementor-element-0ae66e9 elementor-section-boxed elementor-section-height-default elementor-section-height-default\" data-id=\"0ae66e9\" data-element_type=\"section\" data-e-type=\"section\">\n\t\t\t\t\t\t<div class=\"elementor-container elementor-column-gap-default\">\n\t\t\t\t\t<div class=\"elementor-column elementor-col-100 elementor-top-column elementor-element elementor-element-263f107\" data-id=\"263f107\" data-element_type=\"column\" data-e-type=\"column\">\n\t\t\t<div class=\"elementor-widget-wrap elementor-element-populated\">\n\t\t\t\t\t\t<div class=\"elementor-element elementor-element-f131c15 elementor-widget elementor-widget-text-editor\" data-id=\"f131c15\" data-element_type=\"widget\" data-e-type=\"widget\" data-widget_type=\"text-editor.default\">\n\t\t\t\t<div class=\"elementor-widget-container\">\n\t\t\t\t\t\t\t\t\t<p>3. In this section, in addition, <strong>an interesting experience of participation <\/strong> has been carried out <strong>with the <\/strong> collective definition <strong>of <\/strong> the uses in a parcel of land <strong>. <\/strong><a href=\"https:\/\/www.youtube.com\/watch?v=lW5a0tQr1tQ\">\n  <strong>the collective definition of uses in a plot of land located outside the public<\/strong>\n<\/a> located outside the public hydraulic domain, which was released during the process of making land available for the morphological adaptation of the La Roza meander, in Alfaro (La Rioja).<\/p><p> <\/p><p><strong><u>Osera de Ebro &#8211; Fuentes de Ebro  <\/u><\/strong><\/p><p>On Wednesday<strong>, October 1, the visit focused on the section Osera de Ebro &#8211; Fuentes de Ebro<\/strong> (Zaragoza), where <strong>the works to recover river space in the mejana del Conde and the meander of Aguilar<\/strong> are already <strong>concluding<\/strong>. They were accompanied by the president of the CHE, Carlos Arrazola, the director of the Aragonese Water Institute, Luis Esta\u00fan, the mayor of Osera de Ebro, Enrique G\u00f3mez, and the mayoress of Fuentes de Ebro, Mar\u00eda Pilar Palac\u00edn, together with the entire technical team. <\/p><p>This October, work will conclude on phase 1 <strong>of <\/strong> the <a href=\"https:\/\/www.youtube.com\/watch?v=n5BQMrfunGI&amp;t=27s\">\n  <strong>phase 1 of the flood risk adaptation of agricultural areas.<\/strong>\n<\/a><strong> of agricultural areas.<\/strong><\/p><ul><li>Longitudinal protections that generated narrowing of the riverbed have been eliminated and new ones have been built further away from the riverbed in the mejana del Conde and the meander of Aguilar. The work carried out by the CHE has recovered <strong>23 hectares as river space<\/strong>. The Government of Arag\u00f3n will intervene here for environmental restoration as a riparian forest.  <\/li><li>A 1.4-hectare <strong>wetland<\/strong> has been created and 1.3 hectares of <strong>exotic vegetation<\/strong> have been removed<\/li><\/ul>\t\t\t\t\t\t\t\t<\/div>\n\t\t\t\t<\/div>\n\t\t\t\t\t<\/div>\n\t\t<\/div>\n\t\t\t\t\t<\/div>\n\t\t<\/section>\n\t\t\t\t<section class=\"elementor-section elementor-top-section elementor-element elementor-element-0610603 elementor-section-boxed elementor-section-height-default elementor-section-height-default\" data-id=\"0610603\" data-element_type=\"section\" data-e-type=\"section\">\n\t\t\t\t\t\t<div class=\"elementor-container elementor-column-gap-default\">\n\t\t\t\t\t<div class=\"elementor-column elementor-col-100 elementor-top-column elementor-element elementor-element-00f1748\" data-id=\"00f1748\" data-element_type=\"column\" data-e-type=\"column\">\n\t\t\t<div class=\"elementor-widget-wrap elementor-element-populated\">\n\t\t\t\t\t\t<div class=\"elementor-element elementor-element-0ea9214 elementor-widget elementor-widget-image\" data-id=\"0ea9214\" data-element_type=\"widget\" data-e-type=\"widget\" data-widget_type=\"image.default\">\n\t\t\t\t<div class=\"elementor-widget-container\">\n\t\t\t\t\t\t\t\t\t\t\t\t<figure class=\"wp-caption\">\n\t\t\t\t\t\t\t\t\t\t<img loading=\"lazy\" decoding=\"async\" width=\"768\" height=\"575\" src=\"https:\/\/www.ebroresilience.com\/wp-content\/uploads\/2025\/09\/Retranqueo-defensa-en-Mejana-del-Conde_-04-09-2025-768x575.jpg\" class=\"attachment-medium_large size-medium_large wp-image-14903\" alt=\"Retranqueo defense in Mejana del Conde\" srcset=\"https:\/\/www.ebroresilience.com\/wp-content\/uploads\/2025\/09\/Retranqueo-defensa-en-Mejana-del-Conde_-04-09-2025-768x575.jpg 768w, https:\/\/www.ebroresilience.com\/wp-content\/uploads\/2025\/09\/Retranqueo-defensa-en-Mejana-del-Conde_-04-09-2025-300x225.jpg 300w, https:\/\/www.ebroresilience.com\/wp-content\/uploads\/2025\/09\/Retranqueo-defensa-en-Mejana-del-Conde_-04-09-2025-1024x767.jpg 1024w, https:\/\/www.ebroresilience.com\/wp-content\/uploads\/2025\/09\/Retranqueo-defensa-en-Mejana-del-Conde_-04-09-2025-1536x1150.jpg 1536w, https:\/\/www.ebroresilience.com\/wp-content\/uploads\/2025\/09\/Retranqueo-defensa-en-Mejana-del-Conde_-04-09-2025-2048x1534.jpg 2048w, https:\/\/www.ebroresilience.com\/wp-content\/uploads\/2025\/09\/Retranqueo-defensa-en-Mejana-del-Conde_-04-09-2025-100x75.jpg 100w, https:\/\/www.ebroresilience.com\/wp-content\/uploads\/2025\/09\/Retranqueo-defensa-en-Mejana-del-Conde_-04-09-2025-960x720.jpg 960w, https:\/\/www.ebroresilience.com\/wp-content\/uploads\/2025\/09\/Retranqueo-defensa-en-Mejana-del-Conde_-04-09-2025-480x359.jpg 480w\" sizes=\"(max-width:767px) 480px, (max-width:768px) 100vw, 768px\" \/>\t\t\t\t\t\t\t\t\t\t\t<figcaption class=\"widget-image-caption wp-caption-text\">Retranqueo defense in Mejana del Conde<\/figcaption>\n\t\t\t\t\t\t\t\t\t\t<\/figure>\n\t\t\t\t\t\t\t\t\t<\/div>\n\t\t\t\t<\/div>\n\t\t\t\t\t<\/div>\n\t\t<\/div>\n\t\t\t\t\t<\/div>\n\t\t<\/section>\n\t\t\t\t<section class=\"elementor-section elementor-top-section elementor-element elementor-element-9fd8b98 elementor-section-boxed elementor-section-height-default elementor-section-height-default\" data-id=\"9fd8b98\" data-element_type=\"section\" data-e-type=\"section\">\n\t\t\t\t\t\t<div class=\"elementor-container elementor-column-gap-default\">\n\t\t\t\t\t<div class=\"elementor-column elementor-col-100 elementor-top-column elementor-element elementor-element-72770de\" data-id=\"72770de\" data-element_type=\"column\" data-e-type=\"column\">\n\t\t\t<div class=\"elementor-widget-wrap elementor-element-populated\">\n\t\t\t\t\t\t<div class=\"elementor-element elementor-element-f996693 elementor-widget elementor-widget-text-editor\" data-id=\"f996693\" data-element_type=\"widget\" data-e-type=\"widget\" data-widget_type=\"text-editor.default\">\n\t\t\t\t<div class=\"elementor-widget-container\">\n\t\t\t\t\t\t\t\t\t<p>In parallel, <strong>phase 2 <\/strong> is progressing <strong>, a reference intervention for the European Commission due to the innovative nature of the proposal: the creation of Lateral Flow Buffer Zones (LFBZ). <\/strong> <\/p><ul><li>Under execution by the CHE, it involves <strong>a succession of 14 temporary flood areas, <\/strong>which are expected to be completed in early 2027.<\/li><li>The <strong>area benefited is 630 hectares<\/strong> of agricultural crops on the right bank of the Ebro in an intervention area of 11.30 kilometers.<\/li><\/ul><p>The AFZs are pre-flooded in a controlled manner during extraordinary floods and create &#8220;water mattresses&#8221;. Here, water flows over water and, as it does not impact on rigid elements and surfaces, damage and erosion are reduced. The innovative idea is that they <strong>are prepared so that the overflowing water passes continuously over the pre-flooded areas, flowing parallel to the river and helping drainage after the episodes.<\/strong>  <\/p><ul><li>They allow a faster recovery after a flood.<\/li><li>Lower costs by reducing damage to land and infrastructure during major flood events.<\/li><li>They help the flood water leave more quickly and with less damage.<\/li><\/ul>\t\t\t\t\t\t\t\t<\/div>\n\t\t\t\t<\/div>\n\t\t\t\t\t<\/div>\n\t\t<\/div>\n\t\t\t\t\t<\/div>\n\t\t<\/section>\n\t\t\t\t<section class=\"elementor-section elementor-top-section elementor-element elementor-element-b0b5bf6 elementor-section-boxed elementor-section-height-default elementor-section-height-default\" data-id=\"b0b5bf6\" data-element_type=\"section\" data-e-type=\"section\">\n\t\t\t\t\t\t<div class=\"elementor-container elementor-column-gap-default\">\n\t\t\t\t\t<div class=\"elementor-column elementor-col-100 elementor-top-column elementor-element elementor-element-b04b50d\" data-id=\"b04b50d\" data-element_type=\"column\" data-e-type=\"column\">\n\t\t\t<div class=\"elementor-widget-wrap elementor-element-populated\">\n\t\t\t\t\t\t<div class=\"elementor-element elementor-element-a7c4dfb elementor-widget elementor-widget-image\" data-id=\"a7c4dfb\" data-element_type=\"widget\" data-e-type=\"widget\" data-widget_type=\"image.default\">\n\t\t\t\t<div class=\"elementor-widget-container\">\n\t\t\t\t\t\t\t\t\t\t\t\t<figure class=\"wp-caption\">\n\t\t\t\t\t\t\t\t\t\t<img loading=\"lazy\" decoding=\"async\" width=\"768\" height=\"576\" src=\"https:\/\/www.ebroresilience.com\/wp-content\/uploads\/2025\/09\/Aguilar_Rebaje-en-construccion-ZAFL-12-13_22-08-2025-768x576.jpg\" class=\"attachment-medium_large size-medium_large wp-image-14905\" alt=\"Aguilar_Rebaje en construcci\u00f3n ZAFL\" srcset=\"https:\/\/www.ebroresilience.com\/wp-content\/uploads\/2025\/09\/Aguilar_Rebaje-en-construccion-ZAFL-12-13_22-08-2025-768x576.jpg 768w, https:\/\/www.ebroresilience.com\/wp-content\/uploads\/2025\/09\/Aguilar_Rebaje-en-construccion-ZAFL-12-13_22-08-2025-300x225.jpg 300w, https:\/\/www.ebroresilience.com\/wp-content\/uploads\/2025\/09\/Aguilar_Rebaje-en-construccion-ZAFL-12-13_22-08-2025-1024x767.jpg 1024w, https:\/\/www.ebroresilience.com\/wp-content\/uploads\/2025\/09\/Aguilar_Rebaje-en-construccion-ZAFL-12-13_22-08-2025-1536x1151.jpg 1536w, https:\/\/www.ebroresilience.com\/wp-content\/uploads\/2025\/09\/Aguilar_Rebaje-en-construccion-ZAFL-12-13_22-08-2025-2048x1535.jpg 2048w, https:\/\/www.ebroresilience.com\/wp-content\/uploads\/2025\/09\/Aguilar_Rebaje-en-construccion-ZAFL-12-13_22-08-2025-100x75.jpg 100w, https:\/\/www.ebroresilience.com\/wp-content\/uploads\/2025\/09\/Aguilar_Rebaje-en-construccion-ZAFL-12-13_22-08-2025-960x720.jpg 960w, https:\/\/www.ebroresilience.com\/wp-content\/uploads\/2025\/09\/Aguilar_Rebaje-en-construccion-ZAFL-12-13_22-08-2025-480x360.jpg 480w\" sizes=\"(max-width:767px) 480px, (max-width:768px) 100vw, 768px\" \/>\t\t\t\t\t\t\t\t\t\t\t<figcaption class=\"widget-image-caption wp-caption-text\">Aguilar_Rebaje en construcci\u00f3n ZAFL <\/figcaption>\n\t\t\t\t\t\t\t\t\t\t<\/figure>\n\t\t\t\t\t\t\t\t\t<\/div>\n\t\t\t\t<\/div>\n\t\t\t\t\t<\/div>\n\t\t<\/div>\n\t\t\t\t\t<\/div>\n\t\t<\/section>\n\t\t\t\t<section class=\"elementor-section elementor-top-section elementor-element elementor-element-21f0a43 elementor-section-boxed elementor-section-height-default elementor-section-height-default\" data-id=\"21f0a43\" data-element_type=\"section\" data-e-type=\"section\">\n\t\t\t\t\t\t<div class=\"elementor-container elementor-column-gap-default\">\n\t\t\t\t\t<div class=\"elementor-column elementor-col-100 elementor-top-column elementor-element elementor-element-f20b471\" data-id=\"f20b471\" data-element_type=\"column\" data-e-type=\"column\">\n\t\t\t<div class=\"elementor-widget-wrap elementor-element-populated\">\n\t\t\t\t\t\t<div class=\"elementor-element elementor-element-14078a1 elementor-widget elementor-widget-text-editor\" data-id=\"14078a1\" data-element_type=\"widget\" data-e-type=\"widget\" data-widget_type=\"text-editor.default\">\n\t\t\t\t<div class=\"elementor-widget-container\">\n\t\t\t\t\t\t\t\t\t<p>The participation of farmers in the area, the Irrigation Community of the Huerta del Ebro, the municipalities and other sectors involved, has been key to move forward with this approach to flood adaptation.<\/p><p>In this section, the Government of Aragon has <strong>adapted a section of the irrigation system of the Irrigation Community of the Huerta del Ebro<\/strong>, which has been buried and moved away from the riverbed. Together with a greater adaptation to the flooding of the Ebro River, by preventing the irrigation ditch from being an obstacle to the flow of water, it also increases the efficiency of the irrigation system, reducing losses and maintenance work. <\/p>\t\t\t\t\t\t\t\t<\/div>\n\t\t\t\t<\/div>\n\t\t\t\t\t<\/div>\n\t\t<\/div>\n\t\t\t\t\t<\/div>\n\t\t<\/section>\n\t\t\t\t<\/div>\n\t\t","protected":false},"excerpt":{"rendered":"<p>The European Union has shown its interest in the actions for the reduction of flood risk in the middle stretch of the Ebro, with significant progress in the planned work and this was conveyed by the representative of CINEA, Federico de Filippi, who attended the coordination and monitoring meetings and, together with institutional representatives, visited the intervention areas of the Project.<\/p>\n","protected":false},"author":5,"featured_media":15008,"comment_status":"closed","ping_status":"closed","sticky":false,"template":"","format":"standard","meta":{"_acf_changed":false,"ngg_post_thumbnail":0,"footnotes":""},"categories":[377,369],"tags":[380,378,661,381,607],"class_list":["post-15003","post","type-post","status-publish","format-standard","has-post-thumbnail","hentry","category-life-en","category-news","tag-alfaro-en","tag-ebro-resilience-en","tag-european-commission","tag-life-ebro-resilience-p1-en","tag-restauracion-en"],"acf":[],"publishpress_future_action":{"enabled":false,"date":"2026-05-07 00:15:12","action":"change-status","newStatus":"draft","terms":[],"taxonomy":"category","extraData":[]},"publishpress_future_workflow_manual_trigger":{"enabledWorkflows":[]},"_links":{"self":[{"href":"https:\/\/www.ebroresilience.com\/en\/wp-json\/wp\/v2\/posts\/15003","targetHints":{"allow":["GET"]}}],"collection":[{"href":"https:\/\/www.ebroresilience.com\/en\/wp-json\/wp\/v2\/posts"}],"about":[{"href":"https:\/\/www.ebroresilience.com\/en\/wp-json\/wp\/v2\/types\/post"}],"author":[{"embeddable":true,"href":"https:\/\/www.ebroresilience.com\/en\/wp-json\/wp\/v2\/users\/5"}],"replies":[{"embeddable":true,"href":"https:\/\/www.ebroresilience.com\/en\/wp-json\/wp\/v2\/comments?post=15003"}],"version-history":[{"count":2,"href":"https:\/\/www.ebroresilience.com\/en\/wp-json\/wp\/v2\/posts\/15003\/revisions"}],"predecessor-version":[{"id":15006,"href":"https:\/\/www.ebroresilience.com\/en\/wp-json\/wp\/v2\/posts\/15003\/revisions\/15006"}],"wp:featuredmedia":[{"embeddable":true,"href":"https:\/\/www.ebroresilience.com\/en\/wp-json\/wp\/v2\/media\/15008"}],"wp:attachment":[{"href":"https:\/\/www.ebroresilience.com\/en\/wp-json\/wp\/v2\/media?parent=15003"}],"wp:term":[{"taxonomy":"category","embeddable":true,"href":"https:\/\/www.ebroresilience.com\/en\/wp-json\/wp\/v2\/categories?post=15003"},{"taxonomy":"post_tag","embeddable":true,"href":"https:\/\/www.ebroresilience.com\/en\/wp-json\/wp\/v2\/tags?post=15003"}],"curies":[{"name":"wp","href":"https:\/\/api.w.org\/{rel}","templated":true}]}}