{"id":14856,"date":"2025-09-22T07:09:04","date_gmt":"2025-09-22T05:09:04","guid":{"rendered":"https:\/\/www.ebroresilience.com\/enjoying-the-river-and-learning-about-floods-two-new-interpretive-trails-in-october-2\/"},"modified":"2025-09-29T09:32:16","modified_gmt":"2025-09-29T07:32:16","slug":"enjoying-the-river-and-learning-about-floods-two-new-interpretive-trails-in-october-2","status":"publish","type":"post","link":"https:\/\/www.ebroresilience.com\/en\/enjoying-the-river-and-learning-about-floods-two-new-interpretive-trails-in-october-2\/","title":{"rendered":"Enjoying the river and learning about floods: two new interpretive trails in October"},"content":{"rendered":"\t\t<div data-elementor-type=\"wp-post\" data-elementor-id=\"14856\" class=\"elementor elementor-14856\" data-elementor-post-type=\"post\">\n\t\t\t\t\t\t<section class=\"elementor-section elementor-top-section elementor-element elementor-element-c3f7cf7 elementor-section-boxed elementor-section-height-default elementor-section-height-default\" data-id=\"c3f7cf7\" data-element_type=\"section\" data-e-type=\"section\">\n\t\t\t\t\t\t<div class=\"elementor-container elementor-column-gap-default\">\n\t\t\t\t\t<div class=\"elementor-column elementor-col-100 elementor-top-column elementor-element elementor-element-e2d673a\" data-id=\"e2d673a\" data-element_type=\"column\" data-e-type=\"column\">\n\t\t\t<div class=\"elementor-widget-wrap elementor-element-populated\">\n\t\t\t\t\t\t<div class=\"elementor-element elementor-element-4adfb82 elementor-widget elementor-widget-text-editor\" data-id=\"4adfb82\" data-element_type=\"widget\" data-e-type=\"widget\" data-widget_type=\"text-editor.default\">\n\t\t\t\t<div class=\"elementor-widget-container\">\n\t\t\t\t\t\t\t\t\t<p>Playful days of relationship with the territory and learning. The LIFE Ebro Resilience P1 Project brings the river closer to the citizens with two guided routes on October 4 and 18 that combine nature, knowledge and participation.   <\/p><p>On this occasion, neighbors of the banks of the Ebro and anyone interested are invited to discover first hand the riverside groves and the actions taken to reduce the risk of flooding.<\/p>\t\t\t\t\t\t\t\t<\/div>\n\t\t\t\t<\/div>\n\t\t\t\t\t<\/div>\n\t\t<\/div>\n\t\t\t\t\t<\/div>\n\t\t<\/section>\n\t\t\t\t<section class=\"elementor-section elementor-top-section elementor-element elementor-element-18c34fd elementor-section-boxed elementor-section-height-default elementor-section-height-default\" data-id=\"18c34fd\" data-element_type=\"section\" data-e-type=\"section\">\n\t\t\t\t\t\t<div class=\"elementor-container elementor-column-gap-default\">\n\t\t\t\t\t<div class=\"elementor-column elementor-col-100 elementor-top-column elementor-element elementor-element-0c9f693\" data-id=\"0c9f693\" data-element_type=\"column\" data-e-type=\"column\">\n\t\t\t<div class=\"elementor-widget-wrap elementor-element-populated\">\n\t\t\t\t\t\t<div class=\"elementor-element elementor-element-45f23cc elementor-widget elementor-widget-text-editor\" data-id=\"45f23cc\" data-element_type=\"widget\" data-e-type=\"widget\" data-widget_type=\"text-editor.default\">\n\t\t\t\t<div class=\"elementor-widget-container\">\n\t\t\t\t\t\t\t\t\t<p><span style=\"color: #000000;\"><strong>\ud83e\udde2 Practical information<\/strong><\/span><\/p><p><span style=\"color: #000000;\"><strong>Both activities are free, but require prior registration. It is recommended to wear comfortable clothing, a hat, appropriate footwear and walking sticks if used regularly. Upon registration, detailed logistical information will be sent to participants.    <\/strong><\/span><\/p>\t\t\t\t\t\t\t\t<\/div>\n\t\t\t\t<\/div>\n\t\t\t\t\t<\/div>\n\t\t<\/div>\n\t\t\t\t\t<\/div>\n\t\t<\/section>\n\t\t\t\t<section class=\"elementor-section elementor-top-section elementor-element elementor-element-9e771b2 elementor-section-boxed elementor-section-height-default elementor-section-height-default\" data-id=\"9e771b2\" data-element_type=\"section\" data-e-type=\"section\">\n\t\t\t\t\t\t<div class=\"elementor-container elementor-column-gap-default\">\n\t\t\t\t\t<div class=\"elementor-column elementor-col-100 elementor-top-column elementor-element elementor-element-0ac1d4d\" data-id=\"0ac1d4d\" data-element_type=\"column\" data-e-type=\"column\">\n\t\t\t<div class=\"elementor-widget-wrap elementor-element-populated\">\n\t\t\t\t\t\t<div class=\"elementor-element elementor-element-e1f91dc elementor-widget elementor-widget-text-editor\" data-id=\"e1f91dc\" data-element_type=\"widget\" data-e-type=\"widget\" data-widget_type=\"text-editor.default\">\n\t\t\t\t<div class=\"elementor-widget-container\">\n\t\t\t\t\t\t\t\t\t<p><strong><img decoding=\"async\" class=\"emoji\" role=\"img\" draggable=\"false\" src=\"https:\/\/s.w.org\/images\/core\/emoji\/16.0.1\/svg\/1f6b6.svg\" alt=\"\ud83d\udeb6\"><\/strong><strong>\u200d<\/strong><strong>\ufe0f Route through the Ebro groves between Castej\u00f3n and Alfaro<\/strong><\/p><p><img decoding=\"async\" class=\"emoji\" role=\"img\" draggable=\"false\" src=\"https:\/\/s.w.org\/images\/core\/emoji\/16.0.1\/svg\/1f4c5.svg\" alt=\"\ud83d\udcc5\"> <em>Date:<\/em> October 4, 2025<\/p><p><img decoding=\"async\" class=\"emoji\" role=\"img\" draggable=\"false\" src=\"https:\/\/s.w.org\/images\/core\/emoji\/16.0.1\/svg\/1f4cd.svg\" alt=\"\ud83d\udccd\"> <em>Itinerary:<\/em> walk through the river copses between Castej\u00f3n and Alfaro, with special attention to flood risk management and environmental restoration.<\/p>\t\t\t\t\t\t\t\t<\/div>\n\t\t\t\t<\/div>\n\t\t\t\t\t<\/div>\n\t\t<\/div>\n\t\t\t\t\t<\/div>\n\t\t<\/section>\n\t\t\t\t<section class=\"elementor-section elementor-top-section elementor-element elementor-element-5a48aaa elementor-section-boxed elementor-section-height-default elementor-section-height-default\" data-id=\"5a48aaa\" data-element_type=\"section\" data-e-type=\"section\">\n\t\t\t\t\t\t<div class=\"elementor-container elementor-column-gap-default\">\n\t\t\t\t\t<div class=\"elementor-column elementor-col-100 elementor-top-column elementor-element elementor-element-fdb5e55\" data-id=\"fdb5e55\" data-element_type=\"column\" data-e-type=\"column\">\n\t\t\t<div class=\"elementor-widget-wrap elementor-element-populated\">\n\t\t\t\t\t\t<div class=\"elementor-element elementor-element-7a5d5a2 elementor-widget elementor-widget-text-editor\" data-id=\"7a5d5a2\" data-element_type=\"widget\" data-e-type=\"widget\" data-widget_type=\"text-editor.default\">\n\t\t\t\t<div class=\"elementor-widget-container\">\n\t\t\t\t\t\t\t\t\t<p>During this activity, key issues on adaptation to flood risk in this stretch of the river will be addressed, and dialogue with participants will be encouraged. The route, which will start in Castej\u00f3n (Navarra), go to Alfaro (La Rioja) and return to the municipality of Navarra, is an opportunity to learn about the biodiversity of the copses and reflect on how to coexist with the floods of the Ebro.   <\/p>\t\t\t\t\t\t\t\t<\/div>\n\t\t\t\t<\/div>\n\t\t\t\t\t<\/div>\n\t\t<\/div>\n\t\t\t\t\t<\/div>\n\t\t<\/section>\n\t\t\t\t<section class=\"elementor-section elementor-top-section elementor-element elementor-element-808599a elementor-section-boxed elementor-section-height-default elementor-section-height-default\" data-id=\"808599a\" data-element_type=\"section\" data-e-type=\"section\">\n\t\t\t\t\t\t<div class=\"elementor-container elementor-column-gap-default\">\n\t\t\t\t\t<div class=\"elementor-column elementor-col-100 elementor-top-column elementor-element elementor-element-716e1c9\" data-id=\"716e1c9\" data-element_type=\"column\" data-e-type=\"column\">\n\t\t\t<div class=\"elementor-widget-wrap elementor-element-populated\">\n\t\t\t\t\t\t<div class=\"elementor-element elementor-element-ab762f5 elementor-align-center elementor-widget elementor-widget-button\" data-id=\"ab762f5\" data-element_type=\"widget\" data-e-type=\"widget\" data-widget_type=\"button.default\">\n\t\t\t\t<div class=\"elementor-widget-container\">\n\t\t\t\t\t\t\t\t\t<div class=\"elementor-button-wrapper\">\n\t\t\t\t\t<a class=\"elementor-button elementor-button-link elementor-size-sm\" href=\"https:\/\/forms.gle\/MEUVsf3As3VNp7TU6\" target=\"_blank\">\n\t\t\t\t\t\t<span class=\"elementor-button-content-wrapper\">\n\t\t\t\t\t\t\t\t\t<span class=\"elementor-button-text\">Castej\u00f3n - Alfaro route registration form<\/span>\n\t\t\t\t\t<\/span>\n\t\t\t\t\t<\/a>\n\t\t\t\t<\/div>\n\t\t\t\t\t\t\t\t<\/div>\n\t\t\t\t<\/div>\n\t\t\t\t\t<\/div>\n\t\t<\/div>\n\t\t\t\t\t<\/div>\n\t\t<\/section>\n\t\t\t\t<section class=\"elementor-section elementor-top-section elementor-element elementor-element-ce5e874 elementor-section-boxed elementor-section-height-default elementor-section-height-default\" data-id=\"ce5e874\" data-element_type=\"section\" data-e-type=\"section\">\n\t\t\t\t\t\t<div class=\"elementor-container elementor-column-gap-default\">\n\t\t\t\t\t<div class=\"elementor-column elementor-col-100 elementor-top-column elementor-element elementor-element-38377a5\" data-id=\"38377a5\" data-element_type=\"column\" data-e-type=\"column\">\n\t\t\t<div class=\"elementor-widget-wrap elementor-element-populated\">\n\t\t\t\t\t\t<div class=\"elementor-element elementor-element-f15b1fb elementor-widget elementor-widget-image\" data-id=\"f15b1fb\" data-element_type=\"widget\" data-e-type=\"widget\" data-widget_type=\"image.default\">\n\t\t\t\t<div class=\"elementor-widget-container\">\n\t\t\t\t\t\t\t\t\t\t\t\t\t\t\t<img fetchpriority=\"high\" decoding=\"async\" width=\"768\" height=\"1024\" src=\"https:\/\/www.ebroresilience.com\/wp-content\/uploads\/2025\/09\/RUTA-CASTEJON-ALFARO-768x1024.png\" class=\"attachment-medium_large size-medium_large wp-image-14807\" alt=\"\" srcset=\"https:\/\/www.ebroresilience.com\/wp-content\/uploads\/2025\/09\/RUTA-CASTEJON-ALFARO-768x1024.png 768w, https:\/\/www.ebroresilience.com\/wp-content\/uploads\/2025\/09\/RUTA-CASTEJON-ALFARO-225x300.png 225w, https:\/\/www.ebroresilience.com\/wp-content\/uploads\/2025\/09\/RUTA-CASTEJON-ALFARO-1152x1536.png 1152w, https:\/\/www.ebroresilience.com\/wp-content\/uploads\/2025\/09\/RUTA-CASTEJON-ALFARO-1536x2048.png 1536w, https:\/\/www.ebroresilience.com\/wp-content\/uploads\/2025\/09\/RUTA-CASTEJON-ALFARO-56x75.png 56w, https:\/\/www.ebroresilience.com\/wp-content\/uploads\/2025\/09\/RUTA-CASTEJON-ALFARO-480x640.png 480w, https:\/\/www.ebroresilience.com\/wp-content\/uploads\/2025\/09\/RUTA-CASTEJON-ALFARO-scaled.png 1920w\" sizes=\"(max-width:767px) 480px, (max-width:768px) 100vw, 768px\" \/>\t\t\t\t\t\t\t\t\t\t\t\t\t\t\t<\/div>\n\t\t\t\t<\/div>\n\t\t\t\t\t<\/div>\n\t\t<\/div>\n\t\t\t\t\t<\/div>\n\t\t<\/section>\n\t\t\t\t<section class=\"elementor-section elementor-top-section elementor-element elementor-element-4002a51 elementor-section-boxed elementor-section-height-default elementor-section-height-default\" data-id=\"4002a51\" data-element_type=\"section\" data-e-type=\"section\">\n\t\t\t\t\t\t<div class=\"elementor-container elementor-column-gap-default\">\n\t\t\t\t\t<div class=\"elementor-column elementor-col-100 elementor-top-column elementor-element elementor-element-5cbb6b1\" data-id=\"5cbb6b1\" data-element_type=\"column\" data-e-type=\"column\">\n\t\t\t<div class=\"elementor-widget-wrap elementor-element-populated\">\n\t\t\t\t\t\t<div class=\"elementor-element elementor-element-2c7e0ff elementor-widget elementor-widget-spacer\" data-id=\"2c7e0ff\" data-element_type=\"widget\" data-e-type=\"widget\" data-widget_type=\"spacer.default\">\n\t\t\t\t<div class=\"elementor-widget-container\">\n\t\t\t\t\t\t\t<div class=\"elementor-spacer\">\n\t\t\t<div class=\"elementor-spacer-inner\"><\/div>\n\t\t<\/div>\n\t\t\t\t\t\t<\/div>\n\t\t\t\t<\/div>\n\t\t\t\t\t<\/div>\n\t\t<\/div>\n\t\t\t\t\t<\/div>\n\t\t<\/section>\n\t\t\t\t<section class=\"elementor-section elementor-top-section elementor-element elementor-element-83bf6cf elementor-section-boxed elementor-section-height-default elementor-section-height-default\" data-id=\"83bf6cf\" data-element_type=\"section\" data-e-type=\"section\">\n\t\t\t\t\t\t<div class=\"elementor-container elementor-column-gap-default\">\n\t\t\t\t\t<div class=\"elementor-column elementor-col-100 elementor-top-column elementor-element elementor-element-2cbee70\" data-id=\"2cbee70\" data-element_type=\"column\" data-e-type=\"column\">\n\t\t\t<div class=\"elementor-widget-wrap elementor-element-populated\">\n\t\t\t\t\t\t<div class=\"elementor-element elementor-element-d2d6173 elementor-widget elementor-widget-text-editor\" data-id=\"d2d6173\" data-element_type=\"widget\" data-e-type=\"widget\" data-widget_type=\"text-editor.default\">\n\t\t\t\t<div class=\"elementor-widget-container\">\n\t\t\t\t\t\t\t\t\t<p><strong><img decoding=\"async\" class=\"emoji\" role=\"img\" draggable=\"false\" src=\"https:\/\/s.w.org\/images\/core\/emoji\/16.0.1\/svg\/1f6b6.svg\" alt=\"\ud83d\udeb6\"><\/strong> <strong>Route along the Meandro de Aguilar (Zaragoza) under construction<\/strong><\/p><p><em>\ud83d\udcc5 Date:<\/em> October 18, 2025<\/p><p>\ud83d\udccd <em>Itinerary:<\/em> circular route of about 6 km through the meander of Aguilar, in Fuentes de Ebro (Zaragoza) where works are currently being carried out for the recessing of the dams and river restoration.<\/p>\t\t\t\t\t\t\t\t<\/div>\n\t\t\t\t<\/div>\n\t\t\t\t\t<\/div>\n\t\t<\/div>\n\t\t\t\t\t<\/div>\n\t\t<\/section>\n\t\t\t\t<section class=\"elementor-section elementor-top-section elementor-element elementor-element-36160f7 elementor-section-boxed elementor-section-height-default elementor-section-height-default\" data-id=\"36160f7\" data-element_type=\"section\" data-e-type=\"section\">\n\t\t\t\t\t\t<div class=\"elementor-container elementor-column-gap-default\">\n\t\t\t\t\t<div class=\"elementor-column elementor-col-100 elementor-top-column elementor-element elementor-element-3229b20\" data-id=\"3229b20\" data-element_type=\"column\" data-e-type=\"column\">\n\t\t\t<div class=\"elementor-widget-wrap elementor-element-populated\">\n\t\t\t\t\t\t<div class=\"elementor-element elementor-element-2fc68fe elementor-widget elementor-widget-text-editor\" data-id=\"2fc68fe\" data-element_type=\"widget\" data-e-type=\"widget\" data-widget_type=\"text-editor.default\">\n\t\t\t\t<div class=\"elementor-widget-container\">\n\t\t\t\t\t\t\t\t\t<p>This route will allow direct observation of the interventions underway to widen the river space and reduce flood damage. In addition, the concept of lateral flow buffer zones and temporary flood areas, one of the most innovative proposals of the LIFE Ebro Resilience P1 project, will be explained.   <\/p>\t\t\t\t\t\t\t\t<\/div>\n\t\t\t\t<\/div>\n\t\t\t\t\t<\/div>\n\t\t<\/div>\n\t\t\t\t\t<\/div>\n\t\t<\/section>\n\t\t\t\t<section class=\"elementor-section elementor-top-section elementor-element elementor-element-d757da9 elementor-section-boxed elementor-section-height-default elementor-section-height-default\" data-id=\"d757da9\" data-element_type=\"section\" data-e-type=\"section\">\n\t\t\t\t\t\t<div class=\"elementor-container elementor-column-gap-default\">\n\t\t\t\t\t<div class=\"elementor-column elementor-col-100 elementor-top-column elementor-element elementor-element-2b68378\" data-id=\"2b68378\" data-element_type=\"column\" data-e-type=\"column\">\n\t\t\t<div class=\"elementor-widget-wrap elementor-element-populated\">\n\t\t\t\t\t\t<div class=\"elementor-element elementor-element-1c1b22c elementor-widget elementor-widget-spacer\" data-id=\"1c1b22c\" data-element_type=\"widget\" data-e-type=\"widget\" data-widget_type=\"spacer.default\">\n\t\t\t\t<div class=\"elementor-widget-container\">\n\t\t\t\t\t\t\t<div class=\"elementor-spacer\">\n\t\t\t<div class=\"elementor-spacer-inner\"><\/div>\n\t\t<\/div>\n\t\t\t\t\t\t<\/div>\n\t\t\t\t<\/div>\n\t\t\t\t\t<\/div>\n\t\t<\/div>\n\t\t\t\t\t<\/div>\n\t\t<\/section>\n\t\t\t\t<section class=\"elementor-section elementor-top-section elementor-element elementor-element-83260f6 elementor-section-boxed elementor-section-height-default elementor-section-height-default\" data-id=\"83260f6\" data-element_type=\"section\" data-e-type=\"section\">\n\t\t\t\t\t\t<div class=\"elementor-container elementor-column-gap-default\">\n\t\t\t\t\t<div class=\"elementor-column elementor-col-100 elementor-top-column elementor-element elementor-element-9cd3c61\" data-id=\"9cd3c61\" data-element_type=\"column\" data-e-type=\"column\">\n\t\t\t<div class=\"elementor-widget-wrap elementor-element-populated\">\n\t\t\t\t\t\t<div class=\"elementor-element elementor-element-ef4e3b0 elementor-align-center elementor-widget elementor-widget-button\" data-id=\"ef4e3b0\" data-element_type=\"widget\" data-e-type=\"widget\" data-widget_type=\"button.default\">\n\t\t\t\t<div class=\"elementor-widget-container\">\n\t\t\t\t\t\t\t\t\t<div class=\"elementor-button-wrapper\">\n\t\t\t\t\t<a class=\"elementor-button elementor-button-link elementor-size-sm\" href=\"https:\/\/forms.gle\/tapvYgv8VGMRgD1AA\" target=\"_blank\">\n\t\t\t\t\t\t<span class=\"elementor-button-content-wrapper\">\n\t\t\t\t\t\t\t\t\t<span class=\"elementor-button-text\">Meandro de Aguilar route registration form  <\/span>\n\t\t\t\t\t<\/span>\n\t\t\t\t\t<\/a>\n\t\t\t\t<\/div>\n\t\t\t\t\t\t\t\t<\/div>\n\t\t\t\t<\/div>\n\t\t\t\t\t<\/div>\n\t\t<\/div>\n\t\t\t\t\t<\/div>\n\t\t<\/section>\n\t\t\t\t<section class=\"elementor-section elementor-top-section elementor-element elementor-element-4ed3f80 elementor-section-boxed elementor-section-height-default elementor-section-height-default\" data-id=\"4ed3f80\" data-element_type=\"section\" data-e-type=\"section\">\n\t\t\t\t\t\t<div class=\"elementor-container elementor-column-gap-default\">\n\t\t\t\t\t<div class=\"elementor-column elementor-col-100 elementor-top-column elementor-element elementor-element-7f19d94\" data-id=\"7f19d94\" data-element_type=\"column\" data-e-type=\"column\">\n\t\t\t<div class=\"elementor-widget-wrap elementor-element-populated\">\n\t\t\t\t\t\t<div class=\"elementor-element elementor-element-24d328f elementor-widget elementor-widget-spacer\" data-id=\"24d328f\" data-element_type=\"widget\" data-e-type=\"widget\" data-widget_type=\"spacer.default\">\n\t\t\t\t<div class=\"elementor-widget-container\">\n\t\t\t\t\t\t\t<div class=\"elementor-spacer\">\n\t\t\t<div class=\"elementor-spacer-inner\"><\/div>\n\t\t<\/div>\n\t\t\t\t\t\t<\/div>\n\t\t\t\t<\/div>\n\t\t\t\t\t<\/div>\n\t\t<\/div>\n\t\t\t\t\t<\/div>\n\t\t<\/section>\n\t\t\t\t<section class=\"elementor-section elementor-top-section elementor-element elementor-element-a704da8 elementor-section-boxed elementor-section-height-default elementor-section-height-default\" data-id=\"a704da8\" data-element_type=\"section\" data-e-type=\"section\">\n\t\t\t\t\t\t<div class=\"elementor-container elementor-column-gap-default\">\n\t\t\t\t\t<div class=\"elementor-column elementor-col-100 elementor-top-column elementor-element elementor-element-5e4b17f\" data-id=\"5e4b17f\" data-element_type=\"column\" data-e-type=\"column\">\n\t\t\t<div class=\"elementor-widget-wrap elementor-element-populated\">\n\t\t\t\t\t\t<div class=\"elementor-element elementor-element-ececaab elementor-widget elementor-widget-image\" data-id=\"ececaab\" data-element_type=\"widget\" data-e-type=\"widget\" data-widget_type=\"image.default\">\n\t\t\t\t<div class=\"elementor-widget-container\">\n\t\t\t\t\t\t\t\t\t\t\t\t\t\t\t<img decoding=\"async\" width=\"768\" height=\"1024\" src=\"https:\/\/www.ebroresilience.com\/wp-content\/uploads\/2025\/09\/RUTA-FUENTES-DE-EBRO-768x1024.png\" class=\"attachment-medium_large size-medium_large wp-image-14818\" alt=\"\" srcset=\"https:\/\/www.ebroresilience.com\/wp-content\/uploads\/2025\/09\/RUTA-FUENTES-DE-EBRO-768x1024.png 768w, https:\/\/www.ebroresilience.com\/wp-content\/uploads\/2025\/09\/RUTA-FUENTES-DE-EBRO-225x300.png 225w, https:\/\/www.ebroresilience.com\/wp-content\/uploads\/2025\/09\/RUTA-FUENTES-DE-EBRO-1152x1536.png 1152w, https:\/\/www.ebroresilience.com\/wp-content\/uploads\/2025\/09\/RUTA-FUENTES-DE-EBRO-1536x2048.png 1536w, https:\/\/www.ebroresilience.com\/wp-content\/uploads\/2025\/09\/RUTA-FUENTES-DE-EBRO-56x75.png 56w, https:\/\/www.ebroresilience.com\/wp-content\/uploads\/2025\/09\/RUTA-FUENTES-DE-EBRO-480x640.png 480w, https:\/\/www.ebroresilience.com\/wp-content\/uploads\/2025\/09\/RUTA-FUENTES-DE-EBRO-scaled.png 1920w\" sizes=\"(max-width:767px) 480px, (max-width:768px) 100vw, 768px\" \/>\t\t\t\t\t\t\t\t\t\t\t\t\t\t\t<\/div>\n\t\t\t\t<\/div>\n\t\t\t\t\t<\/div>\n\t\t<\/div>\n\t\t\t\t\t<\/div>\n\t\t<\/section>\n\t\t\t\t<section class=\"elementor-section elementor-top-section elementor-element elementor-element-7a08eda elementor-section-boxed elementor-section-height-default elementor-section-height-default\" data-id=\"7a08eda\" data-element_type=\"section\" data-e-type=\"section\">\n\t\t\t\t\t\t<div class=\"elementor-container elementor-column-gap-default\">\n\t\t\t\t\t<div class=\"elementor-column elementor-col-100 elementor-top-column elementor-element elementor-element-bac635a\" data-id=\"bac635a\" data-element_type=\"column\" data-e-type=\"column\">\n\t\t\t<div class=\"elementor-widget-wrap elementor-element-populated\">\n\t\t\t\t\t\t<div class=\"elementor-element elementor-element-7485ae7 elementor-widget elementor-widget-spacer\" data-id=\"7485ae7\" data-element_type=\"widget\" data-e-type=\"widget\" data-widget_type=\"spacer.default\">\n\t\t\t\t<div class=\"elementor-widget-container\">\n\t\t\t\t\t\t\t<div class=\"elementor-spacer\">\n\t\t\t<div class=\"elementor-spacer-inner\"><\/div>\n\t\t<\/div>\n\t\t\t\t\t\t<\/div>\n\t\t\t\t<\/div>\n\t\t\t\t\t<\/div>\n\t\t<\/div>\n\t\t\t\t\t<\/div>\n\t\t<\/section>\n\t\t\t\t<section class=\"elementor-section elementor-top-section elementor-element elementor-element-c25540f elementor-section-boxed elementor-section-height-default elementor-section-height-default\" data-id=\"c25540f\" data-element_type=\"section\" data-e-type=\"section\">\n\t\t\t\t\t\t<div class=\"elementor-container elementor-column-gap-default\">\n\t\t\t\t\t<div class=\"elementor-column elementor-col-100 elementor-top-column elementor-element elementor-element-7ff4d58\" data-id=\"7ff4d58\" data-element_type=\"column\" data-e-type=\"column\">\n\t\t\t<div class=\"elementor-widget-wrap elementor-element-populated\">\n\t\t\t\t\t\t<div class=\"elementor-element elementor-element-490915a elementor-widget elementor-widget-text-editor\" data-id=\"490915a\" data-element_type=\"widget\" data-e-type=\"widget\" data-widget_type=\"text-editor.default\">\n\t\t\t\t<div class=\"elementor-widget-container\">\n\t\t\t\t\t\t\t\t\t<p><strong>LIFE Ebro Resilience  <\/strong><\/p><p>This project has European funding and brings together public administrations to reduce the effects of flood risk in the middle stretch (Ministry for Ecological Transition and the Demographic Challenge; Ebro Hydrographic Confederation; Government of Aragon and the Aragonese Water Institute).<\/p><p>In recent years, in addition to interventions to adapt to the floods, it has been carrying out informative activities such as these routes, descents in inflatable boats in different sections of the river, exhibitions, etc.<\/p>\t\t\t\t\t\t\t\t<\/div>\n\t\t\t\t<\/div>\n\t\t\t\t\t<\/div>\n\t\t<\/div>\n\t\t\t\t\t<\/div>\n\t\t<\/section>\n\t\t\t\t<section class=\"elementor-section elementor-top-section elementor-element elementor-element-5bb0c95 elementor-section-boxed elementor-section-height-default elementor-section-height-default\" data-id=\"5bb0c95\" data-element_type=\"section\" data-e-type=\"section\">\n\t\t\t\t\t\t<div class=\"elementor-container elementor-column-gap-default\">\n\t\t\t\t\t<div class=\"elementor-column elementor-col-100 elementor-top-column elementor-element elementor-element-17ba3d0\" data-id=\"17ba3d0\" data-element_type=\"column\" data-e-type=\"column\">\n\t\t\t<div class=\"elementor-widget-wrap elementor-element-populated\">\n\t\t\t\t\t\t<div class=\"elementor-element elementor-element-8f7e6d3 elementor-widget elementor-widget-text-editor\" data-id=\"8f7e6d3\" data-element_type=\"widget\" data-e-type=\"widget\" data-widget_type=\"text-editor.default\">\n\t\t\t\t<div class=\"elementor-widget-container\">\n\t\t\t\t\t\t\t\t\t<p><strong>Proceedings<\/strong><\/p><p>In the combined section of actions, <strong>Project Zone 1 between Alfaro and Castej\u00f3n<\/strong>, the LIFE Ebro Resilience P1 project has implemented nature-based solutions to improve the capacity of the river and recover floodable areas. The morphological adaptation of the La Roza meander has returned 22 hectares to the river dynamics and is now part of the Natura 2000 Network &#8220;Sotos y Riberas del Ebro&#8221;.   <\/p><p>In addition, old river branches have been reopened in the Soto de Alfaro, restoring a total of 60 hectares and irrigating the forest to reactivate its natural processes.<\/p><p>The morphological adaptation and recovery of the fluvial space of the meander of El Se\u00f1or\u00edo, in Castej\u00f3n, is planned.<\/p><p> <\/p>\t\t\t\t\t\t\t\t<\/div>\n\t\t\t\t<\/div>\n\t\t\t\t\t<\/div>\n\t\t<\/div>\n\t\t\t\t\t<\/div>\n\t\t<\/section>\n\t\t\t\t<section class=\"elementor-section elementor-top-section elementor-element elementor-element-10bc287 elementor-section-boxed elementor-section-height-default elementor-section-height-default\" data-id=\"10bc287\" data-element_type=\"section\" data-e-type=\"section\">\n\t\t\t\t\t\t<div class=\"elementor-container elementor-column-gap-default\">\n\t\t\t\t\t<div class=\"elementor-column elementor-col-50 elementor-top-column elementor-element elementor-element-0b4652c\" data-id=\"0b4652c\" data-element_type=\"column\" data-e-type=\"column\">\n\t\t\t<div class=\"elementor-widget-wrap elementor-element-populated\">\n\t\t\t\t\t\t<div class=\"elementor-element elementor-element-9af8ddc elementor-widget elementor-widget-image\" data-id=\"9af8ddc\" data-element_type=\"widget\" data-e-type=\"widget\" data-widget_type=\"image.default\">\n\t\t\t\t<div class=\"elementor-widget-container\">\n\t\t\t\t\t\t\t\t\t\t\t\t\t\t\t<img decoding=\"async\" width=\"1024\" height=\"853\" src=\"https:\/\/www.ebroresilience.com\/wp-content\/uploads\/2025\/02\/3-1024x853.png\" class=\"attachment-large size-large wp-image-13274\" alt=\"\" srcset=\"https:\/\/www.ebroresilience.com\/wp-content\/uploads\/2025\/02\/3-1024x853.png 1024w, https:\/\/www.ebroresilience.com\/wp-content\/uploads\/2025\/02\/3-300x250.png 300w, https:\/\/www.ebroresilience.com\/wp-content\/uploads\/2025\/02\/3-768x640.png 768w, https:\/\/www.ebroresilience.com\/wp-content\/uploads\/2025\/02\/3-90x75.png 90w, https:\/\/www.ebroresilience.com\/wp-content\/uploads\/2025\/02\/3-480x400.png 480w, https:\/\/www.ebroresilience.com\/wp-content\/uploads\/2025\/02\/3.png 1417w\" sizes=\"(max-width:767px) 480px, (max-width:1024px) 100vw, 1024px\" \/>\t\t\t\t\t\t\t\t\t\t\t\t\t\t\t<\/div>\n\t\t\t\t<\/div>\n\t\t\t\t\t<\/div>\n\t\t<\/div>\n\t\t\t\t<div class=\"elementor-column elementor-col-50 elementor-top-column elementor-element elementor-element-5b05bfa\" data-id=\"5b05bfa\" data-element_type=\"column\" data-e-type=\"column\">\n\t\t\t<div class=\"elementor-widget-wrap elementor-element-populated\">\n\t\t\t\t\t\t<div class=\"elementor-element elementor-element-a803551 elementor-widget elementor-widget-image\" data-id=\"a803551\" data-element_type=\"widget\" data-e-type=\"widget\" data-widget_type=\"image.default\">\n\t\t\t\t<div class=\"elementor-widget-container\">\n\t\t\t\t\t\t\t\t\t\t\t\t\t\t\t<img loading=\"lazy\" decoding=\"async\" width=\"1024\" height=\"682\" src=\"https:\/\/www.ebroresilience.com\/wp-content\/uploads\/2025\/07\/IMAGENES-NOTICIA-ZONA-2-ESTRECHAMIENTOS--1024x682.png\" class=\"attachment-large size-large wp-image-14596\" alt=\"Imagen v\u00eddeo adaptaci\u00f3n zona agr\u00edcola. Estrechamientos del r\u00edo.\" srcset=\"https:\/\/www.ebroresilience.com\/wp-content\/uploads\/2025\/07\/IMAGENES-NOTICIA-ZONA-2-ESTRECHAMIENTOS--1024x682.png 1024w, https:\/\/www.ebroresilience.com\/wp-content\/uploads\/2025\/07\/IMAGENES-NOTICIA-ZONA-2-ESTRECHAMIENTOS--300x200.png 300w, https:\/\/www.ebroresilience.com\/wp-content\/uploads\/2025\/07\/IMAGENES-NOTICIA-ZONA-2-ESTRECHAMIENTOS--768x512.png 768w, https:\/\/www.ebroresilience.com\/wp-content\/uploads\/2025\/07\/IMAGENES-NOTICIA-ZONA-2-ESTRECHAMIENTOS--1536x1024.png 1536w, https:\/\/www.ebroresilience.com\/wp-content\/uploads\/2025\/07\/IMAGENES-NOTICIA-ZONA-2-ESTRECHAMIENTOS--113x75.png 113w, https:\/\/www.ebroresilience.com\/wp-content\/uploads\/2025\/07\/IMAGENES-NOTICIA-ZONA-2-ESTRECHAMIENTOS--480x320.png 480w, https:\/\/www.ebroresilience.com\/wp-content\/uploads\/2025\/07\/IMAGENES-NOTICIA-ZONA-2-ESTRECHAMIENTOS-.png 1772w\" sizes=\"(max-width:767px) 480px, (max-width:1024px) 100vw, 1024px\" \/>\t\t\t\t\t\t\t\t\t\t\t\t\t\t\t<\/div>\n\t\t\t\t<\/div>\n\t\t\t\t\t<\/div>\n\t\t<\/div>\n\t\t\t\t\t<\/div>\n\t\t<\/section>\n\t\t\t\t<section class=\"elementor-section elementor-top-section elementor-element elementor-element-f413253 elementor-section-boxed elementor-section-height-default elementor-section-height-default\" data-id=\"f413253\" data-element_type=\"section\" data-e-type=\"section\">\n\t\t\t\t\t\t<div class=\"elementor-container elementor-column-gap-default\">\n\t\t\t\t\t<div class=\"elementor-column elementor-col-100 elementor-top-column elementor-element elementor-element-dcd43b6\" data-id=\"dcd43b6\" data-element_type=\"column\" data-e-type=\"column\">\n\t\t\t<div class=\"elementor-widget-wrap elementor-element-populated\">\n\t\t\t\t\t\t<div class=\"elementor-element elementor-element-93864a9 elementor-widget elementor-widget-text-editor\" data-id=\"93864a9\" data-element_type=\"widget\" data-e-type=\"widget\" data-widget_type=\"text-editor.default\">\n\t\t\t\t<div class=\"elementor-widget-container\">\n\t\t\t\t\t\t\t\t\t<p><strong>In Zone 2, in the Osera de Ebro &#8211; Fuentes de Ebro<\/strong> (Zaragoza) <strong>section<\/strong>, where the Aguilar meander is located, LIFE Ebro Resilience P1 is in the first phase of morphological adaptation.<\/p><p>A total of 2,035 m of protection dikes are being removed along the riverbed and are being built further away from the river, thus recovering 20 hectares of river space for environmental restoration.<\/p><p>In addition, a section of secondary irrigation pipeline has been buried and moved, avoiding interruptions in the supply during floods and improving water efficiency in the adjacent agricultural area.<\/p><p>The project is moving towards the implementation of Lateral Flow Buffer Zones (LFZ) on 350 hectares of farms.<\/p><p>These areas will be flooded in a controlled manner just before the river overcomes its defenses, generating &#8220;water mattresses&#8221; that allow the flood to pass parallel to the main channel.<\/p><p>This minimizes erosion damage and losses to crops and infrastructure.<\/p><p>Like all LIFE Ebro Resilience P1 actions, the definition of these SFPAs has been carried out through a participatory process with farmers, municipalities and technicians, becoming an innovative reference solution for adaptive flood management in other European basins.<\/p>\t\t\t\t\t\t\t\t<\/div>\n\t\t\t\t<\/div>\n\t\t\t\t\t<\/div>\n\t\t<\/div>\n\t\t\t\t\t<\/div>\n\t\t<\/section>\n\t\t\t\t<section class=\"elementor-section elementor-top-section elementor-element elementor-element-445def2 elementor-section-boxed elementor-section-height-default elementor-section-height-default\" data-id=\"445def2\" data-element_type=\"section\" data-e-type=\"section\">\n\t\t\t\t\t\t<div class=\"elementor-container elementor-column-gap-default\">\n\t\t\t\t\t<div class=\"elementor-column elementor-col-100 elementor-top-column elementor-element elementor-element-7904ac5\" data-id=\"7904ac5\" data-element_type=\"column\" data-e-type=\"column\">\n\t\t\t<div class=\"elementor-widget-wrap elementor-element-populated\">\n\t\t\t\t\t\t<div class=\"elementor-element elementor-element-69ba9b1 elementor-align-center elementor-widget elementor-widget-button\" data-id=\"69ba9b1\" data-element_type=\"widget\" data-e-type=\"widget\" data-widget_type=\"button.default\">\n\t\t\t\t<div class=\"elementor-widget-container\">\n\t\t\t\t\t\t\t\t\t<div class=\"elementor-button-wrapper\">\n\t\t\t\t\t<a class=\"elementor-button elementor-button-link elementor-size-sm\" href=\"https:\/\/www.ebroresilience.com\/en\/progress-life-ebro-resilience-p1\/\" target=\"_blank\">\n\t\t\t\t\t\t<span class=\"elementor-button-content-wrapper\">\n\t\t\t\t\t\t\t\t\t<span class=\"elementor-button-text\">More information on the progress of the works  <\/span>\n\t\t\t\t\t<\/span>\n\t\t\t\t\t<\/a>\n\t\t\t\t<\/div>\n\t\t\t\t\t\t\t\t<\/div>\n\t\t\t\t<\/div>\n\t\t\t\t\t<\/div>\n\t\t<\/div>\n\t\t\t\t\t<\/div>\n\t\t<\/section>\n\t\t\t\t<section class=\"elementor-section elementor-top-section elementor-element elementor-element-9395567 elementor-section-boxed elementor-section-height-default elementor-section-height-default\" data-id=\"9395567\" data-element_type=\"section\" data-e-type=\"section\">\n\t\t\t\t\t\t<div class=\"elementor-container elementor-column-gap-default\">\n\t\t\t\t\t<div class=\"elementor-column elementor-col-100 elementor-top-column elementor-element elementor-element-88823d0\" data-id=\"88823d0\" data-element_type=\"column\" data-e-type=\"column\">\n\t\t\t<div class=\"elementor-widget-wrap elementor-element-populated\">\n\t\t\t\t\t\t<div class=\"elementor-element elementor-element-7a5e6cc elementor-widget elementor-widget-text-editor\" data-id=\"7a5e6cc\" data-element_type=\"widget\" data-e-type=\"widget\" data-widget_type=\"text-editor.default\">\n\t\t\t\t<div class=\"elementor-widget-container\">\n\t\t\t\t\t\t\t\t\t<p><strong>LIFE Project<\/strong><\/p><p>The LIFE Ebro Resilience P1 Project (LIFE20 ENV\/ES\/00327),\u00a0<strong style=\"font-style: inherit;\">approved by the European Commission in the LIFE 2020 call<\/strong>, covers three autonomous communities (La Rioja, Navarra and Arag\u00f3n), has a duration of 6 years and a total budget of 13,310,350 \u20ac, with 55% European funding.<\/p><p>This project is also an example of institutional coordination and cooperation in the intervention section, its partners being the Ministry for Ecological Transition and Demographic Challenge (MITECO), through its companies TRAGSA and TRAGSATEC; the Ebro Hydrographic Confederation; the Government of La Rioja; the Government of Navarra, through Gesti\u00f3n Ambiental de Navarra, S.A. (GAN-NIK); the Government of Arag\u00f3n and the Aragonese Water Institute.<\/p>\t\t\t\t\t\t\t\t<\/div>\n\t\t\t\t<\/div>\n\t\t\t\t\t<\/div>\n\t\t<\/div>\n\t\t\t\t\t<\/div>\n\t\t<\/section>\n\t\t\t\t<\/div>\n\t\t","protected":false},"excerpt":{"rendered":"<p>On Saturday, October 4, we will walk through the Ebro copses between Castej\u00f3n (Navarra) and Alfaro (La Rioja) and on Saturday, October 18, we will walk through the meander of Aguilar, in Fuentes de Ebro, where we will be able to see the works in progress for the adaptation to flooding in this area.<\/p>\n","protected":false},"author":5,"featured_media":11756,"comment_status":"closed","ping_status":"closed","sticky":false,"template":"","format":"standard","meta":{"_acf_changed":false,"ngg_post_thumbnail":0,"footnotes":""},"categories":[377,369],"tags":[380,641,489,411,378,399,398,381,410,395,607,658],"class_list":["post-14856","post","type-post","status-publish","format-standard","has-post-thumbnail","hentry","category-life-en","category-news","tag-alfaro-en","tag-capabilities","tag-castejon-en-2","tag-castejon-en","tag-ebro-resilience-en","tag-ebro-springs","tag-flood","tag-life-ebro-resilience-p1-en","tag-osera-de-ebro-en","tag-participation","tag-restauracion-en","tag-routes"],"acf":[],"publishpress_future_action":{"enabled":false,"date":"2026-05-07 19:40:16","action":"change-status","newStatus":"draft","terms":[],"taxonomy":"category","extraData":[]},"publishpress_future_workflow_manual_trigger":{"enabledWorkflows":[]},"_links":{"self":[{"href":"https:\/\/www.ebroresilience.com\/en\/wp-json\/wp\/v2\/posts\/14856","targetHints":{"allow":["GET"]}}],"collection":[{"href":"https:\/\/www.ebroresilience.com\/en\/wp-json\/wp\/v2\/posts"}],"about":[{"href":"https:\/\/www.ebroresilience.com\/en\/wp-json\/wp\/v2\/types\/post"}],"author":[{"embeddable":true,"href":"https:\/\/www.ebroresilience.com\/en\/wp-json\/wp\/v2\/users\/5"}],"replies":[{"embeddable":true,"href":"https:\/\/www.ebroresilience.com\/en\/wp-json\/wp\/v2\/comments?post=14856"}],"version-history":[{"count":4,"href":"https:\/\/www.ebroresilience.com\/en\/wp-json\/wp\/v2\/posts\/14856\/revisions"}],"predecessor-version":[{"id":14952,"href":"https:\/\/www.ebroresilience.com\/en\/wp-json\/wp\/v2\/posts\/14856\/revisions\/14952"}],"wp:featuredmedia":[{"embeddable":true,"href":"https:\/\/www.ebroresilience.com\/en\/wp-json\/wp\/v2\/media\/11756"}],"wp:attachment":[{"href":"https:\/\/www.ebroresilience.com\/en\/wp-json\/wp\/v2\/media?parent=14856"}],"wp:term":[{"taxonomy":"category","embeddable":true,"href":"https:\/\/www.ebroresilience.com\/en\/wp-json\/wp\/v2\/categories?post=14856"},{"taxonomy":"post_tag","embeddable":true,"href":"https:\/\/www.ebroresilience.com\/en\/wp-json\/wp\/v2\/tags?post=14856"}],"curies":[{"name":"wp","href":"https:\/\/api.w.org\/{rel}","templated":true}]}}