{"id":14509,"date":"2025-06-27T08:16:00","date_gmt":"2025-06-27T06:16:00","guid":{"rendered":"https:\/\/www.ebroresilience.com\/?p=14509"},"modified":"2025-09-29T09:47:57","modified_gmt":"2025-09-29T07:47:57","slug":"first-irrigation-campaign-with-a-system-more-adapted-to-floods-in-fuentes-de-ebro","status":"publish","type":"post","link":"https:\/\/www.ebroresilience.com\/en\/first-irrigation-campaign-with-a-system-more-adapted-to-floods-in-fuentes-de-ebro\/","title":{"rendered":"First irrigation campaign with a system more adapted to floods in Fuentes de Ebro"},"content":{"rendered":"\t\t<div data-elementor-type=\"wp-post\" data-elementor-id=\"14509\" class=\"elementor elementor-14509 elementor-14490\" data-elementor-post-type=\"post\">\n\t\t\t\t\t\t<section class=\"elementor-section elementor-top-section elementor-element elementor-element-cb34a48 elementor-section-boxed elementor-section-height-default elementor-section-height-default\" data-id=\"cb34a48\" data-element_type=\"section\" data-e-type=\"section\">\n\t\t\t\t\t\t<div class=\"elementor-container elementor-column-gap-default\">\n\t\t\t\t\t<div class=\"elementor-column elementor-col-100 elementor-top-column elementor-element elementor-element-6038ed0\" data-id=\"6038ed0\" data-element_type=\"column\" data-e-type=\"column\">\n\t\t\t<div class=\"elementor-widget-wrap elementor-element-populated\">\n\t\t\t\t\t\t<div class=\"elementor-element elementor-element-915025f elementor-widget elementor-widget-text-editor\" data-id=\"915025f\" data-element_type=\"widget\" data-e-type=\"widget\" data-widget_type=\"text-editor.default\">\n\t\t\t\t<div class=\"elementor-widget-container\">\n\t\t\t\t\t\t\t\t\t<p>This irrigation campaign, which began in the spring, is the first in which the Irrigation Community of the Huerta del Ebro, in Fuentes de Ebro (Zaragoza), has made use of the new section of its network adapted to the risk of flooding, more efficient, moreover, in which losses and maintenance have been reduced.<\/p><p>Although during the phased construction process provisional irrigation systems were set up to attend to users, this summer is the first in which the water flows through the 2.3 kilometers of the new pipeline, further away from the riverbed and underground, thus avoiding the effects and supply cuts that used to occur systematically with breaks due to river flooding. This infrastructure directly irrigates 77.9 hectares. <\/p>\t\t\t\t\t\t\t\t<\/div>\n\t\t\t\t<\/div>\n\t\t\t\t\t<\/div>\n\t\t<\/div>\n\t\t\t\t\t<\/div>\n\t\t<\/section>\n\t\t\t\t<section class=\"elementor-section elementor-top-section elementor-element elementor-element-905ae5e elementor-section-boxed elementor-section-height-default elementor-section-height-default\" data-id=\"905ae5e\" data-element_type=\"section\" data-e-type=\"section\">\n\t\t\t\t\t\t<div class=\"elementor-container elementor-column-gap-default\">\n\t\t\t\t\t<div class=\"elementor-column elementor-col-100 elementor-top-column elementor-element elementor-element-5710585\" data-id=\"5710585\" data-element_type=\"column\" data-e-type=\"column\">\n\t\t\t<div class=\"elementor-widget-wrap elementor-element-populated\">\n\t\t\t\t\t\t<div class=\"elementor-element elementor-element-d90e0b8 elementor-widget elementor-widget-image\" data-id=\"d90e0b8\" data-element_type=\"widget\" data-e-type=\"widget\" data-widget_type=\"image.default\">\n\t\t\t\t<div class=\"elementor-widget-container\">\n\t\t\t\t\t\t\t\t\t\t\t\t\t\t\t<img fetchpriority=\"high\" decoding=\"async\" width=\"768\" height=\"576\" src=\"https:\/\/www.ebroresilience.com\/wp-content\/uploads\/2025\/06\/OBRAS-RIEGO-1-768x576.jpg\" class=\"attachment-medium_large size-medium_large wp-image-14500\" alt=\"\" srcset=\"https:\/\/www.ebroresilience.com\/wp-content\/uploads\/2025\/06\/OBRAS-RIEGO-1-768x576.jpg 768w, https:\/\/www.ebroresilience.com\/wp-content\/uploads\/2025\/06\/OBRAS-RIEGO-1-300x225.jpg 300w, https:\/\/www.ebroresilience.com\/wp-content\/uploads\/2025\/06\/OBRAS-RIEGO-1-1024x768.jpg 1024w, https:\/\/www.ebroresilience.com\/wp-content\/uploads\/2025\/06\/OBRAS-RIEGO-1-1536x1152.jpg 1536w, https:\/\/www.ebroresilience.com\/wp-content\/uploads\/2025\/06\/OBRAS-RIEGO-1-100x75.jpg 100w, https:\/\/www.ebroresilience.com\/wp-content\/uploads\/2025\/06\/OBRAS-RIEGO-1-960x720.jpg 960w, https:\/\/www.ebroresilience.com\/wp-content\/uploads\/2025\/06\/OBRAS-RIEGO-1-480x360.jpg 480w, https:\/\/www.ebroresilience.com\/wp-content\/uploads\/2025\/06\/OBRAS-RIEGO-1.jpg 2040w\" sizes=\"(max-width:767px) 480px, (max-width:768px) 100vw, 768px\" \/>\t\t\t\t\t\t\t\t\t\t\t\t\t\t\t<\/div>\n\t\t\t\t<\/div>\n\t\t\t\t\t<\/div>\n\t\t<\/div>\n\t\t\t\t\t<\/div>\n\t\t<\/section>\n\t\t\t\t<section class=\"elementor-section elementor-top-section elementor-element elementor-element-d67d82c elementor-section-boxed elementor-section-height-default elementor-section-height-default\" data-id=\"d67d82c\" data-element_type=\"section\" data-e-type=\"section\">\n\t\t\t\t\t\t<div class=\"elementor-container elementor-column-gap-default\">\n\t\t\t\t\t<div class=\"elementor-column elementor-col-100 elementor-top-column elementor-element elementor-element-178c453\" data-id=\"178c453\" data-element_type=\"column\" data-e-type=\"column\">\n\t\t\t<div class=\"elementor-widget-wrap elementor-element-populated\">\n\t\t\t\t\t\t<div class=\"elementor-element elementor-element-151e284 elementor-widget elementor-widget-text-editor\" data-id=\"151e284\" data-element_type=\"widget\" data-e-type=\"widget\" data-widget_type=\"text-editor.default\">\n\t\t\t\t<div class=\"elementor-widget-container\">\n\t\t\t\t\t\t\t\t\t<p>This pilot action of the Ebro Resilience is included in the general framework of the future action of land consolidation and integral improvement of the 1500 ha of the Huerta del Ebro in which the combined solutions for the adaptation to floods of the LIFE Ebro Resilience P1 Project in the Osera de Ebro &#8211; Fuentes de Ebro section has been integrated. It has been executed by the Department of Agriculture, Livestock and Food of the Government of Aragon through the public company TRAGSA, with a budget of 1,156,749.93 euros.<\/p><p>The objective of the works has been to move the existing irrigation network away from the defense dike and change from an open ditch in the ground to a buried concrete pipe. Thus, together with a greater adaptation to the flooding phenomena of the Ebro River, by preventing the irrigation ditch from being an obstacle to the flow of water, the efficiency of the irrigation system has also been increased, reducing losses and maintenance work. <\/p>\t\t\t\t\t\t\t\t<\/div>\n\t\t\t\t<\/div>\n\t\t\t\t\t<\/div>\n\t\t<\/div>\n\t\t\t\t\t<\/div>\n\t\t<\/section>\n\t\t\t\t<section class=\"elementor-section elementor-top-section elementor-element elementor-element-85fcd10 elementor-section-boxed elementor-section-height-default elementor-section-height-default\" data-id=\"85fcd10\" data-element_type=\"section\" data-e-type=\"section\">\n\t\t\t\t\t\t<div class=\"elementor-container elementor-column-gap-default\">\n\t\t\t\t\t<div class=\"elementor-column elementor-col-100 elementor-top-column elementor-element elementor-element-b7c26af\" data-id=\"b7c26af\" data-element_type=\"column\" data-e-type=\"column\">\n\t\t\t<div class=\"elementor-widget-wrap elementor-element-populated\">\n\t\t\t\t\t\t<div class=\"elementor-element elementor-element-2dd3f6c elementor-widget elementor-widget-image\" data-id=\"2dd3f6c\" data-element_type=\"widget\" data-e-type=\"widget\" data-widget_type=\"image.default\">\n\t\t\t\t<div class=\"elementor-widget-container\">\n\t\t\t\t\t\t\t\t\t\t\t\t\t\t\t<img decoding=\"async\" width=\"768\" height=\"412\" src=\"https:\/\/www.ebroresilience.com\/wp-content\/uploads\/2024\/11\/tuberia-768x412.jpeg\" class=\"attachment-medium_large size-medium_large wp-image-12751\" alt=\"Vista a\u00e9rea de la instalaci\u00f3n soterrada de la fase 1 de tuber\u00eda\" srcset=\"https:\/\/www.ebroresilience.com\/wp-content\/uploads\/2024\/11\/tuberia-768x412.jpeg 768w, https:\/\/www.ebroresilience.com\/wp-content\/uploads\/2024\/11\/tuberia-300x161.jpeg 300w, https:\/\/www.ebroresilience.com\/wp-content\/uploads\/2024\/11\/tuberia-1024x549.jpeg 1024w, https:\/\/www.ebroresilience.com\/wp-content\/uploads\/2024\/11\/tuberia-260x139.jpeg 260w, https:\/\/www.ebroresilience.com\/wp-content\/uploads\/2024\/11\/tuberia-50x27.jpeg 50w, https:\/\/www.ebroresilience.com\/wp-content\/uploads\/2024\/11\/tuberia-140x75.jpeg 140w, https:\/\/www.ebroresilience.com\/wp-content\/uploads\/2024\/11\/tuberia.jpeg 1366w\" sizes=\"(max-width:767px) 480px, (max-width:768px) 100vw, 768px\" \/>\t\t\t\t\t\t\t\t\t\t\t\t\t\t\t<\/div>\n\t\t\t\t<\/div>\n\t\t\t\t\t<\/div>\n\t\t<\/div>\n\t\t\t\t\t<\/div>\n\t\t<\/section>\n\t\t\t\t<section class=\"elementor-section elementor-top-section elementor-element elementor-element-12cc752 elementor-section-boxed elementor-section-height-default elementor-section-height-default\" data-id=\"12cc752\" data-element_type=\"section\" data-e-type=\"section\">\n\t\t\t\t\t\t<div class=\"elementor-container elementor-column-gap-default\">\n\t\t\t\t\t<div class=\"elementor-column elementor-col-100 elementor-top-column elementor-element elementor-element-f96b9ea\" data-id=\"f96b9ea\" data-element_type=\"column\" data-e-type=\"column\">\n\t\t\t<div class=\"elementor-widget-wrap elementor-element-populated\">\n\t\t\t\t\t\t<div class=\"elementor-element elementor-element-4b45415 elementor-widget elementor-widget-text-editor\" data-id=\"4b45415\" data-element_type=\"widget\" data-e-type=\"widget\" data-widget_type=\"text-editor.default\">\n\t\t\t\t<div class=\"elementor-widget-container\">\n\t\t\t\t\t\t\t\t\t<p>As in all Ebro Resilience actions, the involvement of stakeholders has been crucial. In this case, the commitment of the Huerta del Ebro irrigation community and its Governing Board to these novel and complex interventions for the adaptation and recovery of river space and lateral flow buffer zones stands out. All of them were approved by its General Assembly, which has given impetus to the proposals of the LIFE Ebro Resilience P1 Project.  <\/p>\t\t\t\t\t\t\t\t<\/div>\n\t\t\t\t<\/div>\n\t\t\t\t\t<\/div>\n\t\t<\/div>\n\t\t\t\t\t<\/div>\n\t\t<\/section>\n\t\t\t\t<section class=\"elementor-section elementor-top-section elementor-element elementor-element-c31e5ec elementor-section-boxed elementor-section-height-default elementor-section-height-default\" data-id=\"c31e5ec\" data-element_type=\"section\" data-e-type=\"section\">\n\t\t\t\t\t\t<div class=\"elementor-container elementor-column-gap-default\">\n\t\t\t\t\t<div class=\"elementor-column elementor-col-100 elementor-top-column elementor-element elementor-element-d175404\" data-id=\"d175404\" data-element_type=\"column\" data-e-type=\"column\">\n\t\t\t<div class=\"elementor-widget-wrap elementor-element-populated\">\n\t\t\t\t\t\t<div class=\"elementor-element elementor-element-b5811ca elementor-widget elementor-widget-image\" data-id=\"b5811ca\" data-element_type=\"widget\" data-e-type=\"widget\" data-widget_type=\"image.default\">\n\t\t\t\t<div class=\"elementor-widget-container\">\n\t\t\t\t\t\t\t\t\t\t\t\t\t\t\t<img decoding=\"async\" width=\"768\" height=\"446\" src=\"https:\/\/www.ebroresilience.com\/wp-content\/uploads\/2025\/06\/PARTICIPACION-2-768x446.jpeg\" class=\"attachment-medium_large size-medium_large wp-image-14504\" alt=\"Participaci\u00f3n. Grupo de co-creaci\u00f3n sistema de riego Comunidad de la Huerta del Ebro.\" srcset=\"https:\/\/www.ebroresilience.com\/wp-content\/uploads\/2025\/06\/PARTICIPACION-2-768x446.jpeg 768w, https:\/\/www.ebroresilience.com\/wp-content\/uploads\/2025\/06\/PARTICIPACION-2-300x174.jpeg 300w, https:\/\/www.ebroresilience.com\/wp-content\/uploads\/2025\/06\/PARTICIPACION-2-1024x595.jpeg 1024w, https:\/\/www.ebroresilience.com\/wp-content\/uploads\/2025\/06\/PARTICIPACION-2-1536x892.jpeg 1536w, https:\/\/www.ebroresilience.com\/wp-content\/uploads\/2025\/06\/PARTICIPACION-2-129x75.jpeg 129w, https:\/\/www.ebroresilience.com\/wp-content\/uploads\/2025\/06\/PARTICIPACION-2-480x279.jpeg 480w, https:\/\/www.ebroresilience.com\/wp-content\/uploads\/2025\/06\/PARTICIPACION-2.jpeg 1600w\" sizes=\"(max-width:767px) 480px, (max-width:768px) 100vw, 768px\" \/>\t\t\t\t\t\t\t\t\t\t\t\t\t\t\t<\/div>\n\t\t\t\t<\/div>\n\t\t\t\t\t<\/div>\n\t\t<\/div>\n\t\t\t\t\t<\/div>\n\t\t<\/section>\n\t\t\t\t<section class=\"elementor-section elementor-top-section elementor-element elementor-element-7e3e81d elementor-section-boxed elementor-section-height-default elementor-section-height-default\" data-id=\"7e3e81d\" data-element_type=\"section\" data-e-type=\"section\">\n\t\t\t\t\t\t<div class=\"elementor-container elementor-column-gap-default\">\n\t\t\t\t\t<div class=\"elementor-column elementor-col-100 elementor-top-column elementor-element elementor-element-1b2b1d8\" data-id=\"1b2b1d8\" data-element_type=\"column\" data-e-type=\"column\">\n\t\t\t<div class=\"elementor-widget-wrap elementor-element-populated\">\n\t\t\t\t\t\t<div class=\"elementor-element elementor-element-923f430 elementor-widget elementor-widget-text-editor\" data-id=\"923f430\" data-element_type=\"widget\" data-e-type=\"widget\" data-widget_type=\"text-editor.default\">\n\t\t\t\t<div class=\"elementor-widget-container\">\n\t\t\t\t\t\t\t\t\t<p><strong>Phases and pending intervention  <\/strong><\/p><p>The works have been carried out in two phases so as not to affect users. The first, 1.3 km, between November 2023 and April 2024 and the second, with the remaining kilometer, between October 2024 and April 2025. All that remains to be done in the area is to level the affected farmland.  <\/p><p><strong>Remaining Zone 2 shares<\/strong><\/p><p>In this section Osera de Ebro &#8211; Fuentes de Ebro, the rest of the interventions defined for the adaptation of flood risk are still being carried out.<\/p><ul><li>Recovery of the fluvial space, eliminating and moving away defenses of the riverbed in the mejana del Conde and the meander of Aguilar. In execution by the Confederaci\u00f3n Hidrogr\u00e1fica del Ebro, dykes are being removed (1,020 and 2,035 meters) and others are being built further away from the riverbed (998 and 1,598 meters), gaining 20 hectares for the river where environmental restoration and recovery of riparian forest will be carried out. The Government of Aragon will carry out an environmental restoration in this recovered space, once the mote recessing has been completed.  <\/li><\/ul><p> <\/p><ul><li>Creation of the <a href=\"https:\/\/urldefense.com\/v3\/__https:\/www.youtube.com\/watch?v=EKWnxjCugj8__;!!BgLsOpJl!pMtZHvzU-hxEUgchjqelZ54PiU1bd_Cn3LKNNTHhxHSoDAYhq5C2jXbQhCk0meT9bcTTd5wa170F8_WmFXFVIOrL%24\">Lateral Flow Buffer Zones (LFBAZ<\/a>) are a succession of temporary flood areas. During the Ebro River floods, the areas are pre-flooded in a controlled manner and create &#8220;water mattresses&#8221;. There, water passes over water and, as it does not impact on rigid elements and surfaces, damage and erosion are reduced. Under execution by the Ebro Hydrographic Confederation.   <\/li><\/ul><p> <\/p><p> <\/p>\t\t\t\t\t\t\t\t<\/div>\n\t\t\t\t<\/div>\n\t\t\t\t\t<\/div>\n\t\t<\/div>\n\t\t\t\t\t<\/div>\n\t\t<\/section>\n\t\t\t\t<section class=\"elementor-section elementor-top-section elementor-element elementor-element-7c07d07 elementor-section-boxed elementor-section-height-default elementor-section-height-default\" data-id=\"7c07d07\" data-element_type=\"section\" data-e-type=\"section\">\n\t\t\t\t\t\t<div class=\"elementor-container elementor-column-gap-default\">\n\t\t\t\t\t<div class=\"elementor-column elementor-col-100 elementor-top-column elementor-element elementor-element-dddffac\" data-id=\"dddffac\" data-element_type=\"column\" data-e-type=\"column\">\n\t\t\t<div class=\"elementor-widget-wrap elementor-element-populated\">\n\t\t\t\t\t\t<div class=\"elementor-element elementor-element-decf63b elementor-widget elementor-widget-text-editor\" data-id=\"decf63b\" data-element_type=\"widget\" data-e-type=\"widget\" data-widget_type=\"text-editor.default\">\n\t\t\t\t<div class=\"elementor-widget-container\">\n\t\t\t\t\t\t\t\t\t<p><strong>LIFE Project<\/strong><\/p><p>The LIFE Ebro Resilience P1 Project (LIFE20 ENV\/ES\/00327),\u00a0<strong style=\"font-style: inherit;\">approved by the European Commission in the LIFE 2020 call<\/strong>, covers three autonomous communities (La Rioja, Navarra and Arag\u00f3n), has a duration of 6 years and a total budget of 13,310,350 \u20ac, with 55% European funding.<\/p><p>This project is also an example of institutional coordination and cooperation in the intervention section, its partners being the Ministry for Ecological Transition and Demographic Challenge (MITECO), through its companies TRAGSA and TRAGSATEC; the Ebro Hydrographic Confederation; the Government of La Rioja; the Government of Navarra, through Gesti\u00f3n Ambiental de Navarra, S.A. (GAN-NIK); the Government of Arag\u00f3n and the Aragonese Water Institute.<\/p>\t\t\t\t\t\t\t\t<\/div>\n\t\t\t\t<\/div>\n\t\t\t\t\t<\/div>\n\t\t<\/div>\n\t\t\t\t\t<\/div>\n\t\t<\/section>\n\t\t\t\t<\/div>\n\t\t","protected":false},"excerpt":{"rendered":"<p>This irrigation campaign, which began in the spring, is the first in which the Irrigation Community of the Huerta del Ebro, in Fuentes de Ebro (Zaragoza), has made use of the new section of its network adapted to the risk of flooding, more efficient, moreover, in which losses and maintenance have been reduced.  <\/p>\n","protected":false},"author":5,"featured_media":14492,"comment_status":"closed","ping_status":"closed","sticky":false,"template":"","format":"standard","meta":{"_acf_changed":false,"ngg_post_thumbnail":0,"footnotes":""},"categories":[377,369],"tags":[655,387,399,552,381,410,395],"class_list":["post-14509","post","type-post","status-publish","format-standard","has-post-thumbnail","hentry","category-life-en","category-news","tag-agriculture","tag-ebro-en","tag-ebro-springs","tag-irrigation-en-3","tag-life-ebro-resilience-p1-en","tag-osera-de-ebro-en","tag-participation"],"acf":[],"publishpress_future_action":{"enabled":false,"date":"2026-05-07 01:42:46","action":"change-status","newStatus":"draft","terms":[],"taxonomy":"category","extraData":[]},"publishpress_future_workflow_manual_trigger":{"enabledWorkflows":[]},"_links":{"self":[{"href":"https:\/\/www.ebroresilience.com\/en\/wp-json\/wp\/v2\/posts\/14509","targetHints":{"allow":["GET"]}}],"collection":[{"href":"https:\/\/www.ebroresilience.com\/en\/wp-json\/wp\/v2\/posts"}],"about":[{"href":"https:\/\/www.ebroresilience.com\/en\/wp-json\/wp\/v2\/types\/post"}],"author":[{"embeddable":true,"href":"https:\/\/www.ebroresilience.com\/en\/wp-json\/wp\/v2\/users\/5"}],"replies":[{"embeddable":true,"href":"https:\/\/www.ebroresilience.com\/en\/wp-json\/wp\/v2\/comments?post=14509"}],"version-history":[{"count":6,"href":"https:\/\/www.ebroresilience.com\/en\/wp-json\/wp\/v2\/posts\/14509\/revisions"}],"predecessor-version":[{"id":14974,"href":"https:\/\/www.ebroresilience.com\/en\/wp-json\/wp\/v2\/posts\/14509\/revisions\/14974"}],"wp:featuredmedia":[{"embeddable":true,"href":"https:\/\/www.ebroresilience.com\/en\/wp-json\/wp\/v2\/media\/14492"}],"wp:attachment":[{"href":"https:\/\/www.ebroresilience.com\/en\/wp-json\/wp\/v2\/media?parent=14509"}],"wp:term":[{"taxonomy":"category","embeddable":true,"href":"https:\/\/www.ebroresilience.com\/en\/wp-json\/wp\/v2\/categories?post=14509"},{"taxonomy":"post_tag","embeddable":true,"href":"https:\/\/www.ebroresilience.com\/en\/wp-json\/wp\/v2\/tags?post=14509"}],"curies":[{"name":"wp","href":"https:\/\/api.w.org\/{rel}","templated":true}]}}