{"id":14473,"date":"2025-06-23T12:43:33","date_gmt":"2025-06-23T10:43:33","guid":{"rendered":"https:\/\/www.ebroresilience.com\/environmental-educators-from-la-rioja-and-aragon-participate-in-a-life-ebro-resilience-workshop-in-the-natural-area-la-alfranca-zaragoza\/"},"modified":"2025-06-23T12:49:23","modified_gmt":"2025-06-23T10:49:23","slug":"environmental-educators-from-la-rioja-and-aragon-participate-in-a-life-ebro-resilience-workshop-in-the-natural-area-la-alfranca-zaragoza","status":"publish","type":"post","link":"https:\/\/www.ebroresilience.com\/en\/environmental-educators-from-la-rioja-and-aragon-participate-in-a-life-ebro-resilience-workshop-in-the-natural-area-la-alfranca-zaragoza\/","title":{"rendered":"Environmental educators from La Rioja and Arag\u00f3n participate in a LIFE Ebro Resilience workshop in the natural area La Alfranca (Zaragoza)"},"content":{"rendered":"\t\t<div data-elementor-type=\"wp-post\" data-elementor-id=\"14473\" class=\"elementor elementor-14473 elementor-14458\" data-elementor-post-type=\"post\">\n\t\t\t\t\t\t<section class=\"elementor-section elementor-top-section elementor-element elementor-element-6546bf6 elementor-section-boxed elementor-section-height-default elementor-section-height-default\" data-id=\"6546bf6\" data-element_type=\"section\" data-e-type=\"section\">\n\t\t\t\t\t\t<div class=\"elementor-container elementor-column-gap-default\">\n\t\t\t\t\t<div class=\"elementor-column elementor-col-100 elementor-top-column elementor-element elementor-element-f645ea6\" data-id=\"f645ea6\" data-element_type=\"column\" data-e-type=\"column\">\n\t\t\t<div class=\"elementor-widget-wrap elementor-element-populated\">\n\t\t\t\t\t\t<div class=\"elementor-element elementor-element-edc2315 elementor-widget elementor-widget-text-editor\" data-id=\"edc2315\" data-element_type=\"widget\" data-e-type=\"widget\" data-widget_type=\"text-editor.default\">\n\t\t\t\t<div class=\"elementor-widget-container\">\n\t\t\t\t\t\t\t\t\t<p>As part of the actions for strengthening the social capacities of the LIFE Ebro Resilience P1 Project, on June 20 we organized a workshop with environmental educators that brought together professionals from this sector in La Rioja (educators from the Pasea La Rioja Program, from Descarboniza La Rioja and Educational Centers for Sustainability) and educators from the La Alfranca Natural Area in Zaragoza, where the meeting was held.<\/p><p>The purpose was to work on the contents of the Project and establish the topics of a specific training course for this sector on river dynamics, land use planning, environmental values, history of flood risk management, existing conflicts and all this with the materials and resources published by LIFE Ebro Resilience P1.<\/p><p>In addition to taking advantage of the forum to disseminate what Ebro Resilience is and the current progress of interventions in the middle stretch of the Ebro, a dynamic has been established to build together the best agenda for the future training of environmental educators on issues of extreme events.<\/p>\t\t\t\t\t\t\t\t<\/div>\n\t\t\t\t<\/div>\n\t\t\t\t\t<\/div>\n\t\t<\/div>\n\t\t\t\t\t<\/div>\n\t\t<\/section>\n\t\t\t\t<section class=\"elementor-section elementor-top-section elementor-element elementor-element-5a48cd6 elementor-section-boxed elementor-section-height-default elementor-section-height-default\" data-id=\"5a48cd6\" data-element_type=\"section\" data-e-type=\"section\">\n\t\t\t\t\t\t<div class=\"elementor-container elementor-column-gap-default\">\n\t\t\t\t\t<div class=\"elementor-column elementor-col-50 elementor-top-column elementor-element elementor-element-db974c1\" data-id=\"db974c1\" data-element_type=\"column\" data-e-type=\"column\">\n\t\t\t<div class=\"elementor-widget-wrap elementor-element-populated\">\n\t\t\t\t\t\t<div class=\"elementor-element elementor-element-62cc701 elementor-widget elementor-widget-image\" data-id=\"62cc701\" data-element_type=\"widget\" data-e-type=\"widget\" data-widget_type=\"image.default\">\n\t\t\t\t<div class=\"elementor-widget-container\">\n\t\t\t\t\t\t\t\t\t\t\t\t\t\t\t<img fetchpriority=\"high\" decoding=\"async\" width=\"1024\" height=\"462\" src=\"https:\/\/www.ebroresilience.com\/wp-content\/uploads\/2025\/06\/IMG20250620110653-1024x462.jpg\" class=\"attachment-large size-large wp-image-14463\" alt=\"Taller educadores ambientales de La Rioja y Zaragoza en el espacio de La Alfranca. Visita a la exposici\u00f3n cuando el r\u00edo recupera su espacio.\" srcset=\"https:\/\/www.ebroresilience.com\/wp-content\/uploads\/2025\/06\/IMG20250620110653-1024x462.jpg 1024w, https:\/\/www.ebroresilience.com\/wp-content\/uploads\/2025\/06\/IMG20250620110653-300x135.jpg 300w, https:\/\/www.ebroresilience.com\/wp-content\/uploads\/2025\/06\/IMG20250620110653-768x346.jpg 768w, https:\/\/www.ebroresilience.com\/wp-content\/uploads\/2025\/06\/IMG20250620110653-1536x693.jpg 1536w, https:\/\/www.ebroresilience.com\/wp-content\/uploads\/2025\/06\/IMG20250620110653-2048x924.jpg 2048w, https:\/\/www.ebroresilience.com\/wp-content\/uploads\/2025\/06\/IMG20250620110653-150x68.jpg 150w, https:\/\/www.ebroresilience.com\/wp-content\/uploads\/2025\/06\/IMG20250620110653-480x216.jpg 480w\" sizes=\"(max-width:767px) 480px, (max-width:1024px) 100vw, 1024px\" \/>\t\t\t\t\t\t\t\t\t\t\t\t\t\t\t<\/div>\n\t\t\t\t<\/div>\n\t\t\t\t\t<\/div>\n\t\t<\/div>\n\t\t\t\t<div class=\"elementor-column elementor-col-50 elementor-top-column elementor-element elementor-element-a5ed87d\" data-id=\"a5ed87d\" data-element_type=\"column\" data-e-type=\"column\">\n\t\t\t<div class=\"elementor-widget-wrap elementor-element-populated\">\n\t\t\t\t\t\t<div class=\"elementor-element elementor-element-f8b6508 elementor-widget elementor-widget-image\" data-id=\"f8b6508\" data-element_type=\"widget\" data-e-type=\"widget\" data-widget_type=\"image.default\">\n\t\t\t\t<div class=\"elementor-widget-container\">\n\t\t\t\t\t\t\t\t\t\t\t\t\t\t\t<img decoding=\"async\" width=\"1024\" height=\"462\" src=\"https:\/\/www.ebroresilience.com\/wp-content\/uploads\/2025\/06\/IMG20250620103014-1024x462.jpg\" class=\"attachment-large size-large wp-image-14465\" alt=\"Taller educadores ambientales de La Rioja y Zaragoza en el espacio de La Alfranca. Mirador de La Alfranca.\" srcset=\"https:\/\/www.ebroresilience.com\/wp-content\/uploads\/2025\/06\/IMG20250620103014-1024x462.jpg 1024w, https:\/\/www.ebroresilience.com\/wp-content\/uploads\/2025\/06\/IMG20250620103014-300x135.jpg 300w, https:\/\/www.ebroresilience.com\/wp-content\/uploads\/2025\/06\/IMG20250620103014-768x346.jpg 768w, https:\/\/www.ebroresilience.com\/wp-content\/uploads\/2025\/06\/IMG20250620103014-1536x693.jpg 1536w, https:\/\/www.ebroresilience.com\/wp-content\/uploads\/2025\/06\/IMG20250620103014-2048x924.jpg 2048w, https:\/\/www.ebroresilience.com\/wp-content\/uploads\/2025\/06\/IMG20250620103014-150x68.jpg 150w, https:\/\/www.ebroresilience.com\/wp-content\/uploads\/2025\/06\/IMG20250620103014-480x216.jpg 480w\" sizes=\"(max-width:767px) 480px, (max-width:1024px) 100vw, 1024px\" \/>\t\t\t\t\t\t\t\t\t\t\t\t\t\t\t<\/div>\n\t\t\t\t<\/div>\n\t\t\t\t\t<\/div>\n\t\t<\/div>\n\t\t\t\t\t<\/div>\n\t\t<\/section>\n\t\t\t\t<section class=\"elementor-section elementor-top-section elementor-element elementor-element-38db7fd elementor-section-boxed elementor-section-height-default elementor-section-height-default\" data-id=\"38db7fd\" data-element_type=\"section\" data-e-type=\"section\">\n\t\t\t\t\t\t<div class=\"elementor-container elementor-column-gap-default\">\n\t\t\t\t\t<div class=\"elementor-column elementor-col-100 elementor-top-column elementor-element elementor-element-64e034e\" data-id=\"64e034e\" data-element_type=\"column\" data-e-type=\"column\">\n\t\t\t<div class=\"elementor-widget-wrap elementor-element-populated\">\n\t\t\t\t\t\t<div class=\"elementor-element elementor-element-e14cfc0 elementor-widget elementor-widget-image\" data-id=\"e14cfc0\" data-element_type=\"widget\" data-e-type=\"widget\" data-widget_type=\"image.default\">\n\t\t\t\t<div class=\"elementor-widget-container\">\n\t\t\t\t\t\t\t\t\t\t\t\t\t\t\t<img decoding=\"async\" width=\"768\" height=\"576\" src=\"https:\/\/www.ebroresilience.com\/wp-content\/uploads\/2025\/06\/WhatsApp-Image-2025-06-23-at-09.52.16-768x576.jpeg\" class=\"attachment-medium_large size-medium_large wp-image-14467\" alt=\"Taller educadores ambientales de La Rioja y Zaragoza en el espacio de La Alfranca. Visita a la exposici\u00f3n cuando el r\u00edo recupera su espacio.\" srcset=\"https:\/\/www.ebroresilience.com\/wp-content\/uploads\/2025\/06\/WhatsApp-Image-2025-06-23-at-09.52.16-768x576.jpeg 768w, https:\/\/www.ebroresilience.com\/wp-content\/uploads\/2025\/06\/WhatsApp-Image-2025-06-23-at-09.52.16-300x225.jpeg 300w, https:\/\/www.ebroresilience.com\/wp-content\/uploads\/2025\/06\/WhatsApp-Image-2025-06-23-at-09.52.16-1024x768.jpeg 1024w, https:\/\/www.ebroresilience.com\/wp-content\/uploads\/2025\/06\/WhatsApp-Image-2025-06-23-at-09.52.16-1536x1152.jpeg 1536w, https:\/\/www.ebroresilience.com\/wp-content\/uploads\/2025\/06\/WhatsApp-Image-2025-06-23-at-09.52.16-100x75.jpeg 100w, https:\/\/www.ebroresilience.com\/wp-content\/uploads\/2025\/06\/WhatsApp-Image-2025-06-23-at-09.52.16-960x720.jpeg 960w, https:\/\/www.ebroresilience.com\/wp-content\/uploads\/2025\/06\/WhatsApp-Image-2025-06-23-at-09.52.16-480x360.jpeg 480w, https:\/\/www.ebroresilience.com\/wp-content\/uploads\/2025\/06\/WhatsApp-Image-2025-06-23-at-09.52.16.jpeg 2000w\" sizes=\"(max-width:767px) 480px, (max-width:768px) 100vw, 768px\" \/>\t\t\t\t\t\t\t\t\t\t\t\t\t\t\t<\/div>\n\t\t\t\t<\/div>\n\t\t\t\t\t<\/div>\n\t\t<\/div>\n\t\t\t\t\t<\/div>\n\t\t<\/section>\n\t\t\t\t<section class=\"elementor-section elementor-top-section elementor-element elementor-element-9264f7c elementor-section-boxed elementor-section-height-default elementor-section-height-default\" data-id=\"9264f7c\" data-element_type=\"section\" data-e-type=\"section\">\n\t\t\t\t\t\t<div class=\"elementor-container elementor-column-gap-default\">\n\t\t\t\t\t<div class=\"elementor-column elementor-col-100 elementor-top-column elementor-element elementor-element-d7deebe\" data-id=\"d7deebe\" data-element_type=\"column\" data-e-type=\"column\">\n\t\t\t<div class=\"elementor-widget-wrap elementor-element-populated\">\n\t\t\t\t\t\t<div class=\"elementor-element elementor-element-65bf421 elementor-widget elementor-widget-text-editor\" data-id=\"65bf421\" data-element_type=\"widget\" data-e-type=\"widget\" data-widget_type=\"text-editor.default\">\n\t\t\t\t<div class=\"elementor-widget-container\">\n\t\t\t\t\t\t\t\t\t<p>The workshop also included a guided visit to the photographic exhibition \u201cWhen the river recovers its space: nature-based solutions to floods\u201d, which is currently on display at La Alfranca and between July and September will be moved to the Interpretation Center of the Sotos de Alfaro and its storks.<\/p><p>The objective of the tour was to clarify concepts and offer tools so that educators could address the doubts of visitors to the exhibition.<\/p><p>It was a very interesting meeting that generated a very rich exchange.<\/p>\t\t\t\t\t\t\t\t<\/div>\n\t\t\t\t<\/div>\n\t\t\t\t\t<\/div>\n\t\t<\/div>\n\t\t\t\t\t<\/div>\n\t\t<\/section>\n\t\t\t\t<section class=\"elementor-section elementor-top-section elementor-element elementor-element-afbf299 elementor-section-boxed elementor-section-height-default elementor-section-height-default\" data-id=\"afbf299\" data-element_type=\"section\" data-e-type=\"section\">\n\t\t\t\t\t\t<div class=\"elementor-container elementor-column-gap-default\">\n\t\t\t\t\t<div class=\"elementor-column elementor-col-100 elementor-top-column elementor-element elementor-element-b75876e\" data-id=\"b75876e\" data-element_type=\"column\" data-e-type=\"column\">\n\t\t\t<div class=\"elementor-widget-wrap elementor-element-populated\">\n\t\t\t\t\t\t<div class=\"elementor-element elementor-element-f557d57 elementor-widget elementor-widget-image\" data-id=\"f557d57\" data-element_type=\"widget\" data-e-type=\"widget\" data-widget_type=\"image.default\">\n\t\t\t\t<div class=\"elementor-widget-container\">\n\t\t\t\t\t\t\t\t\t\t\t\t\t\t\t<img loading=\"lazy\" decoding=\"async\" width=\"768\" height=\"346\" src=\"https:\/\/www.ebroresilience.com\/wp-content\/uploads\/2025\/06\/IMG20250620112954-1-768x346.jpg\" class=\"attachment-medium_large size-medium_large wp-image-14469\" alt=\"El taller ha incluido tambi\u00e9n una visita guiada a la exposici\u00f3n fotogr\u00e1fica \u201cCuando el r\u00edo recupera su espacio: soluciones basadas en la naturaleza ante las inundaciones\u201d, que actualmente se encuentra en el espacio de La Alfranca y que entre julio y septiembre se trasladar\u00e1 al Centro de Interpretaci\u00f3n de los Sotos de Alfaro y sus cig\u00fce\u00f1as. \nEl recorrido ten\u00eda como objetivo aclarar conceptos y ofrecer herramientas para que los educadores pudieran atender las dudas de los visitantes de la muestra. \nFue un encuentro muy interesante y que gener\u00f3 un intercambio de gran riqueza.\" srcset=\"https:\/\/www.ebroresilience.com\/wp-content\/uploads\/2025\/06\/IMG20250620112954-1-768x346.jpg 768w, https:\/\/www.ebroresilience.com\/wp-content\/uploads\/2025\/06\/IMG20250620112954-1-300x135.jpg 300w, https:\/\/www.ebroresilience.com\/wp-content\/uploads\/2025\/06\/IMG20250620112954-1-1024x462.jpg 1024w, https:\/\/www.ebroresilience.com\/wp-content\/uploads\/2025\/06\/IMG20250620112954-1-1536x693.jpg 1536w, https:\/\/www.ebroresilience.com\/wp-content\/uploads\/2025\/06\/IMG20250620112954-1-2048x924.jpg 2048w, https:\/\/www.ebroresilience.com\/wp-content\/uploads\/2025\/06\/IMG20250620112954-1-150x68.jpg 150w, https:\/\/www.ebroresilience.com\/wp-content\/uploads\/2025\/06\/IMG20250620112954-1-480x216.jpg 480w\" sizes=\"(max-width:767px) 480px, (max-width:768px) 100vw, 768px\" \/>\t\t\t\t\t\t\t\t\t\t\t\t\t\t\t<\/div>\n\t\t\t\t<\/div>\n\t\t\t\t\t<\/div>\n\t\t<\/div>\n\t\t\t\t\t<\/div>\n\t\t<\/section>\n\t\t\t\t<section class=\"elementor-section elementor-top-section elementor-element elementor-element-18bd595 elementor-section-boxed elementor-section-height-default elementor-section-height-default\" data-id=\"18bd595\" data-element_type=\"section\" data-e-type=\"section\">\n\t\t\t\t\t\t<div class=\"elementor-container elementor-column-gap-default\">\n\t\t\t\t\t<div class=\"elementor-column elementor-col-100 elementor-top-column elementor-element elementor-element-b3f5cfb\" data-id=\"b3f5cfb\" data-element_type=\"column\" data-e-type=\"column\">\n\t\t\t<div class=\"elementor-widget-wrap elementor-element-populated\">\n\t\t\t\t\t\t<div class=\"elementor-element elementor-element-f6adbe1 elementor-widget elementor-widget-text-editor\" data-id=\"f6adbe1\" data-element_type=\"widget\" data-e-type=\"widget\" data-widget_type=\"text-editor.default\">\n\t\t\t\t<div class=\"elementor-widget-container\">\n\t\t\t\t\t\t\t\t\t<p><strong><u>Spaces for exhibitions  <\/u><\/strong><\/p><p>The <a href=\"https:\/\/laalfranca.com\/\">Natural Area of La Alfranca, in Zaragoza<\/a> is located next to an area of great natural value such as the Natural Reserve of the Sotos y Galachos del Ebro. That is why environmental education and the dissemination of natural values are one of its main pillars. It is managed by the Government of Aragon, one of the partners of the LIFE Ebro Resilience P1 Project.  <\/p><p>The <a href=\"https:\/\/www.larioja.org\/medio-ambiente\/es\/espacios-naturales-protegidos\/reserva-natural-sotos-alfaro\/centro-interpretacion\/centro-interpretacion-sotos-alfaro-ciguenas\">Interpretation Center of the Sotos de Alfaro and its Storks<\/a>, managed by the Government of La Rioja, also an Ebro Resilience partner, shows visitors the changes that the <strong>biodiversity of a living and dynamic space<\/strong> such as the Sotos del Ebro undergoes with the passage of time and the action of man.<\/p><p>The strengthening of social capacities is a central element to improve social resilience to floods and the self-protection of the riparian population. Vulnerability is part of risk, and capacities are part of vulnerability. If we strengthen capacities, we reduce risk.  <\/p><p><a href=\"https:\/\/www.ebroresilience.com\/en\/participate\/participation-and-life-capabilities\/capacity-building\/\">Learn about our social capacity building program, campaigns and materials.<\/a><\/p>\t\t\t\t\t\t\t\t<\/div>\n\t\t\t\t<\/div>\n\t\t\t\t\t<\/div>\n\t\t<\/div>\n\t\t\t\t\t<\/div>\n\t\t<\/section>\n\t\t\t\t<section class=\"elementor-section elementor-top-section elementor-element elementor-element-a7332b8 elementor-section-boxed elementor-section-height-default elementor-section-height-default\" data-id=\"a7332b8\" data-element_type=\"section\" data-e-type=\"section\">\n\t\t\t\t\t\t<div class=\"elementor-container elementor-column-gap-default\">\n\t\t\t\t\t<div class=\"elementor-column elementor-col-100 elementor-top-column elementor-element elementor-element-1b94b04\" data-id=\"1b94b04\" data-element_type=\"column\" data-e-type=\"column\">\n\t\t\t<div class=\"elementor-widget-wrap elementor-element-populated\">\n\t\t\t\t\t\t<div class=\"elementor-element elementor-element-5982bed elementor-widget elementor-widget-text-editor\" data-id=\"5982bed\" data-element_type=\"widget\" data-e-type=\"widget\" data-widget_type=\"text-editor.default\">\n\t\t\t\t<div class=\"elementor-widget-container\">\n\t\t\t\t\t\t\t\t\t<p><strong>With the contribution of the LIFE financial instrument of the European Union. LIFE20 ENV\/EN\/000327 <\/strong><\/p>\t\t\t\t\t\t\t\t<\/div>\n\t\t\t\t<\/div>\n\t\t\t\t\t<\/div>\n\t\t<\/div>\n\t\t\t\t\t<\/div>\n\t\t<\/section>\n\t\t\t\t<\/div>\n\t\t","protected":false},"excerpt":{"rendered":"<p>The objective of this meeting was to establish with them the contents of a training course for this crucial sector for the dissemination to society and also to give them a guided tour of the exhibition \u201cWhen the river recovers its space\u201d so that they have the keys to be the ones to explain it to those interested.<\/p>\n","protected":false},"author":5,"featured_media":14460,"comment_status":"closed","ping_status":"closed","sticky":false,"template":"","format":"standard","meta":{"_acf_changed":false,"ngg_post_thumbnail":0,"footnotes":""},"categories":[377,369],"tags":[387,652,653,398,651,381,607,464],"class_list":["post-14473","post","type-post","status-publish","format-standard","has-post-thumbnail","hentry","category-life-en","category-news","tag-ebro-en","tag-environmental-education","tag-environmental-educators","tag-flood","tag-la-alfranca-en","tag-life-ebro-resilience-p1-en","tag-restauracion-en","tag-social-skills"],"acf":[],"publishpress_future_action":{"enabled":false,"date":"2026-05-09 11:19:58","action":"change-status","newStatus":"draft","terms":[],"taxonomy":"category","extraData":[]},"publishpress_future_workflow_manual_trigger":{"enabledWorkflows":[]},"_links":{"self":[{"href":"https:\/\/www.ebroresilience.com\/en\/wp-json\/wp\/v2\/posts\/14473","targetHints":{"allow":["GET"]}}],"collection":[{"href":"https:\/\/www.ebroresilience.com\/en\/wp-json\/wp\/v2\/posts"}],"about":[{"href":"https:\/\/www.ebroresilience.com\/en\/wp-json\/wp\/v2\/types\/post"}],"author":[{"embeddable":true,"href":"https:\/\/www.ebroresilience.com\/en\/wp-json\/wp\/v2\/users\/5"}],"replies":[{"embeddable":true,"href":"https:\/\/www.ebroresilience.com\/en\/wp-json\/wp\/v2\/comments?post=14473"}],"version-history":[{"count":1,"href":"https:\/\/www.ebroresilience.com\/en\/wp-json\/wp\/v2\/posts\/14473\/revisions"}],"predecessor-version":[{"id":14474,"href":"https:\/\/www.ebroresilience.com\/en\/wp-json\/wp\/v2\/posts\/14473\/revisions\/14474"}],"wp:featuredmedia":[{"embeddable":true,"href":"https:\/\/www.ebroresilience.com\/en\/wp-json\/wp\/v2\/media\/14460"}],"wp:attachment":[{"href":"https:\/\/www.ebroresilience.com\/en\/wp-json\/wp\/v2\/media?parent=14473"}],"wp:term":[{"taxonomy":"category","embeddable":true,"href":"https:\/\/www.ebroresilience.com\/en\/wp-json\/wp\/v2\/categories?post=14473"},{"taxonomy":"post_tag","embeddable":true,"href":"https:\/\/www.ebroresilience.com\/en\/wp-json\/wp\/v2\/tags?post=14473"}],"curies":[{"name":"wp","href":"https:\/\/api.w.org\/{rel}","templated":true}]}}