{"id":14445,"date":"2025-06-19T08:33:09","date_gmt":"2025-06-19T06:33:09","guid":{"rendered":"https:\/\/www.ebroresilience.com\/follow-up-and-participation-touring-the-soto-de-alfaro-with-the-co-creation-groups\/"},"modified":"2025-06-23T13:12:46","modified_gmt":"2025-06-23T11:12:46","slug":"follow-up-and-participation-touring-the-soto-de-alfaro-with-the-co-creation-groups","status":"publish","type":"post","link":"https:\/\/www.ebroresilience.com\/en\/follow-up-and-participation-touring-the-soto-de-alfaro-with-the-co-creation-groups\/","title":{"rendered":"Follow-up and participation: touring the Soto de Alfaro with the co-creation groups."},"content":{"rendered":"\t\t<div data-elementor-type=\"wp-post\" data-elementor-id=\"14445\" class=\"elementor elementor-14445 elementor-14432\" data-elementor-post-type=\"post\">\n\t\t\t\t\t\t<section class=\"elementor-section elementor-top-section elementor-element elementor-element-b9bb9e7 elementor-section-boxed elementor-section-height-default elementor-section-height-default\" data-id=\"b9bb9e7\" data-element_type=\"section\" data-e-type=\"section\">\n\t\t\t\t\t\t<div class=\"elementor-container elementor-column-gap-default\">\n\t\t\t\t\t<div class=\"elementor-column elementor-col-100 elementor-top-column elementor-element elementor-element-2cd5764\" data-id=\"2cd5764\" data-element_type=\"column\" data-e-type=\"column\">\n\t\t\t<div class=\"elementor-widget-wrap elementor-element-populated\">\n\t\t\t\t\t\t<div class=\"elementor-element elementor-element-6db984e elementor-widget elementor-widget-text-editor\" data-id=\"6db984e\" data-element_type=\"widget\" data-e-type=\"widget\" data-widget_type=\"text-editor.default\">\n\t\t\t\t<div class=\"elementor-widget-container\">\n\t\t\t\t\t\t\t\t\t<p>From inside the Soto de Alfaro, or Soto de Tamarigal for the locals, in La Rioja, shows us the river branches, water paths that have been reopened and reconnected with the river in an intervention that sought to recover the functionality of this meander as its own space for the river and as a flood plain. At the same time, its vegetation, which makes up the forests typical of the banks of the Ebro, is exuberant. <\/p><p>In a visit on June 18, some of the people who have been present during the process to get this far went inside it. Riverside residents, users, stakeholders, technicians, who are part of the co-creation groups, the epicenter of the participation of the LIFE Ebro Resilience P1 Project for zone 1, the one that integrates the stretch of actions between Alfaro (La Rioja) and Castej\u00f3n (Navarra). <\/p>\t\t\t\t\t\t\t\t<\/div>\n\t\t\t\t<\/div>\n\t\t\t\t\t<\/div>\n\t\t<\/div>\n\t\t\t\t\t<\/div>\n\t\t<\/section>\n\t\t\t\t<section class=\"elementor-section elementor-top-section elementor-element elementor-element-1be1b6c elementor-section-boxed elementor-section-height-default elementor-section-height-default\" data-id=\"1be1b6c\" data-element_type=\"section\" data-e-type=\"section\">\n\t\t\t\t\t\t<div class=\"elementor-container elementor-column-gap-default\">\n\t\t\t\t\t<div class=\"elementor-column elementor-col-100 elementor-top-column elementor-element elementor-element-a3cc229\" data-id=\"a3cc229\" data-element_type=\"column\" data-e-type=\"column\">\n\t\t\t<div class=\"elementor-widget-wrap elementor-element-populated\">\n\t\t\t\t\t\t<div class=\"elementor-element elementor-element-5cd02cd elementor-widget elementor-widget-image\" data-id=\"5cd02cd\" data-element_type=\"widget\" data-e-type=\"widget\" data-widget_type=\"image.default\">\n\t\t\t\t<div class=\"elementor-widget-container\">\n\t\t\t\t\t\t\t\t\t\t\t\t\t\t\t<img fetchpriority=\"high\" decoding=\"async\" width=\"768\" height=\"346\" src=\"https:\/\/www.ebroresilience.com\/wp-content\/uploads\/2025\/06\/IMG20250618100917-768x346.jpg\" class=\"attachment-medium_large size-medium_large wp-image-14441\" alt=\"Desde dentro el Soto de Alfaro, o Soto de Tamarigal para los locales, en La Rioja, nos muestra los brazos de r\u00edo, caminos de agua que se han reabierto y reconectado con el r\u00edo en una intervenci\u00f3n que buscaba recuperar la funcionalidad de este meandro como espacio propio para el r\u00edo y como llanura de inundaci\u00f3n. A la vez, su vegetaci\u00f3n, la que conforma los bosques propios de las riberas del Ebro, se muestra exuberante.\nEn una visita el 18 de junio, se adentraron en \u00e9l algunas de las personas que han estado presentes durante el proceso para llegar hasta aqu\u00ed. Ribere\u00f1os, usuarios, partes interesadas, t\u00e9cnicos, que forman parte de los grupos de co-creaci\u00f3n, el epicentro de la participaci\u00f3n del Proyecto LIFE Ebro Resilience P1 para la zona 1, la que integra el tramo de actuaciones entre Alfaro (La Rioja) y Castej\u00f3n (Navarra). \n2\" srcset=\"https:\/\/www.ebroresilience.com\/wp-content\/uploads\/2025\/06\/IMG20250618100917-768x346.jpg 768w, https:\/\/www.ebroresilience.com\/wp-content\/uploads\/2025\/06\/IMG20250618100917-300x135.jpg 300w, https:\/\/www.ebroresilience.com\/wp-content\/uploads\/2025\/06\/IMG20250618100917-1024x462.jpg 1024w, https:\/\/www.ebroresilience.com\/wp-content\/uploads\/2025\/06\/IMG20250618100917-1536x693.jpg 1536w, https:\/\/www.ebroresilience.com\/wp-content\/uploads\/2025\/06\/IMG20250618100917-2048x924.jpg 2048w, https:\/\/www.ebroresilience.com\/wp-content\/uploads\/2025\/06\/IMG20250618100917-150x68.jpg 150w, https:\/\/www.ebroresilience.com\/wp-content\/uploads\/2025\/06\/IMG20250618100917-480x216.jpg 480w\" sizes=\"(max-width:767px) 480px, (max-width:768px) 100vw, 768px\" \/>\t\t\t\t\t\t\t\t\t\t\t\t\t\t\t<\/div>\n\t\t\t\t<\/div>\n\t\t\t\t\t<\/div>\n\t\t<\/div>\n\t\t\t\t\t<\/div>\n\t\t<\/section>\n\t\t\t\t<section class=\"elementor-section elementor-top-section elementor-element elementor-element-37bcbe2 elementor-section-boxed elementor-section-height-default elementor-section-height-default\" data-id=\"37bcbe2\" data-element_type=\"section\" data-e-type=\"section\">\n\t\t\t\t\t\t<div class=\"elementor-container elementor-column-gap-default\">\n\t\t\t\t\t<div class=\"elementor-column elementor-col-100 elementor-top-column elementor-element elementor-element-404e752\" data-id=\"404e752\" data-element_type=\"column\" data-e-type=\"column\">\n\t\t\t<div class=\"elementor-widget-wrap elementor-element-populated\">\n\t\t\t\t\t\t<div class=\"elementor-element elementor-element-274545d elementor-widget elementor-widget-text-editor\" data-id=\"274545d\" data-element_type=\"widget\" data-e-type=\"widget\" data-widget_type=\"text-editor.default\">\n\t\t\t\t<div class=\"elementor-widget-container\">\n\t\t\t\t\t\t\t\t\t<p>A follow-up visit to check how the intervention area has been renaturalized, to understand on the ground what was explained in visits before the start and in plans during the definition of the works.<\/p><p>Participation and the dissemination of information on the commitment to nature-based solutions have played a major role, and knowing the results helps to understand the effect of the interventions in other areas.<\/p>\t\t\t\t\t\t\t\t<\/div>\n\t\t\t\t<\/div>\n\t\t\t\t\t<\/div>\n\t\t<\/div>\n\t\t\t\t\t<\/div>\n\t\t<\/section>\n\t\t\t\t<section class=\"elementor-section elementor-top-section elementor-element elementor-element-7cdd006 elementor-section-boxed elementor-section-height-default elementor-section-height-default\" data-id=\"7cdd006\" data-element_type=\"section\" data-e-type=\"section\">\n\t\t\t\t\t\t<div class=\"elementor-container elementor-column-gap-default\">\n\t\t\t\t\t<div class=\"elementor-column elementor-col-100 elementor-top-column elementor-element elementor-element-fc3e789\" data-id=\"fc3e789\" data-element_type=\"column\" data-e-type=\"column\">\n\t\t\t<div class=\"elementor-widget-wrap elementor-element-populated\">\n\t\t\t\t\t\t<div class=\"elementor-element elementor-element-9316506 elementor-widget elementor-widget-video\" data-id=\"9316506\" data-element_type=\"widget\" data-e-type=\"widget\" data-settings=\"{&quot;youtube_url&quot;:&quot;https:\\\/\\\/www.youtube.com\\\/watch?v=SrUMo69_s9s&quot;,&quot;video_type&quot;:&quot;youtube&quot;,&quot;controls&quot;:&quot;yes&quot;}\" data-widget_type=\"video.default\">\n\t\t\t\t<div class=\"elementor-widget-container\">\n\t\t\t\t\t\t\t<div class=\"elementor-wrapper elementor-open-inline\">\n\t\t\t<div class=\"elementor-video\"><\/div>\t\t<\/div>\n\t\t\t\t\t\t<\/div>\n\t\t\t\t<\/div>\n\t\t\t\t\t<\/div>\n\t\t<\/div>\n\t\t\t\t\t<\/div>\n\t\t<\/section>\n\t\t\t\t<section class=\"elementor-section elementor-top-section elementor-element elementor-element-daa43e9 elementor-section-boxed elementor-section-height-default elementor-section-height-default\" data-id=\"daa43e9\" data-element_type=\"section\" data-e-type=\"section\">\n\t\t\t\t\t\t<div class=\"elementor-container elementor-column-gap-default\">\n\t\t\t\t\t<div class=\"elementor-column elementor-col-100 elementor-top-column elementor-element elementor-element-31477ea\" data-id=\"31477ea\" data-element_type=\"column\" data-e-type=\"column\">\n\t\t\t<div class=\"elementor-widget-wrap elementor-element-populated\">\n\t\t\t\t\t\t<div class=\"elementor-element elementor-element-5d3db00 elementor-widget elementor-widget-text-editor\" data-id=\"5d3db00\" data-element_type=\"widget\" data-e-type=\"widget\" data-widget_type=\"text-editor.default\">\n\t\t\t\t<div class=\"elementor-widget-container\">\n\t\t\t\t\t\t\t\t\t<p><strong>What did the intervention consist of?<\/strong><\/p><p>The LIFE Ebro Resilience P1 Project concluded in January the planting in the meander of the Soto de Alfaro, thus closing the works for the recovery of the meander&#8217;s functionality, reopening the old river branches.<\/p><p>This is an example of the application of <strong>nature-based solutions<\/strong> to reduce the risk of flooding. The connection with the river is restored and, therefore, the irrigation of the undergrowth in order <strong>to reduce the impact of the Ebro floods,<\/strong> by adding the meander as a fluvial space. <\/p><p>The recovered branches, in an area of 60 hectares, <strong>now act as irrigation channels for the undergrowth, allowing the flows of the Ebro to enter the undergrowth with floods of 800 <sup>m3\/s<\/sup> and not with the 1,200 <sup>m3\/s<\/sup> <\/strong>that were necessary before, making the positive effect of the fluvial and flood plain space more effective and reducing the narrowing and erosion effects in the section.<\/p><p>The planting was carried out with a coppice arrangement, which imitates the natural way the forest evolves, and the reopening work was carried out taking into account the environmental conditions:<\/p><ul><li>Between May and June 2024, the first works were carried out in the meander lands allowed by environmental regulations, which were not expected to affect the breeding season of species, which did not have tree vegetation of interest and which were formerly occupied by an aggregates operation.  <\/li><li><strong>The second phase was undertaken from autumn onwards, outside the breeding periods of the species present<\/strong> in the riparian forests preserved in the meander.<\/li><\/ul>\t\t\t\t\t\t\t\t<\/div>\n\t\t\t\t<\/div>\n\t\t\t\t\t<\/div>\n\t\t<\/div>\n\t\t\t\t\t<\/div>\n\t\t<\/section>\n\t\t\t\t<section class=\"elementor-section elementor-top-section elementor-element elementor-element-6b1a6ac elementor-section-boxed elementor-section-height-default elementor-section-height-default\" data-id=\"6b1a6ac\" data-element_type=\"section\" data-e-type=\"section\">\n\t\t\t\t\t\t<div class=\"elementor-container elementor-column-gap-default\">\n\t\t\t\t\t<div class=\"elementor-column elementor-col-100 elementor-top-column elementor-element elementor-element-a6e09bd\" data-id=\"a6e09bd\" data-element_type=\"column\" data-e-type=\"column\">\n\t\t\t<div class=\"elementor-widget-wrap elementor-element-populated\">\n\t\t\t\t\t\t<div class=\"elementor-element elementor-element-f1b10ba elementor-widget elementor-widget-video\" data-id=\"f1b10ba\" data-element_type=\"widget\" data-e-type=\"widget\" data-settings=\"{&quot;youtube_url&quot;:&quot;https:\\\/\\\/www.youtube.com\\\/watch?v=dPDF9nIZ5Ek&quot;,&quot;video_type&quot;:&quot;youtube&quot;,&quot;controls&quot;:&quot;yes&quot;}\" data-widget_type=\"video.default\">\n\t\t\t\t<div class=\"elementor-widget-container\">\n\t\t\t\t\t\t\t<div class=\"elementor-wrapper elementor-open-inline\">\n\t\t\t<div class=\"elementor-video\"><\/div>\t\t<\/div>\n\t\t\t\t\t\t<\/div>\n\t\t\t\t<\/div>\n\t\t\t\t\t<\/div>\n\t\t<\/div>\n\t\t\t\t\t<\/div>\n\t\t<\/section>\n\t\t\t\t<section class=\"elementor-section elementor-top-section elementor-element elementor-element-dd08a91 elementor-section-boxed elementor-section-height-default elementor-section-height-default\" data-id=\"dd08a91\" data-element_type=\"section\" data-e-type=\"section\">\n\t\t\t\t\t\t<div class=\"elementor-container elementor-column-gap-default\">\n\t\t\t\t\t<div class=\"elementor-column elementor-col-100 elementor-top-column elementor-element elementor-element-1e0bed8\" data-id=\"1e0bed8\" data-element_type=\"column\" data-e-type=\"column\">\n\t\t\t<div class=\"elementor-widget-wrap elementor-element-populated\">\n\t\t\t\t\t\t<div class=\"elementor-element elementor-element-6c77ab2 elementor-widget elementor-widget-text-editor\" data-id=\"6c77ab2\" data-element_type=\"widget\" data-e-type=\"widget\" data-widget_type=\"text-editor.default\">\n\t\t\t\t<div class=\"elementor-widget-container\">\n\t\t\t\t\t\t\t\t\t<div id=\"Content\" role=\"main\"><div class=\"content_wrapper clearfix\"><main class=\"sections_group\"><div class=\"entry-content\"><section class=\"section mcb-section the_content has_content\"><div class=\"section_wrapper\"><div class=\"the_content_wrapper is-elementor\"><div class=\"elementor elementor-7240 elementor-5202 elementor-5202\" data-elementor-type=\"wp-page\" data-elementor-id=\"7240\" data-elementor-post-type=\"page\"><section class=\"elementor-section elementor-top-section elementor-element elementor-element-cae1fff elementor-section-boxed elementor-section-height-default elementor-section-height-default\" data-id=\"cae1fff\" data-element_type=\"section\"><div class=\"elementor-container elementor-column-gap-default\"><div class=\"elementor-column elementor-col-100 elementor-top-column elementor-element elementor-element-6286497\" data-id=\"6286497\" data-element_type=\"column\"><div class=\"elementor-widget-wrap elementor-element-populated\"><div class=\"elementor-element elementor-element-9b68ada elementor-widget elementor-widget-text-editor\" data-id=\"9b68ada\" data-element_type=\"widget\" data-widget_type=\"text-editor.default\"><div class=\"elementor-widget-container\"><p><strong>With the contribution of the LIFE financial instrument of the European Community LIFE20 ENV\/ES\/000327<\/strong><\/p><\/div><\/div><\/div><\/div><\/div><\/section><\/div><\/div><\/div><\/section><div class=\"mfn-builder-content mfn-default-content-buider\" data-id=\"7240\">\u00a0<\/div><section class=\"section section-page-footer\"><div class=\"section_wrapper clearfix\"><div class=\"column one page-pager\"><div class=\"mcb-column-inner\">\u00a0<\/div><\/div><\/div><\/section><\/div><\/main><\/div><\/div><footer id=\"Footer\" class=\"clearfix mfn-footer\" role=\"contentinfo\"><div class=\"widgets_wrapper \"><div class=\"container\">\u00a0<\/div><\/div><div class=\"footer_copy\"><div class=\"container\"><div class=\"column one mobile-one\"><div class=\"mcb-column-inner\"><div class=\"copyright\"><ul class=\"social\"><li class=\"facebook\">\u00a0<\/li><\/ul><\/div><\/div><\/div><\/div><\/div><\/footer>\t\t\t\t\t\t\t\t<\/div>\n\t\t\t\t<\/div>\n\t\t\t\t\t<\/div>\n\t\t<\/div>\n\t\t\t\t\t<\/div>\n\t\t<\/section>\n\t\t\t\t<\/div>\n\t\t","protected":false},"excerpt":{"rendered":"<p>The riparian population and stakeholders are key in the development of LIFE Ebro Resilience actions and this has been fulfilled in the intervention of reopening and reconnection of river branches in this Riojan forest that we have visited, once the work has been completed, with the protagonists of this process.  <\/p>\n","protected":false},"author":5,"featured_media":14434,"comment_status":"closed","ping_status":"closed","sticky":false,"template":"","format":"standard","meta":{"_acf_changed":false,"ngg_post_thumbnail":0,"footnotes":""},"categories":[377,369],"tags":[380,388,381,435,626],"class_list":["post-14445","post","type-post","status-publish","format-standard","has-post-thumbnail","hentry","category-life-en","category-news","tag-alfaro-en","tag-che-en","tag-life-ebro-resilience-p1-en","tag-river-restoration","tag-soto-de-alfaro-en"],"acf":[],"publishpress_future_action":{"enabled":false,"date":"2026-05-07 03:07:58","action":"change-status","newStatus":"draft","terms":[],"taxonomy":"category","extraData":[]},"publishpress_future_workflow_manual_trigger":{"enabledWorkflows":[]},"_links":{"self":[{"href":"https:\/\/www.ebroresilience.com\/en\/wp-json\/wp\/v2\/posts\/14445","targetHints":{"allow":["GET"]}}],"collection":[{"href":"https:\/\/www.ebroresilience.com\/en\/wp-json\/wp\/v2\/posts"}],"about":[{"href":"https:\/\/www.ebroresilience.com\/en\/wp-json\/wp\/v2\/types\/post"}],"author":[{"embeddable":true,"href":"https:\/\/www.ebroresilience.com\/en\/wp-json\/wp\/v2\/users\/5"}],"replies":[{"embeddable":true,"href":"https:\/\/www.ebroresilience.com\/en\/wp-json\/wp\/v2\/comments?post=14445"}],"version-history":[{"count":4,"href":"https:\/\/www.ebroresilience.com\/en\/wp-json\/wp\/v2\/posts\/14445\/revisions"}],"predecessor-version":[{"id":14486,"href":"https:\/\/www.ebroresilience.com\/en\/wp-json\/wp\/v2\/posts\/14445\/revisions\/14486"}],"wp:featuredmedia":[{"embeddable":true,"href":"https:\/\/www.ebroresilience.com\/en\/wp-json\/wp\/v2\/media\/14434"}],"wp:attachment":[{"href":"https:\/\/www.ebroresilience.com\/en\/wp-json\/wp\/v2\/media?parent=14445"}],"wp:term":[{"taxonomy":"category","embeddable":true,"href":"https:\/\/www.ebroresilience.com\/en\/wp-json\/wp\/v2\/categories?post=14445"},{"taxonomy":"post_tag","embeddable":true,"href":"https:\/\/www.ebroresilience.com\/en\/wp-json\/wp\/v2\/tags?post=14445"}],"curies":[{"name":"wp","href":"https:\/\/api.w.org\/{rel}","templated":true}]}}