{"id":14294,"date":"2025-06-05T08:07:36","date_gmt":"2025-06-05T06:07:36","guid":{"rendered":"https:\/\/www.ebroresilience.com\/the-government-of-la-rioja-brings-together-riparian-municipalities-to-present-their-aid-for-adaptation-and-discuss-good-practices-in-riverbeds\/"},"modified":"2025-06-05T08:19:34","modified_gmt":"2025-06-05T06:19:34","slug":"the-government-of-la-rioja-brings-together-riparian-municipalities-to-present-their-aid-for-adaptation-and-discuss-good-practices-in-riverbeds","status":"publish","type":"post","link":"https:\/\/www.ebroresilience.com\/en\/the-government-of-la-rioja-brings-together-riparian-municipalities-to-present-their-aid-for-adaptation-and-discuss-good-practices-in-riverbeds\/","title":{"rendered":"The Government of La Rioja brings together riparian municipalities to present their aid for adaptation and discuss good practices in riverbeds"},"content":{"rendered":"\t\t<div data-elementor-type=\"wp-post\" data-elementor-id=\"14294\" class=\"elementor elementor-14294 elementor-14278\" data-elementor-post-type=\"post\">\n\t\t\t\t\t\t<section class=\"elementor-section elementor-top-section elementor-element elementor-element-4cd3626 elementor-section-boxed elementor-section-height-default elementor-section-height-default\" data-id=\"4cd3626\" data-element_type=\"section\" data-e-type=\"section\">\n\t\t\t\t\t\t<div class=\"elementor-container elementor-column-gap-default\">\n\t\t\t\t\t<div class=\"elementor-column elementor-col-100 elementor-top-column elementor-element elementor-element-fbefa13\" data-id=\"fbefa13\" data-element_type=\"column\" data-e-type=\"column\">\n\t\t\t<div class=\"elementor-widget-wrap elementor-element-populated\">\n\t\t\t\t\t\t<div class=\"elementor-element elementor-element-1baf628 elementor-widget elementor-widget-text-editor\" data-id=\"1baf628\" data-element_type=\"widget\" data-e-type=\"widget\" data-widget_type=\"text-editor.default\">\n\t\t\t\t<div class=\"elementor-widget-container\">\n\t\t\t\t\t\t\t\t\t<p>The Government of La Rioja has presented the call for grants for actions to adapt to flood risk within the Ebro Resilience Strategy.<\/p><p>It has done so with representatives of 18 riverside municipalities in the conference \u201cGood practices in conservation, maintenance and improvement of watercourses in urban sections\u201d.<\/p><p>Held on June 4 in the Board Room of the Regional Ministry in Pradoviejo, it was attended by the general director of Environmental Quality, Climate Change and Water, Jos\u00e9 Mar\u00eda Infante, who explained that the objective of this conference was \u201cto accompany local entities and clarify possible doubts about the regulations related to the maintenance of watercourses and adaptation measures, the technical, environmental and financial criteria to have the greatest legal certainty about the aid available to them\u201d.<\/p><p>In addition, he detailed the importance of the conference to publicize the financial opportunities offered by the Ebro Resilience Strategy to the municipalities of La Rioja in the middle stretch of the Ebro basin for them to undertake actions to adapt to the risk of flooding in buildings, equipment and facilities or agricultural holdings.<\/p>\t\t\t\t\t\t\t\t<\/div>\n\t\t\t\t<\/div>\n\t\t\t\t\t<\/div>\n\t\t<\/div>\n\t\t\t\t\t<\/div>\n\t\t<\/section>\n\t\t\t\t<section class=\"elementor-section elementor-top-section elementor-element elementor-element-10645bb elementor-section-boxed elementor-section-height-default elementor-section-height-default\" data-id=\"10645bb\" data-element_type=\"section\" data-e-type=\"section\">\n\t\t\t\t\t\t<div class=\"elementor-container elementor-column-gap-default\">\n\t\t\t\t\t<div class=\"elementor-column elementor-col-100 elementor-top-column elementor-element elementor-element-ff98c05\" data-id=\"ff98c05\" data-element_type=\"column\" data-e-type=\"column\">\n\t\t\t<div class=\"elementor-widget-wrap elementor-element-populated\">\n\t\t\t\t\t\t<div class=\"elementor-element elementor-element-7167639 elementor-widget elementor-widget-image\" data-id=\"7167639\" data-element_type=\"widget\" data-e-type=\"widget\" data-widget_type=\"image.default\">\n\t\t\t\t<div class=\"elementor-widget-container\">\n\t\t\t\t\t\t\t\t\t\t\t\t\t\t\t<img fetchpriority=\"high\" decoding=\"async\" width=\"768\" height=\"432\" src=\"https:\/\/www.ebroresilience.com\/wp-content\/uploads\/2025\/06\/501590-1-768x432.jpg\" class=\"attachment-medium_large size-medium_large wp-image-14284\" alt=\"Representantes de 18 municipios ribere\u00f1os han participado en la jornada &#039;Buenas pr\u00e1cticas en actuaciones de conservaci\u00f3n, mantenimiento y mejora de cauces en tramos urbanos&#039;  del Gobierno de La Rioja\" srcset=\"https:\/\/www.ebroresilience.com\/wp-content\/uploads\/2025\/06\/501590-1-768x432.jpg 768w, https:\/\/www.ebroresilience.com\/wp-content\/uploads\/2025\/06\/501590-1-300x169.jpg 300w, https:\/\/www.ebroresilience.com\/wp-content\/uploads\/2025\/06\/501590-1-1024x576.jpg 1024w, https:\/\/www.ebroresilience.com\/wp-content\/uploads\/2025\/06\/501590-1-1536x864.jpg 1536w, https:\/\/www.ebroresilience.com\/wp-content\/uploads\/2025\/06\/501590-1-2048x1152.jpg 2048w, https:\/\/www.ebroresilience.com\/wp-content\/uploads\/2025\/06\/501590-1-133x75.jpg 133w, https:\/\/www.ebroresilience.com\/wp-content\/uploads\/2025\/06\/501590-1-480x270.jpg 480w\" sizes=\"(max-width:767px) 480px, (max-width:768px) 100vw, 768px\" \/>\t\t\t\t\t\t\t\t\t\t\t\t\t\t\t<\/div>\n\t\t\t\t<\/div>\n\t\t\t\t\t<\/div>\n\t\t<\/div>\n\t\t\t\t\t<\/div>\n\t\t<\/section>\n\t\t\t\t<section class=\"elementor-section elementor-top-section elementor-element elementor-element-68a0f40 elementor-section-boxed elementor-section-height-default elementor-section-height-default\" data-id=\"68a0f40\" data-element_type=\"section\" data-e-type=\"section\">\n\t\t\t\t\t\t<div class=\"elementor-container elementor-column-gap-default\">\n\t\t\t\t\t<div class=\"elementor-column elementor-col-100 elementor-top-column elementor-element elementor-element-5ec2c07\" data-id=\"5ec2c07\" data-element_type=\"column\" data-e-type=\"column\">\n\t\t\t<div class=\"elementor-widget-wrap elementor-element-populated\">\n\t\t\t\t\t\t<div class=\"elementor-element elementor-element-5ca5dd5 elementor-widget elementor-widget-text-editor\" data-id=\"5ca5dd5\" data-element_type=\"widget\" data-e-type=\"widget\" data-widget_type=\"text-editor.default\">\n\t\t\t\t<div class=\"elementor-widget-container\">\n\t\t\t\t\t\t\t\t\t<p><strong>Second call for applications<\/strong><\/p><p>The Government of La Rioja is keeping open <strong>until June 16<\/strong> a second call for aid to minimize the effects of water floods on the safety of people, property and economic activities, which has a budget of 1,015,244 euros, financed through European funds Next Generation and within the Recovery, Transformation and Resilience Plan.<\/p><p>The <strong>territorial scope of this aid is limited to the 18 riparian municipalities of the Ebro axis and the Cidacos and Alhama rivers in La Rioja,<\/strong> which are part of the Ebro Resilience Strategy: Logro\u00f1o, Agoncillo, Arr\u00fabal, Alcanadre, Pradej\u00f3n, Calahorra, Aldeanueva de Ebro, Rinc\u00f3n de Soto, Alfaro, Enciso, Arnedillo, Santa Eulalia Bajera, Herce, Arnedo, Quel, Autol, Aguilar del R\u00edo Alhama and Cervera del R\u00edo Alhama.<\/p><p>Applications can be submitted through the virtual office on the website of the Government of La Rioja: <a href=\"https:\/\/www.larioja.org\/medio-ambiente\/es\/agua\/estrategia-ebro-resilience\">https:\/\/www.larioja.org\/medio-ambiente\/es\/agua\/estrategia-ebro-resilience.<\/a><\/p><p>The <a href=\"https:\/\/www.ebroresilience.com\/en\/ebro-resilience\/\" target=\"_blank\" rel=\"noopener\"><strong>Ebro Resilience Strategy<\/strong><\/a> Strategy establishes a framework for collaboration between the Ministry for Ecological Transition and the Demographic Challenge (MITERD), the Ebro Hydrographic Confederation and the Governments of La Rioja, Navarra and Arag\u00f3n, as well as other stakeholders, to work in solidarity and coordination in the management of flood risk in the middle stretch of the Ebro, forming a subprogram of the Flood Risk Management Plan (PGRI) of the Ebro Hydrographic Demarcation.<\/p>\t\t\t\t\t\t\t\t<\/div>\n\t\t\t\t<\/div>\n\t\t\t\t\t<\/div>\n\t\t<\/div>\n\t\t\t\t\t<\/div>\n\t\t<\/section>\n\t\t\t\t<\/div>\n\t\t","protected":false},"excerpt":{"rendered":"<p>Within the scope of the Ebro Resilience Strategy, the conference \u201cGood practices in actions for the conservation, maintenance and improvement of riverbeds in urban sections\u201d was organized.  <\/p>\n","protected":false},"author":5,"featured_media":14280,"comment_status":"closed","ping_status":"closed","sticky":false,"template":"","format":"standard","meta":{"_acf_changed":false,"ngg_post_thumbnail":0,"footnotes":""},"categories":[369],"tags":[494,387,378,528,395,607],"class_list":["post-14294","post","type-post","status-publish","format-standard","has-post-thumbnail","hentry","category-news","tag-adaptation-en","tag-ebro-en","tag-ebro-resilience-en","tag-government-of-la-rioja","tag-participation","tag-restauracion-en"],"acf":[],"publishpress_future_action":{"enabled":false,"date":"2026-05-07 05:40:23","action":"change-status","newStatus":"draft","terms":[],"taxonomy":"category","extraData":[]},"publishpress_future_workflow_manual_trigger":{"enabledWorkflows":[]},"_links":{"self":[{"href":"https:\/\/www.ebroresilience.com\/en\/wp-json\/wp\/v2\/posts\/14294","targetHints":{"allow":["GET"]}}],"collection":[{"href":"https:\/\/www.ebroresilience.com\/en\/wp-json\/wp\/v2\/posts"}],"about":[{"href":"https:\/\/www.ebroresilience.com\/en\/wp-json\/wp\/v2\/types\/post"}],"author":[{"embeddable":true,"href":"https:\/\/www.ebroresilience.com\/en\/wp-json\/wp\/v2\/users\/5"}],"replies":[{"embeddable":true,"href":"https:\/\/www.ebroresilience.com\/en\/wp-json\/wp\/v2\/comments?post=14294"}],"version-history":[{"count":1,"href":"https:\/\/www.ebroresilience.com\/en\/wp-json\/wp\/v2\/posts\/14294\/revisions"}],"predecessor-version":[{"id":14295,"href":"https:\/\/www.ebroresilience.com\/en\/wp-json\/wp\/v2\/posts\/14294\/revisions\/14295"}],"wp:featuredmedia":[{"embeddable":true,"href":"https:\/\/www.ebroresilience.com\/en\/wp-json\/wp\/v2\/media\/14280"}],"wp:attachment":[{"href":"https:\/\/www.ebroresilience.com\/en\/wp-json\/wp\/v2\/media?parent=14294"}],"wp:term":[{"taxonomy":"category","embeddable":true,"href":"https:\/\/www.ebroresilience.com\/en\/wp-json\/wp\/v2\/categories?post=14294"},{"taxonomy":"post_tag","embeddable":true,"href":"https:\/\/www.ebroresilience.com\/en\/wp-json\/wp\/v2\/tags?post=14294"}],"curies":[{"name":"wp","href":"https:\/\/api.w.org\/{rel}","templated":true}]}}