{"id":14135,"date":"2025-05-22T10:26:30","date_gmt":"2025-05-22T08:26:30","guid":{"rendered":"https:\/\/www.ebroresilience.com\/?p=14135"},"modified":"2025-05-29T08:06:55","modified_gmt":"2025-05-29T06:06:55","slug":"ebro-resilience-receives-the-luz-verde-award-in-the-first-edition-of-the-award-an-initiative-of-onda-cero-and-wwf","status":"publish","type":"post","link":"https:\/\/www.ebroresilience.com\/en\/ebro-resilience-receives-the-luz-verde-award-in-the-first-edition-of-the-award-an-initiative-of-onda-cero-and-wwf\/","title":{"rendered":"Ebro Resilience receives the LUZ VERDE award, an initiative of Onda Cero and WWF."},"content":{"rendered":"\t\t<div data-elementor-type=\"wp-post\" data-elementor-id=\"14135\" class=\"elementor elementor-14135 elementor-14123\" data-elementor-post-type=\"post\">\n\t\t\t\t\t\t<section class=\"elementor-section elementor-top-section elementor-element elementor-element-3efcecb elementor-section-boxed elementor-section-height-default elementor-section-height-default\" data-id=\"3efcecb\" data-element_type=\"section\" data-e-type=\"section\">\n\t\t\t\t\t\t<div class=\"elementor-container elementor-column-gap-default\">\n\t\t\t\t\t<div class=\"elementor-column elementor-col-100 elementor-top-column elementor-element elementor-element-949db14\" data-id=\"949db14\" data-element_type=\"column\" data-e-type=\"column\">\n\t\t\t<div class=\"elementor-widget-wrap elementor-element-populated\">\n\t\t\t\t\t\t<div class=\"elementor-element elementor-element-a0921c0 elementor-widget elementor-widget-text-editor\" data-id=\"a0921c0\" data-element_type=\"widget\" data-e-type=\"widget\" data-widget_type=\"text-editor.default\">\n\t\t\t\t<div class=\"elementor-widget-container\">\n\t\t\t\t\t\t\t\t\t<p>The <a href=\"https:\/\/www.youtube.com\/watch?v=UA7koGtNxf0\"><em>Ebro Resilience Strategy<\/em><\/a> and its actions to reduce the risk of flooding through adaptation measures and nature-based solutions in the middle stretch of the Ebro, is in luck as it has won the <strong><em>LUZ VERDE<\/em><\/strong> award <strong>, in its category <em>WATER<\/em><\/strong>, an initiative of Onda Cero and WWF that lives this 2025 its first edition. It has done so ex aequo with the project <em>Oce\u00e1nicas Red de Vigilantes Marinos, <\/em>to whom we would like to congratulate, as well as the rest of the colleagues recognized in the categories Land and Air, which you can learn about here. <em><a href=\"https:\/\/www.ondacero.es\/noticias\/medio-ambiente\/real-jardin-botanico-acoge-entrega-premios-luz-verde-onda-cero-wwf_20250521682e1bbae59a783e1c7fd26a.html\" target=\"_blank\" rel=\"noopener\">here.<\/a><\/em><\/p>\t\t\t\t\t\t\t\t<\/div>\n\t\t\t\t<\/div>\n\t\t\t\t\t<\/div>\n\t\t<\/div>\n\t\t\t\t\t<\/div>\n\t\t<\/section>\n\t\t\t\t<section class=\"elementor-section elementor-top-section elementor-element elementor-element-e69c26e elementor-section-boxed elementor-section-height-default elementor-section-height-default\" data-id=\"e69c26e\" data-element_type=\"section\" data-e-type=\"section\">\n\t\t\t\t\t\t<div class=\"elementor-container elementor-column-gap-default\">\n\t\t\t\t\t<div class=\"elementor-column elementor-col-100 elementor-top-column elementor-element elementor-element-e987e25\" data-id=\"e987e25\" data-element_type=\"column\" data-e-type=\"column\">\n\t\t\t<div class=\"elementor-widget-wrap elementor-element-populated\">\n\t\t\t\t\t\t<div class=\"elementor-element elementor-element-07b52f5 elementor-widget elementor-widget-image\" data-id=\"07b52f5\" data-element_type=\"widget\" data-e-type=\"widget\" data-widget_type=\"image.default\">\n\t\t\t\t<div class=\"elementor-widget-container\">\n\t\t\t\t\t\t\t\t\t\t\t\t<figure class=\"wp-caption\">\n\t\t\t\t\t\t\t\t\t\t<img fetchpriority=\"high\" decoding=\"async\" width=\"768\" height=\"512\" src=\"https:\/\/www.ebroresilience.com\/wp-content\/uploads\/2025\/05\/FOTO-2-768x512.jpg\" class=\"attachment-medium_large size-medium_large wp-image-14144\" alt=\"LUZ VERDE Award Ceremony\" srcset=\"https:\/\/www.ebroresilience.com\/wp-content\/uploads\/2025\/05\/FOTO-2-768x512.jpg 768w, https:\/\/www.ebroresilience.com\/wp-content\/uploads\/2025\/05\/FOTO-2-300x200.jpg 300w, https:\/\/www.ebroresilience.com\/wp-content\/uploads\/2025\/05\/FOTO-2-1024x683.jpg 1024w, https:\/\/www.ebroresilience.com\/wp-content\/uploads\/2025\/05\/FOTO-2-1536x1024.jpg 1536w, https:\/\/www.ebroresilience.com\/wp-content\/uploads\/2025\/05\/FOTO-2-2048x1366.jpg 2048w, https:\/\/www.ebroresilience.com\/wp-content\/uploads\/2025\/05\/FOTO-2-112x75.jpg 112w, https:\/\/www.ebroresilience.com\/wp-content\/uploads\/2025\/05\/FOTO-2-480x320.jpg 480w\" sizes=\"(max-width:767px) 480px, (max-width:768px) 100vw, 768px\" \/>\t\t\t\t\t\t\t\t\t\t\t<figcaption class=\"widget-image-caption wp-caption-text\">Photograph of the award to the Ebro Resilience Strategy technical team. Miguel \u00c1ngel Moya\/Onda Cero <\/figcaption>\n\t\t\t\t\t\t\t\t\t\t<\/figure>\n\t\t\t\t\t\t\t\t\t<\/div>\n\t\t\t\t<\/div>\n\t\t\t\t\t<\/div>\n\t\t<\/div>\n\t\t\t\t\t<\/div>\n\t\t<\/section>\n\t\t\t\t<section class=\"elementor-section elementor-top-section elementor-element elementor-element-f5e67d9 elementor-section-boxed elementor-section-height-default elementor-section-height-default\" data-id=\"f5e67d9\" data-element_type=\"section\" data-e-type=\"section\">\n\t\t\t\t\t\t<div class=\"elementor-container elementor-column-gap-default\">\n\t\t\t\t\t<div class=\"elementor-column elementor-col-100 elementor-top-column elementor-element elementor-element-bffb572\" data-id=\"bffb572\" data-element_type=\"column\" data-e-type=\"column\">\n\t\t\t<div class=\"elementor-widget-wrap elementor-element-populated\">\n\t\t\t\t\t\t<div class=\"elementor-element elementor-element-ecbfbc5 elementor-widget elementor-widget-text-editor\" data-id=\"ecbfbc5\" data-element_type=\"widget\" data-e-type=\"widget\" data-widget_type=\"text-editor.default\">\n\t\t\t\t<div class=\"elementor-widget-container\">\n\t\t\t\t\t\t\t\t\t<p><em>Ebro Resilience<\/em> has been recognized, in addition to the actions that are already demonstrating their benefits in the event of floods, for the <strong>firm commitment to coordination and collaboration between the competent administrations in the event of floods in the Ebro.<\/strong><\/p><p>Together in the <em>Ebro Resilience Strategy<\/em> and together in the <em>LIFE Ebro Resilience P1<\/em> project, a project co-financed by the European Commission and which is included among the actions of the middle section, are the Ministry for Ecological Transition and the Demographic Challenge (MITECO), through the company TRAGSA and its subsidiary TRAGSATEC; the Ebro Hydrographic Confederation; the Government of La Rioja; the Government of Navarre, through Gesti\u00f3n Ambiental de Navarra, S.A. (GAN-NIK) and the Government of Aragon and the Aragonese Water Institute.<\/p><p>The strategy partners <strong>also work continuously with local administrations<\/strong>, which are crucial for the implementation of flood adaptation interventions, and in parallel, <strong>with the riparian population, through a real and effective public participation process <\/strong>to define solutions.  <\/p><p>These awards have chosen among 119 nominations the three projects that, related to water, land and air, best represent <strong>actions towards sustainability and the environment and represent a fight against climate change.<\/strong><\/p><p>In the case of Ebro Resilience, it has been highlighted:<\/p><ul><li>The <strong>new approach to flood risk management<\/strong> using nature-based measures and natural water retention, making it possible to reconcile human activities and the recovery of river ecosystems in the face of extreme flooding.<\/li><li>The <strong>application of measures that reduce the cost of conservation<\/strong> and the need for human participation, by ensuring that the river&#8217;s own natural dynamics maintain the interventions.<\/li><li><strong>Coordination of<\/strong> all those involved in the flooding phenomenon in the middle reach.<\/li><li>The commitment to <strong>public participation and social capacity building<\/strong>, promoting knowledge and self-protection measures among the riverside population.<\/li><\/ul>\t\t\t\t\t\t\t\t<\/div>\n\t\t\t\t<\/div>\n\t\t\t\t\t<\/div>\n\t\t<\/div>\n\t\t\t\t\t<\/div>\n\t\t<\/section>\n\t\t\t\t<section class=\"elementor-section elementor-top-section elementor-element elementor-element-4bf272b elementor-section-boxed elementor-section-height-default elementor-section-height-default\" data-id=\"4bf272b\" data-element_type=\"section\" data-e-type=\"section\">\n\t\t\t\t\t\t<div class=\"elementor-container elementor-column-gap-default\">\n\t\t\t\t\t<div class=\"elementor-column elementor-col-100 elementor-top-column elementor-element elementor-element-e5dd2e1\" data-id=\"e5dd2e1\" data-element_type=\"column\" data-e-type=\"column\">\n\t\t\t<div class=\"elementor-widget-wrap elementor-element-populated\">\n\t\t\t\t\t\t<div class=\"elementor-element elementor-element-52d7836 elementor-widget elementor-widget-image\" data-id=\"52d7836\" data-element_type=\"widget\" data-e-type=\"widget\" data-widget_type=\"image.default\">\n\t\t\t\t<div class=\"elementor-widget-container\">\n\t\t\t\t\t\t\t\t\t\t\t\t<figure class=\"wp-caption\">\n\t\t\t\t\t\t\t\t\t\t<img decoding=\"async\" width=\"768\" height=\"578\" src=\"https:\/\/www.ebroresilience.com\/wp-content\/uploads\/2025\/05\/WhatsApp-Image-2025-05-21-at-21.25.53-768x578.jpeg\" class=\"attachment-medium_large size-medium_large wp-image-14146\" alt=\"Fotograf\u00eda photocall instituciones y equipo t\u00e9cnico\" srcset=\"https:\/\/www.ebroresilience.com\/wp-content\/uploads\/2025\/05\/WhatsApp-Image-2025-05-21-at-21.25.53-768x578.jpeg 768w, https:\/\/www.ebroresilience.com\/wp-content\/uploads\/2025\/05\/WhatsApp-Image-2025-05-21-at-21.25.53-300x226.jpeg 300w, https:\/\/www.ebroresilience.com\/wp-content\/uploads\/2025\/05\/WhatsApp-Image-2025-05-21-at-21.25.53-1024x771.jpeg 1024w, https:\/\/www.ebroresilience.com\/wp-content\/uploads\/2025\/05\/WhatsApp-Image-2025-05-21-at-21.25.53-1536x1157.jpeg 1536w, https:\/\/www.ebroresilience.com\/wp-content\/uploads\/2025\/05\/WhatsApp-Image-2025-05-21-at-21.25.53-100x75.jpeg 100w, https:\/\/www.ebroresilience.com\/wp-content\/uploads\/2025\/05\/WhatsApp-Image-2025-05-21-at-21.25.53-480x361.jpeg 480w, https:\/\/www.ebroresilience.com\/wp-content\/uploads\/2025\/05\/WhatsApp-Image-2025-05-21-at-21.25.53.jpeg 2040w\" sizes=\"(max-width:767px) 480px, (max-width:768px) 100vw, 768px\" \/>\t\t\t\t\t\t\t\t\t\t\t<figcaption class=\"widget-image-caption wp-caption-text\">Fotograf\u00eda photocall instituciones y equipo t\u00e9cnico<\/figcaption>\n\t\t\t\t\t\t\t\t\t\t<\/figure>\n\t\t\t\t\t\t\t\t\t<\/div>\n\t\t\t\t<\/div>\n\t\t\t\t\t<\/div>\n\t\t<\/div>\n\t\t\t\t\t<\/div>\n\t\t<\/section>\n\t\t\t\t<section class=\"elementor-section elementor-top-section elementor-element elementor-element-82e597f elementor-section-boxed elementor-section-height-default elementor-section-height-default\" data-id=\"82e597f\" data-element_type=\"section\" data-e-type=\"section\">\n\t\t\t\t\t\t<div class=\"elementor-container elementor-column-gap-default\">\n\t\t\t\t\t<div class=\"elementor-column elementor-col-100 elementor-top-column elementor-element elementor-element-1f2528f\" data-id=\"1f2528f\" data-element_type=\"column\" data-e-type=\"column\">\n\t\t\t<div class=\"elementor-widget-wrap elementor-element-populated\">\n\t\t\t\t\t\t<div class=\"elementor-element elementor-element-3745e8a elementor-widget elementor-widget-text-editor\" data-id=\"3745e8a\" data-element_type=\"widget\" data-e-type=\"widget\" data-widget_type=\"text-editor.default\">\n\t\t\t\t<div class=\"elementor-widget-container\">\n\t\t\t\t\t\t\t\t\t<p><strong>Awarding of the prize<\/strong><\/p><p>The <strong>awards<\/strong> ceremony, at which the winners were announced, was held on Wednesday, May 21, at the Botanical Garden in Madrid. And betting once again on cooperation, part of the technical team formed by all the Administrations took the stage to collect the award: Tatiana Garza, from Confederaci\u00f3n Hidrogr\u00e1fica del Ebro; Mar\u00eda Jos\u00e9 Clavijo, representing the Government of La Rioja; Eva Zarag\u00fceta, from GAN-NIK and representing the Government of Navarra; Ana Montero, from Instituto Aragon\u00e9s del Agua and the Government of Arag\u00f3n and Eduardo Murillo, coordinator of the <em>LIFE Ebro Resilience P1 <\/em>Project on behalf of the TRAGSA Group (public companies TRAGSA and TRAGSATEC). <\/p><p>\u201c<em>We are many people working to adapt to the risk of flooding in the middle stretch<\/em> <em>of the Ebro River, to improve its ecological state and its habitats, involving and integrating the population in the design of actions so that human and economic activities along the river coexist<\/em>,<em>\u201d <\/em>said Garza in his speech of gratitude on behalf of all those who form the Strategy.<\/p><p>And he stressed that &#8220;the<em>he Administrations represented here are water managers, we are river managers, we are life managers. We thank the institutional collaboration at all levels that supports us and the local riverside population of La Rioja, Navarra and Arag\u00f3n for their essential participation in carrying out the Ebro Resilience actions. <\/em><em>&#8220;.<\/em><\/p><p>And finally, acknowledging that<em>\u201cthis award motivates us to continue working on the Strategy, in a coordinated manner and in a spirit of trust<\/em>\u201d.<\/p><p><strong>Public administrations<\/strong><\/p><p>The technical team was accompanied by an important <strong>institutional representation<\/strong>, with the Director General of Water of MITECO, M\u00aa Dolores Pascual; the Minister of Rural Development and Environment of the Government of Navarra, Jos\u00e9 Mar\u00eda Ayerdi; the Director General of Natural Environment and Landscape of the Government of La Rioja, Ignacio S\u00e1enz de Urturi; the Director of the Aragonese Water Institute of the Government of Aragon, Lu\u00eds Esta\u00fan and the President of the Ebro Hydrographic Confederation, Carlos Arrazola.<\/p><p>The jury of the award was composed of renowned personalities from the environmental and communication fields. With LUZ VERDE, Onda Cero and the NGO WWF want to reinforce the commitment to the planet, ecosystems, biodiversity and the fight against climate change. <\/p><p><strong>Award-winning performances  <\/strong><\/p><p>The<strong> LUZ VERDE Agua <\/strong>award focuses on initiatives, actions and projects whose impact is linked to the conservation of oceans, seas and rivers and the sustainability of the wildlife that inhabits them.<\/p><p>The <em>Ebro Resilience Strategy<\/em> presented to this award <strong>the most advanced actions in the middle stretch, those included in the <\/strong><strong>confluence of the Ebro and Arag\u00f3n rivers, <\/strong>in Alfaro (La Rioja) and Milagro and Castej\u00f3n (Navarra), where the Ebro floods reach great magnitude and cause significant damage.<\/p><p>To reverse this situation, seven interventions were designed for the morphological adaptation and environmental restoration of the Ebro river, which add their benefits in the <a href=\"https:\/\/www.youtube.com\/watch?v=aSLGsZ2ImoY\">so-called combined actions section<\/a>: those executed in the sites of El Ortigoso (phase 1), in Milagro; La Nava, El Estajao, El Soto de Alfaro and La Roza, in Alfaro, and those planned for phase 2 of El Ortigoso and the meander of El Se\u00f1or\u00edo, in Castej\u00f3n.<\/p><p>These interventions, which started in 2019, have involved:<\/p><ul><li>113 hectares of recovered fluvial space, integrated into the Natura 2000 Network<\/li><li>the creation of two wetlands<\/li><li>the relocation of Alfaro&#8217;s supply wells to a more secure position.<\/li><li>the planting of 70,000 native vegetation specimens<\/li><li>the construction of an 800-meter flood channel<\/li><li>the recovery of 3 km of lost arms of the river<\/li><\/ul>\t\t\t\t\t\t\t\t<\/div>\n\t\t\t\t<\/div>\n\t\t\t\t\t<\/div>\n\t\t<\/div>\n\t\t\t\t\t<\/div>\n\t\t<\/section>\n\t\t\t\t<section class=\"elementor-section elementor-top-section elementor-element elementor-element-98d9c9e elementor-section-boxed elementor-section-height-default elementor-section-height-default\" data-id=\"98d9c9e\" data-element_type=\"section\" data-e-type=\"section\">\n\t\t\t\t\t\t<div class=\"elementor-container elementor-column-gap-default\">\n\t\t\t\t\t<div class=\"elementor-column elementor-col-100 elementor-top-column elementor-element elementor-element-3d0feb7\" data-id=\"3d0feb7\" data-element_type=\"column\" data-e-type=\"column\">\n\t\t\t<div class=\"elementor-widget-wrap elementor-element-populated\">\n\t\t\t\t\t\t<div class=\"elementor-element elementor-element-35ddb5a elementor-widget elementor-widget-video\" data-id=\"35ddb5a\" data-element_type=\"widget\" data-e-type=\"widget\" data-settings=\"{&quot;youtube_url&quot;:&quot;https:\\\/\\\/www.youtube.com\\\/watch?v=aSLGsZ2ImoY&amp;t=16s&quot;,&quot;video_type&quot;:&quot;youtube&quot;,&quot;controls&quot;:&quot;yes&quot;}\" data-widget_type=\"video.default\">\n\t\t\t\t<div class=\"elementor-widget-container\">\n\t\t\t\t\t\t\t<div class=\"elementor-wrapper elementor-open-inline\">\n\t\t\t<div class=\"elementor-video\"><\/div>\t\t<\/div>\n\t\t\t\t\t\t<\/div>\n\t\t\t\t<\/div>\n\t\t\t\t\t<\/div>\n\t\t<\/div>\n\t\t\t\t\t<\/div>\n\t\t<\/section>\n\t\t\t\t<section class=\"elementor-section elementor-top-section elementor-element elementor-element-1eda9a0 elementor-section-boxed elementor-section-height-default elementor-section-height-default\" data-id=\"1eda9a0\" data-element_type=\"section\" data-e-type=\"section\">\n\t\t\t\t\t\t<div class=\"elementor-container elementor-column-gap-default\">\n\t\t\t\t\t<div class=\"elementor-column elementor-col-100 elementor-top-column elementor-element elementor-element-177383b\" data-id=\"177383b\" data-element_type=\"column\" data-e-type=\"column\">\n\t\t\t<div class=\"elementor-widget-wrap elementor-element-populated\">\n\t\t\t\t\t\t<div class=\"elementor-element elementor-element-a689f3c elementor-widget elementor-widget-text-editor\" data-id=\"a689f3c\" data-element_type=\"widget\" data-e-type=\"widget\" data-widget_type=\"text-editor.default\">\n\t\t\t\t<div class=\"elementor-widget-container\">\n\t\t\t\t\t\t\t\t\t<p><strong>Ebro Resilience  <\/strong><\/p><p>Although these were the actions presented, the recognition was intended to mention all the interventions defined in the <em>Ebro Resilience Strategy, <\/em>which aims to reduce flood damage under current climatic conditions in the <strong>middle stretch of the Ebro, from Logro\u00f1o (La Rioja) to La Zaida, in Zaragoza, covering the territory of the Autonomous Communities of La Rioja, Navarra and Arag\u00f3n. <\/strong>In short, the interventions seek to ensure that economic activities and population centers coexist with a river Ebro in a good state of conservation.<\/p><p>To this end, <strong>the strategy<\/strong> was born <strong>as a framework for collaboration between the different Administrations, as well as other actors, to work in solidarity and coordination in flood risk management<\/strong>, applying the measures of the Flood Risk Management Plan of the Ebro Demarcation.<\/p><p>Floods are the phenomenon that causes the greatest damage in Spain and Europe (70% of the compensations made by the Insurance Compensation Consortium between 1990 and 2022) and the middle stretch of the Ebro is an area of high recurrence.<\/p>\t\t\t\t\t\t\t\t<\/div>\n\t\t\t\t<\/div>\n\t\t\t\t\t<\/div>\n\t\t<\/div>\n\t\t\t\t\t<\/div>\n\t\t<\/section>\n\t\t\t\t<section class=\"elementor-section elementor-top-section elementor-element elementor-element-c315038 elementor-section-boxed elementor-section-height-default elementor-section-height-default\" data-id=\"c315038\" data-element_type=\"section\" data-e-type=\"section\">\n\t\t\t\t\t\t<div class=\"elementor-container elementor-column-gap-default\">\n\t\t\t\t\t<div class=\"elementor-column elementor-col-100 elementor-top-column elementor-element elementor-element-946ff73\" data-id=\"946ff73\" data-element_type=\"column\" data-e-type=\"column\">\n\t\t\t<div class=\"elementor-widget-wrap elementor-element-populated\">\n\t\t\t\t\t\t<div class=\"elementor-element elementor-element-ab268c2 elementor-widget elementor-widget-video\" data-id=\"ab268c2\" data-element_type=\"widget\" data-e-type=\"widget\" data-settings=\"{&quot;youtube_url&quot;:&quot;https:\\\/\\\/www.youtube.com\\\/watch?v=baviAYhiPBg&quot;,&quot;video_type&quot;:&quot;youtube&quot;,&quot;controls&quot;:&quot;yes&quot;}\" data-widget_type=\"video.default\">\n\t\t\t\t<div class=\"elementor-widget-container\">\n\t\t\t\t\t\t\t<div class=\"elementor-wrapper elementor-open-inline\">\n\t\t\t<div class=\"elementor-video\"><\/div>\t\t<\/div>\n\t\t\t\t\t\t<\/div>\n\t\t\t\t<\/div>\n\t\t\t\t\t<\/div>\n\t\t<\/div>\n\t\t\t\t\t<\/div>\n\t\t<\/section>\n\t\t\t\t<section class=\"elementor-section elementor-top-section elementor-element elementor-element-f0fd07d elementor-section-boxed elementor-section-height-default elementor-section-height-default\" data-id=\"f0fd07d\" data-element_type=\"section\" data-e-type=\"section\">\n\t\t\t\t\t\t<div class=\"elementor-container elementor-column-gap-default\">\n\t\t\t\t\t<div class=\"elementor-column elementor-col-100 elementor-top-column elementor-element elementor-element-69bf1d0\" data-id=\"69bf1d0\" data-element_type=\"column\" data-e-type=\"column\">\n\t\t\t<div class=\"elementor-widget-wrap elementor-element-populated\">\n\t\t\t\t\t\t<div class=\"elementor-element elementor-element-fdf7803 elementor-widget elementor-widget-text-editor\" data-id=\"fdf7803\" data-element_type=\"widget\" data-e-type=\"widget\" data-widget_type=\"text-editor.default\">\n\t\t\t\t<div class=\"elementor-widget-container\">\n\t\t\t\t\t\t\t\t\t<p><strong>LIFE Ebro Resilience P1  <\/strong><\/p><p>Three of these interventions of the <em>Ebro Resilience Strategy <\/em>presented to the award were selected by the LIFE program as a demonstrative action on the benefits of nature-based solutions, being integrated in the <em>LIFE Ebro Resilience P1<\/em> project. Specifically, the morphological adaptation of the meander of La Roza, the intervention in the Soto de Alfaro (both in La Rioja) and the morphological adaptation of the meander of El Se\u00f1or\u00edo, in Navarra. <\/p><p><strong> <\/strong><\/p><p>The<em> LIFE Ebro Resilience P1<\/em> project, approved by the European Commission in the LIFE 2020 call, covers the three autonomous communities (La Rioja, Navarra and Arag\u00f3n), has a duration of 6 years and a total budget of 13,310,350 \u20ac, with a 55% <strong>contribution from the European Union&#8217;s LIFE financial instrument. <\/strong><\/p><p>Under the umbrella of the <em>Ebro Resilience Strategy<\/em>, the project includes two different intervention proposals.<\/p><ul><li><strong>Section between Alfaro (La Rioja) and Castej\u00f3n (Navarra<\/strong>): this is considered the demonstration part of the project, with works for the recovery of the fluvial space through the elimination and relocation of dikes, and the environmental restoration of three meanders.<\/li><li><strong>Osera de Ebro &#8211; Fuentes de Ebro (Zaragoza) section<\/strong>: a novel intervention is proposed to make an intensively cultivated agricultural area compatible with the passage of floods. For this purpose, buffer zones have been defined for lateral flows that compartmentalize agricultural farms in areas that will be pre-flooded during flood episodes, generating water buffers that will minimize damage to farms and infrastructures.<\/li><\/ul><p>This project is also an example of institutional coordination and cooperation in the intervention section, its partners being the Ministry for Ecological Transition and Demographic Challenge (MITECO), through the company TRAGSA and its subsidiary TRAGSATEC; the Ebro Hydrographic Confederation; the Government of La Rioja; the Government of Navarra, through Gesti\u00f3n Ambiental de Navarra, S.A. (GAN-NIK) and the Government of Arag\u00f3n and the Aragonese Water Institute.<\/p><p><strong> <\/strong><\/p>\t\t\t\t\t\t\t\t<\/div>\n\t\t\t\t<\/div>\n\t\t\t\t\t<\/div>\n\t\t<\/div>\n\t\t\t\t\t<\/div>\n\t\t<\/section>\n\t\t\t\t<section class=\"elementor-section elementor-top-section elementor-element elementor-element-5b0aa98 elementor-section-boxed elementor-section-height-default elementor-section-height-default\" data-id=\"5b0aa98\" data-element_type=\"section\" data-e-type=\"section\">\n\t\t\t\t\t\t<div class=\"elementor-container elementor-column-gap-default\">\n\t\t\t\t\t<div class=\"elementor-column elementor-col-100 elementor-top-column elementor-element elementor-element-155c7e4\" data-id=\"155c7e4\" data-element_type=\"column\" data-e-type=\"column\">\n\t\t\t<div class=\"elementor-widget-wrap elementor-element-populated\">\n\t\t\t\t\t\t<div class=\"elementor-element elementor-element-3d5f877 elementor-widget elementor-widget-video\" data-id=\"3d5f877\" data-element_type=\"widget\" data-e-type=\"widget\" data-settings=\"{&quot;youtube_url&quot;:&quot;https:\\\/\\\/www.youtube.com\\\/watch?v=FJBC3caT2OY&quot;,&quot;video_type&quot;:&quot;youtube&quot;,&quot;controls&quot;:&quot;yes&quot;}\" data-widget_type=\"video.default\">\n\t\t\t\t<div class=\"elementor-widget-container\">\n\t\t\t\t\t\t\t<div class=\"elementor-wrapper elementor-open-inline\">\n\t\t\t<div class=\"elementor-video\"><\/div>\t\t<\/div>\n\t\t\t\t\t\t<\/div>\n\t\t\t\t<\/div>\n\t\t\t\t\t<\/div>\n\t\t<\/div>\n\t\t\t\t\t<\/div>\n\t\t<\/section>\n\t\t\t\t<\/div>\n\t\t","protected":false},"excerpt":{"rendered":"<p>The Strategy has been recognized in the Water category, which distinguishes actions that improve sustainability and the natural environment and fight against climate change, and where its commitment to coordination between Administrations has been highlighted.<\/p>\n","protected":false},"author":5,"featured_media":14151,"comment_status":"closed","ping_status":"closed","sticky":false,"template":"","format":"standard","meta":{"_acf_changed":false,"ngg_post_thumbnail":0,"footnotes":""},"categories":[1],"tags":[380,388,387,378,398,393,645,422,381,423,644,607],"class_list":["post-14135","post","type-post","status-publish","format-standard","has-post-thumbnail","hentry","category-noticias","tag-alfaro-en","tag-che-en","tag-ebro-en","tag-ebro-resilience-en","tag-flood","tag-government-of-aragon","tag-government-of-la-rioja-en","tag-government-of-navarra","tag-life-ebro-resilience-p1-en","tag-miracle","tag-miteco-en","tag-restauracion-en"],"acf":[],"publishpress_future_action":{"enabled":false,"date":"2026-05-07 01:41:44","action":"change-status","newStatus":"draft","terms":[],"taxonomy":"category","extraData":[]},"publishpress_future_workflow_manual_trigger":{"enabledWorkflows":[]},"_links":{"self":[{"href":"https:\/\/www.ebroresilience.com\/en\/wp-json\/wp\/v2\/posts\/14135","targetHints":{"allow":["GET"]}}],"collection":[{"href":"https:\/\/www.ebroresilience.com\/en\/wp-json\/wp\/v2\/posts"}],"about":[{"href":"https:\/\/www.ebroresilience.com\/en\/wp-json\/wp\/v2\/types\/post"}],"author":[{"embeddable":true,"href":"https:\/\/www.ebroresilience.com\/en\/wp-json\/wp\/v2\/users\/5"}],"replies":[{"embeddable":true,"href":"https:\/\/www.ebroresilience.com\/en\/wp-json\/wp\/v2\/comments?post=14135"}],"version-history":[{"count":6,"href":"https:\/\/www.ebroresilience.com\/en\/wp-json\/wp\/v2\/posts\/14135\/revisions"}],"predecessor-version":[{"id":14206,"href":"https:\/\/www.ebroresilience.com\/en\/wp-json\/wp\/v2\/posts\/14135\/revisions\/14206"}],"wp:featuredmedia":[{"embeddable":true,"href":"https:\/\/www.ebroresilience.com\/en\/wp-json\/wp\/v2\/media\/14151"}],"wp:attachment":[{"href":"https:\/\/www.ebroresilience.com\/en\/wp-json\/wp\/v2\/media?parent=14135"}],"wp:term":[{"taxonomy":"category","embeddable":true,"href":"https:\/\/www.ebroresilience.com\/en\/wp-json\/wp\/v2\/categories?post=14135"},{"taxonomy":"post_tag","embeddable":true,"href":"https:\/\/www.ebroresilience.com\/en\/wp-json\/wp\/v2\/tags?post=14135"}],"curies":[{"name":"wp","href":"https:\/\/api.w.org\/{rel}","templated":true}]}}