{"id":14064,"date":"2025-04-25T09:48:28","date_gmt":"2025-04-25T07:48:28","guid":{"rendered":"https:\/\/www.ebroresilience.com\/walking-rivers-on-may-17-we-organize-a-circular-route-to-approach-the-ebro-river-between-alcala-de-ebro-remolinos-zaragoza\/"},"modified":"2025-09-29T09:58:46","modified_gmt":"2025-09-29T07:58:46","slug":"walking-rivers-on-may-17-we-organize-a-circular-route-to-approach-the-ebro-river-between-alcala-de-ebro-remolinos-zaragoza","status":"publish","type":"post","link":"https:\/\/www.ebroresilience.com\/en\/walking-rivers-on-may-17-we-organize-a-circular-route-to-approach-the-ebro-river-between-alcala-de-ebro-remolinos-zaragoza\/","title":{"rendered":"Walking Rivers: on May 17 a circular route to approach the Ebro River between Alcal\u00e1 de Ebro &#8211; Remolinos (Zaragoza)"},"content":{"rendered":"\t\t<div data-elementor-type=\"wp-post\" data-elementor-id=\"14064\" class=\"elementor elementor-14064 elementor-14047\" data-elementor-post-type=\"post\">\n\t\t\t\t\t\t<section class=\"elementor-section elementor-top-section elementor-element elementor-element-d128680 elementor-section-boxed elementor-section-height-default elementor-section-height-default\" data-id=\"d128680\" data-element_type=\"section\" data-e-type=\"section\">\n\t\t\t\t\t\t<div class=\"elementor-container elementor-column-gap-default\">\n\t\t\t\t\t<div class=\"elementor-column elementor-col-100 elementor-top-column elementor-element elementor-element-280a57b\" data-id=\"280a57b\" data-element_type=\"column\" data-e-type=\"column\">\n\t\t\t<div class=\"elementor-widget-wrap elementor-element-populated\">\n\t\t\t\t\t\t<div class=\"elementor-element elementor-element-d7e1e39 elementor-widget elementor-widget-text-editor\" data-id=\"d7e1e39\" data-element_type=\"widget\" data-e-type=\"widget\" data-widget_type=\"text-editor.default\">\n\t\t\t\t<div class=\"elementor-widget-container\">\n\t\t\t\t\t\t\t\t\t<p>The LIFE Ebro Resilience P1 project joins for the second consecutive year to the international initiative <em>Walking Rivers<\/em>, organizing for next <strong>May 17, 2025<\/strong> a circular route on foot and by inflatable boat that, mainly, will cross the municipality of <strong>Alcal\u00e1 de Ebro, but will also reach Remolinos <\/strong>.  <\/p><p>The tour starts<strong>(at 9:30 a.m.) and <\/strong>ends<strong>(around 1:00 p.m.)<\/strong> at the same point, Las Piscinas bar in the town of Alcal\u00e1 de Ebro. It includes sections for the walk and <strong>a section in an inflatable boat that will allow to cross both margins of the river<\/strong> (previous experience is not necessary). <\/p><p>The activity, designed for the enjoyment of the river environment, will offer participants the opportunity to get closer to the river, its environmental values and its variable reality.<\/p><p>It will also explain the intervention philosophy of the LIFE Ebro Resilience P1 Project, which seeks to adapt to floods through nature-based measures, and will show some of the actions currently being carried out within the framework of the Ebro Resilience Strategy in the area.<\/p><p>Explanatory stops will be made and local history related to flooding will be shared. From the \u00cdnsula Barataria, to milestones of interventions that have already reduced flood pressure in the area, to examples of bioengineering. <\/p>\t\t\t\t\t\t\t\t<\/div>\n\t\t\t\t<\/div>\n\t\t\t\t\t<\/div>\n\t\t<\/div>\n\t\t\t\t\t<\/div>\n\t\t<\/section>\n\t\t\t\t<section class=\"elementor-section elementor-top-section elementor-element elementor-element-25ecb74 elementor-section-boxed elementor-section-height-default elementor-section-height-default\" data-id=\"25ecb74\" data-element_type=\"section\" data-e-type=\"section\">\n\t\t\t\t\t\t<div class=\"elementor-container elementor-column-gap-default\">\n\t\t\t\t\t<div class=\"elementor-column elementor-col-100 elementor-top-column elementor-element elementor-element-cb1e69b\" data-id=\"cb1e69b\" data-element_type=\"column\" data-e-type=\"column\">\n\t\t\t<div class=\"elementor-widget-wrap elementor-element-populated\">\n\t\t\t\t\t\t<div class=\"elementor-element elementor-element-348d212 elementor-widget elementor-widget-image\" data-id=\"348d212\" data-element_type=\"widget\" data-e-type=\"widget\" data-widget_type=\"image.default\">\n\t\t\t\t<div class=\"elementor-widget-container\">\n\t\t\t\t\t\t\t\t\t\t\t\t\t\t\t<img fetchpriority=\"high\" decoding=\"async\" width=\"768\" height=\"1149\" src=\"https:\/\/www.ebroresilience.com\/wp-content\/uploads\/2021\/02\/pilastra-en-crecida-alcala-768x1149.jpg\" class=\"attachment-medium_large size-medium_large wp-image-6581\" alt=\"\" srcset=\"https:\/\/www.ebroresilience.com\/wp-content\/uploads\/2021\/02\/pilastra-en-crecida-alcala-768x1149.jpg 768w, https:\/\/www.ebroresilience.com\/wp-content\/uploads\/2021\/02\/pilastra-en-crecida-alcala-201x300.jpg 201w, https:\/\/www.ebroresilience.com\/wp-content\/uploads\/2021\/02\/pilastra-en-crecida-alcala-685x1024.jpg 685w, https:\/\/www.ebroresilience.com\/wp-content\/uploads\/2021\/02\/pilastra-en-crecida-alcala-1027x1536.jpg 1027w, https:\/\/www.ebroresilience.com\/wp-content\/uploads\/2021\/02\/pilastra-en-crecida-alcala-1369x2048.jpg 1369w, https:\/\/www.ebroresilience.com\/wp-content\/uploads\/2021\/02\/pilastra-en-crecida-alcala-98x146.jpg 98w, https:\/\/www.ebroresilience.com\/wp-content\/uploads\/2021\/02\/pilastra-en-crecida-alcala-33x50.jpg 33w, https:\/\/www.ebroresilience.com\/wp-content\/uploads\/2021\/02\/pilastra-en-crecida-alcala-50x75.jpg 50w, https:\/\/www.ebroresilience.com\/wp-content\/uploads\/2021\/02\/pilastra-en-crecida-alcala-scaled.jpg 1711w\" sizes=\"(max-width:767px) 480px, (max-width:768px) 100vw, 768px\" \/>\t\t\t\t\t\t\t\t\t\t\t\t\t\t\t<\/div>\n\t\t\t\t<\/div>\n\t\t\t\t\t<\/div>\n\t\t<\/div>\n\t\t\t\t\t<\/div>\n\t\t<\/section>\n\t\t\t\t<section class=\"elementor-section elementor-top-section elementor-element elementor-element-15a4374 elementor-section-boxed elementor-section-height-default elementor-section-height-default\" data-id=\"15a4374\" data-element_type=\"section\" data-e-type=\"section\">\n\t\t\t\t\t\t<div class=\"elementor-container elementor-column-gap-default\">\n\t\t\t\t\t<div class=\"elementor-column elementor-col-100 elementor-top-column elementor-element elementor-element-6d130ce\" data-id=\"6d130ce\" data-element_type=\"column\" data-e-type=\"column\">\n\t\t\t<div class=\"elementor-widget-wrap elementor-element-populated\">\n\t\t\t\t\t\t<div class=\"elementor-element elementor-element-ba1119c elementor-widget elementor-widget-text-editor\" data-id=\"ba1119c\" data-element_type=\"widget\" data-e-type=\"widget\" data-widget_type=\"text-editor.default\">\n\t\t\t\t<div class=\"elementor-widget-container\">\n\t\t\t\t\t\t\t\t\t<p><strong>How to participate?<\/strong><\/p><ul><li>It is recommended to wear comfortable clothes and appropriate footwear, a cap, water and walking sticks if you need them. \ud83d\udc69\u200d\ud83e\uddaf<\/li><li>No knowledge is required for the boat section. \ud83d\udef6<\/li><li>Wear something blue (t-shirt, cap, etc) to join the <em>Walking Rivers<\/em> movement! \ud83d\udd35<\/li><\/ul>\t\t\t\t\t\t\t\t<\/div>\n\t\t\t\t<\/div>\n\t\t\t\t\t<\/div>\n\t\t<\/div>\n\t\t\t\t\t<\/div>\n\t\t<\/section>\n\t\t\t\t<section class=\"elementor-section elementor-top-section elementor-element elementor-element-7eb5212 elementor-section-boxed elementor-section-height-default elementor-section-height-default\" data-id=\"7eb5212\" data-element_type=\"section\" data-e-type=\"section\">\n\t\t\t\t\t\t<div class=\"elementor-container elementor-column-gap-default\">\n\t\t\t\t\t<div class=\"elementor-column elementor-col-100 elementor-top-column elementor-element elementor-element-d101141\" data-id=\"d101141\" data-element_type=\"column\" data-e-type=\"column\">\n\t\t\t<div class=\"elementor-widget-wrap elementor-element-populated\">\n\t\t\t\t\t\t<div class=\"elementor-element elementor-element-33b9d4d elementor-align-center elementor-widget elementor-widget-button\" data-id=\"33b9d4d\" data-element_type=\"widget\" data-e-type=\"widget\" data-widget_type=\"button.default\">\n\t\t\t\t<div class=\"elementor-widget-container\">\n\t\t\t\t\t\t\t\t\t<div class=\"elementor-button-wrapper\">\n\t\t\t\t\t<a class=\"elementor-button elementor-button-link elementor-size-sm\" href=\"https:\/\/docs.google.com\/forms\/d\/e\/1FAIpQLSfwTSaOTt8z2KSaPbsOdKmHEWlg-6HwiK69bP2UClzmvMJueQ\/viewform\" target=\"_blank\">\n\t\t\t\t\t\t<span class=\"elementor-button-content-wrapper\">\n\t\t\t\t\t\t\t\t\t<span class=\"elementor-button-text\">PRIOR REGISTRATION IS REQUIRED BY CLICKING ON THIS LINK  <\/span>\n\t\t\t\t\t<\/span>\n\t\t\t\t\t<\/a>\n\t\t\t\t<\/div>\n\t\t\t\t\t\t\t\t<\/div>\n\t\t\t\t<\/div>\n\t\t\t\t\t<\/div>\n\t\t<\/div>\n\t\t\t\t\t<\/div>\n\t\t<\/section>\n\t\t\t\t<section class=\"elementor-section elementor-top-section elementor-element elementor-element-eaf72f8 elementor-section-boxed elementor-section-height-default elementor-section-height-default\" data-id=\"eaf72f8\" data-element_type=\"section\" data-e-type=\"section\">\n\t\t\t\t\t\t<div class=\"elementor-container elementor-column-gap-default\">\n\t\t\t\t\t<div class=\"elementor-column elementor-col-100 elementor-top-column elementor-element elementor-element-8785ea2\" data-id=\"8785ea2\" data-element_type=\"column\" data-e-type=\"column\">\n\t\t\t<div class=\"elementor-widget-wrap elementor-element-populated\">\n\t\t\t\t\t\t<div class=\"elementor-element elementor-element-3e60fc7 elementor-widget elementor-widget-text-editor\" data-id=\"3e60fc7\" data-element_type=\"widget\" data-e-type=\"widget\" data-widget_type=\"text-editor.default\">\n\t\t\t\t<div class=\"elementor-widget-container\">\n\t\t\t\t\t\t\t\t\t<p><strong>For doubts and questions lifeebroresiliencep1-participacion@tragsa.es<\/strong><\/p>\t\t\t\t\t\t\t\t<\/div>\n\t\t\t\t<\/div>\n\t\t\t\t\t<\/div>\n\t\t<\/div>\n\t\t\t\t\t<\/div>\n\t\t<\/section>\n\t\t\t\t<section class=\"elementor-section elementor-top-section elementor-element elementor-element-7877d55 elementor-section-boxed elementor-section-height-default elementor-section-height-default\" data-id=\"7877d55\" data-element_type=\"section\" data-e-type=\"section\">\n\t\t\t\t\t\t<div class=\"elementor-container elementor-column-gap-default\">\n\t\t\t\t\t<div class=\"elementor-column elementor-col-100 elementor-top-column elementor-element elementor-element-70092dd\" data-id=\"70092dd\" data-element_type=\"column\" data-e-type=\"column\">\n\t\t\t<div class=\"elementor-widget-wrap elementor-element-populated\">\n\t\t\t\t\t\t<div class=\"elementor-element elementor-element-dbc50c9 elementor-widget elementor-widget-image\" data-id=\"dbc50c9\" data-element_type=\"widget\" data-e-type=\"widget\" data-widget_type=\"image.default\">\n\t\t\t\t<div class=\"elementor-widget-container\">\n\t\t\t\t\t\t\t\t\t\t\t\t<figure class=\"wp-caption\">\n\t\t\t\t\t\t\t\t\t\t<img decoding=\"async\" width=\"768\" height=\"576\" src=\"https:\/\/www.ebroresilience.com\/wp-content\/uploads\/2024\/05\/IMG20240511113256-768x576.jpg\" class=\"attachment-medium_large size-medium_large wp-image-11302\" alt=\"Walking Rivers. Ruta realizada por el Proyecto LIFE Ebro Resilience P1 entre los meandros de El Se\u00f1or\u00edo y La Roza, integr\u00e1ndose en la experiencia mundial de caminar los r\u00edos.\" srcset=\"https:\/\/www.ebroresilience.com\/wp-content\/uploads\/2024\/05\/IMG20240511113256-768x576.jpg 768w, https:\/\/www.ebroresilience.com\/wp-content\/uploads\/2024\/05\/IMG20240511113256-300x225.jpg 300w, https:\/\/www.ebroresilience.com\/wp-content\/uploads\/2024\/05\/IMG20240511113256-1024x768.jpg 1024w, https:\/\/www.ebroresilience.com\/wp-content\/uploads\/2024\/05\/IMG20240511113256-1536x1152.jpg 1536w, https:\/\/www.ebroresilience.com\/wp-content\/uploads\/2024\/05\/IMG20240511113256-2048x1536.jpg 2048w, https:\/\/www.ebroresilience.com\/wp-content\/uploads\/2024\/05\/IMG20240511113256-195x146.jpg 195w, https:\/\/www.ebroresilience.com\/wp-content\/uploads\/2024\/05\/IMG20240511113256-50x38.jpg 50w, https:\/\/www.ebroresilience.com\/wp-content\/uploads\/2024\/05\/IMG20240511113256-100x75.jpg 100w, https:\/\/www.ebroresilience.com\/wp-content\/uploads\/2024\/05\/IMG20240511113256-960x720.jpg 960w\" sizes=\"(max-width:767px) 480px, (max-width:768px) 100vw, 768px\" \/>\t\t\t\t\t\t\t\t\t\t\t<figcaption class=\"widget-image-caption wp-caption-text\">oplus_0<\/figcaption>\n\t\t\t\t\t\t\t\t\t\t<\/figure>\n\t\t\t\t\t\t\t\t\t<\/div>\n\t\t\t\t<\/div>\n\t\t\t\t\t<\/div>\n\t\t<\/div>\n\t\t\t\t\t<\/div>\n\t\t<\/section>\n\t\t\t\t<section class=\"elementor-section elementor-top-section elementor-element elementor-element-e1c1845 elementor-section-boxed elementor-section-height-default elementor-section-height-default\" data-id=\"e1c1845\" data-element_type=\"section\" data-e-type=\"section\">\n\t\t\t\t\t\t<div class=\"elementor-container elementor-column-gap-default\">\n\t\t\t\t\t<div class=\"elementor-column elementor-col-100 elementor-top-column elementor-element elementor-element-c84b37e\" data-id=\"c84b37e\" data-element_type=\"column\" data-e-type=\"column\">\n\t\t\t<div class=\"elementor-widget-wrap elementor-element-populated\">\n\t\t\t\t\t\t<div class=\"elementor-element elementor-element-409b842 elementor-widget elementor-widget-text-editor\" data-id=\"409b842\" data-element_type=\"widget\" data-e-type=\"widget\" data-widget_type=\"text-editor.default\">\n\t\t\t\t<div class=\"elementor-widget-container\">\n\t\t\t\t\t\t\t\t\t<p><strong>Walking Rivers and the Ebro Resilience 2024 route  <\/strong><\/p><p>Walking Rivers is a worldwide movement that celebrates the importance of rivers as sources of life and connection.<\/p><p>Through the organization of simultaneous walks along different riverbeds around the planet, this initiative seeks to <strong>raise awareness of the value of river ecosystems and promote their care<\/strong>. In its 2024 edition, Walking Rivers was attended by more than 2,000 people on five continents. <\/p><p>On that occasion, the LIFE Ebro Resilience P1 project joined with a <strong>7 km<\/strong> route <strong>between the meanders of El Se\u00f1or\u00edo (Castej\u00f3n, Navarra) and La Roza (Alfaro, La Rioja).<\/strong><\/p><p>On that day, topics such as the flood phenomenon and the actions implemented and proposed by the Project to reduce the risk in the middle stretch, including the recovery of river space and river restoration, were discussed.<\/p><p>The route was included in Zone 1 of intervention of the LIFE Ebro Resilience P1 project, where actions such as the reconnection of meanders, the creation of relief channels, the recovery of old river branches and the enlargement of the river space are being carried out.<\/p><p>For the 2025 edition, the motto remains the same: to show the world that rivers are valuable and deserve to be protected.<\/p>\t\t\t\t\t\t\t\t<\/div>\n\t\t\t\t<\/div>\n\t\t\t\t\t<\/div>\n\t\t<\/div>\n\t\t\t\t\t<\/div>\n\t\t<\/section>\n\t\t\t\t<section class=\"elementor-section elementor-top-section elementor-element elementor-element-0044d96 elementor-section-boxed elementor-section-height-default elementor-section-height-default\" data-id=\"0044d96\" data-element_type=\"section\" data-e-type=\"section\">\n\t\t\t\t\t\t<div class=\"elementor-container elementor-column-gap-default\">\n\t\t\t\t\t<div class=\"elementor-column elementor-col-100 elementor-top-column elementor-element elementor-element-4d220e6\" data-id=\"4d220e6\" data-element_type=\"column\" data-e-type=\"column\">\n\t\t\t<div class=\"elementor-widget-wrap elementor-element-populated\">\n\t\t\t\t\t\t<div class=\"elementor-element elementor-element-b6b4be0 elementor-widget elementor-widget-image\" data-id=\"b6b4be0\" data-element_type=\"widget\" data-e-type=\"widget\" data-widget_type=\"image.default\">\n\t\t\t\t<div class=\"elementor-widget-container\">\n\t\t\t\t\t\t\t\t\t\t\t\t<figure class=\"wp-caption\">\n\t\t\t\t\t\t\t\t\t\t<img decoding=\"async\" width=\"768\" height=\"515\" src=\"https:\/\/www.ebroresilience.com\/wp-content\/uploads\/2024\/03\/WhatsApp-Image-2024-03-01-at-17.30.33-768x515.jpeg\" class=\"attachment-medium_large size-medium_large wp-image-10173\" alt=\"Cauce de alivio en Alcal\u00e1 de Ebro, Zaragoza.\" srcset=\"https:\/\/www.ebroresilience.com\/wp-content\/uploads\/2024\/03\/WhatsApp-Image-2024-03-01-at-17.30.33-768x515.jpeg 768w, https:\/\/www.ebroresilience.com\/wp-content\/uploads\/2024\/03\/WhatsApp-Image-2024-03-01-at-17.30.33-300x201.jpeg 300w, https:\/\/www.ebroresilience.com\/wp-content\/uploads\/2024\/03\/WhatsApp-Image-2024-03-01-at-17.30.33-1024x686.jpeg 1024w, https:\/\/www.ebroresilience.com\/wp-content\/uploads\/2024\/03\/WhatsApp-Image-2024-03-01-at-17.30.33-1536x1029.jpeg 1536w, https:\/\/www.ebroresilience.com\/wp-content\/uploads\/2024\/03\/WhatsApp-Image-2024-03-01-at-17.30.33-218x146.jpeg 218w, https:\/\/www.ebroresilience.com\/wp-content\/uploads\/2024\/03\/WhatsApp-Image-2024-03-01-at-17.30.33-50x33.jpeg 50w, https:\/\/www.ebroresilience.com\/wp-content\/uploads\/2024\/03\/WhatsApp-Image-2024-03-01-at-17.30.33-112x75.jpeg 112w, https:\/\/www.ebroresilience.com\/wp-content\/uploads\/2024\/03\/WhatsApp-Image-2024-03-01-at-17.30.33.jpeg 2048w\" sizes=\"(max-width:767px) 480px, (max-width:768px) 100vw, 768px\" \/>\t\t\t\t\t\t\t\t\t\t\t<figcaption class=\"widget-image-caption wp-caption-text\">Cauce de alivio en Alcal\u00e1 de Ebro, Zaragoza.<\/figcaption>\n\t\t\t\t\t\t\t\t\t\t<\/figure>\n\t\t\t\t\t\t\t\t\t<\/div>\n\t\t\t\t<\/div>\n\t\t\t\t\t<\/div>\n\t\t<\/div>\n\t\t\t\t\t<\/div>\n\t\t<\/section>\n\t\t\t\t<section class=\"elementor-section elementor-top-section elementor-element elementor-element-99a7b27 elementor-section-boxed elementor-section-height-default elementor-section-height-default\" data-id=\"99a7b27\" data-element_type=\"section\" data-e-type=\"section\">\n\t\t\t\t\t\t<div class=\"elementor-container elementor-column-gap-default\">\n\t\t\t\t\t<div class=\"elementor-column elementor-col-100 elementor-top-column elementor-element elementor-element-7d0f7d3\" data-id=\"7d0f7d3\" data-element_type=\"column\" data-e-type=\"column\">\n\t\t\t<div class=\"elementor-widget-wrap elementor-element-populated\">\n\t\t\t\t\t\t<div class=\"elementor-element elementor-element-a385e0f elementor-widget elementor-widget-text-editor\" data-id=\"a385e0f\" data-element_type=\"widget\" data-e-type=\"widget\" data-widget_type=\"text-editor.default\">\n\t\t\t\t<div class=\"elementor-widget-container\">\n\t\t\t\t\t\t\t\t\t<p><strong>LIFE Project<\/strong><\/p><p>The LIFE Ebro Resilience P1 Project (LIFE20 ENV\/ES\/00327),\u00a0<strong style=\"font-style: inherit;\">approved by the European Commission in the LIFE 2020 call<\/strong>, covers three autonomous communities (La Rioja, Navarra and Arag\u00f3n), has a duration of 6 years and a total budget of 13,310,350 \u20ac, with 55% European funding.<\/p><p>This project is also an example of institutional coordination and cooperation in the intervention section, its partners being the Ministry for Ecological Transition and Demographic Challenge (MITECO), through its companies TRAGSA and TRAGSATEC; the Ebro Hydrographic Confederation; the Government of La Rioja; the Government of Navarra, through Gesti\u00f3n Ambiental de Navarra, S.A. (GAN-NIK); the Government of Arag\u00f3n and the Aragonese Water Institute.<\/p>\t\t\t\t\t\t\t\t<\/div>\n\t\t\t\t<\/div>\n\t\t\t\t\t<\/div>\n\t\t<\/div>\n\t\t\t\t\t<\/div>\n\t\t<\/section>\n\t\t\t\t<section class=\"elementor-section elementor-top-section elementor-element elementor-element-cae4645 elementor-section-boxed elementor-section-height-default elementor-section-height-default\" data-id=\"cae4645\" data-element_type=\"section\" data-e-type=\"section\">\n\t\t\t\t\t\t<div class=\"elementor-container elementor-column-gap-default\">\n\t\t\t\t\t<div class=\"elementor-column elementor-col-100 elementor-top-column elementor-element elementor-element-682dee5\" data-id=\"682dee5\" data-element_type=\"column\" data-e-type=\"column\">\n\t\t\t<div class=\"elementor-widget-wrap elementor-element-populated\">\n\t\t\t\t\t\t<div class=\"elementor-element elementor-element-633a130 elementor-widget elementor-widget-text-editor\" data-id=\"633a130\" data-element_type=\"widget\" data-e-type=\"widget\" data-widget_type=\"text-editor.default\">\n\t\t\t\t<div class=\"elementor-widget-container\">\n\t\t\t\t\t\t\t\t\t<p><strong>Ebro Resilience Strategy: Tranche 7<\/strong><\/p><p>In addition to the technical team of the LIFE Ebro Resilience P1 Project, the <strong>Aragonese Water Institute and the Government of Aragon<\/strong>, partners of the Project and responsible for the intervention being carried out to reduce the risk of flooding in the Alcal\u00e1 de Ebro &#8211; Remolinos &#8211; Luceni section, with funding from the Recovery and Resilience Mechanism (NextGeneration) in the framework of the Recovery, Transformation and Resilience Plan and within the Ebro Resilience Strategy, have participated especially in the organization of this event.<\/p><p>The actions here are focused on a stretch of about 11 km of the Ebro, between the areas of El Camponuevo and Los Morerales, covering the municipalities of Luceni, Tauste, Pedrola, Remolinos and Alcal\u00e1 de Ebro.<\/p><p>The works include the elimination of several existing defenses on the left bank of Remolinos, Alcal\u00e1 de Ebro and Luceni, the construction of two safety dikes in Alcal\u00e1 de Ebro and a ditch-dike in Remolinos, as well as the adaptation of a road as a defense and measures to restore the riparian vegetation.<\/p><p>In these areas, the <strong>Confederaci\u00f3n Hidrogr\u00e1fica del Ebro,<\/strong> also a partner of LIFE Ebro Resilience P1, has previously carried out interventions for flood adaptation that have already shown their effectiveness (creation of a relief channel, application of bioengineering techniques).<\/p>\t\t\t\t\t\t\t\t<\/div>\n\t\t\t\t<\/div>\n\t\t\t\t\t<\/div>\n\t\t<\/div>\n\t\t\t\t\t<\/div>\n\t\t<\/section>\n\t\t\t\t<\/div>\n\t\t","protected":false},"excerpt":{"rendered":"<p>&#8211; For the second year we participate in this worldwide initiative to bring the population closer to the rivers and their values, with a route that also includes a section of interpretive descent in an inflatable boat to join the two banks of the Ebro.<\/p>\n","protected":false},"author":5,"featured_media":14060,"comment_status":"closed","ping_status":"closed","sticky":false,"template":"","format":"standard","meta":{"_acf_changed":false,"ngg_post_thumbnail":0,"footnotes":""},"categories":[377,369],"tags":[381,395,607],"class_list":["post-14064","post","type-post","status-publish","format-standard","has-post-thumbnail","hentry","category-life-en","category-news","tag-life-ebro-resilience-p1-en","tag-participation","tag-restauracion-en"],"acf":[],"publishpress_future_action":{"enabled":false,"date":"2026-05-07 03:07:32","action":"change-status","newStatus":"draft","terms":[],"taxonomy":"category","extraData":[]},"publishpress_future_workflow_manual_trigger":{"enabledWorkflows":[]},"_links":{"self":[{"href":"https:\/\/www.ebroresilience.com\/en\/wp-json\/wp\/v2\/posts\/14064","targetHints":{"allow":["GET"]}}],"collection":[{"href":"https:\/\/www.ebroresilience.com\/en\/wp-json\/wp\/v2\/posts"}],"about":[{"href":"https:\/\/www.ebroresilience.com\/en\/wp-json\/wp\/v2\/types\/post"}],"author":[{"embeddable":true,"href":"https:\/\/www.ebroresilience.com\/en\/wp-json\/wp\/v2\/users\/5"}],"replies":[{"embeddable":true,"href":"https:\/\/www.ebroresilience.com\/en\/wp-json\/wp\/v2\/comments?post=14064"}],"version-history":[{"count":6,"href":"https:\/\/www.ebroresilience.com\/en\/wp-json\/wp\/v2\/posts\/14064\/revisions"}],"predecessor-version":[{"id":14984,"href":"https:\/\/www.ebroresilience.com\/en\/wp-json\/wp\/v2\/posts\/14064\/revisions\/14984"}],"wp:featuredmedia":[{"embeddable":true,"href":"https:\/\/www.ebroresilience.com\/en\/wp-json\/wp\/v2\/media\/14060"}],"wp:attachment":[{"href":"https:\/\/www.ebroresilience.com\/en\/wp-json\/wp\/v2\/media?parent=14064"}],"wp:term":[{"taxonomy":"category","embeddable":true,"href":"https:\/\/www.ebroresilience.com\/en\/wp-json\/wp\/v2\/categories?post=14064"},{"taxonomy":"post_tag","embeddable":true,"href":"https:\/\/www.ebroresilience.com\/en\/wp-json\/wp\/v2\/tags?post=14064"}],"curies":[{"name":"wp","href":"https:\/\/api.w.org\/{rel}","templated":true}]}}