{"id":13925,"date":"2025-04-11T07:39:59","date_gmt":"2025-04-11T05:39:59","guid":{"rendered":"https:\/\/www.ebroresilience.com\/the-government-of-la-rioja-announces-aid-for-adaptation-to-floods-within-the-ebro-resilience-strategy\/"},"modified":"2025-04-11T09:28:17","modified_gmt":"2025-04-11T07:28:17","slug":"the-government-of-la-rioja-announces-aid-for-adaptation-to-floods-within-the-ebro-resilience-strategy","status":"publish","type":"post","link":"https:\/\/www.ebroresilience.com\/en\/the-government-of-la-rioja-announces-aid-for-adaptation-to-floods-within-the-ebro-resilience-strategy\/","title":{"rendered":"The Government of La Rioja announces aid for adaptation to floods within the Ebro Resilience Strategy"},"content":{"rendered":"\t\t<div data-elementor-type=\"wp-post\" data-elementor-id=\"13925\" class=\"elementor elementor-13925 elementor-13914\" data-elementor-post-type=\"post\">\n\t\t\t\t\t\t<section class=\"elementor-section elementor-top-section elementor-element elementor-element-65bfc67 elementor-section-boxed elementor-section-height-default elementor-section-height-default\" data-id=\"65bfc67\" data-element_type=\"section\" data-e-type=\"section\">\n\t\t\t\t\t\t<div class=\"elementor-container elementor-column-gap-default\">\n\t\t\t\t\t<div class=\"elementor-column elementor-col-100 elementor-top-column elementor-element elementor-element-4c77a40\" data-id=\"4c77a40\" data-element_type=\"column\" data-e-type=\"column\">\n\t\t\t<div class=\"elementor-widget-wrap elementor-element-populated\">\n\t\t\t\t\t\t<div class=\"elementor-element elementor-element-200169f elementor-widget elementor-widget-text-editor\" data-id=\"200169f\" data-element_type=\"widget\" data-e-type=\"widget\" data-widget_type=\"text-editor.default\">\n\t\t\t\t<div class=\"elementor-widget-container\">\n\t\t\t\t\t\t\t\t\t<p>The <a href=\"https:\/\/web.larioja.org\/bor-portada\/boranuncio?n=34187654-2-HTML-568783-X\" target=\"_blank\" rel=\"noopener\">Official Gazette of La Rioja (BOR) has published (April 11),<\/a> the Resolution of the Department of Agriculture, Livestock, Rural World and Environment by which aid is called for actions to adapt to the risk of flooding of buildings, facilities and farms in the Rioja municipalities of the middle section of the Ebro river basin, within the Ebro Resilience Strategy and within the framework of the <strong>Recovery, Transformation and Resilience Plan financed with Next Generation funds<\/strong>.<\/p><p>This is the second call for subsidies aimed at minimizing the effects of water floods on the safety of people, property and economic activities, and <strong>will have a significant economic allocation of 1,015,244 euros<\/strong>.<\/p><p>The adaptation measures respond to four lines of action: the acquisition and installation of equipment or materials that prevent the entry of water or facilitate its evacuation; the execution of works for environmental recovery and improvement of the condition of watercourses and riverbanks; actions carried out in agricultural and livestock farms; and interventions considered necessary for the protection, environmental improvement and adaptation to flood risk of river environments, as well as buildings, facilities, infrastructures or equipment.<\/p><p>The territorial scope of this aid is limited to the 18 riparian municipalities of the<strong>Ebro axis and the Cidacos and Alhama rivers<\/strong> in La Rioja<strong>, which are part of the Ebro Resilience Strategy: Logro\u00f1o, Agoncillo, Arr\u00fabal, Alcanadre, Pradej\u00f3n, Calahorra, Aldeanueva de Ebro, Rinc\u00f3n de Soto, Alfaro, Enciso, Arnedillo, Santa Eulalia Bajera, Herce, Arnedo, Quel, Autol, Aguilar del R\u00edo Alhama and Cervera del R\u00edo Alhama.<\/strong><\/p>\t\t\t\t\t\t\t\t<\/div>\n\t\t\t\t<\/div>\n\t\t\t\t\t<\/div>\n\t\t<\/div>\n\t\t\t\t\t<\/div>\n\t\t<\/section>\n\t\t\t\t<section class=\"elementor-section elementor-top-section elementor-element elementor-element-1994044 elementor-section-boxed elementor-section-height-default elementor-section-height-default\" data-id=\"1994044\" data-element_type=\"section\" data-e-type=\"section\">\n\t\t\t\t\t\t<div class=\"elementor-container elementor-column-gap-default\">\n\t\t\t\t\t<div class=\"elementor-column elementor-col-100 elementor-top-column elementor-element elementor-element-ebdfbb8\" data-id=\"ebdfbb8\" data-element_type=\"column\" data-e-type=\"column\">\n\t\t\t<div class=\"elementor-widget-wrap elementor-element-populated\">\n\t\t\t\t\t\t<div class=\"elementor-element elementor-element-9ded0fa elementor-align-center elementor-widget elementor-widget-button\" data-id=\"9ded0fa\" data-element_type=\"widget\" data-e-type=\"widget\" data-widget_type=\"button.default\">\n\t\t\t\t<div class=\"elementor-widget-container\">\n\t\t\t\t\t\t\t\t\t<div class=\"elementor-button-wrapper\">\n\t\t\t\t\t<a class=\"elementor-button elementor-button-link elementor-size-sm\" href=\"https:\/\/web.larioja.org\/oficina-electronica\/tramite?n=25483\">\n\t\t\t\t\t\t<span class=\"elementor-button-content-wrapper\">\n\t\t\t\t\t\t\t\t\t<span class=\"elementor-button-text\">ACCESS TO THE CALL FOR PROPOSALS  <\/span>\n\t\t\t\t\t<\/span>\n\t\t\t\t\t<\/a>\n\t\t\t\t<\/div>\n\t\t\t\t\t\t\t\t<\/div>\n\t\t\t\t<\/div>\n\t\t\t\t\t<\/div>\n\t\t<\/div>\n\t\t\t\t\t<\/div>\n\t\t<\/section>\n\t\t\t\t<section class=\"elementor-section elementor-top-section elementor-element elementor-element-9caeefe elementor-section-boxed elementor-section-height-default elementor-section-height-default\" data-id=\"9caeefe\" data-element_type=\"section\" data-e-type=\"section\">\n\t\t\t\t\t\t<div class=\"elementor-container elementor-column-gap-default\">\n\t\t\t\t\t<div class=\"elementor-column elementor-col-100 elementor-top-column elementor-element elementor-element-d31945b\" data-id=\"d31945b\" data-element_type=\"column\" data-e-type=\"column\">\n\t\t\t<div class=\"elementor-widget-wrap elementor-element-populated\">\n\t\t\t\t\t\t<div class=\"elementor-element elementor-element-9082cf9 elementor-widget elementor-widget-text-editor\" data-id=\"9082cf9\" data-element_type=\"widget\" data-e-type=\"widget\" data-widget_type=\"text-editor.default\">\n\t\t\t\t<div class=\"elementor-widget-container\">\n\t\t\t\t\t\t\t\t\t<p>The objective of this call for aid is not to promote isolated measures that benefit certain sectors or individuals, but rather to <strong>respond to a strategy that must be coordinated and directed by the competent administrations, in such a way as to enable and consolidate the necessary mechanisms to incorporate adaptation to flood risk as part of the ordinary activity of the different economic sectors and, in general, of the life of the citizens.<\/strong><\/p><p>The recipients of these grants are individuals or legal entities, homeowners&#8217; associations, city councils, consortiums formed by local entities and any public sector entity, as well as private non-profit organizations. The call establishes that they must submit only one application per action in each of the lines, although they may apply for several of them. <\/p><p>As a novelty with respect to the first call, both entities and individuals or legal entities will be beneficiaries of these subsidies in all the lines, and the amount of the subsidy to carry out all the adaptation measures will be increased, reaching 80% of the financeable budget, with maximum grants of between 35,000 and 120,000 euros, depending on the line to which they are submitted.<\/p><p>On the other hand, the deadline for the execution of the actions and the investment justification is extended to February 6, 2026. In addition, the actions may have been carried out prior to the approval of the investment, provided that they have not started before March 6, 2021. <\/p><p>Applications can be submitted during the next two months through the virtual office on the website of the Government of La Rioja: <a href=\"https:\/\/www.larioja.org\/medio-ambiente\/es\/agua\/estrategia-ebro-resilience\">https:\/\/www.larioja.org\/medio-ambiente\/es\/agua\/estrategia-ebro-resilience.<\/a><\/p><p>The Ebro Resilience Strategy establishes a framework for collaboration between the Ministry for Ecological Transition and the Demographic Challenge (MITERD), the Ebro Hydrographic Confederation and the governments of La Rioja, Navarre and Aragon, as well as other stakeholders, to work in solidarity and coordination in flood risk management in the middle stretch of the Ebro, forming a subprogram of the Flood Risk Management Plan (PGRI) of the Ebro Hydrographic Demarcation.<\/p><p><strong> <\/strong><\/p>\t\t\t\t\t\t\t\t<\/div>\n\t\t\t\t<\/div>\n\t\t\t\t\t<\/div>\n\t\t<\/div>\n\t\t\t\t\t<\/div>\n\t\t<\/section>\n\t\t\t\t<\/div>\n\t\t","protected":false},"excerpt":{"rendered":"<p>This second call for proposals will be open for the next two months with four lines of action, and contemplates a subsidy of 80% of the bankable budget for each project.<\/p>\n","protected":false},"author":5,"featured_media":13916,"comment_status":"closed","ping_status":"closed","sticky":false,"template":"","format":"standard","meta":{"_acf_changed":false,"ngg_post_thumbnail":0,"footnotes":""},"categories":[369],"tags":[387,378,398,392],"class_list":["post-13925","post","type-post","status-publish","format-standard","has-post-thumbnail","hentry","category-news","tag-ebro-en","tag-ebro-resilience-en","tag-flood","tag-subsidies"],"acf":[],"publishpress_future_action":{"enabled":false,"date":"2026-05-07 05:40:21","action":"change-status","newStatus":"draft","terms":[],"taxonomy":"category","extraData":[]},"publishpress_future_workflow_manual_trigger":{"enabledWorkflows":[]},"_links":{"self":[{"href":"https:\/\/www.ebroresilience.com\/en\/wp-json\/wp\/v2\/posts\/13925","targetHints":{"allow":["GET"]}}],"collection":[{"href":"https:\/\/www.ebroresilience.com\/en\/wp-json\/wp\/v2\/posts"}],"about":[{"href":"https:\/\/www.ebroresilience.com\/en\/wp-json\/wp\/v2\/types\/post"}],"author":[{"embeddable":true,"href":"https:\/\/www.ebroresilience.com\/en\/wp-json\/wp\/v2\/users\/5"}],"replies":[{"embeddable":true,"href":"https:\/\/www.ebroresilience.com\/en\/wp-json\/wp\/v2\/comments?post=13925"}],"version-history":[{"count":2,"href":"https:\/\/www.ebroresilience.com\/en\/wp-json\/wp\/v2\/posts\/13925\/revisions"}],"predecessor-version":[{"id":13933,"href":"https:\/\/www.ebroresilience.com\/en\/wp-json\/wp\/v2\/posts\/13925\/revisions\/13933"}],"wp:featuredmedia":[{"embeddable":true,"href":"https:\/\/www.ebroresilience.com\/en\/wp-json\/wp\/v2\/media\/13916"}],"wp:attachment":[{"href":"https:\/\/www.ebroresilience.com\/en\/wp-json\/wp\/v2\/media?parent=13925"}],"wp:term":[{"taxonomy":"category","embeddable":true,"href":"https:\/\/www.ebroresilience.com\/en\/wp-json\/wp\/v2\/categories?post=13925"},{"taxonomy":"post_tag","embeddable":true,"href":"https:\/\/www.ebroresilience.com\/en\/wp-json\/wp\/v2\/tags?post=13925"}],"curies":[{"name":"wp","href":"https:\/\/api.w.org\/{rel}","templated":true}]}}