{"id":13753,"date":"2025-03-27T19:32:37","date_gmt":"2025-03-27T18:32:37","guid":{"rendered":"https:\/\/www.ebroresilience.com\/learning-from-other-life-projects-life-ip-douro-ebro-resilience-meeting\/"},"modified":"2025-03-28T09:29:49","modified_gmt":"2025-03-28T08:29:49","slug":"learning-from-other-life-projects-life-ip-douro-ebro-resilience-meeting","status":"publish","type":"post","link":"https:\/\/www.ebroresilience.com\/en\/learning-from-other-life-projects-life-ip-douro-ebro-resilience-meeting\/","title":{"rendered":"Learning from other LIFE projects: LIFE IP Duero &#8211; Ebro Resilience meeting"},"content":{"rendered":"\t\t<div data-elementor-type=\"wp-post\" data-elementor-id=\"13753\" class=\"elementor elementor-13753 elementor-13740\" data-elementor-post-type=\"post\">\n\t\t\t\t\t\t<section class=\"elementor-section elementor-top-section elementor-element elementor-element-210b2a2 elementor-section-boxed elementor-section-height-default elementor-section-height-default\" data-id=\"210b2a2\" data-element_type=\"section\" data-e-type=\"section\">\n\t\t\t\t\t\t<div class=\"elementor-container elementor-column-gap-default\">\n\t\t\t\t\t<div class=\"elementor-column elementor-col-100 elementor-top-column elementor-element elementor-element-bee5ecf\" data-id=\"bee5ecf\" data-element_type=\"column\" data-e-type=\"column\">\n\t\t\t<div class=\"elementor-widget-wrap elementor-element-populated\">\n\t\t\t\t\t\t<div class=\"elementor-element elementor-element-88d06cf elementor-widget elementor-widget-text-editor\" data-id=\"88d06cf\" data-element_type=\"widget\" data-e-type=\"widget\" data-widget_type=\"text-editor.default\">\n\t\t\t\t<div class=\"elementor-widget-container\">\n\t\t\t\t\t\t\t\t\t<p>The <a href=\"https:\/\/www.lifeduero.eu\/\">LIFE IP RBMP Duero<\/a> and <a href=\"https:\/\/www.ebroresilience.com\/en\/life-ebro-resilience-p1\/\">LIFE Ebro Resilience P1<\/a> projects are projects of the LIFE Program of the European Union, with common points that promote the exchange of experiences and knowledge. This was made clear at the conference organized by the former on March 25 and 26, to which <em>Resilience<\/em> technical teams were invited to learn about different actions in Ar\u00e9valo, Papatrigo and Barco de \u00c1vila, in the province of \u00c1vila, and within the Duero Demarcation.<\/p>\n<p>This <strong>networking<\/strong> action has made it possible to analyze river restoration solutions to improve the conservation of river habitats and species.<\/p>\n<p>The meeting began with a session to analyze the projects, their objectives, actions and implementation difficulties. It was held at the Don \u00c1lvaro de Luna Mill in Azagra, headquarters of LIFE IP Duero after its restoration, with the participation of the technical teams of both.<\/p>\n\t\t\t\t\t\t\t\t<\/div>\n\t\t\t\t<\/div>\n\t\t\t\t\t<\/div>\n\t\t<\/div>\n\t\t\t\t\t<\/div>\n\t\t<\/section>\n\t\t\t\t<section class=\"elementor-section elementor-top-section elementor-element elementor-element-55279a3 elementor-section-boxed elementor-section-height-default elementor-section-height-default\" data-id=\"55279a3\" data-element_type=\"section\" data-e-type=\"section\">\n\t\t\t\t\t\t<div class=\"elementor-container elementor-column-gap-default\">\n\t\t\t\t\t<div class=\"elementor-column elementor-col-100 elementor-top-column elementor-element elementor-element-98a69f4\" data-id=\"98a69f4\" data-element_type=\"column\" data-e-type=\"column\">\n\t\t\t<div class=\"elementor-widget-wrap elementor-element-populated\">\n\t\t\t\t\t\t<div class=\"elementor-element elementor-element-36d1bac elementor-widget elementor-widget-image\" data-id=\"36d1bac\" data-element_type=\"widget\" data-e-type=\"widget\" data-widget_type=\"image.default\">\n\t\t\t\t<div class=\"elementor-widget-container\">\n\t\t\t\t\t\t\t\t\t\t\t\t\t\t\t<img fetchpriority=\"high\" decoding=\"async\" width=\"768\" height=\"346\" src=\"https:\/\/www.ebroresilience.com\/wp-content\/uploads\/2025\/03\/6f0f6b94-f2d2-4995-8d07-d36ea0c935e3-768x346.jpeg\" class=\"attachment-medium_large size-medium_large wp-image-13745\" alt=\"Networking IP Duero. Sesi\u00f3n en el Molino Don \u00c1lvaro de Luna.\" srcset=\"https:\/\/www.ebroresilience.com\/wp-content\/uploads\/2025\/03\/6f0f6b94-f2d2-4995-8d07-d36ea0c935e3-768x346.jpeg 768w, https:\/\/www.ebroresilience.com\/wp-content\/uploads\/2025\/03\/6f0f6b94-f2d2-4995-8d07-d36ea0c935e3-300x135.jpeg 300w, https:\/\/www.ebroresilience.com\/wp-content\/uploads\/2025\/03\/6f0f6b94-f2d2-4995-8d07-d36ea0c935e3-1024x462.jpeg 1024w, https:\/\/www.ebroresilience.com\/wp-content\/uploads\/2025\/03\/6f0f6b94-f2d2-4995-8d07-d36ea0c935e3-1536x693.jpeg 1536w, https:\/\/www.ebroresilience.com\/wp-content\/uploads\/2025\/03\/6f0f6b94-f2d2-4995-8d07-d36ea0c935e3-150x68.jpeg 150w, https:\/\/www.ebroresilience.com\/wp-content\/uploads\/2025\/03\/6f0f6b94-f2d2-4995-8d07-d36ea0c935e3-480x216.jpeg 480w, https:\/\/www.ebroresilience.com\/wp-content\/uploads\/2025\/03\/6f0f6b94-f2d2-4995-8d07-d36ea0c935e3.jpeg 2040w\" sizes=\"(max-width:767px) 480px, (max-width:768px) 100vw, 768px\" \/>\t\t\t\t\t\t\t\t\t\t\t\t\t\t\t<\/div>\n\t\t\t\t<\/div>\n\t\t\t\t\t<\/div>\n\t\t<\/div>\n\t\t\t\t\t<\/div>\n\t\t<\/section>\n\t\t\t\t<section class=\"elementor-section elementor-top-section elementor-element elementor-element-a2857f0 elementor-section-boxed elementor-section-height-default elementor-section-height-default\" data-id=\"a2857f0\" data-element_type=\"section\" data-e-type=\"section\">\n\t\t\t\t\t\t<div class=\"elementor-container elementor-column-gap-default\">\n\t\t\t\t\t<div class=\"elementor-column elementor-col-100 elementor-top-column elementor-element elementor-element-16492dc\" data-id=\"16492dc\" data-element_type=\"column\" data-e-type=\"column\">\n\t\t\t<div class=\"elementor-widget-wrap elementor-element-populated\">\n\t\t\t\t\t\t<div class=\"elementor-element elementor-element-91e7642 elementor-widget elementor-widget-text-editor\" data-id=\"91e7642\" data-element_type=\"widget\" data-e-type=\"widget\" data-widget_type=\"text-editor.default\">\n\t\t\t\t<div class=\"elementor-widget-container\">\n\t\t\t\t\t\t\t\t\t<p>The rest of the days were focused on field sessions, with visits to the restored section of the Zapardiel river; to the intervention area of the Arevalillo river in the town of Papatrigo in Avila to reduce the risk of flooding and to the town of Barco de Avila, where technical interventions aimed at improving biodiversity and ensuring sustainable management of the Tormes river were presented.<\/p>\n<p>The networking actions, integrated in the LIFE Ebro Resilience P1 Project, aim at exchanging knowledge, experiences, methodologies and good practices with other national and European projects.<\/p><\/p>\n\t\t\t\t\t\t\t\t<\/div>\n\t\t\t\t<\/div>\n\t\t\t\t\t<\/div>\n\t\t<\/div>\n\t\t\t\t\t<\/div>\n\t\t<\/section>\n\t\t\t\t<section class=\"elementor-section elementor-top-section elementor-element elementor-element-6b46f5d elementor-section-boxed elementor-section-height-default elementor-section-height-default\" data-id=\"6b46f5d\" data-element_type=\"section\" data-e-type=\"section\">\n\t\t\t\t\t\t<div class=\"elementor-container elementor-column-gap-default\">\n\t\t\t\t\t<div class=\"elementor-column elementor-col-50 elementor-top-column elementor-element elementor-element-7b11793\" data-id=\"7b11793\" data-element_type=\"column\" data-e-type=\"column\">\n\t\t\t<div class=\"elementor-widget-wrap elementor-element-populated\">\n\t\t\t\t\t\t<div class=\"elementor-element elementor-element-1d4fca4 elementor-widget elementor-widget-image\" data-id=\"1d4fca4\" data-element_type=\"widget\" data-e-type=\"widget\" data-widget_type=\"image.default\">\n\t\t\t\t<div class=\"elementor-widget-container\">\n\t\t\t\t\t\t\t\t\t\t\t\t\t\t\t<img decoding=\"async\" width=\"1024\" height=\"462\" src=\"https:\/\/www.ebroresilience.com\/wp-content\/uploads\/2025\/03\/WhatsApp-Image-2025-03-27-at-12.26.51-1024x462.jpeg\" class=\"attachment-large size-large wp-image-13749\" alt=\"Networking LIFE IP Duero\" srcset=\"https:\/\/www.ebroresilience.com\/wp-content\/uploads\/2025\/03\/WhatsApp-Image-2025-03-27-at-12.26.51-1024x462.jpeg 1024w, https:\/\/www.ebroresilience.com\/wp-content\/uploads\/2025\/03\/WhatsApp-Image-2025-03-27-at-12.26.51-300x135.jpeg 300w, https:\/\/www.ebroresilience.com\/wp-content\/uploads\/2025\/03\/WhatsApp-Image-2025-03-27-at-12.26.51-768x346.jpeg 768w, https:\/\/www.ebroresilience.com\/wp-content\/uploads\/2025\/03\/WhatsApp-Image-2025-03-27-at-12.26.51-1536x692.jpeg 1536w, https:\/\/www.ebroresilience.com\/wp-content\/uploads\/2025\/03\/WhatsApp-Image-2025-03-27-at-12.26.51-150x68.jpeg 150w, https:\/\/www.ebroresilience.com\/wp-content\/uploads\/2025\/03\/WhatsApp-Image-2025-03-27-at-12.26.51-480x216.jpeg 480w, https:\/\/www.ebroresilience.com\/wp-content\/uploads\/2025\/03\/WhatsApp-Image-2025-03-27-at-12.26.51.jpeg 2048w\" sizes=\"(max-width:767px) 480px, (max-width:1024px) 100vw, 1024px\" \/>\t\t\t\t\t\t\t\t\t\t\t\t\t\t\t<\/div>\n\t\t\t\t<\/div>\n\t\t\t\t\t<\/div>\n\t\t<\/div>\n\t\t\t\t<div class=\"elementor-column elementor-col-50 elementor-top-column elementor-element elementor-element-ae55021\" data-id=\"ae55021\" data-element_type=\"column\" data-e-type=\"column\">\n\t\t\t<div class=\"elementor-widget-wrap elementor-element-populated\">\n\t\t\t\t\t\t<div class=\"elementor-element elementor-element-fa1598b elementor-widget elementor-widget-image\" data-id=\"fa1598b\" data-element_type=\"widget\" data-e-type=\"widget\" data-widget_type=\"image.default\">\n\t\t\t\t<div class=\"elementor-widget-container\">\n\t\t\t\t\t\t\t\t\t\t\t\t\t\t\t<img decoding=\"async\" width=\"1024\" height=\"462\" src=\"https:\/\/www.ebroresilience.com\/wp-content\/uploads\/2025\/03\/6db9d423-90b7-4001-a542-6b6b3ec9b6ca-1024x462.jpeg\" class=\"attachment-large size-large wp-image-13747\" alt=\"Networking LIFE IP Duero\" srcset=\"https:\/\/www.ebroresilience.com\/wp-content\/uploads\/2025\/03\/6db9d423-90b7-4001-a542-6b6b3ec9b6ca-1024x462.jpeg 1024w, https:\/\/www.ebroresilience.com\/wp-content\/uploads\/2025\/03\/6db9d423-90b7-4001-a542-6b6b3ec9b6ca-300x135.jpeg 300w, https:\/\/www.ebroresilience.com\/wp-content\/uploads\/2025\/03\/6db9d423-90b7-4001-a542-6b6b3ec9b6ca-768x346.jpeg 768w, https:\/\/www.ebroresilience.com\/wp-content\/uploads\/2025\/03\/6db9d423-90b7-4001-a542-6b6b3ec9b6ca-1536x692.jpeg 1536w, https:\/\/www.ebroresilience.com\/wp-content\/uploads\/2025\/03\/6db9d423-90b7-4001-a542-6b6b3ec9b6ca-150x68.jpeg 150w, https:\/\/www.ebroresilience.com\/wp-content\/uploads\/2025\/03\/6db9d423-90b7-4001-a542-6b6b3ec9b6ca-480x216.jpeg 480w, https:\/\/www.ebroresilience.com\/wp-content\/uploads\/2025\/03\/6db9d423-90b7-4001-a542-6b6b3ec9b6ca.jpeg 2048w\" sizes=\"(max-width:767px) 480px, (max-width:1024px) 100vw, 1024px\" \/>\t\t\t\t\t\t\t\t\t\t\t\t\t\t\t<\/div>\n\t\t\t\t<\/div>\n\t\t\t\t\t<\/div>\n\t\t<\/div>\n\t\t\t\t\t<\/div>\n\t\t<\/section>\n\t\t\t\t<\/div>\n\t\t","protected":false},"excerpt":{"rendered":"<p>On March 25 and 26, a networking conference was held in Ar\u00e9valo (\u00c1vila), where the Duero has the headquarters of this European project.  <\/p>\n","protected":false},"author":5,"featured_media":13742,"comment_status":"closed","ping_status":"closed","sticky":false,"template":"","format":"standard","meta":{"_acf_changed":false,"ngg_post_thumbnail":0,"footnotes":""},"categories":[377,369],"tags":[381,389],"class_list":["post-13753","post","type-post","status-publish","format-standard","has-post-thumbnail","hentry","category-life-en","category-news","tag-life-ebro-resilience-p1-en","tag-networking-en"],"acf":[],"publishpress_future_action":{"enabled":false,"date":"2026-05-07 00:15:10","action":"change-status","newStatus":"draft","terms":[],"taxonomy":"category","extraData":[]},"publishpress_future_workflow_manual_trigger":{"enabledWorkflows":[]},"_links":{"self":[{"href":"https:\/\/www.ebroresilience.com\/en\/wp-json\/wp\/v2\/posts\/13753","targetHints":{"allow":["GET"]}}],"collection":[{"href":"https:\/\/www.ebroresilience.com\/en\/wp-json\/wp\/v2\/posts"}],"about":[{"href":"https:\/\/www.ebroresilience.com\/en\/wp-json\/wp\/v2\/types\/post"}],"author":[{"embeddable":true,"href":"https:\/\/www.ebroresilience.com\/en\/wp-json\/wp\/v2\/users\/5"}],"replies":[{"embeddable":true,"href":"https:\/\/www.ebroresilience.com\/en\/wp-json\/wp\/v2\/comments?post=13753"}],"version-history":[{"count":4,"href":"https:\/\/www.ebroresilience.com\/en\/wp-json\/wp\/v2\/posts\/13753\/revisions"}],"predecessor-version":[{"id":13770,"href":"https:\/\/www.ebroresilience.com\/en\/wp-json\/wp\/v2\/posts\/13753\/revisions\/13770"}],"wp:featuredmedia":[{"embeddable":true,"href":"https:\/\/www.ebroresilience.com\/en\/wp-json\/wp\/v2\/media\/13742"}],"wp:attachment":[{"href":"https:\/\/www.ebroresilience.com\/en\/wp-json\/wp\/v2\/media?parent=13753"}],"wp:term":[{"taxonomy":"category","embeddable":true,"href":"https:\/\/www.ebroresilience.com\/en\/wp-json\/wp\/v2\/categories?post=13753"},{"taxonomy":"post_tag","embeddable":true,"href":"https:\/\/www.ebroresilience.com\/en\/wp-json\/wp\/v2\/tags?post=13753"}],"curies":[{"name":"wp","href":"https:\/\/api.w.org\/{rel}","templated":true}]}}