{"id":13723,"date":"2025-04-01T17:48:14","date_gmt":"2025-04-01T15:48:14","guid":{"rendered":"https:\/\/www.ebroresilience.com\/?p=13723"},"modified":"2025-04-01T17:50:37","modified_gmt":"2025-04-01T15:50:37","slug":"first-steps-for-the-creation-of-lateral-flow-buffer-zones-against-flooding-in-the-osera-fuentes-section-of-the-river","status":"publish","type":"post","link":"https:\/\/www.ebroresilience.com\/en\/first-steps-for-the-creation-of-lateral-flow-buffer-zones-against-flooding-in-the-osera-fuentes-section-of-the-river\/","title":{"rendered":"First steps for the creation of Lateral Flow Buffer Zones against flooding in the Osera-Fuentes section of the river"},"content":{"rendered":"\t\t<div data-elementor-type=\"wp-post\" data-elementor-id=\"13723\" class=\"elementor elementor-13723 elementor-13712\" data-elementor-post-type=\"post\">\n\t\t\t\t\t\t<section class=\"elementor-section elementor-top-section elementor-element elementor-element-abb7b8f elementor-section-boxed elementor-section-height-default elementor-section-height-default\" data-id=\"abb7b8f\" data-element_type=\"section\" data-e-type=\"section\">\n\t\t\t\t\t\t<div class=\"elementor-container elementor-column-gap-default\">\n\t\t\t\t\t<div class=\"elementor-column elementor-col-100 elementor-top-column elementor-element elementor-element-d6023f7\" data-id=\"d6023f7\" data-element_type=\"column\" data-e-type=\"column\">\n\t\t\t<div class=\"elementor-widget-wrap elementor-element-populated\">\n\t\t\t\t\t\t<div class=\"elementor-element elementor-element-216312c elementor-widget elementor-widget-text-editor\" data-id=\"216312c\" data-element_type=\"widget\" data-e-type=\"widget\" data-widget_type=\"text-editor.default\">\n\t\t\t\t<div class=\"elementor-widget-container\">\n\t\t\t\t\t\t\t\t\t<p>The LIFE Ebro Resilience P1 Project has started a crucial phase in its intervention in the Osera de Ebro &#8211; Fuentes de Ebro (Zaragoza) section with the adaptation of the irrigation network in the farms destined to become the future Lateral Flow Buffer Zones (LFZ). This intervention, which seeks to reduce the effects of flooding in an intensive farming area, was selected by the European Union&#8217;s LIFE Program as a pilot proposal to serve as a reference for other Spanish and European basins with similar problems due to its innovative nature. <\/p>\n<p>The works for the implementation of the Zones will be carried out by the Ebro Hydrographic Confederation (CHE) and in these first steps consist of the adaptation of the secondary irrigation network in the farms that will be transformed into ZAFL.<\/p>\n\t\t\t\t\t\t\t\t<\/div>\n\t\t\t\t<\/div>\n\t\t\t\t\t<\/div>\n\t\t<\/div>\n\t\t\t\t\t<\/div>\n\t\t<\/section>\n\t\t\t\t<section class=\"elementor-section elementor-top-section elementor-element elementor-element-6a57509 elementor-section-boxed elementor-section-height-default elementor-section-height-default\" data-id=\"6a57509\" data-element_type=\"section\" data-e-type=\"section\">\n\t\t\t\t\t\t<div class=\"elementor-container elementor-column-gap-default\">\n\t\t\t\t\t<div class=\"elementor-column elementor-col-100 elementor-top-column elementor-element elementor-element-199cc2c\" data-id=\"199cc2c\" data-element_type=\"column\" data-e-type=\"column\">\n\t\t\t<div class=\"elementor-widget-wrap elementor-element-populated\">\n\t\t\t\t\t\t<div class=\"elementor-element elementor-element-7582c1a elementor-widget elementor-widget-image\" data-id=\"7582c1a\" data-element_type=\"widget\" data-e-type=\"widget\" data-widget_type=\"image.default\">\n\t\t\t\t<div class=\"elementor-widget-container\">\n\t\t\t\t\t\t\t\t\t\t\t\t\t\t\t<img fetchpriority=\"high\" decoding=\"async\" width=\"768\" height=\"576\" src=\"https:\/\/www.ebroresilience.com\/wp-content\/uploads\/2025\/03\/OSERA-FUENTES_18-02-2025_ZAFL02-768x576.jpg\" class=\"attachment-medium_large size-medium_large wp-image-13717\" alt=\"Primeros pasos para la creaci\u00f3n de Zonas de Amortiguaci\u00f3n de Flujo Lateral ante las inundaciones en el tramo Osera- Fuentes.\" srcset=\"https:\/\/www.ebroresilience.com\/wp-content\/uploads\/2025\/03\/OSERA-FUENTES_18-02-2025_ZAFL02-768x576.jpg 768w, https:\/\/www.ebroresilience.com\/wp-content\/uploads\/2025\/03\/OSERA-FUENTES_18-02-2025_ZAFL02-300x225.jpg 300w, https:\/\/www.ebroresilience.com\/wp-content\/uploads\/2025\/03\/OSERA-FUENTES_18-02-2025_ZAFL02-1024x767.jpg 1024w, https:\/\/www.ebroresilience.com\/wp-content\/uploads\/2025\/03\/OSERA-FUENTES_18-02-2025_ZAFL02-1536x1151.jpg 1536w, https:\/\/www.ebroresilience.com\/wp-content\/uploads\/2025\/03\/OSERA-FUENTES_18-02-2025_ZAFL02-2048x1535.jpg 2048w, https:\/\/www.ebroresilience.com\/wp-content\/uploads\/2025\/03\/OSERA-FUENTES_18-02-2025_ZAFL02-100x75.jpg 100w, https:\/\/www.ebroresilience.com\/wp-content\/uploads\/2025\/03\/OSERA-FUENTES_18-02-2025_ZAFL02-960x720.jpg 960w, https:\/\/www.ebroresilience.com\/wp-content\/uploads\/2025\/03\/OSERA-FUENTES_18-02-2025_ZAFL02-480x360.jpg 480w\" sizes=\"(max-width:767px) 480px, (max-width:768px) 100vw, 768px\" \/>\t\t\t\t\t\t\t\t\t\t\t\t\t\t\t<\/div>\n\t\t\t\t<\/div>\n\t\t\t\t\t<\/div>\n\t\t<\/div>\n\t\t\t\t\t<\/div>\n\t\t<\/section>\n\t\t\t\t<section class=\"elementor-section elementor-top-section elementor-element elementor-element-36052b4 elementor-section-boxed elementor-section-height-default elementor-section-height-default\" data-id=\"36052b4\" data-element_type=\"section\" data-e-type=\"section\">\n\t\t\t\t\t\t<div class=\"elementor-container elementor-column-gap-default\">\n\t\t\t\t\t<div class=\"elementor-column elementor-col-100 elementor-top-column elementor-element elementor-element-31ff52e\" data-id=\"31ff52e\" data-element_type=\"column\" data-e-type=\"column\">\n\t\t\t<div class=\"elementor-widget-wrap elementor-element-populated\">\n\t\t\t\t\t\t<div class=\"elementor-element elementor-element-b28a9e7 elementor-widget elementor-widget-text-editor\" data-id=\"b28a9e7\" data-element_type=\"widget\" data-e-type=\"widget\" data-widget_type=\"text-editor.default\">\n\t\t\t\t<div class=\"elementor-widget-container\">\n\t\t\t\t\t\t\t\t\t<p>The<a href=\"https:\/\/www.youtube.com\/watch?v=EKWnxjCugj8\" target=\"_blank\" rel=\"noopener\"> Lateral Flow Buffer Zones (LFZ<\/a>) are a succession of temporary flooding areas. During the Ebro River floods, the areas are pre-flooded in a controlled manner and create &#8220;water mattresses&#8221;. There, water passes over water and, as it does not impact on rigid elements and surfaces, damage and erosion are reduced.    <\/p>\n<p><strong>How do you prevent damage to these flooded areas?<\/strong>  When the river has a lot of water and needs more space, the AFZs allow the water to occupy lateral lands in an organized manner. The innovative idea is that these zones are prepared so that the overflowing water passes continuously over the pre-flooded areas, flowing parallel to the river and helping drainage after episodes. <\/p>\n<ul>\n<li>They allow a faster recovery after a flood.<\/li>\n<li>Lower costs by reducing damage to land and infrastructure during major flood events.<\/li>\n<li>Helps flood water drain away faster<\/li>\n<\/ul>\n\t\t\t\t\t\t\t\t<\/div>\n\t\t\t\t<\/div>\n\t\t\t\t\t<\/div>\n\t\t<\/div>\n\t\t\t\t\t<\/div>\n\t\t<\/section>\n\t\t\t\t<section class=\"elementor-section elementor-top-section elementor-element elementor-element-78b8c74 elementor-section-boxed elementor-section-height-default elementor-section-height-default\" data-id=\"78b8c74\" data-element_type=\"section\" data-e-type=\"section\">\n\t\t\t\t\t\t<div class=\"elementor-container elementor-column-gap-default\">\n\t\t\t\t\t<div class=\"elementor-column elementor-col-100 elementor-top-column elementor-element elementor-element-86a9aa7\" data-id=\"86a9aa7\" data-element_type=\"column\" data-e-type=\"column\">\n\t\t\t<div class=\"elementor-widget-wrap elementor-element-populated\">\n\t\t\t\t\t\t<div class=\"elementor-element elementor-element-2b84e79 elementor-widget elementor-widget-video\" data-id=\"2b84e79\" data-element_type=\"widget\" data-e-type=\"widget\" data-settings=\"{&quot;youtube_url&quot;:&quot;https:\\\/\\\/www.youtube.com\\\/watch?v=EKWnxjCugj8&quot;,&quot;video_type&quot;:&quot;youtube&quot;,&quot;controls&quot;:&quot;yes&quot;}\" data-widget_type=\"video.default\">\n\t\t\t\t<div class=\"elementor-widget-container\">\n\t\t\t\t\t\t\t<div class=\"elementor-wrapper elementor-open-inline\">\n\t\t\t<div class=\"elementor-video\"><\/div>\t\t<\/div>\n\t\t\t\t\t\t<\/div>\n\t\t\t\t<\/div>\n\t\t\t\t\t<\/div>\n\t\t<\/div>\n\t\t\t\t\t<\/div>\n\t\t<\/section>\n\t\t\t\t<section class=\"elementor-section elementor-top-section elementor-element elementor-element-865c15d elementor-section-boxed elementor-section-height-default elementor-section-height-default\" data-id=\"865c15d\" data-element_type=\"section\" data-e-type=\"section\">\n\t\t\t\t\t\t<div class=\"elementor-container elementor-column-gap-default\">\n\t\t\t\t\t<div class=\"elementor-column elementor-col-100 elementor-top-column elementor-element elementor-element-f5d171f\" data-id=\"f5d171f\" data-element_type=\"column\" data-e-type=\"column\">\n\t\t\t<div class=\"elementor-widget-wrap elementor-element-populated\">\n\t\t\t\t\t\t<div class=\"elementor-element elementor-element-89aec27 elementor-widget elementor-widget-text-editor\" data-id=\"89aec27\" data-element_type=\"widget\" data-e-type=\"widget\" data-widget_type=\"text-editor.default\">\n\t\t\t\t<div class=\"elementor-widget-container\">\n\t\t\t\t\t\t\t\t\t<p>In the Osera de Ebro &#8211; Fuentes de Ebro section, <strong>350 hectares of land will be adapted to<\/strong> create <strong>14 flood zones.<\/strong><\/p>\n<p>This intervention is the <strong>result of an intense process of social participation<\/strong> with the stakeholders of the section. Since 2021, several deliberative actions have been carried out, including the creation of co-creation with technicians and stakeholders, as well as field visits and information sessions. The consensus with the Town Councils of Fuentes de Ebro and Osera de Ebro and with the Irrigation Community has been crucial for the definition and implementation of this action.  <\/p>\n<p>But in this section, the LIFE Ebro Resilience P1 project includes other important works in which <strong>the CHE and the Government of Aragon<\/strong> are working. <strong>Coordination between administrations and public participation<\/strong> are essential for this project. <\/p>\n\t\t\t\t\t\t\t\t<\/div>\n\t\t\t\t<\/div>\n\t\t\t\t\t<\/div>\n\t\t<\/div>\n\t\t\t\t\t<\/div>\n\t\t<\/section>\n\t\t\t\t<section class=\"elementor-section elementor-top-section elementor-element elementor-element-514de7a elementor-section-boxed elementor-section-height-default elementor-section-height-default\" data-id=\"514de7a\" data-element_type=\"section\" data-e-type=\"section\">\n\t\t\t\t\t\t<div class=\"elementor-container elementor-column-gap-default\">\n\t\t\t\t\t<div class=\"elementor-column elementor-col-100 elementor-top-column elementor-element elementor-element-2ae92fe\" data-id=\"2ae92fe\" data-element_type=\"column\" data-e-type=\"column\">\n\t\t\t<div class=\"elementor-widget-wrap elementor-element-populated\">\n\t\t\t\t\t\t<div class=\"elementor-element elementor-element-b92601e elementor-widget elementor-widget-image\" data-id=\"b92601e\" data-element_type=\"widget\" data-e-type=\"widget\" data-widget_type=\"image.default\">\n\t\t\t\t<div class=\"elementor-widget-container\">\n\t\t\t\t\t\t\t\t\t\t\t\t\t\t\t<img decoding=\"async\" width=\"768\" height=\"434\" src=\"https:\/\/www.ebroresilience.com\/wp-content\/uploads\/2024\/06\/MAPA-DE-VISITAS-768x434.png\" class=\"attachment-medium_large size-medium_large wp-image-11585\" alt=\"Plan of Lateral Flow Buffer Zones with stakeholders on the visit.\" srcset=\"https:\/\/www.ebroresilience.com\/wp-content\/uploads\/2024\/06\/MAPA-DE-VISITAS-768x434.png 768w, https:\/\/www.ebroresilience.com\/wp-content\/uploads\/2024\/06\/MAPA-DE-VISITAS-300x170.png 300w, https:\/\/www.ebroresilience.com\/wp-content\/uploads\/2024\/06\/MAPA-DE-VISITAS-1024x579.png 1024w, https:\/\/www.ebroresilience.com\/wp-content\/uploads\/2024\/06\/MAPA-DE-VISITAS-258x146.png 258w, https:\/\/www.ebroresilience.com\/wp-content\/uploads\/2024\/06\/MAPA-DE-VISITAS-50x28.png 50w, https:\/\/www.ebroresilience.com\/wp-content\/uploads\/2024\/06\/MAPA-DE-VISITAS-133x75.png 133w, https:\/\/www.ebroresilience.com\/wp-content\/uploads\/2024\/06\/MAPA-DE-VISITAS.png 1284w\" sizes=\"(max-width:767px) 480px, (max-width:768px) 100vw, 768px\" \/>\t\t\t\t\t\t\t\t\t\t\t\t\t\t\t<\/div>\n\t\t\t\t<\/div>\n\t\t\t\t\t<\/div>\n\t\t<\/div>\n\t\t\t\t\t<\/div>\n\t\t<\/section>\n\t\t\t\t<section class=\"elementor-section elementor-top-section elementor-element elementor-element-ea06792 elementor-section-boxed elementor-section-height-default elementor-section-height-default\" data-id=\"ea06792\" data-element_type=\"section\" data-e-type=\"section\">\n\t\t\t\t\t\t<div class=\"elementor-container elementor-column-gap-default\">\n\t\t\t\t\t<div class=\"elementor-column elementor-col-100 elementor-top-column elementor-element elementor-element-98f4043\" data-id=\"98f4043\" data-element_type=\"column\" data-e-type=\"column\">\n\t\t\t<div class=\"elementor-widget-wrap elementor-element-populated\">\n\t\t\t\t\t\t<div class=\"elementor-element elementor-element-ce67695 elementor-widget elementor-widget-text-editor\" data-id=\"ce67695\" data-element_type=\"widget\" data-e-type=\"widget\" data-widget_type=\"text-editor.default\">\n\t\t\t\t<div class=\"elementor-widget-container\">\n\t\t\t\t\t\t\t\t\t<p>In addition to the EPZs, other actions are being carried out in this section:<\/p>\n<ul>\n<li><strong> Space<\/strong> is recovered<strong> for the river<\/strong> by eliminating and moving defenses away from the riverbed in the mejana del Conde and the meander of Aguilar. Dikes are removed (1,020 and 2,035 meters) and others are built further away (998 and 1,598 meters), gaining 20 hectares for the river where environmental restoration and recovery of riparian forest will be carried out. <\/li>\n<li>The<strong> irrigation system<\/strong> of the Comunidad de Regantes de la Huerta del Ebro is adapted.<\/li>\n<\/ul>\n\t\t\t\t\t\t\t\t<\/div>\n\t\t\t\t<\/div>\n\t\t\t\t\t<\/div>\n\t\t<\/div>\n\t\t\t\t\t<\/div>\n\t\t<\/section>\n\t\t\t\t<section class=\"elementor-section elementor-top-section elementor-element elementor-element-7849e77 elementor-section-boxed elementor-section-height-default elementor-section-height-default\" data-id=\"7849e77\" data-element_type=\"section\" data-e-type=\"section\">\n\t\t\t\t\t\t<div class=\"elementor-container elementor-column-gap-default\">\n\t\t\t\t\t<div class=\"elementor-column elementor-col-50 elementor-top-column elementor-element elementor-element-38a6939\" data-id=\"38a6939\" data-element_type=\"column\" data-e-type=\"column\">\n\t\t\t<div class=\"elementor-widget-wrap elementor-element-populated\">\n\t\t\t\t\t\t<div class=\"elementor-element elementor-element-1f5427d elementor-widget elementor-widget-image\" data-id=\"1f5427d\" data-element_type=\"widget\" data-e-type=\"widget\" data-widget_type=\"image.default\">\n\t\t\t\t<div class=\"elementor-widget-container\">\n\t\t\t\t\t\t\t\t\t\t\t\t<figure class=\"wp-caption\">\n\t\t\t\t\t\t\t\t\t\t<img decoding=\"async\" width=\"1024\" height=\"767\" src=\"https:\/\/www.ebroresilience.com\/wp-content\/uploads\/2025\/03\/OSERA-FUENTES_18-02-2025_10-1024x767.jpg\" class=\"attachment-large size-large wp-image-13719\" alt=\"Retranqueo de defensa en la mejana del Conde (Osera de Ebro - Fuentes de Ebro, Zaragoza)\" srcset=\"https:\/\/www.ebroresilience.com\/wp-content\/uploads\/2025\/03\/OSERA-FUENTES_18-02-2025_10-1024x767.jpg 1024w, https:\/\/www.ebroresilience.com\/wp-content\/uploads\/2025\/03\/OSERA-FUENTES_18-02-2025_10-300x225.jpg 300w, https:\/\/www.ebroresilience.com\/wp-content\/uploads\/2025\/03\/OSERA-FUENTES_18-02-2025_10-768x575.jpg 768w, https:\/\/www.ebroresilience.com\/wp-content\/uploads\/2025\/03\/OSERA-FUENTES_18-02-2025_10-1536x1150.jpg 1536w, https:\/\/www.ebroresilience.com\/wp-content\/uploads\/2025\/03\/OSERA-FUENTES_18-02-2025_10-2048x1534.jpg 2048w, https:\/\/www.ebroresilience.com\/wp-content\/uploads\/2025\/03\/OSERA-FUENTES_18-02-2025_10-100x75.jpg 100w, https:\/\/www.ebroresilience.com\/wp-content\/uploads\/2025\/03\/OSERA-FUENTES_18-02-2025_10-960x720.jpg 960w, https:\/\/www.ebroresilience.com\/wp-content\/uploads\/2025\/03\/OSERA-FUENTES_18-02-2025_10-480x359.jpg 480w\" sizes=\"(max-width:767px) 480px, (max-width:1024px) 100vw, 1024px\" \/>\t\t\t\t\t\t\t\t\t\t\t<figcaption class=\"widget-image-caption wp-caption-text\">Retranqueo de defensa en la mejana del Conde (Osera de Ebro - Fuentes de Ebro, Zaragoza)<\/figcaption>\n\t\t\t\t\t\t\t\t\t\t<\/figure>\n\t\t\t\t\t\t\t\t\t<\/div>\n\t\t\t\t<\/div>\n\t\t\t\t\t<\/div>\n\t\t<\/div>\n\t\t\t\t<div class=\"elementor-column elementor-col-50 elementor-top-column elementor-element elementor-element-398427d\" data-id=\"398427d\" data-element_type=\"column\" data-e-type=\"column\">\n\t\t\t<div class=\"elementor-widget-wrap elementor-element-populated\">\n\t\t\t\t\t\t<div class=\"elementor-element elementor-element-adc9bef elementor-widget elementor-widget-image\" data-id=\"adc9bef\" data-element_type=\"widget\" data-e-type=\"widget\" data-widget_type=\"image.default\">\n\t\t\t\t<div class=\"elementor-widget-container\">\n\t\t\t\t\t\t\t\t\t\t\t\t<figure class=\"wp-caption\">\n\t\t\t\t\t\t\t\t\t\t<img loading=\"lazy\" decoding=\"async\" width=\"1024\" height=\"549\" src=\"https:\/\/www.ebroresilience.com\/wp-content\/uploads\/2024\/11\/tuberia-1024x549.jpeg\" class=\"attachment-large size-large wp-image-12751\" alt=\"Vista a\u00e9rea de la instalaci\u00f3n soterrada de la fase 1 de tuber\u00eda\" srcset=\"https:\/\/www.ebroresilience.com\/wp-content\/uploads\/2024\/11\/tuberia-1024x549.jpeg 1024w, https:\/\/www.ebroresilience.com\/wp-content\/uploads\/2024\/11\/tuberia-300x161.jpeg 300w, https:\/\/www.ebroresilience.com\/wp-content\/uploads\/2024\/11\/tuberia-768x412.jpeg 768w, https:\/\/www.ebroresilience.com\/wp-content\/uploads\/2024\/11\/tuberia-260x139.jpeg 260w, https:\/\/www.ebroresilience.com\/wp-content\/uploads\/2024\/11\/tuberia-50x27.jpeg 50w, https:\/\/www.ebroresilience.com\/wp-content\/uploads\/2024\/11\/tuberia-140x75.jpeg 140w, https:\/\/www.ebroresilience.com\/wp-content\/uploads\/2024\/11\/tuberia.jpeg 1366w\" sizes=\"(max-width:767px) 480px, (max-width:1024px) 100vw, 1024px\" \/>\t\t\t\t\t\t\t\t\t\t\t<figcaption class=\"widget-image-caption wp-caption-text\">Vista a\u00e9rea de la instalaci\u00f3n soterrada de la fase 1 de tuber\u00eda<\/figcaption>\n\t\t\t\t\t\t\t\t\t\t<\/figure>\n\t\t\t\t\t\t\t\t\t<\/div>\n\t\t\t\t<\/div>\n\t\t\t\t\t<\/div>\n\t\t<\/div>\n\t\t\t\t\t<\/div>\n\t\t<\/section>\n\t\t\t\t<\/div>\n\t\t","protected":false},"excerpt":{"rendered":"<p>The AFLAs are the pilot proposal for reducing flooding in an agricultural area and are intended to be replicated in other European basins with similar problems.  <\/p>\n","protected":false},"author":5,"featured_media":13714,"comment_status":"closed","ping_status":"closed","sticky":false,"template":"","format":"standard","meta":{"_acf_changed":false,"ngg_post_thumbnail":0,"footnotes":""},"categories":[377,369],"tags":[639,388,387,399,619,381,410,635],"class_list":["post-13723","post","type-post","status-publish","format-standard","has-post-thumbnail","hentry","category-life-en","category-news","tag-argon-government","tag-che-en","tag-ebro-en","tag-ebro-springs","tag-lateral-flow-buffer-zones","tag-life-ebro-resilience-p1-en","tag-osera-de-ebro-en","tag-zafl-en"],"acf":[],"publishpress_future_action":{"enabled":false,"date":"2026-05-07 01:41:48","action":"change-status","newStatus":"draft","terms":[],"taxonomy":"category","extraData":[]},"publishpress_future_workflow_manual_trigger":{"enabledWorkflows":[]},"_links":{"self":[{"href":"https:\/\/www.ebroresilience.com\/en\/wp-json\/wp\/v2\/posts\/13723","targetHints":{"allow":["GET"]}}],"collection":[{"href":"https:\/\/www.ebroresilience.com\/en\/wp-json\/wp\/v2\/posts"}],"about":[{"href":"https:\/\/www.ebroresilience.com\/en\/wp-json\/wp\/v2\/types\/post"}],"author":[{"embeddable":true,"href":"https:\/\/www.ebroresilience.com\/en\/wp-json\/wp\/v2\/users\/5"}],"replies":[{"embeddable":true,"href":"https:\/\/www.ebroresilience.com\/en\/wp-json\/wp\/v2\/comments?post=13723"}],"version-history":[{"count":9,"href":"https:\/\/www.ebroresilience.com\/en\/wp-json\/wp\/v2\/posts\/13723\/revisions"}],"predecessor-version":[{"id":13813,"href":"https:\/\/www.ebroresilience.com\/en\/wp-json\/wp\/v2\/posts\/13723\/revisions\/13813"}],"wp:featuredmedia":[{"embeddable":true,"href":"https:\/\/www.ebroresilience.com\/en\/wp-json\/wp\/v2\/media\/13714"}],"wp:attachment":[{"href":"https:\/\/www.ebroresilience.com\/en\/wp-json\/wp\/v2\/media?parent=13723"}],"wp:term":[{"taxonomy":"category","embeddable":true,"href":"https:\/\/www.ebroresilience.com\/en\/wp-json\/wp\/v2\/categories?post=13723"},{"taxonomy":"post_tag","embeddable":true,"href":"https:\/\/www.ebroresilience.com\/en\/wp-json\/wp\/v2\/tags?post=13723"}],"curies":[{"name":"wp","href":"https:\/\/api.w.org\/{rel}","templated":true}]}}