{"id":13668,"date":"2025-03-18T13:01:32","date_gmt":"2025-03-18T12:01:32","guid":{"rendered":"https:\/\/www.ebroresilience.com\/we-visited-the-section-osera-de-ebro-fuentes-de-ebro-zaragoza-with-citop-aragon\/"},"modified":"2025-04-01T18:46:09","modified_gmt":"2025-04-01T16:46:09","slug":"we-visited-the-section-osera-de-ebro-fuentes-de-ebro-zaragoza-with-citop-aragon","status":"publish","type":"post","link":"https:\/\/www.ebroresilience.com\/en\/we-visited-the-section-osera-de-ebro-fuentes-de-ebro-zaragoza-with-citop-aragon\/","title":{"rendered":"We visited the section Osera de Ebro &#8211; Fuentes de Ebro (Zaragoza) with CITOP Arag\u00f3n."},"content":{"rendered":"\t\t<div data-elementor-type=\"wp-post\" data-elementor-id=\"13668\" class=\"elementor elementor-13668 elementor-13653\" data-elementor-post-type=\"post\">\n\t\t\t\t\t\t<section class=\"elementor-section elementor-top-section elementor-element elementor-element-cc60c62 elementor-section-boxed elementor-section-height-default elementor-section-height-default\" data-id=\"cc60c62\" data-element_type=\"section\" data-e-type=\"section\">\n\t\t\t\t\t\t<div class=\"elementor-container elementor-column-gap-default\">\n\t\t\t\t\t<div class=\"elementor-column elementor-col-100 elementor-top-column elementor-element elementor-element-3c111f4\" data-id=\"3c111f4\" data-element_type=\"column\" data-e-type=\"column\">\n\t\t\t<div class=\"elementor-widget-wrap elementor-element-populated\">\n\t\t\t\t\t\t<div class=\"elementor-element elementor-element-3bef965 elementor-widget elementor-widget-text-editor\" data-id=\"3bef965\" data-element_type=\"widget\" data-e-type=\"widget\" data-widget_type=\"text-editor.default\">\n\t\t\t\t<div class=\"elementor-widget-container\">\n\t\t\t\t\t\t\t\t\t<p>On March 15, the Colegio de Ingeniero T\u00e9cnicos de Obras P\u00fablicas and the LIFE Ebro Resilience P1 Project joined forces to carry out an informative and training session that is part of the social capacity building campaigns for the technical sector.<\/p>\n<p>The activity made it possible to explain the proposals of the Ebro Resilience Strategy and the LIFE Ebro Resilience P1 Project for flood risk reduction in the middle reaches of the Ebro, and also to exchange views on the change in flood risk management.<\/p>\n<p><strong>Visit  <\/strong><\/p>\n<p>The day began at the CITOP headquarters in Zaragoza with an informative talk by the technical coordinator of the LIFE Ebro Resilience P1 project and ITOP at the Ebro Hydrographic Confederation, David Gargantilla, on concepts such as flood risk and exposure to floods, areas, types of intervention and the general objectives of the project.<\/p>\n\t\t\t\t\t\t\t\t<\/div>\n\t\t\t\t<\/div>\n\t\t\t\t\t<\/div>\n\t\t<\/div>\n\t\t\t\t\t<\/div>\n\t\t<\/section>\n\t\t\t\t<section class=\"elementor-section elementor-top-section elementor-element elementor-element-a720c16 elementor-section-boxed elementor-section-height-default elementor-section-height-default\" data-id=\"a720c16\" data-element_type=\"section\" data-e-type=\"section\">\n\t\t\t\t\t\t<div class=\"elementor-container elementor-column-gap-default\">\n\t\t\t\t\t<div class=\"elementor-column elementor-col-100 elementor-top-column elementor-element elementor-element-2cc65e8\" data-id=\"2cc65e8\" data-element_type=\"column\" data-e-type=\"column\">\n\t\t\t<div class=\"elementor-widget-wrap elementor-element-populated\">\n\t\t\t\t\t\t<div class=\"elementor-element elementor-element-319a724 elementor-widget elementor-widget-image\" data-id=\"319a724\" data-element_type=\"widget\" data-e-type=\"widget\" data-widget_type=\"image.default\">\n\t\t\t\t<div class=\"elementor-widget-container\">\n\t\t\t\t\t\t\t\t\t\t\t\t\t\t\t<img fetchpriority=\"high\" decoding=\"async\" width=\"768\" height=\"576\" src=\"https:\/\/www.ebroresilience.com\/wp-content\/uploads\/2025\/03\/IMG20250315090943-768x576.jpg\" class=\"attachment-medium_large size-medium_large wp-image-13660\" alt=\"Visita CITOP Arag\u00f3n a la zona 2 Osera de Ebro - Fuentes de Ebro (Zaragoza). Charla divulgativa en la sede el colegio en Zaragoza.\" srcset=\"https:\/\/www.ebroresilience.com\/wp-content\/uploads\/2025\/03\/IMG20250315090943-768x576.jpg 768w, https:\/\/www.ebroresilience.com\/wp-content\/uploads\/2025\/03\/IMG20250315090943-300x225.jpg 300w, https:\/\/www.ebroresilience.com\/wp-content\/uploads\/2025\/03\/IMG20250315090943-1024x768.jpg 1024w, https:\/\/www.ebroresilience.com\/wp-content\/uploads\/2025\/03\/IMG20250315090943-1536x1152.jpg 1536w, https:\/\/www.ebroresilience.com\/wp-content\/uploads\/2025\/03\/IMG20250315090943-2048x1536.jpg 2048w, https:\/\/www.ebroresilience.com\/wp-content\/uploads\/2025\/03\/IMG20250315090943-100x75.jpg 100w, https:\/\/www.ebroresilience.com\/wp-content\/uploads\/2025\/03\/IMG20250315090943-960x720.jpg 960w, https:\/\/www.ebroresilience.com\/wp-content\/uploads\/2025\/03\/IMG20250315090943-480x360.jpg 480w\" sizes=\"(max-width:767px) 480px, (max-width:768px) 100vw, 768px\" \/>\t\t\t\t\t\t\t\t\t\t\t\t\t\t\t<\/div>\n\t\t\t\t<\/div>\n\t\t\t\t\t<\/div>\n\t\t<\/div>\n\t\t\t\t\t<\/div>\n\t\t<\/section>\n\t\t\t\t<section class=\"elementor-section elementor-top-section elementor-element elementor-element-09a1c1c elementor-section-boxed elementor-section-height-default elementor-section-height-default\" data-id=\"09a1c1c\" data-element_type=\"section\" data-e-type=\"section\">\n\t\t\t\t\t\t<div class=\"elementor-container elementor-column-gap-default\">\n\t\t\t\t\t<div class=\"elementor-column elementor-col-100 elementor-top-column elementor-element elementor-element-d81636c\" data-id=\"d81636c\" data-element_type=\"column\" data-e-type=\"column\">\n\t\t\t<div class=\"elementor-widget-wrap elementor-element-populated\">\n\t\t\t\t\t\t<div class=\"elementor-element elementor-element-a0be51a elementor-widget elementor-widget-text-editor\" data-id=\"a0be51a\" data-element_type=\"widget\" data-e-type=\"widget\" data-widget_type=\"text-editor.default\">\n\t\t\t\t<div class=\"elementor-widget-container\">\n\t\t\t\t\t\t\t\t\t<p>Afterwards, the attendees went to Zone 2 of the intervention, the Osera de Ebro &#8211; Fuentes de Ebro section, to see the different works in situ:<\/p>\n<ul>\n<li>In the <strong>mejana del Conde, the intervention for the recovery of river space was visited through the recessing and separation from the riverbed of part of the existing defense, in order to solve the narrowing of the river.<\/strong> This action is part of the phase of the &#8220;Improvement of resilience to floods in the Ebro river, as it passes through Osera de Ebro and Fuentes de Ebro, in Zaragoza&#8221;, with a budget of 3 million euros, which includes a similar action in another section of the defense, located in the meander of Aguilar. <\/li>\n<\/ul>\n\t\t\t\t\t\t\t\t<\/div>\n\t\t\t\t<\/div>\n\t\t\t\t\t<\/div>\n\t\t<\/div>\n\t\t\t\t\t<\/div>\n\t\t<\/section>\n\t\t\t\t<section class=\"elementor-section elementor-top-section elementor-element elementor-element-718fcdb elementor-section-boxed elementor-section-height-default elementor-section-height-default\" data-id=\"718fcdb\" data-element_type=\"section\" data-e-type=\"section\">\n\t\t\t\t\t\t<div class=\"elementor-container elementor-column-gap-default\">\n\t\t\t\t\t<div class=\"elementor-column elementor-col-100 elementor-top-column elementor-element elementor-element-3030f23\" data-id=\"3030f23\" data-element_type=\"column\" data-e-type=\"column\">\n\t\t\t<div class=\"elementor-widget-wrap elementor-element-populated\">\n\t\t\t\t\t\t<div class=\"elementor-element elementor-element-bb51b6d elementor-widget elementor-widget-image\" data-id=\"bb51b6d\" data-element_type=\"widget\" data-e-type=\"widget\" data-widget_type=\"image.default\">\n\t\t\t\t<div class=\"elementor-widget-container\">\n\t\t\t\t\t\t\t\t\t\t\t\t\t\t\t<img decoding=\"async\" width=\"768\" height=\"578\" src=\"https:\/\/www.ebroresilience.com\/wp-content\/uploads\/2025\/03\/IMG20250315113835-768x578.jpg\" class=\"attachment-medium_large size-medium_large wp-image-13655\" alt=\"Visita CITOP Arag\u00f3n a la zona 2 Osera de Ebro - Fuentes de Ebro (Zaragoza) para conocer las actuaciones del Proyecto LIFE Ebro Resilience P1. Mejana del Conde donde se est\u00e1 retranqueando una defensa para reducir estrechamientos. D\u00eda 15 de marzo de 2025\" srcset=\"https:\/\/www.ebroresilience.com\/wp-content\/uploads\/2025\/03\/IMG20250315113835-768x578.jpg 768w, https:\/\/www.ebroresilience.com\/wp-content\/uploads\/2025\/03\/IMG20250315113835-300x226.jpg 300w, https:\/\/www.ebroresilience.com\/wp-content\/uploads\/2025\/03\/IMG20250315113835-1024x771.jpg 1024w, https:\/\/www.ebroresilience.com\/wp-content\/uploads\/2025\/03\/IMG20250315113835-1536x1157.jpg 1536w, https:\/\/www.ebroresilience.com\/wp-content\/uploads\/2025\/03\/IMG20250315113835-2048x1542.jpg 2048w, https:\/\/www.ebroresilience.com\/wp-content\/uploads\/2025\/03\/IMG20250315113835-100x75.jpg 100w, https:\/\/www.ebroresilience.com\/wp-content\/uploads\/2025\/03\/IMG20250315113835-480x361.jpg 480w\" sizes=\"(max-width:767px) 480px, (max-width:768px) 100vw, 768px\" \/>\t\t\t\t\t\t\t\t\t\t\t\t\t\t\t<\/div>\n\t\t\t\t<\/div>\n\t\t\t\t\t<\/div>\n\t\t<\/div>\n\t\t\t\t\t<\/div>\n\t\t<\/section>\n\t\t\t\t<section class=\"elementor-section elementor-top-section elementor-element elementor-element-3a69bb4 elementor-section-boxed elementor-section-height-default elementor-section-height-default\" data-id=\"3a69bb4\" data-element_type=\"section\" data-e-type=\"section\">\n\t\t\t\t\t\t<div class=\"elementor-container elementor-column-gap-default\">\n\t\t\t\t\t<div class=\"elementor-column elementor-col-100 elementor-top-column elementor-element elementor-element-f9f2133\" data-id=\"f9f2133\" data-element_type=\"column\" data-e-type=\"column\">\n\t\t\t<div class=\"elementor-widget-wrap elementor-element-populated\">\n\t\t\t\t\t\t<div class=\"elementor-element elementor-element-0d73cbb elementor-widget elementor-widget-text-editor\" data-id=\"0d73cbb\" data-element_type=\"widget\" data-e-type=\"widget\" data-widget_type=\"text-editor.default\">\n\t\t\t\t<div class=\"elementor-widget-container\">\n\t\t\t\t\t\t\t\t\t<ul>\n<li>The visit also included an explanation of the <strong>preliminary work for the creation of lateral flow buffer zones, a series of temporary flooding areas that will compartmentalize the cultivable area into cells that will be pre-flooded<\/strong> in a controlled manner. This will generate water cushions that will minimize damage to farms and infrastructure, mainly irrigation. <\/li>\n<li>Finally, the following were explained  <strong>adaptation works to the flooding of the irrigation system of the Irrigation Community of the Huerta del Ebro.<\/strong>  These works consist of separating the irrigation infrastructures from the defense dike, preventing a breach of the dike from affecting the infrastructures; burying the main irrigation ditches that could hinder the passage of water (intervention of the Government of Aragon); and adapting the secondary irrigation branches in the farms that will become floodable areas to flooding (intervention of the Ebro Hydrographic Confederation).<\/li>\n<\/ul>\n\t\t\t\t\t\t\t\t<\/div>\n\t\t\t\t<\/div>\n\t\t\t\t\t<\/div>\n\t\t<\/div>\n\t\t\t\t\t<\/div>\n\t\t<\/section>\n\t\t\t\t<section class=\"elementor-section elementor-top-section elementor-element elementor-element-108e506 elementor-section-boxed elementor-section-height-default elementor-section-height-default\" data-id=\"108e506\" data-element_type=\"section\" data-e-type=\"section\">\n\t\t\t\t\t\t<div class=\"elementor-container elementor-column-gap-default\">\n\t\t\t\t\t<div class=\"elementor-column elementor-col-50 elementor-top-column elementor-element elementor-element-45b20b6\" data-id=\"45b20b6\" data-element_type=\"column\" data-e-type=\"column\">\n\t\t\t<div class=\"elementor-widget-wrap elementor-element-populated\">\n\t\t\t\t\t\t<div class=\"elementor-element elementor-element-7f4ca5a elementor-widget elementor-widget-image\" data-id=\"7f4ca5a\" data-element_type=\"widget\" data-e-type=\"widget\" data-widget_type=\"image.default\">\n\t\t\t\t<div class=\"elementor-widget-container\">\n\t\t\t\t\t\t\t\t\t\t\t\t\t\t\t<img decoding=\"async\" width=\"1024\" height=\"771\" src=\"https:\/\/www.ebroresilience.com\/wp-content\/uploads\/2025\/03\/IMG20250315122539-1024x771.jpg\" class=\"attachment-large size-large wp-image-13662\" alt=\"CITOP Arag\u00f3n visit to zone 2 Osera de Ebro - Fuentes de Ebro (Zaragoza) to learn about the actions of the LIFE Ebro Resilience P1 Project. Adaptation of irrigation infrastructures.\" srcset=\"https:\/\/www.ebroresilience.com\/wp-content\/uploads\/2025\/03\/IMG20250315122539-1024x771.jpg 1024w, https:\/\/www.ebroresilience.com\/wp-content\/uploads\/2025\/03\/IMG20250315122539-300x226.jpg 300w, https:\/\/www.ebroresilience.com\/wp-content\/uploads\/2025\/03\/IMG20250315122539-768x578.jpg 768w, https:\/\/www.ebroresilience.com\/wp-content\/uploads\/2025\/03\/IMG20250315122539-1536x1157.jpg 1536w, https:\/\/www.ebroresilience.com\/wp-content\/uploads\/2025\/03\/IMG20250315122539-2048x1542.jpg 2048w, https:\/\/www.ebroresilience.com\/wp-content\/uploads\/2025\/03\/IMG20250315122539-100x75.jpg 100w, https:\/\/www.ebroresilience.com\/wp-content\/uploads\/2025\/03\/IMG20250315122539-480x361.jpg 480w\" sizes=\"(max-width:767px) 480px, (max-width:1024px) 100vw, 1024px\" \/>\t\t\t\t\t\t\t\t\t\t\t\t\t\t\t<\/div>\n\t\t\t\t<\/div>\n\t\t\t\t\t<\/div>\n\t\t<\/div>\n\t\t\t\t<div class=\"elementor-column elementor-col-50 elementor-top-column elementor-element elementor-element-5b33ac2\" data-id=\"5b33ac2\" data-element_type=\"column\" data-e-type=\"column\">\n\t\t\t<div class=\"elementor-widget-wrap elementor-element-populated\">\n\t\t\t\t\t\t<div class=\"elementor-element elementor-element-9508c6b elementor-widget elementor-widget-image\" data-id=\"9508c6b\" data-element_type=\"widget\" data-e-type=\"widget\" data-widget_type=\"image.default\">\n\t\t\t\t<div class=\"elementor-widget-container\">\n\t\t\t\t\t\t\t\t\t\t\t\t\t\t\t<img loading=\"lazy\" decoding=\"async\" width=\"1024\" height=\"771\" src=\"https:\/\/www.ebroresilience.com\/wp-content\/uploads\/2025\/03\/IMG20250315112957-1024x771.jpg\" class=\"attachment-large size-large wp-image-13664\" alt=\"Visita CITOP Arag\u00f3n a la zona 2 Osera de Ebro - Fuentes de Ebro (Zaragoza) para conocer las actuaciones del Proyecto LIFE Ebro Resilience P1. Mejana del Conde donde se est\u00e1 retranqueando una defensa para reducir estrechamientos. D\u00eda 15 de marzo de 2025\" srcset=\"https:\/\/www.ebroresilience.com\/wp-content\/uploads\/2025\/03\/IMG20250315112957-1024x771.jpg 1024w, https:\/\/www.ebroresilience.com\/wp-content\/uploads\/2025\/03\/IMG20250315112957-300x226.jpg 300w, https:\/\/www.ebroresilience.com\/wp-content\/uploads\/2025\/03\/IMG20250315112957-768x578.jpg 768w, https:\/\/www.ebroresilience.com\/wp-content\/uploads\/2025\/03\/IMG20250315112957-1536x1157.jpg 1536w, https:\/\/www.ebroresilience.com\/wp-content\/uploads\/2025\/03\/IMG20250315112957-2048x1542.jpg 2048w, https:\/\/www.ebroresilience.com\/wp-content\/uploads\/2025\/03\/IMG20250315112957-100x75.jpg 100w, https:\/\/www.ebroresilience.com\/wp-content\/uploads\/2025\/03\/IMG20250315112957-480x361.jpg 480w\" sizes=\"(max-width:767px) 480px, (max-width:1024px) 100vw, 1024px\" \/>\t\t\t\t\t\t\t\t\t\t\t\t\t\t\t<\/div>\n\t\t\t\t<\/div>\n\t\t\t\t\t<\/div>\n\t\t<\/div>\n\t\t\t\t\t<\/div>\n\t\t<\/section>\n\t\t\t\t<section class=\"elementor-section elementor-top-section elementor-element elementor-element-fc29574 elementor-section-boxed elementor-section-height-default elementor-section-height-default\" data-id=\"fc29574\" data-element_type=\"section\" data-e-type=\"section\">\n\t\t\t\t\t\t<div class=\"elementor-container elementor-column-gap-default\">\n\t\t\t\t\t<div class=\"elementor-column elementor-col-100 elementor-top-column elementor-element elementor-element-6b0d36b\" data-id=\"6b0d36b\" data-element_type=\"column\" data-e-type=\"column\">\n\t\t\t<div class=\"elementor-widget-wrap elementor-element-populated\">\n\t\t\t\t\t\t<div class=\"elementor-element elementor-element-ab8120d elementor-widget elementor-widget-text-editor\" data-id=\"ab8120d\" data-element_type=\"widget\" data-e-type=\"widget\" data-widget_type=\"text-editor.default\">\n\t\t\t\t<div class=\"elementor-widget-container\">\n\t\t\t\t\t\t\t\t\t<p><strong>Social capacity building  <\/strong><\/p>\n<p>The LIFE Ebro Resilience P1 project has developed a <strong>Social Capacity Building Plan<\/strong>. Social capacity building is a central element to improve social resilience to floods and self-protection of the riparian population. Vulnerability is part of risk, and capabilities are part of vulnerability. If we strengthen capabilities, we reduce risk.<\/p>\n<p>Capacities are personal and collective competencies that enable greater self-management in the face of floods. They have to do with knowledge about risk and adaptation, self-protection, organization, involvement, etc.<\/p>\n<p>As part of the social capacity building plan, <strong>16 campaigns<\/strong> are planned to improve social awareness on different aspects related to flood risk management, with different target audiences, grouped into 7 sectors: technicians and managers; educational sector; communication sector; primary sector; environmental sector; intersectoral and general public.  <\/p>\n\t\t\t\t\t\t\t\t<\/div>\n\t\t\t\t<\/div>\n\t\t\t\t\t<\/div>\n\t\t<\/div>\n\t\t\t\t\t<\/div>\n\t\t<\/section>\n\t\t\t\t<section class=\"elementor-section elementor-top-section elementor-element elementor-element-81ee571 elementor-section-boxed elementor-section-height-default elementor-section-height-default\" data-id=\"81ee571\" data-element_type=\"section\" data-e-type=\"section\">\n\t\t\t\t\t\t<div class=\"elementor-container elementor-column-gap-default\">\n\t\t\t\t\t<div class=\"elementor-column elementor-col-33 elementor-top-column elementor-element elementor-element-c4ca2b1\" data-id=\"c4ca2b1\" data-element_type=\"column\" data-e-type=\"column\">\n\t\t\t<div class=\"elementor-widget-wrap elementor-element-populated\">\n\t\t\t\t\t\t<div class=\"elementor-element elementor-element-2c072ea elementor-widget elementor-widget-image\" data-id=\"2c072ea\" data-element_type=\"widget\" data-e-type=\"widget\" data-widget_type=\"image.default\">\n\t\t\t\t<div class=\"elementor-widget-container\">\n\t\t\t\t\t\t\t\t\t\t\t\t\t\t\t<img loading=\"lazy\" decoding=\"async\" width=\"1024\" height=\"853\" src=\"https:\/\/www.ebroresilience.com\/wp-content\/uploads\/2025\/02\/24-1-1024x853.png\" class=\"attachment-large size-large wp-image-13307\" alt=\"\" srcset=\"https:\/\/www.ebroresilience.com\/wp-content\/uploads\/2025\/02\/24-1-1024x853.png 1024w, https:\/\/www.ebroresilience.com\/wp-content\/uploads\/2025\/02\/24-1-300x250.png 300w, https:\/\/www.ebroresilience.com\/wp-content\/uploads\/2025\/02\/24-1-768x640.png 768w, https:\/\/www.ebroresilience.com\/wp-content\/uploads\/2025\/02\/24-1-90x75.png 90w, https:\/\/www.ebroresilience.com\/wp-content\/uploads\/2025\/02\/24-1-480x400.png 480w, https:\/\/www.ebroresilience.com\/wp-content\/uploads\/2025\/02\/24-1.png 1417w\" sizes=\"(max-width:767px) 480px, (max-width:1024px) 100vw, 1024px\" \/>\t\t\t\t\t\t\t\t\t\t\t\t\t\t\t<\/div>\n\t\t\t\t<\/div>\n\t\t\t\t\t<\/div>\n\t\t<\/div>\n\t\t\t\t<div class=\"elementor-column elementor-col-33 elementor-top-column elementor-element elementor-element-2a45671\" data-id=\"2a45671\" data-element_type=\"column\" data-e-type=\"column\">\n\t\t\t<div class=\"elementor-widget-wrap elementor-element-populated\">\n\t\t\t\t\t\t<div class=\"elementor-element elementor-element-9586565 elementor-widget elementor-widget-image\" data-id=\"9586565\" data-element_type=\"widget\" data-e-type=\"widget\" data-widget_type=\"image.default\">\n\t\t\t\t<div class=\"elementor-widget-container\">\n\t\t\t\t\t\t\t\t\t\t\t\t\t\t\t<img loading=\"lazy\" decoding=\"async\" width=\"1024\" height=\"768\" src=\"https:\/\/www.ebroresilience.com\/wp-content\/uploads\/2023\/02\/grupo-de-co-creacion-con-materiales-2-1024x768.jpeg\" class=\"attachment-large size-large wp-image-7142\" alt=\"\" srcset=\"https:\/\/www.ebroresilience.com\/wp-content\/uploads\/2023\/02\/grupo-de-co-creacion-con-materiales-2-1024x768.jpeg 1024w, https:\/\/www.ebroresilience.com\/wp-content\/uploads\/2023\/02\/grupo-de-co-creacion-con-materiales-2-300x225.jpeg 300w, https:\/\/www.ebroresilience.com\/wp-content\/uploads\/2023\/02\/grupo-de-co-creacion-con-materiales-2-768x576.jpeg 768w, https:\/\/www.ebroresilience.com\/wp-content\/uploads\/2023\/02\/grupo-de-co-creacion-con-materiales-2-1536x1152.jpeg 1536w, https:\/\/www.ebroresilience.com\/wp-content\/uploads\/2023\/02\/grupo-de-co-creacion-con-materiales-2-195x146.jpeg 195w, https:\/\/www.ebroresilience.com\/wp-content\/uploads\/2023\/02\/grupo-de-co-creacion-con-materiales-2-50x38.jpeg 50w, https:\/\/www.ebroresilience.com\/wp-content\/uploads\/2023\/02\/grupo-de-co-creacion-con-materiales-2-100x75.jpeg 100w, https:\/\/www.ebroresilience.com\/wp-content\/uploads\/2023\/02\/grupo-de-co-creacion-con-materiales-2-960x720.jpeg 960w, https:\/\/www.ebroresilience.com\/wp-content\/uploads\/2023\/02\/grupo-de-co-creacion-con-materiales-2.jpeg 2000w\" sizes=\"(max-width:767px) 480px, (max-width:1024px) 100vw, 1024px\" \/>\t\t\t\t\t\t\t\t\t\t\t\t\t\t\t<\/div>\n\t\t\t\t<\/div>\n\t\t\t\t\t<\/div>\n\t\t<\/div>\n\t\t\t\t<div class=\"elementor-column elementor-col-33 elementor-top-column elementor-element elementor-element-3982840\" data-id=\"3982840\" data-element_type=\"column\" data-e-type=\"column\">\n\t\t\t<div class=\"elementor-widget-wrap elementor-element-populated\">\n\t\t\t\t\t\t<div class=\"elementor-element elementor-element-bd2dfac elementor-widget elementor-widget-image\" data-id=\"bd2dfac\" data-element_type=\"widget\" data-e-type=\"widget\" data-widget_type=\"image.default\">\n\t\t\t\t<div class=\"elementor-widget-container\">\n\t\t\t\t\t\t\t\t\t\t\t\t\t\t\t<img loading=\"lazy\" decoding=\"async\" width=\"768\" height=\"1024\" src=\"https:\/\/www.ebroresilience.com\/wp-content\/uploads\/2024\/04\/juego-4-768x1024.jpg\" class=\"attachment-large size-large wp-image-10815\" alt=\"Descenso interpretativo. Parada para realizar un juego sobre la ordenaci\u00f3n del territorio y para hablar del ecosistema acu\u00e1tico. Alumnos del IES Gonzalo de Berceo, en Alfaro.\" srcset=\"https:\/\/www.ebroresilience.com\/wp-content\/uploads\/2024\/04\/juego-4-768x1024.jpg 768w, https:\/\/www.ebroresilience.com\/wp-content\/uploads\/2024\/04\/juego-4-225x300.jpg 225w, https:\/\/www.ebroresilience.com\/wp-content\/uploads\/2024\/04\/juego-4-1152x1536.jpg 1152w, https:\/\/www.ebroresilience.com\/wp-content\/uploads\/2024\/04\/juego-4-1536x2048.jpg 1536w, https:\/\/www.ebroresilience.com\/wp-content\/uploads\/2024\/04\/juego-4-110x146.jpg 110w, https:\/\/www.ebroresilience.com\/wp-content\/uploads\/2024\/04\/juego-4-38x50.jpg 38w, https:\/\/www.ebroresilience.com\/wp-content\/uploads\/2024\/04\/juego-4-56x75.jpg 56w, https:\/\/www.ebroresilience.com\/wp-content\/uploads\/2024\/04\/juego-4-scaled.jpg 1920w\" sizes=\"(max-width:767px) 480px, (max-width:768px) 100vw, 768px\" \/>\t\t\t\t\t\t\t\t\t\t\t\t\t\t\t<\/div>\n\t\t\t\t<\/div>\n\t\t\t\t\t<\/div>\n\t\t<\/div>\n\t\t\t\t\t<\/div>\n\t\t<\/section>\n\t\t\t\t<\/div>\n\t\t","protected":false},"excerpt":{"rendered":"<p>An activity organized by the Colegio de Ingenieros T\u00e9cnicos de Obras P\u00fablicos de Arag\u00f3n and the LIFE Ebro Resilience P1 Project to present the new concept of flood management in the middle stretch of the Ebro.  <\/p>\n","protected":false},"author":5,"featured_media":13655,"comment_status":"closed","ping_status":"closed","sticky":false,"template":"","format":"standard","meta":{"_acf_changed":false,"ngg_post_thumbnail":0,"footnotes":""},"categories":[377,369],"tags":[494,378,399,636,398,381,410,607,503,637,635],"class_list":["post-13668","post","type-post","status-publish","format-standard","has-post-thumbnail","hentry","category-life-en","category-news","tag-adaptation-en","tag-ebro-resilience-en","tag-ebro-springs","tag-engineering","tag-flood","tag-life-ebro-resilience-p1-en","tag-osera-de-ebro-en","tag-restauracion-en","tag-river-area","tag-setback","tag-zafl-en"],"acf":[],"publishpress_future_action":{"enabled":false,"date":"2026-05-07 05:40:18","action":"change-status","newStatus":"draft","terms":[],"taxonomy":"category","extraData":[]},"publishpress_future_workflow_manual_trigger":{"enabledWorkflows":[]},"_links":{"self":[{"href":"https:\/\/www.ebroresilience.com\/en\/wp-json\/wp\/v2\/posts\/13668","targetHints":{"allow":["GET"]}}],"collection":[{"href":"https:\/\/www.ebroresilience.com\/en\/wp-json\/wp\/v2\/posts"}],"about":[{"href":"https:\/\/www.ebroresilience.com\/en\/wp-json\/wp\/v2\/types\/post"}],"author":[{"embeddable":true,"href":"https:\/\/www.ebroresilience.com\/en\/wp-json\/wp\/v2\/users\/5"}],"replies":[{"embeddable":true,"href":"https:\/\/www.ebroresilience.com\/en\/wp-json\/wp\/v2\/comments?post=13668"}],"version-history":[{"count":2,"href":"https:\/\/www.ebroresilience.com\/en\/wp-json\/wp\/v2\/posts\/13668\/revisions"}],"predecessor-version":[{"id":13670,"href":"https:\/\/www.ebroresilience.com\/en\/wp-json\/wp\/v2\/posts\/13668\/revisions\/13670"}],"wp:featuredmedia":[{"embeddable":true,"href":"https:\/\/www.ebroresilience.com\/en\/wp-json\/wp\/v2\/media\/13655"}],"wp:attachment":[{"href":"https:\/\/www.ebroresilience.com\/en\/wp-json\/wp\/v2\/media?parent=13668"}],"wp:term":[{"taxonomy":"category","embeddable":true,"href":"https:\/\/www.ebroresilience.com\/en\/wp-json\/wp\/v2\/categories?post=13668"},{"taxonomy":"post_tag","embeddable":true,"href":"https:\/\/www.ebroresilience.com\/en\/wp-json\/wp\/v2\/tags?post=13668"}],"curies":[{"name":"wp","href":"https:\/\/api.w.org\/{rel}","templated":true}]}}