{"id":13644,"date":"2025-03-19T08:11:00","date_gmt":"2025-03-19T07:11:00","guid":{"rendered":"https:\/\/www.ebroresilience.com\/?p=13644"},"modified":"2025-04-01T18:44:44","modified_gmt":"2025-04-01T16:44:44","slug":"ebro-resilience-and-world-water-day-river-and-floods-outreach-for-all-audiences","status":"publish","type":"post","link":"https:\/\/www.ebroresilience.com\/en\/ebro-resilience-and-world-water-day-river-and-floods-outreach-for-all-audiences\/","title":{"rendered":"Ebro Resilience and World Water Day: river and floods outreach for all audiences"},"content":{"rendered":"\t\t<div data-elementor-type=\"wp-post\" data-elementor-id=\"13644\" class=\"elementor elementor-13644 elementor-13628\" data-elementor-post-type=\"post\">\n\t\t\t\t\t\t<section class=\"elementor-section elementor-top-section elementor-element elementor-element-bd18eae elementor-section-boxed elementor-section-height-default elementor-section-height-default\" data-id=\"bd18eae\" data-element_type=\"section\" data-e-type=\"section\">\n\t\t\t\t\t\t<div class=\"elementor-container elementor-column-gap-default\">\n\t\t\t\t\t<div class=\"elementor-column elementor-col-100 elementor-top-column elementor-element elementor-element-1d41886\" data-id=\"1d41886\" data-element_type=\"column\" data-e-type=\"column\">\n\t\t\t<div class=\"elementor-widget-wrap elementor-element-populated\">\n\t\t\t\t\t\t<div class=\"elementor-element elementor-element-f5ecd52 elementor-widget elementor-widget-text-editor\" data-id=\"f5ecd52\" data-element_type=\"widget\" data-e-type=\"widget\" data-widget_type=\"text-editor.default\">\n\t\t\t\t<div class=\"elementor-widget-container\">\n\t\t\t\t\t\t\t\t\t<p>This March and on the occasion of the celebration of <strong>World Water Day<\/strong> on March 22nd, the LIFE Ebro Resilience P1 Project wanted to launch informative actions around the river and the phenomenon of floods prepared for different audiences.<\/p>\n<p>From two exhibition proposals, to a storyteller or the technical visit that recently took us to Osera de Ebro &#8211; Fuentes de Ebro (Zaragoza) with the College of Technical Engineers of Public Works of Aragon (CITOP), the objective is to continue offering tools to inform the entire population about the risk of flooding in the middle stretch of the Ebro.<\/p>\n<p><strong>Storytelling &#8220;The Colors of the Ebro&#8221;.<\/strong><\/p>\n<p>On the same Saturday, March 22, we will carry out an activity for the whole family with the storytelling &#8220;The Colors of the Ebro&#8221; based on the book published by the LIFE Ebro Resilience P1 Project, specifically through the Ministry for Ecological Transition and the Demographic Challenge, MITECO.<\/p>\n<p>It will take place at 11 a.m. at the Water and Environment Documentation Center, Paseo Echegaray y Caballero, 18, in Zaragoza.<\/p>\n<p>This story is a publishing novelty and is designed with beautiful illustrations and poetic texts to talk about the Ebro River. Its protagonist is the little drop Orbe, which not only takes us through the story, but also presents us with a guide of activities aimed mainly at the second cycle of kindergarten and first cycle of primary school. <\/p>\n<p>The book in digital format is available for download on the Project&#8217;s website.<\/p>\n\t\t\t\t\t\t\t\t<\/div>\n\t\t\t\t<\/div>\n\t\t\t\t\t<\/div>\n\t\t<\/div>\n\t\t\t\t\t<\/div>\n\t\t<\/section>\n\t\t\t\t<section class=\"elementor-section elementor-top-section elementor-element elementor-element-092df67 elementor-section-boxed elementor-section-height-default elementor-section-height-default\" data-id=\"092df67\" data-element_type=\"section\" data-e-type=\"section\">\n\t\t\t\t\t\t<div class=\"elementor-container elementor-column-gap-default\">\n\t\t\t\t\t<div class=\"elementor-column elementor-col-100 elementor-top-column elementor-element elementor-element-e528ed1\" data-id=\"e528ed1\" data-element_type=\"column\" data-e-type=\"column\">\n\t\t\t<div class=\"elementor-widget-wrap elementor-element-populated\">\n\t\t\t\t\t\t<div class=\"elementor-element elementor-element-3f04440 elementor-widget elementor-widget-image\" data-id=\"3f04440\" data-element_type=\"widget\" data-e-type=\"widget\" data-widget_type=\"image.default\">\n\t\t\t\t<div class=\"elementor-widget-container\">\n\t\t\t\t\t\t\t\t\t\t\t\t\t\t\t<img fetchpriority=\"high\" decoding=\"async\" width=\"768\" height=\"578\" src=\"https:\/\/www.ebroresilience.com\/wp-content\/uploads\/2025\/01\/IMG20250122141539-768x578.jpg\" class=\"attachment-medium_large size-medium_large wp-image-13126\" alt=\"\" srcset=\"https:\/\/www.ebroresilience.com\/wp-content\/uploads\/2025\/01\/IMG20250122141539-768x578.jpg 768w, https:\/\/www.ebroresilience.com\/wp-content\/uploads\/2025\/01\/IMG20250122141539-300x226.jpg 300w, https:\/\/www.ebroresilience.com\/wp-content\/uploads\/2025\/01\/IMG20250122141539-1024x771.jpg 1024w, https:\/\/www.ebroresilience.com\/wp-content\/uploads\/2025\/01\/IMG20250122141539-1536x1157.jpg 1536w, https:\/\/www.ebroresilience.com\/wp-content\/uploads\/2025\/01\/IMG20250122141539-2048x1542.jpg 2048w, https:\/\/www.ebroresilience.com\/wp-content\/uploads\/2025\/01\/IMG20250122141539-100x75.jpg 100w, https:\/\/www.ebroresilience.com\/wp-content\/uploads\/2025\/01\/IMG20250122141539-480x361.jpg 480w\" sizes=\"(max-width:767px) 480px, (max-width:768px) 100vw, 768px\" \/>\t\t\t\t\t\t\t\t\t\t\t\t\t\t\t<\/div>\n\t\t\t\t<\/div>\n\t\t\t\t\t<\/div>\n\t\t<\/div>\n\t\t\t\t\t<\/div>\n\t\t<\/section>\n\t\t\t\t<section class=\"elementor-section elementor-top-section elementor-element elementor-element-9674998 elementor-section-boxed elementor-section-height-default elementor-section-height-default\" data-id=\"9674998\" data-element_type=\"section\" data-e-type=\"section\">\n\t\t\t\t\t\t<div class=\"elementor-container elementor-column-gap-default\">\n\t\t\t\t\t<div class=\"elementor-column elementor-col-100 elementor-top-column elementor-element elementor-element-1c2f2e5\" data-id=\"1c2f2e5\" data-element_type=\"column\" data-e-type=\"column\">\n\t\t\t<div class=\"elementor-widget-wrap elementor-element-populated\">\n\t\t\t\t\t\t<div class=\"elementor-element elementor-element-e313663 elementor-widget elementor-widget-text-editor\" data-id=\"e313663\" data-element_type=\"widget\" data-e-type=\"widget\" data-widget_type=\"text-editor.default\">\n\t\t\t\t<div class=\"elementor-widget-container\">\n\t\t\t\t\t\t\t\t\t<p><strong>Expo for schools in Castej\u00f3n and Fuentes de Ebro  <\/strong><\/p>\n<p>In March we have launched the informative exhibition for primary education. The exhibition has already traveled to Castej\u00f3n, Navarra and Fuentes de Ebro (where it remains this week) and will travel to other schools in the coming months.   <\/p>\n<p>Through a vinyl carpet with the design of a stretch of river, information panels, images with Velcro, figures of animals and plants, building blocks, a light table with sheets to illustrate the changes in the river, two types of activities are carried out with the students:<\/p>\n<p>&#8211;<strong>Explorers of the Ebro River<\/strong>&#8220;, aimed at students from 1st to 3rd grade of Primary School, whose objective is for students to discover in a playful and participatory way the importance of water and the Ebro River, learning about its environment, biodiversity and the changes it undergoes over time.<\/p>\n<p>&#8211;<strong>Mission Ebro River<\/strong>&#8221; aimed at students from 4th to 6th grade of primary school, which seeks to learn about the importance of water, biodiversity, flood risk management and ecosystem services of the Ebro River through dynamic and participatory activities and activities.<\/p>\n\t\t\t\t\t\t\t\t<\/div>\n\t\t\t\t<\/div>\n\t\t\t\t\t<\/div>\n\t\t<\/div>\n\t\t\t\t\t<\/div>\n\t\t<\/section>\n\t\t\t\t<section class=\"elementor-section elementor-top-section elementor-element elementor-element-f8dd2b5 elementor-section-boxed elementor-section-height-default elementor-section-height-default\" data-id=\"f8dd2b5\" data-element_type=\"section\" data-e-type=\"section\">\n\t\t\t\t\t\t<div class=\"elementor-container elementor-column-gap-default\">\n\t\t\t\t\t<div class=\"elementor-column elementor-col-100 elementor-top-column elementor-element elementor-element-0610862\" data-id=\"0610862\" data-element_type=\"column\" data-e-type=\"column\">\n\t\t\t<div class=\"elementor-widget-wrap elementor-element-populated\">\n\t\t\t\t\t\t<div class=\"elementor-element elementor-element-717b9e1 elementor-widget elementor-widget-image\" data-id=\"717b9e1\" data-element_type=\"widget\" data-e-type=\"widget\" data-widget_type=\"image.default\">\n\t\t\t\t<div class=\"elementor-widget-container\">\n\t\t\t\t\t\t\t\t\t\t\t\t\t\t\t<img decoding=\"async\" width=\"768\" height=\"578\" src=\"https:\/\/www.ebroresilience.com\/wp-content\/uploads\/2025\/03\/WhatsApp-Image-2025-03-11-at-12.16.42-768x578.jpeg\" class=\"attachment-medium_large size-medium_large wp-image-13633\" alt=\"\" srcset=\"https:\/\/www.ebroresilience.com\/wp-content\/uploads\/2025\/03\/WhatsApp-Image-2025-03-11-at-12.16.42-768x578.jpeg 768w, https:\/\/www.ebroresilience.com\/wp-content\/uploads\/2025\/03\/WhatsApp-Image-2025-03-11-at-12.16.42-300x226.jpeg 300w, https:\/\/www.ebroresilience.com\/wp-content\/uploads\/2025\/03\/WhatsApp-Image-2025-03-11-at-12.16.42-1024x771.jpeg 1024w, https:\/\/www.ebroresilience.com\/wp-content\/uploads\/2025\/03\/WhatsApp-Image-2025-03-11-at-12.16.42-1536x1156.jpeg 1536w, https:\/\/www.ebroresilience.com\/wp-content\/uploads\/2025\/03\/WhatsApp-Image-2025-03-11-at-12.16.42-100x75.jpeg 100w, https:\/\/www.ebroresilience.com\/wp-content\/uploads\/2025\/03\/WhatsApp-Image-2025-03-11-at-12.16.42-480x361.jpeg 480w, https:\/\/www.ebroresilience.com\/wp-content\/uploads\/2025\/03\/WhatsApp-Image-2025-03-11-at-12.16.42.jpeg 1600w\" sizes=\"(max-width:767px) 480px, (max-width:768px) 100vw, 768px\" \/>\t\t\t\t\t\t\t\t\t\t\t\t\t\t\t<\/div>\n\t\t\t\t<\/div>\n\t\t\t\t\t<\/div>\n\t\t<\/div>\n\t\t\t\t\t<\/div>\n\t\t<\/section>\n\t\t\t\t<section class=\"elementor-section elementor-top-section elementor-element elementor-element-499c4a8 elementor-section-boxed elementor-section-height-default elementor-section-height-default\" data-id=\"499c4a8\" data-element_type=\"section\" data-e-type=\"section\">\n\t\t\t\t\t\t<div class=\"elementor-container elementor-column-gap-default\">\n\t\t\t\t\t<div class=\"elementor-column elementor-col-100 elementor-top-column elementor-element elementor-element-882358b\" data-id=\"882358b\" data-element_type=\"column\" data-e-type=\"column\">\n\t\t\t<div class=\"elementor-widget-wrap elementor-element-populated\">\n\t\t\t\t\t\t<div class=\"elementor-element elementor-element-204295b elementor-widget elementor-widget-text-editor\" data-id=\"204295b\" data-element_type=\"widget\" data-e-type=\"widget\" data-widget_type=\"text-editor.default\">\n\t\t\t\t<div class=\"elementor-widget-container\">\n\t\t\t\t\t\t\t\t\t<p><strong>When the river recovers its space<\/strong><\/p>\n<p>And this March 22, in collaboration with the Government of Aragon, the opening of the exhibition Cuando el r\u00edo recupera su espacio (When the river recovers its space) will also take place in La Alfranca. An ideal setting to present this collection of photographs that explain the interventions of the LIFE Ebro Resilience P1 Project, nature-based solutions to reduce the risk of flooding. <\/p>\n<p>The exhibition will be open to the public at the Palacio de La Alfranca (carretera de Pastriz, s\/n, Pastriz, Zaragoza) until May 25.<\/p>\n<p>Through <a href=\"https:\/\/www.ebroresilience.com\/recursos\/galeria-2\/nggallery\/album\/exposicion-fotografica-cuando-el-rio-recupera-su-espacio\">25 snapshots<\/a>, provided by the Ebro Hydrographic Confederation for LIFE Ebro Resilience P1, three information panels, and an audiovisual viewing point, five thematic areas related to the actions of the Project are shown:<\/p>\n<ul>\n<li>Meanders that become part of the river again.<\/li>\n<li>Remaining a riparian: adaptation is possible<\/li>\n<li>Types of intervention<\/li>\n<li>Restoring ecosystems and fighting against floods<\/li>\n<li>Real and effective participation<\/li>\n<\/ul>\n<p>The panels provide general and contextual information on the interventions, an example of an intervention in the La Roza meander and the benefit of wetlands as a natural water retention measure.<\/p>\n\t\t\t\t\t\t\t\t<\/div>\n\t\t\t\t<\/div>\n\t\t\t\t\t<\/div>\n\t\t<\/div>\n\t\t\t\t\t<\/div>\n\t\t<\/section>\n\t\t\t\t<section class=\"elementor-section elementor-top-section elementor-element elementor-element-f95885c elementor-section-boxed elementor-section-height-default elementor-section-height-default\" data-id=\"f95885c\" data-element_type=\"section\" data-e-type=\"section\">\n\t\t\t\t\t\t<div class=\"elementor-container elementor-column-gap-default\">\n\t\t\t\t\t<div class=\"elementor-column elementor-col-100 elementor-top-column elementor-element elementor-element-4b34f95\" data-id=\"4b34f95\" data-element_type=\"column\" data-e-type=\"column\">\n\t\t\t<div class=\"elementor-widget-wrap elementor-element-populated\">\n\t\t\t\t\t\t<div class=\"elementor-element elementor-element-d09054c elementor-widget elementor-widget-image\" data-id=\"d09054c\" data-element_type=\"widget\" data-e-type=\"widget\" data-widget_type=\"image.default\">\n\t\t\t\t<div class=\"elementor-widget-container\">\n\t\t\t\t\t\t\t\t\t\t\t\t\t\t\t<img decoding=\"async\" width=\"768\" height=\"512\" src=\"https:\/\/www.ebroresilience.com\/wp-content\/uploads\/2025\/02\/DSC059450219-768x512.jpg\" class=\"attachment-medium_large size-medium_large wp-image-13503\" alt=\"Exposici\u00f3n Cuando el r\u00edo recupera su espacio. Punto de informaci\u00f3n audiovisual. Persona visionando los v\u00eddeos.\" srcset=\"https:\/\/www.ebroresilience.com\/wp-content\/uploads\/2025\/02\/DSC059450219-768x512.jpg 768w, https:\/\/www.ebroresilience.com\/wp-content\/uploads\/2025\/02\/DSC059450219-300x200.jpg 300w, https:\/\/www.ebroresilience.com\/wp-content\/uploads\/2025\/02\/DSC059450219-1024x683.jpg 1024w, https:\/\/www.ebroresilience.com\/wp-content\/uploads\/2025\/02\/DSC059450219-1536x1024.jpg 1536w, https:\/\/www.ebroresilience.com\/wp-content\/uploads\/2025\/02\/DSC059450219-2048x1365.jpg 2048w, https:\/\/www.ebroresilience.com\/wp-content\/uploads\/2025\/02\/DSC059450219-113x75.jpg 113w, https:\/\/www.ebroresilience.com\/wp-content\/uploads\/2025\/02\/DSC059450219-480x320.jpg 480w\" sizes=\"(max-width:767px) 480px, (max-width:768px) 100vw, 768px\" \/>\t\t\t\t\t\t\t\t\t\t\t\t\t\t\t<\/div>\n\t\t\t\t<\/div>\n\t\t\t\t\t<\/div>\n\t\t<\/div>\n\t\t\t\t\t<\/div>\n\t\t<\/section>\n\t\t\t\t<section class=\"elementor-section elementor-top-section elementor-element elementor-element-1ada505 elementor-section-boxed elementor-section-height-default elementor-section-height-default\" data-id=\"1ada505\" data-element_type=\"section\" data-e-type=\"section\">\n\t\t\t\t\t\t<div class=\"elementor-container elementor-column-gap-default\">\n\t\t\t\t\t<div class=\"elementor-column elementor-col-100 elementor-top-column elementor-element elementor-element-bfbc601\" data-id=\"bfbc601\" data-element_type=\"column\" data-e-type=\"column\">\n\t\t\t<div class=\"elementor-widget-wrap elementor-element-populated\">\n\t\t\t\t\t\t<div class=\"elementor-element elementor-element-dfd5d50 elementor-widget elementor-widget-text-editor\" data-id=\"dfd5d50\" data-element_type=\"widget\" data-e-type=\"widget\" data-widget_type=\"text-editor.default\">\n\t\t\t\t<div class=\"elementor-widget-container\">\n\t\t\t\t\t\t\t\t\t<p><strong>Technical visit<\/strong><\/p>\n<p>These dissemination activities also led us to <strong>a guided tour organized by the LIFE Ebro Resilience P1 Project and the College of Technical Engineers of Public Works of Aragon (CITOP) on March 15<\/strong> to learn about the ongoing and planned interventions in Zone 2 of intervention Osera de Ebro &#8211; Fuentes de Ebro (Zaragoza).<\/p>\n<p>There they were able to learn about the proposed Lateral Flow Buffer Zones (LFBZ) and the reduction of channel narrowing at specific points along the stretch. These zones will compartmentalize the agricultural farms that will be pre-flooded just before the levees overflow, generating water buffers that will minimize damage to farms and infrastructures. <\/p>\n<p>This intervention aims to reduce the current flooding of 350 hectares of agricultural land and the recovery of 20 hectares of river space.  <\/p>\n\t\t\t\t\t\t\t\t<\/div>\n\t\t\t\t<\/div>\n\t\t\t\t\t<\/div>\n\t\t<\/div>\n\t\t\t\t\t<\/div>\n\t\t<\/section>\n\t\t\t\t<section class=\"elementor-section elementor-top-section elementor-element elementor-element-59a4880 elementor-section-boxed elementor-section-height-default elementor-section-height-default\" data-id=\"59a4880\" data-element_type=\"section\" data-e-type=\"section\">\n\t\t\t\t\t\t<div class=\"elementor-container elementor-column-gap-default\">\n\t\t\t\t\t<div class=\"elementor-column elementor-col-100 elementor-top-column elementor-element elementor-element-058e397\" data-id=\"058e397\" data-element_type=\"column\" data-e-type=\"column\">\n\t\t\t<div class=\"elementor-widget-wrap elementor-element-populated\">\n\t\t\t\t\t\t<div class=\"elementor-element elementor-element-d1b7400 elementor-widget elementor-widget-image\" data-id=\"d1b7400\" data-element_type=\"widget\" data-e-type=\"widget\" data-widget_type=\"image.default\">\n\t\t\t\t<div class=\"elementor-widget-container\">\n\t\t\t\t\t\t\t\t\t\t\t\t\t\t\t<img loading=\"lazy\" decoding=\"async\" width=\"768\" height=\"576\" src=\"https:\/\/www.ebroresilience.com\/wp-content\/uploads\/2025\/03\/IMG20250315113104-768x576.jpg\" class=\"attachment-medium_large size-medium_large wp-image-13640\" alt=\"Visita CITOP Arag\u00f3n a la zona 2 Osera de Ebro - Fuentes de Ebro (Zaragoza) para conocer las actuaciones del Proyecto LIFE Ebro Resilience P1. Mejana del Conde donde se est\u00e1 retranqueando una defensa para reducir estrechamientos\" srcset=\"https:\/\/www.ebroresilience.com\/wp-content\/uploads\/2025\/03\/IMG20250315113104-768x576.jpg 768w, https:\/\/www.ebroresilience.com\/wp-content\/uploads\/2025\/03\/IMG20250315113104-300x225.jpg 300w, https:\/\/www.ebroresilience.com\/wp-content\/uploads\/2025\/03\/IMG20250315113104-1024x768.jpg 1024w, https:\/\/www.ebroresilience.com\/wp-content\/uploads\/2025\/03\/IMG20250315113104-1536x1152.jpg 1536w, https:\/\/www.ebroresilience.com\/wp-content\/uploads\/2025\/03\/IMG20250315113104-2048x1536.jpg 2048w, https:\/\/www.ebroresilience.com\/wp-content\/uploads\/2025\/03\/IMG20250315113104-100x75.jpg 100w, https:\/\/www.ebroresilience.com\/wp-content\/uploads\/2025\/03\/IMG20250315113104-960x720.jpg 960w, https:\/\/www.ebroresilience.com\/wp-content\/uploads\/2025\/03\/IMG20250315113104-480x360.jpg 480w\" sizes=\"(max-width:767px) 480px, (max-width:768px) 100vw, 768px\" \/>\t\t\t\t\t\t\t\t\t\t\t\t\t\t\t<\/div>\n\t\t\t\t<\/div>\n\t\t\t\t\t<\/div>\n\t\t<\/div>\n\t\t\t\t\t<\/div>\n\t\t<\/section>\n\t\t\t\t<\/div>\n\t\t","protected":false},"excerpt":{"rendered":"<p>The month of March, marked by this event for all those involved in water-related issues, is full of proposals of the LIFE Ebro Resilience P1 Project with a technical visit, two exhibitions and a storytelling as main actions.  <\/p>\n","protected":false},"author":5,"featured_media":13631,"comment_status":"closed","ping_status":"closed","sticky":false,"template":"","format":"standard","meta":{"_acf_changed":false,"ngg_post_thumbnail":0,"footnotes":""},"categories":[377,369],"tags":[456,387,378,399,627,398,381,607],"class_list":["post-13644","post","type-post","status-publish","format-standard","has-post-thumbnail","hentry","category-life-en","category-news","tag-disclosure","tag-ebro-en","tag-ebro-resilience-en","tag-ebro-springs","tag-exhibition","tag-flood","tag-life-ebro-resilience-p1-en","tag-restauracion-en"],"acf":[],"publishpress_future_action":{"enabled":false,"date":"2026-05-07 06:00:57","action":"change-status","newStatus":"draft","terms":[],"taxonomy":"category","extraData":[]},"publishpress_future_workflow_manual_trigger":{"enabledWorkflows":[]},"_links":{"self":[{"href":"https:\/\/www.ebroresilience.com\/en\/wp-json\/wp\/v2\/posts\/13644","targetHints":{"allow":["GET"]}}],"collection":[{"href":"https:\/\/www.ebroresilience.com\/en\/wp-json\/wp\/v2\/posts"}],"about":[{"href":"https:\/\/www.ebroresilience.com\/en\/wp-json\/wp\/v2\/types\/post"}],"author":[{"embeddable":true,"href":"https:\/\/www.ebroresilience.com\/en\/wp-json\/wp\/v2\/users\/5"}],"replies":[{"embeddable":true,"href":"https:\/\/www.ebroresilience.com\/en\/wp-json\/wp\/v2\/comments?post=13644"}],"version-history":[{"count":2,"href":"https:\/\/www.ebroresilience.com\/en\/wp-json\/wp\/v2\/posts\/13644\/revisions"}],"predecessor-version":[{"id":13646,"href":"https:\/\/www.ebroresilience.com\/en\/wp-json\/wp\/v2\/posts\/13644\/revisions\/13646"}],"wp:featuredmedia":[{"embeddable":true,"href":"https:\/\/www.ebroresilience.com\/en\/wp-json\/wp\/v2\/media\/13631"}],"wp:attachment":[{"href":"https:\/\/www.ebroresilience.com\/en\/wp-json\/wp\/v2\/media?parent=13644"}],"wp:term":[{"taxonomy":"category","embeddable":true,"href":"https:\/\/www.ebroresilience.com\/en\/wp-json\/wp\/v2\/categories?post=13644"},{"taxonomy":"post_tag","embeddable":true,"href":"https:\/\/www.ebroresilience.com\/en\/wp-json\/wp\/v2\/tags?post=13644"}],"curies":[{"name":"wp","href":"https:\/\/api.w.org\/{rel}","templated":true}]}}