{"id":13625,"date":"2025-03-26T08:00:00","date_gmt":"2025-03-26T07:00:00","guid":{"rendered":"https:\/\/www.ebroresilience.com\/?p=13625"},"modified":"2025-04-01T18:41:32","modified_gmt":"2025-04-01T16:41:32","slug":"the-intervention-for-the-environmental-restoration-of-the-meander-of-la-roza-in-alfaro-la-rioja-has-been-completed","status":"publish","type":"post","link":"https:\/\/www.ebroresilience.com\/en\/the-intervention-for-the-environmental-restoration-of-the-meander-of-la-roza-in-alfaro-la-rioja-has-been-completed\/","title":{"rendered":"Plantations in the meander of La Roza, in Alfaro (La Rioja) have been completed."},"content":{"rendered":"\t\t<div data-elementor-type=\"wp-post\" data-elementor-id=\"13625\" class=\"elementor elementor-13625 elementor-13616\" data-elementor-post-type=\"post\">\n\t\t\t\t\t\t<section class=\"elementor-section elementor-top-section elementor-element elementor-element-73db3b0 elementor-section-boxed elementor-section-height-default elementor-section-height-default\" data-id=\"73db3b0\" data-element_type=\"section\" data-e-type=\"section\">\n\t\t\t\t\t\t<div class=\"elementor-container elementor-column-gap-default\">\n\t\t\t\t\t<div class=\"elementor-column elementor-col-100 elementor-top-column elementor-element elementor-element-5d3152d\" data-id=\"5d3152d\" data-element_type=\"column\" data-e-type=\"column\">\n\t\t\t<div class=\"elementor-widget-wrap elementor-element-populated\">\n\t\t\t\t\t\t<div class=\"elementor-element elementor-element-9179c6e elementor-widget elementor-widget-text-editor\" data-id=\"9179c6e\" data-element_type=\"widget\" data-e-type=\"widget\" data-widget_type=\"text-editor.default\">\n\t\t\t\t<div class=\"elementor-widget-container\">\n\t\t\t\t\t\t\t\t\t<p>The meander of La Roza, in Alfaro, La Rioja, looks like a renaturalized space, with the planned plantations completed, which has meant the introduction of 4,650 specimens of species typical of the banks of the Ebro and its groves.<\/p>\n<p>This intervention represents the bulk of the environmental restoration carried out by the Government of La Rioja on the meander that has been recovered as a fluvial space through the morphological adaptation executed by the Ebro Hydrographic Confederation (CHE), showing once again the key coordination of the LIFE Ebro Resilience P1 project.<\/p>\n<p>In the coming months, the Riojan government will monitor and control these plantations in case any specific action is necessary to conclude the restoration work.<\/p>\n<p>The plantations have been carried out imitating the growth of riparian vegetation, and occupying about 12 hectares of intervention area. Specifically, 1,800 Populus nigra (poplar); 1,250 Populus alba (poplar); 1,390 Fraxinus angustifolia (ash); 140 Salix alba (white willow) and 70 Prunus avium (cherry) have been planted. <\/p>\n<p>They are in addition to the first planting of cuttings carried out by the CHE in the limits of the new relief channel integrated in the morphological adaptation.<\/p>\t\t\t\t\t\t\t\t<\/div>\n\t\t\t\t<\/div>\n\t\t\t\t\t<\/div>\n\t\t<\/div>\n\t\t\t\t\t<\/div>\n\t\t<\/section>\n\t\t\t\t<section class=\"elementor-section elementor-top-section elementor-element elementor-element-b2310e3 elementor-section-boxed elementor-section-height-default elementor-section-height-default\" data-id=\"b2310e3\" data-element_type=\"section\" data-e-type=\"section\">\n\t\t\t\t\t\t<div class=\"elementor-container elementor-column-gap-default\">\n\t\t\t\t\t<div class=\"elementor-column elementor-col-100 elementor-top-column elementor-element elementor-element-6b3c13a\" data-id=\"6b3c13a\" data-element_type=\"column\" data-e-type=\"column\">\n\t\t\t<div class=\"elementor-widget-wrap elementor-element-populated\">\n\t\t\t\t\t\t<div class=\"elementor-element elementor-element-cef0118 elementor-widget elementor-widget-image\" data-id=\"cef0118\" data-element_type=\"widget\" data-e-type=\"widget\" data-widget_type=\"image.default\">\n\t\t\t\t<div class=\"elementor-widget-container\">\n\t\t\t\t\t\t\t\t\t\t\t\t<figure class=\"wp-caption\">\n\t\t\t\t\t\t\t\t\t\t<img fetchpriority=\"high\" decoding=\"async\" width=\"768\" height=\"576\" src=\"https:\/\/www.ebroresilience.com\/wp-content\/uploads\/2025\/03\/WhatsApp-Image-2025-02-19-at-09.52.06-1-768x576.jpeg\" class=\"attachment-medium_large size-medium_large wp-image-13621\" alt=\"Plantaciones en La Roza (Alfaro) 2.\" srcset=\"https:\/\/www.ebroresilience.com\/wp-content\/uploads\/2025\/03\/WhatsApp-Image-2025-02-19-at-09.52.06-1-768x576.jpeg 768w, https:\/\/www.ebroresilience.com\/wp-content\/uploads\/2025\/03\/WhatsApp-Image-2025-02-19-at-09.52.06-1-300x225.jpeg 300w, https:\/\/www.ebroresilience.com\/wp-content\/uploads\/2025\/03\/WhatsApp-Image-2025-02-19-at-09.52.06-1-1024x768.jpeg 1024w, https:\/\/www.ebroresilience.com\/wp-content\/uploads\/2025\/03\/WhatsApp-Image-2025-02-19-at-09.52.06-1-1536x1153.jpeg 1536w, https:\/\/www.ebroresilience.com\/wp-content\/uploads\/2025\/03\/WhatsApp-Image-2025-02-19-at-09.52.06-1-100x75.jpeg 100w, https:\/\/www.ebroresilience.com\/wp-content\/uploads\/2025\/03\/WhatsApp-Image-2025-02-19-at-09.52.06-1-960x720.jpeg 960w, https:\/\/www.ebroresilience.com\/wp-content\/uploads\/2025\/03\/WhatsApp-Image-2025-02-19-at-09.52.06-1-480x360.jpeg 480w, https:\/\/www.ebroresilience.com\/wp-content\/uploads\/2025\/03\/WhatsApp-Image-2025-02-19-at-09.52.06-1.jpeg 1599w\" sizes=\"(max-width:767px) 480px, (max-width:768px) 100vw, 768px\" \/>\t\t\t\t\t\t\t\t\t\t\t<figcaption class=\"widget-image-caption wp-caption-text\">Plantaciones en La Roza (Alfaro).<\/figcaption>\n\t\t\t\t\t\t\t\t\t\t<\/figure>\n\t\t\t\t\t\t\t\t\t<\/div>\n\t\t\t\t<\/div>\n\t\t\t\t\t<\/div>\n\t\t<\/div>\n\t\t\t\t\t<\/div>\n\t\t<\/section>\n\t\t\t\t<section class=\"elementor-section elementor-top-section elementor-element elementor-element-34b19aa elementor-section-boxed elementor-section-height-default elementor-section-height-default\" data-id=\"34b19aa\" data-element_type=\"section\" data-e-type=\"section\">\n\t\t\t\t\t\t<div class=\"elementor-container elementor-column-gap-default\">\n\t\t\t\t\t<div class=\"elementor-column elementor-col-100 elementor-top-column elementor-element elementor-element-06b1bb0\" data-id=\"06b1bb0\" data-element_type=\"column\" data-e-type=\"column\">\n\t\t\t<div class=\"elementor-widget-wrap elementor-element-populated\">\n\t\t\t\t\t\t<div class=\"elementor-element elementor-element-ff87e32 elementor-widget elementor-widget-text-editor\" data-id=\"ff87e32\" data-element_type=\"widget\" data-e-type=\"widget\" data-widget_type=\"text-editor.default\">\n\t\t\t\t<div class=\"elementor-widget-container\">\n\t\t\t\t\t\t\t\t\t<p><strong>Technique<\/strong><\/p>\n<p>The planting has been done by creating three distinct zones. The first, a patch close to the current riverbed, forming a 4-hectare black poplar grove-aspen grove.<\/p>\n<p>The second is located on the left bank of the relief channel and is an ash grove and poplar grove of 5.5 hectares.<\/p>\n<p>Finally, the area between the relief channel and the new river defense, which has been set back to gain river space, will become a 3-hectare mixed alameda. In addition, it includes the implementation of a vegetation cover on 2 hectares.<\/p>\n<p>The intervention of morphological adaptation and environmental restoration of the Ebro in the meander of La Roza has a total budget of 2.2 million euros.<\/p>\n\t\t\t\t\t\t\t\t<\/div>\n\t\t\t\t<\/div>\n\t\t\t\t\t<\/div>\n\t\t<\/div>\n\t\t\t\t\t<\/div>\n\t\t<\/section>\n\t\t\t\t<section class=\"elementor-section elementor-top-section elementor-element elementor-element-997eca7 elementor-section-boxed elementor-section-height-default elementor-section-height-default\" data-id=\"997eca7\" data-element_type=\"section\" data-e-type=\"section\">\n\t\t\t\t\t\t<div class=\"elementor-container elementor-column-gap-default\">\n\t\t\t\t\t<div class=\"elementor-column elementor-col-100 elementor-top-column elementor-element elementor-element-bf18e23\" data-id=\"bf18e23\" data-element_type=\"column\" data-e-type=\"column\">\n\t\t\t<div class=\"elementor-widget-wrap elementor-element-populated\">\n\t\t\t\t\t\t<div class=\"elementor-element elementor-element-17bdc14 elementor-widget elementor-widget-image\" data-id=\"17bdc14\" data-element_type=\"widget\" data-e-type=\"widget\" data-widget_type=\"image.default\">\n\t\t\t\t<div class=\"elementor-widget-container\">\n\t\t\t\t\t\t\t\t\t\t\t\t\t\t\t<img decoding=\"async\" width=\"1024\" height=\"345\" src=\"https:\/\/www.ebroresilience.com\/wp-content\/uploads\/2024\/11\/WhatsApp-Image-2024-11-05-at-19.27.20-1024x345.jpeg\" class=\"attachment-large size-large wp-image-12588\" alt=\"Meandro de La Roza, en Alfaro, La Rioja recuperado como espacio fluvial y con vegetaci\u00f3n ya crecida\" srcset=\"https:\/\/www.ebroresilience.com\/wp-content\/uploads\/2024\/11\/WhatsApp-Image-2024-11-05-at-19.27.20-1024x345.jpeg 1024w, https:\/\/www.ebroresilience.com\/wp-content\/uploads\/2024\/11\/WhatsApp-Image-2024-11-05-at-19.27.20-300x101.jpeg 300w, https:\/\/www.ebroresilience.com\/wp-content\/uploads\/2024\/11\/WhatsApp-Image-2024-11-05-at-19.27.20-768x259.jpeg 768w, https:\/\/www.ebroresilience.com\/wp-content\/uploads\/2024\/11\/WhatsApp-Image-2024-11-05-at-19.27.20-1536x517.jpeg 1536w, https:\/\/www.ebroresilience.com\/wp-content\/uploads\/2024\/11\/WhatsApp-Image-2024-11-05-at-19.27.20-260x88.jpeg 260w, https:\/\/www.ebroresilience.com\/wp-content\/uploads\/2024\/11\/WhatsApp-Image-2024-11-05-at-19.27.20-50x17.jpeg 50w, https:\/\/www.ebroresilience.com\/wp-content\/uploads\/2024\/11\/WhatsApp-Image-2024-11-05-at-19.27.20-150x51.jpeg 150w, https:\/\/www.ebroresilience.com\/wp-content\/uploads\/2024\/11\/WhatsApp-Image-2024-11-05-at-19.27.20.jpeg 1600w\" sizes=\"(max-width:767px) 480px, (max-width:1024px) 100vw, 1024px\" \/>\t\t\t\t\t\t\t\t\t\t\t\t\t\t\t<\/div>\n\t\t\t\t<\/div>\n\t\t\t\t\t<\/div>\n\t\t<\/div>\n\t\t\t\t\t<\/div>\n\t\t<\/section>\n\t\t\t\t<section class=\"elementor-section elementor-top-section elementor-element elementor-element-fe8a6ae elementor-section-boxed elementor-section-height-default elementor-section-height-default\" data-id=\"fe8a6ae\" data-element_type=\"section\" data-e-type=\"section\">\n\t\t\t\t\t\t<div class=\"elementor-container elementor-column-gap-default\">\n\t\t\t\t\t<div class=\"elementor-column elementor-col-100 elementor-top-column elementor-element elementor-element-09f114b\" data-id=\"09f114b\" data-element_type=\"column\" data-e-type=\"column\">\n\t\t\t<div class=\"elementor-widget-wrap elementor-element-populated\">\n\t\t\t\t\t\t<div class=\"elementor-element elementor-element-5d93b0c elementor-widget elementor-widget-text-editor\" data-id=\"5d93b0c\" data-element_type=\"widget\" data-e-type=\"widget\" data-widget_type=\"text-editor.default\">\n\t\t\t\t<div class=\"elementor-widget-container\">\n\t\t\t\t\t\t\t\t\t<p><strong>La Roza<\/strong><\/p>\n<p>The intervention is part of the combined section of actions, a series of mitigation measures that together have a general benefit and that includes the project planned in the meander of El Se\u00f1or\u00edo, in Castej\u00f3n, Navarra, and the restoration action in the Soto de Alfaro.<\/p>\n<p>A total of 22 hectares of river plain have been recovered and integrated as a protected area in the <strong>Natura 2000 Network, with the removal of<\/strong> 1,343 meters of defensive dykes that constricted the river and the construction of a smaller defense (899 meters) and away from the riverbed, returning this space to the river.<\/p>\n<p>In addition, river dynamics have been improved:<\/p>\n<ul>\n<li>A relief channel has been created connecting the river to the La Roza meander.<\/li>\n<li>The drainage capacity of the railroad bridge eyes has been improved.<\/li>\n<li>Invasive flora species have been removed<\/li>\n<li>A new wetland has been generated<\/li>\n<\/ul>\n\t\t\t\t\t\t\t\t<\/div>\n\t\t\t\t<\/div>\n\t\t\t\t\t<\/div>\n\t\t<\/div>\n\t\t\t\t\t<\/div>\n\t\t<\/section>\n\t\t\t\t<section class=\"elementor-section elementor-top-section elementor-element elementor-element-79e171d elementor-section-boxed elementor-section-height-default elementor-section-height-default\" data-id=\"79e171d\" data-element_type=\"section\" data-e-type=\"section\">\n\t\t\t\t\t\t<div class=\"elementor-container elementor-column-gap-default\">\n\t\t\t\t\t<div class=\"elementor-column elementor-col-100 elementor-top-column elementor-element elementor-element-071cae0\" data-id=\"071cae0\" data-element_type=\"column\" data-e-type=\"column\">\n\t\t\t<div class=\"elementor-widget-wrap elementor-element-populated\">\n\t\t\t\t\t\t<div class=\"elementor-element elementor-element-29f77ed elementor-widget elementor-widget-image\" data-id=\"29f77ed\" data-element_type=\"widget\" data-e-type=\"widget\" data-widget_type=\"image.default\">\n\t\t\t\t<div class=\"elementor-widget-container\">\n\t\t\t\t\t\t\t\t\t\t\t\t\t\t\t<img decoding=\"async\" width=\"768\" height=\"512\" src=\"https:\/\/www.ebroresilience.com\/wp-content\/uploads\/2024\/10\/Diseno-sin-titulo-6-768x512.png\" class=\"attachment-medium_large size-medium_large wp-image-12351\" alt=\"\" srcset=\"https:\/\/www.ebroresilience.com\/wp-content\/uploads\/2024\/10\/Diseno-sin-titulo-6-768x512.png 768w, https:\/\/www.ebroresilience.com\/wp-content\/uploads\/2024\/10\/Diseno-sin-titulo-6-300x200.png 300w, https:\/\/www.ebroresilience.com\/wp-content\/uploads\/2024\/10\/Diseno-sin-titulo-6-1024x682.png 1024w, https:\/\/www.ebroresilience.com\/wp-content\/uploads\/2024\/10\/Diseno-sin-titulo-6-1536x1024.png 1536w, https:\/\/www.ebroresilience.com\/wp-content\/uploads\/2024\/10\/Diseno-sin-titulo-6-219x146.png 219w, https:\/\/www.ebroresilience.com\/wp-content\/uploads\/2024\/10\/Diseno-sin-titulo-6-50x33.png 50w, https:\/\/www.ebroresilience.com\/wp-content\/uploads\/2024\/10\/Diseno-sin-titulo-6-113x75.png 113w, https:\/\/www.ebroresilience.com\/wp-content\/uploads\/2024\/10\/Diseno-sin-titulo-6.png 1772w\" sizes=\"(max-width:767px) 480px, (max-width:768px) 100vw, 768px\" \/>\t\t\t\t\t\t\t\t\t\t\t\t\t\t\t<\/div>\n\t\t\t\t<\/div>\n\t\t\t\t\t<\/div>\n\t\t<\/div>\n\t\t\t\t\t<\/div>\n\t\t<\/section>\n\t\t\t\t<\/div>\n\t\t","protected":false},"excerpt":{"rendered":"<p>This intervention, which represents the bulk of the environmental restoration, has been carried out with species typical of the Ebro riverbank for the renaturalization of this space recovered for the river.<\/p>\n","protected":false},"author":5,"featured_media":13274,"comment_status":"closed","ping_status":"closed","sticky":false,"template":"","format":"standard","meta":{"_acf_changed":false,"ngg_post_thumbnail":0,"footnotes":""},"categories":[377,369],"tags":[380,388,398,528,381,607,503],"class_list":["post-13625","post","type-post","status-publish","format-standard","has-post-thumbnail","hentry","category-life-en","category-news","tag-alfaro-en","tag-che-en","tag-flood","tag-government-of-la-rioja","tag-life-ebro-resilience-p1-en","tag-restauracion-en","tag-river-area"],"acf":[],"publishpress_future_action":{"enabled":false,"date":"2026-05-07 08:41:47","action":"change-status","newStatus":"draft","terms":[],"taxonomy":"category","extraData":[]},"publishpress_future_workflow_manual_trigger":{"enabledWorkflows":[]},"_links":{"self":[{"href":"https:\/\/www.ebroresilience.com\/en\/wp-json\/wp\/v2\/posts\/13625","targetHints":{"allow":["GET"]}}],"collection":[{"href":"https:\/\/www.ebroresilience.com\/en\/wp-json\/wp\/v2\/posts"}],"about":[{"href":"https:\/\/www.ebroresilience.com\/en\/wp-json\/wp\/v2\/types\/post"}],"author":[{"embeddable":true,"href":"https:\/\/www.ebroresilience.com\/en\/wp-json\/wp\/v2\/users\/5"}],"replies":[{"embeddable":true,"href":"https:\/\/www.ebroresilience.com\/en\/wp-json\/wp\/v2\/comments?post=13625"}],"version-history":[{"count":4,"href":"https:\/\/www.ebroresilience.com\/en\/wp-json\/wp\/v2\/posts\/13625\/revisions"}],"predecessor-version":[{"id":13679,"href":"https:\/\/www.ebroresilience.com\/en\/wp-json\/wp\/v2\/posts\/13625\/revisions\/13679"}],"wp:featuredmedia":[{"embeddable":true,"href":"https:\/\/www.ebroresilience.com\/en\/wp-json\/wp\/v2\/media\/13274"}],"wp:attachment":[{"href":"https:\/\/www.ebroresilience.com\/en\/wp-json\/wp\/v2\/media?parent=13625"}],"wp:term":[{"taxonomy":"category","embeddable":true,"href":"https:\/\/www.ebroresilience.com\/en\/wp-json\/wp\/v2\/categories?post=13625"},{"taxonomy":"post_tag","embeddable":true,"href":"https:\/\/www.ebroresilience.com\/en\/wp-json\/wp\/v2\/tags?post=13625"}],"curies":[{"name":"wp","href":"https:\/\/api.w.org\/{rel}","templated":true}]}}