{"id":13523,"date":"2025-02-28T08:00:00","date_gmt":"2025-02-28T07:00:00","guid":{"rendered":"https:\/\/www.ebroresilience.com\/?p=13523"},"modified":"2025-02-27T12:07:36","modified_gmt":"2025-02-27T11:07:36","slug":"the-exhibition-when-the-river-recovers-its-space-a-meeting-place-to-talk-about-adaptation-and-flood-risks","status":"publish","type":"post","link":"https:\/\/www.ebroresilience.com\/en\/the-exhibition-when-the-river-recovers-its-space-a-meeting-place-to-talk-about-adaptation-and-flood-risks\/","title":{"rendered":"The exhibition &#8220;When the river recovers its space&#8221;, a meeting place to talk about adaptation and flood risks"},"content":{"rendered":"\t\t<div data-elementor-type=\"wp-post\" data-elementor-id=\"13523\" class=\"elementor elementor-13523 elementor-13500\" data-elementor-post-type=\"post\">\n\t\t\t\t\t\t<section class=\"elementor-section elementor-top-section elementor-element elementor-element-9661ede elementor-section-boxed elementor-section-height-default elementor-section-height-default\" data-id=\"9661ede\" data-element_type=\"section\" data-e-type=\"section\">\n\t\t\t\t\t\t<div class=\"elementor-container elementor-column-gap-default\">\n\t\t\t\t\t<div class=\"elementor-column elementor-col-100 elementor-top-column elementor-element elementor-element-956e0b7\" data-id=\"956e0b7\" data-element_type=\"column\" data-e-type=\"column\">\n\t\t\t<div class=\"elementor-widget-wrap elementor-element-populated\">\n\t\t\t\t\t\t<div class=\"elementor-element elementor-element-321f64b elementor-widget elementor-widget-text-editor\" data-id=\"321f64b\" data-element_type=\"widget\" data-e-type=\"widget\" data-widget_type=\"text-editor.default\">\n\t\t\t\t<div class=\"elementor-widget-container\">\n\t\t\t\t\t\t\t\t\t<p>The exhibition <em>When the river recovers its space<\/em> closes its first meeting with the public after its premiere at the <a href=\"https:\/\/www.zaragoza.es\/sede\/portal\/medioambiente\/educacion-participacion\/cdamaz\/\" target=\"_blank\" rel=\"noopener\">Water and Environment Documentation Center of Zaragoza<\/a> during the month of February. The LIFE Ebro Resilience P1 Project, in collaboration with the Green Library of the Zaragoza City Council, organized this exhibition to disseminate information about nature-based solutions to floods. <\/p>\n<p>In addition, it has served as a meeting point to discuss this extreme phenomenon and its effects, by attracting a large audience to two activities organized around this collection of photos, the talk held on February 18, aimed at the general public, and the guided tour for the sector of communicators and journalists on February 20.<\/p>\n<p>From now on, the exhibition becomes itinerant and its next stop will be the space of La Alfranca, of the Government of Aragon.  <\/p>\n\t\t\t\t\t\t\t\t<\/div>\n\t\t\t\t<\/div>\n\t\t\t\t\t<\/div>\n\t\t<\/div>\n\t\t\t\t\t<\/div>\n\t\t<\/section>\n\t\t\t\t<section class=\"elementor-section elementor-top-section elementor-element elementor-element-cc6c3e4 elementor-section-boxed elementor-section-height-default elementor-section-height-default\" data-id=\"cc6c3e4\" data-element_type=\"section\" data-e-type=\"section\">\n\t\t\t\t\t\t<div class=\"elementor-container elementor-column-gap-default\">\n\t\t\t\t\t<div class=\"elementor-column elementor-col-50 elementor-top-column elementor-element elementor-element-2eff239\" data-id=\"2eff239\" data-element_type=\"column\" data-e-type=\"column\">\n\t\t\t<div class=\"elementor-widget-wrap elementor-element-populated\">\n\t\t\t\t\t\t<div class=\"elementor-element elementor-element-d69a623 elementor-widget elementor-widget-image\" data-id=\"d69a623\" data-element_type=\"widget\" data-e-type=\"widget\" data-widget_type=\"image.default\">\n\t\t\t\t<div class=\"elementor-widget-container\">\n\t\t\t\t\t\t\t\t\t\t\t\t\t\t\t<img fetchpriority=\"high\" decoding=\"async\" width=\"1024\" height=\"683\" src=\"https:\/\/www.ebroresilience.com\/wp-content\/uploads\/2025\/02\/DSC059450219-1024x683.jpg\" class=\"attachment-large size-large wp-image-13503\" alt=\"Exposici\u00f3n Cuando el r\u00edo recupera su espacio. Punto de informaci\u00f3n audiovisual. Persona visionando los v\u00eddeos.\" srcset=\"https:\/\/www.ebroresilience.com\/wp-content\/uploads\/2025\/02\/DSC059450219-1024x683.jpg 1024w, https:\/\/www.ebroresilience.com\/wp-content\/uploads\/2025\/02\/DSC059450219-300x200.jpg 300w, https:\/\/www.ebroresilience.com\/wp-content\/uploads\/2025\/02\/DSC059450219-768x512.jpg 768w, https:\/\/www.ebroresilience.com\/wp-content\/uploads\/2025\/02\/DSC059450219-1536x1024.jpg 1536w, https:\/\/www.ebroresilience.com\/wp-content\/uploads\/2025\/02\/DSC059450219-2048x1365.jpg 2048w, https:\/\/www.ebroresilience.com\/wp-content\/uploads\/2025\/02\/DSC059450219-113x75.jpg 113w, https:\/\/www.ebroresilience.com\/wp-content\/uploads\/2025\/02\/DSC059450219-480x320.jpg 480w\" sizes=\"(max-width:767px) 480px, (max-width:1024px) 100vw, 1024px\" \/>\t\t\t\t\t\t\t\t\t\t\t\t\t\t\t<\/div>\n\t\t\t\t<\/div>\n\t\t\t\t\t<\/div>\n\t\t<\/div>\n\t\t\t\t<div class=\"elementor-column elementor-col-50 elementor-top-column elementor-element elementor-element-74be39d\" data-id=\"74be39d\" data-element_type=\"column\" data-e-type=\"column\">\n\t\t\t<div class=\"elementor-widget-wrap elementor-element-populated\">\n\t\t\t\t\t\t<div class=\"elementor-element elementor-element-445e0c5 elementor-widget elementor-widget-image\" data-id=\"445e0c5\" data-element_type=\"widget\" data-e-type=\"widget\" data-widget_type=\"image.default\">\n\t\t\t\t<div class=\"elementor-widget-container\">\n\t\t\t\t\t\t\t\t\t\t\t\t\t\t\t<img decoding=\"async\" width=\"1024\" height=\"683\" src=\"https:\/\/www.ebroresilience.com\/wp-content\/uploads\/2025\/02\/DSC060290219-1024x683.jpg\" class=\"attachment-large size-large wp-image-13505\" alt=\"Exposici\u00f3n Cuando el r\u00edo recupera su espacio. Visita guiada a la exposici\u00f3n,\" srcset=\"https:\/\/www.ebroresilience.com\/wp-content\/uploads\/2025\/02\/DSC060290219-1024x683.jpg 1024w, https:\/\/www.ebroresilience.com\/wp-content\/uploads\/2025\/02\/DSC060290219-300x200.jpg 300w, https:\/\/www.ebroresilience.com\/wp-content\/uploads\/2025\/02\/DSC060290219-768x512.jpg 768w, https:\/\/www.ebroresilience.com\/wp-content\/uploads\/2025\/02\/DSC060290219-1536x1024.jpg 1536w, https:\/\/www.ebroresilience.com\/wp-content\/uploads\/2025\/02\/DSC060290219-2048x1365.jpg 2048w, https:\/\/www.ebroresilience.com\/wp-content\/uploads\/2025\/02\/DSC060290219-113x75.jpg 113w, https:\/\/www.ebroresilience.com\/wp-content\/uploads\/2025\/02\/DSC060290219-480x320.jpg 480w\" sizes=\"(max-width:767px) 480px, (max-width:1024px) 100vw, 1024px\" \/>\t\t\t\t\t\t\t\t\t\t\t\t\t\t\t<\/div>\n\t\t\t\t<\/div>\n\t\t\t\t\t<\/div>\n\t\t<\/div>\n\t\t\t\t\t<\/div>\n\t\t<\/section>\n\t\t\t\t<section class=\"elementor-section elementor-top-section elementor-element elementor-element-ad40b7c elementor-section-boxed elementor-section-height-default elementor-section-height-default\" data-id=\"ad40b7c\" data-element_type=\"section\" data-e-type=\"section\">\n\t\t\t\t\t\t<div class=\"elementor-container elementor-column-gap-default\">\n\t\t\t\t\t<div class=\"elementor-column elementor-col-100 elementor-top-column elementor-element elementor-element-4689325\" data-id=\"4689325\" data-element_type=\"column\" data-e-type=\"column\">\n\t\t\t<div class=\"elementor-widget-wrap elementor-element-populated\">\n\t\t\t\t\t\t<div class=\"elementor-element elementor-element-b0d3e3e elementor-widget elementor-widget-spacer\" data-id=\"b0d3e3e\" data-element_type=\"widget\" data-e-type=\"widget\" data-widget_type=\"spacer.default\">\n\t\t\t\t<div class=\"elementor-widget-container\">\n\t\t\t\t\t\t\t<div class=\"elementor-spacer\">\n\t\t\t<div class=\"elementor-spacer-inner\"><\/div>\n\t\t<\/div>\n\t\t\t\t\t\t<\/div>\n\t\t\t\t<\/div>\n\t\t\t\t<div class=\"elementor-element elementor-element-74fdd0e elementor-widget elementor-widget-text-editor\" data-id=\"74fdd0e\" data-element_type=\"widget\" data-e-type=\"widget\" data-widget_type=\"text-editor.default\">\n\t\t\t\t<div class=\"elementor-widget-container\">\n\t\t\t\t\t\t\t\t\t<p><strong>Content<\/strong><\/p>\n<p>Through <a href=\"https:\/\/www.ebroresilience.com\/recursos\/galeria-2\/nggallery\/album\/exposicion-fotografica-cuando-el-rio-recupera-su-espacio\">25 snapshots<\/a>, provided by the Ebro Hydrographic Confederation for LIFE Ebro Resilience P1, three information panels, and an audiovisual viewing point, five thematic areas related to the actions of the Project are shown:<\/p>\n<ul>\n<li>Meanders that become part of the river again.<\/li>\n<li>Remaining a riparian: adaptation is possible<\/li>\n<li>Types of intervention<\/li>\n<li>Restoring ecosystems and fighting against floods<\/li>\n<li>Real and effective participation<\/li>\n<\/ul>\n<p>The panels provide general and contextual information on the interventions, an example of an intervention in the La Roza meander and the benefit of wetlands as a natural water retention measure.<\/p>\n\t\t\t\t\t\t\t\t<\/div>\n\t\t\t\t<\/div>\n\t\t\t\t\t<\/div>\n\t\t<\/div>\n\t\t\t\t\t<\/div>\n\t\t<\/section>\n\t\t\t\t<section class=\"elementor-section elementor-top-section elementor-element elementor-element-ad846c2 elementor-section-boxed elementor-section-height-default elementor-section-height-default\" data-id=\"ad846c2\" data-element_type=\"section\" data-e-type=\"section\">\n\t\t\t\t\t\t<div class=\"elementor-container elementor-column-gap-default\">\n\t\t\t\t\t<div class=\"elementor-column elementor-col-100 elementor-top-column elementor-element elementor-element-0b4dd25\" data-id=\"0b4dd25\" data-element_type=\"column\" data-e-type=\"column\">\n\t\t\t<div class=\"elementor-widget-wrap elementor-element-populated\">\n\t\t\t\t\t\t<div class=\"elementor-element elementor-element-38f4127 elementor-widget elementor-widget-image\" data-id=\"38f4127\" data-element_type=\"widget\" data-e-type=\"widget\" data-widget_type=\"image.default\">\n\t\t\t\t<div class=\"elementor-widget-container\">\n\t\t\t\t\t\t\t\t\t\t\t\t\t\t\t<img decoding=\"async\" width=\"768\" height=\"578\" src=\"https:\/\/www.ebroresilience.com\/wp-content\/uploads\/2025\/02\/WhatsApp-Image-2025-02-12-at-10.31.07-768x578.jpeg\" class=\"attachment-medium_large size-medium_large wp-image-13509\" alt=\"Exposici\u00f3n Cuando el r\u00edo recupera su espacio. Distribuci\u00f3n de las fotograf\u00edas en el CDAMAZ\" srcset=\"https:\/\/www.ebroresilience.com\/wp-content\/uploads\/2025\/02\/WhatsApp-Image-2025-02-12-at-10.31.07-768x578.jpeg 768w, https:\/\/www.ebroresilience.com\/wp-content\/uploads\/2025\/02\/WhatsApp-Image-2025-02-12-at-10.31.07-300x226.jpeg 300w, https:\/\/www.ebroresilience.com\/wp-content\/uploads\/2025\/02\/WhatsApp-Image-2025-02-12-at-10.31.07-1024x771.jpeg 1024w, https:\/\/www.ebroresilience.com\/wp-content\/uploads\/2025\/02\/WhatsApp-Image-2025-02-12-at-10.31.07-1536x1156.jpeg 1536w, https:\/\/www.ebroresilience.com\/wp-content\/uploads\/2025\/02\/WhatsApp-Image-2025-02-12-at-10.31.07-100x75.jpeg 100w, https:\/\/www.ebroresilience.com\/wp-content\/uploads\/2025\/02\/WhatsApp-Image-2025-02-12-at-10.31.07-480x361.jpeg 480w, https:\/\/www.ebroresilience.com\/wp-content\/uploads\/2025\/02\/WhatsApp-Image-2025-02-12-at-10.31.07.jpeg 1600w\" sizes=\"(max-width:767px) 480px, (max-width:768px) 100vw, 768px\" \/>\t\t\t\t\t\t\t\t\t\t\t\t\t\t\t<\/div>\n\t\t\t\t<\/div>\n\t\t\t\t\t<\/div>\n\t\t<\/div>\n\t\t\t\t\t<\/div>\n\t\t<\/section>\n\t\t\t\t<section class=\"elementor-section elementor-top-section elementor-element elementor-element-e7fd339 elementor-section-boxed elementor-section-height-default elementor-section-height-default\" data-id=\"e7fd339\" data-element_type=\"section\" data-e-type=\"section\">\n\t\t\t\t\t\t<div class=\"elementor-container elementor-column-gap-default\">\n\t\t\t\t\t<div class=\"elementor-column elementor-col-100 elementor-top-column elementor-element elementor-element-97421f8\" data-id=\"97421f8\" data-element_type=\"column\" data-e-type=\"column\">\n\t\t\t<div class=\"elementor-widget-wrap elementor-element-populated\">\n\t\t\t\t\t\t<div class=\"elementor-element elementor-element-679e6a8 elementor-widget elementor-widget-spacer\" data-id=\"679e6a8\" data-element_type=\"widget\" data-e-type=\"widget\" data-widget_type=\"spacer.default\">\n\t\t\t\t<div class=\"elementor-widget-container\">\n\t\t\t\t\t\t\t<div class=\"elementor-spacer\">\n\t\t\t<div class=\"elementor-spacer-inner\"><\/div>\n\t\t<\/div>\n\t\t\t\t\t\t<\/div>\n\t\t\t\t<\/div>\n\t\t\t\t\t<\/div>\n\t\t<\/div>\n\t\t\t\t\t<\/div>\n\t\t<\/section>\n\t\t\t\t<section class=\"elementor-section elementor-top-section elementor-element elementor-element-00dc93e elementor-section-boxed elementor-section-height-default elementor-section-height-default\" data-id=\"00dc93e\" data-element_type=\"section\" data-e-type=\"section\">\n\t\t\t\t\t\t<div class=\"elementor-container elementor-column-gap-default\">\n\t\t\t\t\t<div class=\"elementor-column elementor-col-100 elementor-top-column elementor-element elementor-element-06d7dfe\" data-id=\"06d7dfe\" data-element_type=\"column\" data-e-type=\"column\">\n\t\t\t<div class=\"elementor-widget-wrap elementor-element-populated\">\n\t\t\t\t\t\t<div class=\"elementor-element elementor-element-d930455 elementor-widget elementor-widget-text-editor\" data-id=\"d930455\" data-element_type=\"widget\" data-e-type=\"widget\" data-widget_type=\"text-editor.default\">\n\t\t\t\t<div class=\"elementor-widget-container\">\n\t\t\t\t\t\t\t\t\t<p><strong>Balance of activities  <\/strong><\/p>\n<p>Along with the interest aroused by the exhibition, we are grateful for the interest aroused by the parallel activities organized.<\/p>\n<p>On February 18, 60 people attended the informative talk and guided tour for the general public. There they talked about the concept of flood risk, the types of intervention and the actions being developed in the middle stretch of the Ebro. <\/p>\n<p>As part of the social capacity building campaigns, a group of journalists from Aragon participated in a specific visit to the communication sector to explain concepts, the state of the art and current interventions, with special interest in the one being carried out in the Osera de Ebro-Fuentes de Ebro section.<\/p>\n\t\t\t\t\t\t\t\t<\/div>\n\t\t\t\t<\/div>\n\t\t\t\t\t<\/div>\n\t\t<\/div>\n\t\t\t\t\t<\/div>\n\t\t<\/section>\n\t\t\t\t<section class=\"elementor-section elementor-top-section elementor-element elementor-element-9142912 elementor-section-boxed elementor-section-height-default elementor-section-height-default\" data-id=\"9142912\" data-element_type=\"section\" data-e-type=\"section\">\n\t\t\t\t\t\t<div class=\"elementor-container elementor-column-gap-default\">\n\t\t\t\t\t<div class=\"elementor-column elementor-col-50 elementor-top-column elementor-element elementor-element-b987fbd\" data-id=\"b987fbd\" data-element_type=\"column\" data-e-type=\"column\">\n\t\t\t<div class=\"elementor-widget-wrap elementor-element-populated\">\n\t\t\t\t\t\t<div class=\"elementor-element elementor-element-40ca560 elementor-widget elementor-widget-image\" data-id=\"40ca560\" data-element_type=\"widget\" data-e-type=\"widget\" data-widget_type=\"image.default\">\n\t\t\t\t<div class=\"elementor-widget-container\">\n\t\t\t\t\t\t\t\t\t\t\t\t<figure class=\"wp-caption\">\n\t\t\t\t\t\t\t\t\t\t<img loading=\"lazy\" decoding=\"async\" width=\"1024\" height=\"771\" src=\"https:\/\/www.ebroresilience.com\/wp-content\/uploads\/2025\/02\/IMG20250218192652-1024x771.jpg\" class=\"attachment-large size-large wp-image-13511\" alt=\"Exposici\u00f3n Cuando el r\u00edo recupera su espacio: charla divulgativa del pasado 18 de febrero\" srcset=\"https:\/\/www.ebroresilience.com\/wp-content\/uploads\/2025\/02\/IMG20250218192652-1024x771.jpg 1024w, https:\/\/www.ebroresilience.com\/wp-content\/uploads\/2025\/02\/IMG20250218192652-300x226.jpg 300w, https:\/\/www.ebroresilience.com\/wp-content\/uploads\/2025\/02\/IMG20250218192652-768x578.jpg 768w, https:\/\/www.ebroresilience.com\/wp-content\/uploads\/2025\/02\/IMG20250218192652-1536x1157.jpg 1536w, https:\/\/www.ebroresilience.com\/wp-content\/uploads\/2025\/02\/IMG20250218192652-2048x1542.jpg 2048w, https:\/\/www.ebroresilience.com\/wp-content\/uploads\/2025\/02\/IMG20250218192652-100x75.jpg 100w, https:\/\/www.ebroresilience.com\/wp-content\/uploads\/2025\/02\/IMG20250218192652-480x361.jpg 480w\" sizes=\"(max-width:767px) 480px, (max-width:1024px) 100vw, 1024px\" \/>\t\t\t\t\t\t\t\t\t\t\t<figcaption class=\"widget-image-caption wp-caption-text\">Exposici\u00f3n Cuando el r\u00edo recupera su espacio: charla divulgativa del pasado 18 de febrero<\/figcaption>\n\t\t\t\t\t\t\t\t\t\t<\/figure>\n\t\t\t\t\t\t\t\t\t<\/div>\n\t\t\t\t<\/div>\n\t\t\t\t\t<\/div>\n\t\t<\/div>\n\t\t\t\t<div class=\"elementor-column elementor-col-50 elementor-top-column elementor-element elementor-element-a1c3e78\" data-id=\"a1c3e78\" data-element_type=\"column\" data-e-type=\"column\">\n\t\t\t<div class=\"elementor-widget-wrap elementor-element-populated\">\n\t\t\t\t\t\t<div class=\"elementor-element elementor-element-0be0156 elementor-widget elementor-widget-image\" data-id=\"0be0156\" data-element_type=\"widget\" data-e-type=\"widget\" data-widget_type=\"image.default\">\n\t\t\t\t<div class=\"elementor-widget-container\">\n\t\t\t\t\t\t\t\t\t\t\t\t<figure class=\"wp-caption\">\n\t\t\t\t\t\t\t\t\t\t<img loading=\"lazy\" decoding=\"async\" width=\"1024\" height=\"771\" src=\"https:\/\/www.ebroresilience.com\/wp-content\/uploads\/2025\/02\/IMG20250220202036-1024x771.jpg\" class=\"attachment-large size-large wp-image-13513\" alt=\"Exhibition When the river recovers its space: guided visit for communicators on February 20\" srcset=\"https:\/\/www.ebroresilience.com\/wp-content\/uploads\/2025\/02\/IMG20250220202036-1024x771.jpg 1024w, https:\/\/www.ebroresilience.com\/wp-content\/uploads\/2025\/02\/IMG20250220202036-300x226.jpg 300w, https:\/\/www.ebroresilience.com\/wp-content\/uploads\/2025\/02\/IMG20250220202036-768x578.jpg 768w, https:\/\/www.ebroresilience.com\/wp-content\/uploads\/2025\/02\/IMG20250220202036-1536x1157.jpg 1536w, https:\/\/www.ebroresilience.com\/wp-content\/uploads\/2025\/02\/IMG20250220202036-2048x1542.jpg 2048w, https:\/\/www.ebroresilience.com\/wp-content\/uploads\/2025\/02\/IMG20250220202036-100x75.jpg 100w, https:\/\/www.ebroresilience.com\/wp-content\/uploads\/2025\/02\/IMG20250220202036-480x361.jpg 480w\" sizes=\"(max-width:767px) 480px, (max-width:1024px) 100vw, 1024px\" \/>\t\t\t\t\t\t\t\t\t\t\t<figcaption class=\"widget-image-caption wp-caption-text\">Exhibition When the river recovers its space: guided visit for communicators on February 20<\/figcaption>\n\t\t\t\t\t\t\t\t\t\t<\/figure>\n\t\t\t\t\t\t\t\t\t<\/div>\n\t\t\t\t<\/div>\n\t\t\t\t\t<\/div>\n\t\t<\/div>\n\t\t\t\t\t<\/div>\n\t\t<\/section>\n\t\t\t\t<\/div>\n\t\t","protected":false},"excerpt":{"rendered":"<p>This photographic exhibition premiered in February at the CDAMAZ in Zaragoza, accompanied by informative activities with the general public and journalists, and now begins a tour of other spaces in the middle stretch of the Ebro.<\/p>\n","protected":false},"author":5,"featured_media":13507,"comment_status":"closed","ping_status":"closed","sticky":false,"template":"","format":"standard","meta":{"_acf_changed":false,"ngg_post_thumbnail":0,"footnotes":""},"categories":[377,369],"tags":[456,387,378,627,398,381,395,607,464,483],"class_list":["post-13523","post","type-post","status-publish","format-standard","has-post-thumbnail","hentry","category-life-en","category-news","tag-disclosure","tag-ebro-en","tag-ebro-resilience-en","tag-exhibition","tag-flood","tag-life-ebro-resilience-p1-en","tag-participation","tag-restauracion-en","tag-social-skills","tag-zaragoza-en"],"acf":[],"publishpress_future_action":{"enabled":false,"date":"2026-05-06 21:50:39","action":"change-status","newStatus":"draft","terms":[],"taxonomy":"category","extraData":[]},"publishpress_future_workflow_manual_trigger":{"enabledWorkflows":[]},"_links":{"self":[{"href":"https:\/\/www.ebroresilience.com\/en\/wp-json\/wp\/v2\/posts\/13523","targetHints":{"allow":["GET"]}}],"collection":[{"href":"https:\/\/www.ebroresilience.com\/en\/wp-json\/wp\/v2\/posts"}],"about":[{"href":"https:\/\/www.ebroresilience.com\/en\/wp-json\/wp\/v2\/types\/post"}],"author":[{"embeddable":true,"href":"https:\/\/www.ebroresilience.com\/en\/wp-json\/wp\/v2\/users\/5"}],"replies":[{"embeddable":true,"href":"https:\/\/www.ebroresilience.com\/en\/wp-json\/wp\/v2\/comments?post=13523"}],"version-history":[{"count":2,"href":"https:\/\/www.ebroresilience.com\/en\/wp-json\/wp\/v2\/posts\/13523\/revisions"}],"predecessor-version":[{"id":13525,"href":"https:\/\/www.ebroresilience.com\/en\/wp-json\/wp\/v2\/posts\/13523\/revisions\/13525"}],"wp:featuredmedia":[{"embeddable":true,"href":"https:\/\/www.ebroresilience.com\/en\/wp-json\/wp\/v2\/media\/13507"}],"wp:attachment":[{"href":"https:\/\/www.ebroresilience.com\/en\/wp-json\/wp\/v2\/media?parent=13523"}],"wp:term":[{"taxonomy":"category","embeddable":true,"href":"https:\/\/www.ebroresilience.com\/en\/wp-json\/wp\/v2\/categories?post=13523"},{"taxonomy":"post_tag","embeddable":true,"href":"https:\/\/www.ebroresilience.com\/en\/wp-json\/wp\/v2\/tags?post=13523"}],"curies":[{"name":"wp","href":"https:\/\/api.w.org\/{rel}","templated":true}]}}