{"id":13492,"date":"2025-02-26T13:12:27","date_gmt":"2025-02-26T12:12:27","guid":{"rendered":"https:\/\/www.ebroresilience.com\/plantations-on-the-left-bank-of-the-ebro-in-castejon-and-valtierra-phase-1-of-the-environmental-restoration-of-el-senorio\/"},"modified":"2025-02-26T13:24:04","modified_gmt":"2025-02-26T12:24:04","slug":"plantations-on-the-left-bank-of-the-ebro-in-castejon-and-valtierra-phase-1-of-the-environmental-restoration-of-el-senorio","status":"publish","type":"post","link":"https:\/\/www.ebroresilience.com\/en\/plantations-on-the-left-bank-of-the-ebro-in-castejon-and-valtierra-phase-1-of-the-environmental-restoration-of-el-senorio\/","title":{"rendered":"Planting on the left bank of the Ebro in Castej\u00f3n and Valtierra, phase 1 of the environmental restoration of El Se\u00f1or\u00edo"},"content":{"rendered":"\t\t<div data-elementor-type=\"wp-post\" data-elementor-id=\"13492\" class=\"elementor elementor-13492 elementor-13476\" data-elementor-post-type=\"post\">\n\t\t\t\t\t\t<section class=\"elementor-section elementor-top-section elementor-element elementor-element-5689e9b elementor-section-boxed elementor-section-height-default elementor-section-height-default\" data-id=\"5689e9b\" data-element_type=\"section\" data-e-type=\"section\">\n\t\t\t\t\t\t<div class=\"elementor-container elementor-column-gap-default\">\n\t\t\t\t\t<div class=\"elementor-column elementor-col-100 elementor-top-column elementor-element elementor-element-868120e\" data-id=\"868120e\" data-element_type=\"column\" data-e-type=\"column\">\n\t\t\t<div class=\"elementor-widget-wrap elementor-element-populated\">\n\t\t\t\t\t\t<div class=\"elementor-element elementor-element-08b0626 elementor-widget elementor-widget-text-editor\" data-id=\"08b0626\" data-element_type=\"widget\" data-e-type=\"widget\" data-widget_type=\"text-editor.default\">\n\t\t\t\t<div class=\"elementor-widget-container\">\n\t\t\t\t\t\t\t\t\t<p>We advanced in the LIFE Ebro Resilience P1 actions with the plantations on the left bank of the Ebro in front of the meander of El Se\u00f1or\u00edo, in the municipalities of Castej\u00f3n and Valtierra, Navarra.<\/p>\n<p>This is phase 1 of the environmental restoration of this section, with works on the left bank of the river between the bridges of the N-113 road and the AP-15 highway, <strong>a degraded and impoverished area in terms of vegetation,<\/strong> which saw its fluvial dynamics altered by the construction of dikes or defensive dykes.<\/p>\n\t\t\t\t\t\t\t\t<\/div>\n\t\t\t\t<\/div>\n\t\t\t\t\t<\/div>\n\t\t<\/div>\n\t\t\t\t\t<\/div>\n\t\t<\/section>\n\t\t\t\t<section class=\"elementor-section elementor-top-section elementor-element elementor-element-ff0a6c1 elementor-section-boxed elementor-section-height-default elementor-section-height-default\" data-id=\"ff0a6c1\" data-element_type=\"section\" data-e-type=\"section\">\n\t\t\t\t\t\t<div class=\"elementor-container elementor-column-gap-default\">\n\t\t\t\t\t<div class=\"elementor-column elementor-col-100 elementor-top-column elementor-element elementor-element-eba5b34\" data-id=\"eba5b34\" data-element_type=\"column\" data-e-type=\"column\">\n\t\t\t<div class=\"elementor-widget-wrap elementor-element-populated\">\n\t\t\t\t\t\t<div class=\"elementor-element elementor-element-a883b24 elementor-widget elementor-widget-image\" data-id=\"a883b24\" data-element_type=\"widget\" data-e-type=\"widget\" data-widget_type=\"image.default\">\n\t\t\t\t<div class=\"elementor-widget-container\">\n\t\t\t\t\t\t\t\t\t\t\t\t\t\t\t<img fetchpriority=\"high\" decoding=\"async\" width=\"1024\" height=\"682\" src=\"https:\/\/www.ebroresilience.com\/wp-content\/uploads\/2025\/02\/Diseno-sin-titulo-1-1024x682.png\" class=\"attachment-large size-large wp-image-13481\" alt=\"Plantaciones en la margen izquierda del Ebro en Castej\u00f3n, fase 1 de la restauraci\u00f3n del meandro de El Se\u00f1or\u00edo\" srcset=\"https:\/\/www.ebroresilience.com\/wp-content\/uploads\/2025\/02\/Diseno-sin-titulo-1-1024x682.png 1024w, https:\/\/www.ebroresilience.com\/wp-content\/uploads\/2025\/02\/Diseno-sin-titulo-1-300x200.png 300w, https:\/\/www.ebroresilience.com\/wp-content\/uploads\/2025\/02\/Diseno-sin-titulo-1-768x512.png 768w, https:\/\/www.ebroresilience.com\/wp-content\/uploads\/2025\/02\/Diseno-sin-titulo-1-1536x1024.png 1536w, https:\/\/www.ebroresilience.com\/wp-content\/uploads\/2025\/02\/Diseno-sin-titulo-1-113x75.png 113w, https:\/\/www.ebroresilience.com\/wp-content\/uploads\/2025\/02\/Diseno-sin-titulo-1-480x320.png 480w, https:\/\/www.ebroresilience.com\/wp-content\/uploads\/2025\/02\/Diseno-sin-titulo-1.png 1772w\" sizes=\"(max-width:767px) 480px, (max-width:1024px) 100vw, 1024px\" \/>\t\t\t\t\t\t\t\t\t\t\t\t\t\t\t<\/div>\n\t\t\t\t<\/div>\n\t\t\t\t\t<\/div>\n\t\t<\/div>\n\t\t\t\t\t<\/div>\n\t\t<\/section>\n\t\t\t\t<section class=\"elementor-section elementor-top-section elementor-element elementor-element-7417d81 elementor-section-boxed elementor-section-height-default elementor-section-height-default\" data-id=\"7417d81\" data-element_type=\"section\" data-e-type=\"section\">\n\t\t\t\t\t\t<div class=\"elementor-container elementor-column-gap-default\">\n\t\t\t\t\t<div class=\"elementor-column elementor-col-100 elementor-top-column elementor-element elementor-element-0355c54\" data-id=\"0355c54\" data-element_type=\"column\" data-e-type=\"column\">\n\t\t\t<div class=\"elementor-widget-wrap elementor-element-populated\">\n\t\t\t\t\t\t<div class=\"elementor-element elementor-element-a02bcb1 elementor-widget elementor-widget-text-editor\" data-id=\"a02bcb1\" data-element_type=\"widget\" data-e-type=\"widget\" data-widget_type=\"text-editor.default\">\n\t\t\t\t<div class=\"elementor-widget-container\">\n\t\t\t\t\t\t\t\t\t<p><strong>The planting consists of the creation of copses<\/strong> that allow for a reconnection with the existing riverbank woodlands, enhancing the section as a green corridor that allows for the movement and migration of fauna and flora species. In addition, their arrangement following the flow of the river will facilitate the evacuation of flows during floods. Before planting, the land has been prepared to restore its conditions to support vegetation and absorb water and nutrients.  <\/p>\n<p>Vegetation bands are reproduced according to the distance from the riverbed, as in riparian forests, and the species used are those specific to the stretch:  <strong>white willow, white poplar, black poplar, ash, tamarisk, blackthorn and hawthorn. Elm trees resistant to graphiosis will also be introduced with clones from the LIFE Olmos Vivos project.   <\/strong>The multiplication of the plants is carried out in the nurseries that Gesti\u00f3n Ambiental de Navarra, S.A. (GAN-NIK), executor of the work under the technical direction of the Government of Navarra, has in Marcilla.<\/p>\n\t\t\t\t\t\t\t\t<\/div>\n\t\t\t\t<\/div>\n\t\t\t\t\t<\/div>\n\t\t<\/div>\n\t\t\t\t\t<\/div>\n\t\t<\/section>\n\t\t\t\t<section class=\"elementor-section elementor-top-section elementor-element elementor-element-b7732e8 elementor-section-boxed elementor-section-height-default elementor-section-height-default\" data-id=\"b7732e8\" data-element_type=\"section\" data-e-type=\"section\">\n\t\t\t\t\t\t<div class=\"elementor-container elementor-column-gap-default\">\n\t\t\t\t\t<div class=\"elementor-column elementor-col-100 elementor-top-column elementor-element elementor-element-833fdec\" data-id=\"833fdec\" data-element_type=\"column\" data-e-type=\"column\">\n\t\t\t<div class=\"elementor-widget-wrap elementor-element-populated\">\n\t\t\t\t\t\t<div class=\"elementor-element elementor-element-4b0e1d8 elementor-widget elementor-widget-image\" data-id=\"4b0e1d8\" data-element_type=\"widget\" data-e-type=\"widget\" data-widget_type=\"image.default\">\n\t\t\t\t<div class=\"elementor-widget-container\">\n\t\t\t\t\t\t\t\t\t\t\t\t\t\t\t<img decoding=\"async\" width=\"1024\" height=\"682\" src=\"https:\/\/www.ebroresilience.com\/wp-content\/uploads\/2025\/02\/Diseno-sin-titulo-2-1024x682.png\" class=\"attachment-large size-large wp-image-13488\" alt=\"Plantaciones en la margen izquierda del Ebro en Castej\u00f3n, fase 1 de la restauraci\u00f3n del meandro de El\" srcset=\"https:\/\/www.ebroresilience.com\/wp-content\/uploads\/2025\/02\/Diseno-sin-titulo-2-1024x682.png 1024w, https:\/\/www.ebroresilience.com\/wp-content\/uploads\/2025\/02\/Diseno-sin-titulo-2-300x200.png 300w, https:\/\/www.ebroresilience.com\/wp-content\/uploads\/2025\/02\/Diseno-sin-titulo-2-768x512.png 768w, https:\/\/www.ebroresilience.com\/wp-content\/uploads\/2025\/02\/Diseno-sin-titulo-2-1536x1024.png 1536w, https:\/\/www.ebroresilience.com\/wp-content\/uploads\/2025\/02\/Diseno-sin-titulo-2-113x75.png 113w, https:\/\/www.ebroresilience.com\/wp-content\/uploads\/2025\/02\/Diseno-sin-titulo-2-480x320.png 480w, https:\/\/www.ebroresilience.com\/wp-content\/uploads\/2025\/02\/Diseno-sin-titulo-2.png 1772w\" sizes=\"(max-width:767px) 480px, (max-width:1024px) 100vw, 1024px\" \/>\t\t\t\t\t\t\t\t\t\t\t\t\t\t\t<\/div>\n\t\t\t\t<\/div>\n\t\t\t\t\t<\/div>\n\t\t<\/div>\n\t\t\t\t\t<\/div>\n\t\t<\/section>\n\t\t\t\t<section class=\"elementor-section elementor-top-section elementor-element elementor-element-4f7328b elementor-section-boxed elementor-section-height-default elementor-section-height-default\" data-id=\"4f7328b\" data-element_type=\"section\" data-e-type=\"section\">\n\t\t\t\t\t\t<div class=\"elementor-container elementor-column-gap-default\">\n\t\t\t\t\t<div class=\"elementor-column elementor-col-100 elementor-top-column elementor-element elementor-element-e280173\" data-id=\"e280173\" data-element_type=\"column\" data-e-type=\"column\">\n\t\t\t<div class=\"elementor-widget-wrap elementor-element-populated\">\n\t\t\t\t\t\t<div class=\"elementor-element elementor-element-a0a3a70 elementor-widget elementor-widget-text-editor\" data-id=\"a0a3a70\" data-element_type=\"widget\" data-e-type=\"widget\" data-widget_type=\"text-editor.default\">\n\t\t\t\t<div class=\"elementor-widget-container\">\n\t\t\t\t\t\t\t\t\t<p><strong>El Se\u00f1or\u00edo<\/strong><\/p>\n<p>The planting is part of the subsequent morphological adaptation and restoration of the El Se\u00f1or\u00edo meander, which <strong>aims<\/strong> to <strong>reduce the risk of flooding<\/strong>, <strong>restore the meander to its natural functions<\/strong> in terms of the recovery of fluvial dynamics and the evacuation of flows in flood situations, and prevent deterioration, protect and <strong>improve the state of<\/strong> aquatic, terrestrial and wetland <strong>ecosystems<\/strong>.<\/p>\n<p>These works are integrated in the intervention zone 1 of the LIFE project that involves the recovery of meanders in the section of the Ebro river between Alfaro (La Rioja) and Castej\u00f3n (Navarra), the so-called &#8220;Combined section of actions&#8221;. In the Navarre territory, the morphological adaptation and environmental restoration of the meander of El Se\u00f1or\u00edo is proposed. <\/p>\n<p>El Se\u00f1or\u00edo has a total budget of <strong>1.8 million euros<\/strong> and throughout the process of drafting the project and defining the intervention <strong>, informative and participatory actions have been developed,<\/strong> involving local administrations and interested parties (associations, individuals, etc.) through stable participation groups (the so-called co-creation groups) and public conferences and activities, open to the entire population.<\/p>\n<p>The main action consists of the removal of the perimeter dike in the meander and the creation of a relief channel, a river branch that will divert part of the flows in circulation during floods.<\/p>\n<p>Phase 2 of the renaturation will be carried out on the right bank and is scheduled to be executed once the meander has been reclaimed, an intervention that is currently pending land availability.  <\/p>\n\t\t\t\t\t\t\t\t<\/div>\n\t\t\t\t<\/div>\n\t\t\t\t\t<\/div>\n\t\t<\/div>\n\t\t\t\t\t<\/div>\n\t\t<\/section>\n\t\t\t\t<section class=\"elementor-section elementor-top-section elementor-element elementor-element-9fc8887 elementor-section-boxed elementor-section-height-default elementor-section-height-default\" data-id=\"9fc8887\" data-element_type=\"section\" data-e-type=\"section\">\n\t\t\t\t\t\t<div class=\"elementor-container elementor-column-gap-default\">\n\t\t\t\t\t<div class=\"elementor-column elementor-col-100 elementor-top-column elementor-element elementor-element-63de855\" data-id=\"63de855\" data-element_type=\"column\" data-e-type=\"column\">\n\t\t\t<div class=\"elementor-widget-wrap elementor-element-populated\">\n\t\t\t\t\t\t<div class=\"elementor-element elementor-element-73d9731 elementor-widget elementor-widget-image\" data-id=\"73d9731\" data-element_type=\"widget\" data-e-type=\"widget\" data-widget_type=\"image.default\">\n\t\t\t\t<div class=\"elementor-widget-container\">\n\t\t\t\t\t\t\t\t\t\t\t\t\t\t\t<img decoding=\"async\" width=\"1024\" height=\"853\" src=\"https:\/\/www.ebroresilience.com\/wp-content\/uploads\/2025\/02\/6-1024x853.png\" class=\"attachment-large size-large wp-image-13225\" alt=\"\" srcset=\"https:\/\/www.ebroresilience.com\/wp-content\/uploads\/2025\/02\/6-1024x853.png 1024w, https:\/\/www.ebroresilience.com\/wp-content\/uploads\/2025\/02\/6-300x250.png 300w, https:\/\/www.ebroresilience.com\/wp-content\/uploads\/2025\/02\/6-768x640.png 768w, https:\/\/www.ebroresilience.com\/wp-content\/uploads\/2025\/02\/6-90x75.png 90w, https:\/\/www.ebroresilience.com\/wp-content\/uploads\/2025\/02\/6-480x400.png 480w, https:\/\/www.ebroresilience.com\/wp-content\/uploads\/2025\/02\/6.png 1417w\" sizes=\"(max-width:767px) 480px, (max-width:1024px) 100vw, 1024px\" \/>\t\t\t\t\t\t\t\t\t\t\t\t\t\t\t<\/div>\n\t\t\t\t<\/div>\n\t\t\t\t\t<\/div>\n\t\t<\/div>\n\t\t\t\t\t<\/div>\n\t\t<\/section>\n\t\t\t\t<section class=\"elementor-section elementor-top-section elementor-element elementor-element-3caca6b elementor-section-boxed elementor-section-height-default elementor-section-height-default\" data-id=\"3caca6b\" data-element_type=\"section\" data-e-type=\"section\">\n\t\t\t\t\t\t<div class=\"elementor-container elementor-column-gap-default\">\n\t\t\t\t\t<div class=\"elementor-column elementor-col-100 elementor-top-column elementor-element elementor-element-3b379ed\" data-id=\"3b379ed\" data-element_type=\"column\" data-e-type=\"column\">\n\t\t\t<div class=\"elementor-widget-wrap elementor-element-populated\">\n\t\t\t\t\t\t<div class=\"elementor-element elementor-element-cdec2c6 elementor-widget elementor-widget-text-editor\" data-id=\"cdec2c6\" data-element_type=\"widget\" data-e-type=\"widget\" data-widget_type=\"text-editor.default\">\n\t\t\t\t<div class=\"elementor-widget-container\">\n\t\t\t\t\t\t\t\t\t<p><strong>LIFE Project<\/strong><\/p>\n<p>The LIFE Ebro Resilience P1 Project (LIFE20 ENV\/ES\/00327), approved by the European Commission in the LIFE 2020 call, covers three autonomous communities (La Rioja, Navarra and Arag\u00f3n), has a duration of 6 years and a total budget of 13,310,350 \u20ac, with 55% European funding.<\/p>\n<p>This Project is also an example of institutional coordination and cooperation in the intervention section, being its partners the Ministry for Ecological Transition and Demographic Challenge (MITECO), through its companies TRAGSA and TRAGSATEC; Ebro Hydrographic Confederation; Government of La Rioja; Government of Navarra, through Gesti\u00f3n Ambiental de Navarra, S.A. (GAN-NIK); Government of Arag\u00f3n and the Aragonese Water Institute.<\/p>\n\t\t\t\t\t\t\t\t<\/div>\n\t\t\t\t<\/div>\n\t\t\t\t\t<\/div>\n\t\t<\/div>\n\t\t\t\t\t<\/div>\n\t\t<\/section>\n\t\t\t\t<\/div>\n\t\t","protected":false},"excerpt":{"rendered":"<p>Gesti\u00f3n Ambiental de Navarra, through the technical management of the Government of Navarra, is working on the creation of wooded areas to recover a degraded space in front of the meander that will be recovered as a fluvial space.<\/p>\n","protected":false},"author":5,"featured_media":13478,"comment_status":"closed","ping_status":"closed","sticky":false,"template":"","format":"standard","meta":{"_acf_changed":false,"ngg_post_thumbnail":0,"footnotes":""},"categories":[377,369],"tags":[411,436,615,422,381,421,607],"class_list":["post-13492","post","type-post","status-publish","format-standard","has-post-thumbnail","hentry","category-life-en","category-news","tag-castejon-en","tag-el-senorio-en","tag-gan-nik-en","tag-government-of-navarra","tag-life-ebro-resilience-p1-en","tag-navarra-en","tag-restauracion-en"],"acf":[],"publishpress_future_action":{"enabled":false,"date":"2026-05-06 20:18:34","action":"change-status","newStatus":"draft","terms":[],"taxonomy":"category","extraData":[]},"publishpress_future_workflow_manual_trigger":{"enabledWorkflows":[]},"_links":{"self":[{"href":"https:\/\/www.ebroresilience.com\/en\/wp-json\/wp\/v2\/posts\/13492","targetHints":{"allow":["GET"]}}],"collection":[{"href":"https:\/\/www.ebroresilience.com\/en\/wp-json\/wp\/v2\/posts"}],"about":[{"href":"https:\/\/www.ebroresilience.com\/en\/wp-json\/wp\/v2\/types\/post"}],"author":[{"embeddable":true,"href":"https:\/\/www.ebroresilience.com\/en\/wp-json\/wp\/v2\/users\/5"}],"replies":[{"embeddable":true,"href":"https:\/\/www.ebroresilience.com\/en\/wp-json\/wp\/v2\/comments?post=13492"}],"version-history":[{"count":3,"href":"https:\/\/www.ebroresilience.com\/en\/wp-json\/wp\/v2\/posts\/13492\/revisions"}],"predecessor-version":[{"id":13495,"href":"https:\/\/www.ebroresilience.com\/en\/wp-json\/wp\/v2\/posts\/13492\/revisions\/13495"}],"wp:featuredmedia":[{"embeddable":true,"href":"https:\/\/www.ebroresilience.com\/en\/wp-json\/wp\/v2\/media\/13478"}],"wp:attachment":[{"href":"https:\/\/www.ebroresilience.com\/en\/wp-json\/wp\/v2\/media?parent=13492"}],"wp:term":[{"taxonomy":"category","embeddable":true,"href":"https:\/\/www.ebroresilience.com\/en\/wp-json\/wp\/v2\/categories?post=13492"},{"taxonomy":"post_tag","embeddable":true,"href":"https:\/\/www.ebroresilience.com\/en\/wp-json\/wp\/v2\/tags?post=13492"}],"curies":[{"name":"wp","href":"https:\/\/api.w.org\/{rel}","templated":true}]}}