{"id":13165,"date":"2025-01-30T08:08:18","date_gmt":"2025-01-30T07:08:18","guid":{"rendered":"https:\/\/www.ebroresilience.com\/when-the-river-recovers-its-space-informative-exhibition-of-the-ebro-resilience-actions\/"},"modified":"2025-01-30T13:58:32","modified_gmt":"2025-01-30T12:58:32","slug":"when-the-river-recovers-its-space-informative-exhibition-of-the-ebro-resilience-actions","status":"publish","type":"post","link":"https:\/\/www.ebroresilience.com\/en\/when-the-river-recovers-its-space-informative-exhibition-of-the-ebro-resilience-actions\/","title":{"rendered":"&#8220;When the river recovers its space&#8221;, informative exhibition of the Ebro Resilience actions."},"content":{"rendered":"\t\t<div data-elementor-type=\"wp-post\" data-elementor-id=\"13165\" class=\"elementor elementor-13165 elementor-13089\" data-elementor-post-type=\"post\">\n\t\t\t\t\t\t<section class=\"elementor-section elementor-top-section elementor-element elementor-element-3220378 elementor-section-boxed elementor-section-height-default elementor-section-height-default\" data-id=\"3220378\" data-element_type=\"section\" data-e-type=\"section\">\n\t\t\t\t\t\t<div class=\"elementor-container elementor-column-gap-default\">\n\t\t\t\t\t<div class=\"elementor-column elementor-col-100 elementor-top-column elementor-element elementor-element-b3270ba\" data-id=\"b3270ba\" data-element_type=\"column\" data-e-type=\"column\">\n\t\t\t<div class=\"elementor-widget-wrap elementor-element-populated\">\n\t\t\t\t\t\t<div class=\"elementor-element elementor-element-c312e63 elementor-widget elementor-widget-text-editor\" data-id=\"c312e63\" data-element_type=\"widget\" data-e-type=\"widget\" data-widget_type=\"text-editor.default\">\n\t\t\t\t<div class=\"elementor-widget-container\">\n\t\t\t\t\t\t\t\t\t<p>Del <strong>3 al 28 de febrero<\/strong> el Proyecto LIFE Ebro Resilience P1 organiza junto al <strong>Centro de Documentaci\u00f3n del Agua y Medio Ambiente (CDAMAZ)<\/strong> del Ayuntamiento de Zaragoza, el Paseo Echegaray y Caballero, n\u00ba18, la muestra <em>Cuando el r\u00edo recupera su espacio. Soluciones basadas en la naturaleza ante las inundaciones.<\/em><\/p><p>A trav\u00e9s de <strong>25 fotograf\u00edas<\/strong> (material cedido por la Confederaci\u00f3n Hidrogr\u00e1fica del Ebro, socia del Proyecto), <strong>3 paneles informativos<\/strong> y <strong>un puesto para dar a conocer el material audiovisual,<\/strong> se repasan intervenciones, acciones de participaci\u00f3n y propuestas de futuro.\u00a0<\/p><p>La entrada es <strong>gratuita<\/strong> y el horario de apertura es de\u00a0<strong>LUNES A VIERNES 9:30 a 20:30 horas y S\u00c1BADOS 9:30-13:00 horas<\/strong><\/p><p>El Proyecto cuenta con material fotogr\u00e1fico de gran calidad que, adem\u00e1s, explica a golpe de vista, la recuperaci\u00f3n del espacio fluvial, las tipolog\u00edas de intervenci\u00f3n, las propuestas de adaptaci\u00f3n, la recuperaci\u00f3n de ecosistemas\u2026<\/p><p>Desde la ya concluida adecuaci\u00f3n morfol\u00f3gica del meandro de La Roza, en Alfaro, La Rioja, que ya ha sido testada en crecidas del Ebro; hasta la reci\u00e9n iniciada adaptaci\u00f3n del tramo Osera de Ebro \u2013 Fuentes de Ebro, en Zaragoza, donde se quiere hacer convivir la actividad agr\u00edcola con las inevitables inundaciones que genera el Ebro en su tramo medio.\u00a0 \u00a0<\/p><p>Adem\u00e1s, como actividad divulgativa relacionada con la muestra, <strong>el pr\u00f3ximo 18 de febrero, a las 19 horas, se realizar\u00e1 una visita comentada y una charla con la misma tem\u00e1tica<\/strong> a cargo del coordinado del Proyecto LIFE Ebro Resilience P1 y t\u00e9cnico de la Confederaci\u00f3n Hidrogr\u00e1fica del Ebro, David Gargantilla.\u00a0<\/p>\t\t\t\t\t\t\t\t<\/div>\n\t\t\t\t<\/div>\n\t\t\t\t\t<\/div>\n\t\t<\/div>\n\t\t\t\t\t<\/div>\n\t\t<\/section>\n\t\t\t\t<section class=\"elementor-section elementor-top-section elementor-element elementor-element-16475f8 elementor-section-boxed elementor-section-height-default elementor-section-height-default\" data-id=\"16475f8\" data-element_type=\"section\" data-e-type=\"section\">\n\t\t\t\t\t\t<div class=\"elementor-container elementor-column-gap-default\">\n\t\t\t\t\t<div class=\"elementor-column elementor-col-100 elementor-top-column elementor-element elementor-element-6f45438\" data-id=\"6f45438\" data-element_type=\"column\" data-e-type=\"column\">\n\t\t\t<div class=\"elementor-widget-wrap elementor-element-populated\">\n\t\t\t\t\t\t<div class=\"elementor-element elementor-element-2d9188b elementor-widget elementor-widget-image\" data-id=\"2d9188b\" data-element_type=\"widget\" data-e-type=\"widget\" data-widget_type=\"image.default\">\n\t\t\t\t<div class=\"elementor-widget-container\">\n\t\t\t\t\t\t\t\t\t\t\t\t\t\t\t<img fetchpriority=\"high\" decoding=\"async\" width=\"768\" height=\"768\" src=\"https:\/\/www.ebroresilience.com\/wp-content\/uploads\/2025\/01\/POST-INSTAGRAM-PROYECTO-LIFE--768x768.png\" class=\"attachment-medium_large size-medium_large wp-image-13091\" alt=\"Cartel de la exposici\u00f3n &quot;Cuando el r\u00edo recupera su espacio&quot;\" srcset=\"https:\/\/www.ebroresilience.com\/wp-content\/uploads\/2025\/01\/POST-INSTAGRAM-PROYECTO-LIFE--768x768.png 768w, https:\/\/www.ebroresilience.com\/wp-content\/uploads\/2025\/01\/POST-INSTAGRAM-PROYECTO-LIFE--300x300.png 300w, https:\/\/www.ebroresilience.com\/wp-content\/uploads\/2025\/01\/POST-INSTAGRAM-PROYECTO-LIFE--1024x1024.png 1024w, https:\/\/www.ebroresilience.com\/wp-content\/uploads\/2025\/01\/POST-INSTAGRAM-PROYECTO-LIFE--150x150.png 150w, https:\/\/www.ebroresilience.com\/wp-content\/uploads\/2025\/01\/POST-INSTAGRAM-PROYECTO-LIFE--75x75.png 75w, https:\/\/www.ebroresilience.com\/wp-content\/uploads\/2025\/01\/POST-INSTAGRAM-PROYECTO-LIFE--480x480.png 480w, https:\/\/www.ebroresilience.com\/wp-content\/uploads\/2025\/01\/POST-INSTAGRAM-PROYECTO-LIFE-.png 1080w\" sizes=\"(max-width:767px) 480px, (max-width:768px) 100vw, 768px\" \/>\t\t\t\t\t\t\t\t\t\t\t\t\t\t\t<\/div>\n\t\t\t\t<\/div>\n\t\t\t\t\t<\/div>\n\t\t<\/div>\n\t\t\t\t\t<\/div>\n\t\t<\/section>\n\t\t\t\t<section class=\"elementor-section elementor-top-section elementor-element elementor-element-5979bc7 elementor-section-boxed elementor-section-height-default elementor-section-height-default\" data-id=\"5979bc7\" data-element_type=\"section\" data-e-type=\"section\">\n\t\t\t\t\t\t<div class=\"elementor-container elementor-column-gap-default\">\n\t\t\t\t\t<div class=\"elementor-column elementor-col-100 elementor-top-column elementor-element elementor-element-7ff0240\" data-id=\"7ff0240\" data-element_type=\"column\" data-e-type=\"column\">\n\t\t\t<div class=\"elementor-widget-wrap elementor-element-populated\">\n\t\t\t\t\t\t<div class=\"elementor-element elementor-element-6a7ae59 elementor-widget elementor-widget-text-editor\" data-id=\"6a7ae59\" data-element_type=\"widget\" data-e-type=\"widget\" data-widget_type=\"text-editor.default\">\n\t\t\t\t<div class=\"elementor-widget-container\">\n\t\t\t\t\t\t\t\t\t<p><strong>Temas<\/strong><\/p>\n<p>La muestra <strong>se articula en 5 bloques<\/strong> que recorren las zonas de intervenci\u00f3n, la evoluci\u00f3n de actuaciones, la participaci\u00f3n p\u00fablica y la coordinaci\u00f3n administrativa bajo estos ep\u00edgrafes:<\/p>\n<ul>\n<li><strong>Meandros que vuelven a ser parte del r\u00edo<\/strong><\/li>\n<li><strong>Seguir siendo ribere\u00f1o: la adaptaci\u00f3n es posible <\/strong><\/li>\n<li><strong>Tipolog\u00edas de intervenci\u00f3n <\/strong><\/li>\n<li><strong>Recuperar los ecosistemas y luchar contra las inundaciones <\/strong><\/li>\n<li><strong>Participaci\u00f3n real y efectiva <\/strong><\/li>\n<\/ul>\n<p>Adem\u00e1s, otros temas del Proyecto se tratan a trav\u00e9s de los v\u00eddeos divulgativos del Proyecto que est\u00e1n disponibles en el punto de visualizaci\u00f3n. Un total de 7 v\u00eddeos dedicados al meandro de La Roza, a las futuras zonas de amortiguaci\u00f3n de flujo lateral en el tramo Osera de Ebro &#8211; Fuentes de Ebro, los descensos interpretativos, los sotos ribere\u00f1os y las tipolog\u00edas de intervenci\u00f3n.&nbsp;<\/p>\t\t\t\t\t\t\t\t<\/div>\n\t\t\t\t<\/div>\n\t\t\t\t\t<\/div>\n\t\t<\/div>\n\t\t\t\t\t<\/div>\n\t\t<\/section>\n\t\t\t\t<section class=\"elementor-section elementor-top-section elementor-element elementor-element-58ff5ab elementor-section-boxed elementor-section-height-default elementor-section-height-default\" data-id=\"58ff5ab\" data-element_type=\"section\" data-e-type=\"section\">\n\t\t\t\t\t\t<div class=\"elementor-container elementor-column-gap-default\">\n\t\t\t\t\t<div class=\"elementor-column elementor-col-100 elementor-top-column elementor-element elementor-element-1e6a1e0\" data-id=\"1e6a1e0\" data-element_type=\"column\" data-e-type=\"column\">\n\t\t\t<div class=\"elementor-widget-wrap elementor-element-populated\">\n\t\t\t\t\t\t<div class=\"elementor-element elementor-element-b226c35 elementor-widget elementor-widget-video\" data-id=\"b226c35\" data-element_type=\"widget\" data-e-type=\"widget\" data-settings=\"{&quot;youtube_url&quot;:&quot;https:\\\/\\\/youtu.be\\\/FJBC3caT2OY?si=ZhAFxgdWddcQ6MdO&quot;,&quot;video_type&quot;:&quot;youtube&quot;,&quot;controls&quot;:&quot;yes&quot;}\" data-widget_type=\"video.default\">\n\t\t\t\t<div class=\"elementor-widget-container\">\n\t\t\t\t\t\t\t<div class=\"elementor-wrapper elementor-open-inline\">\n\t\t\t<div class=\"elementor-video\"><\/div>\t\t<\/div>\n\t\t\t\t\t\t<\/div>\n\t\t\t\t<\/div>\n\t\t\t\t\t<\/div>\n\t\t<\/div>\n\t\t\t\t\t<\/div>\n\t\t<\/section>\n\t\t\t\t<section class=\"elementor-section elementor-top-section elementor-element elementor-element-cb4a330 elementor-section-boxed elementor-section-height-default elementor-section-height-default\" data-id=\"cb4a330\" data-element_type=\"section\" data-e-type=\"section\">\n\t\t\t\t\t\t<div class=\"elementor-container elementor-column-gap-default\">\n\t\t\t\t\t<div class=\"elementor-column elementor-col-100 elementor-top-column elementor-element elementor-element-478506b\" data-id=\"478506b\" data-element_type=\"column\" data-e-type=\"column\">\n\t\t\t<div class=\"elementor-widget-wrap elementor-element-populated\">\n\t\t\t\t\t\t<div class=\"elementor-element elementor-element-be0286f elementor-widget elementor-widget-text-editor\" data-id=\"be0286f\" data-element_type=\"widget\" data-e-type=\"widget\" data-widget_type=\"text-editor.default\">\n\t\t\t\t<div class=\"elementor-widget-container\">\n\t\t\t\t\t\t\t\t\t<p><strong>D\u00eda Mundial de los Humedales <\/strong><\/p><p>Junto con las fotograf\u00edas y los v\u00eddeos, se incluyen tres paneles divulgativos dedicados a la informaci\u00f3n general del Proyecto, a la tipolog\u00eda de intervenciones en el recuperado meandro de La Roza, en Alfaro y por \u00faltimo, y coincidiendo la muestra con el D\u00eda Mundial de los Humedales, centrado en el papel beneficioso de las zonas h\u00famedas.<\/p><p>All\u00ed podr\u00e1n conocerse las funciones de los humedales, su vegetaci\u00f3n y fauna en la cuenca del Ebro y se explican las zonas h\u00famedas que se han creado durante el desarrollo de la Estrategia Ebro Resilience y el Proyecto LIFE Ebro Resilience P1.<\/p>\t\t\t\t\t\t\t\t<\/div>\n\t\t\t\t<\/div>\n\t\t\t\t\t<\/div>\n\t\t<\/div>\n\t\t\t\t\t<\/div>\n\t\t<\/section>\n\t\t\t\t<section class=\"elementor-section elementor-top-section elementor-element elementor-element-d4471a4 elementor-section-boxed elementor-section-height-default elementor-section-height-default\" data-id=\"d4471a4\" data-element_type=\"section\" data-e-type=\"section\">\n\t\t\t\t\t\t<div class=\"elementor-container elementor-column-gap-default\">\n\t\t\t\t\t<div class=\"elementor-column elementor-col-100 elementor-top-column elementor-element elementor-element-dfaa29e\" data-id=\"dfaa29e\" data-element_type=\"column\" data-e-type=\"column\">\n\t\t\t<div class=\"elementor-widget-wrap elementor-element-populated\">\n\t\t\t\t\t\t<div class=\"elementor-element elementor-element-64d0de4 elementor-widget elementor-widget-image\" data-id=\"64d0de4\" data-element_type=\"widget\" data-e-type=\"widget\" data-widget_type=\"image.default\">\n\t\t\t\t<div class=\"elementor-widget-container\">\n\t\t\t\t\t\t\t\t\t\t\t\t\t\t\t<img decoding=\"async\" width=\"768\" height=\"1082\" src=\"https:\/\/www.ebroresilience.com\/wp-content\/uploads\/2025\/01\/humedales-768x1082.jpg\" class=\"attachment-medium_large size-medium_large wp-image-13100\" alt=\"\" srcset=\"https:\/\/www.ebroresilience.com\/wp-content\/uploads\/2025\/01\/humedales-768x1082.jpg 768w, https:\/\/www.ebroresilience.com\/wp-content\/uploads\/2025\/01\/humedales-213x300.jpg 213w, https:\/\/www.ebroresilience.com\/wp-content\/uploads\/2025\/01\/humedales-727x1024.jpg 727w, https:\/\/www.ebroresilience.com\/wp-content\/uploads\/2025\/01\/humedales-1090x1536.jpg 1090w, https:\/\/www.ebroresilience.com\/wp-content\/uploads\/2025\/01\/humedales-53x75.jpg 53w, https:\/\/www.ebroresilience.com\/wp-content\/uploads\/2025\/01\/humedales-480x677.jpg 480w, https:\/\/www.ebroresilience.com\/wp-content\/uploads\/2025\/01\/humedales.jpg 1121w\" sizes=\"(max-width:767px) 480px, (max-width:768px) 100vw, 768px\" \/>\t\t\t\t\t\t\t\t\t\t\t\t\t\t\t<\/div>\n\t\t\t\t<\/div>\n\t\t\t\t\t<\/div>\n\t\t<\/div>\n\t\t\t\t\t<\/div>\n\t\t<\/section>\n\t\t\t\t<\/div>\n\t\t","protected":false},"excerpt":{"rendered":"<p>From February 3 to 28 and with the help of the Water and Environment Documentation Center of Zaragoza, we organize this informative exhibition on nature-based solutions to floods.  <\/p>\n","protected":false},"author":5,"featured_media":13096,"comment_status":"closed","ping_status":"closed","sticky":false,"template":"","format":"standard","meta":{"_acf_changed":false,"ngg_post_thumbnail":0,"footnotes":""},"categories":[377,369],"tags":[388,387,378,627,398,381,503],"class_list":["post-13165","post","type-post","status-publish","format-standard","has-post-thumbnail","hentry","category-life-en","category-news","tag-che-en","tag-ebro-en","tag-ebro-resilience-en","tag-exhibition","tag-flood","tag-life-ebro-resilience-p1-en","tag-river-area"],"acf":[],"publishpress_future_action":{"enabled":false,"date":"2026-05-07 18:29:29","action":"change-status","newStatus":"draft","terms":[],"taxonomy":"category","extraData":[]},"publishpress_future_workflow_manual_trigger":{"enabledWorkflows":[]},"_links":{"self":[{"href":"https:\/\/www.ebroresilience.com\/en\/wp-json\/wp\/v2\/posts\/13165","targetHints":{"allow":["GET"]}}],"collection":[{"href":"https:\/\/www.ebroresilience.com\/en\/wp-json\/wp\/v2\/posts"}],"about":[{"href":"https:\/\/www.ebroresilience.com\/en\/wp-json\/wp\/v2\/types\/post"}],"author":[{"embeddable":true,"href":"https:\/\/www.ebroresilience.com\/en\/wp-json\/wp\/v2\/users\/5"}],"replies":[{"embeddable":true,"href":"https:\/\/www.ebroresilience.com\/en\/wp-json\/wp\/v2\/comments?post=13165"}],"version-history":[{"count":1,"href":"https:\/\/www.ebroresilience.com\/en\/wp-json\/wp\/v2\/posts\/13165\/revisions"}],"predecessor-version":[{"id":13166,"href":"https:\/\/www.ebroresilience.com\/en\/wp-json\/wp\/v2\/posts\/13165\/revisions\/13166"}],"wp:featuredmedia":[{"embeddable":true,"href":"https:\/\/www.ebroresilience.com\/en\/wp-json\/wp\/v2\/media\/13096"}],"wp:attachment":[{"href":"https:\/\/www.ebroresilience.com\/en\/wp-json\/wp\/v2\/media?parent=13165"}],"wp:term":[{"taxonomy":"category","embeddable":true,"href":"https:\/\/www.ebroresilience.com\/en\/wp-json\/wp\/v2\/categories?post=13165"},{"taxonomy":"post_tag","embeddable":true,"href":"https:\/\/www.ebroresilience.com\/en\/wp-json\/wp\/v2\/tags?post=13165"}],"curies":[{"name":"wp","href":"https:\/\/api.w.org\/{rel}","templated":true}]}}