{"id":13163,"date":"2025-01-31T08:20:00","date_gmt":"2025-01-31T07:20:00","guid":{"rendered":"https:\/\/www.ebroresilience.com\/?p=13163"},"modified":"2025-02-03T08:55:53","modified_gmt":"2025-02-03T07:55:53","slug":"plantations-in-soto-de-alfaro-last-milestone-to-recover-the-functionality-of-the-meander","status":"publish","type":"post","link":"https:\/\/www.ebroresilience.com\/en\/plantations-in-soto-de-alfaro-last-milestone-to-recover-the-functionality-of-the-meander\/","title":{"rendered":"Plantations in Soto de Alfaro, last milestone to recover the functionality of the meander"},"content":{"rendered":"\t\t<div data-elementor-type=\"wp-post\" data-elementor-id=\"13163\" class=\"elementor elementor-13163 elementor-13138\" data-elementor-post-type=\"post\">\n\t\t\t\t\t\t<section class=\"elementor-section elementor-top-section elementor-element elementor-element-23d12d7 elementor-section-boxed elementor-section-height-default elementor-section-height-default\" data-id=\"23d12d7\" data-element_type=\"section\" data-e-type=\"section\">\n\t\t\t\t\t\t<div class=\"elementor-container elementor-column-gap-default\">\n\t\t\t\t\t<div class=\"elementor-column elementor-col-100 elementor-top-column elementor-element elementor-element-1e91133\" data-id=\"1e91133\" data-element_type=\"column\" data-e-type=\"column\">\n\t\t\t<div class=\"elementor-widget-wrap elementor-element-populated\">\n\t\t\t\t\t\t<div class=\"elementor-element elementor-element-8680d04 elementor-widget elementor-widget-text-editor\" data-id=\"8680d04\" data-element_type=\"widget\" data-e-type=\"widget\" data-widget_type=\"text-editor.default\">\n\t\t\t\t<div class=\"elementor-widget-container\">\n\t\t\t\t\t\t\t\t\t<p>El Proyecto LIFE Ebro Resilience P1 ha realizado este mes de enero las plantaciones en el meandro del Soto de Alfaro, en esta localidad de La Rioja. Con ello se cierran los trabajos para recuperaci\u00f3n de la funcionalidad del meandro, reabriendo los antiguos brazos de r\u00edo. Se trata de un ejemplo de aplicaci\u00f3n de <strong>soluciones basadas en la naturaleza<\/strong> para minorar el riesgo de inundaci\u00f3n.<\/p><p>Esta intervenci\u00f3n cumple con el <strong>objetivo medioambiental<\/strong>, recuperando la conexi\u00f3n con el r\u00edo y, por tanto, la irrigaci\u00f3n del soto y con el <strong>objetivo de reducir el impacto de las crecidas del Ebro,<\/strong> al sumar el meandro como espacio fluvial.<\/p><p>Los brazos recuperados, en un espacio de 60 hect\u00e1reas, <strong>actuar\u00e1n como v\u00edas de irrigaci\u00f3n del soto: permitir\u00e1 que los caudales del Ebro entren al soto con crecidas de 800 m<sup>3<\/sup>\/s y no con los 1.200 m<sup>3<\/sup>\/s <\/strong>que son necesarios ahora, haciendo m\u00e1s efectivo el efecto positivo del espacio fluvial y de llanura de inundaci\u00f3n y reduciendo los estrechamientos y los efectos de erosi\u00f3n en el tramo.<\/p>\t\t\t\t\t\t\t\t<\/div>\n\t\t\t\t<\/div>\n\t\t\t\t\t<\/div>\n\t\t<\/div>\n\t\t\t\t\t<\/div>\n\t\t<\/section>\n\t\t\t\t<section class=\"elementor-section elementor-top-section elementor-element elementor-element-b078071 elementor-section-boxed elementor-section-height-default elementor-section-height-default\" data-id=\"b078071\" data-element_type=\"section\" data-e-type=\"section\">\n\t\t\t\t\t\t<div class=\"elementor-container elementor-column-gap-default\">\n\t\t\t\t\t<div class=\"elementor-column elementor-col-100 elementor-top-column elementor-element elementor-element-b734869\" data-id=\"b734869\" data-element_type=\"column\" data-e-type=\"column\">\n\t\t\t<div class=\"elementor-widget-wrap elementor-element-populated\">\n\t\t\t\t\t\t<div class=\"elementor-element elementor-element-7fd603f elementor-widget elementor-widget-image\" data-id=\"7fd603f\" data-element_type=\"widget\" data-e-type=\"widget\" data-widget_type=\"image.default\">\n\t\t\t\t<div class=\"elementor-widget-container\">\n\t\t\t\t\t\t\t\t\t\t\t\t\t\t\t<img fetchpriority=\"high\" decoding=\"async\" width=\"1024\" height=\"441\" src=\"https:\/\/www.ebroresilience.com\/wp-content\/uploads\/2025\/01\/soto-de-Alfaro-brazos-recuperados-1024x441.jpg\" class=\"attachment-large size-large wp-image-13143\" alt=\"Soto de Alfaro arms recovered to improve the functionality of the meander. Image during the floods of December 2024.\" srcset=\"https:\/\/www.ebroresilience.com\/wp-content\/uploads\/2025\/01\/soto-de-Alfaro-brazos-recuperados-1024x441.jpg 1024w, https:\/\/www.ebroresilience.com\/wp-content\/uploads\/2025\/01\/soto-de-Alfaro-brazos-recuperados-300x129.jpg 300w, https:\/\/www.ebroresilience.com\/wp-content\/uploads\/2025\/01\/soto-de-Alfaro-brazos-recuperados-768x330.jpg 768w, https:\/\/www.ebroresilience.com\/wp-content\/uploads\/2025\/01\/soto-de-Alfaro-brazos-recuperados-1536x661.jpg 1536w, https:\/\/www.ebroresilience.com\/wp-content\/uploads\/2025\/01\/soto-de-Alfaro-brazos-recuperados-2048x881.jpg 2048w, https:\/\/www.ebroresilience.com\/wp-content\/uploads\/2025\/01\/soto-de-Alfaro-brazos-recuperados-150x65.jpg 150w, https:\/\/www.ebroresilience.com\/wp-content\/uploads\/2025\/01\/soto-de-Alfaro-brazos-recuperados-480x206.jpg 480w\" sizes=\"(max-width:767px) 480px, (max-width:1024px) 100vw, 1024px\" \/>\t\t\t\t\t\t\t\t\t\t\t\t\t\t\t<\/div>\n\t\t\t\t<\/div>\n\t\t\t\t\t<\/div>\n\t\t<\/div>\n\t\t\t\t\t<\/div>\n\t\t<\/section>\n\t\t\t\t<section class=\"elementor-section elementor-top-section elementor-element elementor-element-dc4a8df elementor-section-boxed elementor-section-height-default elementor-section-height-default\" data-id=\"dc4a8df\" data-element_type=\"section\" data-e-type=\"section\">\n\t\t\t\t\t\t<div class=\"elementor-container elementor-column-gap-default\">\n\t\t\t\t\t<div class=\"elementor-column elementor-col-100 elementor-top-column elementor-element elementor-element-754f9a8\" data-id=\"754f9a8\" data-element_type=\"column\" data-e-type=\"column\">\n\t\t\t<div class=\"elementor-widget-wrap elementor-element-populated\">\n\t\t\t\t\t\t<div class=\"elementor-element elementor-element-20e25c2 elementor-widget elementor-widget-text-editor\" data-id=\"20e25c2\" data-element_type=\"widget\" data-e-type=\"widget\" data-widget_type=\"text-editor.default\">\n\t\t\t\t<div class=\"elementor-widget-container\">\n\t\t\t\t\t\t\t\t\t<p>La plantaci\u00f3n se ha realizado con una disposici\u00f3n en bosquetes, que imita la forma natural de evoluci\u00f3n del soto. Se han introducido ejemplares de tamariz (1.000 unidades); majuelo o espino albar, Crataegus monogyna (120 unidades); fresno, Fraxinus angustidolia (20 unidades) y sauces, Salix alba (35 unidades).<\/p><p>La actuaci\u00f3n se ha ejecutado en dos fases, con un par\u00f3n durante la \u00e9poca estival para cumplir con el condicionado medioambiental:<\/p><ul><li>Entre mayo y junio de 2024 se realizaron los primeros trabajos en los terrenos del meandro que permit\u00eda la normativa ambiental, en los que no se preve\u00edan afecciones a la \u00e9poca de cr\u00eda de especies, que no contaban con vegetaci\u00f3n arb\u00f3rea de inter\u00e9s y que son los ocupados antiguamente por una explotaci\u00f3n de \u00e1ridos.\u00a0<\/li><li><strong>La segunda fase se acometi\u00f3 a partir del oto\u00f1o, fuera de per\u00edodos de cr\u00eda de las especies presentes<\/strong> en los bosques de ribera conservados en el meandro<\/li><\/ul>\t\t\t\t\t\t\t\t<\/div>\n\t\t\t\t<\/div>\n\t\t\t\t\t<\/div>\n\t\t<\/div>\n\t\t\t\t\t<\/div>\n\t\t<\/section>\n\t\t\t\t<section class=\"elementor-section elementor-top-section elementor-element elementor-element-93bb63b elementor-section-boxed elementor-section-height-default elementor-section-height-default\" data-id=\"93bb63b\" data-element_type=\"section\" data-e-type=\"section\">\n\t\t\t\t\t\t<div class=\"elementor-container elementor-column-gap-default\">\n\t\t\t\t\t<div class=\"elementor-column elementor-col-100 elementor-top-column elementor-element elementor-element-b7a4a69\" data-id=\"b7a4a69\" data-element_type=\"column\" data-e-type=\"column\">\n\t\t\t<div class=\"elementor-widget-wrap elementor-element-populated\">\n\t\t\t\t\t\t<div class=\"elementor-element elementor-element-4e5a7f5 elementor-widget elementor-widget-image\" data-id=\"4e5a7f5\" data-element_type=\"widget\" data-e-type=\"widget\" data-widget_type=\"image.default\">\n\t\t\t\t<div class=\"elementor-widget-container\">\n\t\t\t\t\t\t\t\t\t\t\t\t\t\t\t<img decoding=\"async\" width=\"1024\" height=\"684\" src=\"https:\/\/www.ebroresilience.com\/wp-content\/uploads\/2025\/01\/SOTO-ALFARO-PLANTACION_14-1024x684.jpg\" class=\"attachment-large size-large wp-image-13147\" alt=\"Plantaciones en el Soto de Alfaro, La Rioja. Operario\" srcset=\"https:\/\/www.ebroresilience.com\/wp-content\/uploads\/2025\/01\/SOTO-ALFARO-PLANTACION_14-1024x684.jpg 1024w, https:\/\/www.ebroresilience.com\/wp-content\/uploads\/2025\/01\/SOTO-ALFARO-PLANTACION_14-300x200.jpg 300w, https:\/\/www.ebroresilience.com\/wp-content\/uploads\/2025\/01\/SOTO-ALFARO-PLANTACION_14-768x513.jpg 768w, https:\/\/www.ebroresilience.com\/wp-content\/uploads\/2025\/01\/SOTO-ALFARO-PLANTACION_14-1536x1026.jpg 1536w, https:\/\/www.ebroresilience.com\/wp-content\/uploads\/2025\/01\/SOTO-ALFARO-PLANTACION_14-2048x1368.jpg 2048w, https:\/\/www.ebroresilience.com\/wp-content\/uploads\/2025\/01\/SOTO-ALFARO-PLANTACION_14-112x75.jpg 112w, https:\/\/www.ebroresilience.com\/wp-content\/uploads\/2025\/01\/SOTO-ALFARO-PLANTACION_14-480x321.jpg 480w\" sizes=\"(max-width:767px) 480px, (max-width:1024px) 100vw, 1024px\" \/>\t\t\t\t\t\t\t\t\t\t\t\t\t\t\t<\/div>\n\t\t\t\t<\/div>\n\t\t\t\t\t<\/div>\n\t\t<\/div>\n\t\t\t\t\t<\/div>\n\t\t<\/section>\n\t\t\t\t<section class=\"elementor-section elementor-top-section elementor-element elementor-element-3f2d0ec elementor-section-boxed elementor-section-height-default elementor-section-height-default\" data-id=\"3f2d0ec\" data-element_type=\"section\" data-e-type=\"section\">\n\t\t\t\t\t\t<div class=\"elementor-container elementor-column-gap-default\">\n\t\t\t\t\t<div class=\"elementor-column elementor-col-100 elementor-top-column elementor-element elementor-element-633a94a\" data-id=\"633a94a\" data-element_type=\"column\" data-e-type=\"column\">\n\t\t\t<div class=\"elementor-widget-wrap elementor-element-populated\">\n\t\t\t\t\t\t<div class=\"elementor-element elementor-element-933e627 elementor-widget elementor-widget-text-editor\" data-id=\"933e627\" data-element_type=\"widget\" data-e-type=\"widget\" data-widget_type=\"text-editor.default\">\n\t\t\t\t<div class=\"elementor-widget-container\">\n\t\t\t\t\t\t\t\t\t<p><strong><u>Participaci\u00f3n p\u00fablica <\/u><\/strong><\/p><p>La <strong>participaci\u00f3n p\u00fablica<\/strong>, el intercambio de ideas, el an\u00e1lisis y los canales de informaci\u00f3n son algo intr\u00ednseco en el proyecto, durante toda la fase de definici\u00f3n de esta actuaci\u00f3n, los interesados han podido plantear posibles dudas, realizar propuestas y han recibido informaci\u00f3n sobre esta tipolog\u00eda de acci\u00f3n.<\/p><p>Una vez iniciada la obra en su primera fase, en junio se invit\u00f3 a visitar el soto a todos los integrantes de espacios de participaci\u00f3n del LIFE Ebro Resilience P1, tanto las personas que se han involucrado en los tres grupos de co-creaci\u00f3n de la zona, que unen a partes interesadas y t\u00e9cnicos del proyecto, como a las que forman el grupo de transformaci\u00f3n del conflicto.<\/p><p>Las personas que se apuntaron a esta experiencia, recorrieron el \u00e1mbito de actuaci\u00f3n que abarca un espacio de 60 hect\u00e1reas, resolvieron dudas y plantearon ideas sobre esta tipolog\u00eda de intervenci\u00f3n.<\/p>\t\t\t\t\t\t\t\t<\/div>\n\t\t\t\t<\/div>\n\t\t\t\t\t<\/div>\n\t\t<\/div>\n\t\t\t\t\t<\/div>\n\t\t<\/section>\n\t\t\t\t<section class=\"elementor-section elementor-top-section elementor-element elementor-element-da1195b elementor-section-boxed elementor-section-height-default elementor-section-height-default\" data-id=\"da1195b\" data-element_type=\"section\" data-e-type=\"section\">\n\t\t\t\t\t\t<div class=\"elementor-container elementor-column-gap-default\">\n\t\t\t\t\t<div class=\"elementor-column elementor-col-100 elementor-top-column elementor-element elementor-element-785ef8f\" data-id=\"785ef8f\" data-element_type=\"column\" data-e-type=\"column\">\n\t\t\t<div class=\"elementor-widget-wrap elementor-element-populated\">\n\t\t\t\t\t\t<div class=\"elementor-element elementor-element-c9249ac elementor-widget elementor-widget-image\" data-id=\"c9249ac\" data-element_type=\"widget\" data-e-type=\"widget\" data-widget_type=\"image.default\">\n\t\t\t\t<div class=\"elementor-widget-container\">\n\t\t\t\t\t\t\t\t\t\t\t\t\t\t\t<img decoding=\"async\" width=\"1024\" height=\"684\" src=\"https:\/\/www.ebroresilience.com\/wp-content\/uploads\/2024\/06\/plano-de-interevencion-2-copia-1024x684.jpeg\" class=\"attachment-large size-large wp-image-11756\" alt=\"Visita a la obra de recuperaci\u00f3n de antiguos brazos de r\u00edo en el Soto de Alfaro por parte de los integrantes de los espacios de participaci\u00f3n del proyecto LIFE Ebro Resilience P1\" srcset=\"https:\/\/www.ebroresilience.com\/wp-content\/uploads\/2024\/06\/plano-de-interevencion-2-copia-1024x684.jpeg 1024w, https:\/\/www.ebroresilience.com\/wp-content\/uploads\/2024\/06\/plano-de-interevencion-2-copia-300x200.jpeg 300w, https:\/\/www.ebroresilience.com\/wp-content\/uploads\/2024\/06\/plano-de-interevencion-2-copia-768x513.jpeg 768w, https:\/\/www.ebroresilience.com\/wp-content\/uploads\/2024\/06\/plano-de-interevencion-2-copia-1536x1026.jpeg 1536w, https:\/\/www.ebroresilience.com\/wp-content\/uploads\/2024\/06\/plano-de-interevencion-2-copia-2048x1368.jpeg 2048w, https:\/\/www.ebroresilience.com\/wp-content\/uploads\/2024\/06\/plano-de-interevencion-2-copia-219x146.jpeg 219w, https:\/\/www.ebroresilience.com\/wp-content\/uploads\/2024\/06\/plano-de-interevencion-2-copia-50x33.jpeg 50w, https:\/\/www.ebroresilience.com\/wp-content\/uploads\/2024\/06\/plano-de-interevencion-2-copia-112x75.jpeg 112w\" sizes=\"(max-width:767px) 480px, (max-width:1024px) 100vw, 1024px\" \/>\t\t\t\t\t\t\t\t\t\t\t\t\t\t\t<\/div>\n\t\t\t\t<\/div>\n\t\t\t\t\t<\/div>\n\t\t<\/div>\n\t\t\t\t\t<\/div>\n\t\t<\/section>\n\t\t\t\t<\/div>\n\t\t","protected":false},"excerpt":{"rendered":"<p>&#8211; Completion of the reopening of old river branches to reconnect with the river, thus meeting the environmental objective and also reducing the impact of river flooding.  <\/p>\n","protected":false},"author":5,"featured_media":13140,"comment_status":"closed","ping_status":"closed","sticky":false,"template":"","format":"standard","meta":{"_acf_changed":false,"ngg_post_thumbnail":0,"footnotes":""},"categories":[377,369],"tags":[380,378,398,477,381,607,626],"class_list":["post-13163","post","type-post","status-publish","format-standard","has-post-thumbnail","hentry","category-life-en","category-news","tag-alfaro-en","tag-ebro-resilience-en","tag-flood","tag-groves","tag-life-ebro-resilience-p1-en","tag-restauracion-en","tag-soto-de-alfaro-en"],"acf":[],"publishpress_future_action":{"enabled":false,"date":"2026-05-06 23:58:32","action":"change-status","newStatus":"draft","terms":[],"taxonomy":"category","extraData":[]},"publishpress_future_workflow_manual_trigger":{"enabledWorkflows":[]},"_links":{"self":[{"href":"https:\/\/www.ebroresilience.com\/en\/wp-json\/wp\/v2\/posts\/13163","targetHints":{"allow":["GET"]}}],"collection":[{"href":"https:\/\/www.ebroresilience.com\/en\/wp-json\/wp\/v2\/posts"}],"about":[{"href":"https:\/\/www.ebroresilience.com\/en\/wp-json\/wp\/v2\/types\/post"}],"author":[{"embeddable":true,"href":"https:\/\/www.ebroresilience.com\/en\/wp-json\/wp\/v2\/users\/5"}],"replies":[{"embeddable":true,"href":"https:\/\/www.ebroresilience.com\/en\/wp-json\/wp\/v2\/comments?post=13163"}],"version-history":[{"count":1,"href":"https:\/\/www.ebroresilience.com\/en\/wp-json\/wp\/v2\/posts\/13163\/revisions"}],"predecessor-version":[{"id":13164,"href":"https:\/\/www.ebroresilience.com\/en\/wp-json\/wp\/v2\/posts\/13163\/revisions\/13164"}],"wp:featuredmedia":[{"embeddable":true,"href":"https:\/\/www.ebroresilience.com\/en\/wp-json\/wp\/v2\/media\/13140"}],"wp:attachment":[{"href":"https:\/\/www.ebroresilience.com\/en\/wp-json\/wp\/v2\/media?parent=13163"}],"wp:term":[{"taxonomy":"category","embeddable":true,"href":"https:\/\/www.ebroresilience.com\/en\/wp-json\/wp\/v2\/categories?post=13163"},{"taxonomy":"post_tag","embeddable":true,"href":"https:\/\/www.ebroresilience.com\/en\/wp-json\/wp\/v2\/tags?post=13163"}],"curies":[{"name":"wp","href":"https:\/\/api.w.org\/{rel}","templated":true}]}}