{"id":13159,"date":"2025-02-03T08:00:00","date_gmt":"2025-02-03T07:00:00","guid":{"rendered":"https:\/\/www.ebroresilience.com\/?p=13159"},"modified":"2025-02-03T08:55:18","modified_gmt":"2025-02-03T07:55:18","slug":"nature-makes-its-way-meander-of-la-roza-alfaro-one-year-later","status":"publish","type":"post","link":"https:\/\/www.ebroresilience.com\/en\/nature-makes-its-way-meander-of-la-roza-alfaro-one-year-later\/","title":{"rendered":"Nature makes its way: meander of La Roza, Alfaro, one year later"},"content":{"rendered":"\t\t<div data-elementor-type=\"wp-post\" data-elementor-id=\"13159\" class=\"elementor elementor-13159 elementor-13110\" data-elementor-post-type=\"post\">\n\t\t\t\t\t\t<section class=\"elementor-section elementor-top-section elementor-element elementor-element-60aa445 elementor-section-boxed elementor-section-height-default elementor-section-height-default\" data-id=\"60aa445\" data-element_type=\"section\" data-e-type=\"section\">\n\t\t\t\t\t\t<div class=\"elementor-container elementor-column-gap-default\">\n\t\t\t\t\t<div class=\"elementor-column elementor-col-100 elementor-top-column elementor-element elementor-element-039047b\" data-id=\"039047b\" data-element_type=\"column\" data-e-type=\"column\">\n\t\t\t<div class=\"elementor-widget-wrap elementor-element-populated\">\n\t\t\t\t\t\t<div class=\"elementor-element elementor-element-3ae367c elementor-widget elementor-widget-text-editor\" data-id=\"3ae367c\" data-element_type=\"widget\" data-e-type=\"widget\" data-widget_type=\"text-editor.default\">\n\t\t\t\t<div class=\"elementor-widget-container\">\n\t\t\t\t\t\t\t\t\t<p>El Proyecto LIFE Ebro Resilience P1ha editado un <a href=\"https:\/\/www.youtube.com\/watch?v=FJBC3caT2OY&amp;t=145s\" target=\"_blank\" rel=\"noopener\">nuevo v\u00eddeo divulgativo<\/a> que muestra el resultado de la adecuaci\u00f3n morfol\u00f3gica del meandro de La Roza, en Alfaro, La Rioja y la restauraci\u00f3n ambiental un a\u00f1o despu\u00e9s de la intervenci\u00f3n.<\/p><p>En un paseo por este espacio recuperado para el r\u00edo Ebro, integrado ya en la Red Natura 2000 \u201cSotos y Riberas del Ebro\u201d, se analiza con los t\u00e9cnicos de la Confederaci\u00f3n Hidrogr\u00e1fica del Ebro y el Gobierno de La Rioja las intervenciones realizadas y se muestra el efecto de estas acciones durante las \u00faltimas crecidas.<\/p><p>Con un recorrido visual de todo el proceso de intervenci\u00f3n, se explican las soluciones basadas en la naturaleza aplicadas para mitigar el riesgo de inundaci\u00f3n en el tramo y para, a su vez, apostar por la recuperaci\u00f3n de los ecosistemas fluviales.<\/p>\t\t\t\t\t\t\t\t<\/div>\n\t\t\t\t<\/div>\n\t\t\t\t\t<\/div>\n\t\t<\/div>\n\t\t\t\t\t<\/div>\n\t\t<\/section>\n\t\t\t\t<section class=\"elementor-section elementor-top-section elementor-element elementor-element-baffc0b elementor-section-boxed elementor-section-height-default elementor-section-height-default\" data-id=\"baffc0b\" data-element_type=\"section\" data-e-type=\"section\">\n\t\t\t\t\t\t<div class=\"elementor-container elementor-column-gap-default\">\n\t\t\t\t\t<div class=\"elementor-column elementor-col-50 elementor-top-column elementor-element elementor-element-96f7d91\" data-id=\"96f7d91\" data-element_type=\"column\" data-e-type=\"column\">\n\t\t\t<div class=\"elementor-widget-wrap elementor-element-populated\">\n\t\t\t\t\t\t<div class=\"elementor-element elementor-element-ac9869c elementor-widget elementor-widget-image\" data-id=\"ac9869c\" data-element_type=\"widget\" data-e-type=\"widget\" data-widget_type=\"image.default\">\n\t\t\t\t<div class=\"elementor-widget-container\">\n\t\t\t\t\t\t\t\t\t\t\t\t\t\t\t<img fetchpriority=\"high\" decoding=\"async\" width=\"1024\" height=\"559\" src=\"https:\/\/www.ebroresilience.com\/wp-content\/uploads\/2025\/01\/La-roza-1024x559.jpg\" class=\"attachment-large size-large wp-image-13113\" alt=\"Pantallazo v\u00eddeo La Roza, un a\u00f1o despu\u00e9s: vista durante las obras de retranqueo de la mota\" srcset=\"https:\/\/www.ebroresilience.com\/wp-content\/uploads\/2025\/01\/La-roza-1024x559.jpg 1024w, https:\/\/www.ebroresilience.com\/wp-content\/uploads\/2025\/01\/La-roza-300x164.jpg 300w, https:\/\/www.ebroresilience.com\/wp-content\/uploads\/2025\/01\/La-roza-768x420.jpg 768w, https:\/\/www.ebroresilience.com\/wp-content\/uploads\/2025\/01\/La-roza-137x75.jpg 137w, https:\/\/www.ebroresilience.com\/wp-content\/uploads\/2025\/01\/La-roza-480x262.jpg 480w, https:\/\/www.ebroresilience.com\/wp-content\/uploads\/2025\/01\/La-roza.jpg 1263w\" sizes=\"(max-width:767px) 480px, (max-width:1024px) 100vw, 1024px\" \/>\t\t\t\t\t\t\t\t\t\t\t\t\t\t\t<\/div>\n\t\t\t\t<\/div>\n\t\t\t\t\t<\/div>\n\t\t<\/div>\n\t\t\t\t<div class=\"elementor-column elementor-col-50 elementor-top-column elementor-element elementor-element-41cf29b\" data-id=\"41cf29b\" data-element_type=\"column\" data-e-type=\"column\">\n\t\t\t<div class=\"elementor-widget-wrap elementor-element-populated\">\n\t\t\t\t\t\t<div class=\"elementor-element elementor-element-ce174b5 elementor-widget elementor-widget-image\" data-id=\"ce174b5\" data-element_type=\"widget\" data-e-type=\"widget\" data-widget_type=\"image.default\">\n\t\t\t\t<div class=\"elementor-widget-container\">\n\t\t\t\t\t\t\t\t\t\t\t\t\t\t\t<img decoding=\"async\" width=\"1024\" height=\"564\" src=\"https:\/\/www.ebroresilience.com\/wp-content\/uploads\/2025\/01\/La-roza-2-1024x564.jpg\" class=\"attachment-large size-large wp-image-13115\" alt=\"Pantallazo v\u00eddeo La Roza, un a\u00f1o despu\u00e9s: vista del espacio renaturalizado\" srcset=\"https:\/\/www.ebroresilience.com\/wp-content\/uploads\/2025\/01\/La-roza-2-1024x564.jpg 1024w, https:\/\/www.ebroresilience.com\/wp-content\/uploads\/2025\/01\/La-roza-2-300x165.jpg 300w, https:\/\/www.ebroresilience.com\/wp-content\/uploads\/2025\/01\/La-roza-2-768x423.jpg 768w, https:\/\/www.ebroresilience.com\/wp-content\/uploads\/2025\/01\/La-roza-2-136x75.jpg 136w, https:\/\/www.ebroresilience.com\/wp-content\/uploads\/2025\/01\/La-roza-2-480x265.jpg 480w, https:\/\/www.ebroresilience.com\/wp-content\/uploads\/2025\/01\/La-roza-2.jpg 1223w\" sizes=\"(max-width:767px) 480px, (max-width:1024px) 100vw, 1024px\" \/>\t\t\t\t\t\t\t\t\t\t\t\t\t\t\t<\/div>\n\t\t\t\t<\/div>\n\t\t\t\t\t<\/div>\n\t\t<\/div>\n\t\t\t\t\t<\/div>\n\t\t<\/section>\n\t\t\t\t<section class=\"elementor-section elementor-top-section elementor-element elementor-element-b79f51a elementor-section-boxed elementor-section-height-default elementor-section-height-default\" data-id=\"b79f51a\" data-element_type=\"section\" data-e-type=\"section\">\n\t\t\t\t\t\t<div class=\"elementor-container elementor-column-gap-default\">\n\t\t\t\t\t<div class=\"elementor-column elementor-col-100 elementor-top-column elementor-element elementor-element-2ef7381\" data-id=\"2ef7381\" data-element_type=\"column\" data-e-type=\"column\">\n\t\t\t<div class=\"elementor-widget-wrap elementor-element-populated\">\n\t\t\t\t\t\t<div class=\"elementor-element elementor-element-e0fff94 elementor-widget elementor-widget-text-editor\" data-id=\"e0fff94\" data-element_type=\"widget\" data-e-type=\"widget\" data-widget_type=\"text-editor.default\">\n\t\t\t\t<div class=\"elementor-widget-container\">\n\t\t\t\t\t\t\t\t\t<p>Esto se concreta en distintas acciones que sumadas permiten su integraci\u00f3n con el r\u00edo, devuelven la din\u00e1mica fluvial, reducen los estrechamientos: un retranqueo de defensa, la creaci\u00f3n de un cauce de alivio, la reapertura de antiguos brazos de r\u00edo, la eliminaci\u00f3n de flora invasora&#8230;<\/p><p>La intervenci\u00f3n se integra en el tramo combinado de actuaciones, una serie de medidas de mitigaci\u00f3n que juntas tienen un beneficio general y que incluye el proyecto previsto en el meandro de El Se\u00f1or\u00edo, en Castej\u00f3n, Navarra y la actuaci\u00f3n de restauraci\u00f3n en el Soto de Alfaro<\/p>\t\t\t\t\t\t\t\t<\/div>\n\t\t\t\t<\/div>\n\t\t\t\t\t<\/div>\n\t\t<\/div>\n\t\t\t\t\t<\/div>\n\t\t<\/section>\n\t\t\t\t<section class=\"elementor-section elementor-top-section elementor-element elementor-element-a16c7ad elementor-section-boxed elementor-section-height-default elementor-section-height-default\" data-id=\"a16c7ad\" data-element_type=\"section\" data-e-type=\"section\">\n\t\t\t\t\t\t<div class=\"elementor-container elementor-column-gap-default\">\n\t\t\t\t\t<div class=\"elementor-column elementor-col-100 elementor-top-column elementor-element elementor-element-5cf3bb7\" data-id=\"5cf3bb7\" data-element_type=\"column\" data-e-type=\"column\">\n\t\t\t<div class=\"elementor-widget-wrap elementor-element-populated\">\n\t\t\t\t\t\t<div class=\"elementor-element elementor-element-b57b9ac elementor-widget elementor-widget-video\" data-id=\"b57b9ac\" data-element_type=\"widget\" data-e-type=\"widget\" data-settings=\"{&quot;youtube_url&quot;:&quot;https:\\\/\\\/www.youtube.com\\\/watch?v=FJBC3caT2OY&amp;t=145s&quot;,&quot;video_type&quot;:&quot;youtube&quot;,&quot;controls&quot;:&quot;yes&quot;}\" data-widget_type=\"video.default\">\n\t\t\t\t<div class=\"elementor-widget-container\">\n\t\t\t\t\t\t\t<div class=\"elementor-wrapper elementor-open-inline\">\n\t\t\t<div class=\"elementor-video\"><\/div>\t\t<\/div>\n\t\t\t\t\t\t<\/div>\n\t\t\t\t<\/div>\n\t\t\t\t\t<\/div>\n\t\t<\/div>\n\t\t\t\t\t<\/div>\n\t\t<\/section>\n\t\t\t\t<\/div>\n\t\t","protected":false},"excerpt":{"rendered":"<p>The new video of the LIFE Ebro Resilience P1 Project shows the space recovered for the river, analyzes with the technicians of the CHE and the Government of La Rioja the interventions carried out and shows the effect of these actions during the last floods.  <\/p>\n","protected":false},"author":5,"featured_media":12952,"comment_status":"closed","ping_status":"closed","sticky":false,"template":"","format":"standard","meta":{"_acf_changed":false,"ngg_post_thumbnail":0,"footnotes":""},"categories":[377,369],"tags":[380,452,381],"class_list":["post-13159","post","type-post","status-publish","format-standard","has-post-thumbnail","hentry","category-life-en","category-news","tag-alfaro-en","tag-la-roza-en","tag-life-ebro-resilience-p1-en"],"acf":[],"publishpress_future_action":{"enabled":false,"date":"2026-05-07 03:08:02","action":"change-status","newStatus":"draft","terms":[],"taxonomy":"category","extraData":[]},"publishpress_future_workflow_manual_trigger":{"enabledWorkflows":[]},"_links":{"self":[{"href":"https:\/\/www.ebroresilience.com\/en\/wp-json\/wp\/v2\/posts\/13159","targetHints":{"allow":["GET"]}}],"collection":[{"href":"https:\/\/www.ebroresilience.com\/en\/wp-json\/wp\/v2\/posts"}],"about":[{"href":"https:\/\/www.ebroresilience.com\/en\/wp-json\/wp\/v2\/types\/post"}],"author":[{"embeddable":true,"href":"https:\/\/www.ebroresilience.com\/en\/wp-json\/wp\/v2\/users\/5"}],"replies":[{"embeddable":true,"href":"https:\/\/www.ebroresilience.com\/en\/wp-json\/wp\/v2\/comments?post=13159"}],"version-history":[{"count":1,"href":"https:\/\/www.ebroresilience.com\/en\/wp-json\/wp\/v2\/posts\/13159\/revisions"}],"predecessor-version":[{"id":13161,"href":"https:\/\/www.ebroresilience.com\/en\/wp-json\/wp\/v2\/posts\/13159\/revisions\/13161"}],"wp:featuredmedia":[{"embeddable":true,"href":"https:\/\/www.ebroresilience.com\/en\/wp-json\/wp\/v2\/media\/12952"}],"wp:attachment":[{"href":"https:\/\/www.ebroresilience.com\/en\/wp-json\/wp\/v2\/media?parent=13159"}],"wp:term":[{"taxonomy":"category","embeddable":true,"href":"https:\/\/www.ebroresilience.com\/en\/wp-json\/wp\/v2\/categories?post=13159"},{"taxonomy":"post_tag","embeddable":true,"href":"https:\/\/www.ebroresilience.com\/en\/wp-json\/wp\/v2\/tags?post=13159"}],"curies":[{"name":"wp","href":"https:\/\/api.w.org\/{rel}","templated":true}]}}