{"id":12780,"date":"2024-11-28T13:50:16","date_gmt":"2024-11-28T12:50:16","guid":{"rendered":"https:\/\/www.ebroresilience.com\/the-second-phase-of-the-adaptation-of-the-irrigation-infrastructure-in-fuentes-de-ebro-zaragoza-begins\/"},"modified":"2024-11-28T13:54:00","modified_gmt":"2024-11-28T12:54:00","slug":"the-second-phase-of-the-adaptation-of-the-irrigation-infrastructure-in-fuentes-de-ebro-zaragoza-begins","status":"publish","type":"post","link":"https:\/\/www.ebroresilience.com\/en\/the-second-phase-of-the-adaptation-of-the-irrigation-infrastructure-in-fuentes-de-ebro-zaragoza-begins\/","title":{"rendered":"The second phase of the adaptation of the irrigation infrastructure in Fuentes de Ebro (Zaragoza) begins."},"content":{"rendered":"\t\t<div data-elementor-type=\"wp-post\" data-elementor-id=\"12780\" class=\"elementor elementor-12780 elementor-12749\" data-elementor-post-type=\"post\">\n\t\t\t\t\t\t<section class=\"elementor-section elementor-top-section elementor-element elementor-element-bd6cec9 elementor-section-boxed elementor-section-height-default elementor-section-height-default\" data-id=\"bd6cec9\" data-element_type=\"section\" data-e-type=\"section\">\n\t\t\t\t\t\t<div class=\"elementor-container elementor-column-gap-default\">\n\t\t\t\t\t<div class=\"elementor-column elementor-col-100 elementor-top-column elementor-element elementor-element-bbf6672\" data-id=\"bbf6672\" data-element_type=\"column\" data-e-type=\"column\">\n\t\t\t<div class=\"elementor-widget-wrap elementor-element-populated\">\n\t\t\t\t\t\t<div class=\"elementor-element elementor-element-23c4073 elementor-widget elementor-widget-text-editor\" data-id=\"23c4073\" data-element_type=\"widget\" data-e-type=\"widget\" data-widget_type=\"text-editor.default\">\n\t\t\t\t<div class=\"elementor-widget-container\">\n\t\t\t\t\t\t\t\t\t<p>The LIFE Ebro Resilience P1 Project has started the second phase of the works for the adaptation to flood risk of the irrigation infrastructure of the Irrigation Community of the Huerta del Ebro, in Fuentes de Ebro (Zaragoza).<\/p>\n<p>This will complete the 2.3 kilometers of new pipeline that has been buried and moved away from the riverbed, in order to reduce the effects suffered during flooding episodes in the section.<\/p>\n<p>The intervention, which will last until next spring, has been programmed to avoid interference with the Community&#8217;s irrigation campaign.<\/p>\n<p>The first phase was completed in April 2024 and has been tested by users precisely for this year&#8217;s campaign. This part focused on 1.3 kilometers, moving the pipeline away from the defense dike and therefore from the riverbed, and also on moving from an open-air installation to an underground concrete infrastructure, thus avoiding the supply cuts that occurred with the breakage of the mote. <\/p>\n<p>Now this intervention is completed with a total of 1,030 meters, with a total budget for both phases of 1,156,749 euros, financed by the Government of Aragon and the LIFE Program. The work is being carried out by the Aragonese government through the public company TRAGSA. <\/p>\n\t\t\t\t\t\t\t\t<\/div>\n\t\t\t\t<\/div>\n\t\t\t\t\t<\/div>\n\t\t<\/div>\n\t\t\t\t\t<\/div>\n\t\t<\/section>\n\t\t\t\t<section class=\"elementor-section elementor-top-section elementor-element elementor-element-fff86ce elementor-section-boxed elementor-section-height-default elementor-section-height-default\" data-id=\"fff86ce\" data-element_type=\"section\" data-e-type=\"section\">\n\t\t\t\t\t\t<div class=\"elementor-container elementor-column-gap-default\">\n\t\t\t\t\t<div class=\"elementor-column elementor-col-50 elementor-top-column elementor-element elementor-element-fda6214\" data-id=\"fda6214\" data-element_type=\"column\" data-e-type=\"column\">\n\t\t\t<div class=\"elementor-widget-wrap elementor-element-populated\">\n\t\t\t\t\t\t<div class=\"elementor-element elementor-element-c1acb91 elementor-widget elementor-widget-image\" data-id=\"c1acb91\" data-element_type=\"widget\" data-e-type=\"widget\" data-widget_type=\"image.default\">\n\t\t\t\t<div class=\"elementor-widget-container\">\n\t\t\t\t\t\t\t\t\t\t\t\t<figure class=\"wp-caption\">\n\t\t\t\t\t\t\t\t\t\t<img fetchpriority=\"high\" decoding=\"async\" width=\"1024\" height=\"549\" src=\"https:\/\/www.ebroresilience.com\/wp-content\/uploads\/2024\/11\/tuberia-1024x549.jpeg\" class=\"attachment-large size-large wp-image-12751\" alt=\"Vista a\u00e9rea de la instalaci\u00f3n soterrada de la fase 1 de tuber\u00eda\" srcset=\"https:\/\/www.ebroresilience.com\/wp-content\/uploads\/2024\/11\/tuberia-1024x549.jpeg 1024w, https:\/\/www.ebroresilience.com\/wp-content\/uploads\/2024\/11\/tuberia-300x161.jpeg 300w, https:\/\/www.ebroresilience.com\/wp-content\/uploads\/2024\/11\/tuberia-768x412.jpeg 768w, https:\/\/www.ebroresilience.com\/wp-content\/uploads\/2024\/11\/tuberia-260x139.jpeg 260w, https:\/\/www.ebroresilience.com\/wp-content\/uploads\/2024\/11\/tuberia-50x27.jpeg 50w, https:\/\/www.ebroresilience.com\/wp-content\/uploads\/2024\/11\/tuberia-140x75.jpeg 140w, https:\/\/www.ebroresilience.com\/wp-content\/uploads\/2024\/11\/tuberia.jpeg 1366w\" sizes=\"(max-width:767px) 480px, (max-width:1024px) 100vw, 1024px\" \/>\t\t\t\t\t\t\t\t\t\t\t<figcaption class=\"widget-image-caption wp-caption-text\">Vista a\u00e9rea de la instalaci\u00f3n soterrada de la fase 1 de tuber\u00eda<\/figcaption>\n\t\t\t\t\t\t\t\t\t\t<\/figure>\n\t\t\t\t\t\t\t\t\t<\/div>\n\t\t\t\t<\/div>\n\t\t\t\t\t<\/div>\n\t\t<\/div>\n\t\t\t\t<div class=\"elementor-column elementor-col-50 elementor-top-column elementor-element elementor-element-db9090e\" data-id=\"db9090e\" data-element_type=\"column\" data-e-type=\"column\">\n\t\t\t<div class=\"elementor-widget-wrap elementor-element-populated\">\n\t\t\t\t\t\t<div class=\"elementor-element elementor-element-7a1eba4 elementor-widget elementor-widget-image\" data-id=\"7a1eba4\" data-element_type=\"widget\" data-e-type=\"widget\" data-widget_type=\"image.default\">\n\t\t\t\t<div class=\"elementor-widget-container\">\n\t\t\t\t\t\t\t\t\t\t\t\t<figure class=\"wp-caption\">\n\t\t\t\t\t\t\t\t\t\t<img decoding=\"async\" width=\"768\" height=\"1024\" src=\"https:\/\/www.ebroresilience.com\/wp-content\/uploads\/2024\/11\/apertura-de-zanja-para-soterramiento-fase-2-768x1024.jpeg\" class=\"attachment-medium_large size-medium_large wp-image-12764\" alt=\"Apertura de zanja para soterrar la tuber\u00eda de riego de la Huerta del Ebro. Fase 2 de la adaptaci\u00f3n de esta infraestructura.\" srcset=\"https:\/\/www.ebroresilience.com\/wp-content\/uploads\/2024\/11\/apertura-de-zanja-para-soterramiento-fase-2-768x1024.jpeg 768w, https:\/\/www.ebroresilience.com\/wp-content\/uploads\/2024\/11\/apertura-de-zanja-para-soterramiento-fase-2-225x300.jpeg 225w, https:\/\/www.ebroresilience.com\/wp-content\/uploads\/2024\/11\/apertura-de-zanja-para-soterramiento-fase-2-1152x1536.jpeg 1152w, https:\/\/www.ebroresilience.com\/wp-content\/uploads\/2024\/11\/apertura-de-zanja-para-soterramiento-fase-2-110x146.jpeg 110w, https:\/\/www.ebroresilience.com\/wp-content\/uploads\/2024\/11\/apertura-de-zanja-para-soterramiento-fase-2-38x50.jpeg 38w, https:\/\/www.ebroresilience.com\/wp-content\/uploads\/2024\/11\/apertura-de-zanja-para-soterramiento-fase-2-56x75.jpeg 56w, https:\/\/www.ebroresilience.com\/wp-content\/uploads\/2024\/11\/apertura-de-zanja-para-soterramiento-fase-2.jpeg 1200w\" sizes=\"(max-width:767px) 480px, (max-width:768px) 100vw, 768px\" \/>\t\t\t\t\t\t\t\t\t\t\t<figcaption class=\"widget-image-caption wp-caption-text\">Trench excavation to bury the irrigation pipe in phase 2.<\/figcaption>\n\t\t\t\t\t\t\t\t\t\t<\/figure>\n\t\t\t\t\t\t\t\t\t<\/div>\n\t\t\t\t<\/div>\n\t\t\t\t\t<\/div>\n\t\t<\/div>\n\t\t\t\t\t<\/div>\n\t\t<\/section>\n\t\t\t\t<section class=\"elementor-section elementor-top-section elementor-element elementor-element-3a6a3d6 elementor-section-boxed elementor-section-height-default elementor-section-height-default\" data-id=\"3a6a3d6\" data-element_type=\"section\" data-e-type=\"section\">\n\t\t\t\t\t\t<div class=\"elementor-container elementor-column-gap-default\">\n\t\t\t\t\t<div class=\"elementor-column elementor-col-100 elementor-top-column elementor-element elementor-element-b54b1f2\" data-id=\"b54b1f2\" data-element_type=\"column\" data-e-type=\"column\">\n\t\t\t<div class=\"elementor-widget-wrap elementor-element-populated\">\n\t\t\t\t\t\t<div class=\"elementor-element elementor-element-e08a7c7 elementor-widget elementor-widget-text-editor\" data-id=\"e08a7c7\" data-element_type=\"widget\" data-e-type=\"widget\" data-widget_type=\"text-editor.default\">\n\t\t\t\t<div class=\"elementor-widget-container\">\n\t\t\t\t\t\t\t\t\t<p><strong>Osera -Fuentes section  <\/strong><\/p>\n<p>Together with this intervention in the Osera de Ebro &#8211; Fuentes de Ebro (Zaragoza) section, zone 2 of the LIFE Ebro Resilience P1 Project, work is already underway to adapt the Osera de Ebro &#8211; Fuentes de Ebro (Zaragoza) section to the risk of flooding in agricultural areas.<\/p>\n<p>The intervention was selected by the LIFE Program as a pilot proposal because it is a novel approach that will serve as a reference for other European basins with similar problems.<\/p>\n<p>The works have started with Phase 1 of the &#8220;Improvement of flood resilience in the Ebro River, as it passes through Osera de Ebro and Fuentes de Ebro, in Zaragoza&#8221;, with a budget of 3 million euros.<\/p>\n<p>The main action consists of the recovery of the fluvial space to solve the narrowing of the river at two points, the mejana del Conde and the meander of Aguilar.<\/p>\n<p>By eliminating two sections of the existing flood defense levees and rebuilding them further away from the riverbed, the river will be able to flow in this reclaimed area without causing flood damage.<\/p>\n<p>In total, the overall benefit in the section will be the adaptation of 350 hectares of farms and the recovery of 20 hectares as space for the river, reducing the narrowing of the river.<\/p>\n\t\t\t\t\t\t\t\t<\/div>\n\t\t\t\t<\/div>\n\t\t\t\t\t<\/div>\n\t\t<\/div>\n\t\t\t\t\t<\/div>\n\t\t<\/section>\n\t\t\t\t<section class=\"elementor-section elementor-top-section elementor-element elementor-element-59c679b elementor-section-boxed elementor-section-height-default elementor-section-height-default\" data-id=\"59c679b\" data-element_type=\"section\" data-e-type=\"section\">\n\t\t\t\t\t\t<div class=\"elementor-container elementor-column-gap-default\">\n\t\t\t\t\t<div class=\"elementor-column elementor-col-100 elementor-top-column elementor-element elementor-element-78b9d6f\" data-id=\"78b9d6f\" data-element_type=\"column\" data-e-type=\"column\">\n\t\t\t<div class=\"elementor-widget-wrap elementor-element-populated\">\n\t\t\t\t\t\t<div class=\"elementor-element elementor-element-7c42e7d elementor-widget elementor-widget-image\" data-id=\"7c42e7d\" data-element_type=\"widget\" data-e-type=\"widget\" data-widget_type=\"image.default\">\n\t\t\t\t<div class=\"elementor-widget-container\">\n\t\t\t\t\t\t\t\t\t\t\t\t<figure class=\"wp-caption\">\n\t\t\t\t\t\t\t\t\t\t<img decoding=\"async\" width=\"1024\" height=\"767\" src=\"https:\/\/www.ebroresilience.com\/wp-content\/uploads\/2024\/10\/WhatsApp-Image-2024-10-30-at-12.44.34-1-1024x767.jpeg\" class=\"attachment-large size-large wp-image-12531\" alt=\"Inicio de los trabajos para retranqueo de dique en la mejana del Conde en Fuente de Ebro\" srcset=\"https:\/\/www.ebroresilience.com\/wp-content\/uploads\/2024\/10\/WhatsApp-Image-2024-10-30-at-12.44.34-1-1024x767.jpeg 1024w, https:\/\/www.ebroresilience.com\/wp-content\/uploads\/2024\/10\/WhatsApp-Image-2024-10-30-at-12.44.34-1-300x225.jpeg 300w, https:\/\/www.ebroresilience.com\/wp-content\/uploads\/2024\/10\/WhatsApp-Image-2024-10-30-at-12.44.34-1-768x575.jpeg 768w, https:\/\/www.ebroresilience.com\/wp-content\/uploads\/2024\/10\/WhatsApp-Image-2024-10-30-at-12.44.34-1-1536x1151.jpeg 1536w, https:\/\/www.ebroresilience.com\/wp-content\/uploads\/2024\/10\/WhatsApp-Image-2024-10-30-at-12.44.34-1-195x146.jpeg 195w, https:\/\/www.ebroresilience.com\/wp-content\/uploads\/2024\/10\/WhatsApp-Image-2024-10-30-at-12.44.34-1-50x37.jpeg 50w, https:\/\/www.ebroresilience.com\/wp-content\/uploads\/2024\/10\/WhatsApp-Image-2024-10-30-at-12.44.34-1-100x75.jpeg 100w, https:\/\/www.ebroresilience.com\/wp-content\/uploads\/2024\/10\/WhatsApp-Image-2024-10-30-at-12.44.34-1-960x720.jpeg 960w, https:\/\/www.ebroresilience.com\/wp-content\/uploads\/2024\/10\/WhatsApp-Image-2024-10-30-at-12.44.34-1.jpeg 2048w\" sizes=\"(max-width:767px) 480px, (max-width:1024px) 100vw, 1024px\" \/>\t\t\t\t\t\t\t\t\t\t\t<figcaption class=\"widget-image-caption wp-caption-text\">Inicio de los trabajos para retranqueo de dique en la mejana del Conde en Fuente de Ebro<\/figcaption>\n\t\t\t\t\t\t\t\t\t\t<\/figure>\n\t\t\t\t\t\t\t\t\t<\/div>\n\t\t\t\t<\/div>\n\t\t\t\t\t<\/div>\n\t\t<\/div>\n\t\t\t\t\t<\/div>\n\t\t<\/section>\n\t\t\t\t<\/div>\n\t\t","protected":false},"excerpt":{"rendered":"<p>The work on the new underground pipeline, far from the bed of the Huerta del Ebro Irrigation Community (Zaragoza), is focused on the last kilometer of the infrastructure and is being carried out on dates that do not interfere with the irrigation campaign.<\/p>\n","protected":false},"author":5,"featured_media":12768,"comment_status":"closed","ping_status":"closed","sticky":false,"template":"","format":"standard","meta":{"_acf_changed":false,"ngg_post_thumbnail":0,"footnotes":""},"categories":[327,369],"tags":[494,387,378,399,398,381,410],"class_list":["post-12780","post","type-post","status-publish","format-standard","has-post-thumbnail","hentry","category-life","category-news","tag-adaptation-en","tag-ebro-en","tag-ebro-resilience-en","tag-ebro-springs","tag-flood","tag-life-ebro-resilience-p1-en","tag-osera-de-ebro-en"],"acf":[],"publishpress_future_action":{"enabled":false,"date":"2026-05-06 20:07:24","action":"change-status","newStatus":"draft","terms":[],"taxonomy":"category","extraData":[]},"publishpress_future_workflow_manual_trigger":{"enabledWorkflows":[]},"_links":{"self":[{"href":"https:\/\/www.ebroresilience.com\/en\/wp-json\/wp\/v2\/posts\/12780","targetHints":{"allow":["GET"]}}],"collection":[{"href":"https:\/\/www.ebroresilience.com\/en\/wp-json\/wp\/v2\/posts"}],"about":[{"href":"https:\/\/www.ebroresilience.com\/en\/wp-json\/wp\/v2\/types\/post"}],"author":[{"embeddable":true,"href":"https:\/\/www.ebroresilience.com\/en\/wp-json\/wp\/v2\/users\/5"}],"replies":[{"embeddable":true,"href":"https:\/\/www.ebroresilience.com\/en\/wp-json\/wp\/v2\/comments?post=12780"}],"version-history":[{"count":3,"href":"https:\/\/www.ebroresilience.com\/en\/wp-json\/wp\/v2\/posts\/12780\/revisions"}],"predecessor-version":[{"id":12783,"href":"https:\/\/www.ebroresilience.com\/en\/wp-json\/wp\/v2\/posts\/12780\/revisions\/12783"}],"wp:featuredmedia":[{"embeddable":true,"href":"https:\/\/www.ebroresilience.com\/en\/wp-json\/wp\/v2\/media\/12768"}],"wp:attachment":[{"href":"https:\/\/www.ebroresilience.com\/en\/wp-json\/wp\/v2\/media?parent=12780"}],"wp:term":[{"taxonomy":"category","embeddable":true,"href":"https:\/\/www.ebroresilience.com\/en\/wp-json\/wp\/v2\/categories?post=12780"},{"taxonomy":"post_tag","embeddable":true,"href":"https:\/\/www.ebroresilience.com\/en\/wp-json\/wp\/v2\/tags?post=12780"}],"curies":[{"name":"wp","href":"https:\/\/api.w.org\/{rel}","templated":true}]}}