{"id":12742,"date":"2024-11-22T11:22:38","date_gmt":"2024-11-22T10:22:38","guid":{"rendered":"https:\/\/www.ebroresilience.com\/follow-up-of-actions-meetings-of-the-working-groups-and-of-the-management-committee\/"},"modified":"2024-11-22T11:31:03","modified_gmt":"2024-11-22T10:31:03","slug":"follow-up-of-actions-meetings-of-the-working-groups-and-of-the-management-committee","status":"publish","type":"post","link":"https:\/\/www.ebroresilience.com\/en\/follow-up-of-actions-meetings-of-the-working-groups-and-of-the-management-committee\/","title":{"rendered":"Follow-up of actions: meetings of the working groups and of the Management Committee"},"content":{"rendered":"\t\t<div data-elementor-type=\"wp-post\" data-elementor-id=\"12742\" class=\"elementor elementor-12742 elementor-12722\" data-elementor-post-type=\"post\">\n\t\t\t\t\t\t<section class=\"elementor-section elementor-top-section elementor-element elementor-element-fb762d9 elementor-section-boxed elementor-section-height-default elementor-section-height-default\" data-id=\"fb762d9\" data-element_type=\"section\" data-e-type=\"section\">\n\t\t\t\t\t\t<div class=\"elementor-container elementor-column-gap-default\">\n\t\t\t\t\t<div class=\"elementor-column elementor-col-100 elementor-top-column elementor-element elementor-element-b4d4e27\" data-id=\"b4d4e27\" data-element_type=\"column\" data-e-type=\"column\">\n\t\t\t<div class=\"elementor-widget-wrap elementor-element-populated\">\n\t\t\t\t\t\t<div class=\"elementor-element elementor-element-e77a0f2 elementor-widget elementor-widget-text-editor\" data-id=\"e77a0f2\" data-element_type=\"widget\" data-e-type=\"widget\" data-widget_type=\"text-editor.default\">\n\t\t\t\t<div class=\"elementor-widget-container\">\n\t\t\t\t\t\t\t\t\t<p>The LIFE Ebro Resilience P1 project held the meetings of its technical working groups and its Management Committee, bodies established for monitoring, planning and decision-making, on November 20 and 21 at the offices of the Directorate General for Environmental Quality, Climate Change and Water of the Government of La Rioja, in Logro\u00f1o.<\/p>\n<p>With the technical representation of all the partners, these meetings, of which this was the 11th since the launch of the actions in 2021, further coordination and collaboration, which are two of the strengths of the Ebro Resilience proposal.  <\/p>\n<p>The working groups are dedicated to the actions of the different lines of action: Mitigation and Adaptation; Nature and Biodiversity; Participation and Social Capacity Building; and Dissemination and Replication.<\/p>\n\t\t\t\t\t\t\t\t<\/div>\n\t\t\t\t<\/div>\n\t\t\t\t\t<\/div>\n\t\t<\/div>\n\t\t\t\t\t<\/div>\n\t\t<\/section>\n\t\t\t\t<section class=\"elementor-section elementor-top-section elementor-element elementor-element-92eb533 elementor-section-boxed elementor-section-height-default elementor-section-height-default\" data-id=\"92eb533\" data-element_type=\"section\" data-e-type=\"section\">\n\t\t\t\t\t\t<div class=\"elementor-container elementor-column-gap-default\">\n\t\t\t\t\t<div class=\"elementor-column elementor-col-50 elementor-top-column elementor-element elementor-element-a128487\" data-id=\"a128487\" data-element_type=\"column\" data-e-type=\"column\">\n\t\t\t<div class=\"elementor-widget-wrap elementor-element-populated\">\n\t\t\t\t\t\t<div class=\"elementor-element elementor-element-648944d elementor-widget elementor-widget-image\" data-id=\"648944d\" data-element_type=\"widget\" data-e-type=\"widget\" data-widget_type=\"image.default\">\n\t\t\t\t<div class=\"elementor-widget-container\">\n\t\t\t\t\t\t\t\t\t\t\t\t\t\t\t<img fetchpriority=\"high\" decoding=\"async\" width=\"1024\" height=\"768\" src=\"https:\/\/www.ebroresilience.com\/wp-content\/uploads\/2024\/11\/NACHO-ESQUISABEL-1024x768.jpg\" class=\"attachment-large size-large wp-image-12730\" alt=\"Grupos de trabajo detalle\" srcset=\"https:\/\/www.ebroresilience.com\/wp-content\/uploads\/2024\/11\/NACHO-ESQUISABEL-1024x768.jpg 1024w, https:\/\/www.ebroresilience.com\/wp-content\/uploads\/2024\/11\/NACHO-ESQUISABEL-300x225.jpg 300w, https:\/\/www.ebroresilience.com\/wp-content\/uploads\/2024\/11\/NACHO-ESQUISABEL-768x576.jpg 768w, https:\/\/www.ebroresilience.com\/wp-content\/uploads\/2024\/11\/NACHO-ESQUISABEL-1536x1152.jpg 1536w, https:\/\/www.ebroresilience.com\/wp-content\/uploads\/2024\/11\/NACHO-ESQUISABEL-2048x1536.jpg 2048w, https:\/\/www.ebroresilience.com\/wp-content\/uploads\/2024\/11\/NACHO-ESQUISABEL-195x146.jpg 195w, https:\/\/www.ebroresilience.com\/wp-content\/uploads\/2024\/11\/NACHO-ESQUISABEL-50x38.jpg 50w, https:\/\/www.ebroresilience.com\/wp-content\/uploads\/2024\/11\/NACHO-ESQUISABEL-100x75.jpg 100w, https:\/\/www.ebroresilience.com\/wp-content\/uploads\/2024\/11\/NACHO-ESQUISABEL-960x720.jpg 960w\" sizes=\"(max-width:767px) 480px, (max-width:1024px) 100vw, 1024px\" \/>\t\t\t\t\t\t\t\t\t\t\t\t\t\t\t<\/div>\n\t\t\t\t<\/div>\n\t\t\t\t\t<\/div>\n\t\t<\/div>\n\t\t\t\t<div class=\"elementor-column elementor-col-50 elementor-top-column elementor-element elementor-element-27d6bb5\" data-id=\"27d6bb5\" data-element_type=\"column\" data-e-type=\"column\">\n\t\t\t<div class=\"elementor-widget-wrap elementor-element-populated\">\n\t\t\t\t\t\t<div class=\"elementor-element elementor-element-83ce6da elementor-widget elementor-widget-image\" data-id=\"83ce6da\" data-element_type=\"widget\" data-e-type=\"widget\" data-widget_type=\"image.default\">\n\t\t\t\t<div class=\"elementor-widget-container\">\n\t\t\t\t\t\t\t\t\t\t\t\t\t\t\t<img decoding=\"async\" width=\"1024\" height=\"768\" src=\"https:\/\/www.ebroresilience.com\/wp-content\/uploads\/2024\/11\/TATIANA-GARZA-1024x768.jpg\" class=\"attachment-large size-large wp-image-12732\" alt=\"Reuni\u00f3n de grupos de trabajo detalles - presentaci\u00f3n Osera de Ebro - Fuentes de Ebro.\" srcset=\"https:\/\/www.ebroresilience.com\/wp-content\/uploads\/2024\/11\/TATIANA-GARZA-1024x768.jpg 1024w, https:\/\/www.ebroresilience.com\/wp-content\/uploads\/2024\/11\/TATIANA-GARZA-300x225.jpg 300w, https:\/\/www.ebroresilience.com\/wp-content\/uploads\/2024\/11\/TATIANA-GARZA-768x576.jpg 768w, https:\/\/www.ebroresilience.com\/wp-content\/uploads\/2024\/11\/TATIANA-GARZA-1536x1152.jpg 1536w, https:\/\/www.ebroresilience.com\/wp-content\/uploads\/2024\/11\/TATIANA-GARZA-2048x1536.jpg 2048w, https:\/\/www.ebroresilience.com\/wp-content\/uploads\/2024\/11\/TATIANA-GARZA-195x146.jpg 195w, https:\/\/www.ebroresilience.com\/wp-content\/uploads\/2024\/11\/TATIANA-GARZA-50x38.jpg 50w, https:\/\/www.ebroresilience.com\/wp-content\/uploads\/2024\/11\/TATIANA-GARZA-100x75.jpg 100w, https:\/\/www.ebroresilience.com\/wp-content\/uploads\/2024\/11\/TATIANA-GARZA-960x720.jpg 960w\" sizes=\"(max-width:767px) 480px, (max-width:1024px) 100vw, 1024px\" \/>\t\t\t\t\t\t\t\t\t\t\t\t\t\t\t<\/div>\n\t\t\t\t<\/div>\n\t\t\t\t\t<\/div>\n\t\t<\/div>\n\t\t\t\t\t<\/div>\n\t\t<\/section>\n\t\t\t\t<section class=\"elementor-section elementor-top-section elementor-element elementor-element-5067795 elementor-section-boxed elementor-section-height-default elementor-section-height-default\" data-id=\"5067795\" data-element_type=\"section\" data-e-type=\"section\">\n\t\t\t\t\t\t<div class=\"elementor-container elementor-column-gap-default\">\n\t\t\t\t\t<div class=\"elementor-column elementor-col-100 elementor-top-column elementor-element elementor-element-cf3a64b\" data-id=\"cf3a64b\" data-element_type=\"column\" data-e-type=\"column\">\n\t\t\t<div class=\"elementor-widget-wrap elementor-element-populated\">\n\t\t\t\t\t\t<div class=\"elementor-element elementor-element-e385be9 elementor-widget elementor-widget-text-editor\" data-id=\"e385be9\" data-element_type=\"widget\" data-e-type=\"widget\" data-widget_type=\"text-editor.default\">\n\t\t\t\t<div class=\"elementor-widget-container\">\n\t\t\t\t\t\t\t\t\t<p>On Wednesday, November 20, the technical teams focused on reviewing all the actions and their current status. In this case, they have been held just after the intermediate act of balance of the Project, last November 7, in Fuentes de Ebro (Zaragoza), where it was already made clear that interventions are underway in the two project areas, the Alfaro (La Rioja) &#8211; Castej\u00f3n (Navarra) section. <\/p>\n<p>To know the status of the actions you can consult <a href=\"https:\/\/www.ebroresilience.com\/en\/progress-life-ebro-resilience-p1\/\" target=\"_blank\" rel=\"noopener\"><strong>HERE<\/strong><\/a>.<\/p>\n<p>The meeting was also used to carry out an in-depth analysis of the project&#8217;s participatory process, to learn about the current status and also to gather the impressions of the technical staff.<\/p>\n\t\t\t\t\t\t\t\t<\/div>\n\t\t\t\t<\/div>\n\t\t\t\t\t<\/div>\n\t\t<\/div>\n\t\t\t\t\t<\/div>\n\t\t<\/section>\n\t\t\t\t<section class=\"elementor-section elementor-top-section elementor-element elementor-element-09adf08 elementor-section-boxed elementor-section-height-default elementor-section-height-default\" data-id=\"09adf08\" data-element_type=\"section\" data-e-type=\"section\">\n\t\t\t\t\t\t<div class=\"elementor-container elementor-column-gap-default\">\n\t\t\t\t\t<div class=\"elementor-column elementor-col-50 elementor-top-column elementor-element elementor-element-8b9285e\" data-id=\"8b9285e\" data-element_type=\"column\" data-e-type=\"column\">\n\t\t\t<div class=\"elementor-widget-wrap elementor-element-populated\">\n\t\t\t\t\t\t<div class=\"elementor-element elementor-element-b5675d6 elementor-widget elementor-widget-image\" data-id=\"b5675d6\" data-element_type=\"widget\" data-e-type=\"widget\" data-widget_type=\"image.default\">\n\t\t\t\t<div class=\"elementor-widget-container\">\n\t\t\t\t\t\t\t\t\t\t\t\t\t\t\t<img decoding=\"async\" width=\"1024\" height=\"473\" src=\"https:\/\/www.ebroresilience.com\/wp-content\/uploads\/2024\/11\/Carlos-Buleo-con-panel-participacion-1024x473.jpeg\" class=\"attachment-large size-large wp-image-12736\" alt=\"\" srcset=\"https:\/\/www.ebroresilience.com\/wp-content\/uploads\/2024\/11\/Carlos-Buleo-con-panel-participacion-1024x473.jpeg 1024w, https:\/\/www.ebroresilience.com\/wp-content\/uploads\/2024\/11\/Carlos-Buleo-con-panel-participacion-300x138.jpeg 300w, https:\/\/www.ebroresilience.com\/wp-content\/uploads\/2024\/11\/Carlos-Buleo-con-panel-participacion-768x354.jpeg 768w, https:\/\/www.ebroresilience.com\/wp-content\/uploads\/2024\/11\/Carlos-Buleo-con-panel-participacion-1536x709.jpeg 1536w, https:\/\/www.ebroresilience.com\/wp-content\/uploads\/2024\/11\/Carlos-Buleo-con-panel-participacion-260x120.jpeg 260w, https:\/\/www.ebroresilience.com\/wp-content\/uploads\/2024\/11\/Carlos-Buleo-con-panel-participacion-50x23.jpeg 50w, https:\/\/www.ebroresilience.com\/wp-content\/uploads\/2024\/11\/Carlos-Buleo-con-panel-participacion-150x69.jpeg 150w, https:\/\/www.ebroresilience.com\/wp-content\/uploads\/2024\/11\/Carlos-Buleo-con-panel-participacion.jpeg 1599w\" sizes=\"(max-width:767px) 480px, (max-width:1024px) 100vw, 1024px\" \/>\t\t\t\t\t\t\t\t\t\t\t\t\t\t\t<\/div>\n\t\t\t\t<\/div>\n\t\t\t\t\t<\/div>\n\t\t<\/div>\n\t\t\t\t<div class=\"elementor-column elementor-col-50 elementor-top-column elementor-element elementor-element-29f5100\" data-id=\"29f5100\" data-element_type=\"column\" data-e-type=\"column\">\n\t\t\t<div class=\"elementor-widget-wrap elementor-element-populated\">\n\t\t\t\t\t\t<div class=\"elementor-element elementor-element-7591494 elementor-widget elementor-widget-image\" data-id=\"7591494\" data-element_type=\"widget\" data-e-type=\"widget\" data-widget_type=\"image.default\">\n\t\t\t\t<div class=\"elementor-widget-container\">\n\t\t\t\t\t\t\t\t\t\t\t\t<figure class=\"wp-caption\">\n\t\t\t\t\t\t\t\t\t\t<img loading=\"lazy\" decoding=\"async\" width=\"1024\" height=\"768\" src=\"https:\/\/www.ebroresilience.com\/wp-content\/uploads\/2024\/11\/IMG20241120111256-1024x768.jpg\" class=\"attachment-large size-large wp-image-12734\" alt=\"Sesi\u00f3n de an\u00e1lisis del proceso de participaci\u00f3n p\u00fablica.\" srcset=\"https:\/\/www.ebroresilience.com\/wp-content\/uploads\/2024\/11\/IMG20241120111256-1024x768.jpg 1024w, https:\/\/www.ebroresilience.com\/wp-content\/uploads\/2024\/11\/IMG20241120111256-300x225.jpg 300w, https:\/\/www.ebroresilience.com\/wp-content\/uploads\/2024\/11\/IMG20241120111256-768x576.jpg 768w, https:\/\/www.ebroresilience.com\/wp-content\/uploads\/2024\/11\/IMG20241120111256-1536x1152.jpg 1536w, https:\/\/www.ebroresilience.com\/wp-content\/uploads\/2024\/11\/IMG20241120111256-2048x1536.jpg 2048w, https:\/\/www.ebroresilience.com\/wp-content\/uploads\/2024\/11\/IMG20241120111256-195x146.jpg 195w, https:\/\/www.ebroresilience.com\/wp-content\/uploads\/2024\/11\/IMG20241120111256-50x38.jpg 50w, https:\/\/www.ebroresilience.com\/wp-content\/uploads\/2024\/11\/IMG20241120111256-100x75.jpg 100w, https:\/\/www.ebroresilience.com\/wp-content\/uploads\/2024\/11\/IMG20241120111256-960x720.jpg 960w\" sizes=\"(max-width:767px) 480px, (max-width:1024px) 100vw, 1024px\" \/>\t\t\t\t\t\t\t\t\t\t\t<figcaption class=\"widget-image-caption wp-caption-text\">oplus_2<\/figcaption>\n\t\t\t\t\t\t\t\t\t\t<\/figure>\n\t\t\t\t\t\t\t\t\t<\/div>\n\t\t\t\t<\/div>\n\t\t\t\t\t<\/div>\n\t\t<\/div>\n\t\t\t\t\t<\/div>\n\t\t<\/section>\n\t\t\t\t<section class=\"elementor-section elementor-top-section elementor-element elementor-element-6e34ce0 elementor-section-boxed elementor-section-height-default elementor-section-height-default\" data-id=\"6e34ce0\" data-element_type=\"section\" data-e-type=\"section\">\n\t\t\t\t\t\t<div class=\"elementor-container elementor-column-gap-default\">\n\t\t\t\t\t<div class=\"elementor-column elementor-col-100 elementor-top-column elementor-element elementor-element-e3e605b\" data-id=\"e3e605b\" data-element_type=\"column\" data-e-type=\"column\">\n\t\t\t<div class=\"elementor-widget-wrap elementor-element-populated\">\n\t\t\t\t\t\t<div class=\"elementor-element elementor-element-bab6545 elementor-widget elementor-widget-text-editor\" data-id=\"bab6545\" data-element_type=\"widget\" data-e-type=\"widget\" data-widget_type=\"text-editor.default\">\n\t\t\t\t<div class=\"elementor-widget-container\">\n\t\t\t\t\t\t\t\t\t<p>For its part, the Management Committee met on Thursday, November 21, to review the proper implementation of actions and to follow up on all administrative and financial aspects of the project.<\/p>\n<p>In this committee, as in the technical working groups, all the partners are present: Ministry of Ecological Transition and Demographic Challenge, Ebro Hydrographic Confederation, Government of La Rioja, Government of Navarra, through the public company Gesti\u00f3n Ambiental de Navarra, Government of Arag\u00f3n, Aragon Water Institute and the public company TRAGSA and its subsidiary TRAGSATEC.<\/p>\n\t\t\t\t\t\t\t\t<\/div>\n\t\t\t\t<\/div>\n\t\t\t\t\t<\/div>\n\t\t<\/div>\n\t\t\t\t\t<\/div>\n\t\t<\/section>\n\t\t\t\t<section class=\"elementor-section elementor-top-section elementor-element elementor-element-e67e171 elementor-section-boxed elementor-section-height-default elementor-section-height-default\" data-id=\"e67e171\" data-element_type=\"section\" data-e-type=\"section\">\n\t\t\t\t\t\t<div class=\"elementor-container elementor-column-gap-default\">\n\t\t\t\t\t<div class=\"elementor-column elementor-col-100 elementor-top-column elementor-element elementor-element-66339d2\" data-id=\"66339d2\" data-element_type=\"column\" data-e-type=\"column\">\n\t\t\t<div class=\"elementor-widget-wrap elementor-element-populated\">\n\t\t\t\t\t\t<div class=\"elementor-element elementor-element-c75507e elementor-widget elementor-widget-image\" data-id=\"c75507e\" data-element_type=\"widget\" data-e-type=\"widget\" data-widget_type=\"image.default\">\n\t\t\t\t<div class=\"elementor-widget-container\">\n\t\t\t\t\t\t\t\t\t\t\t\t<figure class=\"wp-caption\">\n\t\t\t\t\t\t\t\t\t\t<img loading=\"lazy\" decoding=\"async\" width=\"1024\" height=\"473\" src=\"https:\/\/www.ebroresilience.com\/wp-content\/uploads\/2024\/11\/WhatsApp-Image-2024-11-21-at-12.22.42-1024x473.jpeg\" class=\"attachment-large size-large wp-image-12738\" alt=\"Reuni\u00f3n del Comit\u00e9 de Gesti\u00f3n en Logro\u00f1o.\" srcset=\"https:\/\/www.ebroresilience.com\/wp-content\/uploads\/2024\/11\/WhatsApp-Image-2024-11-21-at-12.22.42-1024x473.jpeg 1024w, https:\/\/www.ebroresilience.com\/wp-content\/uploads\/2024\/11\/WhatsApp-Image-2024-11-21-at-12.22.42-300x138.jpeg 300w, https:\/\/www.ebroresilience.com\/wp-content\/uploads\/2024\/11\/WhatsApp-Image-2024-11-21-at-12.22.42-768x354.jpeg 768w, https:\/\/www.ebroresilience.com\/wp-content\/uploads\/2024\/11\/WhatsApp-Image-2024-11-21-at-12.22.42-1536x709.jpeg 1536w, https:\/\/www.ebroresilience.com\/wp-content\/uploads\/2024\/11\/WhatsApp-Image-2024-11-21-at-12.22.42-260x120.jpeg 260w, https:\/\/www.ebroresilience.com\/wp-content\/uploads\/2024\/11\/WhatsApp-Image-2024-11-21-at-12.22.42-50x23.jpeg 50w, https:\/\/www.ebroresilience.com\/wp-content\/uploads\/2024\/11\/WhatsApp-Image-2024-11-21-at-12.22.42-150x69.jpeg 150w, https:\/\/www.ebroresilience.com\/wp-content\/uploads\/2024\/11\/WhatsApp-Image-2024-11-21-at-12.22.42.jpeg 1599w\" sizes=\"(max-width:767px) 480px, (max-width:1024px) 100vw, 1024px\" \/>\t\t\t\t\t\t\t\t\t\t\t<figcaption class=\"widget-image-caption wp-caption-text\">Reuni\u00f3n del Comit\u00e9 de Gesti\u00f3n en Logro\u00f1o.<\/figcaption>\n\t\t\t\t\t\t\t\t\t\t<\/figure>\n\t\t\t\t\t\t\t\t\t<\/div>\n\t\t\t\t<\/div>\n\t\t\t\t\t<\/div>\n\t\t<\/div>\n\t\t\t\t\t<\/div>\n\t\t<\/section>\n\t\t\t\t<\/div>\n\t\t","protected":false},"excerpt":{"rendered":"<p>Coordination is one of the key elements of the LIFE Ebro Resilience P1 project and makes it possible to monitor progress or analyze, as in this case, the public participation process that is being developed.  <\/p>\n","protected":false},"author":5,"featured_media":12727,"comment_status":"closed","ping_status":"closed","sticky":false,"template":"","format":"standard","meta":{"_acf_changed":false,"ngg_post_thumbnail":0,"footnotes":""},"categories":[377,369],"tags":[380,387,398,381,395,412,607],"class_list":["post-12742","post","type-post","status-publish","format-standard","has-post-thumbnail","hentry","category-life-en","category-news","tag-alfaro-en","tag-ebro-en","tag-flood","tag-life-ebro-resilience-p1-en","tag-participation","tag-public-participation","tag-restauracion-en"],"acf":[],"publishpress_future_action":{"enabled":false,"date":"2026-05-07 17:21:49","action":"change-status","newStatus":"draft","terms":[],"taxonomy":"category","extraData":[]},"publishpress_future_workflow_manual_trigger":{"enabledWorkflows":[]},"_links":{"self":[{"href":"https:\/\/www.ebroresilience.com\/en\/wp-json\/wp\/v2\/posts\/12742","targetHints":{"allow":["GET"]}}],"collection":[{"href":"https:\/\/www.ebroresilience.com\/en\/wp-json\/wp\/v2\/posts"}],"about":[{"href":"https:\/\/www.ebroresilience.com\/en\/wp-json\/wp\/v2\/types\/post"}],"author":[{"embeddable":true,"href":"https:\/\/www.ebroresilience.com\/en\/wp-json\/wp\/v2\/users\/5"}],"replies":[{"embeddable":true,"href":"https:\/\/www.ebroresilience.com\/en\/wp-json\/wp\/v2\/comments?post=12742"}],"version-history":[{"count":2,"href":"https:\/\/www.ebroresilience.com\/en\/wp-json\/wp\/v2\/posts\/12742\/revisions"}],"predecessor-version":[{"id":12744,"href":"https:\/\/www.ebroresilience.com\/en\/wp-json\/wp\/v2\/posts\/12742\/revisions\/12744"}],"wp:featuredmedia":[{"embeddable":true,"href":"https:\/\/www.ebroresilience.com\/en\/wp-json\/wp\/v2\/media\/12727"}],"wp:attachment":[{"href":"https:\/\/www.ebroresilience.com\/en\/wp-json\/wp\/v2\/media?parent=12742"}],"wp:term":[{"taxonomy":"category","embeddable":true,"href":"https:\/\/www.ebroresilience.com\/en\/wp-json\/wp\/v2\/categories?post=12742"},{"taxonomy":"post_tag","embeddable":true,"href":"https:\/\/www.ebroresilience.com\/en\/wp-json\/wp\/v2\/tags?post=12742"}],"curies":[{"name":"wp","href":"https:\/\/api.w.org\/{rel}","templated":true}]}}