{"id":12598,"date":"2024-11-07T18:59:17","date_gmt":"2024-11-07T17:59:17","guid":{"rendered":"https:\/\/www.ebroresilience.com\/?p=12598"},"modified":"2024-11-07T20:41:47","modified_gmt":"2024-11-07T19:41:47","slug":"life-ebro-resilience-p1-reaches-its-halfway-point-working-in-all-project-areas-focusing-on-coordination-and-participatory-actions","status":"publish","type":"post","link":"https:\/\/www.ebroresilience.com\/en\/life-ebro-resilience-p1-reaches-its-halfway-point-working-in-all-project-areas-focusing-on-coordination-and-participatory-actions\/","title":{"rendered":"LIFE Ebro Resilience P1 reaches its halfway point: working in all project areas; focusing on coordination and participatory actions."},"content":{"rendered":"\t\t<div data-elementor-type=\"wp-post\" data-elementor-id=\"12598\" class=\"elementor elementor-12598 elementor-12582\" data-elementor-post-type=\"post\">\n\t\t\t\t\t\t<section class=\"elementor-section elementor-top-section elementor-element elementor-element-ccfa348 elementor-section-boxed elementor-section-height-default elementor-section-height-default\" data-id=\"ccfa348\" data-element_type=\"section\" data-e-type=\"section\">\n\t\t\t\t\t\t<div class=\"elementor-container elementor-column-gap-default\">\n\t\t\t\t\t<div class=\"elementor-column elementor-col-100 elementor-top-column elementor-element elementor-element-de93939\" data-id=\"de93939\" data-element_type=\"column\" data-e-type=\"column\">\n\t\t\t<div class=\"elementor-widget-wrap elementor-element-populated\">\n\t\t\t\t\t\t<div class=\"elementor-element elementor-element-1b7811f elementor-widget elementor-widget-text-editor\" data-id=\"1b7811f\" data-element_type=\"widget\" data-e-type=\"widget\" data-widget_type=\"text-editor.default\">\n\t\t\t\t<div class=\"elementor-widget-container\">\n\t\t\t\t\t\t\t\t\t<p>The LIFE Ebro Resilience P1 Project, which is supported by the European Union&#8217;s LIFE financial instrument, <strong>has reached its meridian with a milestone: having already implemented actions and works for flood risk mitigation and adaptation at all the points defined in the two intervention sections of<\/strong> this project, the Alfaro (La Rioja) &#8211; Castej\u00f3n (Navarra) and Osera de Ebro &#8211; Fuentes de Ebro (Zaragoza) sections.<\/p>\n<p>In addition, it has become, within the EU LIFE program, a benchmark in terms of<strong> coordination between the<\/strong> Project&#8217;s<strong> partner administrations<\/strong> and in terms of the commitment to <strong>real social participation actions<\/strong>, with the involvement of stakeholders, among other forums, in a group for conflict transformation, which brings together those affected, sectors involved and administrations. Also noteworthy are the <strong>social capacity building<\/strong> actions to generate a more educated and prepared society in the face of floods. <\/p>\n<p>In addition,<strong> Ebro Resilience will collaborate in the replication of the Project&#8217;s actions in other sections of the middle Ebro and in other Spanish and European basins<\/strong> with similar problems of high flood recurrence.<\/p>\n\t\t\t\t\t\t\t\t<\/div>\n\t\t\t\t<\/div>\n\t\t\t\t\t<\/div>\n\t\t<\/div>\n\t\t\t\t\t<\/div>\n\t\t<\/section>\n\t\t\t\t<section class=\"elementor-section elementor-top-section elementor-element elementor-element-3dfa457 elementor-section-boxed elementor-section-height-default elementor-section-height-default\" data-id=\"3dfa457\" data-element_type=\"section\" data-e-type=\"section\">\n\t\t\t\t\t\t<div class=\"elementor-container elementor-column-gap-default\">\n\t\t\t\t\t<div class=\"elementor-column elementor-col-100 elementor-top-column elementor-element elementor-element-1574618\" data-id=\"1574618\" data-element_type=\"column\" data-e-type=\"column\">\n\t\t\t<div class=\"elementor-widget-wrap elementor-element-populated\">\n\t\t\t\t\t\t<div class=\"elementor-element elementor-element-1575044 elementor-widget elementor-widget-image\" data-id=\"1575044\" data-element_type=\"widget\" data-e-type=\"widget\" data-widget_type=\"image.default\">\n\t\t\t\t<div class=\"elementor-widget-container\">\n\t\t\t\t\t\t\t\t\t\t\t\t<figure class=\"wp-caption\">\n\t\t\t\t\t\t\t\t\t\t<img fetchpriority=\"high\" decoding=\"async\" width=\"1024\" height=\"768\" src=\"https:\/\/www.ebroresilience.com\/wp-content\/uploads\/2024\/11\/GRUPO-CON-BANDERA-1024x768.jpg\" class=\"attachment-large size-large wp-image-12605\" alt=\"Acto intermedio LIFE Ebro Resilience. Visita a inicio de obras Fuente de Ebro\" srcset=\"https:\/\/www.ebroresilience.com\/wp-content\/uploads\/2024\/11\/GRUPO-CON-BANDERA-1024x768.jpg 1024w, https:\/\/www.ebroresilience.com\/wp-content\/uploads\/2024\/11\/GRUPO-CON-BANDERA-300x225.jpg 300w, https:\/\/www.ebroresilience.com\/wp-content\/uploads\/2024\/11\/GRUPO-CON-BANDERA-768x576.jpg 768w, https:\/\/www.ebroresilience.com\/wp-content\/uploads\/2024\/11\/GRUPO-CON-BANDERA-1536x1152.jpg 1536w, https:\/\/www.ebroresilience.com\/wp-content\/uploads\/2024\/11\/GRUPO-CON-BANDERA-2048x1536.jpg 2048w, https:\/\/www.ebroresilience.com\/wp-content\/uploads\/2024\/11\/GRUPO-CON-BANDERA-195x146.jpg 195w, https:\/\/www.ebroresilience.com\/wp-content\/uploads\/2024\/11\/GRUPO-CON-BANDERA-50x38.jpg 50w, https:\/\/www.ebroresilience.com\/wp-content\/uploads\/2024\/11\/GRUPO-CON-BANDERA-100x75.jpg 100w, https:\/\/www.ebroresilience.com\/wp-content\/uploads\/2024\/11\/GRUPO-CON-BANDERA-960x720.jpg 960w\" sizes=\"(max-width:767px) 480px, (max-width:1024px) 100vw, 1024px\" \/>\t\t\t\t\t\t\t\t\t\t\t<figcaption class=\"widget-image-caption wp-caption-text\">oplus_0<\/figcaption>\n\t\t\t\t\t\t\t\t\t\t<\/figure>\n\t\t\t\t\t\t\t\t\t<\/div>\n\t\t\t\t<\/div>\n\t\t\t\t\t<\/div>\n\t\t<\/div>\n\t\t\t\t\t<\/div>\n\t\t<\/section>\n\t\t\t\t<section class=\"elementor-section elementor-top-section elementor-element elementor-element-64c9da3 elementor-section-boxed elementor-section-height-default elementor-section-height-default\" data-id=\"64c9da3\" data-element_type=\"section\" data-e-type=\"section\">\n\t\t\t\t\t\t<div class=\"elementor-container elementor-column-gap-default\">\n\t\t\t\t\t<div class=\"elementor-column elementor-col-100 elementor-top-column elementor-element elementor-element-15d26fe\" data-id=\"15d26fe\" data-element_type=\"column\" data-e-type=\"column\">\n\t\t\t<div class=\"elementor-widget-wrap elementor-element-populated\">\n\t\t\t\t\t\t<div class=\"elementor-element elementor-element-377f4d8 elementor-widget elementor-widget-text-editor\" data-id=\"377f4d8\" data-element_type=\"widget\" data-e-type=\"widget\" data-widget_type=\"text-editor.default\">\n\t\t\t\t<div class=\"elementor-widget-container\">\n\t\t\t\t\t\t\t\t\t<p>On November 7, <strong>at the halfway point of its development, the Project <\/strong>held <strong>a balance act<\/strong> <strong>in the riverside town of Fuentes de Ebro (Zaragoza),<\/strong> with the participation of institutional representatives of its partners, together with municipal representatives of the territories of intervention and of all the sectors interested and at stake in the Ebro riverside, which are also integrated in the different spaces of participation of the project (general population, primary sector, educational sector, academic sector, associations, affected people, secondary sector, services&#8230;).<\/p>\n<p>The event was attended, among others, by the Minister of Environment and Tourism of the Government of Aragon, Manuel Blasco; the Deputy Director General of Water Protection and Risk Management, Javier Sanchez; the Director General of Natural Environment and Landscape, Ignacio Sa\u00e9nz de Urturi and the Director General of Environmental Quality. Climate Change and Water, Jos\u00e9 Mar\u00eda Infante both from the Government of La Rioja; the general director of Environment of the Department of Rural Development and Environment of the Government of Navarra, Ana Breta\u00f1a; the president of the Ebro Hydrographic Confederation, Carlos Arrazola; the director of the Aragonese Water Institute, Lu\u00eds Esta\u00fan; the managing director of Environmental Management of Navarra, Itziar G\u00f3mez.   <\/p>\n\t\t\t\t\t\t\t\t<\/div>\n\t\t\t\t<\/div>\n\t\t\t\t\t<\/div>\n\t\t<\/div>\n\t\t\t\t\t<\/div>\n\t\t<\/section>\n\t\t\t\t<section class=\"elementor-section elementor-top-section elementor-element elementor-element-46aba15 elementor-section-boxed elementor-section-height-default elementor-section-height-default\" data-id=\"46aba15\" data-element_type=\"section\" data-e-type=\"section\">\n\t\t\t\t\t\t<div class=\"elementor-container elementor-column-gap-default\">\n\t\t\t\t\t<div class=\"elementor-column elementor-col-100 elementor-top-column elementor-element elementor-element-3e52237\" data-id=\"3e52237\" data-element_type=\"column\" data-e-type=\"column\">\n\t\t\t<div class=\"elementor-widget-wrap elementor-element-populated\">\n\t\t\t\t\t\t<div class=\"elementor-element elementor-element-5abaa47 elementor-widget elementor-widget-image\" data-id=\"5abaa47\" data-element_type=\"widget\" data-e-type=\"widget\" data-widget_type=\"image.default\">\n\t\t\t\t<div class=\"elementor-widget-container\">\n\t\t\t\t\t\t\t\t\t\t\t\t<figure class=\"wp-caption\">\n\t\t\t\t\t\t\t\t\t\t<img decoding=\"async\" width=\"1024\" height=\"768\" src=\"https:\/\/www.ebroresilience.com\/wp-content\/uploads\/2024\/11\/BANDERA-1024x768.jpg\" class=\"attachment-large size-large wp-image-12609\" alt=\"Foto de familia del acto intermedio del LIFE Ebro Resilience P1\" srcset=\"https:\/\/www.ebroresilience.com\/wp-content\/uploads\/2024\/11\/BANDERA-1024x768.jpg 1024w, https:\/\/www.ebroresilience.com\/wp-content\/uploads\/2024\/11\/BANDERA-300x225.jpg 300w, https:\/\/www.ebroresilience.com\/wp-content\/uploads\/2024\/11\/BANDERA-768x576.jpg 768w, https:\/\/www.ebroresilience.com\/wp-content\/uploads\/2024\/11\/BANDERA-1536x1152.jpg 1536w, https:\/\/www.ebroresilience.com\/wp-content\/uploads\/2024\/11\/BANDERA-2048x1536.jpg 2048w, https:\/\/www.ebroresilience.com\/wp-content\/uploads\/2024\/11\/BANDERA-195x146.jpg 195w, https:\/\/www.ebroresilience.com\/wp-content\/uploads\/2024\/11\/BANDERA-50x38.jpg 50w, https:\/\/www.ebroresilience.com\/wp-content\/uploads\/2024\/11\/BANDERA-100x75.jpg 100w, https:\/\/www.ebroresilience.com\/wp-content\/uploads\/2024\/11\/BANDERA-960x720.jpg 960w\" sizes=\"(max-width:767px) 480px, (max-width:1024px) 100vw, 1024px\" \/>\t\t\t\t\t\t\t\t\t\t\t<figcaption class=\"widget-image-caption wp-caption-text\">oplus_2048<\/figcaption>\n\t\t\t\t\t\t\t\t\t\t<\/figure>\n\t\t\t\t\t\t\t\t\t<\/div>\n\t\t\t\t<\/div>\n\t\t\t\t\t<\/div>\n\t\t<\/div>\n\t\t\t\t\t<\/div>\n\t\t<\/section>\n\t\t\t\t<section class=\"elementor-section elementor-top-section elementor-element elementor-element-a1e16ed elementor-section-boxed elementor-section-height-default elementor-section-height-default\" data-id=\"a1e16ed\" data-element_type=\"section\" data-e-type=\"section\">\n\t\t\t\t\t\t<div class=\"elementor-container elementor-column-gap-default\">\n\t\t\t\t\t<div class=\"elementor-column elementor-col-33 elementor-top-column elementor-element elementor-element-6536ab4\" data-id=\"6536ab4\" data-element_type=\"column\" data-e-type=\"column\">\n\t\t\t<div class=\"elementor-widget-wrap elementor-element-populated\">\n\t\t\t\t\t\t<div class=\"elementor-element elementor-element-5057caa elementor-widget elementor-widget-image\" data-id=\"5057caa\" data-element_type=\"widget\" data-e-type=\"widget\" data-widget_type=\"image.default\">\n\t\t\t\t<div class=\"elementor-widget-container\">\n\t\t\t\t\t\t\t\t\t\t\t\t<figure class=\"wp-caption\">\n\t\t\t\t\t\t\t\t\t\t<img decoding=\"async\" width=\"225\" height=\"300\" src=\"https:\/\/www.ebroresilience.com\/wp-content\/uploads\/2024\/11\/MANUEL-BLASCO-1-225x300.jpg\" class=\"attachment-medium size-medium wp-image-12613\" alt=\"Manuel Blasco. Consejero de Medio Ambiente y Turismo\" srcset=\"https:\/\/www.ebroresilience.com\/wp-content\/uploads\/2024\/11\/MANUEL-BLASCO-1-225x300.jpg 225w, https:\/\/www.ebroresilience.com\/wp-content\/uploads\/2024\/11\/MANUEL-BLASCO-1-768x1024.jpg 768w, https:\/\/www.ebroresilience.com\/wp-content\/uploads\/2024\/11\/MANUEL-BLASCO-1-1152x1536.jpg 1152w, https:\/\/www.ebroresilience.com\/wp-content\/uploads\/2024\/11\/MANUEL-BLASCO-1-1536x2048.jpg 1536w, https:\/\/www.ebroresilience.com\/wp-content\/uploads\/2024\/11\/MANUEL-BLASCO-1-110x146.jpg 110w, https:\/\/www.ebroresilience.com\/wp-content\/uploads\/2024\/11\/MANUEL-BLASCO-1-38x50.jpg 38w, https:\/\/www.ebroresilience.com\/wp-content\/uploads\/2024\/11\/MANUEL-BLASCO-1-56x75.jpg 56w, https:\/\/www.ebroresilience.com\/wp-content\/uploads\/2024\/11\/MANUEL-BLASCO-1-scaled.jpg 1920w\" sizes=\"(max-width:767px) 225px, 225px\" \/>\t\t\t\t\t\t\t\t\t\t\t<figcaption class=\"widget-image-caption wp-caption-text\">oplus_32<\/figcaption>\n\t\t\t\t\t\t\t\t\t\t<\/figure>\n\t\t\t\t\t\t\t\t\t<\/div>\n\t\t\t\t<\/div>\n\t\t\t\t\t<\/div>\n\t\t<\/div>\n\t\t\t\t<div class=\"elementor-column elementor-col-33 elementor-top-column elementor-element elementor-element-3cc295e\" data-id=\"3cc295e\" data-element_type=\"column\" data-e-type=\"column\">\n\t\t\t<div class=\"elementor-widget-wrap elementor-element-populated\">\n\t\t\t\t\t\t<div class=\"elementor-element elementor-element-0175531 elementor-widget elementor-widget-image\" data-id=\"0175531\" data-element_type=\"widget\" data-e-type=\"widget\" data-widget_type=\"image.default\">\n\t\t\t\t<div class=\"elementor-widget-container\">\n\t\t\t\t\t\t\t\t\t\t\t\t<figure class=\"wp-caption\">\n\t\t\t\t\t\t\t\t\t\t<img loading=\"lazy\" decoding=\"async\" width=\"1024\" height=\"768\" src=\"https:\/\/www.ebroresilience.com\/wp-content\/uploads\/2024\/11\/JAVIER-SANCHEZ-1024x768.jpg\" class=\"attachment-large size-large wp-image-12615\" alt=\"Francisco Javier S\u00e1nchez. Subdirector General de Protecci\u00f3n de las Aguas y Gesti\u00f3n de Riesgos de la Direcci\u00f3n General del Agua del Ministerio para la Transici\u00f3n Ecol\u00f3gica y el Reto Demogr\u00e1fico\" srcset=\"https:\/\/www.ebroresilience.com\/wp-content\/uploads\/2024\/11\/JAVIER-SANCHEZ-1024x768.jpg 1024w, https:\/\/www.ebroresilience.com\/wp-content\/uploads\/2024\/11\/JAVIER-SANCHEZ-300x225.jpg 300w, https:\/\/www.ebroresilience.com\/wp-content\/uploads\/2024\/11\/JAVIER-SANCHEZ-768x576.jpg 768w, https:\/\/www.ebroresilience.com\/wp-content\/uploads\/2024\/11\/JAVIER-SANCHEZ-1536x1152.jpg 1536w, https:\/\/www.ebroresilience.com\/wp-content\/uploads\/2024\/11\/JAVIER-SANCHEZ-2048x1536.jpg 2048w, https:\/\/www.ebroresilience.com\/wp-content\/uploads\/2024\/11\/JAVIER-SANCHEZ-195x146.jpg 195w, https:\/\/www.ebroresilience.com\/wp-content\/uploads\/2024\/11\/JAVIER-SANCHEZ-50x38.jpg 50w, https:\/\/www.ebroresilience.com\/wp-content\/uploads\/2024\/11\/JAVIER-SANCHEZ-100x75.jpg 100w, https:\/\/www.ebroresilience.com\/wp-content\/uploads\/2024\/11\/JAVIER-SANCHEZ-960x720.jpg 960w\" sizes=\"(max-width:767px) 480px, (max-width:1024px) 100vw, 1024px\" \/>\t\t\t\t\t\t\t\t\t\t\t<figcaption class=\"widget-image-caption wp-caption-text\">oplus_0<\/figcaption>\n\t\t\t\t\t\t\t\t\t\t<\/figure>\n\t\t\t\t\t\t\t\t\t<\/div>\n\t\t\t\t<\/div>\n\t\t\t\t\t<\/div>\n\t\t<\/div>\n\t\t\t\t<div class=\"elementor-column elementor-col-33 elementor-top-column elementor-element elementor-element-f54fd5d\" data-id=\"f54fd5d\" data-element_type=\"column\" data-e-type=\"column\">\n\t\t\t<div class=\"elementor-widget-wrap elementor-element-populated\">\n\t\t\t\t\t\t<div class=\"elementor-element elementor-element-dff00cb elementor-widget elementor-widget-image\" data-id=\"dff00cb\" data-element_type=\"widget\" data-e-type=\"widget\" data-widget_type=\"image.default\">\n\t\t\t\t<div class=\"elementor-widget-container\">\n\t\t\t\t\t\t\t\t\t\t\t\t<figure class=\"wp-caption\">\n\t\t\t\t\t\t\t\t\t\t<img loading=\"lazy\" decoding=\"async\" width=\"1024\" height=\"768\" src=\"https:\/\/www.ebroresilience.com\/wp-content\/uploads\/2024\/11\/MANUEL-BLASCO-1024x768.jpg\" class=\"attachment-large size-large wp-image-12611\" alt=\"Manuel Blasco\" srcset=\"https:\/\/www.ebroresilience.com\/wp-content\/uploads\/2024\/11\/MANUEL-BLASCO-1024x768.jpg 1024w, https:\/\/www.ebroresilience.com\/wp-content\/uploads\/2024\/11\/MANUEL-BLASCO-300x225.jpg 300w, https:\/\/www.ebroresilience.com\/wp-content\/uploads\/2024\/11\/MANUEL-BLASCO-768x576.jpg 768w, https:\/\/www.ebroresilience.com\/wp-content\/uploads\/2024\/11\/MANUEL-BLASCO-1536x1152.jpg 1536w, https:\/\/www.ebroresilience.com\/wp-content\/uploads\/2024\/11\/MANUEL-BLASCO-2048x1536.jpg 2048w, https:\/\/www.ebroresilience.com\/wp-content\/uploads\/2024\/11\/MANUEL-BLASCO-195x146.jpg 195w, https:\/\/www.ebroresilience.com\/wp-content\/uploads\/2024\/11\/MANUEL-BLASCO-50x38.jpg 50w, https:\/\/www.ebroresilience.com\/wp-content\/uploads\/2024\/11\/MANUEL-BLASCO-100x75.jpg 100w, https:\/\/www.ebroresilience.com\/wp-content\/uploads\/2024\/11\/MANUEL-BLASCO-960x720.jpg 960w\" sizes=\"(max-width:767px) 480px, (max-width:1024px) 100vw, 1024px\" \/>\t\t\t\t\t\t\t\t\t\t\t<figcaption class=\"widget-image-caption wp-caption-text\">oplus_0<\/figcaption>\n\t\t\t\t\t\t\t\t\t\t<\/figure>\n\t\t\t\t\t\t\t\t\t<\/div>\n\t\t\t\t<\/div>\n\t\t\t\t\t<\/div>\n\t\t<\/div>\n\t\t\t\t\t<\/div>\n\t\t<\/section>\n\t\t\t\t<section class=\"elementor-section elementor-top-section elementor-element elementor-element-79c762d elementor-section-boxed elementor-section-height-default elementor-section-height-default\" data-id=\"79c762d\" data-element_type=\"section\" data-e-type=\"section\">\n\t\t\t\t\t\t<div class=\"elementor-container elementor-column-gap-default\">\n\t\t\t\t\t<div class=\"elementor-column elementor-col-33 elementor-top-column elementor-element elementor-element-69dfbec\" data-id=\"69dfbec\" data-element_type=\"column\" data-e-type=\"column\">\n\t\t\t<div class=\"elementor-widget-wrap elementor-element-populated\">\n\t\t\t\t\t\t<div class=\"elementor-element elementor-element-a9ed2b2 elementor-widget elementor-widget-image\" data-id=\"a9ed2b2\" data-element_type=\"widget\" data-e-type=\"widget\" data-widget_type=\"image.default\">\n\t\t\t\t<div class=\"elementor-widget-container\">\n\t\t\t\t\t\t\t\t\t\t\t\t<figure class=\"wp-caption\">\n\t\t\t\t\t\t\t\t\t\t<img loading=\"lazy\" decoding=\"async\" width=\"1024\" height=\"768\" src=\"https:\/\/www.ebroresilience.com\/wp-content\/uploads\/2024\/11\/ALCALDESA-DE-FUENTES-1024x768.jpg\" class=\"attachment-large size-large wp-image-12617\" alt=\"Mar\u00eda Pilar Palac\u00edn. Alcaldesa de Fuentes de Ebro\" srcset=\"https:\/\/www.ebroresilience.com\/wp-content\/uploads\/2024\/11\/ALCALDESA-DE-FUENTES-1024x768.jpg 1024w, https:\/\/www.ebroresilience.com\/wp-content\/uploads\/2024\/11\/ALCALDESA-DE-FUENTES-300x225.jpg 300w, https:\/\/www.ebroresilience.com\/wp-content\/uploads\/2024\/11\/ALCALDESA-DE-FUENTES-768x576.jpg 768w, https:\/\/www.ebroresilience.com\/wp-content\/uploads\/2024\/11\/ALCALDESA-DE-FUENTES-1536x1152.jpg 1536w, https:\/\/www.ebroresilience.com\/wp-content\/uploads\/2024\/11\/ALCALDESA-DE-FUENTES-2048x1536.jpg 2048w, https:\/\/www.ebroresilience.com\/wp-content\/uploads\/2024\/11\/ALCALDESA-DE-FUENTES-195x146.jpg 195w, https:\/\/www.ebroresilience.com\/wp-content\/uploads\/2024\/11\/ALCALDESA-DE-FUENTES-50x38.jpg 50w, https:\/\/www.ebroresilience.com\/wp-content\/uploads\/2024\/11\/ALCALDESA-DE-FUENTES-100x75.jpg 100w, https:\/\/www.ebroresilience.com\/wp-content\/uploads\/2024\/11\/ALCALDESA-DE-FUENTES-960x720.jpg 960w\" sizes=\"(max-width:767px) 480px, (max-width:1024px) 100vw, 1024px\" \/>\t\t\t\t\t\t\t\t\t\t\t<figcaption class=\"widget-image-caption wp-caption-text\">oplus_0<\/figcaption>\n\t\t\t\t\t\t\t\t\t\t<\/figure>\n\t\t\t\t\t\t\t\t\t<\/div>\n\t\t\t\t<\/div>\n\t\t\t\t\t<\/div>\n\t\t<\/div>\n\t\t\t\t<div class=\"elementor-column elementor-col-33 elementor-top-column elementor-element elementor-element-b193c33\" data-id=\"b193c33\" data-element_type=\"column\" data-e-type=\"column\">\n\t\t\t<div class=\"elementor-widget-wrap elementor-element-populated\">\n\t\t\t\t\t\t<div class=\"elementor-element elementor-element-974c781 elementor-widget elementor-widget-image\" data-id=\"974c781\" data-element_type=\"widget\" data-e-type=\"widget\" data-widget_type=\"image.default\">\n\t\t\t\t<div class=\"elementor-widget-container\">\n\t\t\t\t\t\t\t\t\t\t\t\t<figure class=\"wp-caption\">\n\t\t\t\t\t\t\t\t\t\t<img loading=\"lazy\" decoding=\"async\" width=\"1024\" height=\"768\" src=\"https:\/\/www.ebroresilience.com\/wp-content\/uploads\/2024\/11\/DIRECTOR-DGENERAL-DE-LA-RIOJA-1024x768.jpg\" class=\"attachment-large size-large wp-image-12619\" alt=\"Jos\u00e9 Mar\u00eda Infante. Director General de Calidad Ambiental del Gobierno de Navarra\" srcset=\"https:\/\/www.ebroresilience.com\/wp-content\/uploads\/2024\/11\/DIRECTOR-DGENERAL-DE-LA-RIOJA-1024x768.jpg 1024w, https:\/\/www.ebroresilience.com\/wp-content\/uploads\/2024\/11\/DIRECTOR-DGENERAL-DE-LA-RIOJA-300x225.jpg 300w, https:\/\/www.ebroresilience.com\/wp-content\/uploads\/2024\/11\/DIRECTOR-DGENERAL-DE-LA-RIOJA-768x576.jpg 768w, https:\/\/www.ebroresilience.com\/wp-content\/uploads\/2024\/11\/DIRECTOR-DGENERAL-DE-LA-RIOJA-1536x1152.jpg 1536w, https:\/\/www.ebroresilience.com\/wp-content\/uploads\/2024\/11\/DIRECTOR-DGENERAL-DE-LA-RIOJA-2048x1536.jpg 2048w, https:\/\/www.ebroresilience.com\/wp-content\/uploads\/2024\/11\/DIRECTOR-DGENERAL-DE-LA-RIOJA-195x146.jpg 195w, https:\/\/www.ebroresilience.com\/wp-content\/uploads\/2024\/11\/DIRECTOR-DGENERAL-DE-LA-RIOJA-50x38.jpg 50w, https:\/\/www.ebroresilience.com\/wp-content\/uploads\/2024\/11\/DIRECTOR-DGENERAL-DE-LA-RIOJA-100x75.jpg 100w, https:\/\/www.ebroresilience.com\/wp-content\/uploads\/2024\/11\/DIRECTOR-DGENERAL-DE-LA-RIOJA-960x720.jpg 960w\" sizes=\"(max-width:767px) 480px, (max-width:1024px) 100vw, 1024px\" \/>\t\t\t\t\t\t\t\t\t\t\t<figcaption class=\"widget-image-caption wp-caption-text\">oplus_0<\/figcaption>\n\t\t\t\t\t\t\t\t\t\t<\/figure>\n\t\t\t\t\t\t\t\t\t<\/div>\n\t\t\t\t<\/div>\n\t\t\t\t\t<\/div>\n\t\t<\/div>\n\t\t\t\t<div class=\"elementor-column elementor-col-33 elementor-top-column elementor-element elementor-element-854e905\" data-id=\"854e905\" data-element_type=\"column\" data-e-type=\"column\">\n\t\t\t<div class=\"elementor-widget-wrap elementor-element-populated\">\n\t\t\t\t\t\t<div class=\"elementor-element elementor-element-5166ab1 elementor-widget elementor-widget-image\" data-id=\"5166ab1\" data-element_type=\"widget\" data-e-type=\"widget\" data-widget_type=\"image.default\">\n\t\t\t\t<div class=\"elementor-widget-container\">\n\t\t\t\t\t\t\t\t\t\t\t\t<figure class=\"wp-caption\">\n\t\t\t\t\t\t\t\t\t\t<img loading=\"lazy\" decoding=\"async\" width=\"1024\" height=\"768\" src=\"https:\/\/www.ebroresilience.com\/wp-content\/uploads\/2024\/11\/PRESIDENTE-DE-LA-CHE-1024x768.jpg\" class=\"attachment-large size-large wp-image-12621\" alt=\"Carlos Arrazola. Presidente de la Confederaci\u00f3n Hidrogr\u00e1fica del Ebro\" srcset=\"https:\/\/www.ebroresilience.com\/wp-content\/uploads\/2024\/11\/PRESIDENTE-DE-LA-CHE-1024x768.jpg 1024w, https:\/\/www.ebroresilience.com\/wp-content\/uploads\/2024\/11\/PRESIDENTE-DE-LA-CHE-300x225.jpg 300w, https:\/\/www.ebroresilience.com\/wp-content\/uploads\/2024\/11\/PRESIDENTE-DE-LA-CHE-768x576.jpg 768w, https:\/\/www.ebroresilience.com\/wp-content\/uploads\/2024\/11\/PRESIDENTE-DE-LA-CHE-1536x1152.jpg 1536w, https:\/\/www.ebroresilience.com\/wp-content\/uploads\/2024\/11\/PRESIDENTE-DE-LA-CHE-2048x1536.jpg 2048w, https:\/\/www.ebroresilience.com\/wp-content\/uploads\/2024\/11\/PRESIDENTE-DE-LA-CHE-195x146.jpg 195w, https:\/\/www.ebroresilience.com\/wp-content\/uploads\/2024\/11\/PRESIDENTE-DE-LA-CHE-50x38.jpg 50w, https:\/\/www.ebroresilience.com\/wp-content\/uploads\/2024\/11\/PRESIDENTE-DE-LA-CHE-100x75.jpg 100w, https:\/\/www.ebroresilience.com\/wp-content\/uploads\/2024\/11\/PRESIDENTE-DE-LA-CHE-960x720.jpg 960w\" sizes=\"(max-width:767px) 480px, (max-width:1024px) 100vw, 1024px\" \/>\t\t\t\t\t\t\t\t\t\t\t<figcaption class=\"widget-image-caption wp-caption-text\">oplus_0<\/figcaption>\n\t\t\t\t\t\t\t\t\t\t<\/figure>\n\t\t\t\t\t\t\t\t\t<\/div>\n\t\t\t\t<\/div>\n\t\t\t\t\t<\/div>\n\t\t<\/div>\n\t\t\t\t\t<\/div>\n\t\t<\/section>\n\t\t\t\t<section class=\"elementor-section elementor-top-section elementor-element elementor-element-5982fe8 elementor-section-boxed elementor-section-height-default elementor-section-height-default\" data-id=\"5982fe8\" data-element_type=\"section\" data-e-type=\"section\">\n\t\t\t\t\t\t<div class=\"elementor-container elementor-column-gap-default\">\n\t\t\t\t\t<div class=\"elementor-column elementor-col-100 elementor-top-column elementor-element elementor-element-b77a08d\" data-id=\"b77a08d\" data-element_type=\"column\" data-e-type=\"column\">\n\t\t\t<div class=\"elementor-widget-wrap elementor-element-populated\">\n\t\t\t\t\t\t<div class=\"elementor-element elementor-element-1ab4eb3 elementor-widget elementor-widget-text-editor\" data-id=\"1ab4eb3\" data-element_type=\"widget\" data-e-type=\"widget\" data-widget_type=\"text-editor.default\">\n\t\t\t\t<div class=\"elementor-widget-container\">\n\t\t\t\t\t\t\t\t\t<p><strong>LIFE project data and status  <\/strong><\/p>\n<p>LIFE Ebro Resilience P1 was approved by the European Commission with a <strong>budget of <\/strong><strong>13,310,350 \u20ac<\/strong><strong>,<\/strong><strong> 55% European funding and a term of execution until 2027. <\/strong> <\/p>\n<p>It is an <strong>innovative proposal<\/strong> to address the phenomenon of flooding in the middle stretch of the Ebro, with a <strong>new management approach that moves from confrontation with the river to a fluvial model based on adaptation.<\/strong><\/p>\n<p>Its objective is <strong>that the population and economic activities coexist with an Ebro in a good state of conservation <\/strong>without the inevitable floods causing significant damage.<\/p>\n<p>In total, 60 hectares will be recovered as river space, of which 20 hectares will be converted into river forest.<\/p>\n<p>To make the middle stretch of the Ebro more resilient to flooding, two intervention zones have been defined, Alfaro-Castej\u00f3n, with actions to recover space for the river and solutions based on nature, and Osera de Ebro &#8211; Fuentes de Ebro, with a novel proposal to make an intensively cultivated agricultural area compatible with the passage of floods.<\/p>\n<p>And all of it:<\/p>\n<ol>\n<li>With the <strong>involvement of the population as a transversal axis of the actions and an inseparable part of flood management<\/strong><strong>.<\/strong><\/li>\n<li><strong>Strengthening the social capacities of local administrations in the intervention zones, key sectors and the population in general, <\/strong>creating collaboration networks and increasing knowledge on how to adapt to these natural disasters.<\/li>\n<\/ol>\n\t\t\t\t\t\t\t\t<\/div>\n\t\t\t\t<\/div>\n\t\t\t\t\t<\/div>\n\t\t<\/div>\n\t\t\t\t\t<\/div>\n\t\t<\/section>\n\t\t\t\t<section class=\"elementor-section elementor-top-section elementor-element elementor-element-2000840 elementor-section-boxed elementor-section-height-default elementor-section-height-default\" data-id=\"2000840\" data-element_type=\"section\" data-e-type=\"section\">\n\t\t\t\t\t\t<div class=\"elementor-container elementor-column-gap-default\">\n\t\t\t\t\t<div class=\"elementor-column elementor-col-100 elementor-top-column elementor-element elementor-element-8c20170\" data-id=\"8c20170\" data-element_type=\"column\" data-e-type=\"column\">\n\t\t\t<div class=\"elementor-widget-wrap elementor-element-populated\">\n\t\t\t\t\t\t<div class=\"elementor-element elementor-element-1381495 elementor-widget elementor-widget-video\" data-id=\"1381495\" data-element_type=\"widget\" data-e-type=\"widget\" data-settings=\"{&quot;youtube_url&quot;:&quot;https:\\\/\\\/youtu.be\\\/7emyq7ui1Fg&quot;,&quot;video_type&quot;:&quot;youtube&quot;,&quot;controls&quot;:&quot;yes&quot;}\" data-widget_type=\"video.default\">\n\t\t\t\t<div class=\"elementor-widget-container\">\n\t\t\t\t\t\t\t<div class=\"elementor-wrapper elementor-open-inline\">\n\t\t\t<div class=\"elementor-video\"><\/div>\t\t<\/div>\n\t\t\t\t\t\t<\/div>\n\t\t\t\t<\/div>\n\t\t\t\t\t<\/div>\n\t\t<\/div>\n\t\t\t\t\t<\/div>\n\t\t<\/section>\n\t\t\t\t<section class=\"elementor-section elementor-top-section elementor-element elementor-element-ce7c039 elementor-section-boxed elementor-section-height-default elementor-section-height-default\" data-id=\"ce7c039\" data-element_type=\"section\" data-e-type=\"section\">\n\t\t\t\t\t\t<div class=\"elementor-container elementor-column-gap-default\">\n\t\t\t\t\t<div class=\"elementor-column elementor-col-100 elementor-top-column elementor-element elementor-element-84c8695\" data-id=\"84c8695\" data-element_type=\"column\" data-e-type=\"column\">\n\t\t\t<div class=\"elementor-widget-wrap elementor-element-populated\">\n\t\t\t\t\t\t<div class=\"elementor-element elementor-element-939d8f5 elementor-widget elementor-widget-text-editor\" data-id=\"939d8f5\" data-element_type=\"widget\" data-e-type=\"widget\" data-widget_type=\"text-editor.default\">\n\t\t\t\t<div class=\"elementor-widget-container\">\n\t\t\t\t\t\t\t\t\t<p><strong>Alfaro-Castej\u00f3n<\/strong><\/p>\n<p><strong>Zone 1 between Alfaro and Castej\u00f3n<\/strong> is the demonstration section of the project, with the implementation of natural water retention measures in a consecutive manner that will reduce the negative effects of flooding at the section level. This is materialized in the recovery of meanders of the Ebro river as a fluvial space, eliminating narrowing areas and, in addition, reconnecting riparian forests and recovering old river branches. The main intervention is the removal of defensive dykes and the restoration of three meanders, La Roza and Soto de Alfaro, in Alfaro (La Rioja) and El Se\u00f1or\u00edo, in Castej\u00f3n (Navarra).  <\/p>\n<p>Important figures,  <strong>800 hectares will be improved against the Ebro floods, 60 hectares of space will be recovered for the river and 20 hectares of riparian forest will be added. In addition, 2 hectares of invasive plant species will be removed. <\/strong><\/p>\n<p>The intervention of morphological adequacy in the Ebro in the <strong>meander of La Roza<\/strong>, in Alfaro, executed by the Hydrographic Confederation of the Ebro, through the public company TRAGSA, ended in November 2023. This work, with a budget of 2.2 million euros and which has included the improvement of the drainage capacity of the eyes of the railroad bridge, has already demonstrated its positive effect during the flood events of early 2024. It has also increased the protected area in the Natura 2000 Network by 22 hectares.  <\/p>\n<p>The environmental restoration of the recovered meander, an intervention being carried out by the Government of La Rioja, is just a part of the plantings away from completion.<\/p>\n\t\t\t\t\t\t\t\t<\/div>\n\t\t\t\t<\/div>\n\t\t\t\t\t<\/div>\n\t\t<\/div>\n\t\t\t\t\t<\/div>\n\t\t<\/section>\n\t\t\t\t<section class=\"elementor-section elementor-top-section elementor-element elementor-element-c2716db elementor-section-boxed elementor-section-height-default elementor-section-height-default\" data-id=\"c2716db\" data-element_type=\"section\" data-e-type=\"section\">\n\t\t\t\t\t\t<div class=\"elementor-container elementor-column-gap-default\">\n\t\t\t\t\t<div class=\"elementor-column elementor-col-100 elementor-top-column elementor-element elementor-element-b1f6ecf\" data-id=\"b1f6ecf\" data-element_type=\"column\" data-e-type=\"column\">\n\t\t\t<div class=\"elementor-widget-wrap elementor-element-populated\">\n\t\t\t\t\t\t<div class=\"elementor-element elementor-element-8ddb50b elementor-widget elementor-widget-image\" data-id=\"8ddb50b\" data-element_type=\"widget\" data-e-type=\"widget\" data-widget_type=\"image.default\">\n\t\t\t\t<div class=\"elementor-widget-container\">\n\t\t\t\t\t\t\t\t\t\t\t\t<figure class=\"wp-caption\">\n\t\t\t\t\t\t\t\t\t\t<img loading=\"lazy\" decoding=\"async\" width=\"1024\" height=\"345\" src=\"https:\/\/www.ebroresilience.com\/wp-content\/uploads\/2024\/11\/WhatsApp-Image-2024-11-05-at-19.27.20-1024x345.jpeg\" class=\"attachment-large size-large wp-image-12588\" alt=\"Meandro de La Roza, en Alfaro, La Rioja recuperado como espacio fluvial y con vegetaci\u00f3n ya crecida\" srcset=\"https:\/\/www.ebroresilience.com\/wp-content\/uploads\/2024\/11\/WhatsApp-Image-2024-11-05-at-19.27.20-1024x345.jpeg 1024w, https:\/\/www.ebroresilience.com\/wp-content\/uploads\/2024\/11\/WhatsApp-Image-2024-11-05-at-19.27.20-300x101.jpeg 300w, https:\/\/www.ebroresilience.com\/wp-content\/uploads\/2024\/11\/WhatsApp-Image-2024-11-05-at-19.27.20-768x259.jpeg 768w, https:\/\/www.ebroresilience.com\/wp-content\/uploads\/2024\/11\/WhatsApp-Image-2024-11-05-at-19.27.20-1536x517.jpeg 1536w, https:\/\/www.ebroresilience.com\/wp-content\/uploads\/2024\/11\/WhatsApp-Image-2024-11-05-at-19.27.20-260x88.jpeg 260w, https:\/\/www.ebroresilience.com\/wp-content\/uploads\/2024\/11\/WhatsApp-Image-2024-11-05-at-19.27.20-50x17.jpeg 50w, https:\/\/www.ebroresilience.com\/wp-content\/uploads\/2024\/11\/WhatsApp-Image-2024-11-05-at-19.27.20-150x51.jpeg 150w, https:\/\/www.ebroresilience.com\/wp-content\/uploads\/2024\/11\/WhatsApp-Image-2024-11-05-at-19.27.20.jpeg 1600w\" sizes=\"(max-width:767px) 480px, (max-width:1024px) 100vw, 1024px\" \/>\t\t\t\t\t\t\t\t\t\t\t<figcaption class=\"widget-image-caption wp-caption-text\">Meandro de La Roza, en Alfaro, La Rioja recuperado como espacio fluvial <\/figcaption>\n\t\t\t\t\t\t\t\t\t\t<\/figure>\n\t\t\t\t\t\t\t\t\t<\/div>\n\t\t\t\t<\/div>\n\t\t\t\t\t<\/div>\n\t\t<\/div>\n\t\t\t\t\t<\/div>\n\t\t<\/section>\n\t\t\t\t<section class=\"elementor-section elementor-top-section elementor-element elementor-element-7e9fdd3 elementor-section-boxed elementor-section-height-default elementor-section-height-default\" data-id=\"7e9fdd3\" data-element_type=\"section\" data-e-type=\"section\">\n\t\t\t\t\t\t<div class=\"elementor-container elementor-column-gap-default\">\n\t\t\t\t\t<div class=\"elementor-column elementor-col-100 elementor-top-column elementor-element elementor-element-f4b85c7\" data-id=\"f4b85c7\" data-element_type=\"column\" data-e-type=\"column\">\n\t\t\t<div class=\"elementor-widget-wrap elementor-element-populated\">\n\t\t\t\t\t\t<div class=\"elementor-element elementor-element-25e0b68 elementor-widget elementor-widget-text-editor\" data-id=\"25e0b68\" data-element_type=\"widget\" data-e-type=\"widget\" data-widget_type=\"text-editor.default\">\n\t\t\t\t<div class=\"elementor-widget-container\">\n\t\t\t\t\t\t\t\t\t<p>In the <strong>Soto de Alfaro<\/strong>, a project is currently underway to reopen 60 hectares of lost river branches in the meander. These recovered branches will promote its role as a fluvial space in situations of flooding of the Ebro River.  This is a clear example of applying nature-based solutions to reduce the risk of flooding.<\/p>\n<p>For its part, the intervention in the meander of <strong>El Se\u00f1or\u00edo, in Castej\u00f3n<\/strong>, has just started with phase 1 of environmental restoration carried out by Gesti\u00f3n Ambiental de Navarra. The intervention of morphological adaptation, which consists of the recovery of the meander as a space for the river and which will be carried out by the CHE, is pending the availability of land. <\/p>\n\t\t\t\t\t\t\t\t<\/div>\n\t\t\t\t<\/div>\n\t\t\t\t\t<\/div>\n\t\t<\/div>\n\t\t\t\t\t<\/div>\n\t\t<\/section>\n\t\t\t\t<section class=\"elementor-section elementor-top-section elementor-element elementor-element-b890887 elementor-section-boxed elementor-section-height-default elementor-section-height-default\" data-id=\"b890887\" data-element_type=\"section\" data-e-type=\"section\">\n\t\t\t\t\t\t<div class=\"elementor-container elementor-column-gap-default\">\n\t\t\t\t\t<div class=\"elementor-column elementor-col-100 elementor-top-column elementor-element elementor-element-7acbf08\" data-id=\"7acbf08\" data-element_type=\"column\" data-e-type=\"column\">\n\t\t\t<div class=\"elementor-widget-wrap elementor-element-populated\">\n\t\t\t\t\t\t<div class=\"elementor-element elementor-element-a4ba742 elementor-widget elementor-widget-image\" data-id=\"a4ba742\" data-element_type=\"widget\" data-e-type=\"widget\" data-widget_type=\"image.default\">\n\t\t\t\t<div class=\"elementor-widget-container\">\n\t\t\t\t\t\t\t\t\t\t\t\t<figure class=\"wp-caption\">\n\t\t\t\t\t\t\t\t\t\t<img loading=\"lazy\" decoding=\"async\" width=\"1024\" height=\"682\" src=\"https:\/\/www.ebroresilience.com\/wp-content\/uploads\/2024\/10\/Diseno-sin-titulo-15-1024x682.png\" class=\"attachment-large size-large wp-image-12528\" alt=\"Work begins on the left bank of the Ebro in El Se\u00f1or\u00edo\" srcset=\"https:\/\/www.ebroresilience.com\/wp-content\/uploads\/2024\/10\/Diseno-sin-titulo-15-1024x682.png 1024w, https:\/\/www.ebroresilience.com\/wp-content\/uploads\/2024\/10\/Diseno-sin-titulo-15-300x200.png 300w, https:\/\/www.ebroresilience.com\/wp-content\/uploads\/2024\/10\/Diseno-sin-titulo-15-768x512.png 768w, https:\/\/www.ebroresilience.com\/wp-content\/uploads\/2024\/10\/Diseno-sin-titulo-15-1536x1024.png 1536w, https:\/\/www.ebroresilience.com\/wp-content\/uploads\/2024\/10\/Diseno-sin-titulo-15-219x146.png 219w, https:\/\/www.ebroresilience.com\/wp-content\/uploads\/2024\/10\/Diseno-sin-titulo-15-50x33.png 50w, https:\/\/www.ebroresilience.com\/wp-content\/uploads\/2024\/10\/Diseno-sin-titulo-15-113x75.png 113w, https:\/\/www.ebroresilience.com\/wp-content\/uploads\/2024\/10\/Diseno-sin-titulo-15.png 1772w\" sizes=\"(max-width:767px) 480px, (max-width:1024px) 100vw, 1024px\" \/>\t\t\t\t\t\t\t\t\t\t\t<figcaption class=\"widget-image-caption wp-caption-text\">Work begins on the left bank of the Ebro in El Se\u00f1or\u00edo<\/figcaption>\n\t\t\t\t\t\t\t\t\t\t<\/figure>\n\t\t\t\t\t\t\t\t\t<\/div>\n\t\t\t\t<\/div>\n\t\t\t\t\t<\/div>\n\t\t<\/div>\n\t\t\t\t\t<\/div>\n\t\t<\/section>\n\t\t\t\t<section class=\"elementor-section elementor-top-section elementor-element elementor-element-364057d elementor-section-boxed elementor-section-height-default elementor-section-height-default\" data-id=\"364057d\" data-element_type=\"section\" data-e-type=\"section\">\n\t\t\t\t\t\t<div class=\"elementor-container elementor-column-gap-default\">\n\t\t\t\t\t<div class=\"elementor-column elementor-col-100 elementor-top-column elementor-element elementor-element-6d95bca\" data-id=\"6d95bca\" data-element_type=\"column\" data-e-type=\"column\">\n\t\t\t<div class=\"elementor-widget-wrap elementor-element-populated\">\n\t\t\t\t\t\t<div class=\"elementor-element elementor-element-2dfc703 elementor-widget elementor-widget-text-editor\" data-id=\"2dfc703\" data-element_type=\"widget\" data-e-type=\"widget\" data-widget_type=\"text-editor.default\">\n\t\t\t\t<div class=\"elementor-widget-container\">\n\t\t\t\t\t\t\t\t\t<p><strong>Osera de Ebro &#8211; Fuentes de Ebro<\/strong><\/p>\n<p><strong>Zone 2 corresponds to the Aragonese section between Osera de Ebro and Fuentes de Ebro<\/strong>, in Zaragoza, which corresponds to the pilot proposal of the project. Here <strong>a novel intervention has been designed that will make it possible to reconcile an intensively cultivated agricultural area with the passage of floods.<\/strong> <\/p>\n<p>For this purpose, the creation of <strong>lateral flow buffer zones<\/strong> has been planned. These buffer zones will compartmentalize farms into areas that will be pre-flooded just before the levees overflow, creating water buffers that will minimize damage to farms and infrastructure.<\/p>\n<p>In addition, the capacity of the riverbed will be increased, recovering fluvial space by recessing two sections of the defense dike. These new river areas will be environmentally restored.<\/p>\n<p>The works for the implementation of the lateral flow buffer zones and the recovery of fluvial space will be undertaken by TRAGSA under the direction of the CHE. The Government of Aragon will carry out the adaptation of the irrigation system and environmental restoration.<\/p>\n<p>The irrigation system adaptation project, which is already in its second phase<strong>, <\/strong> is currently underway in this section, and the project to recess the dikes in the mejana del Conde and the meander of Aguilar has also just started.  <\/p>\n<p>This section <strong>will improve the flood situation of 350 hectares; 27 hectares of river space will be recovered, of which 5 hectares will be converted into riparian forests and the area of riparian habitats will be increased by 50%.<\/strong><\/p>\n\t\t\t\t\t\t\t\t<\/div>\n\t\t\t\t<\/div>\n\t\t\t\t\t<\/div>\n\t\t<\/div>\n\t\t\t\t\t<\/div>\n\t\t<\/section>\n\t\t\t\t<section class=\"elementor-section elementor-top-section elementor-element elementor-element-ca67a91 elementor-section-boxed elementor-section-height-default elementor-section-height-default\" data-id=\"ca67a91\" data-element_type=\"section\" data-e-type=\"section\">\n\t\t\t\t\t\t<div class=\"elementor-container elementor-column-gap-default\">\n\t\t\t\t\t<div class=\"elementor-column elementor-col-100 elementor-top-column elementor-element elementor-element-ff1f327\" data-id=\"ff1f327\" data-element_type=\"column\" data-e-type=\"column\">\n\t\t\t<div class=\"elementor-widget-wrap elementor-element-populated\">\n\t\t\t\t\t\t<div class=\"elementor-element elementor-element-b661dd9 elementor-widget elementor-widget-image\" data-id=\"b661dd9\" data-element_type=\"widget\" data-e-type=\"widget\" data-widget_type=\"image.default\">\n\t\t\t\t<div class=\"elementor-widget-container\">\n\t\t\t\t\t\t\t\t\t\t\t\t<figure class=\"wp-caption\">\n\t\t\t\t\t\t\t\t\t\t<img loading=\"lazy\" decoding=\"async\" width=\"1024\" height=\"767\" src=\"https:\/\/www.ebroresilience.com\/wp-content\/uploads\/2024\/10\/WhatsApp-Image-2024-10-30-at-12.44.34-1-1024x767.jpeg\" class=\"attachment-large size-large wp-image-12531\" alt=\"Inicio de los trabajos para retranqueo de dique en la mejana del Conde en Fuente de Ebro\" srcset=\"https:\/\/www.ebroresilience.com\/wp-content\/uploads\/2024\/10\/WhatsApp-Image-2024-10-30-at-12.44.34-1-1024x767.jpeg 1024w, https:\/\/www.ebroresilience.com\/wp-content\/uploads\/2024\/10\/WhatsApp-Image-2024-10-30-at-12.44.34-1-300x225.jpeg 300w, https:\/\/www.ebroresilience.com\/wp-content\/uploads\/2024\/10\/WhatsApp-Image-2024-10-30-at-12.44.34-1-768x575.jpeg 768w, https:\/\/www.ebroresilience.com\/wp-content\/uploads\/2024\/10\/WhatsApp-Image-2024-10-30-at-12.44.34-1-1536x1151.jpeg 1536w, https:\/\/www.ebroresilience.com\/wp-content\/uploads\/2024\/10\/WhatsApp-Image-2024-10-30-at-12.44.34-1-195x146.jpeg 195w, https:\/\/www.ebroresilience.com\/wp-content\/uploads\/2024\/10\/WhatsApp-Image-2024-10-30-at-12.44.34-1-50x37.jpeg 50w, https:\/\/www.ebroresilience.com\/wp-content\/uploads\/2024\/10\/WhatsApp-Image-2024-10-30-at-12.44.34-1-100x75.jpeg 100w, https:\/\/www.ebroresilience.com\/wp-content\/uploads\/2024\/10\/WhatsApp-Image-2024-10-30-at-12.44.34-1-960x720.jpeg 960w, https:\/\/www.ebroresilience.com\/wp-content\/uploads\/2024\/10\/WhatsApp-Image-2024-10-30-at-12.44.34-1.jpeg 2048w\" sizes=\"(max-width:767px) 480px, (max-width:1024px) 100vw, 1024px\" \/>\t\t\t\t\t\t\t\t\t\t\t<figcaption class=\"widget-image-caption wp-caption-text\">Inicio de los trabajos para retranqueo de dique en la mejana del Conde en Fuente de Ebro<\/figcaption>\n\t\t\t\t\t\t\t\t\t\t<\/figure>\n\t\t\t\t\t\t\t\t\t<\/div>\n\t\t\t\t<\/div>\n\t\t\t\t\t<\/div>\n\t\t<\/div>\n\t\t\t\t\t<\/div>\n\t\t<\/section>\n\t\t\t\t<section class=\"elementor-section elementor-top-section elementor-element elementor-element-8c6e231 elementor-section-boxed elementor-section-height-default elementor-section-height-default\" data-id=\"8c6e231\" data-element_type=\"section\" data-e-type=\"section\">\n\t\t\t\t\t\t<div class=\"elementor-container elementor-column-gap-default\">\n\t\t\t\t\t<div class=\"elementor-column elementor-col-100 elementor-top-column elementor-element elementor-element-8520eb8\" data-id=\"8520eb8\" data-element_type=\"column\" data-e-type=\"column\">\n\t\t\t<div class=\"elementor-widget-wrap elementor-element-populated\">\n\t\t\t\t\t\t<div class=\"elementor-element elementor-element-c35d0a1 elementor-widget elementor-widget-text-editor\" data-id=\"c35d0a1\" data-element_type=\"widget\" data-e-type=\"widget\" data-widget_type=\"text-editor.default\">\n\t\t\t\t<div class=\"elementor-widget-container\">\n\t\t\t\t\t\t\t\t\t<p><strong>Participation in figures<\/strong><\/p>\n<p>The population benefited in the intervention area is <strong>22,870 inhabitants<\/strong>. The LIFE Project is making an important effort to achieve the involvement of the local population, creating spaces for participation that <strong>are a milestone in flood risk management, as there are no previous experiences with the same scope, neither in Spain nor in Europe<\/strong>.<\/p>\n<p>So far, <strong>66 participation sessions<\/strong> have been held <strong>(public conferences, gatherings, meetings of stable groups) with 991 participants<\/strong> and <strong>15 social capacity building actions<\/strong> (talks, hiking trails and interpretive descents along the river) with 447 participants.<\/p>\n<p>In addition to this, teachers were trained in the intervention areas and didactic and educational materials were produced (information sheets, didactic units, suitcases with school material, a game to learn about the flood phenomenon, the publication of a story for children&#8217;s education, etc.).<\/p>\n<p>These experiences <strong>have led to proposals that are being implemented in the project itself<\/strong>, such as the uses of a plot of land freed up in the La Roza meander, proposals for environmental restoration actions and improvements in the construction projects underway.<\/p>\n<p>One of the pilot actions has been the creation of the <strong>Stable Conflict Transformation Group<\/strong>. In order to improve social awareness and understanding of the different dimensions of flood risk management, a stable group of stakeholders from the middle reaches of the Ebro River has been formed, seeking dialogue on flood-related conflicts. <\/p>\n<p>Another avenue explored by the Project is the <strong>so-called co-creation groups<\/strong>, six in total in the area of action (three for the Alfaro-Castej\u00f3n section and three for the Zaragoza area), which bring together the technical representatives of the partners and local stakeholders in a forum that allows continuous participation and greater impact when analyzing proposals and developing them jointly.<\/p>\n<p>The proposal for the <strong>creation of a virtual platform for monitoring the interventions<\/strong>, a citizen science experience to increase the general knowledge of the river and of the LIFE actions, is in the development phase.<\/p>\n<p>Finally, the social capacity building plan aims to increase the population&#8217;s knowledge of the river and includes 16 campaigns aimed at different sectors of the population (technicians, educational sector, communicators, primary sector, environmental sector, general public&#8230;).<\/p>\n\t\t\t\t\t\t\t\t<\/div>\n\t\t\t\t<\/div>\n\t\t\t\t\t<\/div>\n\t\t<\/div>\n\t\t\t\t\t<\/div>\n\t\t<\/section>\n\t\t\t\t<section class=\"elementor-section elementor-top-section elementor-element elementor-element-9520132 elementor-section-boxed elementor-section-height-default elementor-section-height-default\" data-id=\"9520132\" data-element_type=\"section\" data-e-type=\"section\">\n\t\t\t\t\t\t<div class=\"elementor-container elementor-column-gap-default\">\n\t\t\t\t\t<div class=\"elementor-column elementor-col-50 elementor-top-column elementor-element elementor-element-d1a4860\" data-id=\"d1a4860\" data-element_type=\"column\" data-e-type=\"column\">\n\t\t\t<div class=\"elementor-widget-wrap elementor-element-populated\">\n\t\t\t\t\t\t<div class=\"elementor-element elementor-element-a1df26d elementor-widget elementor-widget-image\" data-id=\"a1df26d\" data-element_type=\"widget\" data-e-type=\"widget\" data-widget_type=\"image.default\">\n\t\t\t\t<div class=\"elementor-widget-container\">\n\t\t\t\t\t\t\t\t\t\t\t\t\t\t\t<img loading=\"lazy\" decoding=\"async\" width=\"1024\" height=\"768\" src=\"https:\/\/www.ebroresilience.com\/wp-content\/uploads\/2024\/05\/participacion-de-Fuentes-de-Ebro-1024x768.jpg\" class=\"attachment-large size-large wp-image-11562\" alt=\"\" srcset=\"https:\/\/www.ebroresilience.com\/wp-content\/uploads\/2024\/05\/participacion-de-Fuentes-de-Ebro-1024x768.jpg 1024w, https:\/\/www.ebroresilience.com\/wp-content\/uploads\/2024\/05\/participacion-de-Fuentes-de-Ebro-300x225.jpg 300w, https:\/\/www.ebroresilience.com\/wp-content\/uploads\/2024\/05\/participacion-de-Fuentes-de-Ebro-768x576.jpg 768w, https:\/\/www.ebroresilience.com\/wp-content\/uploads\/2024\/05\/participacion-de-Fuentes-de-Ebro-1536x1152.jpg 1536w, https:\/\/www.ebroresilience.com\/wp-content\/uploads\/2024\/05\/participacion-de-Fuentes-de-Ebro-2048x1536.jpg 2048w, https:\/\/www.ebroresilience.com\/wp-content\/uploads\/2024\/05\/participacion-de-Fuentes-de-Ebro-195x146.jpg 195w, https:\/\/www.ebroresilience.com\/wp-content\/uploads\/2024\/05\/participacion-de-Fuentes-de-Ebro-50x38.jpg 50w, https:\/\/www.ebroresilience.com\/wp-content\/uploads\/2024\/05\/participacion-de-Fuentes-de-Ebro-100x75.jpg 100w, https:\/\/www.ebroresilience.com\/wp-content\/uploads\/2024\/05\/participacion-de-Fuentes-de-Ebro-960x720.jpg 960w\" sizes=\"(max-width:767px) 480px, (max-width:1024px) 100vw, 1024px\" \/>\t\t\t\t\t\t\t\t\t\t\t\t\t\t\t<\/div>\n\t\t\t\t<\/div>\n\t\t\t\t\t<\/div>\n\t\t<\/div>\n\t\t\t\t<div class=\"elementor-column elementor-col-50 elementor-top-column elementor-element elementor-element-2b35018\" data-id=\"2b35018\" data-element_type=\"column\" data-e-type=\"column\">\n\t\t\t<div class=\"elementor-widget-wrap elementor-element-populated\">\n\t\t\t\t\t\t<div class=\"elementor-element elementor-element-d5c4f20 elementor-widget elementor-widget-image\" data-id=\"d5c4f20\" data-element_type=\"widget\" data-e-type=\"widget\" data-widget_type=\"image.default\">\n\t\t\t\t<div class=\"elementor-widget-container\">\n\t\t\t\t\t\t\t\t\t\t\t\t\t\t\t<img loading=\"lazy\" decoding=\"async\" width=\"1024\" height=\"576\" src=\"https:\/\/www.ebroresilience.com\/wp-content\/uploads\/2024\/04\/decenso-para-la-web-1-1024x576.jpeg\" class=\"attachment-large size-large wp-image-10799\" alt=\"Interpretive descent from Ortigoso to El Se\u00f1or\u00edo on the exchange day with LIFE Kantauribai\" srcset=\"https:\/\/www.ebroresilience.com\/wp-content\/uploads\/2024\/04\/decenso-para-la-web-1-1024x576.jpeg 1024w, https:\/\/www.ebroresilience.com\/wp-content\/uploads\/2024\/04\/decenso-para-la-web-1-300x169.jpeg 300w, https:\/\/www.ebroresilience.com\/wp-content\/uploads\/2024\/04\/decenso-para-la-web-1-768x432.jpeg 768w, https:\/\/www.ebroresilience.com\/wp-content\/uploads\/2024\/04\/decenso-para-la-web-1-1536x864.jpeg 1536w, https:\/\/www.ebroresilience.com\/wp-content\/uploads\/2024\/04\/decenso-para-la-web-1-260x146.jpeg 260w, https:\/\/www.ebroresilience.com\/wp-content\/uploads\/2024\/04\/decenso-para-la-web-1-50x28.jpeg 50w, https:\/\/www.ebroresilience.com\/wp-content\/uploads\/2024\/04\/decenso-para-la-web-1-133x75.jpeg 133w, https:\/\/www.ebroresilience.com\/wp-content\/uploads\/2024\/04\/decenso-para-la-web-1.jpeg 2040w\" sizes=\"(max-width:767px) 480px, (max-width:1024px) 100vw, 1024px\" \/>\t\t\t\t\t\t\t\t\t\t\t\t\t\t\t<\/div>\n\t\t\t\t<\/div>\n\t\t\t\t\t<\/div>\n\t\t<\/div>\n\t\t\t\t\t<\/div>\n\t\t<\/section>\n\t\t\t\t<section class=\"elementor-section elementor-top-section elementor-element elementor-element-e5181e2 elementor-section-boxed elementor-section-height-default elementor-section-height-default\" data-id=\"e5181e2\" data-element_type=\"section\" data-e-type=\"section\">\n\t\t\t\t\t\t<div class=\"elementor-container elementor-column-gap-default\">\n\t\t\t\t\t<div class=\"elementor-column elementor-col-100 elementor-top-column elementor-element elementor-element-f2fa6c9\" data-id=\"f2fa6c9\" data-element_type=\"column\" data-e-type=\"column\">\n\t\t\t<div class=\"elementor-widget-wrap elementor-element-populated\">\n\t\t\t\t\t\t<div class=\"elementor-element elementor-element-60c7390 elementor-widget elementor-widget-image\" data-id=\"60c7390\" data-element_type=\"widget\" data-e-type=\"widget\" data-widget_type=\"image.default\">\n\t\t\t\t<div class=\"elementor-widget-container\">\n\t\t\t\t\t\t\t\t\t\t\t\t\t\t\t<img loading=\"lazy\" decoding=\"async\" width=\"1024\" height=\"256\" src=\"https:\/\/www.ebroresilience.com\/wp-content\/uploads\/2024\/01\/Diseno-sin-titulo-56-1024x256.png\" class=\"attachment-large size-large wp-image-9393\" alt=\"\" srcset=\"https:\/\/www.ebroresilience.com\/wp-content\/uploads\/2024\/01\/Diseno-sin-titulo-56-1024x256.png 1024w, https:\/\/www.ebroresilience.com\/wp-content\/uploads\/2024\/01\/Diseno-sin-titulo-56-300x75.png 300w, https:\/\/www.ebroresilience.com\/wp-content\/uploads\/2024\/01\/Diseno-sin-titulo-56-768x192.png 768w, https:\/\/www.ebroresilience.com\/wp-content\/uploads\/2024\/01\/Diseno-sin-titulo-56-1536x384.png 1536w, https:\/\/www.ebroresilience.com\/wp-content\/uploads\/2024\/01\/Diseno-sin-titulo-56-260x65.png 260w, https:\/\/www.ebroresilience.com\/wp-content\/uploads\/2024\/01\/Diseno-sin-titulo-56-50x13.png 50w, https:\/\/www.ebroresilience.com\/wp-content\/uploads\/2024\/01\/Diseno-sin-titulo-56-150x38.png 150w, https:\/\/www.ebroresilience.com\/wp-content\/uploads\/2024\/01\/Diseno-sin-titulo-56.png 2000w\" sizes=\"(max-width:767px) 480px, (max-width:1024px) 100vw, 1024px\" \/>\t\t\t\t\t\t\t\t\t\t\t\t\t\t\t<\/div>\n\t\t\t\t<\/div>\n\t\t\t\t\t<\/div>\n\t\t<\/div>\n\t\t\t\t\t<\/div>\n\t\t<\/section>\n\t\t\t\t<section class=\"elementor-section elementor-top-section elementor-element elementor-element-515b10b elementor-section-boxed elementor-section-height-default elementor-section-height-default\" data-id=\"515b10b\" data-element_type=\"section\" data-e-type=\"section\">\n\t\t\t\t\t\t<div class=\"elementor-container elementor-column-gap-default\">\n\t\t\t\t\t<div class=\"elementor-column elementor-col-100 elementor-top-column elementor-element elementor-element-c88f7de\" data-id=\"c88f7de\" data-element_type=\"column\" data-e-type=\"column\">\n\t\t\t<div class=\"elementor-widget-wrap elementor-element-populated\">\n\t\t\t\t\t\t<div class=\"elementor-element elementor-element-8b8a394 elementor-widget elementor-widget-text-editor\" data-id=\"8b8a394\" data-element_type=\"widget\" data-e-type=\"widget\" data-widget_type=\"text-editor.default\">\n\t\t\t\t<div class=\"elementor-widget-container\">\n\t\t\t\t\t\t\t\t\t<p><strong>Ebro Resilience Strategy  <\/strong><\/p>\n<p>The LIFE Ebro Resilience P1 Project is part of the Ebro Resilience Strategy, which is a framework of collaboration between the different Administrations, as well as other actors, to work in a supportive and coordinated manner in the management of flood risk in the middle stretch of the Ebro River, forming a sub-program of the Flood Risk Management Plan of the Ebro river basin demarcation. In the case of the Strategy, the scope of intervention is the entire middle stretch from Logro\u00f1o to La Zaida, in Zaragoza. <\/p>\n<p>In short, the mission of this Strategy is to promote actions that reduce the impact of floods in the most at-risk sections of the middle reaches of the Ebro River, implementing measures that in turn contribute to improving the condition of bodies of water and river habitats. It also aims to improve the population&#8217;s capacity to respond to such events.<\/p>\n<p>The vision for the future is to achieve a middle stretch of the Ebro in which economic activities and population centers coexist with an Ebro river in a good state of conservation, without the inevitable floods causing significant damage.<\/p>\n\t\t\t\t\t\t\t\t<\/div>\n\t\t\t\t<\/div>\n\t\t\t\t\t<\/div>\n\t\t<\/div>\n\t\t\t\t\t<\/div>\n\t\t<\/section>\n\t\t\t\t<\/div>\n\t\t","protected":false},"excerpt":{"rendered":"<p>The balance of this project to reduce the effects of flooding in the middle stretch of the Ebro, brings together representatives of the institutions and sectors interested in the riverbank that have been actively participating since its inception.<\/p>\n","protected":false},"author":5,"featured_media":12627,"comment_status":"closed","ping_status":"closed","sticky":false,"template":"","format":"standard","meta":{"_acf_changed":false,"ngg_post_thumbnail":0,"footnotes":""},"categories":[377,369],"tags":[380,620,411,388,387,399,398,482,381,421,410,607],"class_list":["post-12598","post","type-post","status-publish","format-standard","has-post-thumbnail","hentry","category-life-en","category-news","tag-alfaro-en","tag-aragons-en","tag-castejon-en","tag-che-en","tag-ebro-en","tag-ebro-springs","tag-flood","tag-la-rioja-en","tag-life-ebro-resilience-p1-en","tag-navarra-en","tag-osera-de-ebro-en","tag-restauracion-en"],"acf":[],"publishpress_future_action":{"enabled":false,"date":"2026-05-07 18:50:36","action":"change-status","newStatus":"draft","terms":[],"taxonomy":"category","extraData":[]},"publishpress_future_workflow_manual_trigger":{"enabledWorkflows":[]},"_links":{"self":[{"href":"https:\/\/www.ebroresilience.com\/en\/wp-json\/wp\/v2\/posts\/12598","targetHints":{"allow":["GET"]}}],"collection":[{"href":"https:\/\/www.ebroresilience.com\/en\/wp-json\/wp\/v2\/posts"}],"about":[{"href":"https:\/\/www.ebroresilience.com\/en\/wp-json\/wp\/v2\/types\/post"}],"author":[{"embeddable":true,"href":"https:\/\/www.ebroresilience.com\/en\/wp-json\/wp\/v2\/users\/5"}],"replies":[{"embeddable":true,"href":"https:\/\/www.ebroresilience.com\/en\/wp-json\/wp\/v2\/comments?post=12598"}],"version-history":[{"count":3,"href":"https:\/\/www.ebroresilience.com\/en\/wp-json\/wp\/v2\/posts\/12598\/revisions"}],"predecessor-version":[{"id":12625,"href":"https:\/\/www.ebroresilience.com\/en\/wp-json\/wp\/v2\/posts\/12598\/revisions\/12625"}],"wp:featuredmedia":[{"embeddable":true,"href":"https:\/\/www.ebroresilience.com\/en\/wp-json\/wp\/v2\/media\/12627"}],"wp:attachment":[{"href":"https:\/\/www.ebroresilience.com\/en\/wp-json\/wp\/v2\/media?parent=12598"}],"wp:term":[{"taxonomy":"category","embeddable":true,"href":"https:\/\/www.ebroresilience.com\/en\/wp-json\/wp\/v2\/categories?post=12598"},{"taxonomy":"post_tag","embeddable":true,"href":"https:\/\/www.ebroresilience.com\/en\/wp-json\/wp\/v2\/tags?post=12598"}],"curies":[{"name":"wp","href":"https:\/\/api.w.org\/{rel}","templated":true}]}}