{"id":12445,"date":"2024-10-22T08:00:56","date_gmt":"2024-10-22T06:00:56","guid":{"rendered":"https:\/\/www.ebroresilience.com\/?p=12445"},"modified":"2024-10-18T11:59:18","modified_gmt":"2024-10-18T09:59:18","slug":"actions-with-the-education-sector-training-for-teachers-and-delivery-of-teaching-materials","status":"publish","type":"post","link":"https:\/\/www.ebroresilience.com\/en\/actions-with-the-education-sector-training-for-teachers-and-delivery-of-teaching-materials\/","title":{"rendered":"Actions with the education sector: training for teachers and delivery of teaching materials"},"content":{"rendered":"\t\t<div data-elementor-type=\"wp-post\" data-elementor-id=\"12445\" class=\"elementor elementor-12445 elementor-12430\" data-elementor-post-type=\"post\">\n\t\t\t\t\t\t<section class=\"elementor-section elementor-top-section elementor-element elementor-element-38e2b28 elementor-section-boxed elementor-section-height-default elementor-section-height-default\" data-id=\"38e2b28\" data-element_type=\"section\" data-e-type=\"section\">\n\t\t\t\t\t\t<div class=\"elementor-container elementor-column-gap-default\">\n\t\t\t\t\t<div class=\"elementor-column elementor-col-100 elementor-top-column elementor-element elementor-element-c8bf442\" data-id=\"c8bf442\" data-element_type=\"column\" data-e-type=\"column\">\n\t\t\t<div class=\"elementor-widget-wrap elementor-element-populated\">\n\t\t\t\t\t\t<div class=\"elementor-element elementor-element-f3dda3d elementor-widget elementor-widget-text-editor\" data-id=\"f3dda3d\" data-element_type=\"widget\" data-e-type=\"widget\" data-widget_type=\"text-editor.default\">\n\t\t\t\t<div class=\"elementor-widget-container\">\n\t\t\t\t\t\t\t\t\t<p style=\"text-align: justify; vertical-align: baseline; margin: 0cm 0cm 11.25pt 0cm;\">LIFE Ebro Resilience P1 devotes the last quarter of the year to actions aimed at the educational sector in the Project&#8217;s action sections. In October, the training sessions for teachers on floods and Ebro Resilience actions are being held and the distribution of the educational kits for the teaching teams has also started in the educational centers. <br \/>The <strong>training combines online sessions on the phenomenon of flooding and face-to-face sessions,<\/strong> with special emphasis on interpretive descents to learn about the river from the inside.   <\/p>\n\t\t\t\t\t\t\t\t<\/div>\n\t\t\t\t<\/div>\n\t\t\t\t\t<\/div>\n\t\t<\/div>\n\t\t\t\t\t<\/div>\n\t\t<\/section>\n\t\t\t\t<section class=\"elementor-section elementor-top-section elementor-element elementor-element-696468b elementor-section-boxed elementor-section-height-default elementor-section-height-default\" data-id=\"696468b\" data-element_type=\"section\" data-e-type=\"section\">\n\t\t\t\t\t\t<div class=\"elementor-container elementor-column-gap-default\">\n\t\t\t\t\t<div class=\"elementor-column elementor-col-100 elementor-top-column elementor-element elementor-element-cdf0c9c\" data-id=\"cdf0c9c\" data-element_type=\"column\" data-e-type=\"column\">\n\t\t\t<div class=\"elementor-widget-wrap elementor-element-populated\">\n\t\t\t\t\t\t<div class=\"elementor-element elementor-element-73ac44e elementor-widget elementor-widget-text-editor\" data-id=\"73ac44e\" data-element_type=\"widget\" data-e-type=\"widget\" data-widget_type=\"text-editor.default\">\n\t\t\t\t<div class=\"elementor-widget-container\">\n\t\t\t\t\t\t\t\t\t<p>During this year 2024, meetings and encounters have already been held in primary and secondary schools to present the contents of the didactic units and materials.<\/p>\n<p>The <a href=\"https:\/\/www.ebroresilience.com\/en\/life-ebro-resilience-p1\/documents\/\">didactic units<\/a>, which can be consulted in the Documents section of the website <a href=\"http:\/\/www.ebroresilience.com\">www.ebroresilience.com<\/a>, identify basic contents related to flood risk management. The suitcases contain all the materials necessary to carry out the proposed educational activities. <\/p>\n\t\t\t\t\t\t\t\t<\/div>\n\t\t\t\t<\/div>\n\t\t\t\t\t<\/div>\n\t\t<\/div>\n\t\t\t\t\t<\/div>\n\t\t<\/section>\n\t\t\t\t<section class=\"elementor-section elementor-top-section elementor-element elementor-element-5958056 elementor-section-boxed elementor-section-height-default elementor-section-height-default\" data-id=\"5958056\" data-element_type=\"section\" data-e-type=\"section\">\n\t\t\t\t\t\t<div class=\"elementor-container elementor-column-gap-default\">\n\t\t\t\t\t<div class=\"elementor-column elementor-col-100 elementor-top-column elementor-element elementor-element-f8cb801\" data-id=\"f8cb801\" data-element_type=\"column\" data-e-type=\"column\">\n\t\t\t<div class=\"elementor-widget-wrap elementor-element-populated\">\n\t\t\t\t\t\t<div class=\"elementor-element elementor-element-fd03809 elementor-widget elementor-widget-text-editor\" data-id=\"fd03809\" data-element_type=\"widget\" data-e-type=\"widget\" data-widget_type=\"text-editor.default\">\n\t\t\t\t<div class=\"elementor-widget-container\">\n\t\t\t\t\t\t\t\t\t<p>These materials have already arrived in Zone 1 to IES Gonzalo de Berceo in Alfaro, (La Rioja) and to CEP Dos de Mayo in Castej\u00f3n (Navarra) and in Zone 2 to IES Benjam\u00edn Jarn\u00e9s in Fuentes de Ebro (Zaragoza). Soon it will also reach IESO Castej\u00f3n, CEIP Obispo Ezequiel Moreno in Alfaro, CEIP Luis Garc\u00eda Sainz in Fuentes de Ebro and CRA La Sabina in Osera de Ebro (Zaragoza). <\/p>\n\t\t\t\t\t\t\t\t<\/div>\n\t\t\t\t<\/div>\n\t\t\t\t\t<\/div>\n\t\t<\/div>\n\t\t\t\t\t<\/div>\n\t\t<\/section>\n\t\t\t\t<section class=\"elementor-section elementor-top-section elementor-element elementor-element-e6a6191 elementor-section-boxed elementor-section-height-default elementor-section-height-default\" data-id=\"e6a6191\" data-element_type=\"section\" data-e-type=\"section\">\n\t\t\t\t\t\t<div class=\"elementor-container elementor-column-gap-default\">\n\t\t\t\t\t<div class=\"elementor-column elementor-col-50 elementor-top-column elementor-element elementor-element-5f97da7\" data-id=\"5f97da7\" data-element_type=\"column\" data-e-type=\"column\">\n\t\t\t<div class=\"elementor-widget-wrap elementor-element-populated\">\n\t\t\t\t\t\t<div class=\"elementor-element elementor-element-c187c9d elementor-widget elementor-widget-image\" data-id=\"c187c9d\" data-element_type=\"widget\" data-e-type=\"widget\" data-widget_type=\"image.default\">\n\t\t\t\t<div class=\"elementor-widget-container\">\n\t\t\t\t\t\t\t\t\t\t\t\t<figure class=\"wp-caption\">\n\t\t\t\t\t\t\t\t\t\t<img fetchpriority=\"high\" decoding=\"async\" width=\"1024\" height=\"768\" src=\"https:\/\/www.ebroresilience.com\/wp-content\/uploads\/2024\/10\/materiales--1024x768.jpeg\" class=\"attachment-large size-large wp-image-12441\" alt=\"Maletas de materiales divulgativos LIFE Ebro Resilience P1\" srcset=\"https:\/\/www.ebroresilience.com\/wp-content\/uploads\/2024\/10\/materiales--1024x768.jpeg 1024w, https:\/\/www.ebroresilience.com\/wp-content\/uploads\/2024\/10\/materiales--300x225.jpeg 300w, https:\/\/www.ebroresilience.com\/wp-content\/uploads\/2024\/10\/materiales--768x576.jpeg 768w, https:\/\/www.ebroresilience.com\/wp-content\/uploads\/2024\/10\/materiales--1536x1152.jpeg 1536w, https:\/\/www.ebroresilience.com\/wp-content\/uploads\/2024\/10\/materiales--2048x1536.jpeg 2048w, https:\/\/www.ebroresilience.com\/wp-content\/uploads\/2024\/10\/materiales--195x146.jpeg 195w, https:\/\/www.ebroresilience.com\/wp-content\/uploads\/2024\/10\/materiales--50x38.jpeg 50w, https:\/\/www.ebroresilience.com\/wp-content\/uploads\/2024\/10\/materiales--100x75.jpeg 100w, https:\/\/www.ebroresilience.com\/wp-content\/uploads\/2024\/10\/materiales--960x720.jpeg 960w\" sizes=\"(max-width:767px) 480px, (max-width:1024px) 100vw, 1024px\" \/>\t\t\t\t\t\t\t\t\t\t\t<figcaption class=\"widget-image-caption wp-caption-text\">Maletas de materiales divulgativos LIFE Ebro Resilience P1 <\/figcaption>\n\t\t\t\t\t\t\t\t\t\t<\/figure>\n\t\t\t\t\t\t\t\t\t<\/div>\n\t\t\t\t<\/div>\n\t\t\t\t\t<\/div>\n\t\t<\/div>\n\t\t\t\t<div class=\"elementor-column elementor-col-50 elementor-top-column elementor-element elementor-element-eba8091\" data-id=\"eba8091\" data-element_type=\"column\" data-e-type=\"column\">\n\t\t\t<div class=\"elementor-widget-wrap elementor-element-populated\">\n\t\t\t\t\t\t<div class=\"elementor-element elementor-element-8c28ac4 elementor-widget elementor-widget-image\" data-id=\"8c28ac4\" data-element_type=\"widget\" data-e-type=\"widget\" data-widget_type=\"image.default\">\n\t\t\t\t<div class=\"elementor-widget-container\">\n\t\t\t\t\t\t\t\t\t\t\t\t<figure class=\"wp-caption\">\n\t\t\t\t\t\t\t\t\t\t<img decoding=\"async\" width=\"1024\" height=\"682\" src=\"https:\/\/www.ebroresilience.com\/wp-content\/uploads\/2024\/10\/Diseno-sin-titulo-11-1024x682.png\" class=\"attachment-large size-large wp-image-12437\" alt=\"Sesiones formativas online con profesorado de zonas de actuaci\u00f3n en La Rioja\" srcset=\"https:\/\/www.ebroresilience.com\/wp-content\/uploads\/2024\/10\/Diseno-sin-titulo-11-1024x682.png 1024w, https:\/\/www.ebroresilience.com\/wp-content\/uploads\/2024\/10\/Diseno-sin-titulo-11-300x200.png 300w, https:\/\/www.ebroresilience.com\/wp-content\/uploads\/2024\/10\/Diseno-sin-titulo-11-768x512.png 768w, https:\/\/www.ebroresilience.com\/wp-content\/uploads\/2024\/10\/Diseno-sin-titulo-11-1536x1024.png 1536w, https:\/\/www.ebroresilience.com\/wp-content\/uploads\/2024\/10\/Diseno-sin-titulo-11-219x146.png 219w, https:\/\/www.ebroresilience.com\/wp-content\/uploads\/2024\/10\/Diseno-sin-titulo-11-50x33.png 50w, https:\/\/www.ebroresilience.com\/wp-content\/uploads\/2024\/10\/Diseno-sin-titulo-11-113x75.png 113w, https:\/\/www.ebroresilience.com\/wp-content\/uploads\/2024\/10\/Diseno-sin-titulo-11.png 1772w\" sizes=\"(max-width:767px) 480px, (max-width:1024px) 100vw, 1024px\" \/>\t\t\t\t\t\t\t\t\t\t\t<figcaption class=\"widget-image-caption wp-caption-text\">Sesiones formativas online con profesorado de zonas de actuaci\u00f3n en La Rioja<\/figcaption>\n\t\t\t\t\t\t\t\t\t\t<\/figure>\n\t\t\t\t\t\t\t\t\t<\/div>\n\t\t\t\t<\/div>\n\t\t\t\t\t<\/div>\n\t\t<\/div>\n\t\t\t\t\t<\/div>\n\t\t<\/section>\n\t\t\t\t<section class=\"elementor-section elementor-top-section elementor-element elementor-element-1836259 elementor-section-boxed elementor-section-height-default elementor-section-height-default\" data-id=\"1836259\" data-element_type=\"section\" data-e-type=\"section\">\n\t\t\t\t\t\t<div class=\"elementor-container elementor-column-gap-default\">\n\t\t\t\t\t<div class=\"elementor-column elementor-col-100 elementor-top-column elementor-element elementor-element-e36d191\" data-id=\"e36d191\" data-element_type=\"column\" data-e-type=\"column\">\n\t\t\t<div class=\"elementor-widget-wrap elementor-element-populated\">\n\t\t\t\t\t\t<div class=\"elementor-element elementor-element-7cab4fb elementor-widget elementor-widget-text-editor\" data-id=\"7cab4fb\" data-element_type=\"widget\" data-e-type=\"widget\" data-widget_type=\"text-editor.default\">\n\t\t\t\t<div class=\"elementor-widget-container\">\n\t\t\t\t\t\t\t\t\t<p>Specifically, there are six types of suitcases adapted to the needs of each level and which <strong>have been defined and reviewed with the interested persons (riparian population, teaching sector, environmental educators) that make up the <\/strong>stable <strong>participation groups <\/strong>dedicated to communication and participation, the so-called co-creation groups 3.<\/p>\n<ul>\n<li><strong>Children<\/strong>: photos of river landscapes, the story &#8220;Orbe&#8221;, edited specifically for the project, plastic containers, chalk, pencil case, flora and fauna guides&#8230;<\/li>\n<li><strong>1st and 2nd Primary<\/strong>: in addition to the above, orthophotos, transparent boards, markers&#8230;<\/li>\n<li><strong>3rd and 4th grades of Primary School<\/strong>: landscape photos, animal templates, word search puzzles, pictures, orthophotos, tape measures, cardboards&#8230;<\/li>\n<li><strong>Primary 5th and 6th<\/strong> grade: kahoot templates, flood news, roles for characters, field notebooks, pencil case, disposable gloves, plastic jars, bags, labels, magnifying glasses&#8230;<\/li>\n<li><strong>1st and 2nd ESO<\/strong>: laboratory report, a report template, letter from the water management administration (Confederaci\u00f3n Hidrogr\u00e1fica del Ebro), control sheet, sample bottles, test tubes, dyes, beakers, water sampling kit, compasses, topographic maps, orientation beacons&#8230;<\/li>\n<li><strong>3rd and 4th of ESO<\/strong>: role and personal papers, report template, debate script, recording camera, cardboard, case&#8230;<\/li>\n<\/ul>\n<p>You can <a href=\"https:\/\/www.ebroresilience.com\/en\/participate\/participation-and-life-capabilities\/capacity-building\/informative-materials\/\">consult here all these materials<\/a>, and ask any question about them through the mail <a href=\"mailto:lifeebroresiliecep1-participacion@tragsa.es\">lifeebroresiliecep1-participacion@tragsa.es<\/a>.<\/p>\n<p><strong>Why do we work on these actions?<\/strong><\/p>\n<p>The education sector is one of those identified by the LIFE Ebro Resilience P1 Project as the target of a specific program of proposals in its Capacity Building Plan whose objectives are to improve the knowledge of the riparian population on everything related to the flood phenomenon; to promote resilience and self-protection measures to reduce the negative effects of floods and also to create citizen networks and spaces for analysis and participation.  <\/p>\n<p>Within the social capacity building plan, <strong>16 campaigns<\/strong> are planned to improve social awareness on different aspects related to flood risk management, with different target audiences, grouped into 7 groups: in addition to the education sector, technicians and managers, communication sector, primary sector, environmental sector, intersectoral and general public.<\/p>\n\t\t\t\t\t\t\t\t<\/div>\n\t\t\t\t<\/div>\n\t\t\t\t\t<\/div>\n\t\t<\/div>\n\t\t\t\t\t<\/div>\n\t\t<\/section>\n\t\t\t\t<\/div>\n\t\t","protected":false},"excerpt":{"rendered":"<p>The training sessions include online content and interpretive descents and the materials are being delivered to teachers in the CEIP, CRA and IES of the Alfaro (La Rioja) &#8211; Castej\u00f3n (Navarra) and Osera de Ebro &#8211; Fuentes de Ebro (Zaragoza) sections.<\/p>\n","protected":false},"author":5,"featured_media":12432,"comment_status":"closed","ping_status":"closed","sticky":false,"template":"","format":"standard","meta":{"_acf_changed":false,"ngg_post_thumbnail":0,"footnotes":""},"categories":[377,369],"tags":[411,606,282,464],"class_list":["post-12445","post","type-post","status-publish","format-standard","has-post-thumbnail","hentry","category-life-en","category-news","tag-castejon-en","tag-faculty","tag-osera-de-ebro","tag-social-skills"],"acf":[],"publishpress_future_action":{"enabled":false,"date":"2026-05-07 09:09:30","action":"change-status","newStatus":"draft","terms":[],"taxonomy":"category","extraData":[]},"publishpress_future_workflow_manual_trigger":{"enabledWorkflows":[]},"_links":{"self":[{"href":"https:\/\/www.ebroresilience.com\/en\/wp-json\/wp\/v2\/posts\/12445","targetHints":{"allow":["GET"]}}],"collection":[{"href":"https:\/\/www.ebroresilience.com\/en\/wp-json\/wp\/v2\/posts"}],"about":[{"href":"https:\/\/www.ebroresilience.com\/en\/wp-json\/wp\/v2\/types\/post"}],"author":[{"embeddable":true,"href":"https:\/\/www.ebroresilience.com\/en\/wp-json\/wp\/v2\/users\/5"}],"replies":[{"embeddable":true,"href":"https:\/\/www.ebroresilience.com\/en\/wp-json\/wp\/v2\/comments?post=12445"}],"version-history":[{"count":4,"href":"https:\/\/www.ebroresilience.com\/en\/wp-json\/wp\/v2\/posts\/12445\/revisions"}],"predecessor-version":[{"id":12449,"href":"https:\/\/www.ebroresilience.com\/en\/wp-json\/wp\/v2\/posts\/12445\/revisions\/12449"}],"wp:featuredmedia":[{"embeddable":true,"href":"https:\/\/www.ebroresilience.com\/en\/wp-json\/wp\/v2\/media\/12432"}],"wp:attachment":[{"href":"https:\/\/www.ebroresilience.com\/en\/wp-json\/wp\/v2\/media?parent=12445"}],"wp:term":[{"taxonomy":"category","embeddable":true,"href":"https:\/\/www.ebroresilience.com\/en\/wp-json\/wp\/v2\/categories?post=12445"},{"taxonomy":"post_tag","embeddable":true,"href":"https:\/\/www.ebroresilience.com\/en\/wp-json\/wp\/v2\/tags?post=12445"}],"curies":[{"name":"wp","href":"https:\/\/api.w.org\/{rel}","templated":true}]}}