{"id":12420,"date":"2024-10-16T15:28:21","date_gmt":"2024-10-16T13:28:21","guid":{"rendered":"https:\/\/www.ebroresilience.com\/navarre-farmers-and-municipal-representatives-learn-about-ebro-resilience-experiences-in-aragon\/"},"modified":"2024-10-18T11:14:05","modified_gmt":"2024-10-18T09:14:05","slug":"navarre-farmers-and-municipal-representatives-learn-about-ebro-resilience-experiences-in-aragon","status":"publish","type":"post","link":"https:\/\/www.ebroresilience.com\/en\/navarre-farmers-and-municipal-representatives-learn-about-ebro-resilience-experiences-in-aragon\/","title":{"rendered":"Navarre farmers and municipal representatives learn about Ebro Resilience experiences in Aragon"},"content":{"rendered":"\t\t<div data-elementor-type=\"wp-post\" data-elementor-id=\"12420\" class=\"elementor elementor-12420 elementor-12396\" data-elementor-post-type=\"post\">\n\t\t\t\t\t\t<section class=\"elementor-section elementor-top-section elementor-element elementor-element-21913d7 elementor-section-boxed elementor-section-height-default elementor-section-height-default\" data-id=\"21913d7\" data-element_type=\"section\" data-e-type=\"section\">\n\t\t\t\t\t\t<div class=\"elementor-container elementor-column-gap-default\">\n\t\t\t\t\t<div class=\"elementor-column elementor-col-100 elementor-top-column elementor-element elementor-element-2934f51\" data-id=\"2934f51\" data-element_type=\"column\" data-e-type=\"column\">\n\t\t\t<div class=\"elementor-widget-wrap elementor-element-populated\">\n\t\t\t\t\t\t<div class=\"elementor-element elementor-element-441dedb elementor-widget elementor-widget-text-editor\" data-id=\"441dedb\" data-element_type=\"widget\" data-e-type=\"widget\" data-widget_type=\"text-editor.default\">\n\t\t\t\t<div class=\"elementor-widget-container\">\n\t\t\t\t\t\t\t\t\t<p>The LIFE Ebro Resilience P1 Project seeks to ensure that the population of the Ebro riverbank and its economic activities coexist with an Ebro in a good state of conservation, reducing the impact of the inevitable floods.<\/p>\n<p>In addition, it has as an associated objective, that its proposal with adaptation measures, environmental restoration, participation actions, activities that increase and strengthen social capacities in the face of floods, <strong>can be applied in other areas of the same stretch, other Spanish basins and European basins with similar problems <\/strong>.  <\/p>\n<p>Among the <strong>replication<\/strong> actions (exporting successful experiences to other territories) are the <strong>conferences organized in October by the Government of Navarre, through the Environmental Management of Navarre (GAN-NIK), together with the Ebro Hydrographic Confederation, for municipal representatives and farmers from Navarre.<\/strong><\/p>\n<p>The objective: to publicize the positive experiences of adaptation to flood risk in agricultural areas that have been implemented or are being planned in Aragon.<br \/>\nSpecifically, the protagonism has been for: <\/p>\n<ul>\n<li><strong>Floodable areas, a type of intervention<\/strong> that has already demonstrated its operation and positive effect in Ebro floods and that have been explained with the examples of the Mejana de la Cruz, in Alag\u00f3n and in the municipality of Remolinos.<\/li>\n<li><strong>The future lateral flow buffer zones (LFZ)<\/strong> that LIFE Ebro Resilience P1 has projected in the Osera de Ebro &#8211; Fuentes de Ebro section and which represent an innovative proposal: to<strong> compartmentalize 350 ha of the Ebro huerta into areas that will be pre-flooded in a controlled manner<\/strong> during episodes of extraordinary flooding, generating water buffers that will minimize damage to farms and infrastructure when there is a generalized overflow.<\/li>\n<\/ul>\n<p>Both days consisted of a tour with technical explanations in the presence of the <strong>Director General of Agriculture and Livestock of the Government of Navarra, Ignacio Gil, and also in contact with municipal representatives of the areas of action (Alfredo Zald\u00edbar, Mayor of Remolinos and Mar\u00eda Pilar Palac\u00edn, Mayoress of Fuentes) or beneficiaries of the interventions (such as the person in charge of the Mejana de la Cruz),<\/strong> in order to analyze a posteriori the implementation of this type of action in areas of the Autonomous Community of Navarra.<\/p>\n\t\t\t\t\t\t\t\t<\/div>\n\t\t\t\t<\/div>\n\t\t\t\t\t<\/div>\n\t\t<\/div>\n\t\t\t\t\t<\/div>\n\t\t<\/section>\n\t\t\t\t<section class=\"elementor-section elementor-top-section elementor-element elementor-element-235d119 elementor-section-boxed elementor-section-height-default elementor-section-height-default\" data-id=\"235d119\" data-element_type=\"section\" data-e-type=\"section\">\n\t\t\t\t\t\t<div class=\"elementor-container elementor-column-gap-default\">\n\t\t\t\t\t<div class=\"elementor-column elementor-col-50 elementor-top-column elementor-element elementor-element-1331722\" data-id=\"1331722\" data-element_type=\"column\" data-e-type=\"column\">\n\t\t\t<div class=\"elementor-widget-wrap elementor-element-populated\">\n\t\t\t\t\t\t<div class=\"elementor-element elementor-element-1b3f1d9 elementor-widget elementor-widget-image\" data-id=\"1b3f1d9\" data-element_type=\"widget\" data-e-type=\"widget\" data-widget_type=\"image.default\">\n\t\t\t\t<div class=\"elementor-widget-container\">\n\t\t\t\t\t\t\t\t\t\t\t\t<figure class=\"wp-caption\">\n\t\t\t\t\t\t\t\t\t\t<img fetchpriority=\"high\" decoding=\"async\" width=\"1024\" height=\"768\" src=\"https:\/\/www.ebroresilience.com\/wp-content\/uploads\/2024\/10\/Visitando-clapetas--1024x768.jpg\" class=\"attachment-large size-large wp-image-12402\" alt=\"Visit of farmers from the Navarre riverside to the flood adaptation project in the Mejana de la Cruz, in Alag\u00f3n (Zaragoza).\" srcset=\"https:\/\/www.ebroresilience.com\/wp-content\/uploads\/2024\/10\/Visitando-clapetas--1024x768.jpg 1024w, https:\/\/www.ebroresilience.com\/wp-content\/uploads\/2024\/10\/Visitando-clapetas--300x225.jpg 300w, https:\/\/www.ebroresilience.com\/wp-content\/uploads\/2024\/10\/Visitando-clapetas--768x576.jpg 768w, https:\/\/www.ebroresilience.com\/wp-content\/uploads\/2024\/10\/Visitando-clapetas--1536x1152.jpg 1536w, https:\/\/www.ebroresilience.com\/wp-content\/uploads\/2024\/10\/Visitando-clapetas--195x146.jpg 195w, https:\/\/www.ebroresilience.com\/wp-content\/uploads\/2024\/10\/Visitando-clapetas--50x38.jpg 50w, https:\/\/www.ebroresilience.com\/wp-content\/uploads\/2024\/10\/Visitando-clapetas--100x75.jpg 100w, https:\/\/www.ebroresilience.com\/wp-content\/uploads\/2024\/10\/Visitando-clapetas--960x720.jpg 960w, https:\/\/www.ebroresilience.com\/wp-content\/uploads\/2024\/10\/Visitando-clapetas-.jpg 1600w\" sizes=\"(max-width:767px) 480px, (max-width:1024px) 100vw, 1024px\" \/>\t\t\t\t\t\t\t\t\t\t\t<figcaption class=\"widget-image-caption wp-caption-text\">Visit on October 16 of farmers from the Navarre riverside to the flood adaptation project in the Mejana de la Cruz, in Alag\u00f3n (Zaragoza).<\/figcaption>\n\t\t\t\t\t\t\t\t\t\t<\/figure>\n\t\t\t\t\t\t\t\t\t<\/div>\n\t\t\t\t<\/div>\n\t\t\t\t\t<\/div>\n\t\t<\/div>\n\t\t\t\t<div class=\"elementor-column elementor-col-50 elementor-top-column elementor-element elementor-element-cdd1eb8\" data-id=\"cdd1eb8\" data-element_type=\"column\" data-e-type=\"column\">\n\t\t\t<div class=\"elementor-widget-wrap elementor-element-populated\">\n\t\t\t\t\t\t<div class=\"elementor-element elementor-element-beef2ff elementor-widget elementor-widget-image\" data-id=\"beef2ff\" data-element_type=\"widget\" data-e-type=\"widget\" data-widget_type=\"image.default\">\n\t\t\t\t<div class=\"elementor-widget-container\">\n\t\t\t\t\t\t\t\t\t\t\t\t<figure class=\"wp-caption\">\n\t\t\t\t\t\t\t\t\t\t<img decoding=\"async\" width=\"1024\" height=\"768\" src=\"https:\/\/www.ebroresilience.com\/wp-content\/uploads\/2024\/10\/Encuentro-en-Remolinos-charla-alcalde-de-Remolinos-2-1024x768.jpg\" class=\"attachment-large size-large wp-image-12404\" alt=\"Charla con el alcalde de Remolinos en la jornada para agricultores de la ribera Navarra\" srcset=\"https:\/\/www.ebroresilience.com\/wp-content\/uploads\/2024\/10\/Encuentro-en-Remolinos-charla-alcalde-de-Remolinos-2-1024x768.jpg 1024w, https:\/\/www.ebroresilience.com\/wp-content\/uploads\/2024\/10\/Encuentro-en-Remolinos-charla-alcalde-de-Remolinos-2-300x225.jpg 300w, https:\/\/www.ebroresilience.com\/wp-content\/uploads\/2024\/10\/Encuentro-en-Remolinos-charla-alcalde-de-Remolinos-2-768x576.jpg 768w, https:\/\/www.ebroresilience.com\/wp-content\/uploads\/2024\/10\/Encuentro-en-Remolinos-charla-alcalde-de-Remolinos-2-1536x1152.jpg 1536w, https:\/\/www.ebroresilience.com\/wp-content\/uploads\/2024\/10\/Encuentro-en-Remolinos-charla-alcalde-de-Remolinos-2-2048x1536.jpg 2048w, https:\/\/www.ebroresilience.com\/wp-content\/uploads\/2024\/10\/Encuentro-en-Remolinos-charla-alcalde-de-Remolinos-2-195x146.jpg 195w, https:\/\/www.ebroresilience.com\/wp-content\/uploads\/2024\/10\/Encuentro-en-Remolinos-charla-alcalde-de-Remolinos-2-50x38.jpg 50w, https:\/\/www.ebroresilience.com\/wp-content\/uploads\/2024\/10\/Encuentro-en-Remolinos-charla-alcalde-de-Remolinos-2-100x75.jpg 100w, https:\/\/www.ebroresilience.com\/wp-content\/uploads\/2024\/10\/Encuentro-en-Remolinos-charla-alcalde-de-Remolinos-2-960x720.jpg 960w\" sizes=\"(max-width:767px) 480px, (max-width:1024px) 100vw, 1024px\" \/>\t\t\t\t\t\t\t\t\t\t\t<figcaption class=\"widget-image-caption wp-caption-text\">oplus_2<\/figcaption>\n\t\t\t\t\t\t\t\t\t\t<\/figure>\n\t\t\t\t\t\t\t\t\t<\/div>\n\t\t\t\t<\/div>\n\t\t\t\t\t<\/div>\n\t\t<\/div>\n\t\t\t\t\t<\/div>\n\t\t<\/section>\n\t\t\t\t<section class=\"elementor-section elementor-top-section elementor-element elementor-element-32f89c5 elementor-section-boxed elementor-section-height-default elementor-section-height-default\" data-id=\"32f89c5\" data-element_type=\"section\" data-e-type=\"section\">\n\t\t\t\t\t\t<div class=\"elementor-container elementor-column-gap-default\">\n\t\t\t\t\t<div class=\"elementor-column elementor-col-100 elementor-top-column elementor-element elementor-element-a67a437\" data-id=\"a67a437\" data-element_type=\"column\" data-e-type=\"column\">\n\t\t\t<div class=\"elementor-widget-wrap elementor-element-populated\">\n\t\t\t\t\t\t<div class=\"elementor-element elementor-element-1273342 elementor-widget elementor-widget-text-editor\" data-id=\"1273342\" data-element_type=\"widget\" data-e-type=\"widget\" data-widget_type=\"text-editor.default\">\n\t\t\t\t<div class=\"elementor-widget-container\">\n\t\t\t\t\t\t\t\t\t<p>On October 2, political leaders and staff of the local entities of Milagro, Cadreita, Castej\u00f3n, Valtierra, Arguedas, Tudela, Fontellas, Cabanillas, Fusti\u00f1ana, Ribaforada, Bu\u00f1uel and Cortes, together with representatives of Navarre&#8217;s agricultural associations and those responsible for the General Directorates and Services of Agriculture and Environment of the regional executive, met.<br \/>\nOn October 16, a field visit was made to irrigation communities and farmers of the middle stretch of the Ebro in Navarra. <\/p>\n\t\t\t\t\t\t\t\t<\/div>\n\t\t\t\t<\/div>\n\t\t\t\t\t<\/div>\n\t\t<\/div>\n\t\t\t\t\t<\/div>\n\t\t<\/section>\n\t\t\t\t<section class=\"elementor-section elementor-top-section elementor-element elementor-element-353ee3e elementor-section-boxed elementor-section-height-default elementor-section-height-default\" data-id=\"353ee3e\" data-element_type=\"section\" data-e-type=\"section\">\n\t\t\t\t\t\t<div class=\"elementor-container elementor-column-gap-default\">\n\t\t\t\t\t<div class=\"elementor-column elementor-col-50 elementor-top-column elementor-element elementor-element-523b51a\" data-id=\"523b51a\" data-element_type=\"column\" data-e-type=\"column\">\n\t\t\t<div class=\"elementor-widget-wrap elementor-element-populated\">\n\t\t\t\t\t\t<div class=\"elementor-element elementor-element-1f100d4 elementor-widget elementor-widget-image\" data-id=\"1f100d4\" data-element_type=\"widget\" data-e-type=\"widget\" data-widget_type=\"image.default\">\n\t\t\t\t<div class=\"elementor-widget-container\">\n\t\t\t\t\t\t\t\t\t\t\t\t<figure class=\"wp-caption\">\n\t\t\t\t\t\t\t\t\t\t<img decoding=\"async\" width=\"1024\" height=\"576\" src=\"https:\/\/www.ebroresilience.com\/wp-content\/uploads\/2024\/10\/visita-representantes-navarros-actuaciones-en-Aragon-3-1-1024x576.jpg\" class=\"attachment-large size-large wp-image-12409\" alt=\"Visita el 2 de octubre de representantes municipales de Navarra a zonas de intervenci\u00f3n del tramo aragon\u00e9s de Ebro\" srcset=\"https:\/\/www.ebroresilience.com\/wp-content\/uploads\/2024\/10\/visita-representantes-navarros-actuaciones-en-Aragon-3-1-1024x576.jpg 1024w, https:\/\/www.ebroresilience.com\/wp-content\/uploads\/2024\/10\/visita-representantes-navarros-actuaciones-en-Aragon-3-1-300x169.jpg 300w, https:\/\/www.ebroresilience.com\/wp-content\/uploads\/2024\/10\/visita-representantes-navarros-actuaciones-en-Aragon-3-1-768x432.jpg 768w, https:\/\/www.ebroresilience.com\/wp-content\/uploads\/2024\/10\/visita-representantes-navarros-actuaciones-en-Aragon-3-1-1536x864.jpg 1536w, https:\/\/www.ebroresilience.com\/wp-content\/uploads\/2024\/10\/visita-representantes-navarros-actuaciones-en-Aragon-3-1-260x146.jpg 260w, https:\/\/www.ebroresilience.com\/wp-content\/uploads\/2024\/10\/visita-representantes-navarros-actuaciones-en-Aragon-3-1-50x28.jpg 50w, https:\/\/www.ebroresilience.com\/wp-content\/uploads\/2024\/10\/visita-representantes-navarros-actuaciones-en-Aragon-3-1-133x75.jpg 133w, https:\/\/www.ebroresilience.com\/wp-content\/uploads\/2024\/10\/visita-representantes-navarros-actuaciones-en-Aragon-3-1.jpg 1600w\" sizes=\"(max-width:767px) 480px, (max-width:1024px) 100vw, 1024px\" \/>\t\t\t\t\t\t\t\t\t\t\t<figcaption class=\"widget-image-caption wp-caption-text\">Visita el 2 de octubre de representantes municipales de Navarra a zonas de intervenci\u00f3n del tramo aragon\u00e9s de Ebro <\/figcaption>\n\t\t\t\t\t\t\t\t\t\t<\/figure>\n\t\t\t\t\t\t\t\t\t<\/div>\n\t\t\t\t<\/div>\n\t\t\t\t\t<\/div>\n\t\t<\/div>\n\t\t\t\t<div class=\"elementor-column elementor-col-50 elementor-top-column elementor-element elementor-element-e123462\" data-id=\"e123462\" data-element_type=\"column\" data-e-type=\"column\">\n\t\t\t<div class=\"elementor-widget-wrap elementor-element-populated\">\n\t\t\t\t\t\t<div class=\"elementor-element elementor-element-0e1e97d elementor-widget elementor-widget-image\" data-id=\"0e1e97d\" data-element_type=\"widget\" data-e-type=\"widget\" data-widget_type=\"image.default\">\n\t\t\t\t<div class=\"elementor-widget-container\">\n\t\t\t\t\t\t\t\t\t\t\t\t<figure class=\"wp-caption\">\n\t\t\t\t\t\t\t\t\t\t<img loading=\"lazy\" decoding=\"async\" width=\"1024\" height=\"576\" src=\"https:\/\/www.ebroresilience.com\/wp-content\/uploads\/2024\/10\/grupo-con-bandera-Jornada-GAN-NIK-1024x576.jpg\" class=\"attachment-large size-large wp-image-12411\" alt=\"Visita el 16 de octubre de representantes de agricultores de Navarra a zonas de intervenci\u00f3n del tramo aragon\u00e9s de Ebro\" srcset=\"https:\/\/www.ebroresilience.com\/wp-content\/uploads\/2024\/10\/grupo-con-bandera-Jornada-GAN-NIK-1024x576.jpg 1024w, https:\/\/www.ebroresilience.com\/wp-content\/uploads\/2024\/10\/grupo-con-bandera-Jornada-GAN-NIK-300x169.jpg 300w, https:\/\/www.ebroresilience.com\/wp-content\/uploads\/2024\/10\/grupo-con-bandera-Jornada-GAN-NIK-768x432.jpg 768w, https:\/\/www.ebroresilience.com\/wp-content\/uploads\/2024\/10\/grupo-con-bandera-Jornada-GAN-NIK-1536x864.jpg 1536w, https:\/\/www.ebroresilience.com\/wp-content\/uploads\/2024\/10\/grupo-con-bandera-Jornada-GAN-NIK-260x146.jpg 260w, https:\/\/www.ebroresilience.com\/wp-content\/uploads\/2024\/10\/grupo-con-bandera-Jornada-GAN-NIK-50x28.jpg 50w, https:\/\/www.ebroresilience.com\/wp-content\/uploads\/2024\/10\/grupo-con-bandera-Jornada-GAN-NIK-133x75.jpg 133w, https:\/\/www.ebroresilience.com\/wp-content\/uploads\/2024\/10\/grupo-con-bandera-Jornada-GAN-NIK.jpg 2000w\" sizes=\"(max-width:767px) 480px, (max-width:1024px) 100vw, 1024px\" \/>\t\t\t\t\t\t\t\t\t\t\t<figcaption class=\"widget-image-caption wp-caption-text\">Visita el 16 de octubre de representantes de agricultores de Navarra a zonas de intervenci\u00f3n del tramo aragon\u00e9s de Ebro <\/figcaption>\n\t\t\t\t\t\t\t\t\t\t<\/figure>\n\t\t\t\t\t\t\t\t\t<\/div>\n\t\t\t\t<\/div>\n\t\t\t\t\t<\/div>\n\t\t<\/div>\n\t\t\t\t\t<\/div>\n\t\t<\/section>\n\t\t\t\t<section class=\"elementor-section elementor-top-section elementor-element elementor-element-f4e2bcf elementor-section-boxed elementor-section-height-default elementor-section-height-default\" data-id=\"f4e2bcf\" data-element_type=\"section\" data-e-type=\"section\">\n\t\t\t\t\t\t<div class=\"elementor-container elementor-column-gap-default\">\n\t\t\t\t\t<div class=\"elementor-column elementor-col-100 elementor-top-column elementor-element elementor-element-9107b52\" data-id=\"9107b52\" data-element_type=\"column\" data-e-type=\"column\">\n\t\t\t<div class=\"elementor-widget-wrap elementor-element-populated\">\n\t\t\t\t\t\t<div class=\"elementor-element elementor-element-8561b4f elementor-widget elementor-widget-text-editor\" data-id=\"8561b4f\" data-element_type=\"widget\" data-e-type=\"widget\" data-widget_type=\"text-editor.default\">\n\t\t\t\t<div class=\"elementor-widget-container\">\n\t\t\t\t\t\t\t\t\t<p><strong>Actions in the Navarre section<\/strong><\/p>\n<p>The municipalities bordering the Ebro in Navarra are integrated in the planning of actions to reduce the negative effects of floods through the Ebro Resilience Strategy.<\/p>\n<p>In addition, the LIFE Ebro Resilience P1 project has two sections of intervention, the first one between Alfaro, in La Rioja, and Castej\u00f3n, in Navarra, with a different objective from that of the Aragonese agricultural area.<\/p>\n<p>In this case, the proposal involves the recovery of the fluvial space, through the restoration of a succession of meanders, as a measure to reduce flood damage.<\/p>\n\t\t\t\t\t\t\t\t<\/div>\n\t\t\t\t<\/div>\n\t\t\t\t\t<\/div>\n\t\t<\/div>\n\t\t\t\t\t<\/div>\n\t\t<\/section>\n\t\t\t\t<section class=\"elementor-section elementor-top-section elementor-element elementor-element-e09b9a5 elementor-section-boxed elementor-section-height-default elementor-section-height-default\" data-id=\"e09b9a5\" data-element_type=\"section\" data-e-type=\"section\">\n\t\t\t\t\t\t<div class=\"elementor-container elementor-column-gap-default\">\n\t\t\t\t\t<div class=\"elementor-column elementor-col-100 elementor-top-column elementor-element elementor-element-70ec10d\" data-id=\"70ec10d\" data-element_type=\"column\" data-e-type=\"column\">\n\t\t\t<div class=\"elementor-widget-wrap elementor-element-populated\">\n\t\t\t\t\t\t<div class=\"elementor-element elementor-element-b021cba elementor-widget elementor-widget-text-editor\" data-id=\"b021cba\" data-element_type=\"widget\" data-e-type=\"widget\" data-widget_type=\"text-editor.default\">\n\t\t\t\t<div class=\"elementor-widget-container\">\n\t\t\t\t\t\t\t\t\t<p><strong>LIFE Project and the Ebro Resilience Strategy  <\/strong><\/p>\n<p>The Ebro Resilience Strategy, in which the Government of Navarra, the Government of La Rioja and the Government of Arag\u00f3n participate, together with the Ministry for Ecological Transition and the Demographic Challenge (MITECO), through the CHE, is a collaboration mechanism for the management of actions in the Ebro axis, specifically in the Logro\u00f1o &#8211; La Zaida (Zaragoza) section, which has particular features compared to other areas of the basin, with a high exposure to the phenomenon of flooding.<\/p>\n<p>Ebro Resilience is based on the application of combined measures to improve resilience after flood events, which are natural and unavoidable phenomena, and for which there is no single effective measure. It also seeks interventions compatible with sustainable development.<\/p>\n<p>The LIFE Ebro Resilience P1 project (LIFE20 ENV\/ES\/00327), <strong>approved by the European Commission in the LIFE 2020 call<\/strong>, covers three autonomous communities (La Rioja, Navarra and Arag\u00f3n), has a duration of 6 years and a total budget of 13,310,350 \u20ac, with 55% European funding.<\/p>\n<p>This project is also an example of institutional coordination and cooperation in the intervention section, being its partners MITECO, through its companies TRAGSA and TRAGSATEC; CHE; Government of La Rioja; Government of Navarra, through Gesti\u00f3n Ambiental de Navarra, S.A. (GAN-NIK); Government of Arag\u00f3n and the Aragonese Water Institute.<\/p>\n\t\t\t\t\t\t\t\t<\/div>\n\t\t\t\t<\/div>\n\t\t\t\t\t<\/div>\n\t\t<\/div>\n\t\t\t\t\t<\/div>\n\t\t<\/section>\n\t\t\t\t<\/div>\n\t\t","protected":false},"excerpt":{"rendered":"<p>In October, the Government of Navarra, through GAN-NIK and together with the CHE, organized two conferences to inform municipal representatives and farmers of the region about the Ebro Resilience interventions in Arag\u00f3n to adapt agricultural areas to floods and to assess the value of reproducing them.  <\/p>\n","protected":false},"author":5,"featured_media":12399,"comment_status":"closed","ping_status":"closed","sticky":false,"template":"","format":"standard","meta":{"_acf_changed":false,"ngg_post_thumbnail":0,"footnotes":""},"categories":[377,369],"tags":[411,387,378,399,398,381,603,395,604,533,453,379],"class_list":["post-12420","post","type-post","status-publish","format-standard","has-post-thumbnail","hentry","category-life-en","category-news","tag-castejon-en","tag-ebro-en","tag-ebro-resilience-en","tag-ebro-springs","tag-flood","tag-life-ebro-resilience-p1-en","tag-mejana-de-la-cruz-en","tag-participation","tag-primary-sector","tag-remolinos-en","tag-replication","tag-restoration"],"acf":[],"publishpress_future_action":{"enabled":false,"date":"2026-05-06 23:58:00","action":"change-status","newStatus":"draft","terms":[],"taxonomy":"category","extraData":[]},"publishpress_future_workflow_manual_trigger":{"enabledWorkflows":[]},"_links":{"self":[{"href":"https:\/\/www.ebroresilience.com\/en\/wp-json\/wp\/v2\/posts\/12420","targetHints":{"allow":["GET"]}}],"collection":[{"href":"https:\/\/www.ebroresilience.com\/en\/wp-json\/wp\/v2\/posts"}],"about":[{"href":"https:\/\/www.ebroresilience.com\/en\/wp-json\/wp\/v2\/types\/post"}],"author":[{"embeddable":true,"href":"https:\/\/www.ebroresilience.com\/en\/wp-json\/wp\/v2\/users\/5"}],"replies":[{"embeddable":true,"href":"https:\/\/www.ebroresilience.com\/en\/wp-json\/wp\/v2\/comments?post=12420"}],"version-history":[{"count":2,"href":"https:\/\/www.ebroresilience.com\/en\/wp-json\/wp\/v2\/posts\/12420\/revisions"}],"predecessor-version":[{"id":12422,"href":"https:\/\/www.ebroresilience.com\/en\/wp-json\/wp\/v2\/posts\/12420\/revisions\/12422"}],"wp:featuredmedia":[{"embeddable":true,"href":"https:\/\/www.ebroresilience.com\/en\/wp-json\/wp\/v2\/media\/12399"}],"wp:attachment":[{"href":"https:\/\/www.ebroresilience.com\/en\/wp-json\/wp\/v2\/media?parent=12420"}],"wp:term":[{"taxonomy":"category","embeddable":true,"href":"https:\/\/www.ebroresilience.com\/en\/wp-json\/wp\/v2\/categories?post=12420"},{"taxonomy":"post_tag","embeddable":true,"href":"https:\/\/www.ebroresilience.com\/en\/wp-json\/wp\/v2\/tags?post=12420"}],"curies":[{"name":"wp","href":"https:\/\/api.w.org\/{rel}","templated":true}]}}