{"id":12337,"date":"2024-10-03T10:38:47","date_gmt":"2024-10-03T08:38:47","guid":{"rendered":"https:\/\/www.ebroresilience.com\/representatives-of-navarre-municipalities-visit-ebro-resilience-actions-in-aragon-to-adapt-to-floods\/"},"modified":"2024-10-04T12:29:50","modified_gmt":"2024-10-04T10:29:50","slug":"representatives-of-navarre-municipalities-visit-ebro-resilience-actions-in-aragon-to-adapt-to-floods","status":"publish","type":"post","link":"https:\/\/www.ebroresilience.com\/en\/representatives-of-navarre-municipalities-visit-ebro-resilience-actions-in-aragon-to-adapt-to-floods\/","title":{"rendered":"Representatives of Navarre municipalities visit Ebro Resilience actions in Arag\u00f3n to adapt to floods"},"content":{"rendered":"\t\t<div data-elementor-type=\"wp-post\" data-elementor-id=\"12337\" class=\"elementor elementor-12337 elementor-12324\" data-elementor-post-type=\"post\">\n\t\t\t\t\t\t<section class=\"elementor-section elementor-top-section elementor-element elementor-element-a282e1b elementor-section-boxed elementor-section-height-default elementor-section-height-default\" data-id=\"a282e1b\" data-element_type=\"section\" data-e-type=\"section\">\n\t\t\t\t\t\t<div class=\"elementor-container elementor-column-gap-default\">\n\t\t\t\t\t<div class=\"elementor-column elementor-col-100 elementor-top-column elementor-element elementor-element-25a35a1\" data-id=\"25a35a1\" data-element_type=\"column\" data-e-type=\"column\">\n\t\t\t<div class=\"elementor-widget-wrap elementor-element-populated\">\n\t\t\t\t\t\t<div class=\"elementor-element elementor-element-70bf7a6 elementor-widget elementor-widget-text-editor\" data-id=\"70bf7a6\" data-element_type=\"widget\" data-e-type=\"widget\" data-widget_type=\"text-editor.default\">\n\t\t\t\t<div class=\"elementor-widget-container\">\n\t\t\t\t\t\t\t\t\t<p>The objective of the conference organized by the Government of Navarra, through the Environmental Management of Navarra (GAN-NIK), together with the Hydrographic Confederation of the Ebro, for municipal representatives and farmers from Navarra, is to learn about positive experiences of adaptation to flood risk that have been implemented in similar territories and to analyze their replication in Navarra.<\/p>\n<p>During the day, the flood areas in operation and those planned in the immediate future in the Aragonese section will be visited.<br \/>\nThese areas are aimed at adapting agricultural areas to the passage of extraordinary floods and are being implemented within the framework of the Ebro Resilience Strategy and the LIFE Ebro Resilience P1 Project. <\/p>\n<p>The first day was held on Wednesday, October 2, for political leaders and staff of the local entities of Milagro, Cadreita, Castej\u00f3n, Valtierra, Arguedas, Tudela, Fontellas, Cabanillas, Fusti\u00f1ana, Ribaforada, Bu\u00f1uel and Cortes, together with representatives of Navarre&#8217;s agricultural associations and those responsible for the General Directorates and Services of Agriculture and Environment of the regional executive.<\/p>\n<p>The tour, with technical explanations by the Ebro Resilience team and presentations by the mayors of the municipalities where the intervention has been carried out,<strong> has revealed pilot actions to increase resilience and reduce the impact on intensively cultivated agricultural areas<\/strong>.<\/p>\n\t\t\t\t\t\t\t\t<\/div>\n\t\t\t\t<\/div>\n\t\t\t\t\t<\/div>\n\t\t<\/div>\n\t\t\t\t\t<\/div>\n\t\t<\/section>\n\t\t\t\t<section class=\"elementor-section elementor-top-section elementor-element elementor-element-eea99dd elementor-section-boxed elementor-section-height-default elementor-section-height-default\" data-id=\"eea99dd\" data-element_type=\"section\" data-e-type=\"section\">\n\t\t\t\t\t\t<div class=\"elementor-container elementor-column-gap-default\">\n\t\t\t\t\t<div class=\"elementor-column elementor-col-100 elementor-top-column elementor-element elementor-element-6b57b5d\" data-id=\"6b57b5d\" data-element_type=\"column\" data-e-type=\"column\">\n\t\t\t<div class=\"elementor-widget-wrap elementor-element-populated\">\n\t\t\t\t\t\t<div class=\"elementor-element elementor-element-d49b387 elementor-widget elementor-widget-image\" data-id=\"d49b387\" data-element_type=\"widget\" data-e-type=\"widget\" data-widget_type=\"image.default\">\n\t\t\t\t<div class=\"elementor-widget-container\">\n\t\t\t\t\t\t\t\t\t\t\t\t\t\t\t<img fetchpriority=\"high\" decoding=\"async\" width=\"768\" height=\"432\" src=\"https:\/\/www.ebroresilience.com\/wp-content\/uploads\/2024\/10\/visita-representantes-navarros-actuaciones-en-Aragon-2-768x432.jpg\" class=\"attachment-medium_large size-medium_large wp-image-12329\" alt=\"Visita de alcaldes y representantes municipales de la ribera Navarra a las obras de adaptaci\u00f3n al riesgo de inundaci\u00f3n de Arag\u00f3n para su posible replicaci\u00f3n.\" srcset=\"https:\/\/www.ebroresilience.com\/wp-content\/uploads\/2024\/10\/visita-representantes-navarros-actuaciones-en-Aragon-2-768x432.jpg 768w, https:\/\/www.ebroresilience.com\/wp-content\/uploads\/2024\/10\/visita-representantes-navarros-actuaciones-en-Aragon-2-300x169.jpg 300w, https:\/\/www.ebroresilience.com\/wp-content\/uploads\/2024\/10\/visita-representantes-navarros-actuaciones-en-Aragon-2-1024x576.jpg 1024w, https:\/\/www.ebroresilience.com\/wp-content\/uploads\/2024\/10\/visita-representantes-navarros-actuaciones-en-Aragon-2-1536x864.jpg 1536w, https:\/\/www.ebroresilience.com\/wp-content\/uploads\/2024\/10\/visita-representantes-navarros-actuaciones-en-Aragon-2-260x146.jpg 260w, https:\/\/www.ebroresilience.com\/wp-content\/uploads\/2024\/10\/visita-representantes-navarros-actuaciones-en-Aragon-2-50x28.jpg 50w, https:\/\/www.ebroresilience.com\/wp-content\/uploads\/2024\/10\/visita-representantes-navarros-actuaciones-en-Aragon-2-133x75.jpg 133w, https:\/\/www.ebroresilience.com\/wp-content\/uploads\/2024\/10\/visita-representantes-navarros-actuaciones-en-Aragon-2.jpg 1600w\" sizes=\"(max-width:767px) 480px, (max-width:768px) 100vw, 768px\" \/>\t\t\t\t\t\t\t\t\t\t\t\t\t\t\t<\/div>\n\t\t\t\t<\/div>\n\t\t\t\t\t<\/div>\n\t\t<\/div>\n\t\t\t\t\t<\/div>\n\t\t<\/section>\n\t\t\t\t<section class=\"elementor-section elementor-top-section elementor-element elementor-element-8ea2403 elementor-section-boxed elementor-section-height-default elementor-section-height-default\" data-id=\"8ea2403\" data-element_type=\"section\" data-e-type=\"section\">\n\t\t\t\t\t\t<div class=\"elementor-container elementor-column-gap-default\">\n\t\t\t\t\t<div class=\"elementor-column elementor-col-100 elementor-top-column elementor-element elementor-element-2cb4990\" data-id=\"2cb4990\" data-element_type=\"column\" data-e-type=\"column\">\n\t\t\t<div class=\"elementor-widget-wrap elementor-element-populated\">\n\t\t\t\t\t\t<div class=\"elementor-element elementor-element-da2ab01 elementor-widget elementor-widget-text-editor\" data-id=\"da2ab01\" data-element_type=\"widget\" data-e-type=\"widget\" data-widget_type=\"text-editor.default\">\n\t\t\t\t<div class=\"elementor-widget-container\">\n\t\t\t\t\t\t\t\t\t<p>The focus has been on flood areas and future lateral flow buffer zones.<br \/>\nThe objective: to <strong>analyze with stakeholders the possibility of implementing similar actions<\/strong> in the Navarre area within the scope of intervention of the Ebro Resilience Strategy. <\/p>\n<ul>\n<li>In the farm La <strong>Mejana de la Cruz, in Alag\u00f3n<\/strong> and in the town of <strong>Remolinos<\/strong> they have learned about the operation of flood areas and their effects, since both, created after the extraordinary floods of 2018, have been in operation for years.<br \/>\nIn addition to the technical explanation they have heard the experience of the mayor of Remolinos, Alfredo Zald\u00edbar. <\/li>\n<li>On the other hand, in the <strong>Osera de Ebro &#8211; Fuentes de Ebro section<\/strong>, they visited the works for the implementation of the lateral flow buffer zones (LFZ), which are being carried out by the LIFE Ebro Resilience P1 Project to adapt 350 ha of irrigated land to the passage of the extraordinary floods.<br \/>\nDuring the visit, they received technical explanations and learned about the municipal experience from the Mayoress of Fuentes, Mar\u00eda Pilar Palac\u00edn. <\/li>\n<\/ul>\n\t\t\t\t\t\t\t\t<\/div>\n\t\t\t\t<\/div>\n\t\t\t\t\t<\/div>\n\t\t<\/div>\n\t\t\t\t\t<\/div>\n\t\t<\/section>\n\t\t\t\t<section class=\"elementor-section elementor-top-section elementor-element elementor-element-f53833e elementor-section-boxed elementor-section-height-default elementor-section-height-default\" data-id=\"f53833e\" data-element_type=\"section\" data-e-type=\"section\">\n\t\t\t\t\t\t<div class=\"elementor-container elementor-column-gap-default\">\n\t\t\t\t\t<div class=\"elementor-column elementor-col-100 elementor-top-column elementor-element elementor-element-ec655fe\" data-id=\"ec655fe\" data-element_type=\"column\" data-e-type=\"column\">\n\t\t\t<div class=\"elementor-widget-wrap elementor-element-populated\">\n\t\t\t\t\t\t<div class=\"elementor-element elementor-element-6a07d2b elementor-widget elementor-widget-image\" data-id=\"6a07d2b\" data-element_type=\"widget\" data-e-type=\"widget\" data-widget_type=\"image.default\">\n\t\t\t\t<div class=\"elementor-widget-container\">\n\t\t\t\t\t\t\t\t\t\t\t\t\t\t\t<img decoding=\"async\" width=\"768\" height=\"432\" src=\"https:\/\/www.ebroresilience.com\/wp-content\/uploads\/2024\/10\/visita-representantes-navarros-actuaciones-en-Aragon-768x432.jpg\" class=\"attachment-medium_large size-medium_large wp-image-12331\" alt=\"\" srcset=\"https:\/\/www.ebroresilience.com\/wp-content\/uploads\/2024\/10\/visita-representantes-navarros-actuaciones-en-Aragon-768x432.jpg 768w, https:\/\/www.ebroresilience.com\/wp-content\/uploads\/2024\/10\/visita-representantes-navarros-actuaciones-en-Aragon-300x169.jpg 300w, https:\/\/www.ebroresilience.com\/wp-content\/uploads\/2024\/10\/visita-representantes-navarros-actuaciones-en-Aragon-1024x576.jpg 1024w, https:\/\/www.ebroresilience.com\/wp-content\/uploads\/2024\/10\/visita-representantes-navarros-actuaciones-en-Aragon-1536x864.jpg 1536w, https:\/\/www.ebroresilience.com\/wp-content\/uploads\/2024\/10\/visita-representantes-navarros-actuaciones-en-Aragon-260x146.jpg 260w, https:\/\/www.ebroresilience.com\/wp-content\/uploads\/2024\/10\/visita-representantes-navarros-actuaciones-en-Aragon-50x28.jpg 50w, https:\/\/www.ebroresilience.com\/wp-content\/uploads\/2024\/10\/visita-representantes-navarros-actuaciones-en-Aragon-133x75.jpg 133w, https:\/\/www.ebroresilience.com\/wp-content\/uploads\/2024\/10\/visita-representantes-navarros-actuaciones-en-Aragon.jpg 1600w\" sizes=\"(max-width:767px) 480px, (max-width:768px) 100vw, 768px\" \/>\t\t\t\t\t\t\t\t\t\t\t\t\t\t\t<\/div>\n\t\t\t\t<\/div>\n\t\t\t\t\t<\/div>\n\t\t<\/div>\n\t\t\t\t\t<\/div>\n\t\t<\/section>\n\t\t\t\t<section class=\"elementor-section elementor-top-section elementor-element elementor-element-680c5f9 elementor-section-boxed elementor-section-height-default elementor-section-height-default\" data-id=\"680c5f9\" data-element_type=\"section\" data-e-type=\"section\">\n\t\t\t\t\t\t<div class=\"elementor-container elementor-column-gap-default\">\n\t\t\t\t\t<div class=\"elementor-column elementor-col-100 elementor-top-column elementor-element elementor-element-edb1e3c\" data-id=\"edb1e3c\" data-element_type=\"column\" data-e-type=\"column\">\n\t\t\t<div class=\"elementor-widget-wrap elementor-element-populated\">\n\t\t\t\t\t\t<div class=\"elementor-element elementor-element-48ba709 elementor-widget elementor-widget-text-editor\" data-id=\"48ba709\" data-element_type=\"widget\" data-e-type=\"widget\" data-widget_type=\"text-editor.default\">\n\t\t\t\t<div class=\"elementor-widget-container\">\n\t\t\t\t\t\t\t\t\t<p>The <strong>lateral flow buffer zones are an innovative proposal that involves compartmentalizing 350 ha of the Ebro huerta into areas that will be pre-flooded in a controlled manner<\/strong> during episodes of extraordinary flooding, generating water cushions that will minimize damage to farms and infrastructure when there is a generalized overflow.<br \/>\nThis will ensure that, after an episode of extraordinary flooding, normality is restored as quickly as possible and at the lowest possible cost. <\/p>\n<p>.<\/p>\n\t\t\t\t\t\t\t\t<\/div>\n\t\t\t\t<\/div>\n\t\t\t\t\t<\/div>\n\t\t<\/div>\n\t\t\t\t\t<\/div>\n\t\t<\/section>\n\t\t\t\t<section class=\"elementor-section elementor-top-section elementor-element elementor-element-ca314a6 elementor-section-boxed elementor-section-height-default elementor-section-height-default\" data-id=\"ca314a6\" data-element_type=\"section\" data-e-type=\"section\">\n\t\t\t\t\t\t<div class=\"elementor-container elementor-column-gap-default\">\n\t\t\t\t\t<div class=\"elementor-column elementor-col-100 elementor-top-column elementor-element elementor-element-fddccdc\" data-id=\"fddccdc\" data-element_type=\"column\" data-e-type=\"column\">\n\t\t\t<div class=\"elementor-widget-wrap elementor-element-populated\">\n\t\t\t\t\t\t<div class=\"elementor-element elementor-element-0731181 elementor-align-center elementor-widget elementor-widget-button\" data-id=\"0731181\" data-element_type=\"widget\" data-e-type=\"widget\" data-widget_type=\"button.default\">\n\t\t\t\t<div class=\"elementor-widget-container\">\n\t\t\t\t\t\t\t\t\t<div class=\"elementor-button-wrapper\">\n\t\t\t\t\t<a class=\"elementor-button elementor-button-link elementor-size-sm\" href=\"https:\/\/www.youtube.com\/watch?v=w8AVa-rvPO0=4s\">\n\t\t\t\t\t\t<span class=\"elementor-button-content-wrapper\">\n\t\t\t\t\t\t\t\t\t<span class=\"elementor-button-text\">\u25b6 WHAT ARE LATERAL FLOW BUFFER ZONES.<\/span>\n\t\t\t\t\t<\/span>\n\t\t\t\t\t<\/a>\n\t\t\t\t<\/div>\n\t\t\t\t\t\t\t\t<\/div>\n\t\t\t\t<\/div>\n\t\t\t\t\t<\/div>\n\t\t<\/div>\n\t\t\t\t\t<\/div>\n\t\t<\/section>\n\t\t\t\t<section class=\"elementor-section elementor-top-section elementor-element elementor-element-5de9942 elementor-section-boxed elementor-section-height-default elementor-section-height-default\" data-id=\"5de9942\" data-element_type=\"section\" data-e-type=\"section\">\n\t\t\t\t\t\t<div class=\"elementor-container elementor-column-gap-default\">\n\t\t\t\t\t<div class=\"elementor-column elementor-col-100 elementor-top-column elementor-element elementor-element-4193e35\" data-id=\"4193e35\" data-element_type=\"column\" data-e-type=\"column\">\n\t\t\t<div class=\"elementor-widget-wrap elementor-element-populated\">\n\t\t\t\t\t\t<div class=\"elementor-element elementor-element-a7feb2b elementor-widget elementor-widget-text-editor\" data-id=\"a7feb2b\" data-element_type=\"widget\" data-e-type=\"widget\" data-widget_type=\"text-editor.default\">\n\t\t\t\t<div class=\"elementor-widget-container\">\n\t\t\t\t\t\t\t\t\t<p><strong>Farmers&#8217; workshop<\/strong><\/p>\n<p>On October 16, a field visit will be made to irrigation communities and farmers of the middle stretch of the Ebro in Navarra.  <\/p>\n\t\t\t\t\t\t\t\t<\/div>\n\t\t\t\t<\/div>\n\t\t\t\t\t<\/div>\n\t\t<\/div>\n\t\t\t\t\t<\/div>\n\t\t<\/section>\n\t\t\t\t<section class=\"elementor-section elementor-top-section elementor-element elementor-element-85207a8 elementor-section-boxed elementor-section-height-default elementor-section-height-default\" data-id=\"85207a8\" data-element_type=\"section\" data-e-type=\"section\">\n\t\t\t\t\t\t<div class=\"elementor-container elementor-column-gap-default\">\n\t\t\t\t\t<div class=\"elementor-column elementor-col-100 elementor-top-column elementor-element elementor-element-7f164ba\" data-id=\"7f164ba\" data-element_type=\"column\" data-e-type=\"column\">\n\t\t\t<div class=\"elementor-widget-wrap elementor-element-populated\">\n\t\t\t\t\t\t<div class=\"elementor-element elementor-element-2981809 elementor-widget elementor-widget-image\" data-id=\"2981809\" data-element_type=\"widget\" data-e-type=\"widget\" data-widget_type=\"image.default\">\n\t\t\t\t<div class=\"elementor-widget-container\">\n\t\t\t\t\t\t\t\t\t\t\t\t\t\t\t<img decoding=\"async\" width=\"666\" height=\"666\" src=\"https:\/\/www.ebroresilience.com\/wp-content\/uploads\/2024\/10\/JORNADA-NAVARRA-AGRICULTORES.png\" class=\"attachment-large size-large wp-image-12341\" alt=\"\" srcset=\"https:\/\/www.ebroresilience.com\/wp-content\/uploads\/2024\/10\/JORNADA-NAVARRA-AGRICULTORES.png 666w, https:\/\/www.ebroresilience.com\/wp-content\/uploads\/2024\/10\/JORNADA-NAVARRA-AGRICULTORES-300x300.png 300w, https:\/\/www.ebroresilience.com\/wp-content\/uploads\/2024\/10\/JORNADA-NAVARRA-AGRICULTORES-150x150.png 150w, https:\/\/www.ebroresilience.com\/wp-content\/uploads\/2024\/10\/JORNADA-NAVARRA-AGRICULTORES-146x146.png 146w, https:\/\/www.ebroresilience.com\/wp-content\/uploads\/2024\/10\/JORNADA-NAVARRA-AGRICULTORES-50x50.png 50w, https:\/\/www.ebroresilience.com\/wp-content\/uploads\/2024\/10\/JORNADA-NAVARRA-AGRICULTORES-75x75.png 75w, https:\/\/www.ebroresilience.com\/wp-content\/uploads\/2024\/10\/JORNADA-NAVARRA-AGRICULTORES-85x85.png 85w, https:\/\/www.ebroresilience.com\/wp-content\/uploads\/2024\/10\/JORNADA-NAVARRA-AGRICULTORES-80x80.png 80w\" sizes=\"(max-width:767px) 480px, 666px\" \/>\t\t\t\t\t\t\t\t\t\t\t\t\t\t\t<\/div>\n\t\t\t\t<\/div>\n\t\t\t\t\t<\/div>\n\t\t<\/div>\n\t\t\t\t\t<\/div>\n\t\t<\/section>\n\t\t\t\t<section class=\"elementor-section elementor-top-section elementor-element elementor-element-9b87869 elementor-section-boxed elementor-section-height-default elementor-section-height-default\" data-id=\"9b87869\" data-element_type=\"section\" data-e-type=\"section\">\n\t\t\t\t\t\t<div class=\"elementor-container elementor-column-gap-default\">\n\t\t\t\t\t<div class=\"elementor-column elementor-col-100 elementor-top-column elementor-element elementor-element-f969096\" data-id=\"f969096\" data-element_type=\"column\" data-e-type=\"column\">\n\t\t\t<div class=\"elementor-widget-wrap elementor-element-populated\">\n\t\t\t\t\t\t<div class=\"elementor-element elementor-element-36cd7d7 elementor-widget elementor-widget-spacer\" data-id=\"36cd7d7\" data-element_type=\"widget\" data-e-type=\"widget\" data-widget_type=\"spacer.default\">\n\t\t\t\t<div class=\"elementor-widget-container\">\n\t\t\t\t\t\t\t<div class=\"elementor-spacer\">\n\t\t\t<div class=\"elementor-spacer-inner\"><\/div>\n\t\t<\/div>\n\t\t\t\t\t\t<\/div>\n\t\t\t\t<\/div>\n\t\t\t\t\t<\/div>\n\t\t<\/div>\n\t\t\t\t\t<\/div>\n\t\t<\/section>\n\t\t\t\t<section class=\"elementor-section elementor-top-section elementor-element elementor-element-79ff47d elementor-section-boxed elementor-section-height-default elementor-section-height-default\" data-id=\"79ff47d\" data-element_type=\"section\" data-e-type=\"section\">\n\t\t\t\t\t\t<div class=\"elementor-container elementor-column-gap-default\">\n\t\t\t\t\t<div class=\"elementor-column elementor-col-100 elementor-top-column elementor-element elementor-element-451865f\" data-id=\"451865f\" data-element_type=\"column\" data-e-type=\"column\">\n\t\t\t<div class=\"elementor-widget-wrap elementor-element-populated\">\n\t\t\t\t\t\t<div class=\"elementor-element elementor-element-35d3c2a elementor-widget elementor-widget-text-editor\" data-id=\"35d3c2a\" data-element_type=\"widget\" data-e-type=\"widget\" data-widget_type=\"text-editor.default\">\n\t\t\t\t<div class=\"elementor-widget-container\">\n\t\t\t\t\t\t\t\t\t<p>Those interested can <strong>register to attend.<\/strong><\/p>\n\t\t\t\t\t\t\t\t<\/div>\n\t\t\t\t<\/div>\n\t\t\t\t\t<\/div>\n\t\t<\/div>\n\t\t\t\t\t<\/div>\n\t\t<\/section>\n\t\t\t\t<section class=\"elementor-section elementor-top-section elementor-element elementor-element-49e6d5a elementor-section-boxed elementor-section-height-default elementor-section-height-default\" data-id=\"49e6d5a\" data-element_type=\"section\" data-e-type=\"section\">\n\t\t\t\t\t\t<div class=\"elementor-container elementor-column-gap-default\">\n\t\t\t\t\t<div class=\"elementor-column elementor-col-100 elementor-top-column elementor-element elementor-element-f35585c\" data-id=\"f35585c\" data-element_type=\"column\" data-e-type=\"column\">\n\t\t\t<div class=\"elementor-widget-wrap elementor-element-populated\">\n\t\t\t\t\t\t<div class=\"elementor-element elementor-element-b2ad193 elementor-align-center elementor-widget elementor-widget-button\" data-id=\"b2ad193\" data-element_type=\"widget\" data-e-type=\"widget\" data-widget_type=\"button.default\">\n\t\t\t\t<div class=\"elementor-widget-container\">\n\t\t\t\t\t\t\t\t\t<div class=\"elementor-button-wrapper\">\n\t\t\t\t\t<a class=\"elementor-button elementor-button-link elementor-size-sm\" href=\"https:\/\/docs.google.com\/forms\/d\/e\/1FAIpQLSd_2GGGUAqWaamQYV5GQ7_X1PU9NxVIsD-uzMDAxMR03IGETA\/viewform?usp=send_form\">\n\t\t\t\t\t\t<span class=\"elementor-button-content-wrapper\">\n\t\t\t\t\t\t\t\t\t<span class=\"elementor-button-text\">REGISTRATION<\/span>\n\t\t\t\t\t<\/span>\n\t\t\t\t\t<\/a>\n\t\t\t\t<\/div>\n\t\t\t\t\t\t\t\t<\/div>\n\t\t\t\t<\/div>\n\t\t\t\t\t<\/div>\n\t\t<\/div>\n\t\t\t\t\t<\/div>\n\t\t<\/section>\n\t\t\t\t<section class=\"elementor-section elementor-top-section elementor-element elementor-element-71a9a9a elementor-section-boxed elementor-section-height-default elementor-section-height-default\" data-id=\"71a9a9a\" data-element_type=\"section\" data-e-type=\"section\">\n\t\t\t\t\t\t<div class=\"elementor-container elementor-column-gap-default\">\n\t\t\t\t\t<div class=\"elementor-column elementor-col-100 elementor-top-column elementor-element elementor-element-97e02bc\" data-id=\"97e02bc\" data-element_type=\"column\" data-e-type=\"column\">\n\t\t\t<div class=\"elementor-widget-wrap elementor-element-populated\">\n\t\t\t\t\t\t<div class=\"elementor-element elementor-element-36ed163 elementor-widget elementor-widget-text-editor\" data-id=\"36ed163\" data-element_type=\"widget\" data-e-type=\"widget\" data-widget_type=\"text-editor.default\">\n\t\t\t\t<div class=\"elementor-widget-container\">\n\t\t\t\t\t\t\t\t\t<p><strong>Actions in the Navarre section<\/strong><\/p>\n<p>The municipalities bordering the Ebro in Navarra are integrated in the planning of actions to reduce the negative effects of floods through the Ebro Resilience Strategy.<\/p>\n<p>In addition, the LIFE Ebro Resilience P1 project has two sections of intervention, the first one between Alfaro, in La Rioja, and Castej\u00f3n, in Navarra, with a different objective from that of the Aragonese agricultural area.<\/p>\n<p>In this case, the proposal involves the recovery of the fluvial space, through the restoration of a succession of meanders, as a measure to reduce flood damage.<\/p>\n\t\t\t\t\t\t\t\t<\/div>\n\t\t\t\t<\/div>\n\t\t\t\t\t<\/div>\n\t\t<\/div>\n\t\t\t\t\t<\/div>\n\t\t<\/section>\n\t\t\t\t<\/div>\n\t\t","protected":false},"excerpt":{"rendered":"<p>The Government of Navarra, together with GAN-NIK and the CHE, partners of the LIFE Ebro Resilience P1 project, have organized two workshops, one already held with municipal representatives and another to be held in the future with farmers, to learn about the functioning of flood areas in agricultural areas and to assess their replication.<\/p>\n","protected":false},"author":5,"featured_media":12326,"comment_status":"closed","ping_status":"closed","sticky":false,"template":"","format":"standard","meta":{"_acf_changed":false,"ngg_post_thumbnail":0,"footnotes":""},"categories":[377,369],"tags":[600,387,378,399,398,381,421,389,533,453],"class_list":["post-12337","post","type-post","status-publish","format-standard","has-post-thumbnail","hentry","category-life-en","category-news","tag-alagon-en","tag-ebro-en","tag-ebro-resilience-en","tag-ebro-springs","tag-flood","tag-life-ebro-resilience-p1-en","tag-navarra-en","tag-networking-en","tag-remolinos-en","tag-replication"],"acf":[],"publishpress_future_action":{"enabled":false,"date":"2026-05-07 17:21:48","action":"change-status","newStatus":"draft","terms":[],"taxonomy":"category","extraData":[]},"publishpress_future_workflow_manual_trigger":{"enabledWorkflows":[]},"_links":{"self":[{"href":"https:\/\/www.ebroresilience.com\/en\/wp-json\/wp\/v2\/posts\/12337","targetHints":{"allow":["GET"]}}],"collection":[{"href":"https:\/\/www.ebroresilience.com\/en\/wp-json\/wp\/v2\/posts"}],"about":[{"href":"https:\/\/www.ebroresilience.com\/en\/wp-json\/wp\/v2\/types\/post"}],"author":[{"embeddable":true,"href":"https:\/\/www.ebroresilience.com\/en\/wp-json\/wp\/v2\/users\/5"}],"replies":[{"embeddable":true,"href":"https:\/\/www.ebroresilience.com\/en\/wp-json\/wp\/v2\/comments?post=12337"}],"version-history":[{"count":5,"href":"https:\/\/www.ebroresilience.com\/en\/wp-json\/wp\/v2\/posts\/12337\/revisions"}],"predecessor-version":[{"id":12347,"href":"https:\/\/www.ebroresilience.com\/en\/wp-json\/wp\/v2\/posts\/12337\/revisions\/12347"}],"wp:featuredmedia":[{"embeddable":true,"href":"https:\/\/www.ebroresilience.com\/en\/wp-json\/wp\/v2\/media\/12326"}],"wp:attachment":[{"href":"https:\/\/www.ebroresilience.com\/en\/wp-json\/wp\/v2\/media?parent=12337"}],"wp:term":[{"taxonomy":"category","embeddable":true,"href":"https:\/\/www.ebroresilience.com\/en\/wp-json\/wp\/v2\/categories?post=12337"},{"taxonomy":"post_tag","embeddable":true,"href":"https:\/\/www.ebroresilience.com\/en\/wp-json\/wp\/v2\/tags?post=12337"}],"curies":[{"name":"wp","href":"https:\/\/api.w.org\/{rel}","templated":true}]}}