{"id":12304,"date":"2024-10-02T10:34:07","date_gmt":"2024-10-02T08:34:07","guid":{"rendered":"https:\/\/www.ebroresilience.com\/new-phase-of-work-to-recover-old-arms-in-soto-del-alfaro\/"},"modified":"2024-10-02T10:39:33","modified_gmt":"2024-10-02T08:39:33","slug":"new-phase-of-work-to-recover-old-arms-in-soto-del-alfaro","status":"publish","type":"post","link":"https:\/\/www.ebroresilience.com\/en\/new-phase-of-work-to-recover-old-arms-in-soto-del-alfaro\/","title":{"rendered":"New phase of work to recover old arms in Soto del Alfaro"},"content":{"rendered":"\t\t<div data-elementor-type=\"wp-post\" data-elementor-id=\"12304\" class=\"elementor elementor-12304 elementor-12160\" data-elementor-post-type=\"post\">\n\t\t\t\t\t\t<section class=\"elementor-section elementor-top-section elementor-element elementor-element-c445738 elementor-section-boxed elementor-section-height-default elementor-section-height-default\" data-id=\"c445738\" data-element_type=\"section\" data-e-type=\"section\">\n\t\t\t\t\t\t<div class=\"elementor-container elementor-column-gap-default\">\n\t\t\t\t\t<div class=\"elementor-column elementor-col-100 elementor-top-column elementor-element elementor-element-fb9feb5\" data-id=\"fb9feb5\" data-element_type=\"column\" data-e-type=\"column\">\n\t\t\t<div class=\"elementor-widget-wrap elementor-element-populated\">\n\t\t\t\t\t\t<div class=\"elementor-element elementor-element-508cbf8 elementor-widget elementor-widget-text-editor\" data-id=\"508cbf8\" data-element_type=\"widget\" data-e-type=\"widget\" data-widget_type=\"text-editor.default\">\n\t\t\t\t<div class=\"elementor-widget-container\">\n\t\t\t\t\t\t\t\t\t<p><strong>30\/09\/2024 <\/strong>The LIFE Ebro Resilience Project starts the <strong>second phase of works to recover the functionality of the meander of the Soto de Alfaro<\/strong>, in La Rioja, reopening old river branches that will reconnect it with the Ebro.<br \/>\nThe progress of this intervention has been reported through information on this website and also to the interested parties in this process.   <\/p>\n<p>After the summer break to comply with the environmental conditions in this Red Natura 2000 area, this nature-based intervention is resumed.<br \/>\nIt fulfills <strong>two objectives: the environmental one<\/strong>, recovering the connection with the river and, therefore, the irrigation of the undergrowth and improving its general condition <strong>, and the one of adding the meander as a space for the river<\/strong> in order to reduce the impact of the Ebro floods. <\/p>\n<p>During these months, the evolution of the meander after the interventions has been very positive, the open arms are already greening.<\/p>\n<p>The action is one of the three interventions included in Zone 1 of the LIFE Ebro Resilience P1 Project (Alfaro, in La Rioja to Castej\u00f3n, Navarra).<\/p>\n<p>The recovered branches, in an area of 60 hectares, <strong>will act as irrigation channels for the undergrowth: it will allow the Ebro flows to enter the undergrowth with floods of 800 <sup>m3\/s<\/sup> and not with the 1,200 <sup>m3\/s<\/sup> that are necessary now, making the positive effect of the fluvial<\/strong> and floodplain <strong>space more effective<\/strong> and reducing the narrowing and erosion effects in the section.<\/p>\n\t\t\t\t\t\t\t\t<\/div>\n\t\t\t\t<\/div>\n\t\t\t\t\t<\/div>\n\t\t<\/div>\n\t\t\t\t\t<\/div>\n\t\t<\/section>\n\t\t\t\t<section class=\"elementor-section elementor-top-section elementor-element elementor-element-9969c52 elementor-section-boxed elementor-section-height-default elementor-section-height-default\" data-id=\"9969c52\" data-element_type=\"section\" data-e-type=\"section\">\n\t\t\t\t\t\t<div class=\"elementor-container elementor-column-gap-default\">\n\t\t\t\t\t<div class=\"elementor-column elementor-col-100 elementor-top-column elementor-element elementor-element-9aab935\" data-id=\"9aab935\" data-element_type=\"column\" data-e-type=\"column\">\n\t\t\t<div class=\"elementor-widget-wrap elementor-element-populated\">\n\t\t\t\t\t\t<div class=\"elementor-element elementor-element-42df8eb elementor-widget elementor-widget-image\" data-id=\"42df8eb\" data-element_type=\"widget\" data-e-type=\"widget\" data-widget_type=\"image.default\">\n\t\t\t\t<div class=\"elementor-widget-container\">\n\t\t\t\t\t\t\t\t\t\t\t\t\t\t\t<img fetchpriority=\"high\" decoding=\"async\" width=\"768\" height=\"512\" src=\"https:\/\/www.ebroresilience.com\/wp-content\/uploads\/2024\/10\/Diseno-sin-titulo-1-768x512.png\" class=\"attachment-medium_large size-medium_large wp-image-12300\" alt=\"Inicio de los trabajos de la fase 2 en el soto de Alfaro (La Rioja). Reapertura de brazos de r\u00edo.\" srcset=\"https:\/\/www.ebroresilience.com\/wp-content\/uploads\/2024\/10\/Diseno-sin-titulo-1-768x512.png 768w, https:\/\/www.ebroresilience.com\/wp-content\/uploads\/2024\/10\/Diseno-sin-titulo-1-300x200.png 300w, https:\/\/www.ebroresilience.com\/wp-content\/uploads\/2024\/10\/Diseno-sin-titulo-1-1024x682.png 1024w, https:\/\/www.ebroresilience.com\/wp-content\/uploads\/2024\/10\/Diseno-sin-titulo-1-1536x1024.png 1536w, https:\/\/www.ebroresilience.com\/wp-content\/uploads\/2024\/10\/Diseno-sin-titulo-1-219x146.png 219w, https:\/\/www.ebroresilience.com\/wp-content\/uploads\/2024\/10\/Diseno-sin-titulo-1-50x33.png 50w, https:\/\/www.ebroresilience.com\/wp-content\/uploads\/2024\/10\/Diseno-sin-titulo-1-113x75.png 113w, https:\/\/www.ebroresilience.com\/wp-content\/uploads\/2024\/10\/Diseno-sin-titulo-1.png 1772w\" sizes=\"(max-width:767px) 480px, (max-width:768px) 100vw, 768px\" \/>\t\t\t\t\t\t\t\t\t\t\t\t\t\t\t<\/div>\n\t\t\t\t<\/div>\n\t\t\t\t\t<\/div>\n\t\t<\/div>\n\t\t\t\t\t<\/div>\n\t\t<\/section>\n\t\t\t\t<section class=\"elementor-section elementor-top-section elementor-element elementor-element-06b0ccb elementor-section-boxed elementor-section-height-default elementor-section-height-default\" data-id=\"06b0ccb\" data-element_type=\"section\" data-e-type=\"section\">\n\t\t\t\t\t\t<div class=\"elementor-container elementor-column-gap-default\">\n\t\t\t\t\t<div class=\"elementor-column elementor-col-100 elementor-top-column elementor-element elementor-element-aab6424\" data-id=\"aab6424\" data-element_type=\"column\" data-e-type=\"column\">\n\t\t\t<div class=\"elementor-widget-wrap elementor-element-populated\">\n\t\t\t\t\t\t<div class=\"elementor-element elementor-element-ce2a1e5 elementor-widget elementor-widget-text-editor\" data-id=\"ce2a1e5\" data-element_type=\"widget\" data-e-type=\"widget\" data-widget_type=\"text-editor.default\">\n\t\t\t\t<div class=\"elementor-widget-container\">\n\t\t\t\t\t\t\t\t\t<p>This is an example of the application of <strong>nature-based solutions<\/strong> to reduce the risk of flooding.<\/p>\n<p>Between May and June 2024, the first works were carried out in the meander lands allowed by environmental regulations, which were not expected to affect the breeding season of species, which do not have tree vegetation of interest and which are those formerly occupied by an aggregate exploitation (orange arms of the image shown below).  <\/p>\n\t\t\t\t\t\t\t\t<\/div>\n\t\t\t\t<\/div>\n\t\t\t\t\t<\/div>\n\t\t<\/div>\n\t\t\t\t\t<\/div>\n\t\t<\/section>\n\t\t\t\t<section class=\"elementor-section elementor-top-section elementor-element elementor-element-2bb703b elementor-section-boxed elementor-section-height-default elementor-section-height-default\" data-id=\"2bb703b\" data-element_type=\"section\" data-e-type=\"section\">\n\t\t\t\t\t\t<div class=\"elementor-container elementor-column-gap-default\">\n\t\t\t\t\t<div class=\"elementor-column elementor-col-100 elementor-top-column elementor-element elementor-element-0e9dc32\" data-id=\"0e9dc32\" data-element_type=\"column\" data-e-type=\"column\">\n\t\t\t<div class=\"elementor-widget-wrap elementor-element-populated\">\n\t\t\t\t\t\t<div class=\"elementor-element elementor-element-503d769 elementor-widget elementor-widget-image\" data-id=\"503d769\" data-element_type=\"widget\" data-e-type=\"widget\" data-widget_type=\"image.default\">\n\t\t\t\t<div class=\"elementor-widget-container\">\n\t\t\t\t\t\t\t\t\t\t\t\t\t\t\t<img decoding=\"async\" width=\"768\" height=\"387\" src=\"https:\/\/www.ebroresilience.com\/wp-content\/uploads\/2024\/05\/soto-2-768x387.png\" class=\"attachment-medium_large size-medium_large wp-image-11428\" alt=\"Plano de futuros brazos de r\u00edo a recuperar en el Soto de Alfaro.\" srcset=\"https:\/\/www.ebroresilience.com\/wp-content\/uploads\/2024\/05\/soto-2-768x387.png 768w, https:\/\/www.ebroresilience.com\/wp-content\/uploads\/2024\/05\/soto-2-300x151.png 300w, https:\/\/www.ebroresilience.com\/wp-content\/uploads\/2024\/05\/soto-2-1024x517.png 1024w, https:\/\/www.ebroresilience.com\/wp-content\/uploads\/2024\/05\/soto-2-260x131.png 260w, https:\/\/www.ebroresilience.com\/wp-content\/uploads\/2024\/05\/soto-2-50x25.png 50w, https:\/\/www.ebroresilience.com\/wp-content\/uploads\/2024\/05\/soto-2-150x75.png 150w, https:\/\/www.ebroresilience.com\/wp-content\/uploads\/2024\/05\/soto-2.png 1447w\" sizes=\"(max-width:767px) 480px, (max-width:768px) 100vw, 768px\" \/>\t\t\t\t\t\t\t\t\t\t\t\t\t\t\t<\/div>\n\t\t\t\t<\/div>\n\t\t\t\t\t<\/div>\n\t\t<\/div>\n\t\t\t\t\t<\/div>\n\t\t<\/section>\n\t\t\t\t<section class=\"elementor-section elementor-top-section elementor-element elementor-element-ad05278 elementor-section-boxed elementor-section-height-default elementor-section-height-default\" data-id=\"ad05278\" data-element_type=\"section\" data-e-type=\"section\">\n\t\t\t\t\t\t<div class=\"elementor-container elementor-column-gap-default\">\n\t\t\t\t\t<div class=\"elementor-column elementor-col-100 elementor-top-column elementor-element elementor-element-5894bfa\" data-id=\"5894bfa\" data-element_type=\"column\" data-e-type=\"column\">\n\t\t\t<div class=\"elementor-widget-wrap elementor-element-populated\">\n\t\t\t\t\t\t<div class=\"elementor-element elementor-element-4a2cb6f elementor-widget elementor-widget-text-editor\" data-id=\"4a2cb6f\" data-element_type=\"widget\" data-e-type=\"widget\" data-widget_type=\"text-editor.default\">\n\t\t\t\t<div class=\"elementor-widget-container\">\n\t\t\t\t\t\t\t\t\t<p>In summary, following the environmental conditions, the project will be developed in two phases:<\/p>\n<ul>\n<li>In the <strong>first phase<\/strong>, work has begun on <strong>land in the meander that does not have any interesting tree vegetation and which was formerly occupied by an aggregate exploitation<\/strong>.<\/li>\n<li><strong>The second phase will start in September, outside the breeding periods of the species present<\/strong> in the riparian forests preserved in the meander.<\/li>\n<\/ul>\n<p><strong><u>Public participation <\/u><\/strong><\/p>\n<p><strong>Public participation<\/strong>, exchange of ideas, analysis and information channels are intrinsic to the project. Throughout the definition phase of this action, stakeholders have been able to raise possible doubts, make proposals and receive information on this type of action.<\/p>\n<p>Once the first phase of the work began, on <strong>June 18,<\/strong> all the members of the LIFE Ebro Resilience P1 participation spaces were invited to visit the forest, both the people involved in the three co-creation groups in the area, which bring together stakeholders and project technicians, and those who form part of the conflict transformation group.<\/p>\n<p>The people who signed up for this experience toured the 60-hectare area, answered questions and put forward ideas about this type of intervention.<\/p>\n\t\t\t\t\t\t\t\t<\/div>\n\t\t\t\t<\/div>\n\t\t\t\t\t<\/div>\n\t\t<\/div>\n\t\t\t\t\t<\/div>\n\t\t<\/section>\n\t\t\t\t<section class=\"elementor-section elementor-top-section elementor-element elementor-element-2e3d6d4 elementor-section-boxed elementor-section-height-default elementor-section-height-default\" data-id=\"2e3d6d4\" data-element_type=\"section\" data-e-type=\"section\">\n\t\t\t\t\t\t<div class=\"elementor-container elementor-column-gap-default\">\n\t\t\t\t\t<div class=\"elementor-column elementor-col-100 elementor-top-column elementor-element elementor-element-d4556ec\" data-id=\"d4556ec\" data-element_type=\"column\" data-e-type=\"column\">\n\t\t\t<div class=\"elementor-widget-wrap elementor-element-populated\">\n\t\t\t\t\t\t<div class=\"elementor-element elementor-element-6394f66 elementor-widget elementor-widget-image\" data-id=\"6394f66\" data-element_type=\"widget\" data-e-type=\"widget\" data-widget_type=\"image.default\">\n\t\t\t\t<div class=\"elementor-widget-container\">\n\t\t\t\t\t\t\t\t\t\t\t\t\t\t\t<img decoding=\"async\" width=\"768\" height=\"576\" src=\"https:\/\/www.ebroresilience.com\/wp-content\/uploads\/2024\/06\/GRUPO-SOTO-DE-ALFARO-copia-768x576.jpeg\" class=\"attachment-medium_large size-medium_large wp-image-11752\" alt=\"Visita a la obra de recuperaci\u00f3n de antiguos brazos de r\u00edo en el Soto de Alfaro por parte de los integrantes de los espacios de participaci\u00f3n del proyecto LIFE Ebro Resilience P1\" srcset=\"https:\/\/www.ebroresilience.com\/wp-content\/uploads\/2024\/06\/GRUPO-SOTO-DE-ALFARO-copia-768x576.jpeg 768w, https:\/\/www.ebroresilience.com\/wp-content\/uploads\/2024\/06\/GRUPO-SOTO-DE-ALFARO-copia-300x225.jpeg 300w, https:\/\/www.ebroresilience.com\/wp-content\/uploads\/2024\/06\/GRUPO-SOTO-DE-ALFARO-copia-1024x768.jpeg 1024w, https:\/\/www.ebroresilience.com\/wp-content\/uploads\/2024\/06\/GRUPO-SOTO-DE-ALFARO-copia-1536x1152.jpeg 1536w, https:\/\/www.ebroresilience.com\/wp-content\/uploads\/2024\/06\/GRUPO-SOTO-DE-ALFARO-copia-195x146.jpeg 195w, https:\/\/www.ebroresilience.com\/wp-content\/uploads\/2024\/06\/GRUPO-SOTO-DE-ALFARO-copia-50x38.jpeg 50w, https:\/\/www.ebroresilience.com\/wp-content\/uploads\/2024\/06\/GRUPO-SOTO-DE-ALFARO-copia-100x75.jpeg 100w, https:\/\/www.ebroresilience.com\/wp-content\/uploads\/2024\/06\/GRUPO-SOTO-DE-ALFARO-copia-960x720.jpeg 960w, https:\/\/www.ebroresilience.com\/wp-content\/uploads\/2024\/06\/GRUPO-SOTO-DE-ALFARO-copia.jpeg 1600w\" sizes=\"(max-width:767px) 480px, (max-width:768px) 100vw, 768px\" \/>\t\t\t\t\t\t\t\t\t\t\t\t\t\t\t<\/div>\n\t\t\t\t<\/div>\n\t\t\t\t\t<\/div>\n\t\t<\/div>\n\t\t\t\t\t<\/div>\n\t\t<\/section>\n\t\t\t\t<\/div>\n\t\t","protected":false},"excerpt":{"rendered":"<p>During the summer period the intervention was stopped due to environmental conditions and during this time the reopened branches already show revegetation.  <\/p>\n","protected":false},"author":5,"featured_media":0,"comment_status":"closed","ping_status":"closed","sticky":false,"template":"","format":"standard","meta":{"_acf_changed":false,"ngg_post_thumbnail":0,"footnotes":""},"categories":[377,369],"tags":[380,387,378,398,381,395,379],"class_list":["post-12304","post","type-post","status-publish","format-standard","hentry","category-life-en","category-news","tag-alfaro-en","tag-ebro-en","tag-ebro-resilience-en","tag-flood","tag-life-ebro-resilience-p1-en","tag-participation","tag-restoration"],"acf":[],"publishpress_future_action":{"enabled":false,"date":"2026-05-07 09:58:21","action":"change-status","newStatus":"draft","terms":[],"taxonomy":"category","extraData":[]},"publishpress_future_workflow_manual_trigger":{"enabledWorkflows":[]},"_links":{"self":[{"href":"https:\/\/www.ebroresilience.com\/en\/wp-json\/wp\/v2\/posts\/12304","targetHints":{"allow":["GET"]}}],"collection":[{"href":"https:\/\/www.ebroresilience.com\/en\/wp-json\/wp\/v2\/posts"}],"about":[{"href":"https:\/\/www.ebroresilience.com\/en\/wp-json\/wp\/v2\/types\/post"}],"author":[{"embeddable":true,"href":"https:\/\/www.ebroresilience.com\/en\/wp-json\/wp\/v2\/users\/5"}],"replies":[{"embeddable":true,"href":"https:\/\/www.ebroresilience.com\/en\/wp-json\/wp\/v2\/comments?post=12304"}],"version-history":[{"count":5,"href":"https:\/\/www.ebroresilience.com\/en\/wp-json\/wp\/v2\/posts\/12304\/revisions"}],"predecessor-version":[{"id":12309,"href":"https:\/\/www.ebroresilience.com\/en\/wp-json\/wp\/v2\/posts\/12304\/revisions\/12309"}],"wp:attachment":[{"href":"https:\/\/www.ebroresilience.com\/en\/wp-json\/wp\/v2\/media?parent=12304"}],"wp:term":[{"taxonomy":"category","embeddable":true,"href":"https:\/\/www.ebroresilience.com\/en\/wp-json\/wp\/v2\/categories?post=12304"},{"taxonomy":"post_tag","embeddable":true,"href":"https:\/\/www.ebroresilience.com\/en\/wp-json\/wp\/v2\/tags?post=12304"}],"curies":[{"name":"wp","href":"https:\/\/api.w.org\/{rel}","templated":true}]}}