{"id":12255,"date":"2024-09-25T10:58:24","date_gmt":"2024-09-25T08:58:24","guid":{"rendered":"https:\/\/www.ebroresilience.com\/enjoying-and-learning-on-october-20-we-celebrated-a-popular-descent-between-osera-and-fuentes-de-ebro\/"},"modified":"2024-09-25T11:20:19","modified_gmt":"2024-09-25T09:20:19","slug":"enjoying-and-learning-on-october-20-we-celebrated-a-popular-descent-between-osera-and-fuentes-de-ebro","status":"publish","type":"post","link":"https:\/\/www.ebroresilience.com\/en\/enjoying-and-learning-on-october-20-we-celebrated-a-popular-descent-between-osera-and-fuentes-de-ebro\/","title":{"rendered":"Enjoying and learning: on October 20 we celebrated a popular descent between Osera and Fuentes de Ebro"},"content":{"rendered":"\t\t<div data-elementor-type=\"wp-post\" data-elementor-id=\"12255\" class=\"elementor elementor-12255 elementor-12240\" data-elementor-post-type=\"post\">\n\t\t\t\t\t\t<section class=\"elementor-section elementor-top-section elementor-element elementor-element-d1e96e0 elementor-section-boxed elementor-section-height-default elementor-section-height-default\" data-id=\"d1e96e0\" data-element_type=\"section\" data-e-type=\"section\">\n\t\t\t\t\t\t<div class=\"elementor-container elementor-column-gap-default\">\n\t\t\t\t\t<div class=\"elementor-column elementor-col-100 elementor-top-column elementor-element elementor-element-55ad906\" data-id=\"55ad906\" data-element_type=\"column\" data-e-type=\"column\">\n\t\t\t<div class=\"elementor-widget-wrap elementor-element-populated\">\n\t\t\t\t\t\t<div class=\"elementor-element elementor-element-3f9dd68 elementor-widget elementor-widget-text-editor\" data-id=\"3f9dd68\" data-element_type=\"widget\" data-e-type=\"widget\" data-widget_type=\"text-editor.default\">\n\t\t\t\t<div class=\"elementor-widget-container\">\n\t\t\t\t\t\t\t\t\t<p>The LIFE Ebro Resilience P1 Project organizes, in collaboration with the City Council of Fuentes de Ebro, a new activity that combines recreational and informative activities for the riparian population in the middle stretch of the Ebro.<br \/>\nOn Sunday, October 20, a descent will be held on the Ebro River between Osera de Ebro and Fuentes de Ebro, in Zaragoza, open to the entire population.<br \/>\nHowever, to participate and have access to one of the 20 places available, <a href=\"https:\/\/docs.google.com\/forms\/d\/e\/1FAIpQLSdGXn9VRrOyKNxdOkckBBSN9bYsXVPcncXRXCEn8TBrWkH3IQ\/viewform\">prior registration<\/a> is required, with a commitment to attend.  <\/p>\n<p>The descent offered by <em>EbroNautas<\/em> for the <strong>Ebro Resilience<\/strong>, will offer a new perspective on the river, always different when it is known and enjoyed from the inside.<br \/>\nIt will deal with its reality as a river course and will talk about its environmental values, but also about the phenomenon of flooding in this section and the LIFE Ebro Resilience P1 Project and the adaptation actions will be presented. <\/p>\n<p>This activity is part of the <a href=\"https:\/\/www.ebroresilience.com\/en\/participate\/participation-and-life-capabilities\/capacity-building\/\">social capacity building actions<\/a> implemented by this project in the areas where it intervenes.<br \/>\nThe objective is to increase the knowledge of the riverside population about floods, promote participation in the forums where adaptation actions are defined, improve the action and knowledge networks of the municipalities themselves and thus enhance self-protection against the negative effects of floods. <\/p>\n\t\t\t\t\t\t\t\t<\/div>\n\t\t\t\t<\/div>\n\t\t\t\t\t<\/div>\n\t\t<\/div>\n\t\t\t\t\t<\/div>\n\t\t<\/section>\n\t\t\t\t<section class=\"elementor-section elementor-top-section elementor-element elementor-element-b5f3947 elementor-section-boxed elementor-section-height-default elementor-section-height-default\" data-id=\"b5f3947\" data-element_type=\"section\" data-e-type=\"section\">\n\t\t\t\t\t\t<div class=\"elementor-container elementor-column-gap-default\">\n\t\t\t\t\t<div class=\"elementor-column elementor-col-100 elementor-top-column elementor-element elementor-element-926d6e6\" data-id=\"926d6e6\" data-element_type=\"column\" data-e-type=\"column\">\n\t\t\t<div class=\"elementor-widget-wrap elementor-element-populated\">\n\t\t\t\t\t\t<div class=\"elementor-element elementor-element-fb0b02d elementor-align-center elementor-widget elementor-widget-button\" data-id=\"fb0b02d\" data-element_type=\"widget\" data-e-type=\"widget\" data-widget_type=\"button.default\">\n\t\t\t\t<div class=\"elementor-widget-container\">\n\t\t\t\t\t\t\t\t\t<div class=\"elementor-button-wrapper\">\n\t\t\t\t\t<a class=\"elementor-button elementor-button-link elementor-size-lg\" href=\"https:\/\/docs.google.com\/forms\/d\/e\/1FAIpQLSdGXn9VRrOyKNxdOkckBBSN9bYsXVPcncXRXCEn8TBrWkH3IQ\/viewform\">\n\t\t\t\t\t\t<span class=\"elementor-button-content-wrapper\">\n\t\t\t\t\t\t\t\t\t<span class=\"elementor-button-text\">Registration  <\/span>\n\t\t\t\t\t<\/span>\n\t\t\t\t\t<\/a>\n\t\t\t\t<\/div>\n\t\t\t\t\t\t\t\t<\/div>\n\t\t\t\t<\/div>\n\t\t\t\t\t<\/div>\n\t\t<\/div>\n\t\t\t\t\t<\/div>\n\t\t<\/section>\n\t\t\t\t<section class=\"elementor-section elementor-top-section elementor-element elementor-element-14da8ad elementor-section-boxed elementor-section-height-default elementor-section-height-default\" data-id=\"14da8ad\" data-element_type=\"section\" data-e-type=\"section\">\n\t\t\t\t\t\t<div class=\"elementor-container elementor-column-gap-default\">\n\t\t\t\t\t<div class=\"elementor-column elementor-col-100 elementor-top-column elementor-element elementor-element-3a4a6cb\" data-id=\"3a4a6cb\" data-element_type=\"column\" data-e-type=\"column\">\n\t\t\t<div class=\"elementor-widget-wrap elementor-element-populated\">\n\t\t\t\t\t\t<div class=\"elementor-element elementor-element-a41c697 elementor-widget elementor-widget-image\" data-id=\"a41c697\" data-element_type=\"widget\" data-e-type=\"widget\" data-widget_type=\"image.default\">\n\t\t\t\t<div class=\"elementor-widget-container\">\n\t\t\t\t\t\t\t\t\t\t\t\t\t\t\t<img fetchpriority=\"high\" decoding=\"async\" width=\"768\" height=\"1024\" src=\"https:\/\/www.ebroresilience.com\/wp-content\/uploads\/2024\/09\/cartel-pequeno-web-768x1024.png\" class=\"attachment-medium_large size-medium_large wp-image-12242\" alt=\"Cartel anunciando descenso popular Osera - Fuente\" srcset=\"https:\/\/www.ebroresilience.com\/wp-content\/uploads\/2024\/09\/cartel-pequeno-web-768x1024.png 768w, https:\/\/www.ebroresilience.com\/wp-content\/uploads\/2024\/09\/cartel-pequeno-web-225x300.png 225w, https:\/\/www.ebroresilience.com\/wp-content\/uploads\/2024\/09\/cartel-pequeno-web-1152x1536.png 1152w, https:\/\/www.ebroresilience.com\/wp-content\/uploads\/2024\/09\/cartel-pequeno-web-1536x2048.png 1536w, https:\/\/www.ebroresilience.com\/wp-content\/uploads\/2024\/09\/cartel-pequeno-web-110x146.png 110w, https:\/\/www.ebroresilience.com\/wp-content\/uploads\/2024\/09\/cartel-pequeno-web-38x50.png 38w, https:\/\/www.ebroresilience.com\/wp-content\/uploads\/2024\/09\/cartel-pequeno-web-56x75.png 56w, https:\/\/www.ebroresilience.com\/wp-content\/uploads\/2024\/09\/cartel-pequeno-web.png 1728w\" sizes=\"(max-width:767px) 480px, (max-width:768px) 100vw, 768px\" \/>\t\t\t\t\t\t\t\t\t\t\t\t\t\t\t<\/div>\n\t\t\t\t<\/div>\n\t\t\t\t\t<\/div>\n\t\t<\/div>\n\t\t\t\t\t<\/div>\n\t\t<\/section>\n\t\t\t\t<section class=\"elementor-section elementor-top-section elementor-element elementor-element-973cb40 elementor-section-boxed elementor-section-height-default elementor-section-height-default\" data-id=\"973cb40\" data-element_type=\"section\" data-e-type=\"section\">\n\t\t\t\t\t\t<div class=\"elementor-container elementor-column-gap-default\">\n\t\t\t\t\t<div class=\"elementor-column elementor-col-100 elementor-top-column elementor-element elementor-element-4f48822\" data-id=\"4f48822\" data-element_type=\"column\" data-e-type=\"column\">\n\t\t\t<div class=\"elementor-widget-wrap elementor-element-populated\">\n\t\t\t\t\t\t<div class=\"elementor-element elementor-element-48d67b3 elementor-widget elementor-widget-text-editor\" data-id=\"48d67b3\" data-element_type=\"widget\" data-e-type=\"widget\" data-widget_type=\"text-editor.default\">\n\t\t\t\t<div class=\"elementor-widget-container\">\n\t\t\t\t\t\t\t\t\t<p>Along the same lines, last April a guided route was held along the Aguilar meander in Fuentes de Ebro, also in collaboration with the City Council.<br \/>\nWith great success of public, it served to walk, to know the environment and to analyze together the phenomena of flooding. <\/p>\n\t\t\t\t\t\t\t\t<\/div>\n\t\t\t\t<\/div>\n\t\t\t\t\t<\/div>\n\t\t<\/div>\n\t\t\t\t\t<\/div>\n\t\t<\/section>\n\t\t\t\t<section class=\"elementor-section elementor-top-section elementor-element elementor-element-eadbdee elementor-section-boxed elementor-section-height-default elementor-section-height-default\" data-id=\"eadbdee\" data-element_type=\"section\" data-e-type=\"section\">\n\t\t\t\t\t\t<div class=\"elementor-container elementor-column-gap-default\">\n\t\t\t\t\t<div class=\"elementor-column elementor-col-100 elementor-top-column elementor-element elementor-element-9c0ff8d\" data-id=\"9c0ff8d\" data-element_type=\"column\" data-e-type=\"column\">\n\t\t\t<div class=\"elementor-widget-wrap elementor-element-populated\">\n\t\t\t\t\t\t<div class=\"elementor-element elementor-element-e764e7d elementor-widget elementor-widget-image\" data-id=\"e764e7d\" data-element_type=\"widget\" data-e-type=\"widget\" data-widget_type=\"image.default\">\n\t\t\t\t<div class=\"elementor-widget-container\">\n\t\t\t\t\t\t\t\t\t\t\t\t\t\t\t<img decoding=\"async\" width=\"768\" height=\"576\" src=\"https:\/\/www.ebroresilience.com\/wp-content\/uploads\/2024\/04\/RUTA-FUENTES-PARA-BOLETIN-2-768x576.jpg\" class=\"attachment-medium_large size-medium_large wp-image-10832\" alt=\"Ruta guiada por el meandro de Aguilar en Fuentes de Ebro. Jornada p\u00fablica participativa.\" srcset=\"https:\/\/www.ebroresilience.com\/wp-content\/uploads\/2024\/04\/RUTA-FUENTES-PARA-BOLETIN-2-768x576.jpg 768w, https:\/\/www.ebroresilience.com\/wp-content\/uploads\/2024\/04\/RUTA-FUENTES-PARA-BOLETIN-2-300x225.jpg 300w, https:\/\/www.ebroresilience.com\/wp-content\/uploads\/2024\/04\/RUTA-FUENTES-PARA-BOLETIN-2-1024x768.jpg 1024w, https:\/\/www.ebroresilience.com\/wp-content\/uploads\/2024\/04\/RUTA-FUENTES-PARA-BOLETIN-2-1536x1152.jpg 1536w, https:\/\/www.ebroresilience.com\/wp-content\/uploads\/2024\/04\/RUTA-FUENTES-PARA-BOLETIN-2-2048x1536.jpg 2048w, https:\/\/www.ebroresilience.com\/wp-content\/uploads\/2024\/04\/RUTA-FUENTES-PARA-BOLETIN-2-195x146.jpg 195w, https:\/\/www.ebroresilience.com\/wp-content\/uploads\/2024\/04\/RUTA-FUENTES-PARA-BOLETIN-2-50x38.jpg 50w, https:\/\/www.ebroresilience.com\/wp-content\/uploads\/2024\/04\/RUTA-FUENTES-PARA-BOLETIN-2-100x75.jpg 100w, https:\/\/www.ebroresilience.com\/wp-content\/uploads\/2024\/04\/RUTA-FUENTES-PARA-BOLETIN-2-960x720.jpg 960w\" sizes=\"(max-width:767px) 480px, (max-width:768px) 100vw, 768px\" \/>\t\t\t\t\t\t\t\t\t\t\t\t\t\t\t<\/div>\n\t\t\t\t<\/div>\n\t\t\t\t\t<\/div>\n\t\t<\/div>\n\t\t\t\t\t<\/div>\n\t\t<\/section>\n\t\t\t\t<section class=\"elementor-section elementor-top-section elementor-element elementor-element-dc3eb2f elementor-section-boxed elementor-section-height-default elementor-section-height-default\" data-id=\"dc3eb2f\" data-element_type=\"section\" data-e-type=\"section\">\n\t\t\t\t\t\t<div class=\"elementor-container elementor-column-gap-default\">\n\t\t\t\t\t<div class=\"elementor-column elementor-col-100 elementor-top-column elementor-element elementor-element-bd47da2\" data-id=\"bd47da2\" data-element_type=\"column\" data-e-type=\"column\">\n\t\t\t<div class=\"elementor-widget-wrap elementor-element-populated\">\n\t\t\t\t\t\t<div class=\"elementor-element elementor-element-68c8602 elementor-widget elementor-widget-text-editor\" data-id=\"68c8602\" data-element_type=\"widget\" data-e-type=\"widget\" data-widget_type=\"text-editor.default\">\n\t\t\t\t<div class=\"elementor-widget-container\">\n\t\t\t\t\t\t\t\t\t<p><strong>LIFE Ebro Resilience  <\/strong><\/p>\n<p>This project has European funding and brings together public administrations to reduce the effects of flood risk in the middle stretch (Ministry for Ecological Transition and the Demographic Challenge; Ebro Hydrographic Confederation; Government of Aragon and the Aragonese Water Institute).<\/p>\n<p>In the Osera de Ebro &#8211; Fuentes de Ebro section, which is called Zone 2 of the project, a novel intervention is proposed to make an intensively cultivated agricultural area compatible with the passage of floods.<\/p>\n<p>For this purpose, the creation of lateral flow buffer zones has been planned. These buffer zones will compartmentalize farms into areas that will be pre-flooded just before the levees overflow, creating water buffers that will minimize damage to farms and infrastructure.<\/p>\n<p>In addition, the capacity of the riverbed will be increased by recovering fluvial space through the recessing of two sections of the defense dike. These new fluvial spaces will be environmentally restored.<br \/>The works for the implementation of the lateral flow buffer zones and the recovery of fluvial space will be undertaken by TRAGSA under the direction of the CHE. The Government of Aragon will carry out the adaptation of the irrigation system and environmental restoration.<\/p>\n\t\t\t\t\t\t\t\t<\/div>\n\t\t\t\t<\/div>\n\t\t\t\t\t<\/div>\n\t\t<\/div>\n\t\t\t\t\t<\/div>\n\t\t<\/section>\n\t\t\t\t<section class=\"elementor-section elementor-top-section elementor-element elementor-element-4cb25af elementor-section-boxed elementor-section-height-default elementor-section-height-default\" data-id=\"4cb25af\" data-element_type=\"section\" data-e-type=\"section\">\n\t\t\t\t\t\t<div class=\"elementor-container elementor-column-gap-default\">\n\t\t\t\t\t<div class=\"elementor-column elementor-col-100 elementor-top-column elementor-element elementor-element-ae407c1\" data-id=\"ae407c1\" data-element_type=\"column\" data-e-type=\"column\">\n\t\t\t<div class=\"elementor-widget-wrap elementor-element-populated\">\n\t\t\t\t\t\t<div class=\"elementor-element elementor-element-ec64b62 elementor-widget elementor-widget-video\" data-id=\"ec64b62\" data-element_type=\"widget\" data-e-type=\"widget\" data-settings=\"{&quot;youtube_url&quot;:&quot;https:\\\/\\\/www.youtube.com\\\/watch?v=w8AVa-rvPO0=1s&quot;,&quot;video_type&quot;:&quot;youtube&quot;,&quot;controls&quot;:&quot;yes&quot;}\" data-widget_type=\"video.default\">\n\t\t\t\t<div class=\"elementor-widget-container\">\n\t\t\t\t\t\t\t<div class=\"elementor-wrapper elementor-open-inline\">\n\t\t\t<div class=\"elementor-video\"><\/div>\t\t<\/div>\n\t\t\t\t\t\t<\/div>\n\t\t\t\t<\/div>\n\t\t\t\t\t<\/div>\n\t\t<\/div>\n\t\t\t\t\t<\/div>\n\t\t<\/section>\n\t\t\t\t<section class=\"elementor-section elementor-top-section elementor-element elementor-element-4aeedb9 elementor-section-boxed elementor-section-height-default elementor-section-height-default\" data-id=\"4aeedb9\" data-element_type=\"section\" data-e-type=\"section\">\n\t\t\t\t\t\t<div class=\"elementor-container elementor-column-gap-default\">\n\t\t\t\t\t<div class=\"elementor-column elementor-col-100 elementor-top-column elementor-element elementor-element-10dc5f7\" data-id=\"10dc5f7\" data-element_type=\"column\" data-e-type=\"column\">\n\t\t\t<div class=\"elementor-widget-wrap elementor-element-populated\">\n\t\t\t\t\t\t<div class=\"elementor-element elementor-element-9ffdf54 elementor-widget elementor-widget-text-editor\" data-id=\"9ffdf54\" data-element_type=\"widget\" data-e-type=\"widget\" data-widget_type=\"text-editor.default\">\n\t\t\t\t<div class=\"elementor-widget-container\">\n\t\t\t\t\t\t\t\t\t<p>In addition to the projected works, the project has public participation actions as one of the crucial lines of work.<br \/>\nIn this section, three groups were set up for stable participation in the relationship between the technical and administrative part of the Project and the riparian population and interested parties. <\/p><\/p>\n\t\t\t\t\t\t\t\t<\/div>\n\t\t\t\t<\/div>\n\t\t\t\t\t<\/div>\n\t\t<\/div>\n\t\t\t\t\t<\/div>\n\t\t<\/section>\n\t\t\t\t<section class=\"elementor-section elementor-top-section elementor-element elementor-element-4c469af elementor-section-boxed elementor-section-height-default elementor-section-height-default\" data-id=\"4c469af\" data-element_type=\"section\" data-e-type=\"section\">\n\t\t\t\t\t\t<div class=\"elementor-container elementor-column-gap-default\">\n\t\t\t\t\t<div class=\"elementor-column elementor-col-33 elementor-top-column elementor-element elementor-element-190fce7\" data-id=\"190fce7\" data-element_type=\"column\" data-e-type=\"column\">\n\t\t\t<div class=\"elementor-widget-wrap elementor-element-populated\">\n\t\t\t\t\t\t<div class=\"elementor-element elementor-element-4d510bf elementor-widget elementor-widget-image\" data-id=\"4d510bf\" data-element_type=\"widget\" data-e-type=\"widget\" data-widget_type=\"image.default\">\n\t\t\t\t<div class=\"elementor-widget-container\">\n\t\t\t\t\t\t\t\t\t\t\t\t\t\t\t<img decoding=\"async\" width=\"1024\" height=\"768\" src=\"https:\/\/www.ebroresilience.com\/wp-content\/uploads\/2024\/05\/sesion-publica-4-1024x768.jpeg\" class=\"attachment-large size-large wp-image-11556\" alt=\"Explicaci\u00f3n del proceso de participaci\u00f3n desarrollado sobre la intervenci\u00f3n, a cargo de Alba Ballester\" srcset=\"https:\/\/www.ebroresilience.com\/wp-content\/uploads\/2024\/05\/sesion-publica-4-1024x768.jpeg 1024w, https:\/\/www.ebroresilience.com\/wp-content\/uploads\/2024\/05\/sesion-publica-4-300x225.jpeg 300w, https:\/\/www.ebroresilience.com\/wp-content\/uploads\/2024\/05\/sesion-publica-4-768x576.jpeg 768w, https:\/\/www.ebroresilience.com\/wp-content\/uploads\/2024\/05\/sesion-publica-4-1536x1152.jpeg 1536w, https:\/\/www.ebroresilience.com\/wp-content\/uploads\/2024\/05\/sesion-publica-4-195x146.jpeg 195w, https:\/\/www.ebroresilience.com\/wp-content\/uploads\/2024\/05\/sesion-publica-4-50x38.jpeg 50w, https:\/\/www.ebroresilience.com\/wp-content\/uploads\/2024\/05\/sesion-publica-4-100x75.jpeg 100w, https:\/\/www.ebroresilience.com\/wp-content\/uploads\/2024\/05\/sesion-publica-4-960x720.jpeg 960w, https:\/\/www.ebroresilience.com\/wp-content\/uploads\/2024\/05\/sesion-publica-4.jpeg 2048w\" sizes=\"(max-width:767px) 480px, (max-width:1024px) 100vw, 1024px\" \/>\t\t\t\t\t\t\t\t\t\t\t\t\t\t\t<\/div>\n\t\t\t\t<\/div>\n\t\t\t\t\t<\/div>\n\t\t<\/div>\n\t\t\t\t<div class=\"elementor-column elementor-col-33 elementor-top-column elementor-element elementor-element-8051774\" data-id=\"8051774\" data-element_type=\"column\" data-e-type=\"column\">\n\t\t\t<div class=\"elementor-widget-wrap elementor-element-populated\">\n\t\t\t\t\t\t<div class=\"elementor-element elementor-element-9fafdc5 elementor-widget elementor-widget-image\" data-id=\"9fafdc5\" data-element_type=\"widget\" data-e-type=\"widget\" data-widget_type=\"image.default\">\n\t\t\t\t<div class=\"elementor-widget-container\">\n\t\t\t\t\t\t\t\t\t\t\t\t\t\t\t<img loading=\"lazy\" decoding=\"async\" width=\"678\" height=\"504\" src=\"https:\/\/www.ebroresilience.com\/wp-content\/uploads\/2024\/02\/acciones_participacion_02.jpg\" class=\"attachment-large size-large wp-image-10024\" alt=\"\" srcset=\"https:\/\/www.ebroresilience.com\/wp-content\/uploads\/2024\/02\/acciones_participacion_02.jpg 678w, https:\/\/www.ebroresilience.com\/wp-content\/uploads\/2024\/02\/acciones_participacion_02-300x223.jpg 300w, https:\/\/www.ebroresilience.com\/wp-content\/uploads\/2024\/02\/acciones_participacion_02-196x146.jpg 196w, https:\/\/www.ebroresilience.com\/wp-content\/uploads\/2024\/02\/acciones_participacion_02-50x37.jpg 50w, https:\/\/www.ebroresilience.com\/wp-content\/uploads\/2024\/02\/acciones_participacion_02-101x75.jpg 101w\" sizes=\"(max-width:767px) 480px, 678px\" \/>\t\t\t\t\t\t\t\t\t\t\t\t\t\t\t<\/div>\n\t\t\t\t<\/div>\n\t\t\t\t\t<\/div>\n\t\t<\/div>\n\t\t\t\t<div class=\"elementor-column elementor-col-33 elementor-top-column elementor-element elementor-element-b1689ff\" data-id=\"b1689ff\" data-element_type=\"column\" data-e-type=\"column\">\n\t\t\t<div class=\"elementor-widget-wrap elementor-element-populated\">\n\t\t\t\t\t\t<div class=\"elementor-element elementor-element-dddcd79 elementor-widget elementor-widget-image\" data-id=\"dddcd79\" data-element_type=\"widget\" data-e-type=\"widget\" data-widget_type=\"image.default\">\n\t\t\t\t<div class=\"elementor-widget-container\">\n\t\t\t\t\t\t\t\t\t\t\t\t\t\t\t<img loading=\"lazy\" decoding=\"async\" width=\"1024\" height=\"768\" src=\"https:\/\/www.ebroresilience.com\/wp-content\/uploads\/2024\/05\/participacion-de-Fuentes-de-Ebro-1024x768.jpg\" class=\"attachment-large size-large wp-image-11562\" alt=\"\" srcset=\"https:\/\/www.ebroresilience.com\/wp-content\/uploads\/2024\/05\/participacion-de-Fuentes-de-Ebro-1024x768.jpg 1024w, https:\/\/www.ebroresilience.com\/wp-content\/uploads\/2024\/05\/participacion-de-Fuentes-de-Ebro-300x225.jpg 300w, https:\/\/www.ebroresilience.com\/wp-content\/uploads\/2024\/05\/participacion-de-Fuentes-de-Ebro-768x576.jpg 768w, https:\/\/www.ebroresilience.com\/wp-content\/uploads\/2024\/05\/participacion-de-Fuentes-de-Ebro-1536x1152.jpg 1536w, https:\/\/www.ebroresilience.com\/wp-content\/uploads\/2024\/05\/participacion-de-Fuentes-de-Ebro-2048x1536.jpg 2048w, https:\/\/www.ebroresilience.com\/wp-content\/uploads\/2024\/05\/participacion-de-Fuentes-de-Ebro-195x146.jpg 195w, https:\/\/www.ebroresilience.com\/wp-content\/uploads\/2024\/05\/participacion-de-Fuentes-de-Ebro-50x38.jpg 50w, https:\/\/www.ebroresilience.com\/wp-content\/uploads\/2024\/05\/participacion-de-Fuentes-de-Ebro-100x75.jpg 100w, https:\/\/www.ebroresilience.com\/wp-content\/uploads\/2024\/05\/participacion-de-Fuentes-de-Ebro-960x720.jpg 960w\" sizes=\"(max-width:767px) 480px, (max-width:1024px) 100vw, 1024px\" \/>\t\t\t\t\t\t\t\t\t\t\t\t\t\t\t<\/div>\n\t\t\t\t<\/div>\n\t\t\t\t\t<\/div>\n\t\t<\/div>\n\t\t\t\t\t<\/div>\n\t\t<\/section>\n\t\t\t\t<\/div>\n\t\t","protected":false},"excerpt":{"rendered":"<p>The LIFE Ebro Resilience P1 Project organizes this informative activity open to neighbors and interested people in the area, in which prior registration is required to complete the 20 places available.  <\/p>\n","protected":false},"author":5,"featured_media":12250,"comment_status":"closed","ping_status":"closed","sticky":false,"template":"","format":"standard","meta":{"_acf_changed":false,"ngg_post_thumbnail":0,"footnotes":""},"categories":[377,369,1],"tags":[387,378,399,398,381,410,395],"class_list":["post-12255","post","type-post","status-publish","format-standard","has-post-thumbnail","hentry","category-life-en","category-news","category-noticias","tag-ebro-en","tag-ebro-resilience-en","tag-ebro-springs","tag-flood","tag-life-ebro-resilience-p1-en","tag-osera-de-ebro-en","tag-participation"],"acf":[],"publishpress_future_action":{"enabled":false,"date":"2026-05-07 13:04:53","action":"change-status","newStatus":"draft","terms":[],"taxonomy":"category","extraData":[]},"publishpress_future_workflow_manual_trigger":{"enabledWorkflows":[]},"_links":{"self":[{"href":"https:\/\/www.ebroresilience.com\/en\/wp-json\/wp\/v2\/posts\/12255","targetHints":{"allow":["GET"]}}],"collection":[{"href":"https:\/\/www.ebroresilience.com\/en\/wp-json\/wp\/v2\/posts"}],"about":[{"href":"https:\/\/www.ebroresilience.com\/en\/wp-json\/wp\/v2\/types\/post"}],"author":[{"embeddable":true,"href":"https:\/\/www.ebroresilience.com\/en\/wp-json\/wp\/v2\/users\/5"}],"replies":[{"embeddable":true,"href":"https:\/\/www.ebroresilience.com\/en\/wp-json\/wp\/v2\/comments?post=12255"}],"version-history":[{"count":6,"href":"https:\/\/www.ebroresilience.com\/en\/wp-json\/wp\/v2\/posts\/12255\/revisions"}],"predecessor-version":[{"id":12264,"href":"https:\/\/www.ebroresilience.com\/en\/wp-json\/wp\/v2\/posts\/12255\/revisions\/12264"}],"wp:featuredmedia":[{"embeddable":true,"href":"https:\/\/www.ebroresilience.com\/en\/wp-json\/wp\/v2\/media\/12250"}],"wp:attachment":[{"href":"https:\/\/www.ebroresilience.com\/en\/wp-json\/wp\/v2\/media?parent=12255"}],"wp:term":[{"taxonomy":"category","embeddable":true,"href":"https:\/\/www.ebroresilience.com\/en\/wp-json\/wp\/v2\/categories?post=12255"},{"taxonomy":"post_tag","embeddable":true,"href":"https:\/\/www.ebroresilience.com\/en\/wp-json\/wp\/v2\/tags?post=12255"}],"curies":[{"name":"wp","href":"https:\/\/api.w.org\/{rel}","templated":true}]}}