{"id":11782,"date":"2024-06-26T08:00:00","date_gmt":"2024-06-26T06:00:00","guid":{"rendered":"https:\/\/www.ebroresilience.com\/getting-to-know-on-the-ground-the-actions-for-the-recovery-of-river-branches-in-the-soto-de-alfaro\/"},"modified":"2024-06-26T10:15:13","modified_gmt":"2024-06-26T08:15:13","slug":"getting-to-know-on-the-ground-the-actions-for-the-recovery-of-river-branches-in-the-soto-de-alfaro","status":"publish","type":"post","link":"https:\/\/www.ebroresilience.com\/en\/getting-to-know-on-the-ground-the-actions-for-the-recovery-of-river-branches-in-the-soto-de-alfaro\/","title":{"rendered":"Getting to know the actions for the recovery of river branches in the Soto de Alfaro"},"content":{"rendered":"\t\t<div data-elementor-type=\"wp-post\" data-elementor-id=\"11782\" class=\"elementor elementor-11782 elementor-11748\" data-elementor-post-type=\"post\">\n\t\t\t\t\t\t<section class=\"elementor-section elementor-top-section elementor-element elementor-element-907ee76 elementor-section-boxed elementor-section-height-default elementor-section-height-default\" data-id=\"907ee76\" data-element_type=\"section\" data-e-type=\"section\">\n\t\t\t\t\t\t<div class=\"elementor-container elementor-column-gap-default\">\n\t\t\t\t\t<div class=\"elementor-column elementor-col-100 elementor-top-column elementor-element elementor-element-b95f22d\" data-id=\"b95f22d\" data-element_type=\"column\" data-e-type=\"column\">\n\t\t\t<div class=\"elementor-widget-wrap elementor-element-populated\">\n\t\t\t\t\t\t<div class=\"elementor-element elementor-element-a774339 elementor-widget elementor-widget-text-editor\" data-id=\"a774339\" data-element_type=\"widget\" data-e-type=\"widget\" data-widget_type=\"text-editor.default\">\n\t\t\t\t<div class=\"elementor-widget-container\">\n\t\t\t\t\t\t\t\t\t<p><strong>25\/06\/2024 <\/strong>One of the three interventions included in Zone 1 of the LIFE Ebro Resilience P1 Project, (Alfaro, in La Rioja to Castej\u00f3n, Navarra), aims to <strong>recover the functionality of the meander of the Soto de Alfaro<\/strong> by reopening old river branches that used to connect the riparian forest area with the Ebro.<\/p>\n<p>And as <strong>public participation<\/strong>, exchange of ideas, analysis and information channels are intrinsic to the project, as was the case in the definition phase of this action, stakeholders were able to check the intervention area in situ, raise any doubts and receive more information on this type of action and its timetable.<\/p>\n<p>On <strong>June 18,<\/strong> all the members of the LIFE Ebro Resilience P1 participation spaces were invited to visit the forest, both the people involved in the three co-creation groups in the area, which bring together stakeholders and project technicians, and those who form the conflict transformation group.<\/p>\n\t\t\t\t\t\t\t\t<\/div>\n\t\t\t\t<\/div>\n\t\t\t\t\t<\/div>\n\t\t<\/div>\n\t\t\t\t\t<\/div>\n\t\t<\/section>\n\t\t\t\t<section class=\"elementor-section elementor-top-section elementor-element elementor-element-33fce06 elementor-section-boxed elementor-section-height-default elementor-section-height-default\" data-id=\"33fce06\" data-element_type=\"section\" data-e-type=\"section\">\n\t\t\t\t\t\t<div class=\"elementor-container elementor-column-gap-default\">\n\t\t\t\t\t<div class=\"elementor-column elementor-col-100 elementor-top-column elementor-element elementor-element-babc4cb\" data-id=\"babc4cb\" data-element_type=\"column\" data-e-type=\"column\">\n\t\t\t<div class=\"elementor-widget-wrap elementor-element-populated\">\n\t\t\t\t\t\t<div class=\"elementor-element elementor-element-376e3c2 elementor-widget elementor-widget-image\" data-id=\"376e3c2\" data-element_type=\"widget\" data-e-type=\"widget\" data-widget_type=\"image.default\">\n\t\t\t\t<div class=\"elementor-widget-container\">\n\t\t\t\t\t\t\t\t\t\t\t\t\t\t\t<img fetchpriority=\"high\" decoding=\"async\" width=\"1024\" height=\"684\" src=\"https:\/\/www.ebroresilience.com\/wp-content\/uploads\/2024\/06\/Soto-de-Alfaro-foto-de-grupo-copia-1024x684.jpeg\" class=\"attachment-large size-large wp-image-11758\" alt=\"Visit to the work of recovery of old river branches in the Soto de Alfaro by the members of the participation areas of the LIFE Ebro Resilience P1 project.\" srcset=\"https:\/\/www.ebroresilience.com\/wp-content\/uploads\/2024\/06\/Soto-de-Alfaro-foto-de-grupo-copia-1024x684.jpeg 1024w, https:\/\/www.ebroresilience.com\/wp-content\/uploads\/2024\/06\/Soto-de-Alfaro-foto-de-grupo-copia-300x200.jpeg 300w, https:\/\/www.ebroresilience.com\/wp-content\/uploads\/2024\/06\/Soto-de-Alfaro-foto-de-grupo-copia-768x513.jpeg 768w, https:\/\/www.ebroresilience.com\/wp-content\/uploads\/2024\/06\/Soto-de-Alfaro-foto-de-grupo-copia-1536x1026.jpeg 1536w, https:\/\/www.ebroresilience.com\/wp-content\/uploads\/2024\/06\/Soto-de-Alfaro-foto-de-grupo-copia-2048x1368.jpeg 2048w, https:\/\/www.ebroresilience.com\/wp-content\/uploads\/2024\/06\/Soto-de-Alfaro-foto-de-grupo-copia-219x146.jpeg 219w, https:\/\/www.ebroresilience.com\/wp-content\/uploads\/2024\/06\/Soto-de-Alfaro-foto-de-grupo-copia-50x33.jpeg 50w, https:\/\/www.ebroresilience.com\/wp-content\/uploads\/2024\/06\/Soto-de-Alfaro-foto-de-grupo-copia-112x75.jpeg 112w\" sizes=\"(max-width:767px) 480px, (max-width:1024px) 100vw, 1024px\" \/>\t\t\t\t\t\t\t\t\t\t\t\t\t\t\t<\/div>\n\t\t\t\t<\/div>\n\t\t\t\t\t<\/div>\n\t\t<\/div>\n\t\t\t\t\t<\/div>\n\t\t<\/section>\n\t\t\t\t<section class=\"elementor-section elementor-top-section elementor-element elementor-element-fc09e04 elementor-section-boxed elementor-section-height-default elementor-section-height-default\" data-id=\"fc09e04\" data-element_type=\"section\" data-e-type=\"section\">\n\t\t\t\t\t\t<div class=\"elementor-container elementor-column-gap-default\">\n\t\t\t\t\t<div class=\"elementor-column elementor-col-100 elementor-top-column elementor-element elementor-element-e6d74e0\" data-id=\"e6d74e0\" data-element_type=\"column\" data-e-type=\"column\">\n\t\t\t<div class=\"elementor-widget-wrap elementor-element-populated\">\n\t\t\t\t\t\t<div class=\"elementor-element elementor-element-c212154 elementor-widget elementor-widget-text-editor\" data-id=\"c212154\" data-element_type=\"widget\" data-e-type=\"widget\" data-widget_type=\"text-editor.default\">\n\t\t\t\t<div class=\"elementor-widget-container\">\n\t\t\t\t\t\t\t\t\t<p><strong><u>Keys to performance<\/u><\/strong><\/p>\n<p>The people who signed up for this experience toured the 60-hectare area, answered questions and put forward ideas about this type of intervention.<\/p>\n<p>The reclaimed branches <strong>will act as irrigation channels for the undergrowth: it will allow the Ebro flows to enter the undergrowth with floods of 800 <sup>m3\/s<\/sup> and not with the 1,200 <sup>m3\/s<\/sup> that are necessary now, making the positive effect of the river<\/strong> and floodplain <strong>space more effective<\/strong> and reducing the narrowing and erosion effects in the section.<\/p>\n<p>This is an example of the application of <strong>nature-based solutions<\/strong> to reduce the risk of flooding.<\/p>\n<p>Following the environmental conditions, the project is being developed in two phases:<\/p>\n<ul>\n<li>In the <strong>first phase<\/strong>, work has begun on <strong>land in the meander that does not have any interesting tree vegetation and which was formerly occupied by an aggregate exploitation<\/strong>.<\/li>\n<li><strong>The second phase will start in September, outside the breeding periods of the species present<\/strong> in the riparian forests preserved in the meander.<\/li>\n<\/ul>\n\t\t\t\t\t\t\t\t<\/div>\n\t\t\t\t<\/div>\n\t\t\t\t\t<\/div>\n\t\t<\/div>\n\t\t\t\t\t<\/div>\n\t\t<\/section>\n\t\t\t\t<section class=\"elementor-section elementor-top-section elementor-element elementor-element-ef9e426 elementor-section-boxed elementor-section-height-default elementor-section-height-default\" data-id=\"ef9e426\" data-element_type=\"section\" data-e-type=\"section\">\n\t\t\t\t\t\t<div class=\"elementor-container elementor-column-gap-default\">\n\t\t\t\t\t<div class=\"elementor-column elementor-col-100 elementor-top-column elementor-element elementor-element-623852b\" data-id=\"623852b\" data-element_type=\"column\" data-e-type=\"column\">\n\t\t\t<div class=\"elementor-widget-wrap elementor-element-populated\">\n\t\t\t\t\t\t<div class=\"elementor-element elementor-element-051064f elementor-widget elementor-widget-image\" data-id=\"051064f\" data-element_type=\"widget\" data-e-type=\"widget\" data-widget_type=\"image.default\">\n\t\t\t\t<div class=\"elementor-widget-container\">\n\t\t\t\t\t\t\t\t\t\t\t\t\t\t\t<img decoding=\"async\" width=\"1024\" height=\"517\" src=\"https:\/\/www.ebroresilience.com\/wp-content\/uploads\/2024\/06\/plano-soto-de-Tanarigal.png\" class=\"attachment-large size-large wp-image-11762\" alt=\"Plano soto de Tamarigal\" srcset=\"https:\/\/www.ebroresilience.com\/wp-content\/uploads\/2024\/06\/plano-soto-de-Tanarigal.png 1024w, https:\/\/www.ebroresilience.com\/wp-content\/uploads\/2024\/06\/plano-soto-de-Tanarigal-300x151.png 300w, https:\/\/www.ebroresilience.com\/wp-content\/uploads\/2024\/06\/plano-soto-de-Tanarigal-768x388.png 768w, https:\/\/www.ebroresilience.com\/wp-content\/uploads\/2024\/06\/plano-soto-de-Tanarigal-260x131.png 260w, https:\/\/www.ebroresilience.com\/wp-content\/uploads\/2024\/06\/plano-soto-de-Tanarigal-50x25.png 50w, https:\/\/www.ebroresilience.com\/wp-content\/uploads\/2024\/06\/plano-soto-de-Tanarigal-150x75.png 150w\" sizes=\"(max-width:767px) 480px, (max-width:1024px) 100vw, 1024px\" \/>\t\t\t\t\t\t\t\t\t\t\t\t\t\t\t<\/div>\n\t\t\t\t<\/div>\n\t\t\t\t\t<\/div>\n\t\t<\/div>\n\t\t\t\t\t<\/div>\n\t\t<\/section>\n\t\t\t\t<section class=\"elementor-section elementor-top-section elementor-element elementor-element-7152c2f elementor-section-boxed elementor-section-height-default elementor-section-height-default\" data-id=\"7152c2f\" data-element_type=\"section\" data-e-type=\"section\">\n\t\t\t\t\t\t<div class=\"elementor-container elementor-column-gap-default\">\n\t\t\t\t\t<div class=\"elementor-column elementor-col-100 elementor-top-column elementor-element elementor-element-de1826f\" data-id=\"de1826f\" data-element_type=\"column\" data-e-type=\"column\">\n\t\t\t<div class=\"elementor-widget-wrap elementor-element-populated\">\n\t\t\t\t\t\t<div class=\"elementor-element elementor-element-d43b68c elementor-widget elementor-widget-text-editor\" data-id=\"d43b68c\" data-element_type=\"widget\" data-e-type=\"widget\" data-widget_type=\"text-editor.default\">\n\t\t\t\t<div class=\"elementor-widget-container\">\n\t\t\t\t\t\t\t\t\t<p><strong>Participation  <\/strong><\/p>\n<p>The definition of the proposal has been done with the participation of the stakeholders, through the stable channels defined in the Participation Plan of the LIFE Ebro Resilience P1 Project, in this case the co-creation group dedicated to Nature and Biodiversity that includes the local population and other sectors involved and the technical representatives of the partners.<\/p>\n<p>Thematic meetings and field visits have been held with them to learn about the intervention area, the reality of the wetland and other similar proposals for the recovery of river branches carried out in the same section.<\/p>\n<p>This section also includes the morphological adaptation of the meander of La Roza, in Alfaro, La Rioja, an intervention in which only remains to complete the environmental restoration and planting being carried out by the Government of La Rioja and which includes the recovery of 22 hectares of river space and which has involved a defense setback, the creation of a relief channel and a wetland, all with the work of the CHE.<\/p>\n<p>In addition, the hydraulic capacity of the railroad bridge has been improved in this section.<\/p>\n\t\t\t\t\t\t\t\t<\/div>\n\t\t\t\t<\/div>\n\t\t\t\t\t<\/div>\n\t\t<\/div>\n\t\t\t\t\t<\/div>\n\t\t<\/section>\n\t\t\t\t<section class=\"elementor-section elementor-top-section elementor-element elementor-element-a4ad3dc elementor-section-boxed elementor-section-height-default elementor-section-height-default\" data-id=\"a4ad3dc\" data-element_type=\"section\" data-e-type=\"section\">\n\t\t\t\t\t\t<div class=\"elementor-container elementor-column-gap-default\">\n\t\t\t\t\t<div class=\"elementor-column elementor-col-100 elementor-top-column elementor-element elementor-element-a469ffb\" data-id=\"a469ffb\" data-element_type=\"column\" data-e-type=\"column\">\n\t\t\t<div class=\"elementor-widget-wrap elementor-element-populated\">\n\t\t\t\t\t\t<div class=\"elementor-element elementor-element-17c5b1c elementor-widget elementor-widget-image\" data-id=\"17c5b1c\" data-element_type=\"widget\" data-e-type=\"widget\" data-widget_type=\"image.default\">\n\t\t\t\t<div class=\"elementor-widget-container\">\n\t\t\t\t\t\t\t\t\t\t\t\t\t\t\t<img decoding=\"async\" width=\"1024\" height=\"684\" src=\"https:\/\/www.ebroresilience.com\/wp-content\/uploads\/2024\/06\/plano-de-interevencion-2-copia-1024x684.jpeg\" class=\"attachment-large size-large wp-image-11756\" alt=\"Visita a la obra de recuperaci\u00f3n de antiguos brazos de r\u00edo en el Soto de Alfaro por parte de los integrantes de los espacios de participaci\u00f3n del proyecto LIFE Ebro Resilience P1\" srcset=\"https:\/\/www.ebroresilience.com\/wp-content\/uploads\/2024\/06\/plano-de-interevencion-2-copia-1024x684.jpeg 1024w, https:\/\/www.ebroresilience.com\/wp-content\/uploads\/2024\/06\/plano-de-interevencion-2-copia-300x200.jpeg 300w, https:\/\/www.ebroresilience.com\/wp-content\/uploads\/2024\/06\/plano-de-interevencion-2-copia-768x513.jpeg 768w, https:\/\/www.ebroresilience.com\/wp-content\/uploads\/2024\/06\/plano-de-interevencion-2-copia-1536x1026.jpeg 1536w, https:\/\/www.ebroresilience.com\/wp-content\/uploads\/2024\/06\/plano-de-interevencion-2-copia-2048x1368.jpeg 2048w, https:\/\/www.ebroresilience.com\/wp-content\/uploads\/2024\/06\/plano-de-interevencion-2-copia-219x146.jpeg 219w, https:\/\/www.ebroresilience.com\/wp-content\/uploads\/2024\/06\/plano-de-interevencion-2-copia-50x33.jpeg 50w, https:\/\/www.ebroresilience.com\/wp-content\/uploads\/2024\/06\/plano-de-interevencion-2-copia-112x75.jpeg 112w\" sizes=\"(max-width:767px) 480px, (max-width:1024px) 100vw, 1024px\" \/>\t\t\t\t\t\t\t\t\t\t\t\t\t\t\t<\/div>\n\t\t\t\t<\/div>\n\t\t\t\t\t<\/div>\n\t\t<\/div>\n\t\t\t\t\t<\/div>\n\t\t<\/section>\n\t\t\t\t<section class=\"elementor-section elementor-top-section elementor-element elementor-element-2aae849 elementor-section-boxed elementor-section-height-default elementor-section-height-default\" data-id=\"2aae849\" data-element_type=\"section\" data-e-type=\"section\">\n\t\t\t\t\t\t<div class=\"elementor-container elementor-column-gap-default\">\n\t\t\t\t\t<div class=\"elementor-column elementor-col-100 elementor-top-column elementor-element elementor-element-8a4eb7c\" data-id=\"8a4eb7c\" data-element_type=\"column\" data-e-type=\"column\">\n\t\t\t<div class=\"elementor-widget-wrap elementor-element-populated\">\n\t\t\t\t\t\t<div class=\"elementor-element elementor-element-fba9339 elementor-widget elementor-widget-text-editor\" data-id=\"fba9339\" data-element_type=\"widget\" data-e-type=\"widget\" data-widget_type=\"text-editor.default\">\n\t\t\t\t<div class=\"elementor-widget-container\">\n\t\t\t\t\t\t\t\t\t<p><strong>LIFE Project <\/strong><\/p>\n<p>The LIFE Ebro Resilience P1 Project (LIFE20 ENV\/ES\/00327), approved by the European Commission in the LIFE 2020 call, covers three autonomous communities (La Rioja, Navarra and Arag\u00f3n), has a duration of 6 years and a total budget of 13,310,350 \u20ac, with 55% European funding.<\/p>\n<p>This project is also an example of institutional coordination and cooperation in the intervention section, its partners being the Ministry for Ecological Transition and Demographic Challenge (MITECO), through its companies TRAGSA and TRAGSATEC; the Ebro Hydrographic Confederation; the Government of La Rioja; the Government of Navarra, through Gesti\u00f3n Ambiental de Navarra, S.A. (GAN-NIK); the Government of Arag\u00f3n and the Aragonese Water Institute.<\/p>\n\t\t\t\t\t\t\t\t<\/div>\n\t\t\t\t<\/div>\n\t\t\t\t\t<\/div>\n\t\t<\/div>\n\t\t\t\t\t<\/div>\n\t\t<\/section>\n\t\t\t\t<\/div>\n\t\t","protected":false},"excerpt":{"rendered":"<p>The LIFE Ebro Resilience P1 Project invited all the members of the participation spaces to visit the intervention area to recover the functionality of the meander with the reopening of the water paths that were typical of the Ebro.<\/p>\n","protected":false},"author":5,"featured_media":11750,"comment_status":"closed","ping_status":"closed","sticky":false,"template":"","format":"standard","meta":{"_acf_changed":false,"ngg_post_thumbnail":0,"footnotes":""},"categories":[377,369],"tags":[380,387,378,571,398,477,381,395,379],"class_list":["post-11782","post","type-post","status-publish","format-standard","has-post-thumbnail","hentry","category-life-en","category-news","tag-alfaro-en","tag-ebro-en","tag-ebro-resilience-en","tag-field-visits","tag-flood","tag-groves","tag-life-ebro-resilience-p1-en","tag-participation","tag-restoration"],"acf":[],"publishpress_future_action":{"enabled":false,"date":"2026-05-06 20:20:03","action":"change-status","newStatus":"draft","terms":[],"taxonomy":"category","extraData":[]},"publishpress_future_workflow_manual_trigger":{"enabledWorkflows":[]},"_links":{"self":[{"href":"https:\/\/www.ebroresilience.com\/en\/wp-json\/wp\/v2\/posts\/11782","targetHints":{"allow":["GET"]}}],"collection":[{"href":"https:\/\/www.ebroresilience.com\/en\/wp-json\/wp\/v2\/posts"}],"about":[{"href":"https:\/\/www.ebroresilience.com\/en\/wp-json\/wp\/v2\/types\/post"}],"author":[{"embeddable":true,"href":"https:\/\/www.ebroresilience.com\/en\/wp-json\/wp\/v2\/users\/5"}],"replies":[{"embeddable":true,"href":"https:\/\/www.ebroresilience.com\/en\/wp-json\/wp\/v2\/comments?post=11782"}],"version-history":[{"count":4,"href":"https:\/\/www.ebroresilience.com\/en\/wp-json\/wp\/v2\/posts\/11782\/revisions"}],"predecessor-version":[{"id":11786,"href":"https:\/\/www.ebroresilience.com\/en\/wp-json\/wp\/v2\/posts\/11782\/revisions\/11786"}],"wp:featuredmedia":[{"embeddable":true,"href":"https:\/\/www.ebroresilience.com\/en\/wp-json\/wp\/v2\/media\/11750"}],"wp:attachment":[{"href":"https:\/\/www.ebroresilience.com\/en\/wp-json\/wp\/v2\/media?parent=11782"}],"wp:term":[{"taxonomy":"category","embeddable":true,"href":"https:\/\/www.ebroresilience.com\/en\/wp-json\/wp\/v2\/categories?post=11782"},{"taxonomy":"post_tag","embeddable":true,"href":"https:\/\/www.ebroresilience.com\/en\/wp-json\/wp\/v2\/tags?post=11782"}],"curies":[{"name":"wp","href":"https:\/\/api.w.org\/{rel}","templated":true}]}}