{"id":11685,"date":"2024-06-14T07:14:31","date_gmt":"2024-06-14T05:14:31","guid":{"rendered":"https:\/\/www.ebroresilience.com\/?p=11685"},"modified":"2024-06-14T13:34:52","modified_gmt":"2024-06-14T11:34:52","slug":"life-participation-land-use-in-la-roza-alfaro-from-proposal-to-execution","status":"publish","type":"post","link":"https:\/\/www.ebroresilience.com\/en\/life-participation-land-use-in-la-roza-alfaro-from-proposal-to-execution\/","title":{"rendered":"LIFE participation: land use in La Roza (Alfaro), from proposal to execution"},"content":{"rendered":"\t\t<div data-elementor-type=\"wp-post\" data-elementor-id=\"11685\" class=\"elementor elementor-11685 elementor-11666\" data-elementor-post-type=\"post\">\n\t\t\t\t\t\t<section class=\"elementor-section elementor-top-section elementor-element elementor-element-80c4cf0 elementor-section-boxed elementor-section-height-default elementor-section-height-default\" data-id=\"80c4cf0\" data-element_type=\"section\" data-e-type=\"section\">\n\t\t\t\t\t\t<div class=\"elementor-container elementor-column-gap-default\">\n\t\t\t\t\t<div class=\"elementor-column elementor-col-100 elementor-top-column elementor-element elementor-element-5be6f4a\" data-id=\"5be6f4a\" data-element_type=\"column\" data-e-type=\"column\">\n\t\t\t<div class=\"elementor-widget-wrap elementor-element-populated\">\n\t\t\t\t\t\t<div class=\"elementor-element elementor-element-fe4cf78 elementor-widget elementor-widget-text-editor\" data-id=\"fe4cf78\" data-element_type=\"widget\" data-e-type=\"widget\" data-widget_type=\"text-editor.default\">\n\t\t\t\t<div class=\"elementor-widget-container\">\n\t\t\t\t\t\t\t\t\t<p>When we talk about participation in the LIFE Ebro Resilience P1 Project, we talk about commitment to real and effective participation. An example of this has been the process around the future uses of land in the meander of La Roza, in Alfaro (La Rioja), considering proposals compatible with its role as a recovered space for the river.<\/p>\n<p>In this section, a deliberative process was launched for the proposal and analysis of the feasibility of actions to be developed in the recovered meander, and in a 2,000 square meter plot that was freed for public use after the expropriation and the action of recessing the defensive mote that led to the recovery of river space.<\/p>\n\t\t\t\t\t\t\t\t<\/div>\n\t\t\t\t<\/div>\n\t\t\t\t\t<\/div>\n\t\t<\/div>\n\t\t\t\t\t<\/div>\n\t\t<\/section>\n\t\t\t\t<section class=\"elementor-section elementor-top-section elementor-element elementor-element-17c02bc elementor-section-boxed elementor-section-height-default elementor-section-height-default\" data-id=\"17c02bc\" data-element_type=\"section\" data-e-type=\"section\">\n\t\t\t\t\t\t<div class=\"elementor-container elementor-column-gap-default\">\n\t\t\t\t\t<div class=\"elementor-column elementor-col-100 elementor-top-column elementor-element elementor-element-b9fc6ab\" data-id=\"b9fc6ab\" data-element_type=\"column\" data-e-type=\"column\">\n\t\t\t<div class=\"elementor-widget-wrap elementor-element-populated\">\n\t\t\t\t\t\t<div class=\"elementor-element elementor-element-f03eb9e elementor-widget elementor-widget-image\" data-id=\"f03eb9e\" data-element_type=\"widget\" data-e-type=\"widget\" data-widget_type=\"image.default\">\n\t\t\t\t<div class=\"elementor-widget-container\">\n\t\t\t\t\t\t\t\t\t\t\t\t<figure class=\"wp-caption\">\n\t\t\t\t\t\t\t\t\t\t<img fetchpriority=\"high\" decoding=\"async\" width=\"1024\" height=\"768\" src=\"https:\/\/www.ebroresilience.com\/wp-content\/uploads\/2024\/06\/parcela--1024x768.jpg\" class=\"attachment-large size-large wp-image-11674\" alt=\"Parcela liberada en el entorno del meandro de La Roza, en Alfaro, La Rioja, donde se plantean las acciones  acordadas por proceso participativo\" srcset=\"https:\/\/www.ebroresilience.com\/wp-content\/uploads\/2024\/06\/parcela--1024x768.jpg 1024w, https:\/\/www.ebroresilience.com\/wp-content\/uploads\/2024\/06\/parcela--300x225.jpg 300w, https:\/\/www.ebroresilience.com\/wp-content\/uploads\/2024\/06\/parcela--768x576.jpg 768w, https:\/\/www.ebroresilience.com\/wp-content\/uploads\/2024\/06\/parcela--195x146.jpg 195w, https:\/\/www.ebroresilience.com\/wp-content\/uploads\/2024\/06\/parcela--50x38.jpg 50w, https:\/\/www.ebroresilience.com\/wp-content\/uploads\/2024\/06\/parcela--100x75.jpg 100w, https:\/\/www.ebroresilience.com\/wp-content\/uploads\/2024\/06\/parcela--960x720.jpg 960w, https:\/\/www.ebroresilience.com\/wp-content\/uploads\/2024\/06\/parcela-.jpg 1440w\" sizes=\"(max-width:767px) 480px, (max-width:1024px) 100vw, 1024px\" \/>\t\t\t\t\t\t\t\t\t\t\t<figcaption class=\"widget-image-caption wp-caption-text\">Parcela liberada en el entorno del meandro de La Roza, en Alfaro, La Rioja, donde se plantean las acciones  acordadas por proceso participativo<\/figcaption>\n\t\t\t\t\t\t\t\t\t\t<\/figure>\n\t\t\t\t\t\t\t\t\t<\/div>\n\t\t\t\t<\/div>\n\t\t\t\t\t<\/div>\n\t\t<\/div>\n\t\t\t\t\t<\/div>\n\t\t<\/section>\n\t\t\t\t<section class=\"elementor-section elementor-top-section elementor-element elementor-element-4887edd elementor-section-boxed elementor-section-height-default elementor-section-height-default\" data-id=\"4887edd\" data-element_type=\"section\" data-e-type=\"section\">\n\t\t\t\t\t\t<div class=\"elementor-container elementor-column-gap-default\">\n\t\t\t\t\t<div class=\"elementor-column elementor-col-100 elementor-top-column elementor-element elementor-element-2cf9403\" data-id=\"2cf9403\" data-element_type=\"column\" data-e-type=\"column\">\n\t\t\t<div class=\"elementor-widget-wrap elementor-element-populated\">\n\t\t\t\t\t\t<div class=\"elementor-element elementor-element-d5b6c27 elementor-widget elementor-widget-text-editor\" data-id=\"d5b6c27\" data-element_type=\"widget\" data-e-type=\"widget\" data-widget_type=\"text-editor.default\">\n\t\t\t\t<div class=\"elementor-widget-container\">\n\t\t\t\t\t\t\t\t\t<p>Several actions have been carried out to gather proposals:<\/p>\n<ul>\n<li>A field visit to the intervention area on February 20, 2023 with the co-creation groups of the Alfaro (La Rioja) &#8211; Castej\u00f3n (Navarra) section, stable spaces for participation between stakeholders and the technical team of the Project.<\/li>\n<li>A meeting with the co-creation group dedicated to Nature and Biodiversity issues on March 13, 2023, in which they brainstormed on possible uses for the parcel.<\/li>\n<li>A public open house for the general public of the tract on May 3, 2023 on future uses of the meander and parcel, where previous proposals were presented, new ones were gathered, and prioritized, analyzed, and developed.<\/li>\n<\/ul>\n<p>The ideas have been analyzed by the technical team of the LIFE project. Participants have received timely information on the status of the process, the outcome of the process and progress in the implementation of the proposals.  <\/p>\n\t\t\t\t\t\t\t\t<\/div>\n\t\t\t\t<\/div>\n\t\t\t\t\t<\/div>\n\t\t<\/div>\n\t\t\t\t\t<\/div>\n\t\t<\/section>\n\t\t\t\t<section class=\"elementor-section elementor-top-section elementor-element elementor-element-943613d elementor-section-boxed elementor-section-height-default elementor-section-height-default\" data-id=\"943613d\" data-element_type=\"section\" data-e-type=\"section\">\n\t\t\t\t\t\t<div class=\"elementor-container elementor-column-gap-default\">\n\t\t\t\t\t<div class=\"elementor-column elementor-col-100 elementor-top-column elementor-element elementor-element-ae0b08d\" data-id=\"ae0b08d\" data-element_type=\"column\" data-e-type=\"column\">\n\t\t\t<div class=\"elementor-widget-wrap elementor-element-populated\">\n\t\t\t\t\t\t<div class=\"elementor-element elementor-element-7771cd8 elementor-widget elementor-widget-image\" data-id=\"7771cd8\" data-element_type=\"widget\" data-e-type=\"widget\" data-widget_type=\"image.default\">\n\t\t\t\t<div class=\"elementor-widget-container\">\n\t\t\t\t\t\t\t\t\t\t\t\t<figure class=\"wp-caption\">\n\t\t\t\t\t\t\t\t\t\t<img decoding=\"async\" width=\"1024\" height=\"768\" src=\"https:\/\/www.ebroresilience.com\/wp-content\/uploads\/2024\/06\/jornada-usos-futuros-la-roza-1024x768.jpeg\" class=\"attachment-large size-large wp-image-11676\" alt=\"Jornada p\u00fablica sobre los usos futuros celebrada en Alfaro en\" srcset=\"https:\/\/www.ebroresilience.com\/wp-content\/uploads\/2024\/06\/jornada-usos-futuros-la-roza-1024x768.jpeg 1024w, https:\/\/www.ebroresilience.com\/wp-content\/uploads\/2024\/06\/jornada-usos-futuros-la-roza-300x225.jpeg 300w, https:\/\/www.ebroresilience.com\/wp-content\/uploads\/2024\/06\/jornada-usos-futuros-la-roza-768x576.jpeg 768w, https:\/\/www.ebroresilience.com\/wp-content\/uploads\/2024\/06\/jornada-usos-futuros-la-roza-1536x1152.jpeg 1536w, https:\/\/www.ebroresilience.com\/wp-content\/uploads\/2024\/06\/jornada-usos-futuros-la-roza-195x146.jpeg 195w, https:\/\/www.ebroresilience.com\/wp-content\/uploads\/2024\/06\/jornada-usos-futuros-la-roza-50x38.jpeg 50w, https:\/\/www.ebroresilience.com\/wp-content\/uploads\/2024\/06\/jornada-usos-futuros-la-roza-100x75.jpeg 100w, https:\/\/www.ebroresilience.com\/wp-content\/uploads\/2024\/06\/jornada-usos-futuros-la-roza-960x720.jpeg 960w, https:\/\/www.ebroresilience.com\/wp-content\/uploads\/2024\/06\/jornada-usos-futuros-la-roza.jpeg 2048w\" sizes=\"(max-width:767px) 480px, (max-width:1024px) 100vw, 1024px\" \/>\t\t\t\t\t\t\t\t\t\t\t<figcaption class=\"widget-image-caption wp-caption-text\">Jornada p\u00fablica sobre los usos futuros celebrada en Alfaro en marzo de 2023<\/figcaption>\n\t\t\t\t\t\t\t\t\t\t<\/figure>\n\t\t\t\t\t\t\t\t\t<\/div>\n\t\t\t\t<\/div>\n\t\t\t\t\t<\/div>\n\t\t<\/div>\n\t\t\t\t\t<\/div>\n\t\t<\/section>\n\t\t\t\t<section class=\"elementor-section elementor-top-section elementor-element elementor-element-ddb56c8 elementor-section-boxed elementor-section-height-default elementor-section-height-default\" data-id=\"ddb56c8\" data-element_type=\"section\" data-e-type=\"section\">\n\t\t\t\t\t\t<div class=\"elementor-container elementor-column-gap-default\">\n\t\t\t\t\t<div class=\"elementor-column elementor-col-100 elementor-top-column elementor-element elementor-element-d053a69\" data-id=\"d053a69\" data-element_type=\"column\" data-e-type=\"column\">\n\t\t\t<div class=\"elementor-widget-wrap elementor-element-populated\">\n\t\t\t\t\t\t<div class=\"elementor-element elementor-element-8e500d9 elementor-widget elementor-widget-text-editor\" data-id=\"8e500d9\" data-element_type=\"widget\" data-e-type=\"widget\" data-widget_type=\"text-editor.default\">\n\t\t\t\t<div class=\"elementor-widget-container\">\n\t\t\t\t\t\t\t\t\t<p><strong>Proposals from the territory<\/strong><\/p><p>Regarding the <strong>future uses of the recovered meander<\/strong>, the analysis was carried out taking into account the environmental limitations, since its 22 hectares have been included in the protected area of the Natura 2000 Network &#8220;Sotos y Riberas del Ebro&#8221;.<\/p><p>Currently, four proposals are being implemented in this meander:<strong>\u00a0itineraries, environmental restoration of the meander and installation of informative signage<\/strong>. In addition, a fifth one has yet to be scheduled for start-up, the <strong>livestock use of the meander<\/strong>The purpose of the project is to consolidate a pastureland that will favor the flow of water during floods, specifically grazing sheep, goats or horses to help maintain the relief channel.<\/p>\t\t\t\t\t\t\t\t<\/div>\n\t\t\t\t<\/div>\n\t\t\t\t\t<\/div>\n\t\t<\/div>\n\t\t\t\t\t<\/div>\n\t\t<\/section>\n\t\t\t\t<section class=\"elementor-section elementor-top-section elementor-element elementor-element-e5a768d elementor-section-boxed elementor-section-height-default elementor-section-height-default\" data-id=\"e5a768d\" data-element_type=\"section\" data-e-type=\"section\">\n\t\t\t\t\t\t<div class=\"elementor-container elementor-column-gap-default\">\n\t\t\t\t\t<div class=\"elementor-column elementor-col-100 elementor-top-column elementor-element elementor-element-65ee551\" data-id=\"65ee551\" data-element_type=\"column\" data-e-type=\"column\">\n\t\t\t<div class=\"elementor-widget-wrap elementor-element-populated\">\n\t\t\t\t\t\t<div class=\"elementor-element elementor-element-fef1137 elementor-widget elementor-widget-image\" data-id=\"fef1137\" data-element_type=\"widget\" data-e-type=\"widget\" data-widget_type=\"image.default\">\n\t\t\t\t<div class=\"elementor-widget-container\">\n\t\t\t\t\t\t\t\t\t\t\t\t<figure class=\"wp-caption\">\n\t\t\t\t\t\t\t\t\t\t<img decoding=\"async\" width=\"1024\" height=\"768\" src=\"https:\/\/www.ebroresilience.com\/wp-content\/uploads\/2024\/06\/MIRANDO-EL-CAUCE-DE-ALIVIO-1024x768.jpg\" class=\"attachment-large size-large wp-image-11678\" alt=\"Visita al meandro de La Roza. Mirando el cauce de alivio excavado en el meandro\" srcset=\"https:\/\/www.ebroresilience.com\/wp-content\/uploads\/2024\/06\/MIRANDO-EL-CAUCE-DE-ALIVIO-1024x768.jpg 1024w, https:\/\/www.ebroresilience.com\/wp-content\/uploads\/2024\/06\/MIRANDO-EL-CAUCE-DE-ALIVIO-300x225.jpg 300w, https:\/\/www.ebroresilience.com\/wp-content\/uploads\/2024\/06\/MIRANDO-EL-CAUCE-DE-ALIVIO-768x576.jpg 768w, https:\/\/www.ebroresilience.com\/wp-content\/uploads\/2024\/06\/MIRANDO-EL-CAUCE-DE-ALIVIO-195x146.jpg 195w, https:\/\/www.ebroresilience.com\/wp-content\/uploads\/2024\/06\/MIRANDO-EL-CAUCE-DE-ALIVIO-50x38.jpg 50w, https:\/\/www.ebroresilience.com\/wp-content\/uploads\/2024\/06\/MIRANDO-EL-CAUCE-DE-ALIVIO-100x75.jpg 100w, https:\/\/www.ebroresilience.com\/wp-content\/uploads\/2024\/06\/MIRANDO-EL-CAUCE-DE-ALIVIO-960x720.jpg 960w, https:\/\/www.ebroresilience.com\/wp-content\/uploads\/2024\/06\/MIRANDO-EL-CAUCE-DE-ALIVIO.jpg 1440w\" sizes=\"(max-width:767px) 480px, (max-width:1024px) 100vw, 1024px\" \/>\t\t\t\t\t\t\t\t\t\t\t<figcaption class=\"widget-image-caption wp-caption-text\">Visita al meandro de La Roza. Mirando el cauce de alivio excavado en el meandro<\/figcaption>\n\t\t\t\t\t\t\t\t\t\t<\/figure>\n\t\t\t\t\t\t\t\t\t<\/div>\n\t\t\t\t<\/div>\n\t\t\t\t\t<\/div>\n\t\t<\/div>\n\t\t\t\t\t<\/div>\n\t\t<\/section>\n\t\t\t\t<section class=\"elementor-section elementor-top-section elementor-element elementor-element-5fbfd23 elementor-section-boxed elementor-section-height-default elementor-section-height-default\" data-id=\"5fbfd23\" data-element_type=\"section\" data-e-type=\"section\">\n\t\t\t\t\t\t<div class=\"elementor-container elementor-column-gap-default\">\n\t\t\t\t\t<div class=\"elementor-column elementor-col-100 elementor-top-column elementor-element elementor-element-32beaf9\" data-id=\"32beaf9\" data-element_type=\"column\" data-e-type=\"column\">\n\t\t\t<div class=\"elementor-widget-wrap elementor-element-populated\">\n\t\t\t\t\t\t<div class=\"elementor-element elementor-element-99c36b2 elementor-widget elementor-widget-text-editor\" data-id=\"99c36b2\" data-element_type=\"widget\" data-e-type=\"widget\" data-widget_type=\"text-editor.default\">\n\t\t\t\t<div class=\"elementor-widget-container\">\n\t\t\t\t\t\t\t\t\t<p><strong>On the other hand, in the released plot of land<\/strong>The project, which covers 2,000 m2 and has the particularity of being annexed to the meander, but outside the meander and the area protected by the Natura Network, is already underway with four proposals that were put forward and approved by all the participants and that, in addition, met the technical criteria.  <\/p>\n<p>Specifically, it is the creation of a forest adapted to the planting of specimens of white poplar and elm resistant to graphiosis; the installation of a bicycle parking that is expected to be carried out during the summer, as well as the furniture of the rest area for the cycling route and the installation of material and interpretive panels that will be installed at the end of the intervention in the meander of La Roza.<\/p>\n\t\t\t\t\t\t\t\t<\/div>\n\t\t\t\t<\/div>\n\t\t\t\t\t<\/div>\n\t\t<\/div>\n\t\t\t\t\t<\/div>\n\t\t<\/section>\n\t\t\t\t<section class=\"elementor-section elementor-top-section elementor-element elementor-element-41b7475 elementor-section-boxed elementor-section-height-default elementor-section-height-default\" data-id=\"41b7475\" data-element_type=\"section\" data-e-type=\"section\">\n\t\t\t\t\t\t<div class=\"elementor-container elementor-column-gap-default\">\n\t\t\t\t\t<div class=\"elementor-column elementor-col-100 elementor-top-column elementor-element elementor-element-4e80945\" data-id=\"4e80945\" data-element_type=\"column\" data-e-type=\"column\">\n\t\t\t<div class=\"elementor-widget-wrap elementor-element-populated\">\n\t\t\t\t\t\t<div class=\"elementor-element elementor-element-46d81f8 elementor-widget elementor-widget-image\" data-id=\"46d81f8\" data-element_type=\"widget\" data-e-type=\"widget\" data-widget_type=\"image.default\">\n\t\t\t\t<div class=\"elementor-widget-container\">\n\t\t\t\t\t\t\t\t\t\t\t\t\t\t\t<img loading=\"lazy\" decoding=\"async\" width=\"1024\" height=\"767\" src=\"https:\/\/www.ebroresilience.com\/wp-content\/uploads\/2024\/02\/ALFARO_LAROZA_02122023_15-1024x767.jpg\" class=\"attachment-large size-large wp-image-9616\" alt=\"Morphological adaptation of the Ebro river in the meander of La Roza, Alfaro (La Rioja).\" srcset=\"https:\/\/www.ebroresilience.com\/wp-content\/uploads\/2024\/02\/ALFARO_LAROZA_02122023_15-1024x767.jpg 1024w, https:\/\/www.ebroresilience.com\/wp-content\/uploads\/2024\/02\/ALFARO_LAROZA_02122023_15-300x225.jpg 300w, https:\/\/www.ebroresilience.com\/wp-content\/uploads\/2024\/02\/ALFARO_LAROZA_02122023_15-768x576.jpg 768w, https:\/\/www.ebroresilience.com\/wp-content\/uploads\/2024\/02\/ALFARO_LAROZA_02122023_15-1536x1151.jpg 1536w, https:\/\/www.ebroresilience.com\/wp-content\/uploads\/2024\/02\/ALFARO_LAROZA_02122023_15-2048x1535.jpg 2048w, https:\/\/www.ebroresilience.com\/wp-content\/uploads\/2024\/02\/ALFARO_LAROZA_02122023_15-195x146.jpg 195w, https:\/\/www.ebroresilience.com\/wp-content\/uploads\/2024\/02\/ALFARO_LAROZA_02122023_15-50x37.jpg 50w, https:\/\/www.ebroresilience.com\/wp-content\/uploads\/2024\/02\/ALFARO_LAROZA_02122023_15-100x75.jpg 100w, https:\/\/www.ebroresilience.com\/wp-content\/uploads\/2024\/02\/ALFARO_LAROZA_02122023_15-960x720.jpg 960w\" sizes=\"(max-width:767px) 480px, (max-width:1024px) 100vw, 1024px\" \/>\t\t\t\t\t\t\t\t\t\t\t\t\t\t\t<\/div>\n\t\t\t\t<\/div>\n\t\t\t\t\t<\/div>\n\t\t<\/div>\n\t\t\t\t\t<\/div>\n\t\t<\/section>\n\t\t\t\t<section class=\"elementor-section elementor-top-section elementor-element elementor-element-26da89a elementor-section-boxed elementor-section-height-default elementor-section-height-default\" data-id=\"26da89a\" data-element_type=\"section\" data-e-type=\"section\">\n\t\t\t\t\t\t<div class=\"elementor-container elementor-column-gap-default\">\n\t\t\t\t\t<div class=\"elementor-column elementor-col-100 elementor-top-column elementor-element elementor-element-4addb74\" data-id=\"4addb74\" data-element_type=\"column\" data-e-type=\"column\">\n\t\t\t<div class=\"elementor-widget-wrap elementor-element-populated\">\n\t\t\t\t\t\t<div class=\"elementor-element elementor-element-f6f1bdc elementor-widget elementor-widget-text-editor\" data-id=\"f6f1bdc\" data-element_type=\"widget\" data-e-type=\"widget\" data-widget_type=\"text-editor.default\">\n\t\t\t\t<div class=\"elementor-widget-container\">\n\t\t\t\t\t\t\t\t\t<p><strong><u>Meander of La Roza<\/u><\/strong><\/p>\n<p>The intervention is part of the &#8220;combined section of actions&#8221;, a series of mitigation measures that together have a general benefit and that includes the project planned in the meander of El Se\u00f1or\u00edo, in Castej\u00f3n, Navarra, and the restoration action in the Soto de Alfaro.<\/p>\n<p>Twenty-two hectares of river plain have been recovered and integrated as a protected area in the Natura 2000 Network, with the removal of 1,343 meters of defensive dikes that constricted the river and the construction of a smaller defense (899 meters) and away from the riverbed, returning this space to the river and the planting of more than 4,000 poplars, poplars and ash trees to facilitate the recovery of the riparian forest that decades ago occupied these lands.<\/p>\n<p>In addition, river dynamics have been improved:<\/p>\n<ul>\n<li>A relief channel has been created connecting the river to the La Roza meander.<\/li>\n<li>The drainage capacity of the railroad bridge eyes has been improved.<\/li>\n<li>Invasive flora species have been removed<\/li>\n<li>A new wetland has been generated<\/li>\n<\/ul>\n<p>All that remains to be done in this meander is to conclude the environmental restoration work with the last planting campaign.  <a href=\"https:\/\/www.ebroresilience.com\/en\/la-roza-environmental-restoration-underway-last-step-to-complete-the-life-intervention-in-this-meander\/\">We tell you here what this intervention consists of.<\/a><\/p>\n\t\t\t\t\t\t\t\t<\/div>\n\t\t\t\t<\/div>\n\t\t\t\t\t<\/div>\n\t\t<\/div>\n\t\t\t\t\t<\/div>\n\t\t<\/section>\n\t\t\t\t<\/div>\n\t\t","protected":false},"excerpt":{"rendered":"<p>In the meander that has been recovered as a river space, a process has been developed to decide with the territory and different interested sectors the future uses of the area, proposals that are already becoming a reality.  <\/p>\n","protected":false},"author":5,"featured_media":11671,"comment_status":"closed","ping_status":"closed","sticky":false,"template":"","format":"standard","meta":{"_acf_changed":false,"ngg_post_thumbnail":0,"footnotes":""},"categories":[377,369],"tags":[380,378,398,381,395,379],"class_list":["post-11685","post","type-post","status-publish","format-standard","has-post-thumbnail","hentry","category-life-en","category-news","tag-alfaro-en","tag-ebro-resilience-en","tag-flood","tag-life-ebro-resilience-p1-en","tag-participation","tag-restoration"],"acf":[],"publishpress_future_action":{"enabled":false,"date":"2026-05-06 21:50:45","action":"change-status","newStatus":"draft","terms":[],"taxonomy":"category","extraData":[]},"publishpress_future_workflow_manual_trigger":{"enabledWorkflows":[]},"_links":{"self":[{"href":"https:\/\/www.ebroresilience.com\/en\/wp-json\/wp\/v2\/posts\/11685","targetHints":{"allow":["GET"]}}],"collection":[{"href":"https:\/\/www.ebroresilience.com\/en\/wp-json\/wp\/v2\/posts"}],"about":[{"href":"https:\/\/www.ebroresilience.com\/en\/wp-json\/wp\/v2\/types\/post"}],"author":[{"embeddable":true,"href":"https:\/\/www.ebroresilience.com\/en\/wp-json\/wp\/v2\/users\/5"}],"replies":[{"embeddable":true,"href":"https:\/\/www.ebroresilience.com\/en\/wp-json\/wp\/v2\/comments?post=11685"}],"version-history":[{"count":5,"href":"https:\/\/www.ebroresilience.com\/en\/wp-json\/wp\/v2\/posts\/11685\/revisions"}],"predecessor-version":[{"id":11703,"href":"https:\/\/www.ebroresilience.com\/en\/wp-json\/wp\/v2\/posts\/11685\/revisions\/11703"}],"wp:featuredmedia":[{"embeddable":true,"href":"https:\/\/www.ebroresilience.com\/en\/wp-json\/wp\/v2\/media\/11671"}],"wp:attachment":[{"href":"https:\/\/www.ebroresilience.com\/en\/wp-json\/wp\/v2\/media?parent=11685"}],"wp:term":[{"taxonomy":"category","embeddable":true,"href":"https:\/\/www.ebroresilience.com\/en\/wp-json\/wp\/v2\/categories?post=11685"},{"taxonomy":"post_tag","embeddable":true,"href":"https:\/\/www.ebroresilience.com\/en\/wp-json\/wp\/v2\/tags?post=11685"}],"curies":[{"name":"wp","href":"https:\/\/api.w.org\/{rel}","templated":true}]}}