{"id":11569,"date":"2024-05-31T07:20:00","date_gmt":"2024-05-31T05:20:00","guid":{"rendered":"https:\/\/www.ebroresilience.com\/?p=11569"},"modified":"2024-05-30T15:26:04","modified_gmt":"2024-05-30T13:26:04","slug":"information-session-on-adaptation-to-flooding-in-the-osera-de-ebro-fuentes-de-ebro-section","status":"publish","type":"post","link":"https:\/\/www.ebroresilience.com\/en\/information-session-on-adaptation-to-flooding-in-the-osera-de-ebro-fuentes-de-ebro-section\/","title":{"rendered":"Information session on adaptation to flooding in the Osera de Ebro-Fuentes de Ebro section."},"content":{"rendered":"\t\t<div data-elementor-type=\"wp-post\" data-elementor-id=\"11569\" class=\"elementor elementor-11569 elementor-11528\" data-elementor-post-type=\"post\">\n\t\t\t\t\t\t<section class=\"elementor-section elementor-top-section elementor-element elementor-element-ef45d5b elementor-section-boxed elementor-section-height-default elementor-section-height-default\" data-id=\"ef45d5b\" data-element_type=\"section\" data-e-type=\"section\">\n\t\t\t\t\t\t<div class=\"elementor-container elementor-column-gap-default\">\n\t\t\t\t\t<div class=\"elementor-column elementor-col-100 elementor-top-column elementor-element elementor-element-809ca8c\" data-id=\"809ca8c\" data-element_type=\"column\" data-e-type=\"column\">\n\t\t\t<div class=\"elementor-widget-wrap elementor-element-populated\">\n\t\t\t\t\t\t<div class=\"elementor-element elementor-element-7033804 elementor-widget elementor-widget-text-editor\" data-id=\"7033804\" data-element_type=\"widget\" data-e-type=\"widget\" data-widget_type=\"text-editor.default\">\n\t\t\t\t<div class=\"elementor-widget-container\">\n\t\t\t\t\t\t\t\t\t<p>New informative action of the Project&#8217;s actions. On May 27th, LIFE Ebro Resilience P1 and the Comunidad de Regantes de la Huerta del Ebro organized a public conference to present the actions for adaptation to flooding of agricultural areas in the Osera de Ebro and Fuentes de Ebro (Zaragoza) section. The mayors of Fuentes de Ebro, Osera de Ebro, Quinto and Pina de Ebro attended this session, which included technical explanations and information on the public participation process that is being developed.  <\/p>\n<p>The projected intervention, of which the attendees were informed,  <strong>is 55% financed by the European Commission, through the LIFE Program, and the remaining 45% by the central (Ministry for Ecological Transition and Demographic Challenge, through the Ebro Hydrographic Confederation) and regional (Government of Aragon) administrations,<\/strong>  part of the partners of this LIFE Project.<\/p>\n<p>The adaptation will be carried out by implementing lateral flow buffer zones, an innovative proposal that involves compartmentalizing 350 ha of the Ebro huerta into areas that will be pre-flooded in a controlled manner during episodes of extraordinary flooding, generating water buffers that will minimize damage to farms and infrastructure when there is a generalized overflow.<\/p><\/p>\n\t\t\t\t\t\t\t\t<\/div>\n\t\t\t\t<\/div>\n\t\t\t\t\t<\/div>\n\t\t<\/div>\n\t\t\t\t\t<\/div>\n\t\t<\/section>\n\t\t\t\t<section class=\"elementor-section elementor-top-section elementor-element elementor-element-2591285 elementor-section-boxed elementor-section-height-default elementor-section-height-default\" data-id=\"2591285\" data-element_type=\"section\" data-e-type=\"section\">\n\t\t\t\t\t\t<div class=\"elementor-container elementor-column-gap-default\">\n\t\t\t\t\t<div class=\"elementor-column elementor-col-100 elementor-top-column elementor-element elementor-element-b3647f8\" data-id=\"b3647f8\" data-element_type=\"column\" data-e-type=\"column\">\n\t\t\t<div class=\"elementor-widget-wrap elementor-element-populated\">\n\t\t\t\t\t\t<div class=\"elementor-element elementor-element-338146b elementor-widget elementor-widget-image\" data-id=\"338146b\" data-element_type=\"widget\" data-e-type=\"widget\" data-widget_type=\"image.default\">\n\t\t\t\t<div class=\"elementor-widget-container\">\n\t\t\t\t\t\t\t\t\t\t\t\t<figure class=\"wp-caption\">\n\t\t\t\t\t\t\t\t\t\t<img fetchpriority=\"high\" decoding=\"async\" width=\"909\" height=\"739\" src=\"https:\/\/www.ebroresilience.com\/wp-content\/uploads\/2024\/05\/ZONAS-DE-AMORTIGUACION-PROYECTADAS-MAYO-2024.jpg\" class=\"attachment-large size-large wp-image-11552\" alt=\"ZONAS DE AMORTIGUACI\u00d3N PROYECTADAS MAYO 2024\" srcset=\"https:\/\/www.ebroresilience.com\/wp-content\/uploads\/2024\/05\/ZONAS-DE-AMORTIGUACION-PROYECTADAS-MAYO-2024.jpg 909w, https:\/\/www.ebroresilience.com\/wp-content\/uploads\/2024\/05\/ZONAS-DE-AMORTIGUACION-PROYECTADAS-MAYO-2024-300x244.jpg 300w, https:\/\/www.ebroresilience.com\/wp-content\/uploads\/2024\/05\/ZONAS-DE-AMORTIGUACION-PROYECTADAS-MAYO-2024-768x624.jpg 768w, https:\/\/www.ebroresilience.com\/wp-content\/uploads\/2024\/05\/ZONAS-DE-AMORTIGUACION-PROYECTADAS-MAYO-2024-180x146.jpg 180w, https:\/\/www.ebroresilience.com\/wp-content\/uploads\/2024\/05\/ZONAS-DE-AMORTIGUACION-PROYECTADAS-MAYO-2024-50x41.jpg 50w, https:\/\/www.ebroresilience.com\/wp-content\/uploads\/2024\/05\/ZONAS-DE-AMORTIGUACION-PROYECTADAS-MAYO-2024-92x75.jpg 92w\" sizes=\"(max-width:767px) 480px, (max-width:909px) 100vw, 909px\" \/>\t\t\t\t\t\t\t\t\t\t\t<figcaption class=\"widget-image-caption wp-caption-text\">ZONAS DE AMORTIGUACI\u00d3N PROYECTADAS MAYO 2024<\/figcaption>\n\t\t\t\t\t\t\t\t\t\t<\/figure>\n\t\t\t\t\t\t\t\t\t<\/div>\n\t\t\t\t<\/div>\n\t\t\t\t\t<\/div>\n\t\t<\/div>\n\t\t\t\t\t<\/div>\n\t\t<\/section>\n\t\t\t\t<section class=\"elementor-section elementor-top-section elementor-element elementor-element-f41f12e elementor-section-boxed elementor-section-height-default elementor-section-height-default\" data-id=\"f41f12e\" data-element_type=\"section\" data-e-type=\"section\">\n\t\t\t\t\t\t<div class=\"elementor-container elementor-column-gap-default\">\n\t\t\t\t\t<div class=\"elementor-column elementor-col-100 elementor-top-column elementor-element elementor-element-b77300b\" data-id=\"b77300b\" data-element_type=\"column\" data-e-type=\"column\">\n\t\t\t<div class=\"elementor-widget-wrap elementor-element-populated\">\n\t\t\t\t\t\t<div class=\"elementor-element elementor-element-a159373 elementor-widget elementor-widget-text-editor\" data-id=\"a159373\" data-element_type=\"widget\" data-e-type=\"widget\" data-widget_type=\"text-editor.default\">\n\t\t\t\t<div class=\"elementor-widget-container\">\n\t\t\t\t\t\t\t\t\t<p>The overall intervention will also increase the capacity of the riverbed, delaying as much as possible overflowing onto the farms. This will be achieved by widening the channel in the two narrowest areas of the channelization, moving the current levees further away from the river. In addition, the irrigation system is being adapted to the passage of overflowing water by burying the main irrigation ditches and moving them to less vulnerable areas. The latter works are being carried out by the Government of Aragon and the rest will be carried out by the Ebro Hydrographic Confederation.<\/p>\n<p>The ultimate objective of these actions is to ensure that, after an extraordinary flood event, normality is restored as quickly as possible and at the lowest possible cost.<\/p>\n\t\t\t\t\t\t\t\t<\/div>\n\t\t\t\t<\/div>\n\t\t\t\t\t<\/div>\n\t\t<\/div>\n\t\t\t\t\t<\/div>\n\t\t<\/section>\n\t\t\t\t<section class=\"elementor-section elementor-top-section elementor-element elementor-element-992fa34 elementor-section-boxed elementor-section-height-default elementor-section-height-default\" data-id=\"992fa34\" data-element_type=\"section\" data-e-type=\"section\">\n\t\t\t\t\t\t<div class=\"elementor-container elementor-column-gap-default\">\n\t\t\t\t\t<div class=\"elementor-column elementor-col-33 elementor-top-column elementor-element elementor-element-593f469\" data-id=\"593f469\" data-element_type=\"column\" data-e-type=\"column\">\n\t\t\t<div class=\"elementor-widget-wrap elementor-element-populated\">\n\t\t\t\t\t\t<div class=\"elementor-element elementor-element-d97a59b elementor-widget elementor-widget-image\" data-id=\"d97a59b\" data-element_type=\"widget\" data-e-type=\"widget\" data-widget_type=\"image.default\">\n\t\t\t\t<div class=\"elementor-widget-container\">\n\t\t\t\t\t\t\t\t\t\t\t\t<figure class=\"wp-caption\">\n\t\t\t\t\t\t\t\t\t\t<img decoding=\"async\" width=\"1024\" height=\"768\" src=\"https:\/\/www.ebroresilience.com\/wp-content\/uploads\/2024\/05\/sesion-publica-2-1024x768.jpeg\" class=\"attachment-large size-large wp-image-11554\" alt=\"Sesi\u00f3n p\u00fablica explicaci\u00f3n del contexto de la intervenci\u00f3n a cargo de David Gargantilla\" srcset=\"https:\/\/www.ebroresilience.com\/wp-content\/uploads\/2024\/05\/sesion-publica-2-1024x768.jpeg 1024w, https:\/\/www.ebroresilience.com\/wp-content\/uploads\/2024\/05\/sesion-publica-2-300x225.jpeg 300w, https:\/\/www.ebroresilience.com\/wp-content\/uploads\/2024\/05\/sesion-publica-2-768x576.jpeg 768w, https:\/\/www.ebroresilience.com\/wp-content\/uploads\/2024\/05\/sesion-publica-2-1536x1152.jpeg 1536w, https:\/\/www.ebroresilience.com\/wp-content\/uploads\/2024\/05\/sesion-publica-2-195x146.jpeg 195w, https:\/\/www.ebroresilience.com\/wp-content\/uploads\/2024\/05\/sesion-publica-2-50x38.jpeg 50w, https:\/\/www.ebroresilience.com\/wp-content\/uploads\/2024\/05\/sesion-publica-2-100x75.jpeg 100w, https:\/\/www.ebroresilience.com\/wp-content\/uploads\/2024\/05\/sesion-publica-2-960x720.jpeg 960w, https:\/\/www.ebroresilience.com\/wp-content\/uploads\/2024\/05\/sesion-publica-2.jpeg 2048w\" sizes=\"(max-width:767px) 480px, (max-width:1024px) 100vw, 1024px\" \/>\t\t\t\t\t\t\t\t\t\t\t<figcaption class=\"widget-image-caption wp-caption-text\">Sesi\u00f3n p\u00fablica explicaci\u00f3n del contexto de la intervenci\u00f3n a cargo de David Gargantilla<\/figcaption>\n\t\t\t\t\t\t\t\t\t\t<\/figure>\n\t\t\t\t\t\t\t\t\t<\/div>\n\t\t\t\t<\/div>\n\t\t\t\t\t<\/div>\n\t\t<\/div>\n\t\t\t\t<div class=\"elementor-column elementor-col-33 elementor-top-column elementor-element elementor-element-b6c7c2c\" data-id=\"b6c7c2c\" data-element_type=\"column\" data-e-type=\"column\">\n\t\t\t<div class=\"elementor-widget-wrap elementor-element-populated\">\n\t\t\t\t\t\t<div class=\"elementor-element elementor-element-d0a3602 elementor-widget elementor-widget-image\" data-id=\"d0a3602\" data-element_type=\"widget\" data-e-type=\"widget\" data-widget_type=\"image.default\">\n\t\t\t\t<div class=\"elementor-widget-container\">\n\t\t\t\t\t\t\t\t\t\t\t\t<figure class=\"wp-caption\">\n\t\t\t\t\t\t\t\t\t\t<img decoding=\"async\" width=\"1024\" height=\"768\" src=\"https:\/\/www.ebroresilience.com\/wp-content\/uploads\/2024\/05\/sesion-publica-4-1024x768.jpeg\" class=\"attachment-large size-large wp-image-11556\" alt=\"Explicaci\u00f3n del proceso de participaci\u00f3n desarrollado sobre la intervenci\u00f3n, a cargo de Alba Ballester\" srcset=\"https:\/\/www.ebroresilience.com\/wp-content\/uploads\/2024\/05\/sesion-publica-4-1024x768.jpeg 1024w, https:\/\/www.ebroresilience.com\/wp-content\/uploads\/2024\/05\/sesion-publica-4-300x225.jpeg 300w, https:\/\/www.ebroresilience.com\/wp-content\/uploads\/2024\/05\/sesion-publica-4-768x576.jpeg 768w, https:\/\/www.ebroresilience.com\/wp-content\/uploads\/2024\/05\/sesion-publica-4-1536x1152.jpeg 1536w, https:\/\/www.ebroresilience.com\/wp-content\/uploads\/2024\/05\/sesion-publica-4-195x146.jpeg 195w, https:\/\/www.ebroresilience.com\/wp-content\/uploads\/2024\/05\/sesion-publica-4-50x38.jpeg 50w, https:\/\/www.ebroresilience.com\/wp-content\/uploads\/2024\/05\/sesion-publica-4-100x75.jpeg 100w, https:\/\/www.ebroresilience.com\/wp-content\/uploads\/2024\/05\/sesion-publica-4-960x720.jpeg 960w, https:\/\/www.ebroresilience.com\/wp-content\/uploads\/2024\/05\/sesion-publica-4.jpeg 2048w\" sizes=\"(max-width:767px) 480px, (max-width:1024px) 100vw, 1024px\" \/>\t\t\t\t\t\t\t\t\t\t\t<figcaption class=\"widget-image-caption wp-caption-text\">Explicaci\u00f3n del proceso de participaci\u00f3n desarrollado sobre la intervenci\u00f3n, a cargo de Alba Ballester<\/figcaption>\n\t\t\t\t\t\t\t\t\t\t<\/figure>\n\t\t\t\t\t\t\t\t\t<\/div>\n\t\t\t\t<\/div>\n\t\t\t\t\t<\/div>\n\t\t<\/div>\n\t\t\t\t<div class=\"elementor-column elementor-col-33 elementor-top-column elementor-element elementor-element-cf412e0\" data-id=\"cf412e0\" data-element_type=\"column\" data-e-type=\"column\">\n\t\t\t<div class=\"elementor-widget-wrap elementor-element-populated\">\n\t\t\t\t\t\t<div class=\"elementor-element elementor-element-e8252f9 elementor-widget elementor-widget-image\" data-id=\"e8252f9\" data-element_type=\"widget\" data-e-type=\"widget\" data-widget_type=\"image.default\">\n\t\t\t\t<div class=\"elementor-widget-container\">\n\t\t\t\t\t\t\t\t\t\t\t\t<figure class=\"wp-caption\">\n\t\t\t\t\t\t\t\t\t\t<img loading=\"lazy\" decoding=\"async\" width=\"1024\" height=\"768\" src=\"https:\/\/www.ebroresilience.com\/wp-content\/uploads\/2024\/05\/sesion-publica-3-1024x768.jpeg\" class=\"attachment-large size-large wp-image-11560\" alt=\"Adelanto del calendario de visitas de campo en las zonas de intervenci\u00f3n a cargo de Tatiana Garza\" srcset=\"https:\/\/www.ebroresilience.com\/wp-content\/uploads\/2024\/05\/sesion-publica-3-1024x768.jpeg 1024w, https:\/\/www.ebroresilience.com\/wp-content\/uploads\/2024\/05\/sesion-publica-3-300x225.jpeg 300w, https:\/\/www.ebroresilience.com\/wp-content\/uploads\/2024\/05\/sesion-publica-3-768x576.jpeg 768w, https:\/\/www.ebroresilience.com\/wp-content\/uploads\/2024\/05\/sesion-publica-3-1536x1152.jpeg 1536w, https:\/\/www.ebroresilience.com\/wp-content\/uploads\/2024\/05\/sesion-publica-3-195x146.jpeg 195w, https:\/\/www.ebroresilience.com\/wp-content\/uploads\/2024\/05\/sesion-publica-3-50x38.jpeg 50w, https:\/\/www.ebroresilience.com\/wp-content\/uploads\/2024\/05\/sesion-publica-3-100x75.jpeg 100w, https:\/\/www.ebroresilience.com\/wp-content\/uploads\/2024\/05\/sesion-publica-3-960x720.jpeg 960w, https:\/\/www.ebroresilience.com\/wp-content\/uploads\/2024\/05\/sesion-publica-3.jpeg 2048w\" sizes=\"(max-width:767px) 480px, (max-width:1024px) 100vw, 1024px\" \/>\t\t\t\t\t\t\t\t\t\t\t<figcaption class=\"widget-image-caption wp-caption-text\">Adelanto del calendario de visitas de campo en las zonas de intervenci\u00f3n a cargo de Tatiana Garza<\/figcaption>\n\t\t\t\t\t\t\t\t\t\t<\/figure>\n\t\t\t\t\t\t\t\t\t<\/div>\n\t\t\t\t<\/div>\n\t\t\t\t\t<\/div>\n\t\t<\/div>\n\t\t\t\t\t<\/div>\n\t\t<\/section>\n\t\t\t\t<section class=\"elementor-section elementor-top-section elementor-element elementor-element-aa1cb97 elementor-section-boxed elementor-section-height-default elementor-section-height-default\" data-id=\"aa1cb97\" data-element_type=\"section\" data-e-type=\"section\">\n\t\t\t\t\t\t<div class=\"elementor-container elementor-column-gap-default\">\n\t\t\t\t\t<div class=\"elementor-column elementor-col-100 elementor-top-column elementor-element elementor-element-049e192\" data-id=\"049e192\" data-element_type=\"column\" data-e-type=\"column\">\n\t\t\t<div class=\"elementor-widget-wrap elementor-element-populated\">\n\t\t\t\t\t\t<div class=\"elementor-element elementor-element-3a0aff8 elementor-widget elementor-widget-text-editor\" data-id=\"3a0aff8\" data-element_type=\"widget\" data-e-type=\"widget\" data-widget_type=\"text-editor.default\">\n\t\t\t\t<div class=\"elementor-widget-container\">\n\t\t\t\t\t\t\t\t\t<p><strong>Public participation <\/strong><\/p>\n<p>The proposed action has been defined on the basis of a detailed technical study using the most advanced technology available at the time and with the participation of stakeholders in the territory.<\/p>\n<p>The deliberative process started in 2021 and intensified at the end of 2022 with the creation of a stable participation group between technicians, municipal representatives and representatives of the Irrigation Community. In addition, other actions have been carried out such as field visits and guided tours with stakeholders and the general population.<\/p>\n<p>During the month of June, visits to the area of action are planned in order to agree on the final design of the works with the owners of the properties in the intervention area.<\/p>\n\t\t\t\t\t\t\t\t<\/div>\n\t\t\t\t<\/div>\n\t\t\t\t\t<\/div>\n\t\t<\/div>\n\t\t\t\t\t<\/div>\n\t\t<\/section>\n\t\t\t\t<section class=\"elementor-section elementor-top-section elementor-element elementor-element-79f54f1 elementor-section-boxed elementor-section-height-default elementor-section-height-default\" data-id=\"79f54f1\" data-element_type=\"section\" data-e-type=\"section\">\n\t\t\t\t\t\t<div class=\"elementor-container elementor-column-gap-default\">\n\t\t\t\t\t<div class=\"elementor-column elementor-col-50 elementor-top-column elementor-element elementor-element-d543a00\" data-id=\"d543a00\" data-element_type=\"column\" data-e-type=\"column\">\n\t\t\t<div class=\"elementor-widget-wrap elementor-element-populated\">\n\t\t\t\t\t\t<div class=\"elementor-element elementor-element-d9efdfb elementor-widget elementor-widget-image\" data-id=\"d9efdfb\" data-element_type=\"widget\" data-e-type=\"widget\" data-widget_type=\"image.default\">\n\t\t\t\t<div class=\"elementor-widget-container\">\n\t\t\t\t\t\t\t\t\t\t\t\t\t\t\t<img loading=\"lazy\" decoding=\"async\" width=\"1024\" height=\"768\" src=\"https:\/\/www.ebroresilience.com\/wp-content\/uploads\/2024\/05\/participacion-de-Fuentes-de-Ebro-1024x768.jpg\" class=\"attachment-large size-large wp-image-11562\" alt=\"\" srcset=\"https:\/\/www.ebroresilience.com\/wp-content\/uploads\/2024\/05\/participacion-de-Fuentes-de-Ebro-1024x768.jpg 1024w, https:\/\/www.ebroresilience.com\/wp-content\/uploads\/2024\/05\/participacion-de-Fuentes-de-Ebro-300x225.jpg 300w, https:\/\/www.ebroresilience.com\/wp-content\/uploads\/2024\/05\/participacion-de-Fuentes-de-Ebro-768x576.jpg 768w, https:\/\/www.ebroresilience.com\/wp-content\/uploads\/2024\/05\/participacion-de-Fuentes-de-Ebro-1536x1152.jpg 1536w, https:\/\/www.ebroresilience.com\/wp-content\/uploads\/2024\/05\/participacion-de-Fuentes-de-Ebro-2048x1536.jpg 2048w, https:\/\/www.ebroresilience.com\/wp-content\/uploads\/2024\/05\/participacion-de-Fuentes-de-Ebro-195x146.jpg 195w, https:\/\/www.ebroresilience.com\/wp-content\/uploads\/2024\/05\/participacion-de-Fuentes-de-Ebro-50x38.jpg 50w, https:\/\/www.ebroresilience.com\/wp-content\/uploads\/2024\/05\/participacion-de-Fuentes-de-Ebro-100x75.jpg 100w, https:\/\/www.ebroresilience.com\/wp-content\/uploads\/2024\/05\/participacion-de-Fuentes-de-Ebro-960x720.jpg 960w\" sizes=\"(max-width:767px) 480px, (max-width:1024px) 100vw, 1024px\" \/>\t\t\t\t\t\t\t\t\t\t\t\t\t\t\t<\/div>\n\t\t\t\t<\/div>\n\t\t\t\t\t<\/div>\n\t\t<\/div>\n\t\t\t\t<div class=\"elementor-column elementor-col-50 elementor-top-column elementor-element elementor-element-315b28e\" data-id=\"315b28e\" data-element_type=\"column\" data-e-type=\"column\">\n\t\t\t<div class=\"elementor-widget-wrap elementor-element-populated\">\n\t\t\t\t\t\t<div class=\"elementor-element elementor-element-b0fc1a2 elementor-widget elementor-widget-image\" data-id=\"b0fc1a2\" data-element_type=\"widget\" data-e-type=\"widget\" data-widget_type=\"image.default\">\n\t\t\t\t<div class=\"elementor-widget-container\">\n\t\t\t\t\t\t\t\t\t\t\t\t\t\t\t<img loading=\"lazy\" decoding=\"async\" width=\"1024\" height=\"576\" src=\"https:\/\/www.ebroresilience.com\/wp-content\/uploads\/2024\/05\/participacion-de-Fuentes-de-Ebro-2-1024x576.jpg\" class=\"attachment-large size-large wp-image-11564\" alt=\"\" srcset=\"https:\/\/www.ebroresilience.com\/wp-content\/uploads\/2024\/05\/participacion-de-Fuentes-de-Ebro-2-1024x576.jpg 1024w, https:\/\/www.ebroresilience.com\/wp-content\/uploads\/2024\/05\/participacion-de-Fuentes-de-Ebro-2-300x169.jpg 300w, https:\/\/www.ebroresilience.com\/wp-content\/uploads\/2024\/05\/participacion-de-Fuentes-de-Ebro-2-768x432.jpg 768w, https:\/\/www.ebroresilience.com\/wp-content\/uploads\/2024\/05\/participacion-de-Fuentes-de-Ebro-2-1536x864.jpg 1536w, https:\/\/www.ebroresilience.com\/wp-content\/uploads\/2024\/05\/participacion-de-Fuentes-de-Ebro-2-2048x1152.jpg 2048w, https:\/\/www.ebroresilience.com\/wp-content\/uploads\/2024\/05\/participacion-de-Fuentes-de-Ebro-2-260x146.jpg 260w, https:\/\/www.ebroresilience.com\/wp-content\/uploads\/2024\/05\/participacion-de-Fuentes-de-Ebro-2-50x28.jpg 50w, https:\/\/www.ebroresilience.com\/wp-content\/uploads\/2024\/05\/participacion-de-Fuentes-de-Ebro-2-133x75.jpg 133w\" sizes=\"(max-width:767px) 480px, (max-width:1024px) 100vw, 1024px\" \/>\t\t\t\t\t\t\t\t\t\t\t\t\t\t\t<\/div>\n\t\t\t\t<\/div>\n\t\t\t\t\t<\/div>\n\t\t<\/div>\n\t\t\t\t\t<\/div>\n\t\t<\/section>\n\t\t\t\t<\/div>\n\t\t","protected":false},"excerpt":{"rendered":"<p>The LIFE Ebro Resilience P1 Project organized a conference, mainly aimed at stakeholders of the Irrigation Community of La Huerta del Ebro, to inform about the measures proposed to reduce damage in extraordinary floods and that have European funding and the state and regional administrations.<\/p>\n","protected":false},"author":5,"featured_media":0,"comment_status":"closed","ping_status":"closed","sticky":false,"template":"","format":"standard","meta":{"_acf_changed":false,"ngg_post_thumbnail":0,"footnotes":""},"categories":[377,369],"tags":[387,378,399,398,381,379],"class_list":["post-11569","post","type-post","status-publish","format-standard","hentry","category-life-en","category-news","tag-ebro-en","tag-ebro-resilience-en","tag-ebro-springs","tag-flood","tag-life-ebro-resilience-p1-en","tag-restoration"],"acf":[],"publishpress_future_action":{"enabled":false,"date":"2026-05-06 20:55:57","action":"change-status","newStatus":"draft","terms":[],"taxonomy":"category","extraData":[]},"publishpress_future_workflow_manual_trigger":{"enabledWorkflows":[]},"_links":{"self":[{"href":"https:\/\/www.ebroresilience.com\/en\/wp-json\/wp\/v2\/posts\/11569","targetHints":{"allow":["GET"]}}],"collection":[{"href":"https:\/\/www.ebroresilience.com\/en\/wp-json\/wp\/v2\/posts"}],"about":[{"href":"https:\/\/www.ebroresilience.com\/en\/wp-json\/wp\/v2\/types\/post"}],"author":[{"embeddable":true,"href":"https:\/\/www.ebroresilience.com\/en\/wp-json\/wp\/v2\/users\/5"}],"replies":[{"embeddable":true,"href":"https:\/\/www.ebroresilience.com\/en\/wp-json\/wp\/v2\/comments?post=11569"}],"version-history":[{"count":3,"href":"https:\/\/www.ebroresilience.com\/en\/wp-json\/wp\/v2\/posts\/11569\/revisions"}],"predecessor-version":[{"id":11572,"href":"https:\/\/www.ebroresilience.com\/en\/wp-json\/wp\/v2\/posts\/11569\/revisions\/11572"}],"wp:attachment":[{"href":"https:\/\/www.ebroresilience.com\/en\/wp-json\/wp\/v2\/media?parent=11569"}],"wp:term":[{"taxonomy":"category","embeddable":true,"href":"https:\/\/www.ebroresilience.com\/en\/wp-json\/wp\/v2\/categories?post=11569"},{"taxonomy":"post_tag","embeddable":true,"href":"https:\/\/www.ebroresilience.com\/en\/wp-json\/wp\/v2\/tags?post=11569"}],"curies":[{"name":"wp","href":"https:\/\/api.w.org\/{rel}","templated":true}]}}